{"id":2218,"date":"2023-06-04T18:07:10","date_gmt":"2023-06-04T21:07:10","guid":{"rendered":"https:\/\/universofamilia.com\/?p=2218"},"modified":"2023-06-04T18:07:10","modified_gmt":"2023-06-04T21:07:10","slug":"meu-bebe-dorme-mal","status":"publish","type":"post","link":"https:\/\/universofamilia.com\/da\/meu-bebe-dorme-mal\/","title":{"rendered":"Min baby sover d\u00e5rligt"},"content":{"rendered":"<p>Min baby sover d\u00e5rligt. Se 5 almindelige fejl, du b\u00f8r undg\u00e5. Hvis du er far eller mor til en baby, har du sikkert oplevet s\u00f8vnl\u00f8se n\u00e6tter og spekulerer p\u00e5, hvad du g\u00f8r forkert.<\/p>\n\n\n\n<p>Sandheden er, at det kan v\u00e6re en udfordring at have to babyer, og mange lande beg\u00e5r almindelige fejl, der kan p\u00e5virke kvaliteten af babyens lyd. Derfor vil vi i denne artikel diskutere fem almindelige fejl, som du b\u00f8r undg\u00e5 for at hj\u00e6lpe din baby med at sove bedre.<\/p>\n\n\n\n<h3 class=\"wp-block-heading\">Se ogs\u00e5:<\/h3>\n\n\n\n<p><a href=\"https:\/\/universofamilia.com\/da\/como-aliviar-as-colicas-do-bebe\/\" target=\"_blank\" rel=\"noreferrer noopener\">S\u00e5dan lindrer du babykolik<\/a><\/p>\n\n\n\n<p><a href=\"https:\/\/universofamilia.com\/da\/por-que-os-bebes-se-assustam-tanto\/\" target=\"_blank\" rel=\"noreferrer noopener\">Hvorfor bliver babyer s\u00e5 bange?<\/a><\/p>\n\n\n\n<p><a href=\"https:\/\/universofamilia.com\/da\/dicas-de-seguranca-para-o-sono-do-bebe-escolha-do-local-posicao-colchao-e-muito-mais\/\" target=\"_blank\" rel=\"noreferrer noopener\">Sikkerhedsinstruktioner til babyens s\u00f8n: sikkert sted, stilling, madras og meget mere.<\/a><\/p>\n\n\n<div class=\"wp-block-image\">\n<figure class=\"aligncenter size-full\"><img loading=\"lazy\" decoding=\"async\" width=\"800\" height=\"560\" src=\"http:\/\/universofamilia.com\/wp-content\/uploads\/sites\/148\/2023\/06\/POST-BEBE-NAO-DORME-BEM-UNIVERSO-FAMILIA.png\" alt=\"\" class=\"wp-image-2220\" srcset=\"https:\/\/universofamilia.com\/wp-content\/uploads\/sites\/148\/2023\/06\/POST-BEBE-NAO-DORME-BEM-UNIVERSO-FAMILIA.png 800w, https:\/\/universofamilia.com\/wp-content\/uploads\/sites\/148\/2023\/06\/POST-BEBE-NAO-DORME-BEM-UNIVERSO-FAMILIA-300x210.png 300w, https:\/\/universofamilia.com\/wp-content\/uploads\/sites\/148\/2023\/06\/POST-BEBE-NAO-DORME-BEM-UNIVERSO-FAMILIA-768x538.png 768w\" sizes=\"(max-width: 800px) 100vw, 800px\" \/><\/figure><\/div>\n\n\n<h4 class=\"wp-block-heading\">1. Etabler en roterende maskine best\u00e5ende af sono<\/h4>\n\n\n\n<p>En af hoved\u00e5rsagerne til, at babyer har sv\u00e6rt ved at sove, er manglen p\u00e5 en fast s\u00f8vnrutine.<\/p>\n\n\n\n<p>Det er vigtigt at etablere regelm\u00e6ssige sengetidsplaner og aftalte tidspunkter. Dette hj\u00e6lper babyen med at regulere sit indre ur og fremmer en roligere lyd. Undg\u00e5 drastisk at \u00e6ndre din babys s\u00f8vnplan, da dette kan forvirre din baby og g\u00f8re den sv\u00e6r at h\u00f8re.<\/p>\n\n\n\n<h4 class=\"wp-block-heading\">2\u00ba Skab et milj\u00f8, der er gunstigt for lyd<\/h4>\n\n\n<div class=\"wp-block-image\">\n<figure class=\"aligncenter size-full\"><img loading=\"lazy\" decoding=\"async\" width=\"800\" height=\"560\" src=\"http:\/\/universofamilia.com\/wp-content\/uploads\/sites\/148\/2023\/06\/POST-BEBE-NAO-DORME-BEM-UNIVERSO-FAMILIA-2.png\" alt=\"\" class=\"wp-image-2223\" srcset=\"https:\/\/universofamilia.com\/wp-content\/uploads\/sites\/148\/2023\/06\/POST-BEBE-NAO-DORME-BEM-UNIVERSO-FAMILIA-2.png 800w, https:\/\/universofamilia.com\/wp-content\/uploads\/sites\/148\/2023\/06\/POST-BEBE-NAO-DORME-BEM-UNIVERSO-FAMILIA-2-300x210.png 300w, https:\/\/universofamilia.com\/wp-content\/uploads\/sites\/148\/2023\/06\/POST-BEBE-NAO-DORME-BEM-UNIVERSO-FAMILIA-2-768x538.png 768w\" sizes=\"(max-width: 800px) 100vw, 800px\" \/><\/figure><\/div>\n\n\n<p>En anden almindelig fejl er ikke at skabe et passende milj\u00f8 til din babys lyde. S\u00f8rg for, at rummet er m\u00f8rkt, stille og har en behagelig temperatur.<\/p>\n\n\n\n<p>Brug derfor m\u00f8rkl\u00e6gningsgardiner til at blokere for overskydende lys, og overvej at bruge hvid st\u00f8j, s\u00e5som en ventilator eller et solarium, til at overd\u00f8ve ekstern st\u00f8j. Et roligt og afslappende milj\u00f8 hj\u00e6lper babyen med at slappe af og falde i s\u00f8vn lettere.<\/p>\n\n\n\n<h4 class=\"wp-block-heading\">3\u00ba Undg\u00e5 stimuli f\u00f8r sengetid<\/h4>\n\n\n\n<p>Mange lande beg\u00e5r den fejl at uds\u00e6tte deres babyer for intense stimuli f\u00f8r sengetid. Rystende hop, skarpt lys og stoffer fra elektroniske apparater kan g\u00f8re det sv\u00e6rt for din baby at h\u00f8re.<\/p>\n\n\n\n<p>Det er dog vigtigt at skabe en afslappende rutine inden sengetid og undg\u00e5 st\u00e6rke stimuli. M\u00f8rke bade, blide massager og rolige historier er gode muligheder for at berolige din baby inden sengetid.<\/p>\n\n\n\n<h4 class=\"wp-block-heading\">4. Pol\u00e9r ikke sangene<\/h4>\n\n\n\n<p>Mange lande tror, at det at spille babyens sange i l\u00f8bet af dagen vil g\u00f8re ham mere tr\u00e6t og sove bedre om natten. Nej, det er en fejltagelse. Babyer har brug for regelm\u00e6ssig s\u00f8vn i l\u00f8bet af dagen for at hvile og genoplade deres energi.<\/p>\n\n\n\n<p>Hvis din baby er meget tr\u00e6t, kan det v\u00e6re sv\u00e6rt at falde i s\u00f8vn, og dit barn kan lyde mere fragmenteret om natten. Etabler derfor en rutine med sonecas i l\u00f8bet af dagen, hvor du respekterer din babys behov.<\/p>\n\n\n\n<h4 class=\"wp-block-heading\">5\u00ba Giv ikke efter for hverdagskost<\/h4>\n\n\n<div class=\"wp-block-image\">\n<figure class=\"aligncenter size-full\"><img loading=\"lazy\" decoding=\"async\" width=\"800\" height=\"560\" src=\"http:\/\/universofamilia.com\/wp-content\/uploads\/sites\/148\/2023\/06\/POST-BEBE-NAO-DORME-BEM-UNIVERSO-FAMILIA-1-1.png\" alt=\"\" class=\"wp-image-2222\" srcset=\"https:\/\/universofamilia.com\/wp-content\/uploads\/sites\/148\/2023\/06\/POST-BEBE-NAO-DORME-BEM-UNIVERSO-FAMILIA-1-1.png 800w, https:\/\/universofamilia.com\/wp-content\/uploads\/sites\/148\/2023\/06\/POST-BEBE-NAO-DORME-BEM-UNIVERSO-FAMILIA-1-1-300x210.png 300w, https:\/\/universofamilia.com\/wp-content\/uploads\/sites\/148\/2023\/06\/POST-BEBE-NAO-DORME-BEM-UNIVERSO-FAMILIA-1-1-768x538.png 768w\" sizes=\"(max-width: 800px) 100vw, 800px\" \/><\/figure><\/div>\n\n\n<p>Det er normalt, at babyer kommer sammen om natten og sover, men det betyder ikke, at de skal tages h\u00e5nd om med det samme. Mange lande beg\u00e5r den fejl at reagere p\u00e5 enhver babys behov, hvilket kan f\u00f8re til overdreven afh\u00e6ngighed.<\/p>\n\n\n\n<p>Inden du g\u00e5r ind p\u00e5 babyens v\u00e6relse, s\u00e5 vent et par minutter for at se, om babyen falder til ro af sig selv.<\/p>\n\n\n\n<p>Mange gange har babyer sm\u00e5 opv\u00e5gninger i l\u00f8bet af natten, men de vil klare at l\u00f8se det af sig selv og falde i s\u00f8vn igen inden for kort tid. Ved at vente et par minutter, f\u00f8r du griber ind, giver du babyen en chance for at udvikle sine sunde selvreguleringsevner.<\/p>\n\n\n\n<p>Adgang ogs\u00e5: <a href=\"https:\/\/www.luzbaby.com.br\/\" target=\"_blank\" rel=\"noreferrer noopener\">A Luz Baby er en af de bedste butikker med babyprodukter. Klik her.<\/a><\/p>\n\n\n\n<h4 class=\"wp-block-heading\">Konklusion:<\/h4>\n\n\n\n<p>Det kan v\u00e6re en udfordring for dit land at have to babyer, men at undg\u00e5 almindelige fejl kan hj\u00e6lpe med at forbedre kvaliteten af dit barns s\u00f8n.<\/p>\n\n\n\n<p>Etabler en fast s\u00f8vnrutine, skab et milj\u00f8, der fremmer s\u00f8vn, undg\u00e5 stimuli f\u00f8r du g\u00e5r i seng, fokuser ikke p\u00e5 s\u00f8vn og giv ikke efter for hver eneste nattepligt, kun vigtige \u00f8velser, der skal l\u00e6res.<\/p>\n\n\n\n<p>Husk at hver baby er unik og kan kr\u00e6ve justeringer i tilgangen, men disse retningslinjer er et godt udgangspunkt for at hj\u00e6lpe din baby med at sove bedre.<\/p>\n\n\n\n<p>Al\u00e9m disso, lembre-se que a paci\u00eancia ea konsistens s\u00e3o fundais ao lidar como o sono do b\u00ea. Det kan tage lidt tid at etablere en rutine og s\u00f8rge for, at din baby tilpasser sig den.<\/p>\n\n\n\n<p>Hun er villig til at foretage sm\u00e5 justeringer undervejs og ved, at lyden fra to babyer varierer i forskellige udviklingsstadier.<\/p>\n\n\n\n<h4 class=\"wp-block-heading\">Kilde til forskning<\/h4>\n\n\n\n<p>N\u00e5r du skriver en tekst om dette emne, er det vigtigt at konsultere p\u00e5lidelige kilder som grundlag for din information. Her er nogle forslag til kilder, der kan bruges, n\u00e5r du unders\u00f8ger babyer, og almindelige fejl, du b\u00f8r undg\u00e5:<\/p>\n\n\n\n<p>American Academy of Pediatrics (AAP) \u2013 AAP er en anerkendt p\u00e6diatrisk organisation, der yder vejledning og anbefalinger om forskellige aspekter af b\u00f8rns sundhed, herunder og for sp\u00e6db\u00f8rn. AAP&#039;s officielle hjemmeside (https:\/\/www.aap.org) tilbyder en r\u00e6kke ressourcer og artikler om sp\u00e6db\u00f8rn.<\/p>\n\n\n\n<p>National Sleep Foundation (NSF) \u2013 NSF er en nonprofitorganisation dedikeret til at fremme sund s\u00f8vn. NSF&#039;s hjemmeside (https:\/\/www.sleepfoundation.org) indeholder v\u00e6rdifuld information om b\u00f8rns s\u00f8vn, herunder tips til at hj\u00e6lpe babyer med at sove bedre.<\/p>\n\n\n\n<p>Mayo Clinic \u2013 En Mayo Clinic er en anerkendt medicinsk institution, der leverer p\u00e5lidelig information om forskellige sundhedsemner. Mayo Clinics hjemmeside (https:\/\/www.mayoclinic.org) indeholder artikler og vejledning om babylyde, med indsigt i almindelige fejl og m\u00e5der at forbedre babylyde p\u00e5.<\/p>\n\n\n\n<p>BabyCenter \u2013 BabyCenter er en popul\u00e6r online platform for landet, der tilbyder en bred vifte af emner relateret til graviditet, babypleje og b\u00f8rns udvikling. BabyCenter-webstedet (https:\/\/www.babycenter.com.br) tilbyder informative artikler om b\u00f8rn, herunder praktiske tips til at hj\u00e6lpe landet.<\/p>\n\n\n\n<p>Ved at konsultere disse kilder er det vigtigt at verificere, at artiklerne er baseret p\u00e5 opdateret videnskabelig forskning og er redigeret af fagfolk inden for det medicinske omr\u00e5de. N\u00e5r du citerer specifikke oplysninger i din tekst, er det ogs\u00e5 vigtigt at n\u00e6vne den relevante kilde for at give l\u00e6serne passende referencer.<\/p>","protected":false},"excerpt":{"rendered":"<p>Min baby sover d\u00e5rligt. Se 5 almindelige fejl, du b\u00f8r undg\u00e5. Hvis du er far eller mor til en baby, har du sikkert oplevet s\u00f8vnl\u00f8se n\u00e6tter og spekuleret p\u00e5, hvad du g\u00f8r forkert. Sandheden er, at det kan v\u00e6re en udfordring at have to babyer, og mange lande beg\u00e5r almindelige fejl, der kan forstyrre kvaliteten af babyens lyd. Derfor vil vi i denne artikel diskutere fem almindelige fejl, du b\u00f8r undg\u00e5 for at hj\u00e6lpe din baby med at sove bedre.<\/p>","protected":false},"author":0,"featured_media":2224,"comment_status":"closed","ping_status":"open","sticky":false,"template":"","format":"standard","meta":{"footnotes":""},"categories":[5],"tags":[386,417,1437],"yoast_head":"<!-- This site is optimized with the Yoast SEO plugin v23.3 - https:\/\/yoast.com\/wordpress\/plugins\/seo\/ -->\n<title>Meu Beb\u00ea dorme mal - Universo Fam\u00edlia<\/title>\n<meta name=\"description\" content=\"Meu Beb\u00ea dorme mal, veja 5 erros comuns que voc\u00ea deve evitar. Se voc\u00ea \u00e9 um pai ou m\u00e3e de um beb\u00ea, provavelmente j\u00e1 experimentou noites sem\" \/>\n<meta name=\"robots\" content=\"index, follow, max-snippet:-1, max-image-preview:large, max-video-preview:-1\" \/>\n<link rel=\"canonical\" href=\"https:\/\/universofamilia.com\/da\/meu-bebe-dorme-mal\/\" \/>\n<meta property=\"og:locale\" content=\"da_DK\" \/>\n<meta property=\"og:type\" content=\"article\" \/>\n<meta property=\"og:title\" content=\"Meu Beb\u00ea dorme mal - Universo Fam\u00edlia\" \/>\n<meta property=\"og:description\" content=\"Meu Beb\u00ea dorme mal, veja 5 erros comuns que voc\u00ea deve evitar. Se voc\u00ea \u00e9 um pai ou m\u00e3e de um beb\u00ea, provavelmente j\u00e1 experimentou noites sem\" \/>\n<meta property=\"og:url\" content=\"https:\/\/universofamilia.com\/da\/meu-bebe-dorme-mal\/\" \/>\n<meta property=\"og:site_name\" content=\"Universo Fam\u00edlia\" \/>\n<meta property=\"article:published_time\" content=\"2023-06-04T21:07:10+00:00\" \/>\n<meta property=\"og:image\" content=\"https:\/\/universofamilia.com\/wp-content\/uploads\/sites\/148\/2023\/06\/FOTO-DESTAQUE-DIFICULDADE-DE-OUVIRDIFICULDADE-DE-DORMIR-universo-familia-448x350-1-1.png\" \/>\n\t<meta property=\"og:image:width\" content=\"448\" \/>\n\t<meta property=\"og:image:height\" content=\"350\" \/>\n\t<meta property=\"og:image:type\" content=\"image\/png\" \/>\n<meta name=\"twitter:card\" content=\"summary_large_image\" \/>\n<meta name=\"twitter:label1\" content=\"Est. reading time\" \/>\n\t<meta name=\"twitter:data1\" content=\"6 minutter\" \/>\n<script type=\"application\/ld+json\" class=\"yoast-schema-graph\">{\"@context\":\"https:\/\/schema.org\",\"@graph\":[{\"@type\":\"WebPage\",\"@id\":\"https:\/\/universofamilia.com\/pt\/meu-bebe-dorme-mal\/\",\"url\":\"https:\/\/universofamilia.com\/pt\/meu-bebe-dorme-mal\/\",\"name\":\"Meu Beb\u00ea dorme mal - Universo Fam\u00edlia\",\"isPartOf\":{\"@id\":\"http:\/\/universofamilia.com\/zh_hk\/#website\"},\"primaryImageOfPage\":{\"@id\":\"https:\/\/universofamilia.com\/pt\/meu-bebe-dorme-mal\/#primaryimage\"},\"image\":{\"@id\":\"https:\/\/universofamilia.com\/pt\/meu-bebe-dorme-mal\/#primaryimage\"},\"thumbnailUrl\":\"https:\/\/universofamilia.com\/wp-content\/uploads\/sites\/148\/2023\/06\/FOTO-DESTAQUE-DIFICULDADE-DE-OUVIRDIFICULDADE-DE-DORMIR-universo-familia-448x350-1-1.png\",\"datePublished\":\"2023-06-04T21:07:10+00:00\",\"dateModified\":\"2023-06-04T21:07:10+00:00\",\"author\":{\"@id\":\"\"},\"description\":\"Meu Beb\u00ea dorme mal, veja 5 erros comuns que voc\u00ea deve evitar. Se voc\u00ea \u00e9 um pai ou m\u00e3e de um beb\u00ea, provavelmente j\u00e1 experimentou noites sem\",\"breadcrumb\":{\"@id\":\"https:\/\/universofamilia.com\/pt\/meu-bebe-dorme-mal\/#breadcrumb\"},\"inLanguage\":\"da-DK\",\"potentialAction\":[{\"@type\":\"ReadAction\",\"target\":[\"https:\/\/universofamilia.com\/pt\/meu-bebe-dorme-mal\/\"]}]},{\"@type\":\"ImageObject\",\"inLanguage\":\"da-DK\",\"@id\":\"https:\/\/universofamilia.com\/pt\/meu-bebe-dorme-mal\/#primaryimage\",\"url\":\"https:\/\/universofamilia.com\/wp-content\/uploads\/sites\/148\/2023\/06\/FOTO-DESTAQUE-DIFICULDADE-DE-OUVIRDIFICULDADE-DE-DORMIR-universo-familia-448x350-1-1.png\",\"contentUrl\":\"https:\/\/universofamilia.com\/wp-content\/uploads\/sites\/148\/2023\/06\/FOTO-DESTAQUE-DIFICULDADE-DE-OUVIRDIFICULDADE-DE-DORMIR-universo-familia-448x350-1-1.png\",\"width\":448,\"height\":350},{\"@type\":\"BreadcrumbList\",\"@id\":\"https:\/\/universofamilia.com\/pt\/meu-bebe-dorme-mal\/#breadcrumb\",\"itemListElement\":[{\"@type\":\"ListItem\",\"position\":1,\"name\":\"Home\",\"item\":\"http:\/\/universofamilia.com\/zh_hk\/\"},{\"@type\":\"ListItem\",\"position\":2,\"name\":\"Meu Beb\u00ea dorme mal\"}]},{\"@type\":\"WebSite\",\"@id\":\"http:\/\/universofamilia.com\/zh_hk\/#website\",\"url\":\"http:\/\/universofamilia.com\/zh_hk\/\",\"name\":\"Universo Fam\u00edlia\",\"description\":\"\",\"potentialAction\":[{\"@type\":\"SearchAction\",\"target\":{\"@type\":\"EntryPoint\",\"urlTemplate\":\"http:\/\/universofamilia.com\/zh_hk\/?s={search_term_string}\"},\"query-input\":\"required name=search_term_string\"}],\"inLanguage\":\"da-DK\"}]}<\/script>\n<!-- \/ Yoast SEO plugin. -->","yoast_head_json":{"title":"Meu Beb\u00ea dorme mal - Universo Fam\u00edlia","description":"Meu Beb\u00ea dorme mal, veja 5 erros comuns que voc\u00ea deve evitar. Se voc\u00ea \u00e9 um pai ou m\u00e3e de um beb\u00ea, provavelmente j\u00e1 experimentou noites sem","robots":{"index":"index","follow":"follow","max-snippet":"max-snippet:-1","max-image-preview":"max-image-preview:large","max-video-preview":"max-video-preview:-1"},"canonical":"https:\/\/universofamilia.com\/da\/meu-bebe-dorme-mal\/","og_locale":"da_DK","og_type":"article","og_title":"Meu Beb\u00ea dorme mal - Universo Fam\u00edlia","og_description":"Meu Beb\u00ea dorme mal, veja 5 erros comuns que voc\u00ea deve evitar. Se voc\u00ea \u00e9 um pai ou m\u00e3e de um beb\u00ea, provavelmente j\u00e1 experimentou noites sem","og_url":"https:\/\/universofamilia.com\/da\/meu-bebe-dorme-mal\/","og_site_name":"Universo Fam\u00edlia","article_published_time":"2023-06-04T21:07:10+00:00","og_image":[{"width":448,"height":350,"url":"https:\/\/universofamilia.com\/wp-content\/uploads\/sites\/148\/2023\/06\/FOTO-DESTAQUE-DIFICULDADE-DE-OUVIRDIFICULDADE-DE-DORMIR-universo-familia-448x350-1-1.png","type":"image\/png"}],"twitter_card":"summary_large_image","twitter_misc":{"Est. reading time":"6 minutter"},"schema":{"@context":"https:\/\/schema.org","@graph":[{"@type":"WebPage","@id":"https:\/\/universofamilia.com\/pt\/meu-bebe-dorme-mal\/","url":"https:\/\/universofamilia.com\/pt\/meu-bebe-dorme-mal\/","name":"Meu Beb\u00ea dorme mal - Universo Fam\u00edlia","isPartOf":{"@id":"http:\/\/universofamilia.com\/zh_hk\/#website"},"primaryImageOfPage":{"@id":"https:\/\/universofamilia.com\/pt\/meu-bebe-dorme-mal\/#primaryimage"},"image":{"@id":"https:\/\/universofamilia.com\/pt\/meu-bebe-dorme-mal\/#primaryimage"},"thumbnailUrl":"https:\/\/universofamilia.com\/wp-content\/uploads\/sites\/148\/2023\/06\/FOTO-DESTAQUE-DIFICULDADE-DE-OUVIRDIFICULDADE-DE-DORMIR-universo-familia-448x350-1-1.png","datePublished":"2023-06-04T21:07:10+00:00","dateModified":"2023-06-04T21:07:10+00:00","author":{"@id":""},"description":"Meu Beb\u00ea dorme mal, veja 5 erros comuns que voc\u00ea deve evitar. Se voc\u00ea \u00e9 um pai ou m\u00e3e de um beb\u00ea, provavelmente j\u00e1 experimentou noites sem","breadcrumb":{"@id":"https:\/\/universofamilia.com\/pt\/meu-bebe-dorme-mal\/#breadcrumb"},"inLanguage":"da-DK","potentialAction":[{"@type":"ReadAction","target":["https:\/\/universofamilia.com\/pt\/meu-bebe-dorme-mal\/"]}]},{"@type":"ImageObject","inLanguage":"da-DK","@id":"https:\/\/universofamilia.com\/pt\/meu-bebe-dorme-mal\/#primaryimage","url":"https:\/\/universofamilia.com\/wp-content\/uploads\/sites\/148\/2023\/06\/FOTO-DESTAQUE-DIFICULDADE-DE-OUVIRDIFICULDADE-DE-DORMIR-universo-familia-448x350-1-1.png","contentUrl":"https:\/\/universofamilia.com\/wp-content\/uploads\/sites\/148\/2023\/06\/FOTO-DESTAQUE-DIFICULDADE-DE-OUVIRDIFICULDADE-DE-DORMIR-universo-familia-448x350-1-1.png","width":448,"height":350},{"@type":"BreadcrumbList","@id":"https:\/\/universofamilia.com\/pt\/meu-bebe-dorme-mal\/#breadcrumb","itemListElement":[{"@type":"ListItem","position":1,"name":"Home","item":"http:\/\/universofamilia.com\/zh_hk\/"},{"@type":"ListItem","position":2,"name":"Meu Beb\u00ea dorme mal"}]},{"@type":"WebSite","@id":"http:\/\/universofamilia.com\/zh_hk\/#website","url":"http:\/\/universofamilia.com\/zh_hk\/","name":"Universo Fam\u00edlia","description":"","potentialAction":[{"@type":"SearchAction","target":{"@type":"EntryPoint","urlTemplate":"http:\/\/universofamilia.com\/zh_hk\/?s={search_term_string}"},"query-input":"required name=search_term_string"}],"inLanguage":"da-DK"}]}},"_links":{"self":[{"href":"https:\/\/universofamilia.com\/da\/wp-json\/wp\/v2\/posts\/2218"}],"collection":[{"href":"https:\/\/universofamilia.com\/da\/wp-json\/wp\/v2\/posts"}],"about":[{"href":"https:\/\/universofamilia.com\/da\/wp-json\/wp\/v2\/types\/post"}],"replies":[{"embeddable":true,"href":"https:\/\/universofamilia.com\/da\/wp-json\/wp\/v2\/comments?post=2218"}],"version-history":[{"count":0,"href":"https:\/\/universofamilia.com\/da\/wp-json\/wp\/v2\/posts\/2218\/revisions"}],"wp:featuredmedia":[{"embeddable":true,"href":"https:\/\/universofamilia.com\/da\/wp-json\/wp\/v2\/media\/2224"}],"wp:attachment":[{"href":"https:\/\/universofamilia.com\/da\/wp-json\/wp\/v2\/media?parent=2218"}],"wp:term":[{"taxonomy":"category","embeddable":true,"href":"https:\/\/universofamilia.com\/da\/wp-json\/wp\/v2\/categories?post=2218"},{"taxonomy":"post_tag","embeddable":true,"href":"https:\/\/universofamilia.com\/da\/wp-json\/wp\/v2\/tags?post=2218"}],"curies":[{"name":"wp","href":"https:\/\/api.w.org\/{rel}","templated":true}]}}