{"id":2227,"date":"2023-06-05T10:43:39","date_gmt":"2023-06-05T13:43:39","guid":{"rendered":"https:\/\/universofamilia.com\/?p=2227"},"modified":"2023-06-05T10:43:39","modified_gmt":"2023-06-05T13:43:39","slug":"o-que-influencia-o-sono-do-bebe","status":"publish","type":"post","link":"https:\/\/universofamilia.com\/da\/o-que-influencia-o-sono-do-bebe\/","title":{"rendered":"O Que Influence no Sono do B\u00ea | Ber\u00e7o, delt seng eller Montessoriana?"},"content":{"rendered":"<p>Hvilken indflydelse p\u00e5 babyens s\u00f8n: Ber\u00e7o, delt seng eller Montessoriana?<\/p>\n\n\n\n<p>Eller at der er to babyer, er en sag af ekstrem betydning for dit land. En god nats s\u00f8vn er afg\u00f8rende for to b\u00f8rns sunde udvikling og velbefindende.<\/p>\n\n\n\n<p>Blandt de forskellige sovemuligheder skiller tre af dem sig ud: ber\u00e7o, delt seng og Montessoriana.<\/p>\n\n\n\n<p>I denne artikel vil vi udforske hver af disse muligheder og analysere, hvordan de kan p\u00e5virke din babys lyd.<\/p>\n\n\n\n<h3 class=\"wp-block-heading\">L\u00e6s ogs\u00e5:<\/h3>\n\n\n\n<p><a href=\"https:\/\/universofamilia.com\/da\/meu-bebe-dorme-mal\/\" target=\"_blank\" rel=\"noreferrer noopener\">Min baby sover d\u00e5rligt, se 5 almindelige fejl, som du b\u00f8r undg\u00e5.<\/a><\/p>\n\n\n\n<p><a href=\"https:\/\/universofamilia.com\/da\/dicas-de-seguranca-para-o-sono-do-bebe-escolha-do-local-posicao-colchao-e-muito-mais\/\" target=\"_blank\" rel=\"noreferrer noopener sponsored nofollow\">Sikkerhedsinstruktioner til babyens s\u00f8n: sikkert sted, stilling, madras og meget mere.<\/a><\/p>\n\n\n\n<p><a href=\"https:\/\/www.luzbaby.com.br\/\" target=\"_blank\" rel=\"noreferrer noopener\">A Luz Baby er en af de bedste butikker med babyprodukter. Klik her.<\/a><\/p>\n\n\n\n<h3 class=\"wp-block-heading\"><strong>Ber\u00e7o: en klassiker til en stille lyd<\/strong><\/h3>\n\n\n\n<p>Dette er en traditionel babyseng. Den tilbyder et sikkert og afgr\u00e6nset rum og et behageligt milj\u00f8.<\/p>\n\n\n<div class=\"wp-block-image\">\n<figure class=\"aligncenter size-full\"><img loading=\"lazy\" decoding=\"async\" width=\"800\" height=\"560\" src=\"http:\/\/universofamilia.com\/wp-content\/uploads\/sites\/148\/2023\/06\/POST-BEBE-INFLUENCIA-DO-SONO-UNIVERSO-FAMILIA-1.png\" alt=\"\" class=\"wp-image-2231\" srcset=\"https:\/\/universofamilia.com\/wp-content\/uploads\/sites\/148\/2023\/06\/POST-BEBE-INFLUENCIA-DO-SONO-UNIVERSO-FAMILIA-1.png 800w, https:\/\/universofamilia.com\/wp-content\/uploads\/sites\/148\/2023\/06\/POST-BEBE-INFLUENCIA-DO-SONO-UNIVERSO-FAMILIA-1-300x210.png 300w, https:\/\/universofamilia.com\/wp-content\/uploads\/sites\/148\/2023\/06\/POST-BEBE-INFLUENCIA-DO-SONO-UNIVERSO-FAMILIA-1-768x538.png 768w\" sizes=\"(max-width: 800px) 100vw, 800px\" \/><\/figure><\/div>\n\n\n<p>Ved at bruge en seng har landet mulighed for at skabe en ensartet natterutine, hvilket hj\u00e6lper babyen med at forbinde rummet med barnet.<\/p>\n\n\n\n<p>Det er vigtigt at investere i en kvalitetsmadras og et senget\u00f8j, der passer til babyens behov.<\/p>\n\n\n\n<h3 class=\"wp-block-heading\"><strong>Delt seng: n\u00e6rhed og komfort<\/strong><\/h3>\n\n\n\n<p>En delt seng g\u00e5r ud p\u00e5 at dele sengen op, ligesom babyen sover. Denne mulighed tilbyder n\u00e6rhed og komfort, s\u00e5 barnet hurtigt kan tage sig af babyens behov.<\/p>\n\n\n<div class=\"wp-block-image\">\n<figure class=\"aligncenter size-full\"><img loading=\"lazy\" decoding=\"async\" width=\"800\" height=\"560\" src=\"http:\/\/universofamilia.com\/wp-content\/uploads\/sites\/148\/2023\/06\/POST-BEBE-INFLUENCIA-DO-SONO-UNIVERSO-FAMILIA-2.png\" alt=\"\" class=\"wp-image-2232\" srcset=\"https:\/\/universofamilia.com\/wp-content\/uploads\/sites\/148\/2023\/06\/POST-BEBE-INFLUENCIA-DO-SONO-UNIVERSO-FAMILIA-2.png 800w, https:\/\/universofamilia.com\/wp-content\/uploads\/sites\/148\/2023\/06\/POST-BEBE-INFLUENCIA-DO-SONO-UNIVERSO-FAMILIA-2-300x210.png 300w, https:\/\/universofamilia.com\/wp-content\/uploads\/sites\/148\/2023\/06\/POST-BEBE-INFLUENCIA-DO-SONO-UNIVERSO-FAMILIA-2-768x538.png 768w\" sizes=\"(max-width: 800px) 100vw, 800px\" \/><\/figure><\/div>\n\n\n<p>Den konstante tilstedev\u00e6relse af to lande kan hj\u00e6lpe med at berolige babyen om natten og lette amningen.<\/p>\n\n\n\n<p>Det er dog vigtigt at tage sikkerhedsforanstaltninger, s\u00e5som at bruge en stor eller tilstr\u00e6kkelig seng og sikre, at babyen har et sikkert og tilstr\u00e6kkeligt sted at sove.<\/p>\n\n\n\n<h3 class=\"wp-block-heading\"><strong>Montessoriansk seng: uafh\u00e6ngighed fra cedo<\/strong><\/h3>\n\n\n\n<p>Montessorianasengen f\u00f8lger Montessori-filosofien, som v\u00e6rds\u00e6tter b\u00f8rns uafh\u00e6ngighed og autonomi. Forskellige typer senge, babyen har fri adgang til sovepladsen fra sengen, uden niveauer eller hegn.<\/p>\n\n\n<div class=\"wp-block-image\">\n<figure class=\"aligncenter size-full\"><img loading=\"lazy\" decoding=\"async\" width=\"800\" height=\"560\" src=\"http:\/\/universofamilia.com\/wp-content\/uploads\/sites\/148\/2023\/06\/POST-BEBE-INFLUENCIA-DO-SONO-UNIVERSO-FAMILIA.png\" alt=\"\" class=\"wp-image-2233\" srcset=\"https:\/\/universofamilia.com\/wp-content\/uploads\/sites\/148\/2023\/06\/POST-BEBE-INFLUENCIA-DO-SONO-UNIVERSO-FAMILIA.png 800w, https:\/\/universofamilia.com\/wp-content\/uploads\/sites\/148\/2023\/06\/POST-BEBE-INFLUENCIA-DO-SONO-UNIVERSO-FAMILIA-300x210.png 300w, https:\/\/universofamilia.com\/wp-content\/uploads\/sites\/148\/2023\/06\/POST-BEBE-INFLUENCIA-DO-SONO-UNIVERSO-FAMILIA-768x538.png 768w\" sizes=\"(max-width: 800px) 100vw, 800px\" \/><\/figure><\/div>\n\n\n<p>Isso giver ham mulighed for at udvikle motoriske f\u00e6rdigheder og l\u00e6re at bev\u00e6ge sig frit. Det er dog vigtigt at sikre, at omgivelserne er sikre for babyen, fjerne farlige genstande og undg\u00e5 ulykker.<\/p>\n\n\n\n<h3 class=\"wp-block-heading\"><strong>Faktorer, der skal overvejes for et bevidst valg<\/strong><\/h3>\n\n\n\n<p>N\u00e5r du skal beslutte, hvilken mulighed du skal bruge, er det vigtigt at overveje nogle n\u00f8glefaktorer:<\/p>\n\n\n\n<p><strong>Sikkerhed<\/strong>Uanset hvilken mulighed der er valgt, skal babysikkerhed altid v\u00e6re en prioritet. S\u00f8rg for, at milj\u00f8et er fri for farer, s\u00e5som l\u00f8se genstande, tunge t\u00e6pper eller andet, der kan kv\u00e6le din baby.<\/p>\n\n\n\n<p><strong>Babys pr\u00e6ferencer og behov<\/strong>Hver baby er unik, og deres pr\u00e6ferencer og behov skal tages i betragtning. Nogle babyer f\u00f8ler sig mere trygge i en seng, mens andre foretr\u00e6kker at v\u00e6re t\u00e6t p\u00e5 en delt seng. At observere og forst\u00e5 babyens spor og signaler kan hj\u00e6lpe i beslutningstagningen.<\/p>\n\n\n\n<p><strong>Rutine og konsistens<\/strong>Uanset om du v\u00e6lger en valgt mulighed, kan det v\u00e6re gavnligt for babyen at etablere en fast natrutine.<\/p>\n\n\n\n<p>Dette inkluderer at f\u00f8lge regelm\u00e6ssige sengetidsplaner, skabe et roligt og st\u00f8ttende milj\u00f8 og implementere praksisser, der hj\u00e6lper din baby med at slappe af inden sengetid, s\u00e5som et morgenbad eller en blid massage.<\/p>\n\n\n\n<h3 class=\"wp-block-heading\"><strong>Konklusion<\/strong><\/h3>\n\n\n\n<p>At v\u00e6lge mellem en ber\u00e7o-seng, en delt seng og en Montessoriana-seng til babyens s\u00f8n er en personlig beslutning, der skal tr\u00e6ffes under hensyntagen til babyens sikkerhed, pr\u00e6ferencer og individuelle behov, udover at etablere en ensartet natterutine.<\/p>\n\n\n\n<p>Ber\u00e7o-sengen tilbyder et afgr\u00e6nset og polstret rum, mens den f\u00e6lles seng giver n\u00e6rhed og komfort til landet. J\u00e1 en Montessoriana-seng fremmer uafh\u00e6ngighed og autonomi fra cedo.<\/p>\n\n\n\n<p>Uanset de valgte muligheder er det vigtigt at skabe et trygt og gunstigt milj\u00f8 for babyens lyd, undg\u00e5 risici og f\u00f8lge sikkerhedsanbefalinger.<\/p>\n\n\n\n<p>Det endelige m\u00e5l er at sikre, at din baby f\u00e5r en god nats s\u00f8vn, hvilket fremmer en sund udvikling og et godt generelt helbred.<\/p>\n\n\n\n<h3 class=\"wp-block-heading\">Kilde til forskning<\/h3>\n\n\n\n<p>Nedenfor er nogle p\u00e5lidelige ressourcer, hvor du kan finde yderligere information om babys lyd og mulighederne for senget\u00f8j, delte senge og Montessorianske senge:<\/p>\n\n\n\n<p>B\u00f8ger specialiseret i b\u00f8rnelyde, s\u00e5som \u201cSolu\u00e7\u00f5es para Noites Sem Choro\u201d af Elizabeth Pantley, \u201cThe No-Cry Sleep Solution\u201d af Elizabeth Pantley og \u201cThe Montessori Toddler\u201d af Simone Davies.<\/p>\n\n\n\n<p>Websteder fra betroede organisationer, s\u00e5som American Academy of Pediatrics (AAP), BabyCenter, Mayo Clinic og National Sleep Foundation.<\/p>\n\n\n\n<p>Kontakt b\u00f8rnel\u00e6ger eller specialister i b\u00f8rns udvikling for at f\u00e5 personlig vejledning baseret p\u00e5 videnskabelig evidens.<\/p>\n\n\n\n<p>Husk at det altid er vigtigt at verificere trov\u00e6rdigheden af de konsulterede kilder og s\u00f8ge efter opdaterede oplysninger, da anbefalingerne kan udvikle sig over tid baseret p\u00e5 nye unders\u00f8gelser og opdagelser.<\/p>","protected":false},"excerpt":{"rendered":"<p>Hvilken indflydelse p\u00e5 babyens s\u00f8n: Ber\u00e7o, delt seng eller Montessoriana?<br \/>\nEller at der er to babyer, er en sag af ekstrem betydning for dit land. En god nats s\u00f8vn er afg\u00f8rende for to b\u00f8rns sunde udvikling og velbefindende.<br \/>\nBlandt de forskellige sovemuligheder skiller tre af dem sig ud: ber\u00e7o, delt seng og Montessoriana.<br \/>\nI denne artikel vil vi udforske hver af disse muligheder og analysere, hvordan de kan p\u00e5virke din babys lyd.<\/p>","protected":false},"author":0,"featured_media":2234,"comment_status":"closed","ping_status":"open","sticky":false,"template":"","format":"standard","meta":{"footnotes":""},"categories":[5],"tags":[938,1062,1437],"yoast_head":"<!-- This site is optimized with the Yoast SEO plugin v23.3 - https:\/\/yoast.com\/wordpress\/plugins\/seo\/ -->\n<title>O Que Influencia no Sono do Beb\u00ea | Ber\u00e7o, Cama Compartilhada ou Montessoriana? - Universo Fam\u00edlia<\/title>\n<meta name=\"description\" content=\"O Que Influencia no Sono do Beb\u00ea: Ber\u00e7o, Cama Compartilhada ou Montessoriana?\" \/>\n<meta name=\"robots\" content=\"index, follow, max-snippet:-1, max-image-preview:large, max-video-preview:-1\" \/>\n<link rel=\"canonical\" href=\"http:\/\/universofamilia.com\/da\/o-que-influencia-o-sono-do-bebe\/\" \/>\n<meta property=\"og:locale\" content=\"da_DK\" \/>\n<meta property=\"og:type\" content=\"article\" \/>\n<meta property=\"og:title\" content=\"O Que Influencia no Sono do Beb\u00ea | Ber\u00e7o, Cama Compartilhada ou Montessoriana? - Universo Fam\u00edlia\" \/>\n<meta property=\"og:description\" content=\"O Que Influencia no Sono do Beb\u00ea: Ber\u00e7o, Cama Compartilhada ou Montessoriana?\" \/>\n<meta property=\"og:url\" content=\"http:\/\/universofamilia.com\/da\/o-que-influencia-o-sono-do-bebe\/\" \/>\n<meta property=\"og:site_name\" content=\"Universo Fam\u00edlia\" \/>\n<meta property=\"article:published_time\" content=\"2023-06-05T13:43:39+00:00\" \/>\n<meta property=\"og:image\" content=\"http:\/\/universofamilia.com\/wp-content\/uploads\/sites\/148\/2023\/06\/FOTO-DESTAQUE-DIFICULDADE-DE-OUVIRDIFICULDADE-DE-DORMIR-universo-familia-448x350-1.png\" \/>\n\t<meta property=\"og:image:width\" content=\"448\" \/>\n\t<meta property=\"og:image:height\" content=\"350\" \/>\n\t<meta property=\"og:image:type\" content=\"image\/png\" \/>\n<meta name=\"twitter:card\" content=\"summary_large_image\" \/>\n<meta name=\"twitter:label1\" content=\"Est. reading time\" \/>\n\t<meta name=\"twitter:data1\" content=\"5 minutter\" \/>\n<script type=\"application\/ld+json\" class=\"yoast-schema-graph\">{\"@context\":\"https:\/\/schema.org\",\"@graph\":[{\"@type\":\"WebPage\",\"@id\":\"http:\/\/universofamilia.com\/ja\/o-que-influencia-o-sono-do-bebe\/\",\"url\":\"http:\/\/universofamilia.com\/ja\/o-que-influencia-o-sono-do-bebe\/\",\"name\":\"O Que Influencia no Sono do Beb\u00ea | Ber\u00e7o, Cama Compartilhada ou Montessoriana? - Universo Fam\u00edlia\",\"isPartOf\":{\"@id\":\"https:\/\/universofamilia.com\/el\/#website\"},\"primaryImageOfPage\":{\"@id\":\"http:\/\/universofamilia.com\/ja\/o-que-influencia-o-sono-do-bebe\/#primaryimage\"},\"image\":{\"@id\":\"http:\/\/universofamilia.com\/ja\/o-que-influencia-o-sono-do-bebe\/#primaryimage\"},\"thumbnailUrl\":\"https:\/\/universofamilia.com\/wp-content\/uploads\/sites\/148\/2023\/06\/FOTO-DESTAQUE-DIFICULDADE-DE-OUVIRDIFICULDADE-DE-DORMIR-universo-familia-448x350-1.png\",\"datePublished\":\"2023-06-05T13:43:39+00:00\",\"dateModified\":\"2023-06-05T13:43:39+00:00\",\"author\":{\"@id\":\"\"},\"description\":\"O Que Influencia no Sono do Beb\u00ea: Ber\u00e7o, Cama Compartilhada ou Montessoriana?\",\"breadcrumb\":{\"@id\":\"http:\/\/universofamilia.com\/ja\/o-que-influencia-o-sono-do-bebe\/#breadcrumb\"},\"inLanguage\":\"da-DK\",\"potentialAction\":[{\"@type\":\"ReadAction\",\"target\":[\"http:\/\/universofamilia.com\/ja\/o-que-influencia-o-sono-do-bebe\/\"]}]},{\"@type\":\"ImageObject\",\"inLanguage\":\"da-DK\",\"@id\":\"http:\/\/universofamilia.com\/ja\/o-que-influencia-o-sono-do-bebe\/#primaryimage\",\"url\":\"https:\/\/universofamilia.com\/wp-content\/uploads\/sites\/148\/2023\/06\/FOTO-DESTAQUE-DIFICULDADE-DE-OUVIRDIFICULDADE-DE-DORMIR-universo-familia-448x350-1.png\",\"contentUrl\":\"https:\/\/universofamilia.com\/wp-content\/uploads\/sites\/148\/2023\/06\/FOTO-DESTAQUE-DIFICULDADE-DE-OUVIRDIFICULDADE-DE-DORMIR-universo-familia-448x350-1.png\",\"width\":448,\"height\":350},{\"@type\":\"BreadcrumbList\",\"@id\":\"http:\/\/universofamilia.com\/ja\/o-que-influencia-o-sono-do-bebe\/#breadcrumb\",\"itemListElement\":[{\"@type\":\"ListItem\",\"position\":1,\"name\":\"Home\",\"item\":\"https:\/\/universofamilia.com\/el\/\"},{\"@type\":\"ListItem\",\"position\":2,\"name\":\"O Que Influencia no Sono do Beb\u00ea | Ber\u00e7o, Cama Compartilhada ou Montessoriana?\"}]},{\"@type\":\"WebSite\",\"@id\":\"https:\/\/universofamilia.com\/el\/#website\",\"url\":\"https:\/\/universofamilia.com\/el\/\",\"name\":\"Universo Fam\u00edlia\",\"description\":\"\",\"potentialAction\":[{\"@type\":\"SearchAction\",\"target\":{\"@type\":\"EntryPoint\",\"urlTemplate\":\"https:\/\/universofamilia.com\/el\/?s={search_term_string}\"},\"query-input\":\"required name=search_term_string\"}],\"inLanguage\":\"da-DK\"}]}<\/script>\n<!-- \/ Yoast SEO plugin. -->","yoast_head_json":{"title":"O Que Influencia no Sono do Beb\u00ea | Ber\u00e7o, Cama Compartilhada ou Montessoriana? - Universo Fam\u00edlia","description":"O Que Influencia no Sono do Beb\u00ea: Ber\u00e7o, Cama Compartilhada ou Montessoriana?","robots":{"index":"index","follow":"follow","max-snippet":"max-snippet:-1","max-image-preview":"max-image-preview:large","max-video-preview":"max-video-preview:-1"},"canonical":"http:\/\/universofamilia.com\/da\/o-que-influencia-o-sono-do-bebe\/","og_locale":"da_DK","og_type":"article","og_title":"O Que Influencia no Sono do Beb\u00ea | Ber\u00e7o, Cama Compartilhada ou Montessoriana? - Universo Fam\u00edlia","og_description":"O Que Influencia no Sono do Beb\u00ea: Ber\u00e7o, Cama Compartilhada ou Montessoriana?","og_url":"http:\/\/universofamilia.com\/da\/o-que-influencia-o-sono-do-bebe\/","og_site_name":"Universo Fam\u00edlia","article_published_time":"2023-06-05T13:43:39+00:00","og_image":[{"width":448,"height":350,"url":"http:\/\/universofamilia.com\/wp-content\/uploads\/sites\/148\/2023\/06\/FOTO-DESTAQUE-DIFICULDADE-DE-OUVIRDIFICULDADE-DE-DORMIR-universo-familia-448x350-1.png","type":"image\/png"}],"twitter_card":"summary_large_image","twitter_misc":{"Est. reading time":"5 minutter"},"schema":{"@context":"https:\/\/schema.org","@graph":[{"@type":"WebPage","@id":"http:\/\/universofamilia.com\/ja\/o-que-influencia-o-sono-do-bebe\/","url":"http:\/\/universofamilia.com\/ja\/o-que-influencia-o-sono-do-bebe\/","name":"O Que Influencia no Sono do Beb\u00ea | Ber\u00e7o, Cama Compartilhada ou Montessoriana? - Universo Fam\u00edlia","isPartOf":{"@id":"https:\/\/universofamilia.com\/el\/#website"},"primaryImageOfPage":{"@id":"http:\/\/universofamilia.com\/ja\/o-que-influencia-o-sono-do-bebe\/#primaryimage"},"image":{"@id":"http:\/\/universofamilia.com\/ja\/o-que-influencia-o-sono-do-bebe\/#primaryimage"},"thumbnailUrl":"https:\/\/universofamilia.com\/wp-content\/uploads\/sites\/148\/2023\/06\/FOTO-DESTAQUE-DIFICULDADE-DE-OUVIRDIFICULDADE-DE-DORMIR-universo-familia-448x350-1.png","datePublished":"2023-06-05T13:43:39+00:00","dateModified":"2023-06-05T13:43:39+00:00","author":{"@id":""},"description":"O Que Influencia no Sono do Beb\u00ea: Ber\u00e7o, Cama Compartilhada ou Montessoriana?","breadcrumb":{"@id":"http:\/\/universofamilia.com\/ja\/o-que-influencia-o-sono-do-bebe\/#breadcrumb"},"inLanguage":"da-DK","potentialAction":[{"@type":"ReadAction","target":["http:\/\/universofamilia.com\/ja\/o-que-influencia-o-sono-do-bebe\/"]}]},{"@type":"ImageObject","inLanguage":"da-DK","@id":"http:\/\/universofamilia.com\/ja\/o-que-influencia-o-sono-do-bebe\/#primaryimage","url":"https:\/\/universofamilia.com\/wp-content\/uploads\/sites\/148\/2023\/06\/FOTO-DESTAQUE-DIFICULDADE-DE-OUVIRDIFICULDADE-DE-DORMIR-universo-familia-448x350-1.png","contentUrl":"https:\/\/universofamilia.com\/wp-content\/uploads\/sites\/148\/2023\/06\/FOTO-DESTAQUE-DIFICULDADE-DE-OUVIRDIFICULDADE-DE-DORMIR-universo-familia-448x350-1.png","width":448,"height":350},{"@type":"BreadcrumbList","@id":"http:\/\/universofamilia.com\/ja\/o-que-influencia-o-sono-do-bebe\/#breadcrumb","itemListElement":[{"@type":"ListItem","position":1,"name":"Home","item":"https:\/\/universofamilia.com\/el\/"},{"@type":"ListItem","position":2,"name":"O Que Influencia no Sono do Beb\u00ea | Ber\u00e7o, Cama Compartilhada ou Montessoriana?"}]},{"@type":"WebSite","@id":"https:\/\/universofamilia.com\/el\/#website","url":"https:\/\/universofamilia.com\/el\/","name":"Universo Fam\u00edlia","description":"","potentialAction":[{"@type":"SearchAction","target":{"@type":"EntryPoint","urlTemplate":"https:\/\/universofamilia.com\/el\/?s={search_term_string}"},"query-input":"required name=search_term_string"}],"inLanguage":"da-DK"}]}},"_links":{"self":[{"href":"https:\/\/universofamilia.com\/da\/wp-json\/wp\/v2\/posts\/2227"}],"collection":[{"href":"https:\/\/universofamilia.com\/da\/wp-json\/wp\/v2\/posts"}],"about":[{"href":"https:\/\/universofamilia.com\/da\/wp-json\/wp\/v2\/types\/post"}],"replies":[{"embeddable":true,"href":"https:\/\/universofamilia.com\/da\/wp-json\/wp\/v2\/comments?post=2227"}],"version-history":[{"count":0,"href":"https:\/\/universofamilia.com\/da\/wp-json\/wp\/v2\/posts\/2227\/revisions"}],"wp:featuredmedia":[{"embeddable":true,"href":"https:\/\/universofamilia.com\/da\/wp-json\/wp\/v2\/media\/2234"}],"wp:attachment":[{"href":"https:\/\/universofamilia.com\/da\/wp-json\/wp\/v2\/media?parent=2227"}],"wp:term":[{"taxonomy":"category","embeddable":true,"href":"https:\/\/universofamilia.com\/da\/wp-json\/wp\/v2\/categories?post=2227"},{"taxonomy":"post_tag","embeddable":true,"href":"https:\/\/universofamilia.com\/da\/wp-json\/wp\/v2\/tags?post=2227"}],"curies":[{"name":"wp","href":"https:\/\/api.w.org\/{rel}","templated":true}]}}