{"id":2242,"date":"2023-06-05T19:19:36","date_gmt":"2023-06-05T22:19:36","guid":{"rendered":"https:\/\/universofamilia.com\/?p=2242"},"modified":"2023-06-05T19:19:36","modified_gmt":"2023-06-05T22:19:36","slug":"quais-os-ciclos-do-sono-do-bebe","status":"publish","type":"post","link":"https:\/\/universofamilia.com\/da\/quais-os-ciclos-do-sono-do-bebe\/","title":{"rendered":"Quais Baby Lydcyklusser"},"content":{"rendered":"<h3 class=\"wp-block-heading\">N\u00e5r du bruger babys\u00f8vncyklusser, s\u00e5 forst\u00e5 og hj\u00e6lp din lille med at sove bedre.<\/h3>\n\n\n\n<p>Babyers s\u00f8vncyklusser er afg\u00f8rende for din sunde udvikling og ogs\u00e5 for at sikre, at dit land har \u00f8jeblikke med hvile.<\/p>\n\n\n\n<p>Det kan v\u00e6re en udfordring at forst\u00e5, hvordan disse cyklusser fungerer, og at anvende passende teknikker til at hj\u00e6lpe din baby med at sove bedre, men med t\u00e5lmodighed og viden er det muligt at etablere en sund s\u00f8vnrutine for hele familien.<\/p>\n\n\n\n<p>I denne artikel vil vi udforske de forskellige stadier af babylydgivning og give v\u00e6rdifulde r\u00e5d til at fremme processen.<\/p>\n\n\n\n<h3 class=\"wp-block-heading\">L\u00e6s ogs\u00e5:<\/h3>\n\n\n\n<p><a href=\"https:\/\/universofamilia.com\/da\/meu-bebe-dorme-mal\/\" target=\"_blank\" rel=\"noreferrer noopener\">Min baby sover d\u00e5rligt, se 5 almindelige fejl, som du b\u00f8r undg\u00e5.<\/a><\/p>\n\n\n\n<p><a href=\"https:\/\/universofamilia.com\/da\/o-que-influencia-o-sono-do-bebe\/\" target=\"_blank\" rel=\"noreferrer noopener\">O Que Influence no Sono do B\u00ea | Ber\u00e7o, delt seng eller Montessoriana?<\/a><\/p>\n\n\n\n<p><a href=\"https:\/\/universofamilia.com\/da\/dicas-de-seguranca-para-o-sono-do-bebe-escolha-do-local-posicao-colchao-e-muito-mais\/\" target=\"_blank\" rel=\"noreferrer noopener\">Sikkerhedsinstruktioner til babyens s\u00f8n: sikkert sted, stilling, madras og meget mere<\/a><\/p>\n\n\n\n<h3 class=\"wp-block-heading\">En babys cyklus<\/h3>\n\n\n\n<p>Babyens s\u00f8vncyklus best\u00e5r af to hovedfaser: REM-s\u00f8vn (Rapid Eye Movement) og ikke-REM-s\u00f8vn.<\/p>\n\n\n<div class=\"wp-block-image\">\n<figure class=\"aligncenter size-full\"><img loading=\"lazy\" decoding=\"async\" width=\"800\" height=\"560\" src=\"http:\/\/universofamilia.com\/wp-content\/uploads\/sites\/148\/2023\/06\/POST-BEBE-SEGURANCA-DO-BEBE-O-UNIVERSO-FAMILIA-2.png\" alt=\"\" class=\"wp-image-2244\" srcset=\"https:\/\/universofamilia.com\/wp-content\/uploads\/sites\/148\/2023\/06\/POST-BEBE-SEGURANCA-DO-BEBE-O-UNIVERSO-FAMILIA-2.png 800w, https:\/\/universofamilia.com\/wp-content\/uploads\/sites\/148\/2023\/06\/POST-BEBE-SEGURANCA-DO-BEBE-O-UNIVERSO-FAMILIA-2-300x210.png 300w, https:\/\/universofamilia.com\/wp-content\/uploads\/sites\/148\/2023\/06\/POST-BEBE-SEGURANCA-DO-BEBE-O-UNIVERSO-FAMILIA-2-768x538.png 768w\" sizes=\"(max-width: 800px) 100vw, 800px\" \/><\/figure><\/div>\n\n\n<p>Under REM-s\u00f8vn er hjerneaktiviteten mere intens, mens man ikke har en dybere og roligere s\u00f8vn under ikke-REM-s\u00f8vn.<\/p>\n\n\n\n<h3 class=\"wp-block-heading\">REM-s\u00f8vn<\/h3>\n\n\n\n<p>REM-fasen er afg\u00f8rende for babyens hjerneudvikling. I denne fase forekommer der intens hjerneaktivitet, svarende til den hos to voksne.<\/p>\n\n\n\n<p>Det er den tilstand, vi dr\u00f8mmer om. Under REM-s\u00f8vnen bev\u00e6ger babyens \u00f8jne sig hurtigt fra den ene side til den anden.<\/p>\n\n\n\n<h3 class=\"wp-block-heading\">Sono n\u00e3o-REM<\/h3>\n\n\n\n<p>Non-REM-s\u00f8vn er karakteriseret ved langsommere hjerneaktivitet og bredere hjerneb\u00f8lger.<\/p>\n\n\n\n<p>Der er tre forskellige stadier af ikke-REM-s\u00f8vn, lige fra lettere til dybere. Det er ikke en dybere tilstand, eller den kan v\u00e6re sv\u00e6rere at huske.<\/p>\n\n\n\n<h3 class=\"wp-block-heading\">Holdbarhed af lydcyklusser<\/h3>\n\n\n\n<p>Babyens s\u00f8vncyklusser er kortere end to voksnes. Mens en voksen kan gennemg\u00e5 en komplet s\u00f8vncyklus p\u00e5 omkring 90 minutter, kan babyer gennemg\u00e5 cyklusser p\u00e5 50 til 60 minutter.<\/p>\n\n\n\n<p>Denne forskel forklarer, hvorfor babyer er enige oftere om natten.<\/p>\n\n\n\n<h3 class=\"wp-block-heading\">Konklusion<\/h3>\n\n\n\n<p>At forst\u00e5 babyers lydcyklusser og anvende passende teknikker kan g\u00f8re en stor forskel i lydkvaliteten b\u00e5de for babyen og for landet.<\/p>\n\n\n\n<p>Etabler en fast rutine, skab et milj\u00f8, der er befordrende for sono, undg\u00e5 overdreven stimulering f\u00f8r sengetid, v\u00e6r opm\u00e6rksom p\u00e5 sono sinais, tilbyd tilstr\u00e6kkelig ern\u00e6ring og s\u00f8rg for komfort og tryghed med strategier, der kan hj\u00e6lpe med at forbedre babyens sono.<\/p>\n\n\n\n<p>Husk at hver baby er unik, s\u00e5 det kan v\u00e6re n\u00f8dvendigt at justere teknikkerne efter individuelle behov. V\u00e6r t\u00e5lmodig, og miste ikke modet, hvis din babys lyd ikke stabiliserer sig med det samme.<\/p>\n\n\n\n<p>Med tiden er det muligt at etablere en sund og lydrutine for hele familien.<\/p>\n\n\n\n<p>Brug for tilbeh\u00f8r og t\u00f8j, conhe\u00e7a | <a href=\"https:\/\/www.luzbaby.com.br\/\" target=\"_blank\" rel=\"noreferrer noopener\">A Luz Baby er en af de bedste butikker med babyprodukter. Klik her.<\/a><\/p>\n\n\n\n<h3 class=\"wp-block-heading\">Kilde til forskning<\/h3>\n\n\n\n<p>N\u00e5r du skriver en artikel, er det altid vigtigt at citere p\u00e5lidelige kilder for at samle indholdet. Her er nogle ressourcer, du kan bruge til at l\u00e6re mere om din babys s\u00f8vncyklusser:<\/p>\n\n\n\n<p>American Academy of Pediatrics (AAP): AAP&#039;s hjemmeside tilbyder omfattende information om b\u00f8rns sundhed, herunder artikler og evidensbaserede retningslinjer. Du kan f\u00e5 adgang til hjemmesiden p\u00e5: https:\/\/www.aap.org\/<\/p>\n\n\n\n<p>Funda\u00e7\u00e3o Nacional do Sono (National Sleep Foundation): National Sleep Foundation er en nonprofitorganisation dedikeret til at fremme s\u00f8vnsundhed. Dette websted indeholder nyttige oplysninger om b\u00f8rns lyde. Adgang her: https:\/\/www.sleepfoundation.org\/<\/p>\n\n\n\n<p>Mayo Clinic: Mayo Clinic er en anerkendt medicinsk institution, der leverer p\u00e5lidelig information om en bred vifte af sundhedsemner. Du kan finde information om baby-sonocyklusser p\u00e5: https:\/\/www.mayoclinic.org\/<\/p>\n\n\n\n<p>Centers for Disease Control and Prevention (CDC): CDC er et f\u00f8deralt agentur i USA, der leverer p\u00e5lidelig information om sundhed og velv\u00e6re. Dette websted indeholder nyttige ressourcer om b\u00f8rns lyde. Adgang hertil: https:\/\/www.cdc.gov\/<\/p>\n\n\n\n<p>Specialb\u00f8ger: Der findes mange b\u00f8ger skrevet af specialister i sp\u00e6db\u00f8rnssono, der giver detaljerede oplysninger om babysonocyklusser. Nogle popul\u00e6re eksempler inkluderer &quot;L\u00f8s dit barns s\u00f8vnproblemer&quot; af Richard Ferber og &quot;Healthy Sleep Habits, Happy Child&quot; af Marc Weissbluth.<\/p>\n\n\n\n<p>N\u00e5r du bruger disse kilder, skal du s\u00f8rge for at citere informationen korrekt og respektere forfatterens rettigheder. En s\u00f8gning efter flere kilder, du har tillid til, og en kritisk analyse af informationen er afg\u00f8rende for at garantere din artikels n\u00f8jagtighed og trov\u00e6rdighed.<\/p>","protected":false},"excerpt":{"rendered":"<p>N\u00e5r du bruger babys\u00f8vncyklusser, s\u00e5 forst\u00e5 og hj\u00e6lp din lille med at sove bedre.<\/p>\n<p>Babyers s\u00f8vncyklusser er afg\u00f8rende for din sunde udvikling og ogs\u00e5 for at sikre, at dit land har \u00f8jeblikke med hvile.<\/p>\n<p>Det kan v\u00e6re en udfordring at forst\u00e5, hvordan disse cyklusser fungerer, og at anvende passende teknikker til at hj\u00e6lpe din baby med at sove bedre, men med t\u00e5lmodighed og viden er det muligt at etablere en sund s\u00f8vnrutine for hele familien.<\/p>\n<p>I denne artikel vil vi udforske de forskellige stadier af babylydgivning og give v\u00e6rdifulde r\u00e5d til at fremme processen.<\/p>","protected":false},"author":0,"featured_media":2245,"comment_status":"closed","ping_status":"open","sticky":false,"template":"","format":"standard","meta":{"footnotes":""},"categories":[5],"tags":[560,1437,1448],"yoast_head":"<!-- This site is optimized with the Yoast SEO plugin v23.3 - https:\/\/yoast.com\/wordpress\/plugins\/seo\/ -->\n<title>Quais os Ciclos do Sono do Beb\u00ea - Universo Fam\u00edlia<\/title>\n<meta name=\"description\" content=\"Quais os Ciclos do Sono do Beb\u00ea, entenda e Ajude seu Pequeno a Dormir Melhor.\" \/>\n<meta name=\"robots\" content=\"index, follow, max-snippet:-1, max-image-preview:large, max-video-preview:-1\" \/>\n<link rel=\"canonical\" href=\"https:\/\/universofamilia.com\/da\/quais-os-ciclos-do-sono-do-bebe\/\" \/>\n<meta property=\"og:locale\" content=\"da_DK\" \/>\n<meta property=\"og:type\" content=\"article\" \/>\n<meta property=\"og:title\" content=\"Quais os Ciclos do Sono do Beb\u00ea - Universo Fam\u00edlia\" \/>\n<meta property=\"og:description\" content=\"Quais os Ciclos do Sono do Beb\u00ea, entenda e Ajude seu Pequeno a Dormir Melhor.\" \/>\n<meta property=\"og:url\" content=\"https:\/\/universofamilia.com\/da\/quais-os-ciclos-do-sono-do-bebe\/\" \/>\n<meta property=\"og:site_name\" content=\"Universo Fam\u00edlia\" \/>\n<meta property=\"article:published_time\" content=\"2023-06-05T22:19:36+00:00\" \/>\n<meta property=\"og:image\" content=\"https:\/\/universofamilia.com\/wp-content\/uploads\/sites\/148\/2023\/06\/FOTO-DESTAQUE-ciclos-de-sono-do-bebe-universo-familia-448x350-.png\" \/>\n\t<meta property=\"og:image:width\" content=\"448\" \/>\n\t<meta property=\"og:image:height\" content=\"350\" \/>\n\t<meta property=\"og:image:type\" content=\"image\/png\" \/>\n<meta name=\"twitter:card\" content=\"summary_large_image\" \/>\n<meta name=\"twitter:label1\" content=\"Est. reading time\" \/>\n\t<meta name=\"twitter:data1\" content=\"5 minutter\" \/>\n<script type=\"application\/ld+json\" class=\"yoast-schema-graph\">{\"@context\":\"https:\/\/schema.org\",\"@graph\":[{\"@type\":\"WebPage\",\"@id\":\"https:\/\/universofamilia.com\/zh_hk\/quais-os-ciclos-do-sono-do-bebe\/\",\"url\":\"https:\/\/universofamilia.com\/zh_hk\/quais-os-ciclos-do-sono-do-bebe\/\",\"name\":\"Quais os Ciclos do Sono do Beb\u00ea - Universo Fam\u00edlia\",\"isPartOf\":{\"@id\":\"https:\/\/universofamilia.com\/el\/#website\"},\"primaryImageOfPage\":{\"@id\":\"https:\/\/universofamilia.com\/zh_hk\/quais-os-ciclos-do-sono-do-bebe\/#primaryimage\"},\"image\":{\"@id\":\"https:\/\/universofamilia.com\/zh_hk\/quais-os-ciclos-do-sono-do-bebe\/#primaryimage\"},\"thumbnailUrl\":\"https:\/\/universofamilia.com\/wp-content\/uploads\/sites\/148\/2023\/06\/FOTO-DESTAQUE-ciclos-de-sono-do-bebe-universo-familia-448x350-.png\",\"datePublished\":\"2023-06-05T22:19:36+00:00\",\"dateModified\":\"2023-06-05T22:19:36+00:00\",\"author\":{\"@id\":\"\"},\"description\":\"Quais os Ciclos do Sono do Beb\u00ea, entenda e Ajude seu Pequeno a Dormir Melhor.\",\"breadcrumb\":{\"@id\":\"https:\/\/universofamilia.com\/zh_hk\/quais-os-ciclos-do-sono-do-bebe\/#breadcrumb\"},\"inLanguage\":\"da-DK\",\"potentialAction\":[{\"@type\":\"ReadAction\",\"target\":[\"https:\/\/universofamilia.com\/zh_hk\/quais-os-ciclos-do-sono-do-bebe\/\"]}]},{\"@type\":\"ImageObject\",\"inLanguage\":\"da-DK\",\"@id\":\"https:\/\/universofamilia.com\/zh_hk\/quais-os-ciclos-do-sono-do-bebe\/#primaryimage\",\"url\":\"https:\/\/universofamilia.com\/wp-content\/uploads\/sites\/148\/2023\/06\/FOTO-DESTAQUE-ciclos-de-sono-do-bebe-universo-familia-448x350-.png\",\"contentUrl\":\"https:\/\/universofamilia.com\/wp-content\/uploads\/sites\/148\/2023\/06\/FOTO-DESTAQUE-ciclos-de-sono-do-bebe-universo-familia-448x350-.png\",\"width\":448,\"height\":350},{\"@type\":\"BreadcrumbList\",\"@id\":\"https:\/\/universofamilia.com\/zh_hk\/quais-os-ciclos-do-sono-do-bebe\/#breadcrumb\",\"itemListElement\":[{\"@type\":\"ListItem\",\"position\":1,\"name\":\"Home\",\"item\":\"https:\/\/universofamilia.com\/el\/\"},{\"@type\":\"ListItem\",\"position\":2,\"name\":\"Quais os Ciclos do Sono do Beb\u00ea\"}]},{\"@type\":\"WebSite\",\"@id\":\"https:\/\/universofamilia.com\/el\/#website\",\"url\":\"https:\/\/universofamilia.com\/el\/\",\"name\":\"Universo Fam\u00edlia\",\"description\":\"\",\"potentialAction\":[{\"@type\":\"SearchAction\",\"target\":{\"@type\":\"EntryPoint\",\"urlTemplate\":\"https:\/\/universofamilia.com\/el\/?s={search_term_string}\"},\"query-input\":\"required name=search_term_string\"}],\"inLanguage\":\"da-DK\"}]}<\/script>\n<!-- \/ Yoast SEO plugin. -->","yoast_head_json":{"title":"Quais os Ciclos do Sono do Beb\u00ea - Universo Fam\u00edlia","description":"Quais os Ciclos do Sono do Beb\u00ea, entenda e Ajude seu Pequeno a Dormir Melhor.","robots":{"index":"index","follow":"follow","max-snippet":"max-snippet:-1","max-image-preview":"max-image-preview:large","max-video-preview":"max-video-preview:-1"},"canonical":"https:\/\/universofamilia.com\/da\/quais-os-ciclos-do-sono-do-bebe\/","og_locale":"da_DK","og_type":"article","og_title":"Quais os Ciclos do Sono do Beb\u00ea - Universo Fam\u00edlia","og_description":"Quais os Ciclos do Sono do Beb\u00ea, entenda e Ajude seu Pequeno a Dormir Melhor.","og_url":"https:\/\/universofamilia.com\/da\/quais-os-ciclos-do-sono-do-bebe\/","og_site_name":"Universo Fam\u00edlia","article_published_time":"2023-06-05T22:19:36+00:00","og_image":[{"width":448,"height":350,"url":"https:\/\/universofamilia.com\/wp-content\/uploads\/sites\/148\/2023\/06\/FOTO-DESTAQUE-ciclos-de-sono-do-bebe-universo-familia-448x350-.png","type":"image\/png"}],"twitter_card":"summary_large_image","twitter_misc":{"Est. reading time":"5 minutter"},"schema":{"@context":"https:\/\/schema.org","@graph":[{"@type":"WebPage","@id":"https:\/\/universofamilia.com\/zh_hk\/quais-os-ciclos-do-sono-do-bebe\/","url":"https:\/\/universofamilia.com\/zh_hk\/quais-os-ciclos-do-sono-do-bebe\/","name":"Quais os Ciclos do Sono do Beb\u00ea - Universo Fam\u00edlia","isPartOf":{"@id":"https:\/\/universofamilia.com\/el\/#website"},"primaryImageOfPage":{"@id":"https:\/\/universofamilia.com\/zh_hk\/quais-os-ciclos-do-sono-do-bebe\/#primaryimage"},"image":{"@id":"https:\/\/universofamilia.com\/zh_hk\/quais-os-ciclos-do-sono-do-bebe\/#primaryimage"},"thumbnailUrl":"https:\/\/universofamilia.com\/wp-content\/uploads\/sites\/148\/2023\/06\/FOTO-DESTAQUE-ciclos-de-sono-do-bebe-universo-familia-448x350-.png","datePublished":"2023-06-05T22:19:36+00:00","dateModified":"2023-06-05T22:19:36+00:00","author":{"@id":""},"description":"Quais os Ciclos do Sono do Beb\u00ea, entenda e Ajude seu Pequeno a Dormir Melhor.","breadcrumb":{"@id":"https:\/\/universofamilia.com\/zh_hk\/quais-os-ciclos-do-sono-do-bebe\/#breadcrumb"},"inLanguage":"da-DK","potentialAction":[{"@type":"ReadAction","target":["https:\/\/universofamilia.com\/zh_hk\/quais-os-ciclos-do-sono-do-bebe\/"]}]},{"@type":"ImageObject","inLanguage":"da-DK","@id":"https:\/\/universofamilia.com\/zh_hk\/quais-os-ciclos-do-sono-do-bebe\/#primaryimage","url":"https:\/\/universofamilia.com\/wp-content\/uploads\/sites\/148\/2023\/06\/FOTO-DESTAQUE-ciclos-de-sono-do-bebe-universo-familia-448x350-.png","contentUrl":"https:\/\/universofamilia.com\/wp-content\/uploads\/sites\/148\/2023\/06\/FOTO-DESTAQUE-ciclos-de-sono-do-bebe-universo-familia-448x350-.png","width":448,"height":350},{"@type":"BreadcrumbList","@id":"https:\/\/universofamilia.com\/zh_hk\/quais-os-ciclos-do-sono-do-bebe\/#breadcrumb","itemListElement":[{"@type":"ListItem","position":1,"name":"Home","item":"https:\/\/universofamilia.com\/el\/"},{"@type":"ListItem","position":2,"name":"Quais os Ciclos do Sono do Beb\u00ea"}]},{"@type":"WebSite","@id":"https:\/\/universofamilia.com\/el\/#website","url":"https:\/\/universofamilia.com\/el\/","name":"Universo Fam\u00edlia","description":"","potentialAction":[{"@type":"SearchAction","target":{"@type":"EntryPoint","urlTemplate":"https:\/\/universofamilia.com\/el\/?s={search_term_string}"},"query-input":"required name=search_term_string"}],"inLanguage":"da-DK"}]}},"_links":{"self":[{"href":"https:\/\/universofamilia.com\/da\/wp-json\/wp\/v2\/posts\/2242"}],"collection":[{"href":"https:\/\/universofamilia.com\/da\/wp-json\/wp\/v2\/posts"}],"about":[{"href":"https:\/\/universofamilia.com\/da\/wp-json\/wp\/v2\/types\/post"}],"replies":[{"embeddable":true,"href":"https:\/\/universofamilia.com\/da\/wp-json\/wp\/v2\/comments?post=2242"}],"version-history":[{"count":0,"href":"https:\/\/universofamilia.com\/da\/wp-json\/wp\/v2\/posts\/2242\/revisions"}],"wp:featuredmedia":[{"embeddable":true,"href":"https:\/\/universofamilia.com\/da\/wp-json\/wp\/v2\/media\/2245"}],"wp:attachment":[{"href":"https:\/\/universofamilia.com\/da\/wp-json\/wp\/v2\/media?parent=2242"}],"wp:term":[{"taxonomy":"category","embeddable":true,"href":"https:\/\/universofamilia.com\/da\/wp-json\/wp\/v2\/categories?post=2242"},{"taxonomy":"post_tag","embeddable":true,"href":"https:\/\/universofamilia.com\/da\/wp-json\/wp\/v2\/tags?post=2242"}],"curies":[{"name":"wp","href":"https:\/\/api.w.org\/{rel}","templated":true}]}}