{"id":2359,"date":"2023-06-10T21:30:12","date_gmt":"2023-06-11T00:30:12","guid":{"rendered":"https:\/\/universofamilia.com\/?p=2359"},"modified":"2025-01-28T15:03:22","modified_gmt":"2025-01-28T15:03:22","slug":"10-dicas-funcionais-para-monta-um-quarto-de-bebe-funcional","status":"publish","type":"post","link":"https:\/\/universofamilia.com\/da\/10-dicas-funcionais-para-monta-um-quarto-de-bebe-funcional\/","title":{"rendered":"10 brugbare tips til indretning af et babyv\u00e6relse"},"content":{"rendered":"<p>Bem-vinda (o) et magisk \u00f8jeblik, hvor du indretter dit babyv\u00e6relse! Se 10 funktionelle billeder til montering af babyv\u00e6relset.<\/p>\n\n\n\n<p>I denne guide deler vi nogle af de essentielle ting til at skabe et funktionelt og charmerende milj\u00f8 for din lille skat.<\/p>\n\n\n\n<p>Fra valg af tema til de personlige detaljer, f\u00f8lg vores retningslinjer for at g\u00f8re dette rum unikt og indbydende.<\/p>\n\n\n\n<p>Til sidst vil der v\u00e6re en bonus, der vil hj\u00e6lpe dig meget.<\/p>\n\n\n<div class=\"wp-block-image\">\n<figure class=\"aligncenter size-full\"><img loading=\"lazy\" decoding=\"async\" width=\"800\" height=\"560\" src=\"http:\/\/universofamilia.com\/wp-content\/uploads\/sites\/148\/2023\/06\/POST-10-Dicas-Funcionais-para-Montar-um-Quarto-de-Bebe-Funcional-UNIVERSO-FAMILIA-5.png\" alt=\"\" class=\"wp-image-2365\" srcset=\"https:\/\/universofamilia.com\/wp-content\/uploads\/sites\/148\/2023\/06\/POST-10-Dicas-Funcionais-para-Montar-um-Quarto-de-Bebe-Funcional-UNIVERSO-FAMILIA-5.png 800w, https:\/\/universofamilia.com\/wp-content\/uploads\/sites\/148\/2023\/06\/POST-10-Dicas-Funcionais-para-Montar-um-Quarto-de-Bebe-Funcional-UNIVERSO-FAMILIA-5-300x210.png 300w, https:\/\/universofamilia.com\/wp-content\/uploads\/sites\/148\/2023\/06\/POST-10-Dicas-Funcionais-para-Montar-um-Quarto-de-Bebe-Funcional-UNIVERSO-FAMILIA-5-768x538.png 768w\" sizes=\"(max-width: 800px) 100vw, 800px\" \/><figcaption class=\"wp-element-caption\"><em>Foto: (reproduktion\/internet)<\/em><\/figcaption><\/figure><\/div>\n\n\n<h3 class=\"wp-block-heading\">L\u00e6s ogs\u00e5:<\/h3>\n\n\n\n<p><a href=\"https:\/\/universofamilia.com\/da\/o-que-influencia-o-sono-do-bebe\/\" target=\"_blank\" rel=\"noreferrer noopener\">O Que Influence no Sono do B\u00ea | Ber\u00e7o, delt seng eller Montessoriana?<\/a><\/p>\n\n\n\n<p><a href=\"https:\/\/universofamilia.com\/da\/dicas-de-seguranca-para-o-sono-do-bebe-escolha-do-local-posicao-colchao-e-muito-mais\/\" target=\"_blank\" rel=\"noreferrer noopener\">Sikkerhedsinstruktioner til babyens s\u00f8n: sikkert sted, stilling, madras og meget mere<\/a><\/p>\n\n\n\n<h3 class=\"wp-block-heading\">Valg af tema og stil<\/h3>\n\n\n\n<p>N\u00e5r du begynder at planl\u00e6gge dit v\u00e6relse, er det vigtigt at v\u00e6lge et tema og en stil, der formidler harmoni og fred.<\/p>\n\n\n\n<p>Overvej derfor din families personlighed, og v\u00e6lg en dekoration, der er charmerende og f\u00e6ngslende for din prinsesse.<\/p>\n\n\n\n<h3 class=\"wp-block-heading\">Kerner og dekoration<\/h3>\n\n\n\n<p>Disse kerner spiller en afg\u00f8rende rolle i at skabe et roligt milj\u00f8. V\u00e6lg bl\u00f8de farver, s\u00e5som pastelrosa, lilla eller babybl\u00e5, til at male v\u00e6ggene.<\/p>\n\n\n\n<p>Kombiner med tematiske dekorative elementer, s\u00e5som pel\u00facia-insekter, skyer og stjerner.<\/p>\n\n\n\n<h3 class=\"wp-block-heading\">Essentielle m\u00f8bler<\/h3>\n\n\n<div class=\"wp-block-image\">\n<figure class=\"aligncenter size-full\"><img loading=\"lazy\" decoding=\"async\" width=\"800\" height=\"560\" src=\"http:\/\/universofamilia.com\/wp-content\/uploads\/sites\/148\/2023\/06\/POST-10-Dicas-Funcionais-para-Montar-um-Quarto-de-Bebe-Funcional-UNIVERSO-FAMILIA-1.png\" alt=\"\" class=\"wp-image-2361\" srcset=\"https:\/\/universofamilia.com\/wp-content\/uploads\/sites\/148\/2023\/06\/POST-10-Dicas-Funcionais-para-Montar-um-Quarto-de-Bebe-Funcional-UNIVERSO-FAMILIA-1.png 800w, https:\/\/universofamilia.com\/wp-content\/uploads\/sites\/148\/2023\/06\/POST-10-Dicas-Funcionais-para-Montar-um-Quarto-de-Bebe-Funcional-UNIVERSO-FAMILIA-1-300x210.png 300w, https:\/\/universofamilia.com\/wp-content\/uploads\/sites\/148\/2023\/06\/POST-10-Dicas-Funcionais-para-Montar-um-Quarto-de-Bebe-Funcional-UNIVERSO-FAMILIA-1-768x538.png 768w\" sizes=\"(max-width: 800px) 100vw, 800px\" \/><figcaption class=\"wp-element-caption\"><em>Foto: (reproduktion\/internet)<\/em><\/figcaption><\/figure><\/div>\n\n\n<p>Dine bev\u00e6gelser er afg\u00f8rende for et funktionelt rum. Invester i komfortabel og sikker opbevaring, en rummelig kommode til opbevaring af t\u00f8j og nederdele og et t\u00f8jstativ med smarte rumdelere til at organisere din babys ejendele.<\/p>\n\n\n\n<h3 class=\"wp-block-heading\">Belysning og ventilation<\/h3>\n\n\n\n<p>Tilstr\u00e6kkelig belysning skaber en hyggelig og afslappende atmosf\u00e6re. V\u00e6lg lamper med bl\u00f8dt, justerbart lys, ideelt til amnings\u00f8jeblikke om natten.<\/p>\n\n\n\n<p>S\u00f8rg ogs\u00e5 for at have gardiner eller persienner, der blokerer for lys og garanterer din babys privatliv.<\/p>\n\n\n\n<h3 class=\"wp-block-heading\">Organisering og opbevaring<\/h3>\n\n\n\n<p>Det er vigtigt at holde dit v\u00e6relse organiseret for at lette din hverdag med din baby. Brug hylder og nicher til at fremvise dekorative genstande og leget\u00f8j. Opbevaringskasser og kurve er perfekte til opbevaring af t\u00f8j, t\u00f8j og tilbeh\u00f8r, s\u00e5 alt er inden for r\u00e6kkevidde.<\/p>\n\n\n<div class=\"wp-block-image\">\n<figure class=\"aligncenter size-full\"><img loading=\"lazy\" decoding=\"async\" width=\"800\" height=\"560\" src=\"http:\/\/universofamilia.com\/wp-content\/uploads\/sites\/148\/2023\/06\/POST-10-Dicas-Funcionais-para-Montar-um-Quarto-de-Bebe-Funcional-UNIVERSO-FAMILIA-2.png\" alt=\"\" class=\"wp-image-2362\" srcset=\"https:\/\/universofamilia.com\/wp-content\/uploads\/sites\/148\/2023\/06\/POST-10-Dicas-Funcionais-para-Montar-um-Quarto-de-Bebe-Funcional-UNIVERSO-FAMILIA-2.png 800w, https:\/\/universofamilia.com\/wp-content\/uploads\/sites\/148\/2023\/06\/POST-10-Dicas-Funcionais-para-Montar-um-Quarto-de-Bebe-Funcional-UNIVERSO-FAMILIA-2-300x210.png 300w, https:\/\/universofamilia.com\/wp-content\/uploads\/sites\/148\/2023\/06\/POST-10-Dicas-Funcionais-para-Montar-um-Quarto-de-Bebe-Funcional-UNIVERSO-FAMILIA-2-768x538.png 768w\" sizes=\"(max-width: 800px) 100vw, 800px\" \/><figcaption class=\"wp-element-caption\"><em>Foto: (reproduktion\/internet)<\/em><\/figcaption><\/figure><\/div>\n\n\n<h3 class=\"wp-block-heading\">Sikkerhed og praktisk anvendelighed<\/h3>\n\n\n\n<p>Babysikkerhed b\u00f8r altid v\u00e6re en prioritet, n\u00e5r man indretter rummet.<\/p>\n\n\n\n<p>S\u00f8rg for at installere stikkontaktbeskyttere, sikkerhedsl\u00e5se p\u00e5 skuffer og skabe, og fjern m\u00f8bler med afrundede kanter for at undg\u00e5 ulykker.<\/p>\n\n\n\n<p>Hold ogs\u00e5 kemikalier og skarpe genstande utilg\u00e6ngeligt for din baby, hvilket sikrer et sikkert og praktisk milj\u00f8.<\/p>\n\n\n\n<h3 class=\"wp-block-heading\">Personlige detaljer<\/h3>\n\n\n\n<p>Tilf\u00f8j et s\u00e6rligt pr\u00e6g til dit barns v\u00e6relse med personlige detaljer<\/p>\n\n\n\n<p>Pois, dekorative malerier med fine billeder, familiefotos og plaketter med navnet p\u00e5 din anjinho giver milj\u00f8et en unik charme. Bl\u00f8de puder og t\u00e6pper giver komfort og hygge.<\/p>\n\n\n\n<h3 class=\"wp-block-heading\">Ammekantine<\/h3>\n\n\n<div class=\"wp-block-image\">\n<figure class=\"aligncenter size-full\"><img loading=\"lazy\" decoding=\"async\" width=\"800\" height=\"560\" src=\"http:\/\/universofamilia.com\/wp-content\/uploads\/sites\/148\/2023\/06\/POST-10-Dicas-Funcionais-para-Montar-um-Quarto-de-Bebe-Funcional-UNIVERSO-FAMILIA-3.png\" alt=\"\" class=\"wp-image-2363\" srcset=\"https:\/\/universofamilia.com\/wp-content\/uploads\/sites\/148\/2023\/06\/POST-10-Dicas-Funcionais-para-Montar-um-Quarto-de-Bebe-Funcional-UNIVERSO-FAMILIA-3.png 800w, https:\/\/universofamilia.com\/wp-content\/uploads\/sites\/148\/2023\/06\/POST-10-Dicas-Funcionais-para-Montar-um-Quarto-de-Bebe-Funcional-UNIVERSO-FAMILIA-3-300x210.png 300w, https:\/\/universofamilia.com\/wp-content\/uploads\/sites\/148\/2023\/06\/POST-10-Dicas-Funcionais-para-Montar-um-Quarto-de-Bebe-Funcional-UNIVERSO-FAMILIA-3-768x538.png 768w\" sizes=\"(max-width: 800px) 100vw, 800px\" \/><figcaption class=\"wp-element-caption\"><em>Foto: (reproduktion\/internet)<\/em><\/figcaption><\/figure><\/div>\n\n\n<p>Det er vigtigt at have en sutteflaske til babyen for at styrke b\u00e5ndet med din baby. Invester i en behagelig og ergonomisk stol, hvor du kan slappe af under blowjobs.<\/p>\n\n\n\n<p>En ammepude giver tilstr\u00e6kkelig st\u00f8tte til babyen, hvilket g\u00f8r denne stund mere fredelig. Kort sagt, der er ingen tvivl om at tilf\u00f8je en prateleira eller st\u00f8tte til tilbeh\u00f8r, s\u00e5som flasker og salver.<\/p>\n\n\n\n<h3 class=\"wp-block-heading\">Konklusion<\/h3>\n\n\n\n<p>Det er sp\u00e6ndende at indrette babyv\u00e6relset og overg\u00e5r forventningerne. Ved at f\u00f8lge disse 10 trin, der virker, skaber du et behageligt, trygt og funktionelt rum til din lille skat.<\/p>\n\n\n\n<p>Derfor er det kendt, at hver eneste detalje er vigtig, fra bl\u00f8de kerner til praktiske og personlige bev\u00e6gelser.<\/p>\n\n\n\n<p>Udnyt dette unikke \u00f8jeblik, og forbered dig p\u00e5 at byde din baby velkommen i et varmt milj\u00f8 med k\u00e6rlighed og omsorg.<\/p>\n\n\n\n<h3 class=\"wp-block-heading\">Bonus \u2013 De hyppigst stillede sp\u00f8rgsm\u00e5l blandt landene<\/h3>\n\n\n\n<p><strong>1. Hvordan kan jeg indrette et babyv\u00e6relse i et lille rum?<\/strong><\/p>\n\n\n\n<p>For at optimere pladsen i et lille rum, v\u00e6lg multifunktionelle m\u00f8bler, s\u00e5som hylder med indbyggede skuffer og kommoder, der ogs\u00e5 fungerer som opbevaringsenhed. Brug endelig hylder og nicher i v\u00e6ggene for at spare plads.<\/p>\n\n\n\n<p><strong>2. Hvor vigtigt er det at v\u00e6lge holdbare og sikre k\u00f8ret\u00f8jer?<\/strong><\/p>\n\n\n\n<p>Holdbare og sikre urv\u00e6rker garanterer babyers sikkerhed og lang levetid for to urv\u00e6rker. S\u00f8rg samtidig for at v\u00e6lge produkter med sikkerhedscertificeringer og kvalitetsmaterialer, der kan modst\u00e5 daglig brug.<\/p>\n\n\n\n<p><strong>3. Hvilke kerner er bedst egnede til babyv\u00e6relset?<\/strong><\/p>\n\n\n\n<p>Bl\u00f8de farver, s\u00e5som pastelrosa, lilla, babybl\u00e5 og neutrale toner, skaber en rolig og afslappende atmosf\u00e6re. Undg\u00e5 vibrerende kernemuskler, da de kan stimulere babyen for meget.<\/p>\n\n\n\n<p><strong>4. Hvad skal jeg overveje, n\u00e5r jeg opretter en ammestol?<\/strong><\/p>\n\n\n\n<p>En komfortabel ammestol kr\u00e6ver en ergonomisk stol, en ammepude for tilstr\u00e6kkelig st\u00f8tte og en stol eller st\u00f8tte til vigtigt tilbeh\u00f8r.<\/p>\n\n\n\n<p>S\u00f8rg derfor for god belysning og et roligt sted for at skabe en afslappende atmosf\u00e6re.<\/p>\n\n\n<div class=\"wp-block-image\">\n<figure class=\"aligncenter size-full\"><img loading=\"lazy\" decoding=\"async\" width=\"800\" height=\"560\" src=\"http:\/\/universofamilia.com\/wp-content\/uploads\/sites\/148\/2023\/06\/POST-10-Dicas-Funcionais-para-Montar-um-Quarto-de-Bebe-Funcional-UNIVERSO-FAMILIA-4.png\" alt=\"\" class=\"wp-image-2364\" srcset=\"https:\/\/universofamilia.com\/wp-content\/uploads\/sites\/148\/2023\/06\/POST-10-Dicas-Funcionais-para-Montar-um-Quarto-de-Bebe-Funcional-UNIVERSO-FAMILIA-4.png 800w, https:\/\/universofamilia.com\/wp-content\/uploads\/sites\/148\/2023\/06\/POST-10-Dicas-Funcionais-para-Montar-um-Quarto-de-Bebe-Funcional-UNIVERSO-FAMILIA-4-300x210.png 300w, https:\/\/universofamilia.com\/wp-content\/uploads\/sites\/148\/2023\/06\/POST-10-Dicas-Funcionais-para-Montar-um-Quarto-de-Bebe-Funcional-UNIVERSO-FAMILIA-4-768x538.png 768w\" sizes=\"(max-width: 800px) 100vw, 800px\" \/><figcaption class=\"wp-element-caption\"><em>Foto: (reproduktion\/internet)<\/em><\/figcaption><\/figure><\/div>\n\n\n<p><strong>5. Hvordan kan jeg tilf\u00f8je personlige detaljer til babyens v\u00e6relse?<\/strong><\/p>\n\n\n\n<p>Brug dekorative rammer med fine billeder, s\u00e5som illustrationer eller fotografier, der har betydning for familien.<\/p>\n\n\n\n<p>Du kan ogs\u00e5 personligg\u00f8re rummet med plaketter som f.eks. babyens navn, dekorative v\u00e6gklisterm\u00e6rker eller endda brugerdefinerede m\u00f8bler. S\u00e5ledes tilf\u00f8jer disse sm\u00e5 detaljer et unikt og s\u00e6rligt pr\u00e6g til milj\u00f8et.<\/p>\n\n\n\n<p>Kort sagt, nu hvor du har alle de n\u00f8dvendige trin til at indrette et funktionelt babyv\u00e6relse, er det tid til at s\u00e6tte mere i arbejde og skabe et charmerende rum til din lille skat.<\/p>\n\n\n\n<p>Det er derfor vigtigt at overveje sikkerhed, praktisk anvendelighed og familiens personlige smag, n\u00e5r man tr\u00e6ffer beslutninger om indretning og flytning. <\/p>\n\n\n\n<p>Udnyt derfor dette s\u00e6rlige \u00f8jeblik og forbered dig p\u00e5 at byde din baby velkommen i et behageligt og k\u00e6rligt milj\u00f8.<\/p>\n\n\n\n<p>Brug for tilbeh\u00f8r og t\u00f8j, conhe\u00e7a |&nbsp;<a href=\"https:\/\/www.luzbaby.com.br\/\" target=\"_blank\" rel=\"noreferrer noopener\">A Luz Baby er en af de bedste butikker med babyprodukter. Klik her<\/a><\/p>","protected":false},"excerpt":{"rendered":"<p>Bem-vinda (o) et magisk \u00f8jeblik, hvor man indretter sit barns v\u00e6relse!<\/p>\n<p>I denne guide deler vi 10 essentielle tips til at skabe et funktionelt og charmerende milj\u00f8 for din lille skat.<\/p>\n<p>Fra valg af tema til de personlige detaljer, f\u00f8lg vores retningslinjer for at g\u00f8re dette rum unikt og indbydende.<\/p>\n<p>Til sidst vil der v\u00e6re en bonus, der vil hj\u00e6lpe dig meget.<\/p>","protected":false},"author":139,"featured_media":2366,"comment_status":"closed","ping_status":"open","sticky":false,"template":"","format":"standard","meta":{"footnotes":""},"categories":[3],"tags":[28,719,773],"yoast_head":"<!-- This site is optimized with the Yoast SEO plugin v23.3 - https:\/\/yoast.com\/wordpress\/plugins\/seo\/ -->\n<title>10 Dicas Funcionais para Montar o Quarto de Beb\u00ea - Universo Fam\u00edlia<\/title>\n<meta name=\"description\" content=\"10 Dicas Funcionais para Montar um Quarto de Beb\u00ea Funcional. Bem-vinda (o) ao momento m\u00e1gico de montar o quarto do seu beb\u00ea\" \/>\n<meta name=\"robots\" content=\"index, follow, max-snippet:-1, max-image-preview:large, max-video-preview:-1\" \/>\n<link rel=\"canonical\" href=\"http:\/\/universofamilia.com\/da\/10-dicas-funcionais-para-monta-um-quarto-de-bebe-funcional\/\" \/>\n<meta property=\"og:locale\" content=\"da_DK\" \/>\n<meta property=\"og:type\" content=\"article\" \/>\n<meta property=\"og:title\" content=\"10 Dicas Funcionais para Montar o Quarto de Beb\u00ea - Universo Fam\u00edlia\" \/>\n<meta property=\"og:description\" content=\"10 Dicas Funcionais para Montar um Quarto de Beb\u00ea Funcional. Bem-vinda (o) ao momento m\u00e1gico de montar o quarto do seu beb\u00ea\" \/>\n<meta property=\"og:url\" content=\"http:\/\/universofamilia.com\/da\/10-dicas-funcionais-para-monta-um-quarto-de-bebe-funcional\/\" \/>\n<meta property=\"og:site_name\" content=\"Universo Fam\u00edlia\" \/>\n<meta property=\"article:published_time\" content=\"2023-06-11T00:30:12+00:00\" \/>\n<meta property=\"article:modified_time\" content=\"2025-01-28T15:03:22+00:00\" \/>\n<meta property=\"og:image\" content=\"http:\/\/universofamilia.com\/wp-content\/uploads\/sites\/148\/2023\/06\/FOTO-DESTAQUE-10-Dicas-Funcionais-para-Montar-um-Quarto-de-Bebe-Funcional-a-universo-familia-448x350-.png\" \/>\n\t<meta property=\"og:image:width\" content=\"448\" \/>\n\t<meta property=\"og:image:height\" content=\"350\" \/>\n\t<meta property=\"og:image:type\" content=\"image\/png\" \/>\n<meta name=\"author\" content=\"Pedro Henrique\" \/>\n<meta name=\"twitter:card\" content=\"summary_large_image\" \/>\n<meta name=\"twitter:label1\" content=\"Written by\" \/>\n\t<meta name=\"twitter:data1\" content=\"Pedro Henrique\" \/>\n\t<meta name=\"twitter:label2\" content=\"Est. reading time\" \/>\n\t<meta name=\"twitter:data2\" content=\"7 minutter\" \/>\n<script type=\"application\/ld+json\" class=\"yoast-schema-graph\">{\"@context\":\"https:\/\/schema.org\",\"@graph\":[{\"@type\":\"WebPage\",\"@id\":\"http:\/\/universofamilia.com\/sk\/10-dicas-funcionais-para-monta-um-quarto-de-bebe-funcional\/\",\"url\":\"http:\/\/universofamilia.com\/sk\/10-dicas-funcionais-para-monta-um-quarto-de-bebe-funcional\/\",\"name\":\"10 Dicas Funcionais para Montar o Quarto de Beb\u00ea - Universo Fam\u00edlia\",\"isPartOf\":{\"@id\":\"http:\/\/universofamilia.com\/zh_hk\/#website\"},\"primaryImageOfPage\":{\"@id\":\"http:\/\/universofamilia.com\/sk\/10-dicas-funcionais-para-monta-um-quarto-de-bebe-funcional\/#primaryimage\"},\"image\":{\"@id\":\"http:\/\/universofamilia.com\/sk\/10-dicas-funcionais-para-monta-um-quarto-de-bebe-funcional\/#primaryimage\"},\"thumbnailUrl\":\"https:\/\/universofamilia.com\/wp-content\/uploads\/sites\/148\/2023\/06\/FOTO-DESTAQUE-10-Dicas-Funcionais-para-Montar-um-Quarto-de-Bebe-Funcional-a-universo-familia-448x350-.png\",\"datePublished\":\"2023-06-11T00:30:12+00:00\",\"dateModified\":\"2025-01-28T15:03:22+00:00\",\"author\":{\"@id\":\"http:\/\/universofamilia.com\/zh_hk\/#\/schema\/person\/f07ce98187dd84d31154262e79b3b7ca\"},\"description\":\"10 Dicas Funcionais para Montar um Quarto de Beb\u00ea Funcional. Bem-vinda (o) ao momento m\u00e1gico de montar o quarto do seu beb\u00ea\",\"breadcrumb\":{\"@id\":\"http:\/\/universofamilia.com\/sk\/10-dicas-funcionais-para-monta-um-quarto-de-bebe-funcional\/#breadcrumb\"},\"inLanguage\":\"da-DK\",\"potentialAction\":[{\"@type\":\"ReadAction\",\"target\":[\"http:\/\/universofamilia.com\/sk\/10-dicas-funcionais-para-monta-um-quarto-de-bebe-funcional\/\"]}]},{\"@type\":\"ImageObject\",\"inLanguage\":\"da-DK\",\"@id\":\"http:\/\/universofamilia.com\/sk\/10-dicas-funcionais-para-monta-um-quarto-de-bebe-funcional\/#primaryimage\",\"url\":\"https:\/\/universofamilia.com\/wp-content\/uploads\/sites\/148\/2023\/06\/FOTO-DESTAQUE-10-Dicas-Funcionais-para-Montar-um-Quarto-de-Bebe-Funcional-a-universo-familia-448x350-.png\",\"contentUrl\":\"https:\/\/universofamilia.com\/wp-content\/uploads\/sites\/148\/2023\/06\/FOTO-DESTAQUE-10-Dicas-Funcionais-para-Montar-um-Quarto-de-Bebe-Funcional-a-universo-familia-448x350-.png\",\"width\":448,\"height\":350},{\"@type\":\"BreadcrumbList\",\"@id\":\"http:\/\/universofamilia.com\/sk\/10-dicas-funcionais-para-monta-um-quarto-de-bebe-funcional\/#breadcrumb\",\"itemListElement\":[{\"@type\":\"ListItem\",\"position\":1,\"name\":\"Home\",\"item\":\"http:\/\/universofamilia.com\/zh_hk\/\"},{\"@type\":\"ListItem\",\"position\":2,\"name\":\"10 Dicas Funcionais para Montar o Quarto de Beb\u00ea\"}]},{\"@type\":\"WebSite\",\"@id\":\"http:\/\/universofamilia.com\/zh_hk\/#website\",\"url\":\"http:\/\/universofamilia.com\/zh_hk\/\",\"name\":\"Universo Fam\u00edlia\",\"description\":\"\",\"potentialAction\":[{\"@type\":\"SearchAction\",\"target\":{\"@type\":\"EntryPoint\",\"urlTemplate\":\"http:\/\/universofamilia.com\/zh_hk\/?s={search_term_string}\"},\"query-input\":\"required name=search_term_string\"}],\"inLanguage\":\"da-DK\"},{\"@type\":\"Person\",\"@id\":\"http:\/\/universofamilia.com\/zh_hk\/#\/schema\/person\/f07ce98187dd84d31154262e79b3b7ca\",\"name\":\"Pedro Henrique\",\"image\":{\"@type\":\"ImageObject\",\"inLanguage\":\"da-DK\",\"@id\":\"http:\/\/universofamilia.com\/zh_hk\/#\/schema\/person\/image\/\",\"url\":\"https:\/\/secure.gravatar.com\/avatar\/9edfeb808cb4e1599f64d6e45b130154?s=96&d=mm&r=g\",\"contentUrl\":\"https:\/\/secure.gravatar.com\/avatar\/9edfeb808cb4e1599f64d6e45b130154?s=96&d=mm&r=g\",\"caption\":\"Pedro Henrique\"},\"url\":\"https:\/\/universofamilia.com\/da\/author\/editor01\/\"}]}<\/script>\n<!-- \/ Yoast SEO plugin. -->","yoast_head_json":{"title":"10 Dicas Funcionais para Montar o Quarto de Beb\u00ea - Universo Fam\u00edlia","description":"10 Dicas Funcionais para Montar um Quarto de Beb\u00ea Funcional. Bem-vinda (o) ao momento m\u00e1gico de montar o quarto do seu beb\u00ea","robots":{"index":"index","follow":"follow","max-snippet":"max-snippet:-1","max-image-preview":"max-image-preview:large","max-video-preview":"max-video-preview:-1"},"canonical":"http:\/\/universofamilia.com\/da\/10-dicas-funcionais-para-monta-um-quarto-de-bebe-funcional\/","og_locale":"da_DK","og_type":"article","og_title":"10 Dicas Funcionais para Montar o Quarto de Beb\u00ea - Universo Fam\u00edlia","og_description":"10 Dicas Funcionais para Montar um Quarto de Beb\u00ea Funcional. Bem-vinda (o) ao momento m\u00e1gico de montar o quarto do seu beb\u00ea","og_url":"http:\/\/universofamilia.com\/da\/10-dicas-funcionais-para-monta-um-quarto-de-bebe-funcional\/","og_site_name":"Universo Fam\u00edlia","article_published_time":"2023-06-11T00:30:12+00:00","article_modified_time":"2025-01-28T15:03:22+00:00","og_image":[{"width":448,"height":350,"url":"http:\/\/universofamilia.com\/wp-content\/uploads\/sites\/148\/2023\/06\/FOTO-DESTAQUE-10-Dicas-Funcionais-para-Montar-um-Quarto-de-Bebe-Funcional-a-universo-familia-448x350-.png","type":"image\/png"}],"author":"Pedro Henrique","twitter_card":"summary_large_image","twitter_misc":{"Written by":"Pedro Henrique","Est. reading time":"7 minutter"},"schema":{"@context":"https:\/\/schema.org","@graph":[{"@type":"WebPage","@id":"http:\/\/universofamilia.com\/sk\/10-dicas-funcionais-para-monta-um-quarto-de-bebe-funcional\/","url":"http:\/\/universofamilia.com\/sk\/10-dicas-funcionais-para-monta-um-quarto-de-bebe-funcional\/","name":"10 Dicas Funcionais para Montar o Quarto de Beb\u00ea - Universo Fam\u00edlia","isPartOf":{"@id":"http:\/\/universofamilia.com\/zh_hk\/#website"},"primaryImageOfPage":{"@id":"http:\/\/universofamilia.com\/sk\/10-dicas-funcionais-para-monta-um-quarto-de-bebe-funcional\/#primaryimage"},"image":{"@id":"http:\/\/universofamilia.com\/sk\/10-dicas-funcionais-para-monta-um-quarto-de-bebe-funcional\/#primaryimage"},"thumbnailUrl":"https:\/\/universofamilia.com\/wp-content\/uploads\/sites\/148\/2023\/06\/FOTO-DESTAQUE-10-Dicas-Funcionais-para-Montar-um-Quarto-de-Bebe-Funcional-a-universo-familia-448x350-.png","datePublished":"2023-06-11T00:30:12+00:00","dateModified":"2025-01-28T15:03:22+00:00","author":{"@id":"http:\/\/universofamilia.com\/zh_hk\/#\/schema\/person\/f07ce98187dd84d31154262e79b3b7ca"},"description":"10 Dicas Funcionais para Montar um Quarto de Beb\u00ea Funcional. Bem-vinda (o) ao momento m\u00e1gico de montar o quarto do seu beb\u00ea","breadcrumb":{"@id":"http:\/\/universofamilia.com\/sk\/10-dicas-funcionais-para-monta-um-quarto-de-bebe-funcional\/#breadcrumb"},"inLanguage":"da-DK","potentialAction":[{"@type":"ReadAction","target":["http:\/\/universofamilia.com\/sk\/10-dicas-funcionais-para-monta-um-quarto-de-bebe-funcional\/"]}]},{"@type":"ImageObject","inLanguage":"da-DK","@id":"http:\/\/universofamilia.com\/sk\/10-dicas-funcionais-para-monta-um-quarto-de-bebe-funcional\/#primaryimage","url":"https:\/\/universofamilia.com\/wp-content\/uploads\/sites\/148\/2023\/06\/FOTO-DESTAQUE-10-Dicas-Funcionais-para-Montar-um-Quarto-de-Bebe-Funcional-a-universo-familia-448x350-.png","contentUrl":"https:\/\/universofamilia.com\/wp-content\/uploads\/sites\/148\/2023\/06\/FOTO-DESTAQUE-10-Dicas-Funcionais-para-Montar-um-Quarto-de-Bebe-Funcional-a-universo-familia-448x350-.png","width":448,"height":350},{"@type":"BreadcrumbList","@id":"http:\/\/universofamilia.com\/sk\/10-dicas-funcionais-para-monta-um-quarto-de-bebe-funcional\/#breadcrumb","itemListElement":[{"@type":"ListItem","position":1,"name":"Home","item":"http:\/\/universofamilia.com\/zh_hk\/"},{"@type":"ListItem","position":2,"name":"10 Dicas Funcionais para Montar o Quarto de Beb\u00ea"}]},{"@type":"WebSite","@id":"http:\/\/universofamilia.com\/zh_hk\/#website","url":"http:\/\/universofamilia.com\/zh_hk\/","name":"Universo Fam\u00edlia","description":"","potentialAction":[{"@type":"SearchAction","target":{"@type":"EntryPoint","urlTemplate":"http:\/\/universofamilia.com\/zh_hk\/?s={search_term_string}"},"query-input":"required name=search_term_string"}],"inLanguage":"da-DK"},{"@type":"Person","@id":"http:\/\/universofamilia.com\/zh_hk\/#\/schema\/person\/f07ce98187dd84d31154262e79b3b7ca","name":"Pedro Henrique","image":{"@type":"ImageObject","inLanguage":"da-DK","@id":"http:\/\/universofamilia.com\/zh_hk\/#\/schema\/person\/image\/","url":"https:\/\/secure.gravatar.com\/avatar\/9edfeb808cb4e1599f64d6e45b130154?s=96&d=mm&r=g","contentUrl":"https:\/\/secure.gravatar.com\/avatar\/9edfeb808cb4e1599f64d6e45b130154?s=96&d=mm&r=g","caption":"Pedro Henrique"},"url":"https:\/\/universofamilia.com\/da\/author\/editor01\/"}]}},"_links":{"self":[{"href":"https:\/\/universofamilia.com\/da\/wp-json\/wp\/v2\/posts\/2359"}],"collection":[{"href":"https:\/\/universofamilia.com\/da\/wp-json\/wp\/v2\/posts"}],"about":[{"href":"https:\/\/universofamilia.com\/da\/wp-json\/wp\/v2\/types\/post"}],"author":[{"embeddable":true,"href":"https:\/\/universofamilia.com\/da\/wp-json\/wp\/v2\/users\/139"}],"replies":[{"embeddable":true,"href":"https:\/\/universofamilia.com\/da\/wp-json\/wp\/v2\/comments?post=2359"}],"version-history":[{"count":1,"href":"https:\/\/universofamilia.com\/da\/wp-json\/wp\/v2\/posts\/2359\/revisions"}],"predecessor-version":[{"id":8427,"href":"https:\/\/universofamilia.com\/da\/wp-json\/wp\/v2\/posts\/2359\/revisions\/8427"}],"wp:featuredmedia":[{"embeddable":true,"href":"https:\/\/universofamilia.com\/da\/wp-json\/wp\/v2\/media\/2366"}],"wp:attachment":[{"href":"https:\/\/universofamilia.com\/da\/wp-json\/wp\/v2\/media?parent=2359"}],"wp:term":[{"taxonomy":"category","embeddable":true,"href":"https:\/\/universofamilia.com\/da\/wp-json\/wp\/v2\/categories?post=2359"},{"taxonomy":"post_tag","embeddable":true,"href":"https:\/\/universofamilia.com\/da\/wp-json\/wp\/v2\/tags?post=2359"}],"curies":[{"name":"wp","href":"https:\/\/api.w.org\/{rel}","templated":true}]}}