{"id":2752,"date":"2023-06-18T20:42:37","date_gmt":"2023-06-18T23:42:37","guid":{"rendered":"https:\/\/universofamilia.com\/?p=2752"},"modified":"2025-02-07T01:22:33","modified_gmt":"2025-02-07T01:22:33","slug":"posso-utilizar-ventilador-no-quarto-do-bebe","status":"publish","type":"post","link":"https:\/\/universofamilia.com\/da\/posso-utilizar-ventilador-no-quarto-do-bebe\/","title":{"rendered":"M\u00e5 jeg bruge en ventilator p\u00e5 babyv\u00e6relset?"},"content":{"rendered":"<p>Kan jeg bruge en ventilator p\u00e5 babyv\u00e6relset? N\u00e5r det kommer til at skabe et behageligt milj\u00f8 for din baby, spekulerer mange mennesker p\u00e5, om det er sikkert og gavnligt at bruge en ventilator i det lille rum.<\/p>\n\n\n\n<p>Derudover vil vi behandle dette sp\u00f8rgsm\u00e5l med information om fordelene og omhuen i forbindelse med brugen af ventilatorer p\u00e5 babyv\u00e6relset, samt fremh\u00e6ve fordele og ulemper mellem babyventilatoren og den almindelige ventilator.<\/p>\n\n\n\n<p>Forts\u00e6t med at l\u00e6se for nyttig vejledning og for at sikre din babys komfort i de n\u00e6ste par dage.<\/p>\n\n\n\n<p>L\u00e6s ogs\u00e5 S\u00e5dan opdr\u00e6tter du en Brinquedoteca derhjemme<\/p>\n\n\n<div class=\"wp-block-image\">\n<figure class=\"aligncenter size-full\"><img loading=\"lazy\" decoding=\"async\" width=\"550\" height=\"350\" src=\"http:\/\/universofamilia.com\/wp-content\/uploads\/sites\/148\/2023\/06\/POST-ventilador-de-teto-universo-familia-.png\" alt=\"\" class=\"wp-image-2755\" srcset=\"https:\/\/universofamilia.com\/wp-content\/uploads\/sites\/148\/2023\/06\/POST-ventilador-de-teto-universo-familia-.png 550w, https:\/\/universofamilia.com\/wp-content\/uploads\/sites\/148\/2023\/06\/POST-ventilador-de-teto-universo-familia--300x191.png 300w\" sizes=\"(max-width: 550px) 100vw, 550px\" \/><figcaption class=\"wp-element-caption\"><em>Foto: (reproduktion\/internet)<\/em><\/figcaption><\/figure><\/div>\n\n\n<h3 class=\"wp-block-heading\"><strong>Fordele og pleje ved at bruge en ventilator p\u00e5 et babyv\u00e6relse<\/strong><\/h3>\n\n\n\n<p>Det kan have flere fordele at bruge en ventilator p\u00e5 dit barns v\u00e6relse, is\u00e6r i de k\u00f8ligere \u00e5rstider. Nedenfor pr\u00e6senterer vi nogle fordele ved at bruge ventilatoren:<\/p>\n\n\n\n<p><strong>Temperaturregulering<\/strong>En passende ventilator kan hj\u00e6lpe med at holde milj\u00f8et k\u00f8ligt og behageligt for babyen og dermed undg\u00e5 ubehag for\u00e5rsaget af for h\u00f8j varme.<\/p>\n\n\n\n<p><strong>Luftcirkulation<\/strong>Ventilatoren fremmer blodcirkulationen i babyens v\u00e6relse, reducerer f\u00f8lelsen af udmattelse og reducerer koncentrationen af gasser og lugte.<\/p>\n\n\n\n<p><strong>Hvid st\u00f8j<\/strong>Ventilatorens bl\u00f8de lys kan skabe en beroligende hvid st\u00f8j, som hj\u00e6lper babyen med at slappe af og falde i s\u00f8vn lettere.<\/p>\n\n\n\n<p>Der er fordele ved at bruge ventilatoren, og det er vigtigt at tage nogle forholdsregler for at sikre din babys sundhed:<\/p>\n\n\n\n<p><strong>Sikker afstand<\/strong>S\u00f8rg for, at ventilatoren er placeret et sikkert sted og utilg\u00e6ngeligt for babyer. Undg\u00e5 ogs\u00e5 at placere den i n\u00e6rheden af d\u00f8ren eller genstande, som b\u00f8rn kan n\u00e5.<\/p>\n\n\n\n<p><strong>Regelm\u00e6ssig reng\u00f8ring<\/strong>Hold ventilatoren ren og fri for st\u00f8v for at undg\u00e5 spredning af allergener i milj\u00f8et.<\/p>\n\n\n\n<p><strong>Tilstr\u00e6kkelig ventilation<\/strong>Hvis du v\u00e6lger at bruge en ventilator, er det vigtigt at sikre god ventilation i rummet, \u00e5bne d\u00f8re og d\u00f8re for at tillade frisk luft at komme ind.<\/p>\n\n\n\n<h4 class=\"wp-block-heading\"><strong>Teto-vifte vs. almindelig vifte<\/strong><\/h4>\n\n\n\n<p>Lad os nu sammenligne fordele og ulemper ved en loftsventilator og en almindelig ventilator.<\/p>\n\n\n\n<h4 class=\"wp-block-heading\"><strong>Loftsventilator<\/strong><\/h4>\n\n\n<div class=\"wp-block-image\">\n<figure class=\"aligncenter size-full\"><img loading=\"lazy\" decoding=\"async\" width=\"550\" height=\"350\" src=\"http:\/\/universofamilia.com\/wp-content\/uploads\/sites\/148\/2023\/06\/POST-ventilador-de-teto-universo-familia-1-1.png\" alt=\"\" class=\"wp-image-2754\" srcset=\"https:\/\/universofamilia.com\/wp-content\/uploads\/sites\/148\/2023\/06\/POST-ventilador-de-teto-universo-familia-1-1.png 550w, https:\/\/universofamilia.com\/wp-content\/uploads\/sites\/148\/2023\/06\/POST-ventilador-de-teto-universo-familia-1-1-300x191.png 300w\" sizes=\"(max-width: 550px) 100vw, 550px\" \/><figcaption class=\"wp-element-caption\"><em>Foto: (reproduktion\/internet)<\/em><\/figcaption><\/figure><\/div>\n\n\n<h5 class=\"wp-block-heading\"><strong>Fordele<\/strong><\/h5>\n\n\n\n<p><strong>Rum\u00f8konomi<\/strong>Loftsventilatoren er fastgjort i loftet og optager dermed mindre plads i babyv\u00e6relset.<\/p>\n\n\n\n<p><strong>Ensartet fordeling<\/strong>Bagventilatoren fungerer mere j\u00e6vnt i milj\u00f8et og giver en behagelig fornemmelse.<\/p>\n\n\n\n<p><strong>Sikkerhed<\/strong>Fordi den ikke er h\u00f8j, er loftsventilatoren uden for babyens r\u00e6kkevidde, hvilket reducerer risikoen for ulykker.<\/p>\n\n\n\n<h5 class=\"wp-block-heading\"><strong>Ulemper<\/strong><\/h5>\n\n\n\n<p><strong>Sv\u00e6rt at kontrollere vindretningen<\/strong>I nogle modeller kan det v\u00e6re vanskeligt at justere luftstr\u00f8mmens retning, eller det kan for\u00e5rsage ubehag for babyen.<\/p>\n\n\n\n<p><strong>Vanskeligheder med reng\u00f8ring<\/strong>P\u00e5 grund af dens placering p\u00e5 hovedet kan det v\u00e6re vanskeligere at reng\u00f8re hovedventilatoren.<\/p>\n\n\n\n<h4 class=\"wp-block-heading\"><strong>Almindelig ventilator<\/strong><\/h4>\n\n\n<div class=\"wp-block-image\">\n<figure class=\"aligncenter size-full\"><img loading=\"lazy\" decoding=\"async\" width=\"550\" height=\"350\" src=\"http:\/\/universofamilia.com\/wp-content\/uploads\/sites\/148\/2023\/06\/POST-ventilador-de-teto-universo-familia-2.png\" alt=\"\" class=\"wp-image-2756\" srcset=\"https:\/\/universofamilia.com\/wp-content\/uploads\/sites\/148\/2023\/06\/POST-ventilador-de-teto-universo-familia-2.png 550w, https:\/\/universofamilia.com\/wp-content\/uploads\/sites\/148\/2023\/06\/POST-ventilador-de-teto-universo-familia-2-300x191.png 300w\" sizes=\"(max-width: 550px) 100vw, 550px\" \/><figcaption class=\"wp-element-caption\"><em>Foto: (reproduktion\/internet)<\/em><\/figcaption><\/figure><\/div>\n\n\n<h5 class=\"wp-block-heading\"><strong>Fordele<\/strong><\/h5>\n\n\n\n<p><strong>B\u00e6rbarhed<\/strong>Du kan nemt flytte den f\u00e6lles ventilator fra et rum til et andet, s\u00e5 du kan styre luftstr\u00f8mmen efter behov.<\/p>\n\n\n\n<p><strong>Justerbar kontrol<\/strong>De fleste to almindelige ventilatormodeller tilbyder justering af hastighed og vindretning, hvilket giver babyen st\u00f8rre komfort.<\/p>\n\n\n\n<p><strong>Nem reng\u00f8ring<\/strong>Almindelige ventilatorer er nemmere at reng\u00f8re p\u00e5 grund af deres tilg\u00e6ngelige struktur.<\/p>\n\n\n\n<h5 class=\"wp-block-heading\"><strong>Ulemper<\/strong><\/h5>\n\n\n\n<p><strong>Bes\u00e6ttelse af rummet<\/strong>Almindelige ventilatorer optager ekstra plads i rummet, hvilket kan v\u00e6re ubelejligt i mindre milj\u00f8er.<\/p>\n\n\n\n<p><strong>St\u00f8rre risiko for ulykker<\/strong>P\u00e5 grund af dens mobilitet er det n\u00f8dvendigt at v\u00e6re forsigtig med at forhindre babyen i at have direkte adgang til den aktive ventilator.<\/p>\n\n\n\n<p>L\u00e6s ogs\u00e5 10 brugbare tips til indretning af et babyv\u00e6relse<\/p>\n\n\n\n<h3 class=\"wp-block-heading\"><strong>Konklusion<\/strong><\/h3>\n\n\n<div class=\"wp-block-image\">\n<figure class=\"aligncenter size-full\"><img loading=\"lazy\" decoding=\"async\" width=\"550\" height=\"350\" src=\"http:\/\/universofamilia.com\/wp-content\/uploads\/sites\/148\/2023\/06\/POST-ventilador-de-teto-universo-familia-3.png\" alt=\"\" class=\"wp-image-2757\" srcset=\"https:\/\/universofamilia.com\/wp-content\/uploads\/sites\/148\/2023\/06\/POST-ventilador-de-teto-universo-familia-3.png 550w, https:\/\/universofamilia.com\/wp-content\/uploads\/sites\/148\/2023\/06\/POST-ventilador-de-teto-universo-familia-3-300x191.png 300w\" sizes=\"(max-width: 550px) 100vw, 550px\" \/><figcaption class=\"wp-element-caption\"><em>Foto: (reproduktion\/internet)<\/em><\/figcaption><\/figure><\/div>\n\n\n<p>N\u00e5r man overvejer at bruge en ventilator p\u00e5 et babyv\u00e6relse, er det vigtigt at vurdere fordelene og den n\u00f8dvendige pleje.<\/p>\n\n\n\n<p>Temperaturreguleringen, luftcirkulationen og den hvide st\u00f8j, som ventilatoren leverer, kan give babyen komfort.<\/p>\n\n\n\n<p>Det er dog vigtigt at tage forholdsregler for at sikre sikkerheden, s\u00e5som at placere ventilatoren utilg\u00e6ngeligt for babyer og opretholde regelm\u00e6ssig reng\u00f8ring.<\/p>\n\n\n\n<p>N\u00e5r du v\u00e6lger mellem loftsventilatoren og den almindelige ventilator, skal du ogs\u00e5 overveje fordele og ulemper ved hver mulighed.<\/p>\n\n\n\n<p>Derudover kan brugen af ventilatoren i babyens v\u00e6relse med passende forholdsregler og sikkerhedsforanstaltninger bidrage til et behageligt og behageligt milj\u00f8.<\/p>\n\n\n\n<h3 class=\"wp-block-heading\"><strong>For mere information om brugen af ventilatorer p\u00e5 et babyv\u00e6relse kan du konsultere f\u00f8lgende p\u00e5lidelige kilder.<\/strong><\/h3>\n\n\n\n<p>Sociedade Brasileira de Pediatria (SBP) \u2013 SBP er en anerkendt medicinsk institution, der tilbyder retningslinjer og anbefalinger til sp\u00e6db\u00f8rnspleje.<\/p>\n\n\n\n<p>SBP&#039;s officielle hjemmeside indeholder relevante oplysninger om b\u00f8rns sikkerhed og sundhed.<\/p>\n\n\n\n<p>American Academy of Pediatrics (AAP) \u2013 AAP er en anerkendt p\u00e6diatrisk organisation med base i USA.<\/p>\n\n\n\n<p>AAP-webstedet tilbyder v\u00e6rdifulde ressourcer til lande og sundhedspersonale, herunder vejledning om b\u00f8rns sundhed og sikkerhed.<\/p>\n\n\n\n<p>Du b\u00f8r altid overveje at konsultere en b\u00f8rnel\u00e6ge eller l\u00e6ge, der er specialiseret i specifikke tilf\u00e6lde. Det anbefales ogs\u00e5 kraftigt at s\u00f8ge vejledning fra en b\u00f8rnel\u00e6ge eller speciall\u00e6ge for at f\u00e5 personlig og passende information til din babys situation.<\/p>\n\n\n\n<p>Evnen til at give personlig vejledning baseret p\u00e5 din babys helbred og individuelle behov.<\/p>\n\n\n\n<p>Du skal huske, at det er vigtigt at kontrollere opdateringen af oplysningerne i disse kilder, n\u00e5r anvisningerne og anbefalingerne kan opdateres med tiden.<\/p>\n\n\n\n<p>Ved ogs\u00e5, at<a href=\"https:\/\/www.luzbaby.com.br\/\" target=\"_blank\" rel=\"noreferrer noopener\"> Luz Baby er en af de bedste butikker med babyprodukter og introduktioner af mad. Klik her.<\/a><\/p>","protected":false},"excerpt":{"rendered":"<p>Kan jeg bruge en ventilator p\u00e5 babyv\u00e6relset? N\u00e5r det kommer til at skabe et behageligt milj\u00f8 for din baby, spekulerer mange mennesker p\u00e5, om det er sikkert og gavnligt at bruge en ventilator i det lille rum. Vi vil ogs\u00e5 besvare dette sp\u00f8rgsm\u00e5l med information om fordelene og omhuen i forbindelse med brugen af ventilatorer p\u00e5 babyv\u00e6relset, [\u2026]<\/p>","protected":false},"author":139,"featured_media":2759,"comment_status":"closed","ping_status":"open","sticky":false,"template":"","format":"standard","meta":{"footnotes":""},"categories":[4],"tags":[1310,1540,1541],"yoast_head":"<!-- This site is optimized with the Yoast SEO plugin v23.3 - https:\/\/yoast.com\/wordpress\/plugins\/seo\/ -->\n<title>Posso utilizar ventilador no quarto do beb\u00ea? - Universo Fam\u00edlia<\/title>\n<meta name=\"description\" content=\"Posso utilizar ventilador no quarto do beb\u00ea? Quando se trata de criar um ambiente confort\u00e1vel para o beb\u00ea,\" \/>\n<meta name=\"robots\" content=\"index, follow, max-snippet:-1, max-image-preview:large, max-video-preview:-1\" \/>\n<link rel=\"canonical\" href=\"http:\/\/universofamilia.com\/da\/posso-utilizar-ventilador-no-quarto-do-bebe\/\" \/>\n<meta property=\"og:locale\" content=\"da_DK\" \/>\n<meta property=\"og:type\" content=\"article\" \/>\n<meta property=\"og:title\" content=\"Posso utilizar ventilador no quarto do beb\u00ea? - Universo Fam\u00edlia\" \/>\n<meta property=\"og:description\" content=\"Posso utilizar ventilador no quarto do beb\u00ea? Quando se trata de criar um ambiente confort\u00e1vel para o beb\u00ea,\" \/>\n<meta property=\"og:url\" content=\"http:\/\/universofamilia.com\/da\/posso-utilizar-ventilador-no-quarto-do-bebe\/\" \/>\n<meta property=\"og:site_name\" content=\"Universo Fam\u00edlia\" \/>\n<meta property=\"article:published_time\" content=\"2023-06-18T23:42:37+00:00\" \/>\n<meta property=\"article:modified_time\" content=\"2025-02-07T01:22:33+00:00\" \/>\n<meta property=\"og:image\" content=\"http:\/\/universofamilia.com\/wp-content\/uploads\/sites\/148\/2023\/06\/FOTO-DESTAQUE-ventilador-de-teto-universo-familia-.png\" \/>\n\t<meta property=\"og:image:width\" content=\"448\" \/>\n\t<meta property=\"og:image:height\" content=\"350\" \/>\n\t<meta property=\"og:image:type\" content=\"image\/png\" \/>\n<meta name=\"author\" content=\"Pedro Henrique\" \/>\n<meta name=\"twitter:card\" content=\"summary_large_image\" \/>\n<meta name=\"twitter:label1\" content=\"Written by\" \/>\n\t<meta name=\"twitter:data1\" content=\"Pedro Henrique\" \/>\n\t<meta name=\"twitter:label2\" content=\"Est. reading time\" \/>\n\t<meta name=\"twitter:data2\" content=\"6 minutter\" \/>\n<script type=\"application\/ld+json\" class=\"yoast-schema-graph\">{\"@context\":\"https:\/\/schema.org\",\"@graph\":[{\"@type\":\"WebPage\",\"@id\":\"http:\/\/universofamilia.com\/en\/posso-utilizar-ventilador-no-quarto-do-bebe\/\",\"url\":\"http:\/\/universofamilia.com\/en\/posso-utilizar-ventilador-no-quarto-do-bebe\/\",\"name\":\"Posso utilizar ventilador no quarto do beb\u00ea? - Universo Fam\u00edlia\",\"isPartOf\":{\"@id\":\"http:\/\/universofamilia.com\/zh_hk\/#website\"},\"primaryImageOfPage\":{\"@id\":\"http:\/\/universofamilia.com\/en\/posso-utilizar-ventilador-no-quarto-do-bebe\/#primaryimage\"},\"image\":{\"@id\":\"http:\/\/universofamilia.com\/en\/posso-utilizar-ventilador-no-quarto-do-bebe\/#primaryimage\"},\"thumbnailUrl\":\"https:\/\/universofamilia.com\/wp-content\/uploads\/sites\/148\/2023\/06\/FOTO-DESTAQUE-ventilador-de-teto-universo-familia-.png\",\"datePublished\":\"2023-06-18T23:42:37+00:00\",\"dateModified\":\"2025-02-07T01:22:33+00:00\",\"author\":{\"@id\":\"http:\/\/universofamilia.com\/zh_hk\/#\/schema\/person\/f07ce98187dd84d31154262e79b3b7ca\"},\"description\":\"Posso utilizar ventilador no quarto do beb\u00ea? Quando se trata de criar um ambiente confort\u00e1vel para o beb\u00ea,\",\"breadcrumb\":{\"@id\":\"http:\/\/universofamilia.com\/en\/posso-utilizar-ventilador-no-quarto-do-bebe\/#breadcrumb\"},\"inLanguage\":\"da-DK\",\"potentialAction\":[{\"@type\":\"ReadAction\",\"target\":[\"http:\/\/universofamilia.com\/en\/posso-utilizar-ventilador-no-quarto-do-bebe\/\"]}]},{\"@type\":\"ImageObject\",\"inLanguage\":\"da-DK\",\"@id\":\"http:\/\/universofamilia.com\/en\/posso-utilizar-ventilador-no-quarto-do-bebe\/#primaryimage\",\"url\":\"https:\/\/universofamilia.com\/wp-content\/uploads\/sites\/148\/2023\/06\/FOTO-DESTAQUE-ventilador-de-teto-universo-familia-.png\",\"contentUrl\":\"https:\/\/universofamilia.com\/wp-content\/uploads\/sites\/148\/2023\/06\/FOTO-DESTAQUE-ventilador-de-teto-universo-familia-.png\",\"width\":448,\"height\":350},{\"@type\":\"BreadcrumbList\",\"@id\":\"http:\/\/universofamilia.com\/en\/posso-utilizar-ventilador-no-quarto-do-bebe\/#breadcrumb\",\"itemListElement\":[{\"@type\":\"ListItem\",\"position\":1,\"name\":\"Home\",\"item\":\"http:\/\/universofamilia.com\/zh_hk\/\"},{\"@type\":\"ListItem\",\"position\":2,\"name\":\"Posso utilizar ventilador no quarto do beb\u00ea?\"}]},{\"@type\":\"WebSite\",\"@id\":\"http:\/\/universofamilia.com\/zh_hk\/#website\",\"url\":\"http:\/\/universofamilia.com\/zh_hk\/\",\"name\":\"Universo Fam\u00edlia\",\"description\":\"\",\"potentialAction\":[{\"@type\":\"SearchAction\",\"target\":{\"@type\":\"EntryPoint\",\"urlTemplate\":\"http:\/\/universofamilia.com\/zh_hk\/?s={search_term_string}\"},\"query-input\":\"required name=search_term_string\"}],\"inLanguage\":\"da-DK\"},{\"@type\":\"Person\",\"@id\":\"http:\/\/universofamilia.com\/zh_hk\/#\/schema\/person\/f07ce98187dd84d31154262e79b3b7ca\",\"name\":\"Pedro Henrique\",\"image\":{\"@type\":\"ImageObject\",\"inLanguage\":\"da-DK\",\"@id\":\"http:\/\/universofamilia.com\/zh_hk\/#\/schema\/person\/image\/\",\"url\":\"https:\/\/secure.gravatar.com\/avatar\/9edfeb808cb4e1599f64d6e45b130154?s=96&d=mm&r=g\",\"contentUrl\":\"https:\/\/secure.gravatar.com\/avatar\/9edfeb808cb4e1599f64d6e45b130154?s=96&d=mm&r=g\",\"caption\":\"Pedro Henrique\"},\"url\":\"https:\/\/universofamilia.com\/da\/author\/editor01\/\"}]}<\/script>\n<!-- \/ Yoast SEO plugin. -->","yoast_head_json":{"title":"Posso utilizar ventilador no quarto do beb\u00ea? - Universo Fam\u00edlia","description":"Posso utilizar ventilador no quarto do beb\u00ea? Quando se trata de criar um ambiente confort\u00e1vel para o beb\u00ea,","robots":{"index":"index","follow":"follow","max-snippet":"max-snippet:-1","max-image-preview":"max-image-preview:large","max-video-preview":"max-video-preview:-1"},"canonical":"http:\/\/universofamilia.com\/da\/posso-utilizar-ventilador-no-quarto-do-bebe\/","og_locale":"da_DK","og_type":"article","og_title":"Posso utilizar ventilador no quarto do beb\u00ea? - Universo Fam\u00edlia","og_description":"Posso utilizar ventilador no quarto do beb\u00ea? Quando se trata de criar um ambiente confort\u00e1vel para o beb\u00ea,","og_url":"http:\/\/universofamilia.com\/da\/posso-utilizar-ventilador-no-quarto-do-bebe\/","og_site_name":"Universo Fam\u00edlia","article_published_time":"2023-06-18T23:42:37+00:00","article_modified_time":"2025-02-07T01:22:33+00:00","og_image":[{"width":448,"height":350,"url":"http:\/\/universofamilia.com\/wp-content\/uploads\/sites\/148\/2023\/06\/FOTO-DESTAQUE-ventilador-de-teto-universo-familia-.png","type":"image\/png"}],"author":"Pedro Henrique","twitter_card":"summary_large_image","twitter_misc":{"Written by":"Pedro Henrique","Est. reading time":"6 minutter"},"schema":{"@context":"https:\/\/schema.org","@graph":[{"@type":"WebPage","@id":"http:\/\/universofamilia.com\/en\/posso-utilizar-ventilador-no-quarto-do-bebe\/","url":"http:\/\/universofamilia.com\/en\/posso-utilizar-ventilador-no-quarto-do-bebe\/","name":"Posso utilizar ventilador no quarto do beb\u00ea? - Universo Fam\u00edlia","isPartOf":{"@id":"http:\/\/universofamilia.com\/zh_hk\/#website"},"primaryImageOfPage":{"@id":"http:\/\/universofamilia.com\/en\/posso-utilizar-ventilador-no-quarto-do-bebe\/#primaryimage"},"image":{"@id":"http:\/\/universofamilia.com\/en\/posso-utilizar-ventilador-no-quarto-do-bebe\/#primaryimage"},"thumbnailUrl":"https:\/\/universofamilia.com\/wp-content\/uploads\/sites\/148\/2023\/06\/FOTO-DESTAQUE-ventilador-de-teto-universo-familia-.png","datePublished":"2023-06-18T23:42:37+00:00","dateModified":"2025-02-07T01:22:33+00:00","author":{"@id":"http:\/\/universofamilia.com\/zh_hk\/#\/schema\/person\/f07ce98187dd84d31154262e79b3b7ca"},"description":"Posso utilizar ventilador no quarto do beb\u00ea? Quando se trata de criar um ambiente confort\u00e1vel para o beb\u00ea,","breadcrumb":{"@id":"http:\/\/universofamilia.com\/en\/posso-utilizar-ventilador-no-quarto-do-bebe\/#breadcrumb"},"inLanguage":"da-DK","potentialAction":[{"@type":"ReadAction","target":["http:\/\/universofamilia.com\/en\/posso-utilizar-ventilador-no-quarto-do-bebe\/"]}]},{"@type":"ImageObject","inLanguage":"da-DK","@id":"http:\/\/universofamilia.com\/en\/posso-utilizar-ventilador-no-quarto-do-bebe\/#primaryimage","url":"https:\/\/universofamilia.com\/wp-content\/uploads\/sites\/148\/2023\/06\/FOTO-DESTAQUE-ventilador-de-teto-universo-familia-.png","contentUrl":"https:\/\/universofamilia.com\/wp-content\/uploads\/sites\/148\/2023\/06\/FOTO-DESTAQUE-ventilador-de-teto-universo-familia-.png","width":448,"height":350},{"@type":"BreadcrumbList","@id":"http:\/\/universofamilia.com\/en\/posso-utilizar-ventilador-no-quarto-do-bebe\/#breadcrumb","itemListElement":[{"@type":"ListItem","position":1,"name":"Home","item":"http:\/\/universofamilia.com\/zh_hk\/"},{"@type":"ListItem","position":2,"name":"Posso utilizar ventilador no quarto do beb\u00ea?"}]},{"@type":"WebSite","@id":"http:\/\/universofamilia.com\/zh_hk\/#website","url":"http:\/\/universofamilia.com\/zh_hk\/","name":"Universo Fam\u00edlia","description":"","potentialAction":[{"@type":"SearchAction","target":{"@type":"EntryPoint","urlTemplate":"http:\/\/universofamilia.com\/zh_hk\/?s={search_term_string}"},"query-input":"required name=search_term_string"}],"inLanguage":"da-DK"},{"@type":"Person","@id":"http:\/\/universofamilia.com\/zh_hk\/#\/schema\/person\/f07ce98187dd84d31154262e79b3b7ca","name":"Pedro Henrique","image":{"@type":"ImageObject","inLanguage":"da-DK","@id":"http:\/\/universofamilia.com\/zh_hk\/#\/schema\/person\/image\/","url":"https:\/\/secure.gravatar.com\/avatar\/9edfeb808cb4e1599f64d6e45b130154?s=96&d=mm&r=g","contentUrl":"https:\/\/secure.gravatar.com\/avatar\/9edfeb808cb4e1599f64d6e45b130154?s=96&d=mm&r=g","caption":"Pedro Henrique"},"url":"https:\/\/universofamilia.com\/da\/author\/editor01\/"}]}},"_links":{"self":[{"href":"https:\/\/universofamilia.com\/da\/wp-json\/wp\/v2\/posts\/2752"}],"collection":[{"href":"https:\/\/universofamilia.com\/da\/wp-json\/wp\/v2\/posts"}],"about":[{"href":"https:\/\/universofamilia.com\/da\/wp-json\/wp\/v2\/types\/post"}],"author":[{"embeddable":true,"href":"https:\/\/universofamilia.com\/da\/wp-json\/wp\/v2\/users\/139"}],"replies":[{"embeddable":true,"href":"https:\/\/universofamilia.com\/da\/wp-json\/wp\/v2\/comments?post=2752"}],"version-history":[{"count":1,"href":"https:\/\/universofamilia.com\/da\/wp-json\/wp\/v2\/posts\/2752\/revisions"}],"predecessor-version":[{"id":8591,"href":"https:\/\/universofamilia.com\/da\/wp-json\/wp\/v2\/posts\/2752\/revisions\/8591"}],"wp:featuredmedia":[{"embeddable":true,"href":"https:\/\/universofamilia.com\/da\/wp-json\/wp\/v2\/media\/2759"}],"wp:attachment":[{"href":"https:\/\/universofamilia.com\/da\/wp-json\/wp\/v2\/media?parent=2752"}],"wp:term":[{"taxonomy":"category","embeddable":true,"href":"https:\/\/universofamilia.com\/da\/wp-json\/wp\/v2\/categories?post=2752"},{"taxonomy":"post_tag","embeddable":true,"href":"https:\/\/universofamilia.com\/da\/wp-json\/wp\/v2\/tags?post=2752"}],"curies":[{"name":"wp","href":"https:\/\/api.w.org\/{rel}","templated":true}]}}