{"id":2760,"date":"2023-06-18T21:39:10","date_gmt":"2023-06-19T00:39:10","guid":{"rendered":"https:\/\/universofamilia.com\/?p=2760"},"modified":"2025-10-05T22:57:48","modified_gmt":"2025-10-06T01:57:48","slug":"posso-utilizar-ar-condicionado-no-quarto-do-bebe","status":"publish","type":"post","link":"https:\/\/universofamilia.com\/da\/posso-utilizar-ar-condicionado-no-quarto-do-bebe\/","title":{"rendered":"Kan jeg bruge balsamen p\u00e5 babyv\u00e6relset?"},"content":{"rendered":"<p>At have en baby derhjemme er en utrolig oplevelse, men det giver ogs\u00e5 anledning til forskellige bekymringer for dit land.<\/p>\n\n\n\n<p>Kan jeg bruge airconditionen p\u00e5 babyv\u00e6relset? Folk er ofte bange for at bruge et klimaanl\u00e6g med aircondition i et sikkert babyv\u00e6relse.<\/p>\n\n\n\n<p>Lad os unders\u00f8ge fordelene og omhuen i forbindelse med denne opgave, samt vurdere den h\u00f8jde og placering, der er egnet til installation af apparatet.<\/p>\n\n\n<div class=\"wp-block-image\">\n<figure class=\"aligncenter size-full\"><img loading=\"lazy\" decoding=\"async\" width=\"550\" height=\"350\" src=\"http:\/\/universofamilia.com\/wp-content\/uploads\/sites\/148\/2023\/06\/POST-ar-condicionado-universo-familia-2.png\" alt=\"\" class=\"wp-image-2762\" srcset=\"https:\/\/universofamilia.com\/wp-content\/uploads\/sites\/148\/2023\/06\/POST-ar-condicionado-universo-familia-2.png 550w, https:\/\/universofamilia.com\/wp-content\/uploads\/sites\/148\/2023\/06\/POST-ar-condicionado-universo-familia-2-300x191.png 300w\" sizes=\"(max-width: 550px) 100vw, 550px\" \/><figcaption class=\"wp-element-caption\"><em>Foto: (reproduktion\/internet)<\/em><\/figcaption><\/figure><\/div>\n\n\n<h3 class=\"wp-block-heading\"><strong>Fordele ved at bruge aircondition p\u00e5 babyv\u00e6relset<\/strong><\/h3>\n\n\n\n<p><strong>Temperaturkontrol<\/strong>Klimaanl\u00e6gget har den fordel, at det regulerer rumtemperaturen og sikrer, at babyens v\u00e6relse altid er behageligt, is\u00e6r i de k\u00f8ligere \u00e5rstider.<\/p>\n\n\n\n<p>At opretholde en passende temperatur kan bidrage til at fremme en rolig og behagelig lyd for din baby.<\/p>\n\n\n\n<p><strong>Reduktion af luftfugtighed<\/strong>Udover at styre temperatur eller aircondition, hj\u00e6lper det ogs\u00e5 med at reducere den omgivende luftfugtighed.<\/p>\n\n\n\n<p>Dette er is\u00e6r vigtigt for at forhindre ophobning af mofos og mider, som kan v\u00e6re skadelige for barnets luftvejssundhed.<\/p>\n\n\n\n<p><strong>Luftfiltrering<\/strong>Mange modeller af aircondition har filtre, der hj\u00e6lper med at rense luften ved at fjerne forurening, pollen og andre allergener, der kan for\u00e5rsage luftvejsproblemer.<\/p>\n\n\n\n<p>Det er ogs\u00e5 s\u00e6rligt gavnligt for babyer, der har luftvejsf\u00f8lsomhed eller allergier.<\/p>\n\n\n\n<p>Leia ogs\u00e5 <a href=\"https:\/\/universofamilia.com\/da\/posso-utilizar-ventilador-no-quarto-do-bebe\/\" target=\"_blank\" rel=\"noreferrer noopener\">M\u00e5 jeg bruge en ventilator p\u00e5 babyv\u00e6relset?<\/a><\/p>\n\n\n\n<h3 class=\"wp-block-heading\"><strong>V\u00e6r forsigtig ved brug af aircondition i babyv\u00e6relset<\/strong><\/h3>\n\n\n\n<p><strong>Regelm\u00e6ssig reng\u00f8ring af to filtre<\/strong>For at garantere luftkvaliteten er det vigtigt regelm\u00e6ssigt at reng\u00f8re to konditionerede luftfiltre.<\/p>\n\n\n\n<p>Denne handling hj\u00e6lper med at forhindre ophobning af forurening og allergener og sikrer et sundt milj\u00f8 for din baby.<\/p>\n\n\n\n<p><strong>Tilstr\u00e6kkelig temperatur<\/strong>Det er vigtigt at regulere eller konditionere temperaturen til en passende temperatur for babyen.<\/p>\n\n\n\n<p>Det anbefales at holde temperaturen mellem 23\u00b0C og 25\u00b0C, hvilket giver termisk komfort, selv i meget kolde omgivelser.<\/p>\n\n\n\n<p><strong>Undg\u00e5 direkte luftstr\u00f8mme<\/strong>Placer klimaanl\u00e6gget, s\u00e5 luftstr\u00f8mmen ikke direkte n\u00e5r det omr\u00e5de, hvor babyen sover.<\/p>\n\n\n\n<p>Det kan ogs\u00e5 for\u00e5rsage \u00e5ndedr\u00e6tsbesv\u00e6r eller endda fork\u00f8lelse.<\/p>\n\n\n\n<h3 class=\"wp-block-heading\"><strong>H\u00f8jde og placering af tilstanden i babyens v\u00e6relse<\/strong><\/h3>\n\n\n\n<p>N\u00e5r det kommer til at indrette eller udstyre babyens v\u00e6relse, er det vigtigt at overveje h\u00f8jden og den korrekte placering. Her er nogle tips, du kan f\u00f8lge:<\/p>\n\n\n\n<p><strong>Ideel h\u00f8jde<\/strong>Installer eller opbevar i en sikker h\u00f8jde, utilg\u00e6ngeligt for barnet. En anbefalet h\u00f8jde er cirka 1,8 meter fra loftet.<\/p>\n\n\n\n<p>Dette forhindrer babyen i at f\u00e5 adgang til apparatet og forhindrer mulige ulykker.<\/p>\n\n\n<div class=\"wp-block-image\">\n<figure class=\"aligncenter size-full\"><img loading=\"lazy\" decoding=\"async\" width=\"550\" height=\"350\" src=\"http:\/\/universofamilia.com\/wp-content\/uploads\/sites\/148\/2023\/06\/POST-ar-condicionado-universo-familia-.png\" alt=\"\" class=\"wp-image-2763\" srcset=\"https:\/\/universofamilia.com\/wp-content\/uploads\/sites\/148\/2023\/06\/POST-ar-condicionado-universo-familia-.png 550w, https:\/\/universofamilia.com\/wp-content\/uploads\/sites\/148\/2023\/06\/POST-ar-condicionado-universo-familia--300x191.png 300w\" sizes=\"(max-width: 550px) 100vw, 550px\" \/><figcaption class=\"wp-element-caption\"><em>Foto: (reproduktion\/internet)<\/em><\/figcaption><\/figure><\/div>\n\n\n<p><strong>Afstand fra ber\u00e7o<\/strong>S\u00f8rg for, at balsamanl\u00e6gget er placeret i en sikker afstand fra basen.<\/p>\n\n\n\n<p>Undg\u00e5 at placere for meget eller for t\u00e6t luft eller direkte luftstr\u00f8m, der kan g\u00f8re din baby utilpas under s\u00f8vn.<\/p>\n\n\n\n<p><strong>Undg\u00e5 forhindringer<\/strong>S\u00f8rg for, at der ikke er genstande, der blokerer str\u00f8mmen af konditioneret varme.<\/p>\n\n\n\n<p>Hold ogs\u00e5 pladsen omkring apparatet fri for at sikre tilstr\u00e6kkelig cirkulation i omgivelserne.<\/p>\n\n\n\n<h3 class=\"wp-block-heading\"><strong>Forslag til installation af aircondition i babyv\u00e6relset<\/strong><\/h3>\n\n\n\n<p>Korrekt installation af apparatet i babyv\u00e6relset er afg\u00f8rende for at garantere apparatets effektivitet og b\u00f8rnenes sikkerhed.<\/p>\n\n\n\n<p>Her er nogle retningslinjer for, hvordan installationen udf\u00f8res, og hvilken h\u00f8jde der er egnet til placering eller konditionering:<\/p>\n\n\n\n<p><strong>Hyr en professionel<\/strong>Det anbefales, at installationen af anl\u00e6gget udf\u00f8res af en kvalificeret fagmand.<\/p>\n\n\n\n<p>Denne specialist har ogs\u00e5 den n\u00f8dvendige tekniske viden til at udf\u00f8re en sikker og tilstr\u00e6kkelig installation, minimere risici og garantere apparatets korrekte funktion.<\/p>\n\n\n\n<p><strong>V\u00e6lg v\u00e6g eller vindue<\/strong>F\u00f8r installation eller konditionering er det vigtigt at beslutte, om apparatet skal fastg\u00f8res p\u00e5 en v\u00e6g eller p\u00e5 en d\u00f8r.<\/p>\n\n\n\n<p>Dette valg vil afh\u00e6nge af milj\u00f8ets karakteristika og strukturen i babyens v\u00e6relse.<\/p>\n\n\n\n<p><strong>Anbefalet h\u00f8jde<\/strong>Den ideelle h\u00f8jde til placering eller airconditioning af babyens v\u00e6relse er cirka 1,8 meter fra barnets v\u00e6relse. Derfor giver denne h\u00f8jde mulighed for effektiv luftfordeling i omgivelserne, hvilket opretholder babyens termiske komfort.<\/p>\n\n\n<div class=\"wp-block-image\">\n<figure class=\"aligncenter size-full\"><img loading=\"lazy\" decoding=\"async\" width=\"550\" height=\"350\" src=\"http:\/\/universofamilia.com\/wp-content\/uploads\/sites\/148\/2023\/06\/POST-ar-condicionado-universo-familia-1-1.png\" alt=\"\" class=\"wp-image-2765\" srcset=\"https:\/\/universofamilia.com\/wp-content\/uploads\/sites\/148\/2023\/06\/POST-ar-condicionado-universo-familia-1-1.png 550w, https:\/\/universofamilia.com\/wp-content\/uploads\/sites\/148\/2023\/06\/POST-ar-condicionado-universo-familia-1-1-300x191.png 300w\" sizes=\"(max-width: 550px) 100vw, 550px\" \/><figcaption class=\"wp-element-caption\"><em>Foto: (reproduktion\/internet)<\/em><\/figcaption><\/figure><\/div>\n\n\n<p><strong>Undg\u00e5 forhindringer<\/strong>S\u00f8rg for, at der ikke er nogen genstande i bev\u00e6gelse eller blokeringer i omr\u00e5det omkring apparatet. Disse forhindringer kan hindre luftcirkulationen og p\u00e5virke apparatets effektivitet.<\/p>\n\n\n\n<p><strong>Luftstr\u00f8mningsretning<\/strong>Placer airconditionen, s\u00e5 luftstr\u00f8mmen ikke rettes direkte mod gulvet eller det omr\u00e5de, hvor babyen sover. Isso forhindrer \u00e5ndedr\u00e6tsgener for\u00e5rsaget af direkte luftstr\u00f8mme.<\/p>\n\n\n\n<p><strong>Sikker afstand<\/strong>Hold en sikker afstand mellem den airconditionerede og ber\u00e7oen, og undg\u00e5 at placere dem for t\u00e6t p\u00e5 hinanden.<\/p>\n\n\n\n<p>Denne foranstaltning garanterer s\u00e5ledes, at vi undg\u00e5r at uds\u00e6tte babyen direkte for kold luft, hvilket hj\u00e6lper med at forhindre fork\u00f8lelse eller ubehag.<\/p>\n\n\n\n<p>S\u00f8rg altid for at f\u00f8lge producentens anvisninger for installation af klimaanl\u00e6gget, og kontakt en specialiseret fagmand, hvis du er i tvivl.<\/p>\n\n\n\n<p>Ved at sikre korrekt installation og placering eller konditionering i den korrekte h\u00f8jde, skaber du ogs\u00e5 et sikkert, behageligt og temperaturkontrolleret milj\u00f8 for din babys velbefindende.<\/p>\n\n\n\n<h3 class=\"wp-block-heading\"><strong>Konklusion<\/strong><\/h3>\n\n\n\n<p>Brug af aircondition i dit barns v\u00e6relse kan have betydelige fordele, s\u00e5 l\u00e6nge du passer ordentligt p\u00e5 det.<\/p>\n\n\n\n<p>Kontroller temperaturen, reducer luftfugtigheden og filtrer de vigtige trin for at sikre et sikkert milj\u00f8 for din baby.<\/p>\n\n\n\n<p>Det er n\u00f8dvendigt at reng\u00f8re de to filtre regelm\u00e6ssigt, justere temperaturen efter barnets behov og placere dem passende uden for barnets r\u00e6kkevidde.<\/p>\n\n\n\n<p>Ved at f\u00f8lge disse retningslinjer vil du s\u00e5ledes kunne nyde et behageligt og komfortabelt milj\u00f8 for din baby, der fremmer deres velbefindende og god lydkvalitet.<\/p>\n\n\n\n<p>Brug for tilbeh\u00f8r og t\u00f8j, conhe\u00e7a |&nbsp;<a href=\"https:\/\/www.luzbaby.com.br\/\" target=\"_blank\" rel=\"noreferrer noopener\">A Luz Baby er en af de bedste butikker med babyprodukter. Klik her<\/a><\/p>\n\n\n\n<h3 class=\"wp-block-heading\"><strong>Mere information<\/strong><\/h3>\n\n\n\n<p>For mere detaljerede og omfattende oplysninger om brugen af aircondition p\u00e5 et babyv\u00e6relse anbefales det at konsultere yderligere kilder og overveje specialisters meninger.<\/p>\n\n\n\n<p><strong>Her er nogle referencer, du har tillid til, som du kan konsultere:<\/strong><\/p>\n\n\n\n<p><strong>Brasiliansk Selskab for P\u00e6diatri (SBP):<\/strong> SBP er en anerkendt institution, der tilbyder retningslinjer og information om b\u00f8rnepasning. Den officielle hjemmeside (https:\/\/www.sbp.com.br\/) kan give vejledning i brugen af aircondition p\u00e5 babyv\u00e6relset.<\/p>\n\n\n\n<p><strong>Brasiliansk sammenslutning for k\u00f8ling, klimaanl\u00e6g, ventilation og aquecimento (ABRAVA):<\/strong> ABRAVA er en forening, der samler fagfolk og virksomheder i klimaanl\u00e6gsbranchen. Dette websted (https:\/\/abrava.com.br\/) kan tilbyde tekniske oplysninger om korrekt installation af klimaanl\u00e6gget.<\/p>\n\n\n\n<p><strong>Konsulter b\u00f8rnel\u00e6ger og klimaanl\u00e6gsspecialister<\/strong>N\u00e5r man diskuterer brugen af aircondition p\u00e5 et babyv\u00e6relse, er det altid relevant at indhente en mening fra sundhedspersonale og airconditionspecialister.<\/p>\n\n\n\n<p>Planl\u00e6g en konsultation med din babys b\u00f8rnel\u00e6ge for at f\u00e5 specifik vejledning baseret p\u00e5 dit barns helbredshistorie.<\/p>\n\n\n\n<p>Du kan ogs\u00e5 konsultere en klimaanl\u00e6gsspecialist for at f\u00e5 personlige anbefalinger i henhold til milj\u00f8ets karakteristika.<\/p>\n\n\n\n<p>Bem\u00e6rk at retningerne kan variere afh\u00e6ngigt af barnets individuelle behov og de specifikke forhold i milj\u00f8et.<\/p>\n\n\n\n<p>Derfor er det vigtigt, at du s\u00f8ger opdateret og personlig information fra p\u00e5lidelige og kvalificerede professionelle kilder.<\/p>","protected":false},"excerpt":{"rendered":"<p>Ter um beb\u00ea em casa \u00e9 uma experi\u00eancia incr\u00edvel, mas tamb\u00e9m traz diversas preocupa\u00e7\u00f5es para os pais. Posso Utilizar Ar Condicionado no Quarto do Beb\u00ea ? As pessoas frequentemente t\u00eam a d\u00favida se utilizar um ar condicionado no quarto do beb\u00ea \u00e9 seguro Vamos explorar os benef\u00edcios e cuidados relacionados a essa quest\u00e3o, al\u00e9m de [&hellip;]<\/p>","protected":false},"author":219,"featured_media":2766,"comment_status":"closed","ping_status":"open","sticky":false,"template":"","format":"standard","meta":{"footnotes":""},"categories":[4],"tags":[486,487,1310],"yoast_head":"<!-- This site is optimized with the Yoast SEO plugin v23.3 - https:\/\/yoast.com\/wordpress\/plugins\/seo\/ -->\n<title>Posso Utilizar Ar Condicionado no Quarto do Beb\u00ea? - Universo Fam\u00edlia<\/title>\n<meta name=\"description\" content=\"Posso Utilizar Ar Condicionado no Quarto do Beb\u00ea? Ter um beb\u00ea em casa \u00e9 uma experi\u00eancia incr\u00edvel, mas tamb\u00e9m traz diversas preocupa\u00e7\u00f5es para\" \/>\n<meta name=\"robots\" content=\"index, follow, max-snippet:-1, max-image-preview:large, max-video-preview:-1\" \/>\n<link rel=\"canonical\" href=\"https:\/\/universofamilia.com\/da\/posso-utilizar-ar-condicionado-no-quarto-do-bebe\/\" \/>\n<meta property=\"og:locale\" content=\"da_DK\" \/>\n<meta property=\"og:type\" content=\"article\" \/>\n<meta property=\"og:title\" content=\"Posso Utilizar Ar Condicionado no Quarto do Beb\u00ea? - Universo Fam\u00edlia\" \/>\n<meta property=\"og:description\" content=\"Posso Utilizar Ar Condicionado no Quarto do Beb\u00ea? Ter um beb\u00ea em casa \u00e9 uma experi\u00eancia incr\u00edvel, mas tamb\u00e9m traz diversas preocupa\u00e7\u00f5es para\" \/>\n<meta property=\"og:url\" content=\"https:\/\/universofamilia.com\/da\/posso-utilizar-ar-condicionado-no-quarto-do-bebe\/\" \/>\n<meta property=\"og:site_name\" content=\"Universo Fam\u00edlia\" \/>\n<meta property=\"article:published_time\" content=\"2023-06-19T00:39:10+00:00\" \/>\n<meta property=\"article:modified_time\" content=\"2025-10-06T01:57:48+00:00\" \/>\n<meta property=\"og:image\" content=\"https:\/\/universofamilia.com\/wp-content\/uploads\/sites\/148\/2023\/06\/FOTO-DESTAQUE-ar-condicionado-universo-familia-.png\" \/>\n\t<meta property=\"og:image:width\" content=\"448\" \/>\n\t<meta property=\"og:image:height\" content=\"350\" \/>\n\t<meta property=\"og:image:type\" content=\"image\/png\" \/>\n<meta name=\"author\" content=\"Matheus Sangaletti\" \/>\n<meta name=\"twitter:card\" content=\"summary_large_image\" \/>\n<meta name=\"twitter:label1\" content=\"Written by\" \/>\n\t<meta name=\"twitter:data1\" content=\"Matheus Sangaletti\" \/>\n\t<meta name=\"twitter:label2\" content=\"Est. reading time\" \/>\n\t<meta name=\"twitter:data2\" content=\"8 minutter\" \/>\n<script type=\"application\/ld+json\" class=\"yoast-schema-graph\">{\"@context\":\"https:\/\/schema.org\",\"@graph\":[{\"@type\":\"WebPage\",\"@id\":\"https:\/\/universofamilia.com\/zh\/posso-utilizar-ar-condicionado-no-quarto-do-bebe\/\",\"url\":\"https:\/\/universofamilia.com\/zh\/posso-utilizar-ar-condicionado-no-quarto-do-bebe\/\",\"name\":\"Posso Utilizar Ar Condicionado no Quarto do Beb\u00ea? - Universo Fam\u00edlia\",\"isPartOf\":{\"@id\":\"http:\/\/universofamilia.com\/zh_hk\/#website\"},\"primaryImageOfPage\":{\"@id\":\"https:\/\/universofamilia.com\/zh\/posso-utilizar-ar-condicionado-no-quarto-do-bebe\/#primaryimage\"},\"image\":{\"@id\":\"https:\/\/universofamilia.com\/zh\/posso-utilizar-ar-condicionado-no-quarto-do-bebe\/#primaryimage\"},\"thumbnailUrl\":\"https:\/\/universofamilia.com\/wp-content\/uploads\/sites\/148\/2023\/06\/FOTO-DESTAQUE-ar-condicionado-universo-familia-.png\",\"datePublished\":\"2023-06-19T00:39:10+00:00\",\"dateModified\":\"2025-10-06T01:57:48+00:00\",\"author\":{\"@id\":\"http:\/\/universofamilia.com\/zh_hk\/#\/schema\/person\/92fcd07e9b1f4323bf74f3170fc0f78a\"},\"description\":\"Posso Utilizar Ar Condicionado no Quarto do Beb\u00ea? Ter um beb\u00ea em casa \u00e9 uma experi\u00eancia incr\u00edvel, mas tamb\u00e9m traz diversas preocupa\u00e7\u00f5es para\",\"breadcrumb\":{\"@id\":\"https:\/\/universofamilia.com\/zh\/posso-utilizar-ar-condicionado-no-quarto-do-bebe\/#breadcrumb\"},\"inLanguage\":\"da-DK\",\"potentialAction\":[{\"@type\":\"ReadAction\",\"target\":[\"https:\/\/universofamilia.com\/zh\/posso-utilizar-ar-condicionado-no-quarto-do-bebe\/\"]}]},{\"@type\":\"ImageObject\",\"inLanguage\":\"da-DK\",\"@id\":\"https:\/\/universofamilia.com\/zh\/posso-utilizar-ar-condicionado-no-quarto-do-bebe\/#primaryimage\",\"url\":\"https:\/\/universofamilia.com\/wp-content\/uploads\/sites\/148\/2023\/06\/FOTO-DESTAQUE-ar-condicionado-universo-familia-.png\",\"contentUrl\":\"https:\/\/universofamilia.com\/wp-content\/uploads\/sites\/148\/2023\/06\/FOTO-DESTAQUE-ar-condicionado-universo-familia-.png\",\"width\":448,\"height\":350},{\"@type\":\"BreadcrumbList\",\"@id\":\"https:\/\/universofamilia.com\/zh\/posso-utilizar-ar-condicionado-no-quarto-do-bebe\/#breadcrumb\",\"itemListElement\":[{\"@type\":\"ListItem\",\"position\":1,\"name\":\"Home\",\"item\":\"http:\/\/universofamilia.com\/zh_hk\/\"},{\"@type\":\"ListItem\",\"position\":2,\"name\":\"Posso Utilizar Ar Condicionado no Quarto do Beb\u00ea?\"}]},{\"@type\":\"WebSite\",\"@id\":\"http:\/\/universofamilia.com\/zh_hk\/#website\",\"url\":\"http:\/\/universofamilia.com\/zh_hk\/\",\"name\":\"Universo Fam\u00edlia\",\"description\":\"\",\"potentialAction\":[{\"@type\":\"SearchAction\",\"target\":{\"@type\":\"EntryPoint\",\"urlTemplate\":\"http:\/\/universofamilia.com\/zh_hk\/?s={search_term_string}\"},\"query-input\":\"required name=search_term_string\"}],\"inLanguage\":\"da-DK\"},{\"@type\":\"Person\",\"@id\":\"http:\/\/universofamilia.com\/zh_hk\/#\/schema\/person\/92fcd07e9b1f4323bf74f3170fc0f78a\",\"name\":\"Matheus Sangaletti\",\"image\":{\"@type\":\"ImageObject\",\"inLanguage\":\"da-DK\",\"@id\":\"http:\/\/universofamilia.com\/zh_hk\/#\/schema\/person\/image\/\",\"url\":\"https:\/\/secure.gravatar.com\/avatar\/280ea957a14a48e6a1ad2133d2cc27c9?s=96&d=mm&r=g\",\"contentUrl\":\"https:\/\/secure.gravatar.com\/avatar\/280ea957a14a48e6a1ad2133d2cc27c9?s=96&d=mm&r=g\",\"caption\":\"Matheus Sangaletti\"},\"url\":\"https:\/\/universofamilia.com\/da\/author\/matheuss\/\"}]}<\/script>\n<!-- \/ Yoast SEO plugin. -->","yoast_head_json":{"title":"Posso Utilizar Ar Condicionado no Quarto do Beb\u00ea? - Universo Fam\u00edlia","description":"Posso Utilizar Ar Condicionado no Quarto do Beb\u00ea? Ter um beb\u00ea em casa \u00e9 uma experi\u00eancia incr\u00edvel, mas tamb\u00e9m traz diversas preocupa\u00e7\u00f5es para","robots":{"index":"index","follow":"follow","max-snippet":"max-snippet:-1","max-image-preview":"max-image-preview:large","max-video-preview":"max-video-preview:-1"},"canonical":"https:\/\/universofamilia.com\/da\/posso-utilizar-ar-condicionado-no-quarto-do-bebe\/","og_locale":"da_DK","og_type":"article","og_title":"Posso Utilizar Ar Condicionado no Quarto do Beb\u00ea? - Universo Fam\u00edlia","og_description":"Posso Utilizar Ar Condicionado no Quarto do Beb\u00ea? Ter um beb\u00ea em casa \u00e9 uma experi\u00eancia incr\u00edvel, mas tamb\u00e9m traz diversas preocupa\u00e7\u00f5es para","og_url":"https:\/\/universofamilia.com\/da\/posso-utilizar-ar-condicionado-no-quarto-do-bebe\/","og_site_name":"Universo Fam\u00edlia","article_published_time":"2023-06-19T00:39:10+00:00","article_modified_time":"2025-10-06T01:57:48+00:00","og_image":[{"width":448,"height":350,"url":"https:\/\/universofamilia.com\/wp-content\/uploads\/sites\/148\/2023\/06\/FOTO-DESTAQUE-ar-condicionado-universo-familia-.png","type":"image\/png"}],"author":"Matheus Sangaletti","twitter_card":"summary_large_image","twitter_misc":{"Written by":"Matheus Sangaletti","Est. reading time":"8 minutter"},"schema":{"@context":"https:\/\/schema.org","@graph":[{"@type":"WebPage","@id":"https:\/\/universofamilia.com\/zh\/posso-utilizar-ar-condicionado-no-quarto-do-bebe\/","url":"https:\/\/universofamilia.com\/zh\/posso-utilizar-ar-condicionado-no-quarto-do-bebe\/","name":"Posso Utilizar Ar Condicionado no Quarto do Beb\u00ea? - Universo Fam\u00edlia","isPartOf":{"@id":"http:\/\/universofamilia.com\/zh_hk\/#website"},"primaryImageOfPage":{"@id":"https:\/\/universofamilia.com\/zh\/posso-utilizar-ar-condicionado-no-quarto-do-bebe\/#primaryimage"},"image":{"@id":"https:\/\/universofamilia.com\/zh\/posso-utilizar-ar-condicionado-no-quarto-do-bebe\/#primaryimage"},"thumbnailUrl":"https:\/\/universofamilia.com\/wp-content\/uploads\/sites\/148\/2023\/06\/FOTO-DESTAQUE-ar-condicionado-universo-familia-.png","datePublished":"2023-06-19T00:39:10+00:00","dateModified":"2025-10-06T01:57:48+00:00","author":{"@id":"http:\/\/universofamilia.com\/zh_hk\/#\/schema\/person\/92fcd07e9b1f4323bf74f3170fc0f78a"},"description":"Posso Utilizar Ar Condicionado no Quarto do Beb\u00ea? Ter um beb\u00ea em casa \u00e9 uma experi\u00eancia incr\u00edvel, mas tamb\u00e9m traz diversas preocupa\u00e7\u00f5es para","breadcrumb":{"@id":"https:\/\/universofamilia.com\/zh\/posso-utilizar-ar-condicionado-no-quarto-do-bebe\/#breadcrumb"},"inLanguage":"da-DK","potentialAction":[{"@type":"ReadAction","target":["https:\/\/universofamilia.com\/zh\/posso-utilizar-ar-condicionado-no-quarto-do-bebe\/"]}]},{"@type":"ImageObject","inLanguage":"da-DK","@id":"https:\/\/universofamilia.com\/zh\/posso-utilizar-ar-condicionado-no-quarto-do-bebe\/#primaryimage","url":"https:\/\/universofamilia.com\/wp-content\/uploads\/sites\/148\/2023\/06\/FOTO-DESTAQUE-ar-condicionado-universo-familia-.png","contentUrl":"https:\/\/universofamilia.com\/wp-content\/uploads\/sites\/148\/2023\/06\/FOTO-DESTAQUE-ar-condicionado-universo-familia-.png","width":448,"height":350},{"@type":"BreadcrumbList","@id":"https:\/\/universofamilia.com\/zh\/posso-utilizar-ar-condicionado-no-quarto-do-bebe\/#breadcrumb","itemListElement":[{"@type":"ListItem","position":1,"name":"Home","item":"http:\/\/universofamilia.com\/zh_hk\/"},{"@type":"ListItem","position":2,"name":"Posso Utilizar Ar Condicionado no Quarto do Beb\u00ea?"}]},{"@type":"WebSite","@id":"http:\/\/universofamilia.com\/zh_hk\/#website","url":"http:\/\/universofamilia.com\/zh_hk\/","name":"Universo Fam\u00edlia","description":"","potentialAction":[{"@type":"SearchAction","target":{"@type":"EntryPoint","urlTemplate":"http:\/\/universofamilia.com\/zh_hk\/?s={search_term_string}"},"query-input":"required name=search_term_string"}],"inLanguage":"da-DK"},{"@type":"Person","@id":"http:\/\/universofamilia.com\/zh_hk\/#\/schema\/person\/92fcd07e9b1f4323bf74f3170fc0f78a","name":"Matheus Sangaletti","image":{"@type":"ImageObject","inLanguage":"da-DK","@id":"http:\/\/universofamilia.com\/zh_hk\/#\/schema\/person\/image\/","url":"https:\/\/secure.gravatar.com\/avatar\/280ea957a14a48e6a1ad2133d2cc27c9?s=96&d=mm&r=g","contentUrl":"https:\/\/secure.gravatar.com\/avatar\/280ea957a14a48e6a1ad2133d2cc27c9?s=96&d=mm&r=g","caption":"Matheus Sangaletti"},"url":"https:\/\/universofamilia.com\/da\/author\/matheuss\/"}]}},"_links":{"self":[{"href":"https:\/\/universofamilia.com\/da\/wp-json\/wp\/v2\/posts\/2760"}],"collection":[{"href":"https:\/\/universofamilia.com\/da\/wp-json\/wp\/v2\/posts"}],"about":[{"href":"https:\/\/universofamilia.com\/da\/wp-json\/wp\/v2\/types\/post"}],"author":[{"embeddable":true,"href":"https:\/\/universofamilia.com\/da\/wp-json\/wp\/v2\/users\/219"}],"replies":[{"embeddable":true,"href":"https:\/\/universofamilia.com\/da\/wp-json\/wp\/v2\/comments?post=2760"}],"version-history":[{"count":1,"href":"https:\/\/universofamilia.com\/da\/wp-json\/wp\/v2\/posts\/2760\/revisions"}],"predecessor-version":[{"id":9885,"href":"https:\/\/universofamilia.com\/da\/wp-json\/wp\/v2\/posts\/2760\/revisions\/9885"}],"wp:featuredmedia":[{"embeddable":true,"href":"https:\/\/universofamilia.com\/da\/wp-json\/wp\/v2\/media\/2766"}],"wp:attachment":[{"href":"https:\/\/universofamilia.com\/da\/wp-json\/wp\/v2\/media?parent=2760"}],"wp:term":[{"taxonomy":"category","embeddable":true,"href":"https:\/\/universofamilia.com\/da\/wp-json\/wp\/v2\/categories?post=2760"},{"taxonomy":"post_tag","embeddable":true,"href":"https:\/\/universofamilia.com\/da\/wp-json\/wp\/v2\/tags?post=2760"}],"curies":[{"name":"wp","href":"https:\/\/api.w.org\/{rel}","templated":true}]}}