{"id":3622,"date":"2023-08-23T08:00:00","date_gmt":"2023-08-23T11:00:00","guid":{"rendered":"https:\/\/universofamilia.com\/?p=3622"},"modified":"2025-01-22T01:29:10","modified_gmt":"2025-01-22T01:29:10","slug":"cantando-para-nossos-bebes","status":"publish","type":"post","link":"https:\/\/universofamilia.com\/da\/cantando-para-nossos-bebes\/","title":{"rendered":"Sang for vores babyer: 5 musikstykker med fortryllende tekster og f\u00e6ngslende oprindelse"},"content":{"rendered":"<p>Synger for vores babyer, 5 sange med charmerende tekster og f\u00e6ngslende oprindelse. Musikkens kraft er uvurderlig, is\u00e6r n\u00e5r det kommer til at berolige og skabe kontakt med vores sm\u00e5.<\/p>\n\n\n\n<p>At synge for babyer er ikke kun en m\u00e5de at skabe f\u00f8lelsesm\u00e6ssige b\u00e5nd p\u00e5, men ogs\u00e5 en m\u00e5de at stimulere kognitiv og f\u00f8lelsesm\u00e6ssig udvikling.<\/p>\n\n\n\n<p>P\u00e5 en sjov m\u00e5de vil vi vise dig fem popul\u00e6re sange, du kan synge for babyer, inklusive deres f\u00e6ngslende tekster og de fascinerende historier bag deres oprindelse.<\/p>\n\n\n<div class=\"wp-block-image\">\n<figure class=\"aligncenter size-full\"><img loading=\"lazy\" decoding=\"async\" width=\"550\" height=\"350\" src=\"http:\/\/universofamilia.com\/wp-content\/uploads\/sites\/148\/2023\/08\/POST-Cantando-para-as-criancas-universo-familia-.png\" alt=\"\" class=\"wp-image-3623\" srcset=\"https:\/\/universofamilia.com\/wp-content\/uploads\/sites\/148\/2023\/08\/POST-Cantando-para-as-criancas-universo-familia-.png 550w, https:\/\/universofamilia.com\/wp-content\/uploads\/sites\/148\/2023\/08\/POST-Cantando-para-as-criancas-universo-familia--300x191.png 300w\" sizes=\"(max-width: 550px) 100vw, 550px\" \/><figcaption class=\"wp-element-caption\"><em>Foto: (reproduktion\/internet)<\/em><\/figcaption><\/figure><\/div>\n\n\n<h3 class=\"wp-block-heading\">1. &quot;Boa Noite, Amiguinho&quot; - En k\u00e6rlig melodi til at sove<\/h3>\n\n\n\n<h4 class=\"wp-block-heading\">Oprindelse og betydning<\/h4>\n\n\n\n<p>Musikken \u201cBoa Noite, Amiguinho\u201d er en traditionel ninar-sang, der er fortryllet. Med en bl\u00f8d melodi og k\u00e6rlige tekster blev denne sang sunget af b\u00f8rn for at berolige deres babyer, inden de gik i seng.<\/p>\n\n\n\n<p>Ordenes enkelhed og melodiens \u00f8mhed g\u00f8r det til en elsket skole til at overf\u00f8re hengivenhed og ro til de sm\u00e5.<\/p>\n\n\n\n<h4 class=\"wp-block-heading\">Bogstav:<\/h4>\n\n\n\n<div class=\"wp-block-columns is-layout-flex wp-container-core-columns-layout-1 wp-block-columns-is-layout-flex\">\n<div class=\"wp-block-column is-layout-flow wp-block-column-is-layout-flow\" style=\"flex-basis:100%\">\n<div class=\"wp-block-group is-layout-constrained wp-block-group-is-layout-constrained\"><div class=\"wp-block-group__inner-container\">\n<p>&quot;Hold da op, ven&quot;<\/p>\n\n\n\n<p>Det er tid til at sove<\/p>\n\n\n\n<p>A lua j\u00e1 chegou<\/p>\n\n\n\n<p>E som stjernerne forts\u00e6tter, men forts\u00e6tter<\/p>\n\n\n\n<p>Boa noite, amiguinho<\/p>\n\n\n\n<p>O ceu ja vai se luminosa<\/p>\n\n\n\n<p>Med smukke s\u00f8nner<\/p>\n\n\n\n<p>&quot;Hvad skal du s\u00e6tte i gang&quot;<\/p>\n<\/div><\/div>\n<\/div>\n<\/div>\n\n\n\n<h3 class=\"wp-block-heading\">2. \u201cO Barquinho\u201d \u2013 Sejlads gennem roligt og fredfyldt vand<\/h3>\n\n\n\n<h4 class=\"wp-block-heading\">Oprindelse og betydning<\/h4>\n\n\n\n<p>Melodien \u201cO Barquinho\u201d tager os med p\u00e5 en stille dag gennem fantasiens hav. Med r\u00f8dder i folkesange symboliserer denne musik den ro og fred, som en b\u00e5d, der sejler i roligt vand, kan spore.<\/p>\n\n\n\n<p>Dens bl\u00f8de melodi og bl\u00f8de tekster er blevet en popul\u00e6r sang til at berolige babyer og inspirere til fredfyldte dr\u00f8mme.<\/p>\n\n\n\n<h4 class=\"wp-block-heading\">Bogstav:<\/h4>\n\n\n\n<div class=\"wp-block-columns is-layout-flex wp-container-core-columns-layout-2 wp-block-columns-is-layout-flex\">\n<div class=\"wp-block-column is-layout-flow wp-block-column-is-layout-flow\" style=\"flex-basis:100%\">\n<div class=\"wp-block-group is-layout-constrained wp-block-group-is-layout-constrained\"><div class=\"wp-block-group__inner-container\">\n<p>&quot;O barquinho vai, en tardinha cai<\/p>\n\n\n\n<p>O sol j\u00e1 vai embora, o dia findou<\/p>\n\n\n\n<p>O barquinho vai, en tardinha cai<\/p>\n\n\n\n<p>\u201cO sol j\u00e1 vai embora, o dia findou\u201d<\/p>\n<\/div><\/div>\n<\/div>\n<\/div>\n\n\n\n<h3 class=\"wp-block-heading\">3. &quot;Dorme, nen\u00e9m&quot; - A Convite para o Soninho Tranquilo<\/h3>\n\n\n\n<h4 class=\"wp-block-heading\">Oprindelse og betydning<\/h4>\n\n\n\n<p>&quot;Dorme, nen\u00e9m&quot; er en sang, der udstr\u00e5ler ro og tryghed. Med r\u00f8dder i kulturelle traditioner er denne melodi en blid godbid, der giver din baby en fredelig s\u00f8vn.<\/p>\n\n\n\n<p>De bl\u00f8de ord og den omsluttende melodi g\u00f8r denne musik til en popul\u00e6r skole over hele verden, der overf\u00f8rer k\u00e6rlighed og hengivenhed.<\/p>\n\n\n\n<h4 class=\"wp-block-heading\">Bogstav:<\/h4>\n\n\n\n<div class=\"wp-block-group is-layout-constrained wp-block-group-is-layout-constrained\"><div class=\"wp-block-group__inner-container\">\n<p>&quot;Sov, nen\u00e9m, vi tager til Cuca.&quot;<\/p>\n\n\n\n<p>Papai var for ro\u00e7a, mamma var for arbejde<\/p>\n\n\n\n<p>G\u00e5 i seng, skat, jeg skal p\u00e5 Cuca<\/p>\n\n\n\n<p>Papai var for ro\u00e7a, mamma var for arbejde<\/p>\n<\/div><\/div>\n\n\n\n<h3 class=\"wp-block-heading\">4. &quot;Borboletinha&quot; - En sang om fortryllelse og Brincadeira<\/h3>\n\n\n\n<h4 class=\"wp-block-heading\">Oprindelse og betydning<\/h4>\n\n\n\n<p>\u201cBorboletinha\u201d er en b\u00f8rnesang, der kombinerer musik og hop. Med en glad melodi og tekster, der stimulerer fantasien, er denne musik en popul\u00e6r sang at synge for babyer.<\/p>\n\n\n\n<p>Referencen til boblen, der g\u00e5r fra blomst til blomst, er en metafor for udforskningen og nysgerrigheden hos b\u00f8rn i v\u00e6kst.<\/p>\n\n\n\n<h4 class=\"wp-block-heading\">Bogstav:<\/h4>\n\n\n\n<div class=\"wp-block-group is-layout-constrained wp-block-group-is-layout-constrained\"><div class=\"wp-block-group__inner-container\">\n<p>&quot;Borboletinha er i k\u00f8kkenet&quot;<\/p>\n\n\n\n<p>At lave chokolade med en gudmor<\/p>\n\n\n\n<p>Du g\u00f8r det, du g\u00f8r det, du g\u00f8r det, du g\u00f8r det<\/p>\n\n\n\n<p>&quot;A canela \u00e9 quente, kommer det til at br\u00e6nde?&quot;<\/p>\n<\/div><\/div>\n\n\n\n<h3 class=\"wp-block-heading\">5. \u201cAcalanto\u201d \u2013 En omgivende melodi til dr\u00f8mme<\/h3>\n\n\n\n<h4 class=\"wp-block-heading\">Oprindelse og betydning<\/h4>\n\n\n\n<p>&quot;Acalanto&quot; er en b\u00f8rnesang, der overskrider kulturelle gr\u00e6nser. Med en omsluttende melodi og tekster, der formidler sindsro, er denne sang et udtryk for k\u00e6rlighed og hengivenhed fra omsorgspersoner for babyer.<\/p>\n\n\n\n<p>Ordet &quot;acalanto&quot; refererer til processen med opvarmning og pakning, hvilket g\u00f8r denne musik til et naturligt valg til \u00f8jeblikke med ro.<\/p>\n\n\n\n<h4 class=\"wp-block-heading\">Bogstav:<\/h4>\n\n\n\n<div class=\"wp-block-group is-layout-constrained wp-block-group-is-layout-constrained\"><div class=\"wp-block-group__inner-container\">\n<p>\u201cS\u00f8vn, meu menino, meu acalanto<\/p>\n\n\n\n<p>Hvad skal vi lave i nat?<\/p>\n\n\n\n<p>O sol vai se deitar<\/p>\n\n\n\n<p>Sov, min dreng, min acalanto<\/p>\n\n\n\n<p>Hvad skal vi lave i nat?<\/p>\n\n\n\n<p>&quot;O solen skal g\u00e5 ud&quot;<\/p>\n<\/div><\/div>\n\n\n\n<h3 class=\"wp-block-heading\">Konklusion: En k\u00e6rlighedsserenade for de sm\u00e5<\/h3>\n\n\n\n<p>At synge for babyer er en tradition fuld af mening og k\u00e6rlighed. Musik til b\u00f8rnev\u00e6relset giver ikke kun tr\u00f8st, men skaber ogs\u00e5 et s\u00e6rligt b\u00e5nd mellem omsorgspersoner og babyer.<\/p>\n\n\n\n<p>Ved at synge disse sange med f\u00e6ngslende historier deler vi en dyrebar gave \u2013 musik, der n\u00e6rer vores sm\u00e5 b\u00f8rns hjerter og sind.<\/p>\n\n\n\n<h3 class=\"wp-block-heading\">Ofte stillede sp\u00f8rgsm\u00e5l<\/h3>\n\n\n\n<h4 class=\"wp-block-heading\">1. Hvorfor er sang vigtigt for babyer?<\/h4>\n\n\n\n<p>At synge for babyer hj\u00e6lper med at skabe f\u00f8lelsesm\u00e6ssige b\u00e5nd, berolige b\u00f8rn og stimulere kognitiv udvikling.<\/p>\n\n\n\n<h4 class=\"wp-block-heading\">2. Er denne musik specifik for en kultur?<\/h4>\n\n\n\n<p>Noget musik har en specifik oprindelse, mens anden synges i forskellige kulturer rundt om i verden.<\/p>\n\n\n\n<h4 class=\"wp-block-heading\">3. Hvordan v\u00e6lger jeg den rigtige musik at synge for min baby?<\/h4>\n\n\n\n<p>V\u00e6lg musik med bl\u00f8de melodier og blide tekster. At observere babyens reaktion kan hj\u00e6lpe med at identificere, hvilken musik han eller hun foretr\u00e6kker.<\/p>\n\n\n\n<h4 class=\"wp-block-heading\">4. Har babymusik positive effekter?<\/h4>\n\n\n\n<p>Sim, babymusik kan hj\u00e6lpe med at berolige babyen og skabe en afslappende rutine inden sengetid.<\/p>\n\n\n\n<h4 class=\"wp-block-heading\">5. Udover denne musik, er der andre popul\u00e6re muligheder at synge for babyer?<\/h4>\n\n\n\n<p>Sim, der findes en r\u00e6kke forskellige musikalske udtryk i forskellige kulturer, hver med sine egne historier og betydninger.<\/p>\n\n\n\n<p>Al\u00e9m disso, har brug for tilbeh\u00f8r og t\u00f8j, conhe\u00e7a |&nbsp;<a href=\"https:\/\/www.luzbaby.com.br\/\" target=\"_blank\" rel=\"noreferrer noopener\">A Luz Baby er en af de bedste butikker med babyprodukter. Klik her<\/a><\/p>","protected":false},"excerpt":{"rendered":"<p>At synge for vores babyer, 5 sange med charmerende tekster og f\u00e6ngslende oprindelse. Musikkens kraft er uvurderlig, is\u00e6r n\u00e5r det kommer til at berolige og skabe kontakt med vores sm\u00e5. At synge for babyer er ikke kun en m\u00e5de at skabe f\u00f8lelsesm\u00e6ssige b\u00e5nd p\u00e5, men ogs\u00e5 at stimulere kognitiv og f\u00f8lelsesm\u00e6ssig udvikling. P\u00e5 en sjov m\u00e5de, [\u2026]<\/p>","protected":false},"author":139,"featured_media":3625,"comment_status":"closed","ping_status":"open","sticky":false,"template":"","format":"standard","meta":{"footnotes":""},"categories":[3],"tags":[],"yoast_head":"<!-- This site is optimized with the Yoast SEO plugin v23.3 - https:\/\/yoast.com\/wordpress\/plugins\/seo\/ -->\n<title>Cantando para Nossos Beb\u00eas: 5 M\u00fasicas com Letras Encantadoras e Origens Cativantes - Universo Fam\u00edlia<\/title>\n<meta name=\"description\" content=\"Cantando para nossos beb\u00eas, 5 m\u00fasicas com letras encantadoras e origens cativantes. O poder da m\u00fasica \u00e9 ineg\u00e1vel, especialmente quando se trata de acalmar\" \/>\n<meta name=\"robots\" content=\"index, follow, max-snippet:-1, max-image-preview:large, max-video-preview:-1\" \/>\n<link rel=\"canonical\" href=\"https:\/\/universofamilia.com\/da\/cantando-para-nossos-bebes\/\" \/>\n<meta property=\"og:locale\" content=\"da_DK\" \/>\n<meta property=\"og:type\" content=\"article\" \/>\n<meta property=\"og:title\" content=\"Cantando para Nossos Beb\u00eas: 5 M\u00fasicas com Letras Encantadoras e Origens Cativantes - Universo Fam\u00edlia\" \/>\n<meta property=\"og:description\" content=\"Cantando para nossos beb\u00eas, 5 m\u00fasicas com letras encantadoras e origens cativantes. O poder da m\u00fasica \u00e9 ineg\u00e1vel, especialmente quando se trata de acalmar\" \/>\n<meta property=\"og:url\" content=\"https:\/\/universofamilia.com\/da\/cantando-para-nossos-bebes\/\" \/>\n<meta property=\"og:site_name\" content=\"Universo Fam\u00edlia\" \/>\n<meta property=\"article:published_time\" content=\"2023-08-23T11:00:00+00:00\" \/>\n<meta property=\"article:modified_time\" content=\"2025-01-22T01:29:10+00:00\" \/>\n<meta property=\"og:image\" content=\"https:\/\/universofamilia.com\/wp-content\/uploads\/sites\/148\/2023\/08\/DESTAQUE-cantando-para-as-criancas-universo-familia-.png\" \/>\n\t<meta property=\"og:image:width\" content=\"448\" \/>\n\t<meta property=\"og:image:height\" content=\"350\" \/>\n\t<meta property=\"og:image:type\" content=\"image\/png\" \/>\n<meta name=\"author\" content=\"Pedro Henrique\" \/>\n<meta name=\"twitter:card\" content=\"summary_large_image\" \/>\n<meta name=\"twitter:label1\" content=\"Written by\" \/>\n\t<meta name=\"twitter:data1\" content=\"Pedro Henrique\" \/>\n\t<meta name=\"twitter:label2\" content=\"Est. reading time\" \/>\n\t<meta name=\"twitter:data2\" content=\"5 minutter\" \/>\n<script type=\"application\/ld+json\" class=\"yoast-schema-graph\">{\"@context\":\"https:\/\/schema.org\",\"@graph\":[{\"@type\":\"WebPage\",\"@id\":\"https:\/\/universofamilia.com\/sr\/cantando-para-nossos-bebes\/\",\"url\":\"https:\/\/universofamilia.com\/sr\/cantando-para-nossos-bebes\/\",\"name\":\"Cantando para Nossos Beb\u00eas: 5 M\u00fasicas com Letras Encantadoras e Origens Cativantes - Universo Fam\u00edlia\",\"isPartOf\":{\"@id\":\"http:\/\/universofamilia.com\/zh_hk\/#website\"},\"primaryImageOfPage\":{\"@id\":\"https:\/\/universofamilia.com\/sr\/cantando-para-nossos-bebes\/#primaryimage\"},\"image\":{\"@id\":\"https:\/\/universofamilia.com\/sr\/cantando-para-nossos-bebes\/#primaryimage\"},\"thumbnailUrl\":\"https:\/\/universofamilia.com\/wp-content\/uploads\/sites\/148\/2023\/08\/DESTAQUE-cantando-para-as-criancas-universo-familia-.png\",\"datePublished\":\"2023-08-23T11:00:00+00:00\",\"dateModified\":\"2025-01-22T01:29:10+00:00\",\"author\":{\"@id\":\"http:\/\/universofamilia.com\/zh_hk\/#\/schema\/person\/f07ce98187dd84d31154262e79b3b7ca\"},\"description\":\"Cantando para nossos beb\u00eas, 5 m\u00fasicas com letras encantadoras e origens cativantes. O poder da m\u00fasica \u00e9 ineg\u00e1vel, especialmente quando se trata de acalmar\",\"breadcrumb\":{\"@id\":\"https:\/\/universofamilia.com\/sr\/cantando-para-nossos-bebes\/#breadcrumb\"},\"inLanguage\":\"da-DK\",\"potentialAction\":[{\"@type\":\"ReadAction\",\"target\":[\"https:\/\/universofamilia.com\/sr\/cantando-para-nossos-bebes\/\"]}]},{\"@type\":\"ImageObject\",\"inLanguage\":\"da-DK\",\"@id\":\"https:\/\/universofamilia.com\/sr\/cantando-para-nossos-bebes\/#primaryimage\",\"url\":\"https:\/\/universofamilia.com\/wp-content\/uploads\/sites\/148\/2023\/08\/DESTAQUE-cantando-para-as-criancas-universo-familia-.png\",\"contentUrl\":\"https:\/\/universofamilia.com\/wp-content\/uploads\/sites\/148\/2023\/08\/DESTAQUE-cantando-para-as-criancas-universo-familia-.png\",\"width\":448,\"height\":350},{\"@type\":\"BreadcrumbList\",\"@id\":\"https:\/\/universofamilia.com\/sr\/cantando-para-nossos-bebes\/#breadcrumb\",\"itemListElement\":[{\"@type\":\"ListItem\",\"position\":1,\"name\":\"Home\",\"item\":\"http:\/\/universofamilia.com\/zh_hk\/\"},{\"@type\":\"ListItem\",\"position\":2,\"name\":\"Cantando para Nossos Beb\u00eas: 5 M\u00fasicas com Letras Encantadoras e Origens Cativantes\"}]},{\"@type\":\"WebSite\",\"@id\":\"http:\/\/universofamilia.com\/zh_hk\/#website\",\"url\":\"http:\/\/universofamilia.com\/zh_hk\/\",\"name\":\"Universo Fam\u00edlia\",\"description\":\"\",\"potentialAction\":[{\"@type\":\"SearchAction\",\"target\":{\"@type\":\"EntryPoint\",\"urlTemplate\":\"http:\/\/universofamilia.com\/zh_hk\/?s={search_term_string}\"},\"query-input\":\"required name=search_term_string\"}],\"inLanguage\":\"da-DK\"},{\"@type\":\"Person\",\"@id\":\"http:\/\/universofamilia.com\/zh_hk\/#\/schema\/person\/f07ce98187dd84d31154262e79b3b7ca\",\"name\":\"Pedro Henrique\",\"image\":{\"@type\":\"ImageObject\",\"inLanguage\":\"da-DK\",\"@id\":\"http:\/\/universofamilia.com\/zh_hk\/#\/schema\/person\/image\/\",\"url\":\"https:\/\/secure.gravatar.com\/avatar\/9edfeb808cb4e1599f64d6e45b130154?s=96&d=mm&r=g\",\"contentUrl\":\"https:\/\/secure.gravatar.com\/avatar\/9edfeb808cb4e1599f64d6e45b130154?s=96&d=mm&r=g\",\"caption\":\"Pedro Henrique\"},\"url\":\"https:\/\/universofamilia.com\/da\/author\/editor01\/\"}]}<\/script>\n<!-- \/ Yoast SEO plugin. -->","yoast_head_json":{"title":"Cantando para Nossos Beb\u00eas: 5 M\u00fasicas com Letras Encantadoras e Origens Cativantes - Universo Fam\u00edlia","description":"Cantando para nossos beb\u00eas, 5 m\u00fasicas com letras encantadoras e origens cativantes. O poder da m\u00fasica \u00e9 ineg\u00e1vel, especialmente quando se trata de acalmar","robots":{"index":"index","follow":"follow","max-snippet":"max-snippet:-1","max-image-preview":"max-image-preview:large","max-video-preview":"max-video-preview:-1"},"canonical":"https:\/\/universofamilia.com\/da\/cantando-para-nossos-bebes\/","og_locale":"da_DK","og_type":"article","og_title":"Cantando para Nossos Beb\u00eas: 5 M\u00fasicas com Letras Encantadoras e Origens Cativantes - Universo Fam\u00edlia","og_description":"Cantando para nossos beb\u00eas, 5 m\u00fasicas com letras encantadoras e origens cativantes. O poder da m\u00fasica \u00e9 ineg\u00e1vel, especialmente quando se trata de acalmar","og_url":"https:\/\/universofamilia.com\/da\/cantando-para-nossos-bebes\/","og_site_name":"Universo Fam\u00edlia","article_published_time":"2023-08-23T11:00:00+00:00","article_modified_time":"2025-01-22T01:29:10+00:00","og_image":[{"width":448,"height":350,"url":"https:\/\/universofamilia.com\/wp-content\/uploads\/sites\/148\/2023\/08\/DESTAQUE-cantando-para-as-criancas-universo-familia-.png","type":"image\/png"}],"author":"Pedro Henrique","twitter_card":"summary_large_image","twitter_misc":{"Written by":"Pedro Henrique","Est. reading time":"5 minutter"},"schema":{"@context":"https:\/\/schema.org","@graph":[{"@type":"WebPage","@id":"https:\/\/universofamilia.com\/sr\/cantando-para-nossos-bebes\/","url":"https:\/\/universofamilia.com\/sr\/cantando-para-nossos-bebes\/","name":"Cantando para Nossos Beb\u00eas: 5 M\u00fasicas com Letras Encantadoras e Origens Cativantes - Universo Fam\u00edlia","isPartOf":{"@id":"http:\/\/universofamilia.com\/zh_hk\/#website"},"primaryImageOfPage":{"@id":"https:\/\/universofamilia.com\/sr\/cantando-para-nossos-bebes\/#primaryimage"},"image":{"@id":"https:\/\/universofamilia.com\/sr\/cantando-para-nossos-bebes\/#primaryimage"},"thumbnailUrl":"https:\/\/universofamilia.com\/wp-content\/uploads\/sites\/148\/2023\/08\/DESTAQUE-cantando-para-as-criancas-universo-familia-.png","datePublished":"2023-08-23T11:00:00+00:00","dateModified":"2025-01-22T01:29:10+00:00","author":{"@id":"http:\/\/universofamilia.com\/zh_hk\/#\/schema\/person\/f07ce98187dd84d31154262e79b3b7ca"},"description":"Cantando para nossos beb\u00eas, 5 m\u00fasicas com letras encantadoras e origens cativantes. O poder da m\u00fasica \u00e9 ineg\u00e1vel, especialmente quando se trata de acalmar","breadcrumb":{"@id":"https:\/\/universofamilia.com\/sr\/cantando-para-nossos-bebes\/#breadcrumb"},"inLanguage":"da-DK","potentialAction":[{"@type":"ReadAction","target":["https:\/\/universofamilia.com\/sr\/cantando-para-nossos-bebes\/"]}]},{"@type":"ImageObject","inLanguage":"da-DK","@id":"https:\/\/universofamilia.com\/sr\/cantando-para-nossos-bebes\/#primaryimage","url":"https:\/\/universofamilia.com\/wp-content\/uploads\/sites\/148\/2023\/08\/DESTAQUE-cantando-para-as-criancas-universo-familia-.png","contentUrl":"https:\/\/universofamilia.com\/wp-content\/uploads\/sites\/148\/2023\/08\/DESTAQUE-cantando-para-as-criancas-universo-familia-.png","width":448,"height":350},{"@type":"BreadcrumbList","@id":"https:\/\/universofamilia.com\/sr\/cantando-para-nossos-bebes\/#breadcrumb","itemListElement":[{"@type":"ListItem","position":1,"name":"Home","item":"http:\/\/universofamilia.com\/zh_hk\/"},{"@type":"ListItem","position":2,"name":"Cantando para Nossos Beb\u00eas: 5 M\u00fasicas com Letras Encantadoras e Origens Cativantes"}]},{"@type":"WebSite","@id":"http:\/\/universofamilia.com\/zh_hk\/#website","url":"http:\/\/universofamilia.com\/zh_hk\/","name":"Universo Fam\u00edlia","description":"","potentialAction":[{"@type":"SearchAction","target":{"@type":"EntryPoint","urlTemplate":"http:\/\/universofamilia.com\/zh_hk\/?s={search_term_string}"},"query-input":"required name=search_term_string"}],"inLanguage":"da-DK"},{"@type":"Person","@id":"http:\/\/universofamilia.com\/zh_hk\/#\/schema\/person\/f07ce98187dd84d31154262e79b3b7ca","name":"Pedro Henrique","image":{"@type":"ImageObject","inLanguage":"da-DK","@id":"http:\/\/universofamilia.com\/zh_hk\/#\/schema\/person\/image\/","url":"https:\/\/secure.gravatar.com\/avatar\/9edfeb808cb4e1599f64d6e45b130154?s=96&d=mm&r=g","contentUrl":"https:\/\/secure.gravatar.com\/avatar\/9edfeb808cb4e1599f64d6e45b130154?s=96&d=mm&r=g","caption":"Pedro Henrique"},"url":"https:\/\/universofamilia.com\/da\/author\/editor01\/"}]}},"_links":{"self":[{"href":"https:\/\/universofamilia.com\/da\/wp-json\/wp\/v2\/posts\/3622"}],"collection":[{"href":"https:\/\/universofamilia.com\/da\/wp-json\/wp\/v2\/posts"}],"about":[{"href":"https:\/\/universofamilia.com\/da\/wp-json\/wp\/v2\/types\/post"}],"author":[{"embeddable":true,"href":"https:\/\/universofamilia.com\/da\/wp-json\/wp\/v2\/users\/139"}],"replies":[{"embeddable":true,"href":"https:\/\/universofamilia.com\/da\/wp-json\/wp\/v2\/comments?post=3622"}],"version-history":[{"count":1,"href":"https:\/\/universofamilia.com\/da\/wp-json\/wp\/v2\/posts\/3622\/revisions"}],"predecessor-version":[{"id":8285,"href":"https:\/\/universofamilia.com\/da\/wp-json\/wp\/v2\/posts\/3622\/revisions\/8285"}],"wp:featuredmedia":[{"embeddable":true,"href":"https:\/\/universofamilia.com\/da\/wp-json\/wp\/v2\/media\/3625"}],"wp:attachment":[{"href":"https:\/\/universofamilia.com\/da\/wp-json\/wp\/v2\/media?parent=3622"}],"wp:term":[{"taxonomy":"category","embeddable":true,"href":"https:\/\/universofamilia.com\/da\/wp-json\/wp\/v2\/categories?post=3622"},{"taxonomy":"post_tag","embeddable":true,"href":"https:\/\/universofamilia.com\/da\/wp-json\/wp\/v2\/tags?post=3622"}],"curies":[{"name":"wp","href":"https:\/\/api.w.org\/{rel}","templated":true}]}}