{"id":3989,"date":"2023-09-22T11:46:13","date_gmt":"2023-09-22T14:46:13","guid":{"rendered":"https:\/\/universofamilia.com\/?p=3989"},"modified":"2025-01-28T14:25:30","modified_gmt":"2025-01-28T14:25:30","slug":"preparacao-para-a-segunda-gravidez","status":"publish","type":"post","link":"https:\/\/universofamilia.com\/da\/preparacao-para-a-segunda-gravidez\/","title":{"rendered":"Forberedelse til anden graviditet"},"content":{"rendered":"<p>Forberedelse til anden graviditet. Overvejer du, om du er klar til dit andet \u00e5r? Her er nogle positive og negative aspekter, som du b\u00f8r tage i betragtning, n\u00e5r du planl\u00e6gger din anden graviditet.<\/p>\n\n\n\n<h3 class=\"wp-block-heading\">Trin for trin:<\/h3>\n\n\n\n<ul>\n<li>Beslut dig for, om du er klar til den anden film<\/li>\n\n\n\n<li>Forberedelse til den anden graviditet<\/li>\n\n\n\n<li>Anden graviditet<\/li>\n\n\n\n<li>H\u00e5ndtering af vanskeligheder i anden graviditet<\/li>\n\n\n\n<li>Sundhed under anden graviditet<\/li>\n\n\n\n<li>\u00d8konomisk styring under anden graviditet<\/li>\n<\/ul>\n\n\n<div class=\"wp-block-image\">\n<figure class=\"aligncenter size-full\"><img loading=\"lazy\" decoding=\"async\" width=\"960\" height=\"540\" src=\"http:\/\/universofamilia.com\/wp-content\/uploads\/sites\/148\/2023\/09\/P-UNIV-FAMILIA-Preparacao-para-a-Segunda-Gravidez-1-1.png\" alt=\"\" class=\"wp-image-3994\" srcset=\"https:\/\/universofamilia.com\/wp-content\/uploads\/sites\/148\/2023\/09\/P-UNIV-FAMILIA-Preparacao-para-a-Segunda-Gravidez-1-1.png 960w, https:\/\/universofamilia.com\/wp-content\/uploads\/sites\/148\/2023\/09\/P-UNIV-FAMILIA-Preparacao-para-a-Segunda-Gravidez-1-1-300x169.png 300w, https:\/\/universofamilia.com\/wp-content\/uploads\/sites\/148\/2023\/09\/P-UNIV-FAMILIA-Preparacao-para-a-Segunda-Gravidez-1-1-768x432.png 768w\" sizes=\"(max-width: 960px) 100vw, 960px\" \/><\/figure><\/div>\n\n\n<p>M\u00e5ske fordi jeg altid forestiller mig flere b\u00f8rn, eller fordi tanken om at give sit barn et tegn for nylig er kommet i tanke om, at det er tid til at t\u00e6nke p\u00e5 det andet barn. Udsigten til at udvide familien er sp\u00e6ndende, men ogs\u00e5 bekymrende:<\/p>\n\n\n\n<ol style=\"list-style-type:1\">\n<li>Hvordan ved du, om du virkelig er forberedt?<\/li>\n\n\n\n<li>Er den f\u00f8rste fil stadig for lille?<\/li>\n\n\n\n<li>Det er v\u00e6rd at se kaoset og udmattelsen ved to babyer i \u00f8jnene;<\/li>\n\n\n\n<li>Er det bedre at vente lidt l\u00e6ngere?<\/li>\n<\/ol>\n\n\n\n<p>Der er ingen endegyldige svar, men det er vigtigt at reflektere over disse sp\u00f8rgsm\u00e5l for at tr\u00e6ffe en informeret beslutning.<\/p>\n\n\n\n<h3 class=\"wp-block-heading\"><strong>Beslut dig for, om du er klar til den anden film<\/strong><\/h3>\n\n\n\n<p>Efterh\u00e5nden som din baby vokser og forvandles fra en baby i sine arme til et barn, der g\u00e5r og falder, spekulerer du m\u00e5ske p\u00e5, hvorn\u00e5r det er det rigtige tidspunkt at f\u00e5 et andet barn. Da denne beslutning er unik for hver familie, er der nogle sp\u00f8rgsm\u00e5l, vi kan hj\u00e6lpe med at bestemme det bedste tidspunkt:<\/p>\n\n\n\n<ol style=\"list-style-type:1\">\n<li>F\u00f8ler du, at der er mangel p\u00e5 b\u00f8rn fra n\u00e6rliggende lokalsamfund, s\u00e5 I kan v\u00e6re ledsagere af brincadeiras?<\/li>\n\n\n\n<li>Er du villig til endnu engang at st\u00e5 over for fasen med n\u00e6tter uden s\u00f8vn, men jeg giver op, eller det er sent?<\/li>\n\n\n\n<li>Foretr\u00e6kker du at fordele graviditeten for at udnytte hvert barns barndomsfase uden distraktioner?<\/li>\n\n\n\n<li>Kan du lide ideen om at have tilstr\u00e6kkelig afstand mellem b\u00f8rnene for at minimere konflikter mellem b\u00f8rn p\u00e5 grund af meget ensartede forhold og udviklingsstadier?<\/li>\n<\/ol>\n\n\n\n<h4 class=\"wp-block-heading\"><mark class=\"has-inline-color has-ast-global-color-0-color\">L\u00e6s ogs\u00e5:<\/mark><\/h4>\n\n\n<table style=\"border-collapse: collapse;width: 840px;height: 171px\">\n<tbody>\n<tr style=\"height: 21px\">\n<td style=\"width: 18.5759%;height: 21px\"><a href=\"https:\/\/universofamilia.com\/da\/7-passos-de-como-criar-e-manter-um-orcamento-familiar\/\"><img loading=\"lazy\" decoding=\"async\" class=\"alignnone wp-image-3984 size-medium\" src=\"http:\/\/universofamilia.com\/wp-content\/uploads\/sites\/148\/2023\/09\/L-Universo-Familia-7-Passos-de-Como-Criar-e-Manter-um-Orcamento-Familiar-300x300.png\" alt=\"\" width=\"300\" height=\"300\" srcset=\"https:\/\/universofamilia.com\/wp-content\/uploads\/sites\/148\/2023\/09\/L-Universo-Familia-7-Passos-de-Como-Criar-e-Manter-um-Orcamento-Familiar-300x300.png 300w, https:\/\/universofamilia.com\/wp-content\/uploads\/sites\/148\/2023\/09\/L-Universo-Familia-7-Passos-de-Como-Criar-e-Manter-um-Orcamento-Familiar-150x150.png 150w, https:\/\/universofamilia.com\/wp-content\/uploads\/sites\/148\/2023\/09\/L-Universo-Familia-7-Passos-de-Como-Criar-e-Manter-um-Orcamento-Familiar.png 315w\" sizes=\"(max-width: 300px) 100vw, 300px\" \/><\/a><\/td>\n<td style=\"width: 81.4241%;height: 21px\">\n<h4><span style=\"color: #000000\"><a style=\"color: #000000\" href=\"https:\/\/universofamilia.com\/da\/7-passos-de-como-criar-e-manter-um-orcamento-familiar\/\" target=\"_blank\" rel=\"noopener\">7 trin til, hvordan man opdrager og vedligeholder en familie-or\u00e7amento<\/a><\/span><\/h4>\n<\/td>\n<\/tr>\n<tr style=\"height: 21px\">\n<td style=\"width: 18.5759%;height: 10px\">\u00a0<\/td>\n<td style=\"width: 81.4241%;height: 10px\">\u00a0<\/td>\n<\/tr>\n<tr style=\"height: 21px\">\n<td style=\"width: 18.5759%;height: 21px\">\u00a0<\/td>\n<td style=\"width: 81.4241%;height: 21px\">\u00a0<\/td>\n<\/tr>\n<\/tbody>\n<\/table>\n\n\n<p>Hvis du svarede &quot;ja&quot; til dine f\u00f8rste par sp\u00f8rgsm\u00e5l, er du m\u00e5ske for tidlig til at t\u00e6nke over et andet sp\u00f8rgsm\u00e5l.<\/p>\n\n\n\n<p>Hvis de to sidste sp\u00f8rgsm\u00e5l besvares med &quot;ja&quot;, kan det v\u00e6re en god id\u00e9 at vente lidt l\u00e6ngere, f\u00f8r man begynder at planl\u00e6gge en anden graviditet.<\/p>\n\n\n\n<p>Ud over disse overvejelser er det kendt, at andre faktorer ogs\u00e5 skal vurderes, s\u00e5som familiens \u00f8konomiske situation, muligheder for b\u00f8rnepasning og professionelle ansvarsomr\u00e5der.<\/p>\n\n\n\n<p>Uanset hvilket valg du tr\u00e6ffer, ved du, at hver pladsmulighed mellem b\u00f8rnene bringer sine egne gl\u00e6der og udfordringer. <\/p>\n\n\n\n<p>Hvis du for eksempel har b\u00f8rn i n\u00e6rliggende omr\u00e5der, kan vi fremover hygge os med at hoppe sammen og spare tid p\u00e5 at s\u00f8ge efter aktiviteter. V\u00e6r dog forberedt p\u00e5 at h\u00e5ndtere mulig rivalisering mellem b\u00f8rn.<\/p>\n\n\n\n<p>Hvis du derimod v\u00e6lger at sprede begivenhederne mere, har du den fordel, at du kan koncentrere dig mere individuelt om hver fil.<\/p>\n\n\n\n<p>B\u00f8rn med meget fjerne samfund er dog muligvis ikke for t\u00e6t p\u00e5 deres spring, og der er ingen garanti for, at der vil v\u00e6re f\u00e6rre konflikter.<\/p>\n\n\n\n<p>Kort sagt b\u00f8r beslutningen om at f\u00e5 et andet personligt barn tr\u00e6ffes ud fra individuelle omst\u00e6ndigheder og ikke hvad der er bedst for familien.<\/p>\n\n\n\n<h3 class=\"wp-block-heading\"><strong>Forberedelse til den anden graviditet<\/strong><\/h3>\n\n\n\n<p>Det er vigtigt at v\u00e6re i god form inden den anden graviditet, samt at bekymre sig om sit helbred inden det f\u00f8rste barn. <\/p>\n\n\n\n<p>Dette kr\u00e6ver ikke, at man g\u00e5r i skole dagligt (hvilket kan v\u00e6re sv\u00e6rt med en lille baby), men det betyder, at man skal give sin krop mulighed for at restituere tilstr\u00e6kkeligt efter den f\u00f8rste graviditet.<\/p>\n\n\n\n<p>Det amerikanske kollegium for obstetrikere og gyn\u00e6kologer (ACOG) anbefaler at undg\u00e5 v\u00e6gt\u00f8gning i de f\u00f8rste seks m\u00e5neder efter f\u00f8dslen og helst vente mindst 18 m\u00e5neder. Det er p\u00e5 dette tidspunkt, at kroppen genopfylder sig med vitaminer og vender tilbage til den ideelle tilstand til en ny graviditet.<\/p>\n\n\n\n<p>Hvis du \u00f8nsker at blive gravid f\u00f8r denne periode, er det vigtigt at dr\u00f8fte det med din l\u00e6ge. Hvis du spiser godt, har et godt helbred og har nok energi til en anden graviditet, er der ingen hindring for at f\u00e5 dit andet barn, n\u00e5r du f\u00f8ler dig klar.<\/p>\n\n\n<div class=\"wp-block-image\">\n<figure class=\"aligncenter size-full\"><img loading=\"lazy\" decoding=\"async\" width=\"960\" height=\"540\" src=\"http:\/\/universofamilia.com\/wp-content\/uploads\/sites\/148\/2023\/09\/P-UNIV-FAMILIA-Preparacao-para-a-Segunda-Gravidez-1.png\" alt=\"\" class=\"wp-image-3993\" srcset=\"https:\/\/universofamilia.com\/wp-content\/uploads\/sites\/148\/2023\/09\/P-UNIV-FAMILIA-Preparacao-para-a-Segunda-Gravidez-1.png 960w, https:\/\/universofamilia.com\/wp-content\/uploads\/sites\/148\/2023\/09\/P-UNIV-FAMILIA-Preparacao-para-a-Segunda-Gravidez-1-300x169.png 300w, https:\/\/universofamilia.com\/wp-content\/uploads\/sites\/148\/2023\/09\/P-UNIV-FAMILIA-Preparacao-para-a-Segunda-Gravidez-1-768x432.png 768w\" sizes=\"(max-width: 960px) 100vw, 960px\" \/><\/figure><\/div>\n\n\n<h3 class=\"wp-block-heading\"><strong>Anden graviditet<\/strong><\/h3>\n\n\n\n<p>Hver graviditet er unik, selvom det er anden gang, du g\u00e5r igennem dette. Som anden graviditet er der fysiologiske forskelle i forhold i f\u00f8rste termin.<\/p>\n\n\n\n<p>Men f\u00f8r man besk\u00e6ftiger sig med de s\u00e6rlige forhold vedr\u00f8rende den anden babys v\u00e6kst, er det n\u00f8dvendigt at blive gravid igen.<\/p>\n\n\n\n<p>I nogle hjem sker undfangelsen af det andet barn lige s\u00e5 let som det f\u00f8rste. Der kan dog ogs\u00e5 opst\u00e5 forhindringer, som rammer mange mennesker p\u00e5 sengen.<\/p>\n\n\n\n<h3 class=\"wp-block-heading\"><strong>H\u00e5ndtering af vanskeligheder i anden graviditet<\/strong><\/h3>\n\n\n\n<p>Sekund\u00e6r infertilitet, som opst\u00e5r efter h\u00e5rv\u00e6kst uden et barn, er mere almindelig, end du m\u00e5ske forestiller dig. <\/p>\n\n\n\n<p>Generelt ligner \u00e5rsagerne prim\u00e6r infertilitet, s\u00e5som alder, v\u00e6gt og medicinske tilstande, herunder endometriose, livmoderfibromer eller polycystisk ovariesyndrom.<\/p>\n\n\n\n<p>For at h\u00e5ndtere denne situation anbefaler vi <strong>kontakt en l\u00e6ge, hvis du er under 35 \u00e5r<\/strong> \u00e5r, og det lykkedes mig ikke at blive gravid efter et \u00e5rs fors\u00f8g. Hvis du er over 35 \u00e5r, skal konsultationen finde sted efter seks m\u00e5neders forg\u00e6ves fors\u00f8g.<\/p>\n\n\n\n<p>Livmoderproblemer som f\u00f8lge af graviditet eller tidligere f\u00f8dsler kan ogs\u00e5 bidrage til sekund\u00e6r infertilitet. <\/p>\n\n\n\n<p>Derfor er det vigtigt <strong>diskuter isso com seu m\u00e9dico<\/strong> f\u00f8r du pr\u00f8ver at tage p\u00e5 i v\u00e6gt igen. De kan vurdere dine chancer for naturlig befrugtning, r\u00e5dgive om mulige risikofaktorer og om n\u00f8dvendigt yde hj\u00e6lp til fertilitet.<\/p>\n\n\n\n<h3 class=\"wp-block-heading\"><strong>Sundhed under anden graviditet<\/strong><\/h3>\n\n\n\n<p>En anden graviditet kan p\u00e5virke dit helbred p\u00e5 forskellige m\u00e5der og skabe b\u00e5de udfordringer og fordele:<\/p>\n\n\n\n<ul>\n<li>Oplevelsen af at passe dit f\u00f8rste barn vil holde dig fysisk aktiv under din anden graviditet, hvilket eliminerer behovet for at planl\u00e6gge separate motionspas.<\/li>\n\n\n\n<li>Livets uro med et hurtigere barn betyder, at du sandsynligvis vil have mindre tid til at bekymre dig om graviditetssymptomer.<\/li>\n\n\n\n<li>Hun er allerede vant til sin mors liv, s\u00e5 hun vil ikke m\u00e6rke chokket over den livs\u00e6ndring, der skete med hendes f\u00f8rste barn.<\/li>\n<\/ul>\n\n\n\n<h3 class=\"wp-block-heading\"><strong>\u00d8konomisk styring under anden graviditet<\/strong><\/h3>\n\n\n\n<p>N\u00e5r man overvejer en anden fil, er det vigtigt at overveje de \u00f8konomiske konsekvenser.<\/p>\n\n\n\n<p>Ordning og finans:<\/p>\n\n\n\n<ul>\n<li>Hvis du arbejder uden for hjemmet, tror jeg ikke, at der vil v\u00e6re nogen \u00f8konomisk indvirkning af en anden ubetalt barselsorlov eller en reduktion i den tid, der skal bruges p\u00e5 det andet barn.<\/li>\n\n\n\n<li>Hvis du ejer huset, vil du gerne tilbage p\u00e5 arbejde efter en anden graviditet.<\/li>\n\n\n\n<li>Unders\u00f8g om dit hus involverer flere familiemedlemmer, eller om det bliver n\u00f8dvendigt at flytte til et st\u00f8rre og dyrere hus.<\/li>\n\n\n\n<li>Overvej om du kan genbruge det babytilbeh\u00f8r, du allerede har, s\u00e5som en ber\u00e7o, en k\u00e6de og en klapvogn, eller om du bliver n\u00f8dt til at k\u00f8be et ekstra s\u00e6t.<\/li>\n\n\n\n<li>Der er en anden fil efter yderligere v\u00e6gte, uanset det valgte tidspunkt.<\/li>\n<\/ul>\n\n\n\n<p>Det anbefales at udarbejde et forel\u00f8bigt familiedokument sammen med din partner for at validere, hvad vi kan st\u00f8tte \u00f8konomisk p\u00e5 kort og lang sigt.<\/p>\n\n\n\n<p>Vid, at der ikke findes et perfekt \u00f8jeblik, og beslutningen skal tr\u00e6ffes ud fra behovene og \u00f8nskerne hos din familie p\u00e5 tre eller fire medlemmer.<\/p>\n\n\n\n<blockquote class=\"wp-block-quote\">\n<h5 class=\"wp-block-heading\"><em>Bem\u00e6rkninger: Materialerne og oplysningerne p\u00e5 Universo Fam\u00edlia-siden er ikke beregnet til medicinsk diagnose og b\u00f8r heller ikke anvendes som s\u00e5dan. <strong>Du b\u00f8r altid konsultere en l\u00e6ge eller en kvalificeret sundhedsperson om dine reelle behov.<\/strong>.<\/em><\/h5>\n<\/blockquote>\n\n\n<table style=\"border-collapse: collapse;width: 100%;height: 96px\">\n<tbody>\n<tr style=\"height: 96px\">\n<td style=\"width: 10.1223%;height: 96px\"><a href=\"https:\/\/www.luzbaby.com.br\/\" target=\"_blank\" rel=\"noopener\"><img loading=\"lazy\" decoding=\"async\" class=\"alignnone wp-image-3747\" src=\"http:\/\/universofamilia.com\/wp-content\/uploads\/sites\/148\/2023\/09\/Design-sem-nome-3-300x300.png\" alt=\"\" width=\"106\" height=\"106\" srcset=\"https:\/\/universofamilia.com\/wp-content\/uploads\/sites\/148\/2023\/09\/Design-sem-nome-3-300x300.png 300w, https:\/\/universofamilia.com\/wp-content\/uploads\/sites\/148\/2023\/09\/Design-sem-nome-3-150x150.png 150w, https:\/\/universofamilia.com\/wp-content\/uploads\/sites\/148\/2023\/09\/Design-sem-nome-3.png 315w\" sizes=\"(max-width: 106px) 100vw, 106px\" \/><\/a><\/td>\n<td style=\"width: 89.5168%;height: 96px\">\n<h4><span style=\"color: #000000\"><strong><a style=\"color: #000000\" href=\"https:\/\/www.luzbaby.com.br\/\" target=\"_blank\" rel=\"noreferrer noopener\">Conhe\u00e7a Luz Baby, en af de bedste sp\u00e6db\u00f8rnsprodukter.<\/a><\/strong><\/span><\/h4>\n<\/td>\n<\/tr>\n<\/tbody>\n<\/table>","protected":false},"excerpt":{"rendered":"<p>Prepara\u00e7\u00e3o para a segunda gravidez. Est\u00e1 pensando se est\u00e1 preparada (o) para ter o segundo filho? Aqui est\u00e3o alguns aspectos positivos e negativos que voc\u00ea deve levar em conta ao planejar sua segunda gravidez. Passo a Passo: Seja porque sempre imaginou ter mais filhos ou porque recentemente a ideia de dar um irm\u00e3o ao seu [&hellip;]<\/p>","protected":false},"author":139,"featured_media":3995,"comment_status":"closed","ping_status":"open","sticky":false,"template":"","format":"standard","meta":{"footnotes":""},"categories":[5],"tags":[],"yoast_head":"<!-- This site is optimized with the Yoast SEO plugin v23.3 - https:\/\/yoast.com\/wordpress\/plugins\/seo\/ -->\n<title>Prepara\u00e7\u00e3o para a Segunda Gravidez - Universo Fam\u00edlia<\/title>\n<meta name=\"description\" content=\"Prepara\u00e7\u00e3o para a segunda gravidez. Est\u00e1 pensando se est\u00e1 preparada (o) para ter o segundo filho? Aqui est\u00e3o alguns aspectos positivos e negativos que voc\u00ea\" \/>\n<meta name=\"robots\" content=\"index, follow, max-snippet:-1, max-image-preview:large, max-video-preview:-1\" \/>\n<link rel=\"canonical\" href=\"https:\/\/universofamilia.com\/da\/\u09a6\u09cd\u09ac\u09bf\u09a4\u09c0\u09af\u09bc-\u0997\u09b0\u09cd\u09ad\u09be\u09ac\u09b8\u09cd\u09a5\u09be\u09b0-\u09aa\u09cd\u09b0\/\" \/>\n<meta property=\"og:locale\" content=\"da_DK\" \/>\n<meta property=\"og:type\" content=\"article\" \/>\n<meta property=\"og:title\" content=\"Prepara\u00e7\u00e3o para a Segunda Gravidez - Universo Fam\u00edlia\" \/>\n<meta property=\"og:description\" content=\"Prepara\u00e7\u00e3o para a segunda gravidez. Est\u00e1 pensando se est\u00e1 preparada (o) para ter o segundo filho? Aqui est\u00e3o alguns aspectos positivos e negativos que voc\u00ea\" \/>\n<meta property=\"og:url\" content=\"https:\/\/universofamilia.com\/da\/\u09a6\u09cd\u09ac\u09bf\u09a4\u09c0\u09af\u09bc-\u0997\u09b0\u09cd\u09ad\u09be\u09ac\u09b8\u09cd\u09a5\u09be\u09b0-\u09aa\u09cd\u09b0\/\" \/>\n<meta property=\"og:site_name\" content=\"Universo Fam\u00edlia\" \/>\n<meta property=\"article:published_time\" content=\"2023-09-22T14:46:13+00:00\" \/>\n<meta property=\"article:modified_time\" content=\"2025-01-28T14:25:30+00:00\" \/>\n<meta property=\"og:image\" content=\"https:\/\/universofamilia.com\/wp-content\/uploads\/sites\/148\/2023\/09\/D-UNIVERSO-FAMILIA-Preparacao-para-a-Segunda-Gravidez.png\" \/>\n\t<meta property=\"og:image:width\" content=\"448\" \/>\n\t<meta property=\"og:image:height\" content=\"350\" \/>\n\t<meta property=\"og:image:type\" content=\"image\/png\" \/>\n<meta name=\"author\" content=\"Pedro Henrique\" \/>\n<meta name=\"twitter:card\" content=\"summary_large_image\" \/>\n<meta name=\"twitter:label1\" content=\"Written by\" \/>\n\t<meta name=\"twitter:data1\" content=\"Pedro Henrique\" \/>\n\t<meta name=\"twitter:label2\" content=\"Est. reading time\" \/>\n\t<meta name=\"twitter:data2\" content=\"8 minutter\" \/>\n<script type=\"application\/ld+json\" class=\"yoast-schema-graph\">{\"@context\":\"https:\/\/schema.org\",\"@graph\":[{\"@type\":\"WebPage\",\"@id\":\"https:\/\/universofamilia.com\/bn\/\u09a6\u09cd\u09ac\u09bf\u09a4\u09c0\u09af\u09bc-\u0997\u09b0\u09cd\u09ad\u09be\u09ac\u09b8\u09cd\u09a5\u09be\u09b0-\u09aa\u09cd\u09b0\/\",\"url\":\"https:\/\/universofamilia.com\/bn\/\u09a6\u09cd\u09ac\u09bf\u09a4\u09c0\u09af\u09bc-\u0997\u09b0\u09cd\u09ad\u09be\u09ac\u09b8\u09cd\u09a5\u09be\u09b0-\u09aa\u09cd\u09b0\/\",\"name\":\"Prepara\u00e7\u00e3o para a Segunda Gravidez - Universo Fam\u00edlia\",\"isPartOf\":{\"@id\":\"https:\/\/universofamilia.com\/el\/#website\"},\"primaryImageOfPage\":{\"@id\":\"https:\/\/universofamilia.com\/bn\/\u09a6\u09cd\u09ac\u09bf\u09a4\u09c0\u09af\u09bc-\u0997\u09b0\u09cd\u09ad\u09be\u09ac\u09b8\u09cd\u09a5\u09be\u09b0-\u09aa\u09cd\u09b0\/#primaryimage\"},\"image\":{\"@id\":\"https:\/\/universofamilia.com\/bn\/\u09a6\u09cd\u09ac\u09bf\u09a4\u09c0\u09af\u09bc-\u0997\u09b0\u09cd\u09ad\u09be\u09ac\u09b8\u09cd\u09a5\u09be\u09b0-\u09aa\u09cd\u09b0\/#primaryimage\"},\"thumbnailUrl\":\"https:\/\/universofamilia.com\/wp-content\/uploads\/sites\/148\/2023\/09\/D-UNIVERSO-FAMILIA-Preparacao-para-a-Segunda-Gravidez.png\",\"datePublished\":\"2023-09-22T14:46:13+00:00\",\"dateModified\":\"2025-01-28T14:25:30+00:00\",\"author\":{\"@id\":\"https:\/\/universofamilia.com\/el\/#\/schema\/person\/f07ce98187dd84d31154262e79b3b7ca\"},\"description\":\"Prepara\u00e7\u00e3o para a segunda gravidez. Est\u00e1 pensando se est\u00e1 preparada (o) para ter o segundo filho? Aqui est\u00e3o alguns aspectos positivos e negativos que voc\u00ea\",\"breadcrumb\":{\"@id\":\"https:\/\/universofamilia.com\/bn\/\u09a6\u09cd\u09ac\u09bf\u09a4\u09c0\u09af\u09bc-\u0997\u09b0\u09cd\u09ad\u09be\u09ac\u09b8\u09cd\u09a5\u09be\u09b0-\u09aa\u09cd\u09b0\/#breadcrumb\"},\"inLanguage\":\"da-DK\",\"potentialAction\":[{\"@type\":\"ReadAction\",\"target\":[\"https:\/\/universofamilia.com\/bn\/\u09a6\u09cd\u09ac\u09bf\u09a4\u09c0\u09af\u09bc-\u0997\u09b0\u09cd\u09ad\u09be\u09ac\u09b8\u09cd\u09a5\u09be\u09b0-\u09aa\u09cd\u09b0\/\"]}]},{\"@type\":\"ImageObject\",\"inLanguage\":\"da-DK\",\"@id\":\"https:\/\/universofamilia.com\/bn\/\u09a6\u09cd\u09ac\u09bf\u09a4\u09c0\u09af\u09bc-\u0997\u09b0\u09cd\u09ad\u09be\u09ac\u09b8\u09cd\u09a5\u09be\u09b0-\u09aa\u09cd\u09b0\/#primaryimage\",\"url\":\"https:\/\/universofamilia.com\/wp-content\/uploads\/sites\/148\/2023\/09\/D-UNIVERSO-FAMILIA-Preparacao-para-a-Segunda-Gravidez.png\",\"contentUrl\":\"https:\/\/universofamilia.com\/wp-content\/uploads\/sites\/148\/2023\/09\/D-UNIVERSO-FAMILIA-Preparacao-para-a-Segunda-Gravidez.png\",\"width\":448,\"height\":350},{\"@type\":\"BreadcrumbList\",\"@id\":\"https:\/\/universofamilia.com\/bn\/\u09a6\u09cd\u09ac\u09bf\u09a4\u09c0\u09af\u09bc-\u0997\u09b0\u09cd\u09ad\u09be\u09ac\u09b8\u09cd\u09a5\u09be\u09b0-\u09aa\u09cd\u09b0\/#breadcrumb\",\"itemListElement\":[{\"@type\":\"ListItem\",\"position\":1,\"name\":\"Home\",\"item\":\"https:\/\/universofamilia.com\/el\/\"},{\"@type\":\"ListItem\",\"position\":2,\"name\":\"Prepara\u00e7\u00e3o para a Segunda Gravidez\"}]},{\"@type\":\"WebSite\",\"@id\":\"https:\/\/universofamilia.com\/el\/#website\",\"url\":\"https:\/\/universofamilia.com\/el\/\",\"name\":\"Universo Fam\u00edlia\",\"description\":\"\",\"potentialAction\":[{\"@type\":\"SearchAction\",\"target\":{\"@type\":\"EntryPoint\",\"urlTemplate\":\"https:\/\/universofamilia.com\/el\/?s={search_term_string}\"},\"query-input\":\"required name=search_term_string\"}],\"inLanguage\":\"da-DK\"},{\"@type\":\"Person\",\"@id\":\"https:\/\/universofamilia.com\/el\/#\/schema\/person\/f07ce98187dd84d31154262e79b3b7ca\",\"name\":\"Pedro Henrique\",\"image\":{\"@type\":\"ImageObject\",\"inLanguage\":\"da-DK\",\"@id\":\"https:\/\/universofamilia.com\/el\/#\/schema\/person\/image\/\",\"url\":\"https:\/\/secure.gravatar.com\/avatar\/9edfeb808cb4e1599f64d6e45b130154?s=96&d=mm&r=g\",\"contentUrl\":\"https:\/\/secure.gravatar.com\/avatar\/9edfeb808cb4e1599f64d6e45b130154?s=96&d=mm&r=g\",\"caption\":\"Pedro Henrique\"},\"url\":\"https:\/\/universofamilia.com\/da\/author\/editor01\/\"}]}<\/script>\n<!-- \/ Yoast SEO plugin. -->","yoast_head_json":{"title":"Prepara\u00e7\u00e3o para a Segunda Gravidez - Universo Fam\u00edlia","description":"Prepara\u00e7\u00e3o para a segunda gravidez. Est\u00e1 pensando se est\u00e1 preparada (o) para ter o segundo filho? Aqui est\u00e3o alguns aspectos positivos e negativos que voc\u00ea","robots":{"index":"index","follow":"follow","max-snippet":"max-snippet:-1","max-image-preview":"max-image-preview:large","max-video-preview":"max-video-preview:-1"},"canonical":"https:\/\/universofamilia.com\/da\/\u09a6\u09cd\u09ac\u09bf\u09a4\u09c0\u09af\u09bc-\u0997\u09b0\u09cd\u09ad\u09be\u09ac\u09b8\u09cd\u09a5\u09be\u09b0-\u09aa\u09cd\u09b0\/","og_locale":"da_DK","og_type":"article","og_title":"Prepara\u00e7\u00e3o para a Segunda Gravidez - Universo Fam\u00edlia","og_description":"Prepara\u00e7\u00e3o para a segunda gravidez. Est\u00e1 pensando se est\u00e1 preparada (o) para ter o segundo filho? Aqui est\u00e3o alguns aspectos positivos e negativos que voc\u00ea","og_url":"https:\/\/universofamilia.com\/da\/\u09a6\u09cd\u09ac\u09bf\u09a4\u09c0\u09af\u09bc-\u0997\u09b0\u09cd\u09ad\u09be\u09ac\u09b8\u09cd\u09a5\u09be\u09b0-\u09aa\u09cd\u09b0\/","og_site_name":"Universo Fam\u00edlia","article_published_time":"2023-09-22T14:46:13+00:00","article_modified_time":"2025-01-28T14:25:30+00:00","og_image":[{"width":448,"height":350,"url":"https:\/\/universofamilia.com\/wp-content\/uploads\/sites\/148\/2023\/09\/D-UNIVERSO-FAMILIA-Preparacao-para-a-Segunda-Gravidez.png","type":"image\/png"}],"author":"Pedro Henrique","twitter_card":"summary_large_image","twitter_misc":{"Written by":"Pedro Henrique","Est. reading time":"8 minutter"},"schema":{"@context":"https:\/\/schema.org","@graph":[{"@type":"WebPage","@id":"https:\/\/universofamilia.com\/bn\/\u09a6\u09cd\u09ac\u09bf\u09a4\u09c0\u09af\u09bc-\u0997\u09b0\u09cd\u09ad\u09be\u09ac\u09b8\u09cd\u09a5\u09be\u09b0-\u09aa\u09cd\u09b0\/","url":"https:\/\/universofamilia.com\/bn\/\u09a6\u09cd\u09ac\u09bf\u09a4\u09c0\u09af\u09bc-\u0997\u09b0\u09cd\u09ad\u09be\u09ac\u09b8\u09cd\u09a5\u09be\u09b0-\u09aa\u09cd\u09b0\/","name":"Prepara\u00e7\u00e3o para a Segunda Gravidez - Universo Fam\u00edlia","isPartOf":{"@id":"https:\/\/universofamilia.com\/el\/#website"},"primaryImageOfPage":{"@id":"https:\/\/universofamilia.com\/bn\/\u09a6\u09cd\u09ac\u09bf\u09a4\u09c0\u09af\u09bc-\u0997\u09b0\u09cd\u09ad\u09be\u09ac\u09b8\u09cd\u09a5\u09be\u09b0-\u09aa\u09cd\u09b0\/#primaryimage"},"image":{"@id":"https:\/\/universofamilia.com\/bn\/\u09a6\u09cd\u09ac\u09bf\u09a4\u09c0\u09af\u09bc-\u0997\u09b0\u09cd\u09ad\u09be\u09ac\u09b8\u09cd\u09a5\u09be\u09b0-\u09aa\u09cd\u09b0\/#primaryimage"},"thumbnailUrl":"https:\/\/universofamilia.com\/wp-content\/uploads\/sites\/148\/2023\/09\/D-UNIVERSO-FAMILIA-Preparacao-para-a-Segunda-Gravidez.png","datePublished":"2023-09-22T14:46:13+00:00","dateModified":"2025-01-28T14:25:30+00:00","author":{"@id":"https:\/\/universofamilia.com\/el\/#\/schema\/person\/f07ce98187dd84d31154262e79b3b7ca"},"description":"Prepara\u00e7\u00e3o para a segunda gravidez. Est\u00e1 pensando se est\u00e1 preparada (o) para ter o segundo filho? Aqui est\u00e3o alguns aspectos positivos e negativos que voc\u00ea","breadcrumb":{"@id":"https:\/\/universofamilia.com\/bn\/\u09a6\u09cd\u09ac\u09bf\u09a4\u09c0\u09af\u09bc-\u0997\u09b0\u09cd\u09ad\u09be\u09ac\u09b8\u09cd\u09a5\u09be\u09b0-\u09aa\u09cd\u09b0\/#breadcrumb"},"inLanguage":"da-DK","potentialAction":[{"@type":"ReadAction","target":["https:\/\/universofamilia.com\/bn\/\u09a6\u09cd\u09ac\u09bf\u09a4\u09c0\u09af\u09bc-\u0997\u09b0\u09cd\u09ad\u09be\u09ac\u09b8\u09cd\u09a5\u09be\u09b0-\u09aa\u09cd\u09b0\/"]}]},{"@type":"ImageObject","inLanguage":"da-DK","@id":"https:\/\/universofamilia.com\/bn\/\u09a6\u09cd\u09ac\u09bf\u09a4\u09c0\u09af\u09bc-\u0997\u09b0\u09cd\u09ad\u09be\u09ac\u09b8\u09cd\u09a5\u09be\u09b0-\u09aa\u09cd\u09b0\/#primaryimage","url":"https:\/\/universofamilia.com\/wp-content\/uploads\/sites\/148\/2023\/09\/D-UNIVERSO-FAMILIA-Preparacao-para-a-Segunda-Gravidez.png","contentUrl":"https:\/\/universofamilia.com\/wp-content\/uploads\/sites\/148\/2023\/09\/D-UNIVERSO-FAMILIA-Preparacao-para-a-Segunda-Gravidez.png","width":448,"height":350},{"@type":"BreadcrumbList","@id":"https:\/\/universofamilia.com\/bn\/\u09a6\u09cd\u09ac\u09bf\u09a4\u09c0\u09af\u09bc-\u0997\u09b0\u09cd\u09ad\u09be\u09ac\u09b8\u09cd\u09a5\u09be\u09b0-\u09aa\u09cd\u09b0\/#breadcrumb","itemListElement":[{"@type":"ListItem","position":1,"name":"Home","item":"https:\/\/universofamilia.com\/el\/"},{"@type":"ListItem","position":2,"name":"Prepara\u00e7\u00e3o para a Segunda Gravidez"}]},{"@type":"WebSite","@id":"https:\/\/universofamilia.com\/el\/#website","url":"https:\/\/universofamilia.com\/el\/","name":"Universo Fam\u00edlia","description":"","potentialAction":[{"@type":"SearchAction","target":{"@type":"EntryPoint","urlTemplate":"https:\/\/universofamilia.com\/el\/?s={search_term_string}"},"query-input":"required name=search_term_string"}],"inLanguage":"da-DK"},{"@type":"Person","@id":"https:\/\/universofamilia.com\/el\/#\/schema\/person\/f07ce98187dd84d31154262e79b3b7ca","name":"Pedro Henrique","image":{"@type":"ImageObject","inLanguage":"da-DK","@id":"https:\/\/universofamilia.com\/el\/#\/schema\/person\/image\/","url":"https:\/\/secure.gravatar.com\/avatar\/9edfeb808cb4e1599f64d6e45b130154?s=96&d=mm&r=g","contentUrl":"https:\/\/secure.gravatar.com\/avatar\/9edfeb808cb4e1599f64d6e45b130154?s=96&d=mm&r=g","caption":"Pedro Henrique"},"url":"https:\/\/universofamilia.com\/da\/author\/editor01\/"}]}},"_links":{"self":[{"href":"https:\/\/universofamilia.com\/da\/wp-json\/wp\/v2\/posts\/3989"}],"collection":[{"href":"https:\/\/universofamilia.com\/da\/wp-json\/wp\/v2\/posts"}],"about":[{"href":"https:\/\/universofamilia.com\/da\/wp-json\/wp\/v2\/types\/post"}],"author":[{"embeddable":true,"href":"https:\/\/universofamilia.com\/da\/wp-json\/wp\/v2\/users\/139"}],"replies":[{"embeddable":true,"href":"https:\/\/universofamilia.com\/da\/wp-json\/wp\/v2\/comments?post=3989"}],"version-history":[{"count":1,"href":"https:\/\/universofamilia.com\/da\/wp-json\/wp\/v2\/posts\/3989\/revisions"}],"predecessor-version":[{"id":8401,"href":"https:\/\/universofamilia.com\/da\/wp-json\/wp\/v2\/posts\/3989\/revisions\/8401"}],"wp:featuredmedia":[{"embeddable":true,"href":"https:\/\/universofamilia.com\/da\/wp-json\/wp\/v2\/media\/3995"}],"wp:attachment":[{"href":"https:\/\/universofamilia.com\/da\/wp-json\/wp\/v2\/media?parent=3989"}],"wp:term":[{"taxonomy":"category","embeddable":true,"href":"https:\/\/universofamilia.com\/da\/wp-json\/wp\/v2\/categories?post=3989"},{"taxonomy":"post_tag","embeddable":true,"href":"https:\/\/universofamilia.com\/da\/wp-json\/wp\/v2\/tags?post=3989"}],"curies":[{"name":"wp","href":"https:\/\/api.w.org\/{rel}","templated":true}]}}