{"id":5350,"date":"2024-03-06T19:27:12","date_gmt":"2024-03-06T19:27:12","guid":{"rendered":"https:\/\/universofamilia.com\/?p=5350"},"modified":"2025-12-26T16:27:22","modified_gmt":"2025-12-26T19:27:22","slug":"descubre-tu-nuevo-estilo-con-app-de-corte-de-cabello-y-color","status":"publish","type":"post","link":"https:\/\/universofamilia.com\/da\/descubre-tu-nuevo-estilo-con-app-de-corte-de-cabello-y-color\/","title":{"rendered":"\ud83c\udf1fOpdag din nye stil med h\u00e5rklipnings- og farveappen!"},"content":{"rendered":"<h2 class=\"wp-block-heading\">\ud83d\ude80 <strong>Teknologisk udvikling lige i din h\u00e5ndflade<\/strong>.\ud83c\udf1f<strong>Opdag din nye stil med h\u00e5rklipnings- og farveappen! <\/strong>\ud83c\udf1f<\/h2>\n\n\n\n<p>Siden de f\u00f8rste sk\u00f8nhedsapps dukkede op, har teknologien revolutioneret den m\u00e5de, vi passer p\u00e5 os selv p\u00e5.<\/p>\n\n\n\n<p>Og n\u00e5r det kommer til at v\u00e6lge en ny klipning eller farve, kunne udviklingen ikke v\u00e6re mere sp\u00e6ndende!<\/p>\n\n\n\n<p>\ud83d\udc87\u200d\u2640\ufe0f\ud83d\udc87\u200d\u2642\ufe0f Med den nemme adgang til smartphones er det nu muligt at opleve forskellige stilarter uden at forlade hjemmet.<\/p>\n\n\n\n<p>Det er som at have en virtuel sk\u00f8nhedssalon lige ved h\u00e5nden! Og det bedste af det hele? Det er super sjovt! \ud83d\ude0e<\/p>\n\n\n\n<h2 class=\"wp-block-heading\">\ud83c\udfa8 <strong>Udforsker en verden af muligheder<\/strong><\/h2>\n\n\n\n<p>Det kan v\u00e6re sp\u00e6ndende at v\u00e6lge en ny frisure eller farve, men nogle gange kan det v\u00e6re udfordrende at visualisere det endelige resultat.<\/p>\n\n\n\n<p>Det er her, sk\u00f8nhedsapps kommer ind i billedet, hvilket g\u00f8r denne proces enklere og mere sp\u00e6ndende end nogensinde!<\/p>\n\n\n\n<p>\ud83c\udf08 Med blot et par tryk kan du udforske et stort bibliotek af stilarter, fra tidl\u00f8se klassikere til de nyeste trends. Og det er ikke alt!<\/p>\n\n\n\n<p>Du kan ogs\u00e5 justere detaljer som volumen, tekstur og glans for at sikre, at dit nye look er perfekt til dig. \u2728<\/p>\n\n\n\n<h2 class=\"wp-block-heading\">Se ogs\u00e5<\/h2>\n\n\n\n<ul class=\"has-medium-font-size\">\n<li class=\"has-medium-font-size\">\ud83d\udd0d\ud83d\udd75\ufe0f\u200d\u2640\ufe0f\ud83d\udd12 <a href=\"https:\/\/universofamilia.com\/da\/5338\/las-aplicaciones-que-han-revolucionado-el-supermercado\/\">Apps der har revolutioneret supermarkedet!<\/a><\/li>\n\n\n\n<li class=\"has-medium-font-size\">\ud83d\udcf8\ud83d\uddbc\ufe0f\ud83d\udcf1 <a href=\"https:\/\/universofamilia.com\/da\/5099\/restaurar-fotos-eliminadas-en-el-telefono-movil\/\">Gendan slettede billeder p\u00e5 mobiltelefon<\/a><\/li>\n\n\n\n<li class=\"has-medium-font-size\">\ud83d\udc91\u26ea\ufe0f\ud83d\udcd6 <a href=\"https:\/\/universofamilia.com\/da\/5105\/noviazgo-cristiano-para-toda-la-vida\/\">Kristen dating for livet<\/a><\/li>\n<\/ul>\n\n\n\n<h2 class=\"wp-block-heading\">\ud83d\udcf1 <strong>M\u00f8d de fantastiske apps!<\/strong><\/h2>\n\n\n\n<p>Lad os nu tale om tre apps, der \u00e6ndrer spillet, n\u00e5r det kommer til at eksperimentere med h\u00e5rklipninger og farver.<\/p>\n\n\n\n<p>G\u00f8r dig klar til at blive forbl\u00f8ffet over mulighederne! \ud83d\udcab<\/p>\n\n\n\n<h3 class=\"wp-block-heading\">\ud83c\udf1f <strong>Du vil ikke tro resultaterne!<\/strong><\/h3>\n\n\n\n<p>Efter at have brugt timevis p\u00e5 at afpr\u00f8ve forskellige stilarter, er det tid til at se, hvad brugerne siger om disse fantastiske apps.<\/p>\n\n\n<div class=\"wp-block-image\">\n<figure class=\"aligncenter size-full\"><img loading=\"lazy\" decoding=\"async\" width=\"550\" height=\"350\" src=\"http:\/\/universofamilia.com\/wp-content\/uploads\/sites\/148\/2024\/03\/P-550x350-1-2.jpg\" alt=\"\" class=\"wp-image-5351\" srcset=\"https:\/\/universofamilia.com\/wp-content\/uploads\/sites\/148\/2024\/03\/P-550x350-1-2.jpg 550w, https:\/\/universofamilia.com\/wp-content\/uploads\/sites\/148\/2024\/03\/P-550x350-1-2-300x191.jpg 300w\" sizes=\"(max-width: 550px) 100vw, 550px\" \/><figcaption class=\"wp-element-caption\">\ud83c\udf1fOpdag din nye stil med h\u00e5rklipnings- og farveappen!<\/figcaption><\/figure><\/div>\n\n\n<p>Her er tre positive historier, der vil inspirere dig til at pr\u00f8ve nye looks: \ud83d\ude0d<\/p>\n\n\n\n<ol>\n<li><strong>YouCam Makeup<\/strong>&quot;Jeg elsker denne app! Den er super nem at bruge og har et stort udvalg af stilarter at v\u00e6lge imellem. Jeg kunne pr\u00f8ve flere forskellige klipninger og farver, f\u00f8r jeg tog til salonen og besluttede mig for, hvilken der var bedst for mig!&quot;<\/li>\n\n\n\n<li><strong>Frisureskifter<\/strong>&quot;En meget nyttig app til at f\u00e5 en id\u00e9 om, hvordan forskellige frisurer kl\u00e6der mig. Jeg kunne godt lide muligheden for at sammenligne frisurer side om side og at kunne dele billeder med mine venner.&quot;<\/li>\n\n\n\n<li><strong>H\u00e5rforvandling<\/strong>&quot;Augmented reality-teknologien er fantastisk! Jeg kunne se, hvordan klipningerne og farverne ville se ud p\u00e5 mig, meget realistisk. Appen giver ogs\u00e5 tips til h\u00e5rpleje, hvilket jeg fandt meget nyttigt.&quot;<\/li>\n<\/ol>\n\n\n\n<h3 class=\"wp-block-heading\">\ud83d\udca1 <strong>Vigtige tips til succes!<\/strong><\/h3>\n\n\n\n<p>F\u00f8r du kaster dig ud i denne sp\u00e6ndende oplevelse, er her et par ting, du skal huske p\u00e5:<\/p>\n\n\n\n<p>\u2013 Resultaterne kan variere afh\u00e6ngigt af fotokvalitet og belysning. \u2013 Husk din ansigtsform, h\u00e5rtekstur og personlige stil, n\u00e5r du v\u00e6lger en ny klipning eller farve.<\/p>\n\n\n\n<h2 class=\"wp-block-heading\">\ud83d\udcf2 <strong>Tid til at downloade og skinne!<\/strong><\/h2>\n\n\n\n<p>Nu hvor du er klar til at begynde din transformationsrejse, s\u00e5 spild ikke tiden og download disse fantastiske apps lige nu!<\/p>\n\n\n\n<ul>\n<li><strong>YouCam Makeup<\/strong>: <a href=\"https:\/\/apps.apple.com\/br\/app\/youcam-makeup-editor-de-fotos\/id863844475\">Link til iOS<\/a> | <a href=\"https:\/\/play.google.com\/store\/apps\/details?id=com.cyberlink.youcammakeup\">Link til Android<\/a><\/li>\n\n\n\n<li><strong>Frisureskifter<\/strong>: <a href=\"https:\/\/apps.apple.com\/br\/app\/hairstyle-changer-makeup-art\/id1536112807\">Link til iOS<\/a> | <a href=\"https:\/\/play.google.com\/store\/apps\/details?id=salon.haircolor.womanhairstyle.hairstylechanger&amp;hl=pt_BR&amp;gl=US\">Link til Android<\/a><\/li>\n\n\n\n<li><strong>H\u00e5rforvandling<\/strong>: <a href=\"https:\/\/apps.apple.com\/tr\/developer\/modiface\/id308030250\">Link til iOS<\/a> | <a href=\"https:\/\/play.google.com\/store\/apps\/details?id=hairstyle.colorChanger.haircut_salon&amp;hl=en\">Link til Android<\/a><\/li>\n<\/ul>\n\n\n\n<p>\ud83d\udc87\u200d\u2642\ufe0f\ud83d\udc87\u200d\u2640\ufe0f <strong>Klar til en radikal forandring? Download nu og opdag dit nye look!<\/strong> \ud83d\udc87\u200d\u2640\ufe0f\ud83d\udc87\u200d\u2642\ufe0f<\/p>","protected":false},"excerpt":{"rendered":"<p>\ud83d\ude80 Teknologisk udvikling lige i din h\u00e5ndflade. \ud83c\udf1f Opdag din nye stil med en klip- og farveapp! \ud83c\udf1f Siden de f\u00f8rste sk\u00f8nhedsapps dukkede op, har teknologien revolutioneret den m\u00e5de, vi passer p\u00e5 os selv p\u00e5. Og n\u00e5r det kommer til at v\u00e6lge en ny klipning eller farve, [\u2026]<\/p>","protected":false},"author":219,"featured_media":5351,"comment_status":"closed","ping_status":"open","sticky":false,"template":"","format":"standard","meta":{"footnotes":""},"categories":[3],"tags":[387,1591],"yoast_head":"<!-- This site is optimized with the Yoast SEO plugin v23.3 - https:\/\/yoast.com\/wordpress\/plugins\/seo\/ -->\n<title>\ud83c\udf1fDescubre Tu Nuevo Estilo con App de Corte de Cabello y Color! - Universo Fam\u00edlia<\/title>\n<meta name=\"description\" content=\"\ud83c\udf1fDescubre Tu Nuevo Estilo con App de Corte de Cabello y Color! \ud83d\ude80 Evoluci\u00f3n Tecnol\u00f3gica en la Palma de tu Mano \ud83c\udf1f\" \/>\n<meta name=\"robots\" content=\"index, follow, max-snippet:-1, max-image-preview:large, max-video-preview:-1\" \/>\n<link rel=\"canonical\" href=\"https:\/\/universofamilia.com\/da\/descubre-tu-nuevo-estilo-con-app-de-corte-de-cabello-y-color\/\" \/>\n<meta property=\"og:locale\" content=\"da_DK\" \/>\n<meta property=\"og:type\" content=\"article\" \/>\n<meta property=\"og:title\" content=\"\ud83c\udf1fDescubre Tu Nuevo Estilo con App de Corte de Cabello y Color! - Universo Fam\u00edlia\" \/>\n<meta property=\"og:description\" content=\"\ud83c\udf1fDescubre Tu Nuevo Estilo con App de Corte de Cabello y Color! \ud83d\ude80 Evoluci\u00f3n Tecnol\u00f3gica en la Palma de tu Mano \ud83c\udf1f\" \/>\n<meta property=\"og:url\" content=\"https:\/\/universofamilia.com\/da\/descubre-tu-nuevo-estilo-con-app-de-corte-de-cabello-y-color\/\" \/>\n<meta property=\"og:site_name\" content=\"Universo Fam\u00edlia\" \/>\n<meta property=\"article:published_time\" content=\"2024-03-06T19:27:12+00:00\" \/>\n<meta property=\"article:modified_time\" content=\"2025-12-26T19:27:22+00:00\" \/>\n<meta property=\"og:image\" content=\"https:\/\/universofamilia.com\/wp-content\/uploads\/sites\/148\/2024\/03\/P-550x350-1-2.jpg\" \/>\n\t<meta property=\"og:image:width\" content=\"550\" \/>\n\t<meta property=\"og:image:height\" content=\"350\" \/>\n\t<meta property=\"og:image:type\" content=\"image\/jpeg\" \/>\n<meta name=\"author\" content=\"Matheus Sangaletti\" \/>\n<meta name=\"twitter:card\" content=\"summary_large_image\" \/>\n<meta name=\"twitter:label1\" content=\"Written by\" \/>\n\t<meta name=\"twitter:data1\" content=\"Matheus Sangaletti\" \/>\n\t<meta name=\"twitter:label2\" content=\"Est. reading time\" \/>\n\t<meta name=\"twitter:data2\" content=\"4 minutter\" \/>\n<script type=\"application\/ld+json\" class=\"yoast-schema-graph\">{\"@context\":\"https:\/\/schema.org\",\"@graph\":[{\"@type\":\"WebPage\",\"@id\":\"https:\/\/universofamilia.com\/hr\/descubre-tu-nuevo-estilo-con-app-de-corte-de-cabello-y-color\/\",\"url\":\"https:\/\/universofamilia.com\/hr\/descubre-tu-nuevo-estilo-con-app-de-corte-de-cabello-y-color\/\",\"name\":\"\ud83c\udf1fDescubre Tu Nuevo Estilo con App de Corte de Cabello y Color! - Universo Fam\u00edlia\",\"isPartOf\":{\"@id\":\"https:\/\/universofamilia.com\/el\/#website\"},\"primaryImageOfPage\":{\"@id\":\"https:\/\/universofamilia.com\/hr\/descubre-tu-nuevo-estilo-con-app-de-corte-de-cabello-y-color\/#primaryimage\"},\"image\":{\"@id\":\"https:\/\/universofamilia.com\/hr\/descubre-tu-nuevo-estilo-con-app-de-corte-de-cabello-y-color\/#primaryimage\"},\"thumbnailUrl\":\"https:\/\/universofamilia.com\/wp-content\/uploads\/sites\/148\/2024\/03\/P-550x350-1-2.jpg\",\"datePublished\":\"2024-03-06T19:27:12+00:00\",\"dateModified\":\"2025-12-26T19:27:22+00:00\",\"author\":{\"@id\":\"https:\/\/universofamilia.com\/el\/#\/schema\/person\/92fcd07e9b1f4323bf74f3170fc0f78a\"},\"description\":\"\ud83c\udf1fDescubre Tu Nuevo Estilo con App de Corte de Cabello y Color! \ud83d\ude80 Evoluci\u00f3n Tecnol\u00f3gica en la Palma de tu Mano \ud83c\udf1f\",\"breadcrumb\":{\"@id\":\"https:\/\/universofamilia.com\/hr\/descubre-tu-nuevo-estilo-con-app-de-corte-de-cabello-y-color\/#breadcrumb\"},\"inLanguage\":\"da-DK\",\"potentialAction\":[{\"@type\":\"ReadAction\",\"target\":[\"https:\/\/universofamilia.com\/hr\/descubre-tu-nuevo-estilo-con-app-de-corte-de-cabello-y-color\/\"]}]},{\"@type\":\"ImageObject\",\"inLanguage\":\"da-DK\",\"@id\":\"https:\/\/universofamilia.com\/hr\/descubre-tu-nuevo-estilo-con-app-de-corte-de-cabello-y-color\/#primaryimage\",\"url\":\"https:\/\/universofamilia.com\/wp-content\/uploads\/sites\/148\/2024\/03\/P-550x350-1-2.jpg\",\"contentUrl\":\"https:\/\/universofamilia.com\/wp-content\/uploads\/sites\/148\/2024\/03\/P-550x350-1-2.jpg\",\"width\":550,\"height\":350,\"caption\":\"\ud83c\udf1fDescubre Tu Nuevo Estilo con App de Corte de Cabello y Color!\"},{\"@type\":\"BreadcrumbList\",\"@id\":\"https:\/\/universofamilia.com\/hr\/descubre-tu-nuevo-estilo-con-app-de-corte-de-cabello-y-color\/#breadcrumb\",\"itemListElement\":[{\"@type\":\"ListItem\",\"position\":1,\"name\":\"Home\",\"item\":\"https:\/\/universofamilia.com\/el\/\"},{\"@type\":\"ListItem\",\"position\":2,\"name\":\"\ud83c\udf1fDescubre Tu Nuevo Estilo con App de Corte de Cabello y Color!\"}]},{\"@type\":\"WebSite\",\"@id\":\"https:\/\/universofamilia.com\/el\/#website\",\"url\":\"https:\/\/universofamilia.com\/el\/\",\"name\":\"Universo Fam\u00edlia\",\"description\":\"\",\"potentialAction\":[{\"@type\":\"SearchAction\",\"target\":{\"@type\":\"EntryPoint\",\"urlTemplate\":\"https:\/\/universofamilia.com\/el\/?s={search_term_string}\"},\"query-input\":\"required name=search_term_string\"}],\"inLanguage\":\"da-DK\"},{\"@type\":\"Person\",\"@id\":\"https:\/\/universofamilia.com\/el\/#\/schema\/person\/92fcd07e9b1f4323bf74f3170fc0f78a\",\"name\":\"Matheus Sangaletti\",\"image\":{\"@type\":\"ImageObject\",\"inLanguage\":\"da-DK\",\"@id\":\"https:\/\/universofamilia.com\/el\/#\/schema\/person\/image\/\",\"url\":\"https:\/\/secure.gravatar.com\/avatar\/280ea957a14a48e6a1ad2133d2cc27c9?s=96&d=mm&r=g\",\"contentUrl\":\"https:\/\/secure.gravatar.com\/avatar\/280ea957a14a48e6a1ad2133d2cc27c9?s=96&d=mm&r=g\",\"caption\":\"Matheus Sangaletti\"},\"url\":\"https:\/\/universofamilia.com\/da\/author\/matheuss\/\"}]}<\/script>\n<!-- \/ Yoast SEO plugin. -->","yoast_head_json":{"title":"\ud83c\udf1fDescubre Tu Nuevo Estilo con App de Corte de Cabello y Color! - Universo Fam\u00edlia","description":"\ud83c\udf1fDescubre Tu Nuevo Estilo con App de Corte de Cabello y Color! \ud83d\ude80 Evoluci\u00f3n Tecnol\u00f3gica en la Palma de tu Mano \ud83c\udf1f","robots":{"index":"index","follow":"follow","max-snippet":"max-snippet:-1","max-image-preview":"max-image-preview:large","max-video-preview":"max-video-preview:-1"},"canonical":"https:\/\/universofamilia.com\/da\/descubre-tu-nuevo-estilo-con-app-de-corte-de-cabello-y-color\/","og_locale":"da_DK","og_type":"article","og_title":"\ud83c\udf1fDescubre Tu Nuevo Estilo con App de Corte de Cabello y Color! - Universo Fam\u00edlia","og_description":"\ud83c\udf1fDescubre Tu Nuevo Estilo con App de Corte de Cabello y Color! \ud83d\ude80 Evoluci\u00f3n Tecnol\u00f3gica en la Palma de tu Mano \ud83c\udf1f","og_url":"https:\/\/universofamilia.com\/da\/descubre-tu-nuevo-estilo-con-app-de-corte-de-cabello-y-color\/","og_site_name":"Universo Fam\u00edlia","article_published_time":"2024-03-06T19:27:12+00:00","article_modified_time":"2025-12-26T19:27:22+00:00","og_image":[{"width":550,"height":350,"url":"https:\/\/universofamilia.com\/wp-content\/uploads\/sites\/148\/2024\/03\/P-550x350-1-2.jpg","type":"image\/jpeg"}],"author":"Matheus Sangaletti","twitter_card":"summary_large_image","twitter_misc":{"Written by":"Matheus Sangaletti","Est. reading time":"4 minutter"},"schema":{"@context":"https:\/\/schema.org","@graph":[{"@type":"WebPage","@id":"https:\/\/universofamilia.com\/hr\/descubre-tu-nuevo-estilo-con-app-de-corte-de-cabello-y-color\/","url":"https:\/\/universofamilia.com\/hr\/descubre-tu-nuevo-estilo-con-app-de-corte-de-cabello-y-color\/","name":"\ud83c\udf1fDescubre Tu Nuevo Estilo con App de Corte de Cabello y Color! - Universo Fam\u00edlia","isPartOf":{"@id":"https:\/\/universofamilia.com\/el\/#website"},"primaryImageOfPage":{"@id":"https:\/\/universofamilia.com\/hr\/descubre-tu-nuevo-estilo-con-app-de-corte-de-cabello-y-color\/#primaryimage"},"image":{"@id":"https:\/\/universofamilia.com\/hr\/descubre-tu-nuevo-estilo-con-app-de-corte-de-cabello-y-color\/#primaryimage"},"thumbnailUrl":"https:\/\/universofamilia.com\/wp-content\/uploads\/sites\/148\/2024\/03\/P-550x350-1-2.jpg","datePublished":"2024-03-06T19:27:12+00:00","dateModified":"2025-12-26T19:27:22+00:00","author":{"@id":"https:\/\/universofamilia.com\/el\/#\/schema\/person\/92fcd07e9b1f4323bf74f3170fc0f78a"},"description":"\ud83c\udf1fDescubre Tu Nuevo Estilo con App de Corte de Cabello y Color! \ud83d\ude80 Evoluci\u00f3n Tecnol\u00f3gica en la Palma de tu Mano \ud83c\udf1f","breadcrumb":{"@id":"https:\/\/universofamilia.com\/hr\/descubre-tu-nuevo-estilo-con-app-de-corte-de-cabello-y-color\/#breadcrumb"},"inLanguage":"da-DK","potentialAction":[{"@type":"ReadAction","target":["https:\/\/universofamilia.com\/hr\/descubre-tu-nuevo-estilo-con-app-de-corte-de-cabello-y-color\/"]}]},{"@type":"ImageObject","inLanguage":"da-DK","@id":"https:\/\/universofamilia.com\/hr\/descubre-tu-nuevo-estilo-con-app-de-corte-de-cabello-y-color\/#primaryimage","url":"https:\/\/universofamilia.com\/wp-content\/uploads\/sites\/148\/2024\/03\/P-550x350-1-2.jpg","contentUrl":"https:\/\/universofamilia.com\/wp-content\/uploads\/sites\/148\/2024\/03\/P-550x350-1-2.jpg","width":550,"height":350,"caption":"\ud83c\udf1fDescubre Tu Nuevo Estilo con App de Corte de Cabello y Color!"},{"@type":"BreadcrumbList","@id":"https:\/\/universofamilia.com\/hr\/descubre-tu-nuevo-estilo-con-app-de-corte-de-cabello-y-color\/#breadcrumb","itemListElement":[{"@type":"ListItem","position":1,"name":"Home","item":"https:\/\/universofamilia.com\/el\/"},{"@type":"ListItem","position":2,"name":"\ud83c\udf1fDescubre Tu Nuevo Estilo con App de Corte de Cabello y Color!"}]},{"@type":"WebSite","@id":"https:\/\/universofamilia.com\/el\/#website","url":"https:\/\/universofamilia.com\/el\/","name":"Universo Fam\u00edlia","description":"","potentialAction":[{"@type":"SearchAction","target":{"@type":"EntryPoint","urlTemplate":"https:\/\/universofamilia.com\/el\/?s={search_term_string}"},"query-input":"required name=search_term_string"}],"inLanguage":"da-DK"},{"@type":"Person","@id":"https:\/\/universofamilia.com\/el\/#\/schema\/person\/92fcd07e9b1f4323bf74f3170fc0f78a","name":"Matheus Sangaletti","image":{"@type":"ImageObject","inLanguage":"da-DK","@id":"https:\/\/universofamilia.com\/el\/#\/schema\/person\/image\/","url":"https:\/\/secure.gravatar.com\/avatar\/280ea957a14a48e6a1ad2133d2cc27c9?s=96&d=mm&r=g","contentUrl":"https:\/\/secure.gravatar.com\/avatar\/280ea957a14a48e6a1ad2133d2cc27c9?s=96&d=mm&r=g","caption":"Matheus Sangaletti"},"url":"https:\/\/universofamilia.com\/da\/author\/matheuss\/"}]}},"_links":{"self":[{"href":"https:\/\/universofamilia.com\/da\/wp-json\/wp\/v2\/posts\/5350"}],"collection":[{"href":"https:\/\/universofamilia.com\/da\/wp-json\/wp\/v2\/posts"}],"about":[{"href":"https:\/\/universofamilia.com\/da\/wp-json\/wp\/v2\/types\/post"}],"author":[{"embeddable":true,"href":"https:\/\/universofamilia.com\/da\/wp-json\/wp\/v2\/users\/219"}],"replies":[{"embeddable":true,"href":"https:\/\/universofamilia.com\/da\/wp-json\/wp\/v2\/comments?post=5350"}],"version-history":[{"count":1,"href":"https:\/\/universofamilia.com\/da\/wp-json\/wp\/v2\/posts\/5350\/revisions"}],"predecessor-version":[{"id":10477,"href":"https:\/\/universofamilia.com\/da\/wp-json\/wp\/v2\/posts\/5350\/revisions\/10477"}],"wp:featuredmedia":[{"embeddable":true,"href":"https:\/\/universofamilia.com\/da\/wp-json\/wp\/v2\/media\/5351"}],"wp:attachment":[{"href":"https:\/\/universofamilia.com\/da\/wp-json\/wp\/v2\/media?parent=5350"}],"wp:term":[{"taxonomy":"category","embeddable":true,"href":"https:\/\/universofamilia.com\/da\/wp-json\/wp\/v2\/categories?post=5350"},{"taxonomy":"post_tag","embeddable":true,"href":"https:\/\/universofamilia.com\/da\/wp-json\/wp\/v2\/tags?post=5350"}],"curies":[{"name":"wp","href":"https:\/\/api.w.org\/{rel}","templated":true}]}}