{"id":5472,"date":"2024-03-25T19:40:04","date_gmt":"2024-03-25T19:40:04","guid":{"rendered":"https:\/\/universofamilia.com\/?p=5472"},"modified":"2025-01-29T01:27:42","modified_gmt":"2025-01-29T01:27:42","slug":"descubre-la-red-social-de-una-persona-con-solo-una-foto","status":"publish","type":"post","link":"https:\/\/universofamilia.com\/da\/descubre-la-red-social-de-una-persona-con-solo-una-foto\/","title":{"rendered":"Opdag en persons sociale netv\u00e6rk med blot et billede\ud83d\udcf8"},"content":{"rendered":"<p>Opdag en persons sociale netv\u00e6rk med blot et billede\ud83d\udcf8. I dagens digitale verden er sikkerhed og privatliv vigtige bekymringer.<\/p>\n\n\n\n<p>Med udbredelsen af sociale medier bliver det lettere for brugerne at komme i kontakt, men det medf\u00f8rer ogs\u00e5 bekymringer om eksponering af personlige oplysninger.<\/p>\n\n\n\n<p>S\u00e5 hvordan kan vi sikre vores sikkerhed, mens vi udforsker det enorme landskab af sociale medier?<\/p>\n\n\n\n<p>Et v\u00e6rkt\u00f8j, der vinder popularitet, er Facecheck.id, en hjemmeside, der lover at afsl\u00f8re en persons sociale netv\u00e6rk blot ud fra deres billede.<\/p>\n\n\n\n<p>Lad os dykke dybere ned i dette sp\u00e6ndende v\u00e6rkt\u00f8j og forst\u00e5, hvordan det fungerer.<\/p>\n\n\n\n<h2 class=\"wp-block-heading\">Se ogs\u00e5<\/h2>\n\n\n\n<ul class=\"has-medium-font-size\">\n<li class=\"has-medium-font-size\">\ud83d\udd0d\ud83d\udd75\ufe0f\u200d\u2640\ufe0f\ud83d\udd12 <a href=\"https:\/\/universofamilia.com\/da\/5338\/las-aplicaciones-que-han-revolucionado-el-supermercado\/\">Apps der har revolutioneret supermarkedet!<\/a><\/li>\n\n\n\n<li class=\"has-medium-font-size\">\ud83d\udcf8\ud83d\uddbc\ufe0f\ud83d\udcf1 <a href=\"https:\/\/universofamilia.com\/da\/5099\/restaurar-fotos-eliminadas-en-el-telefono-movil\/\">Gendan slettede billeder p\u00e5 mobiltelefon<\/a><\/li>\n\n\n\n<li class=\"has-medium-font-size\">\ud83d\udc91\u26ea\ufe0f\ud83d\udcd6 <a href=\"https:\/\/universofamilia.com\/da\/5105\/noviazgo-cristiano-para-toda-la-vida\/\">Kristen dating for livet<\/a><\/li>\n<\/ul>\n\n\n\n<h2 class=\"wp-block-heading\">Hvad er Facecheck.id? \ud83d\udd75\ufe0f\u200d\u2642\ufe0f<\/h2>\n\n\n\n<p>Facecheck.id er en hjemmeside, der bruger en omfattende database med sammenlignende billeder til at finde personer, der ligner den person, du \u00f8nsker at identificere.<\/p>\n\n\n\n<p>Uanset om det er af sikkerhedsm\u00e6ssige \u00e5rsager, nysgerrighed eller endda research, tilbyder Facecheck.id en hurtig og nem m\u00e5de at finde oplysninger om en person ud fra et enkelt foto.<\/p>\n\n\n\n<h2 class=\"wp-block-heading\">Hvordan fungerer det? \ud83d\udd04<\/h2>\n\n\n\n<p>N\u00e5r du uploader et billede til Facecheck.id, s\u00f8ger sidens algoritme i dens database, som indeholder millioner af billeder.<\/p>\n\n\n\n<p>S\u00f8g efter ansigtstr\u00e6k og andre karakteristiske kendetegn for at finde matches i n\u00e6rheden.<\/p>\n\n\n\n<p>Det er vigtigt at bem\u00e6rke, at n\u00f8jagtigheden kan variere p\u00e5 grund af den enorme m\u00e6ngde data og sammenligningernes kompleksitet.<\/p>\n\n\n\n<h2 class=\"wp-block-heading\">Sikkerhedsbeskyttelse aktiveret: Brug Facecheck.id med forsigtighed \ud83d\udea8<\/h2>\n\n\n\n<p>Selvom Facecheck.id kan v\u00e6re et nyttigt v\u00e6rkt\u00f8j i en r\u00e6kke forskellige situationer, er det afg\u00f8rende at bruge det med forsigtighed, is\u00e6r med hensyn til privatliv og sikkerhed.<\/p>\n\n\n\n<p>Her er nogle trin, du kan tage for at beskytte dit privatliv, n\u00e5r du bruger Facecheck.id:<\/p>\n\n\n\n<h3 class=\"wp-block-heading\">1. <strong>Forst\u00e5else af risiciene<\/strong><\/h3>\n\n\n\n<p>F\u00f8r der foretages en s\u00f8gning, er det vigtigt at forst\u00e5 de risici, der er forbundet med at afsl\u00f8re personlige oplysninger.<\/p>\n\n\n\n<p>T\u00e6nk grundigt over, hvorfor du bruger Facecheck.id, og om du er villig til at acceptere resultaterne.<\/p>\n\n\n\n<h3 class=\"wp-block-heading\">2. <strong>Begr\u00e6ns brugen af personlige fotos<\/strong><\/h3>\n\n\n\n<p>Undg\u00e5 at uploade personlige eller f\u00f8lsomme billeder til Facecheck.id, is\u00e6r dem, der kan afsl\u00f8re private oplysninger om dig eller andre.<\/p>\n\n\n\n<p>Brug generiske eller offentlige billeder, n\u00e5r det er muligt.<\/p>\n\n\n\n<h3 class=\"wp-block-heading\">3. <strong>Tjek resultater diskret<\/strong><\/h3>\n\n\n\n<p>Hvis du modtager resultater fra Facecheck.id, bedes du kontrollere dem med diskretion og forsigtighed.<\/p>\n\n\n\n<p>Del ikke f\u00f8lsomme eller private oplysninger uden den involverede persons beh\u00f8rige samtykke.<\/p>\n\n\n\n<h3 class=\"wp-block-heading\">4. <strong>Hold personlige oplysninger private<\/strong><\/h3>\n\n\n\n<p>Uanset hvilke resultater du modtager, er det vigtigt at holde dine personlige oplysninger private og sikre.<\/p>\n\n\n\n<p>V\u00e6r opm\u00e6rksom p\u00e5, hvordan dine onlineaktiviteter kan p\u00e5virke din sikkerhed, og tag skridt til at beskytte dit privatliv.<\/p>\n\n\n<div class=\"wp-block-image\">\n<figure class=\"aligncenter size-full\"><img loading=\"lazy\" decoding=\"async\" width=\"550\" height=\"350\" src=\"http:\/\/universofamilia.com\/wp-content\/uploads\/sites\/148\/2024\/03\/P-550x350-3-9.jpg\" alt=\"\" class=\"wp-image-5473\" srcset=\"https:\/\/universofamilia.com\/wp-content\/uploads\/sites\/148\/2024\/03\/P-550x350-3-9.jpg 550w, https:\/\/universofamilia.com\/wp-content\/uploads\/sites\/148\/2024\/03\/P-550x350-3-9-300x191.jpg 300w\" sizes=\"(max-width: 550px) 100vw, 550px\" \/><figcaption class=\"wp-element-caption\">Opdag en persons sociale netv\u00e6rk med blot et billede\ud83d\udcf8<\/figcaption><\/figure><\/div>\n\n\n<h2 class=\"wp-block-heading\">Konklusion: Et kraftfuldt v\u00e6rkt\u00f8j med ansvar \ud83c\udf1f<\/h2>\n\n\n\n<p>Facecheck.id tilbyder en bekvem m\u00e5de at finde en persons sociale netv\u00e6rk blot ud fra deres billede. Denne bekvemmelighed kommer dog med en risiko.<\/p>\n\n\n\n<p>Det er vigtigt at bruge dette v\u00e6rkt\u00f8j med forsigtighed og beskytte dit eget og andres privatliv.<\/p>\n\n\n\n<p>Ved at forst\u00e5 risiciene og anvende sikre fremgangsm\u00e5der kan du f\u00e5 mest muligt ud af Facecheck.id p\u00e5 en ansvarlig m\u00e5de.<\/p>\n\n\n\n<p>S\u00e5 n\u00e6ste gang du overvejer at bruge Facecheck.id, s\u00e5 husk disse sikkerhedsforanstaltninger og brug dette v\u00e6rkt\u00f8j ansvarligt.<\/p>\n\n\n\n<p>L\u00e6r mere om Facecheck.id <a href=\"https:\/\/www.facecheck.id\/\">her<\/a>, tilg\u00e6ngelig til iOS og Android.<\/p>\n\n\n\n<p>Med disse tips vil du v\u00e6re klar til at udforske de sociale mediers verden mere sikkert og bevidst. \ud83d\udee1\ufe0f<\/p>","protected":false},"excerpt":{"rendered":"<p>Opdag en persons sociale netv\u00e6rk med blot et billede\ud83d\udcf8. I dagens digitale verden er sikkerhed og privatliv vigtige bekymringer. Med udbredelsen af sociale medier bliver det lettere for brugerne at oprette forbindelse, men det medf\u00f8rer ogs\u00e5 bekymringer om eksponering af personlige oplysninger. S\u00e5 hvordan kan vi [\u2026]<\/p>","protected":false},"author":139,"featured_media":5473,"comment_status":"closed","ping_status":"open","sticky":false,"template":"","format":"standard","meta":{"footnotes":""},"categories":[2],"tags":[736,737],"yoast_head":"<!-- This site is optimized with the Yoast SEO plugin v23.3 - https:\/\/yoast.com\/wordpress\/plugins\/seo\/ -->\n<title>Descubre la Red Social de una Persona con Solo una Foto\ud83d\udcf8 - Universo Fam\u00edlia<\/title>\n<meta name=\"description\" content=\"Descubre la Red Social de una Persona con Solo una Foto\ud83d\udcf8. En el mundo digital de hoy, la seguridad y la privacidad son preocupaciones...\" \/>\n<meta name=\"robots\" content=\"index, follow, max-snippet:-1, max-image-preview:large, max-video-preview:-1\" \/>\n<link rel=\"canonical\" href=\"https:\/\/universofamilia.com\/da\/descubre-la-red-social-de-una-persona-con-solo-una-foto\/\" \/>\n<meta property=\"og:locale\" content=\"da_DK\" \/>\n<meta property=\"og:type\" content=\"article\" \/>\n<meta property=\"og:title\" content=\"Descubre la Red Social de una Persona con Solo una Foto\ud83d\udcf8 - Universo Fam\u00edlia\" \/>\n<meta property=\"og:description\" content=\"Descubre la Red Social de una Persona con Solo una Foto\ud83d\udcf8. En el mundo digital de hoy, la seguridad y la privacidad son preocupaciones...\" \/>\n<meta property=\"og:url\" content=\"https:\/\/universofamilia.com\/da\/descubre-la-red-social-de-una-persona-con-solo-una-foto\/\" \/>\n<meta property=\"og:site_name\" content=\"Universo Fam\u00edlia\" \/>\n<meta property=\"article:published_time\" content=\"2024-03-25T19:40:04+00:00\" \/>\n<meta property=\"article:modified_time\" content=\"2025-01-29T01:27:42+00:00\" \/>\n<meta property=\"og:image\" content=\"https:\/\/universofamilia.com\/wp-content\/uploads\/sites\/148\/2024\/03\/P-550x350-3-9.jpg\" \/>\n\t<meta property=\"og:image:width\" content=\"550\" \/>\n\t<meta property=\"og:image:height\" content=\"350\" \/>\n\t<meta property=\"og:image:type\" content=\"image\/jpeg\" \/>\n<meta name=\"author\" content=\"Pedro Henrique\" \/>\n<meta name=\"twitter:card\" content=\"summary_large_image\" \/>\n<meta name=\"twitter:label1\" content=\"Written by\" \/>\n\t<meta name=\"twitter:data1\" content=\"Pedro Henrique\" \/>\n\t<meta name=\"twitter:label2\" content=\"Est. reading time\" \/>\n\t<meta name=\"twitter:data2\" content=\"4 minutter\" \/>\n<script type=\"application\/ld+json\" class=\"yoast-schema-graph\">{\"@context\":\"https:\/\/schema.org\",\"@graph\":[{\"@type\":\"WebPage\",\"@id\":\"https:\/\/universofamilia.com\/hr\/descubre-la-red-social-de-una-persona-con-solo-una-foto\/\",\"url\":\"https:\/\/universofamilia.com\/hr\/descubre-la-red-social-de-una-persona-con-solo-una-foto\/\",\"name\":\"Descubre la Red Social de una Persona con Solo una Foto\ud83d\udcf8 - Universo Fam\u00edlia\",\"isPartOf\":{\"@id\":\"https:\/\/universofamilia.com\/el\/#website\"},\"primaryImageOfPage\":{\"@id\":\"https:\/\/universofamilia.com\/hr\/descubre-la-red-social-de-una-persona-con-solo-una-foto\/#primaryimage\"},\"image\":{\"@id\":\"https:\/\/universofamilia.com\/hr\/descubre-la-red-social-de-una-persona-con-solo-una-foto\/#primaryimage\"},\"thumbnailUrl\":\"https:\/\/universofamilia.com\/wp-content\/uploads\/sites\/148\/2024\/03\/P-550x350-3-9.jpg\",\"datePublished\":\"2024-03-25T19:40:04+00:00\",\"dateModified\":\"2025-01-29T01:27:42+00:00\",\"author\":{\"@id\":\"https:\/\/universofamilia.com\/el\/#\/schema\/person\/f07ce98187dd84d31154262e79b3b7ca\"},\"description\":\"Descubre la Red Social de una Persona con Solo una Foto\ud83d\udcf8. En el mundo digital de hoy, la seguridad y la privacidad son preocupaciones...\",\"breadcrumb\":{\"@id\":\"https:\/\/universofamilia.com\/hr\/descubre-la-red-social-de-una-persona-con-solo-una-foto\/#breadcrumb\"},\"inLanguage\":\"da-DK\",\"potentialAction\":[{\"@type\":\"ReadAction\",\"target\":[\"https:\/\/universofamilia.com\/hr\/descubre-la-red-social-de-una-persona-con-solo-una-foto\/\"]}]},{\"@type\":\"ImageObject\",\"inLanguage\":\"da-DK\",\"@id\":\"https:\/\/universofamilia.com\/hr\/descubre-la-red-social-de-una-persona-con-solo-una-foto\/#primaryimage\",\"url\":\"https:\/\/universofamilia.com\/wp-content\/uploads\/sites\/148\/2024\/03\/P-550x350-3-9.jpg\",\"contentUrl\":\"https:\/\/universofamilia.com\/wp-content\/uploads\/sites\/148\/2024\/03\/P-550x350-3-9.jpg\",\"width\":550,\"height\":350,\"caption\":\"Descubre la Red Social de una Persona con Solo una Foto\ud83d\udcf8\"},{\"@type\":\"BreadcrumbList\",\"@id\":\"https:\/\/universofamilia.com\/hr\/descubre-la-red-social-de-una-persona-con-solo-una-foto\/#breadcrumb\",\"itemListElement\":[{\"@type\":\"ListItem\",\"position\":1,\"name\":\"Home\",\"item\":\"https:\/\/universofamilia.com\/el\/\"},{\"@type\":\"ListItem\",\"position\":2,\"name\":\"Descubre la Red Social de una Persona con Solo una Foto\ud83d\udcf8\"}]},{\"@type\":\"WebSite\",\"@id\":\"https:\/\/universofamilia.com\/el\/#website\",\"url\":\"https:\/\/universofamilia.com\/el\/\",\"name\":\"Universo Fam\u00edlia\",\"description\":\"\",\"potentialAction\":[{\"@type\":\"SearchAction\",\"target\":{\"@type\":\"EntryPoint\",\"urlTemplate\":\"https:\/\/universofamilia.com\/el\/?s={search_term_string}\"},\"query-input\":\"required name=search_term_string\"}],\"inLanguage\":\"da-DK\"},{\"@type\":\"Person\",\"@id\":\"https:\/\/universofamilia.com\/el\/#\/schema\/person\/f07ce98187dd84d31154262e79b3b7ca\",\"name\":\"Pedro Henrique\",\"image\":{\"@type\":\"ImageObject\",\"inLanguage\":\"da-DK\",\"@id\":\"https:\/\/universofamilia.com\/el\/#\/schema\/person\/image\/\",\"url\":\"https:\/\/secure.gravatar.com\/avatar\/9edfeb808cb4e1599f64d6e45b130154?s=96&d=mm&r=g\",\"contentUrl\":\"https:\/\/secure.gravatar.com\/avatar\/9edfeb808cb4e1599f64d6e45b130154?s=96&d=mm&r=g\",\"caption\":\"Pedro Henrique\"},\"url\":\"https:\/\/universofamilia.com\/da\/author\/editor01\/\"}]}<\/script>\n<!-- \/ Yoast SEO plugin. -->","yoast_head_json":{"title":"Descubre la Red Social de una Persona con Solo una Foto\ud83d\udcf8 - Universo Fam\u00edlia","description":"Descubre la Red Social de una Persona con Solo una Foto\ud83d\udcf8. En el mundo digital de hoy, la seguridad y la privacidad son preocupaciones...","robots":{"index":"index","follow":"follow","max-snippet":"max-snippet:-1","max-image-preview":"max-image-preview:large","max-video-preview":"max-video-preview:-1"},"canonical":"https:\/\/universofamilia.com\/da\/descubre-la-red-social-de-una-persona-con-solo-una-foto\/","og_locale":"da_DK","og_type":"article","og_title":"Descubre la Red Social de una Persona con Solo una Foto\ud83d\udcf8 - Universo Fam\u00edlia","og_description":"Descubre la Red Social de una Persona con Solo una Foto\ud83d\udcf8. En el mundo digital de hoy, la seguridad y la privacidad son preocupaciones...","og_url":"https:\/\/universofamilia.com\/da\/descubre-la-red-social-de-una-persona-con-solo-una-foto\/","og_site_name":"Universo Fam\u00edlia","article_published_time":"2024-03-25T19:40:04+00:00","article_modified_time":"2025-01-29T01:27:42+00:00","og_image":[{"width":550,"height":350,"url":"https:\/\/universofamilia.com\/wp-content\/uploads\/sites\/148\/2024\/03\/P-550x350-3-9.jpg","type":"image\/jpeg"}],"author":"Pedro Henrique","twitter_card":"summary_large_image","twitter_misc":{"Written by":"Pedro Henrique","Est. reading time":"4 minutter"},"schema":{"@context":"https:\/\/schema.org","@graph":[{"@type":"WebPage","@id":"https:\/\/universofamilia.com\/hr\/descubre-la-red-social-de-una-persona-con-solo-una-foto\/","url":"https:\/\/universofamilia.com\/hr\/descubre-la-red-social-de-una-persona-con-solo-una-foto\/","name":"Descubre la Red Social de una Persona con Solo una Foto\ud83d\udcf8 - Universo Fam\u00edlia","isPartOf":{"@id":"https:\/\/universofamilia.com\/el\/#website"},"primaryImageOfPage":{"@id":"https:\/\/universofamilia.com\/hr\/descubre-la-red-social-de-una-persona-con-solo-una-foto\/#primaryimage"},"image":{"@id":"https:\/\/universofamilia.com\/hr\/descubre-la-red-social-de-una-persona-con-solo-una-foto\/#primaryimage"},"thumbnailUrl":"https:\/\/universofamilia.com\/wp-content\/uploads\/sites\/148\/2024\/03\/P-550x350-3-9.jpg","datePublished":"2024-03-25T19:40:04+00:00","dateModified":"2025-01-29T01:27:42+00:00","author":{"@id":"https:\/\/universofamilia.com\/el\/#\/schema\/person\/f07ce98187dd84d31154262e79b3b7ca"},"description":"Descubre la Red Social de una Persona con Solo una Foto\ud83d\udcf8. En el mundo digital de hoy, la seguridad y la privacidad son preocupaciones...","breadcrumb":{"@id":"https:\/\/universofamilia.com\/hr\/descubre-la-red-social-de-una-persona-con-solo-una-foto\/#breadcrumb"},"inLanguage":"da-DK","potentialAction":[{"@type":"ReadAction","target":["https:\/\/universofamilia.com\/hr\/descubre-la-red-social-de-una-persona-con-solo-una-foto\/"]}]},{"@type":"ImageObject","inLanguage":"da-DK","@id":"https:\/\/universofamilia.com\/hr\/descubre-la-red-social-de-una-persona-con-solo-una-foto\/#primaryimage","url":"https:\/\/universofamilia.com\/wp-content\/uploads\/sites\/148\/2024\/03\/P-550x350-3-9.jpg","contentUrl":"https:\/\/universofamilia.com\/wp-content\/uploads\/sites\/148\/2024\/03\/P-550x350-3-9.jpg","width":550,"height":350,"caption":"Descubre la Red Social de una Persona con Solo una Foto\ud83d\udcf8"},{"@type":"BreadcrumbList","@id":"https:\/\/universofamilia.com\/hr\/descubre-la-red-social-de-una-persona-con-solo-una-foto\/#breadcrumb","itemListElement":[{"@type":"ListItem","position":1,"name":"Home","item":"https:\/\/universofamilia.com\/el\/"},{"@type":"ListItem","position":2,"name":"Descubre la Red Social de una Persona con Solo una Foto\ud83d\udcf8"}]},{"@type":"WebSite","@id":"https:\/\/universofamilia.com\/el\/#website","url":"https:\/\/universofamilia.com\/el\/","name":"Universo Fam\u00edlia","description":"","potentialAction":[{"@type":"SearchAction","target":{"@type":"EntryPoint","urlTemplate":"https:\/\/universofamilia.com\/el\/?s={search_term_string}"},"query-input":"required name=search_term_string"}],"inLanguage":"da-DK"},{"@type":"Person","@id":"https:\/\/universofamilia.com\/el\/#\/schema\/person\/f07ce98187dd84d31154262e79b3b7ca","name":"Pedro Henrique","image":{"@type":"ImageObject","inLanguage":"da-DK","@id":"https:\/\/universofamilia.com\/el\/#\/schema\/person\/image\/","url":"https:\/\/secure.gravatar.com\/avatar\/9edfeb808cb4e1599f64d6e45b130154?s=96&d=mm&r=g","contentUrl":"https:\/\/secure.gravatar.com\/avatar\/9edfeb808cb4e1599f64d6e45b130154?s=96&d=mm&r=g","caption":"Pedro Henrique"},"url":"https:\/\/universofamilia.com\/da\/author\/editor01\/"}]}},"_links":{"self":[{"href":"https:\/\/universofamilia.com\/da\/wp-json\/wp\/v2\/posts\/5472"}],"collection":[{"href":"https:\/\/universofamilia.com\/da\/wp-json\/wp\/v2\/posts"}],"about":[{"href":"https:\/\/universofamilia.com\/da\/wp-json\/wp\/v2\/types\/post"}],"author":[{"embeddable":true,"href":"https:\/\/universofamilia.com\/da\/wp-json\/wp\/v2\/users\/139"}],"replies":[{"embeddable":true,"href":"https:\/\/universofamilia.com\/da\/wp-json\/wp\/v2\/comments?post=5472"}],"version-history":[{"count":1,"href":"https:\/\/universofamilia.com\/da\/wp-json\/wp\/v2\/posts\/5472\/revisions"}],"predecessor-version":[{"id":8470,"href":"https:\/\/universofamilia.com\/da\/wp-json\/wp\/v2\/posts\/5472\/revisions\/8470"}],"wp:featuredmedia":[{"embeddable":true,"href":"https:\/\/universofamilia.com\/da\/wp-json\/wp\/v2\/media\/5473"}],"wp:attachment":[{"href":"https:\/\/universofamilia.com\/da\/wp-json\/wp\/v2\/media?parent=5472"}],"wp:term":[{"taxonomy":"category","embeddable":true,"href":"https:\/\/universofamilia.com\/da\/wp-json\/wp\/v2\/categories?post=5472"},{"taxonomy":"post_tag","embeddable":true,"href":"https:\/\/universofamilia.com\/da\/wp-json\/wp\/v2\/tags?post=5472"}],"curies":[{"name":"wp","href":"https:\/\/api.w.org\/{rel}","templated":true}]}}