{"id":8489,"date":"2025-01-29T20:16:42","date_gmt":"2025-01-29T20:16:42","guid":{"rendered":"http:\/\/universofamilia.com\/?p=8489"},"modified":"2025-01-30T18:28:16","modified_gmt":"2025-01-30T18:28:16","slug":"descubre-como-seras-en-la-vejez","status":"publish","type":"post","link":"https:\/\/universofamilia.com\/da\/descubre-como-seras-en-la-vejez\/","title":{"rendered":"Find ud af, hvordan du vil v\u00e6re i din alderdom"},"content":{"rendered":"<p>Har du nogensinde spekuleret p\u00e5, hvordan du vil se ud, n\u00e5r du bliver \u00e6ldre?<\/p>\n\n\n\n<p>Med nutidens teknologi er det muligt at f\u00e5 en id\u00e9 om, hvordan dit ansigt vil \u00e6ndre sig over \u00e5rene.<\/p>\n\n\n\n<p>Der findes apps, der bruger kunstig intelligens til at simulere aldring, s\u00e5 du kan se en \u00e6ldre version af dig selv. Er det ikke fantastisk?<\/p>\n\n\n\n<h3 class=\"wp-block-heading\">Supportteam<\/h3>\n\n\n\n<p>Gennemse applikationerne nedenfor, eller kontakt vores supportteam. Fort\u00e6l os, hvilken type profil du leder efter, s\u00e5 hj\u00e6lper vi dig med at finde den perfekte applikation til dig.<\/p>\n\n\n    <section class=\"mx-1 my-10\">\n                                                <a href=\"https:\/\/www.messenger.com\/login.php?next=https%3A%2F%2Fwww.messenger.com%2Ft%2F110263563681990%2F%3Fref%3Dw30174560--utm_campaign%253D%257B%257Badset.id%257D%257D%26messaging_source%3Dsource%253Apages%253Amessage_shortlink%26source_id%3D1441792%26recurring_notification%3D0\" class=\"text-white\" data-analytics-label=\"optionsButton\"\n                    data-action=\"analytics#trackCTA\">\n                    <div data-options-target=\"option\"\n                        class=\"custom-section rounded-xl border p-3 shadow-md w-full bg-green-700 my-3\">\n                        <div class=\"flex w-full items-center justify-between\">\n                            <div class=\"flex items-center space-x-3\">\n                                <div class=\"text-lg font-bold\">\n                                    Start samtale \u279d\n                                <\/div>\n                            <\/div>\n                        <\/div>\n                    <\/div>\n                <\/a>\n                            <p class=\"text-xs text-gray-500 text-right\"\n            style=\"margin-left: 50%; margin-bottom: 50px; margin-top: 5px;\">\n            <!-- You will be redirected to another website -->\n        <\/p>\n    <\/section>\n\n\n\n\n<h2 class=\"wp-block-heading\">Hvordan fungerer \u00e6ldre apps?<\/h2>\n\n\n\n<p>Disse apps bruger avancerede kunstig intelligens-algoritmer til digitalt at \u00e6ndre fotos og simulere aldring.<\/p>\n\n\n\n<p>De analyserer ansigtstr\u00e6k s\u00e5som rynker, hudtekstur, \u00e6ndringer i h\u00e5rpigmentering og andre almindelige tegn p\u00e5 aldring.<\/p>\n\n\n\n<p>AI sammenligner disse \u00e6ndringer med store databaser og skaber utroligt realistiske forudsigelser.<\/p>\n\n\n\n<h2 class=\"wp-block-heading\">Hvorfor kan folk lide at pr\u00f8ve disse apps?<\/h2>\n\n\n\n<p>Nysgerrighed er en af hoved\u00e5rsagerne til, at disse apps er s\u00e5 popul\u00e6re.<\/p>\n\n\n\n<p>Mange mennesker vil gerne vide, hvordan de vil se ud i fremtiden, hvad enten det er for sjov, for at dele p\u00e5 sociale medier eller endda af kunstneriske \u00e5rsager.<\/p>\n\n\n\n<p>Derudover giver teknologi os mulighed for at opleve forskellige livsstile og forudsige, hvordan aldring kan p\u00e5virke vores udseende.<\/p>\n\n\n\n<p><\/p>\n\n\n\n<hr class=\"wp-block-separator has-alpha-channel-opacity is-style-wide\" \/>\n\n\n\n<h5 class=\"wp-block-heading has-text-align-center\"><strong>Hvad vil du gerne lave?<\/strong><\/h5>\n\n\n    <section class=\"mx-1 my-10\">\n                                                <div data-options-target=\"option\" class=\"custom-section rounded-xl border p-3 shadow-md w-full bg-green-700 my-3\">\n                    <div class=\"flex w-full items-center justify-between\">\n                        <div class=\"flex items-center space-x-3\">\n                            <div class=\"text-lg font-bold\">\n                                L\u00e6r at spille guitar                            <\/div>\n                        <\/div>\n                        <div class=\"flex items-center space-x-8\">\n                            <a href=\"https:\/\/universofamilia.com\/da\/aprende-a-tocar-guitarra-con-simply-guitar\/\"\n                                class=\"custom-cta rounded-2xl border bg-green-800 hover:bg-green-900 px-3 py-1 text-xs font-semibold\"\n                                data-analytics-label=\"optionsButton\" data-action=\"analytics#trackCTA\">\n                                Klik her \u279d\n                            <\/a>\n                        <\/div>\n                    <\/div>\n                <\/div>\n                                                            <div data-options-target=\"option\" class=\"custom-section rounded-xl border p-3 shadow-md w-full bg-green-700 my-3\">\n                    <div class=\"flex w-full items-center justify-between\">\n                        <div class=\"flex items-center space-x-3\">\n                            <div class=\"text-lg font-bold\">\n                                Nye gratis GPS-apps 2025                            <\/div>\n                        <\/div>\n                        <div class=\"flex items-center space-x-8\">\n                            <a href=\"https:\/\/universofamilia.com\/da\/nuevas-aplicaciones-gps-gratis-2025\/\"\n                                class=\"custom-cta rounded-2xl border bg-green-800 hover:bg-green-900 px-3 py-1 text-xs font-semibold\"\n                                data-analytics-label=\"optionsButton\" data-action=\"analytics#trackCTA\">\n                                Klik her \u279d\n                            <\/a>\n                        <\/div>\n                    <\/div>\n                <\/div>\n                                                            <div data-options-target=\"option\" class=\"custom-section rounded-xl border p-3 shadow-md w-full bg-green-700 my-3\">\n                    <div class=\"flex w-full items-center justify-between\">\n                        <div class=\"flex items-center space-x-3\">\n                            <div class=\"text-lg font-bold\">\n                                De bedste apps til at m\u00f8de en kvinde                            <\/div>\n                        <\/div>\n                        <div class=\"flex items-center space-x-8\">\n                            <a href=\"https:\/\/universofamilia.com\/da\/mejores-apps-para-conocer-a-una-mujer\/\"\n                                class=\"custom-cta rounded-2xl border bg-green-800 hover:bg-green-900 px-3 py-1 text-xs font-semibold\"\n                                data-analytics-label=\"optionsButton\" data-action=\"analytics#trackCTA\">\n                                Klik her \u279d\n                            <\/a>\n                        <\/div>\n                    <\/div>\n                <\/div>\n                            <p class=\"text-xs text-gray-500 text-right hidden\"\n            style=\"margin-left: 50%; margin-bottom: 50px; margin-top: 5px;\">\n            <!-- You will be redirected to another website -->\n        <\/p>\n    <\/section>\n\n\n\n\n<p class=\"has-text-align-right\"><em><strong><em><strong><em><strong><em><strong><em><strong>L\u00e6s videre!<\/strong><\/em><\/strong><\/em><\/strong><\/em><\/strong><\/em><\/strong><\/em><\/p>\n\n\n\n<hr class=\"wp-block-separator has-alpha-channel-opacity is-style-wide\" \/>\n\n\n\n<p><\/p>\n\n\n\n<h2 class=\"wp-block-heading\">FaceApp: Den mest komplette ansigtsredigerer<\/h2>\n\n\n\n<h3 class=\"wp-block-heading\">Hovedtr\u00e6k<\/h3>\n\n\n\n<ul>\n<li>Realistisk aldringsfilter<\/li>\n\n\n\n<li>\u00c6ndring af ansigtsudtryk<\/li>\n\n\n\n<li>K\u00f8nsmodifikation<\/li>\n\n\n\n<li>Frisure og h\u00e5rfarvejustering<\/li>\n\n\n\n<li>Komplet selfie-redigering<\/li>\n<\/ul>\n\n\n\n<h3 class=\"wp-block-heading\">FaceApp-forskelle<\/h3>\n\n\n\n<p>FaceApp er en af de mest popul\u00e6re apps p\u00e5 markedet, kendt for sin evne til at skabe ekstremt realistiske transformationer.<\/p>\n\n\n\n<p>Det giver dig ikke kun mulighed for at \u00e6lde et foto, men ogs\u00e5 forynge det, \u00e6ndre klipninger og farver og endda tilf\u00f8je makeup digitalt.<\/p>\n\n\n\n<h3 class=\"wp-block-heading\">S\u00e5dan bruger du FaceApp<\/h3>\n\n\n\n<ol>\n<li>Download og installer FaceApp i Google Play eller Apple Store.<\/li>\n\n\n\n<li>\u00c5bn appen, og giv tilladelse til at f\u00e5 adgang til dit fotogalleri.<\/li>\n\n\n\n<li>V\u00e6lg et billede, eller tag et nyt.<\/li>\n\n\n\n<li>V\u00e6lg aldringsfilteret og se din transformation.<\/li>\n\n\n\n<li>Gem og del p\u00e5 sociale netv\u00e6rk.<\/li>\n<\/ol>\n\n\n\n    <div class=\"d-sm-block py-3 mx-auto px-3 mb-3\"\n        style=\"border-top: 1px solid rgb(204, 204, 204); border-bottom: 1px solid rgb(204, 204, 204);\">\n        <div class=\"text-center mb-4\">\n            <h6 class=\"pt-3 text-center text-gray-900 text-2xl title-font font-medium mb-12\">ANVENDELSE<\/h6>\n        <\/div>\n        <div class=\"row\">\n            <div class=\"col-lg-5 col-md-5 col-sm-12 mb-4 mb-lg-0\">\n                <img decoding=\"async\" alt=\"kort\" style=\"height: 190px; object-fit: cover;\"\n                    class=\"w-100 h-100 object-cover object-center rounded border\" src=\"http:\/\/universofamilia.com\/wp-content\/uploads\/sites\/148\/2025\/01\/POST-PARA-APP-ARTIGO-2-5.jpg\">\n            <\/div>\n            <div class=\"col-lg-7 col-md-7 col-sm-12 d-flex flex-column justify-content-between\">\n                <h3 class=\"text-gray-900 text-3xl title-font font-medium mb-1\">FaceApp<\/h3>\n\n                                    <div class=\"flex\">\n                                                    <span\n                                class=\"inline-block mx-2 py-1 mx-2 rounded text-xs font-medium tracking-widest text-uppercase mr-2 bg-green-50 text-green-700\">REDAKT\u00d8R FOR ANSIGTSALDRE<\/span>\n                                            <\/div>\n                                <div class=\"d-block text-justify py-3\">FaceApp er en af verdens mest popul\u00e6re ansigtsredigeringsapps. Drevet af avanceret kunstig intelligens, lader den dig \u00e6lde, forynge, \u00e6ndre h\u00e5rfarve og anvende realistiske ansigtsfiltre. Download nu og transformer dit billede med blot et enkelt klik.<\/div>\n                <div class=\"mt-auto d-flex flex-column align-items-end\">\n                    <a class=\"d-inline-block text-center text-white border-0 py-2 px-8 text-lg focus:outline-none rounded bg-green-700 hover:bg-green-800 btn-block\"\n                        href=\"https:\/\/play.google.com\/store\/apps\/details?id=io.faceapp&#038;hl=pt_BR\"                         data-analytics-label=\"landingPageFirstButton\" data-action=\"analytics#trackCTA\">\n                        Download applikation                    <\/a>\n                                            <div class=\"text-xs text-muted mt-3 d-block col-12 text-center\">Du vil blive omdirigeret til en anden side<\/div>\n                                    <\/div>\n            <\/div>\n        <\/div>\n    <\/div>\n\n\n\n<h2 class=\"wp-block-heading\">Oldify: Sjov aldringssimulering<\/h2>\n\n\n\n<h3 class=\"wp-block-heading\">Hovedtr\u00e6k<\/h3>\n\n\n\n<ul>\n<li>Dynamisk aldringseffekt<\/li>\n\n\n\n<li>Animation af aldrende ansigtsudtryk<\/li>\n\n\n\n<li>Mulighed for at tilf\u00f8je sjove effekter<\/li>\n\n\n\n<li>Del direkte p\u00e5 sociale netv\u00e6rk<\/li>\n<\/ul>\n\n\n\n<h3 class=\"wp-block-heading\">For\u00e6ld differentialer<\/h3>\n\n\n\n<p>I mods\u00e6tning til andre apps anvender Oldify ikke bare et statisk aldringsfilter, det skaber ansigtsanimationer.<\/p>\n\n\n\n<p>Det betyder, at n\u00e5r du flytter dit gamle foto, vil du kunne se dine \u00f8jne blinke og dine udtryk \u00e6ndre sig, hvilket tilf\u00f8jer et ekstra strejf af realisme.<\/p>\n\n\n\n<h3 class=\"wp-block-heading\">S\u00e5dan bruger du Oldify<\/h3>\n\n\n\n<ol>\n<li>Installer Oldify i Google Play eller Apple Store.<\/li>\n\n\n\n<li>\u00c5bn appen, og v\u00e6lg et billede.<\/li>\n\n\n\n<li>V\u00e6lg den aldrende effekt.<\/li>\n\n\n\n<li>Tilf\u00f8j animationer og hav det sjovt med at se udtryk komme til live.<\/li>\n\n\n\n<li>Del din kreation med venner.<\/li>\n<\/ol>\n\n\n\n    <div class=\"d-sm-block py-3 mx-auto px-3 mb-3\"\n        style=\"border-top: 1px solid rgb(204, 204, 204); border-bottom: 1px solid rgb(204, 204, 204);\">\n        <div class=\"text-center mb-4\">\n            <h6 class=\"pt-3 text-center text-gray-900 text-2xl title-font font-medium mb-12\">ANVENDELSE<\/h6>\n        <\/div>\n        <div class=\"row\">\n            <div class=\"col-lg-5 col-md-5 col-sm-12 mb-4 mb-lg-0\">\n                <img decoding=\"async\" alt=\"kort\" style=\"height: 190px; object-fit: cover;\"\n                    class=\"w-100 h-100 object-cover object-center rounded border\" src=\"http:\/\/universofamilia.com\/wp-content\/uploads\/sites\/148\/2025\/01\/POST-PARA-APP-ARTIGO-3-3.jpg\">\n            <\/div>\n            <div class=\"col-lg-7 col-md-7 col-sm-12 d-flex flex-column justify-content-between\">\n                <h3 class=\"text-gray-900 text-3xl title-font font-medium mb-1\">Oldify<\/h3>\n\n                                    <div class=\"flex\">\n                                                    <span\n                                class=\"inline-block mx-2 py-1 mx-2 rounded text-xs font-medium tracking-widest text-uppercase mr-2 bg-green-50 text-green-700\">OTO SJOV GAMMEL EFFEKT<\/span>\n                                            <\/div>\n                                <div class=\"d-block text-justify py-3\">Oldify er en sjov app, der lader dig se, hvordan du vil se ud i fremtiden. Med realistiske animationer forvandler den dit ansigt og tilf\u00f8jer dynamisk aldrende udtryk. Del dine resultater p\u00e5 sociale medier, og hav det sjovt med at se, hvordan du vil \u00e6ndre dig gennem \u00e5rene.<\/div>\n                <div class=\"mt-auto d-flex flex-column align-items-end\">\n                    <a class=\"d-inline-block text-center text-white border-0 py-2 px-8 text-lg focus:outline-none rounded bg-green-700 hover:bg-green-800 btn-block\"\n                        href=\"https:\/\/play.google.com\/store\/apps\/details?id=com.phuocly.MakeMeOld&#038;hl=pt_BR\"                         data-analytics-label=\"landingPageFirstButton\" data-action=\"analytics#trackCTA\">\n                        Download applikation                    <\/a>\n                                            <div class=\"text-xs text-muted mt-3 d-block col-12 text-center\">Du vil blive omdirigeret til en anden side<\/div>\n                                    <\/div>\n            <\/div>\n        <\/div>\n    <\/div>\n\n\n\n<h2 class=\"wp-block-heading\">FaceLab: Pr\u00e6cisionen af kunstig intelligens<\/h2>\n\n\n\n<h3 class=\"wp-block-heading\">Hovedtr\u00e6k<\/h3>\n\n\n\n<ul>\n<li>Realistisk aldring med AI<\/li>\n\n\n\n<li>K\u00f8nsskifte<\/li>\n\n\n\n<li>Foryngelsesfiltre<\/li>\n\n\n\n<li>\u00c6ndring af ansigtsudtryk<\/li>\n<\/ul>\n\n\n\n<h3 class=\"wp-block-heading\">FaceLab-differentialer<\/h3>\n\n\n\n<p>FaceLab er en af de mest teknologisk avancerede apps. Den bruger kunstig intelligens til at generere utroligt detaljerede forudsigelser om ansigtets aldring.<\/p>\n\n\n\n<p>I mods\u00e6tning til andre apps, der blot anvender et filter, \u00e6ndrer FaceLab dine fotos baseret p\u00e5 faktorer som knoglestruktur og en persons naturlige udtryk.<\/p>\n\n\n\n<h3 class=\"wp-block-heading\">S\u00e5dan bruger du FaceLab<\/h3>\n\n\n\n<ol>\n<li>Download og installer FaceLab.<\/li>\n\n\n\n<li>V\u00e6lg et foto for at anvende filtre.<\/li>\n\n\n\n<li>V\u00e6lg den \u00f8nskede effekt, og se transformationerne i realtid.<\/li>\n\n\n\n<li>Gem og del dit redigerede billede.<\/li>\n<\/ol>\n\n\n\n    <div class=\"d-sm-block py-3 mx-auto px-3 mb-3\"\n        style=\"border-top: 1px solid rgb(204, 204, 204); border-bottom: 1px solid rgb(204, 204, 204);\">\n        <div class=\"text-center mb-4\">\n            <h6 class=\"pt-3 text-center text-gray-900 text-2xl title-font font-medium mb-12\">ANVENDELSE<\/h6>\n        <\/div>\n        <div class=\"row\">\n            <div class=\"col-lg-5 col-md-5 col-sm-12 mb-4 mb-lg-0\">\n                <img decoding=\"async\" alt=\"kort\" style=\"height: 190px; object-fit: cover;\"\n                    class=\"w-100 h-100 object-cover object-center rounded border\" src=\"http:\/\/universofamilia.com\/wp-content\/uploads\/sites\/148\/2025\/01\/POST-PARA-APP-ARTIGO-4-3.jpg\">\n            <\/div>\n            <div class=\"col-lg-7 col-md-7 col-sm-12 d-flex flex-column justify-content-between\">\n                <h3 class=\"text-gray-900 text-3xl title-font font-medium mb-1\">FaceLab<\/h3>\n\n                                    <div class=\"flex\">\n                                                    <span\n                                class=\"inline-block mx-2 py-1 mx-2 rounded text-xs font-medium tracking-widest text-uppercase mr-2 bg-green-50 text-green-700\">FOTORETOUCHERING MED KUNSTIG INTELLIGENS<\/span>\n                                            <\/div>\n                                <div class=\"d-block text-justify py-3\">FaceLab bruger kunstig intelligens til at skabe realistiske versioner af dit aldrende ansigt. Det giver dig ogs\u00e5 mulighed for at skifte k\u00f8n, anvende anti-aging filtre og forbedre kvaliteten af dine fotos med pr\u00e6cise redigeringsv\u00e6rkt\u00f8jer. Download FaceLab, og opdag, hvordan du vil se ud i fremtiden med banebrydende teknologi.<\/div>\n                <div class=\"mt-auto d-flex flex-column align-items-end\">\n                    <a class=\"d-inline-block text-center text-white border-0 py-2 px-8 text-lg focus:outline-none rounded bg-green-700 hover:bg-green-800 btn-block\"\n                        href=\"https:\/\/play.google.com\/store\/apps\/details?id=com.collage.m2&#038;hl=pt_BR\"                         data-analytics-label=\"landingPageFirstButton\" data-action=\"analytics#trackCTA\">\n                        Download applikation                    <\/a>\n                                            <div class=\"text-xs text-muted mt-3 d-block col-12 text-center\">Du vil blive omdirigeret til en anden side<\/div>\n                                    <\/div>\n            <\/div>\n        <\/div>\n    <\/div>\n\n\n\n<h2 class=\"wp-block-heading\">Sammenligning af apps: hvilken skal man v\u00e6lge?<\/h2>\n\n\n\n<p>For at hj\u00e6lpe dig med at beslutte dig, kan du se f\u00f8lgende sammenligningstabel mellem de tre apps:<\/p>\n\n\n\n<figure class=\"wp-block-table\"><table><thead><tr><th>Funktion<\/th><th>FaceApp<\/th><th>Oldify<\/th><th>FaceLab<\/th><\/tr><\/thead><tbody><tr><td>Aldringseffekt<\/td><td>Ja<\/td><td>Ja<\/td><td>Ja<\/td><\/tr><tr><td>Ansigtsanimation<\/td><td>Ingen<\/td><td>Ja<\/td><td>Ingen<\/td><\/tr><tr><td>Komplet selfie-redigering<\/td><td>Ja<\/td><td>Ingen<\/td><td>Ja<\/td><\/tr><tr><td>Foryngelsesfiltre<\/td><td>Ja<\/td><td>Ingen<\/td><td>Ja<\/td><\/tr><tr><td>\u00c6ndring af udtryk<\/td><td>Ja<\/td><td>Ja<\/td><td>Ja<\/td><\/tr><tr><td>Hurtig deling<\/td><td>Ja<\/td><td>Ja<\/td><td>Ja<\/td><\/tr><tr><td>Brug af kunstig intelligens<\/td><td>Ja<\/td><td>Ingen<\/td><td>Ja<\/td><\/tr><\/tbody><\/table><figcaption class=\"wp-element-caption\">Find ud af, hvordan du vil v\u00e6re i din alderdom<\/figcaption><\/figure>\n\n\n\n<p>Hvis du leder efter en komplet applikation til at forvandle din selfie p\u00e5 forskellige m\u00e5der, <strong>FaceApp<\/strong> er det bedste valg. Hvis du foretr\u00e6kker en sjovere app med sjove animationer og effekter, <strong>Oldify<\/strong> det er ideelt.<\/p>\n\n\n\n<p>For dem, der \u00f8nsker den h\u00f8jeste n\u00f8jagtighed i \u00e6ldningsdetaljer, <strong>FaceLab<\/strong> Det er den mest avancerede mulighed.<\/p>\n\n\n<div class=\"wp-block-image\">\n<figure class=\"aligncenter size-full\"><img loading=\"lazy\" decoding=\"async\" width=\"550\" height=\"350\" src=\"http:\/\/universofamilia.com\/wp-content\/uploads\/sites\/148\/2025\/01\/DESTAQUE-UNIVERSO-550-x-350-3-3.jpg\" alt=\"\" class=\"wp-image-8490\" srcset=\"https:\/\/universofamilia.com\/wp-content\/uploads\/sites\/148\/2025\/01\/DESTAQUE-UNIVERSO-550-x-350-3-3.jpg 550w, https:\/\/universofamilia.com\/wp-content\/uploads\/sites\/148\/2025\/01\/DESTAQUE-UNIVERSO-550-x-350-3-3-300x191.jpg 300w, https:\/\/universofamilia.com\/wp-content\/uploads\/sites\/148\/2025\/01\/DESTAQUE-UNIVERSO-550-x-350-3-3-18x12.jpg 18w\" sizes=\"(max-width: 550px) 100vw, 550px\" \/><figcaption class=\"wp-element-caption\">Find ud af, hvordan du vil v\u00e6re i din alderdom<\/figcaption><\/figure><\/div>\n\n\n<h2 class=\"wp-block-heading\">Konklusion<\/h2>\n\n\n\n<p>Apps som FaceApp, Oldify og FaceLab tilbyder en sjov og interessant m\u00e5de at visualisere, hvordan vi vil se ud i alderdommen.<\/p>\n\n\n\n<p>Hver af dem har sine egne unikke funktioner, og valget afh\u00e6nger af den type oplevelse, du \u00f8nsker. Uanset hvilken app du v\u00e6lger, demonstrerer disse v\u00e6rkt\u00f8jer, hvor avanceret ansigtsredigeringsteknologi er.<\/p>\n\n\n\n<p>Download din favorit, og opdag, hvordan du vil v\u00e6re i fremtiden.<\/p>\n\n\n\n<h3 class=\"wp-block-heading\">Ofte stillede sp\u00f8rgsm\u00e5l<\/h3>\n\n\n\n<h4 class=\"wp-block-heading\">1. Hvad er den bedste app til at se, hvordan jeg vil se ud i min alderdom?<\/h4>\n\n\n\n<p>Den bedste app afh\u00e6nger af, hvad du leder efter. Hvis du \u00f8nsker en realistisk effekt med flere redigeringsmuligheder, er FaceApp det bedste valg.<\/p>\n\n\n\n<p>Hvis du foretr\u00e6kker et sjovt touch med animationer, er Oldify en fremragende mulighed. For detaljerede resultater med avanceret kunstig intelligens er FaceLab det mest pr\u00e6cise alternativ.<\/p>\n\n\n\n<h4 class=\"wp-block-heading\">2. Er \u00e6ldre apps gratis?<\/h4>\n\n\n\n<p>De fleste af disse apps tilbyder en gratis version med begr\u00e6nsede funktioner. For at f\u00e5 adgang til premium-filtre, avanceret redigering og fjernelse af annoncer skal du dog have et abonnement eller foretage k\u00f8b i appen.<\/p>\n\n\n\n<p>FaceApp har for eksempel en betalt version kaldet FaceApp Pro.<\/p>\n\n\n\n<h4 class=\"wp-block-heading\">3. Kr\u00e6ver disse applikationer en internetforbindelse?<\/h4>\n\n\n\n<p>Det afh\u00e6nger af appen. Nogle, som f.eks. FaceApp, behandler billeder i skyen, s\u00e5 de kr\u00e6ver en internetforbindelse.<\/p>\n\n\n\n<p>Andre, som Oldify, kan arbejde offline, da behandlingen foreg\u00e5r p\u00e5 enheden.<\/p>\n\n\n\n<h4 class=\"wp-block-heading\">4. Er \u00e6ldre apps sikre?<\/h4>\n\n\n\n<p>Brug af disse apps giver anledning til bekymringer omkring privatlivets fred, da nogle kr\u00e6ver adgang til fotogallerier og ansigtsdata.<\/p>\n\n\n\n<p>Det anbefales at l\u00e6se vilk\u00e5rene og betingelserne, f\u00f8r du bruger dem. FaceApp har for eksempel v\u00e6ret genstand for kontroverser om sin h\u00e5ndtering af brugerdata. For ekstra sikkerhed b\u00f8r du undg\u00e5 at uploade f\u00f8lsomme fotos og gennemg\u00e5 de tilladelser, du giver.<\/p>\n\n\n\n<h4 class=\"wp-block-heading\">5. Hvordan fungerer \u00e6ldre apps?<\/h4>\n\n\n\n<p>Disse applikationer bruger kunstig intelligens til at analysere ansigtstr\u00e6k og simulere aldring.<\/p>\n\n\n\n<p>De sammenligner billedet med en omfattende database for at forudsige, hvordan en person ville se ud over \u00e5rene.<\/p>\n\n\n\n<p>Filtre anvender rynker, \u00e6ndringer i h\u00e5rfarve og andre tegn p\u00e5 aldring for at opn\u00e5 en realistisk effekt.<\/p>\n\n\n\n<h4 class=\"wp-block-heading\">6. Kan aldringseffekterne i fotos vendes?<\/h4>\n\n\n\n<p>Ja, mange af disse apps giver dig ogs\u00e5 mulighed for at forynge dit ansigt med omvendte filtre.<\/p>\n\n\n\n<p>FaceApp og FaceLab inkluderer foryngelsesmuligheder, der fjerner rynker og forbedrer hudens udseende, s\u00e5 brugerne kan se, hvor yngre de vil se ud.<\/p>\n\n\n\n<h4 class=\"wp-block-heading\">7. M\u00e5 jeg dele de redigerede billeder p\u00e5 sociale medier?<\/h4>\n\n\n\n<p>Ja, alle disse apps inkluderer muligheden for at dele redigerede billeder direkte p\u00e5 platforme som Instagram, Facebook og WhatsApp.<\/p>\n\n\n\n<p>Derudover giver de dig mulighed for at gemme billeder i enhedens galleri til senere brug.<\/p>","protected":false},"excerpt":{"rendered":"<p>\u00bfAlguna vez te has preguntado c\u00f3mo ser\u00e1 tu apariencia cuando envejezcas? Con la tecnolog\u00eda actual, es posible tener una idea de c\u00f3mo cambiar\u00e1 tu rostro a lo largo de los a\u00f1os. Existen aplicaciones que utilizan inteligencia artificial para simular el envejecimiento, permitiendo que veas una versi\u00f3n m\u00e1s vieja de ti mismo. \u00bfNo es asombroso? Equipo [&hellip;]<\/p>","protected":false},"author":139,"featured_media":8490,"comment_status":"closed","ping_status":"open","sticky":false,"template":"","format":"standard","meta":{"footnotes":""},"categories":[2],"tags":[1775,1776,1777,1774,1748],"yoast_head":"<!-- This site is optimized with the Yoast SEO plugin v23.3 - https:\/\/yoast.com\/wordpress\/plugins\/seo\/ -->\n<title>Descubre c\u00f3mo ser\u00e1s en la vejez - Universo Fam\u00edlia<\/title>\n<meta name=\"description\" content=\"Descubre c\u00f3mo ser\u00e1s en la vejez. \u00bfAlguna vez te has preguntado c\u00f3mo ser\u00e1 tu apariencia cuando envejezcas?....\" \/>\n<meta name=\"robots\" content=\"index, follow, max-snippet:-1, max-image-preview:large, max-video-preview:-1\" \/>\n<link rel=\"canonical\" href=\"https:\/\/universofamilia.com\/da\/descubre-como-seras-en-la-vejez\/\" \/>\n<meta property=\"og:locale\" content=\"da_DK\" \/>\n<meta property=\"og:type\" content=\"article\" \/>\n<meta property=\"og:title\" content=\"Descubre c\u00f3mo ser\u00e1s en la vejez - Universo Fam\u00edlia\" \/>\n<meta property=\"og:description\" content=\"Descubre c\u00f3mo ser\u00e1s en la vejez. \u00bfAlguna vez te has preguntado c\u00f3mo ser\u00e1 tu apariencia cuando envejezcas?....\" \/>\n<meta property=\"og:url\" content=\"https:\/\/universofamilia.com\/da\/descubre-como-seras-en-la-vejez\/\" \/>\n<meta property=\"og:site_name\" content=\"Universo Fam\u00edlia\" \/>\n<meta property=\"article:published_time\" content=\"2025-01-29T20:16:42+00:00\" \/>\n<meta property=\"article:modified_time\" content=\"2025-01-30T18:28:16+00:00\" \/>\n<meta property=\"og:image\" content=\"https:\/\/universofamilia.com\/wp-content\/uploads\/sites\/148\/2025\/01\/DESTAQUE-UNIVERSO-550-x-350-3-3.jpg\" \/>\n\t<meta property=\"og:image:width\" content=\"550\" \/>\n\t<meta property=\"og:image:height\" content=\"350\" \/>\n\t<meta property=\"og:image:type\" content=\"image\/jpeg\" \/>\n<meta name=\"author\" content=\"Pedro Henrique\" \/>\n<meta name=\"twitter:card\" content=\"summary_large_image\" \/>\n<meta name=\"twitter:label1\" content=\"Written by\" \/>\n\t<meta name=\"twitter:data1\" content=\"Pedro Henrique\" \/>\n\t<meta name=\"twitter:label2\" content=\"Est. reading time\" \/>\n\t<meta name=\"twitter:data2\" content=\"7 minutter\" \/>\n<script type=\"application\/ld+json\" class=\"yoast-schema-graph\">{\"@context\":\"https:\/\/schema.org\",\"@graph\":[{\"@type\":\"WebPage\",\"@id\":\"https:\/\/universofamilia.com\/ro\/descubre-como-seras-en-la-vejez\/\",\"url\":\"https:\/\/universofamilia.com\/ro\/descubre-como-seras-en-la-vejez\/\",\"name\":\"Descubre c\u00f3mo ser\u00e1s en la vejez - Universo Fam\u00edlia\",\"isPartOf\":{\"@id\":\"https:\/\/universofamilia.com\/el\/#website\"},\"primaryImageOfPage\":{\"@id\":\"https:\/\/universofamilia.com\/ro\/descubre-como-seras-en-la-vejez\/#primaryimage\"},\"image\":{\"@id\":\"https:\/\/universofamilia.com\/ro\/descubre-como-seras-en-la-vejez\/#primaryimage\"},\"thumbnailUrl\":\"https:\/\/universofamilia.com\/wp-content\/uploads\/sites\/148\/2025\/01\/DESTAQUE-UNIVERSO-550-x-350-3-3.jpg\",\"datePublished\":\"2025-01-29T20:16:42+00:00\",\"dateModified\":\"2025-01-30T18:28:16+00:00\",\"author\":{\"@id\":\"https:\/\/universofamilia.com\/el\/#\/schema\/person\/f07ce98187dd84d31154262e79b3b7ca\"},\"description\":\"Descubre c\u00f3mo ser\u00e1s en la vejez. \u00bfAlguna vez te has preguntado c\u00f3mo ser\u00e1 tu apariencia cuando envejezcas?....\",\"breadcrumb\":{\"@id\":\"https:\/\/universofamilia.com\/ro\/descubre-como-seras-en-la-vejez\/#breadcrumb\"},\"inLanguage\":\"da-DK\",\"potentialAction\":[{\"@type\":\"ReadAction\",\"target\":[\"https:\/\/universofamilia.com\/ro\/descubre-como-seras-en-la-vejez\/\"]}]},{\"@type\":\"ImageObject\",\"inLanguage\":\"da-DK\",\"@id\":\"https:\/\/universofamilia.com\/ro\/descubre-como-seras-en-la-vejez\/#primaryimage\",\"url\":\"https:\/\/universofamilia.com\/wp-content\/uploads\/sites\/148\/2025\/01\/DESTAQUE-UNIVERSO-550-x-350-3-3.jpg\",\"contentUrl\":\"https:\/\/universofamilia.com\/wp-content\/uploads\/sites\/148\/2025\/01\/DESTAQUE-UNIVERSO-550-x-350-3-3.jpg\",\"width\":550,\"height\":350,\"caption\":\"Descubre c\u00f3mo ser\u00e1s en la vejez\"},{\"@type\":\"BreadcrumbList\",\"@id\":\"https:\/\/universofamilia.com\/ro\/descubre-como-seras-en-la-vejez\/#breadcrumb\",\"itemListElement\":[{\"@type\":\"ListItem\",\"position\":1,\"name\":\"Home\",\"item\":\"https:\/\/universofamilia.com\/el\/\"},{\"@type\":\"ListItem\",\"position\":2,\"name\":\"Descubre c\u00f3mo ser\u00e1s en la vejez\"}]},{\"@type\":\"WebSite\",\"@id\":\"https:\/\/universofamilia.com\/el\/#website\",\"url\":\"https:\/\/universofamilia.com\/el\/\",\"name\":\"Universo Fam\u00edlia\",\"description\":\"\",\"potentialAction\":[{\"@type\":\"SearchAction\",\"target\":{\"@type\":\"EntryPoint\",\"urlTemplate\":\"https:\/\/universofamilia.com\/el\/?s={search_term_string}\"},\"query-input\":\"required name=search_term_string\"}],\"inLanguage\":\"da-DK\"},{\"@type\":\"Person\",\"@id\":\"https:\/\/universofamilia.com\/el\/#\/schema\/person\/f07ce98187dd84d31154262e79b3b7ca\",\"name\":\"Pedro Henrique\",\"image\":{\"@type\":\"ImageObject\",\"inLanguage\":\"da-DK\",\"@id\":\"https:\/\/universofamilia.com\/el\/#\/schema\/person\/image\/\",\"url\":\"https:\/\/secure.gravatar.com\/avatar\/9edfeb808cb4e1599f64d6e45b130154?s=96&d=mm&r=g\",\"contentUrl\":\"https:\/\/secure.gravatar.com\/avatar\/9edfeb808cb4e1599f64d6e45b130154?s=96&d=mm&r=g\",\"caption\":\"Pedro Henrique\"},\"url\":\"https:\/\/universofamilia.com\/da\/author\/editor01\/\"}]}<\/script>\n<!-- \/ Yoast SEO plugin. -->","yoast_head_json":{"title":"Descubre c\u00f3mo ser\u00e1s en la vejez - Universo Fam\u00edlia","description":"Descubre c\u00f3mo ser\u00e1s en la vejez. \u00bfAlguna vez te has preguntado c\u00f3mo ser\u00e1 tu apariencia cuando envejezcas?....","robots":{"index":"index","follow":"follow","max-snippet":"max-snippet:-1","max-image-preview":"max-image-preview:large","max-video-preview":"max-video-preview:-1"},"canonical":"https:\/\/universofamilia.com\/da\/descubre-como-seras-en-la-vejez\/","og_locale":"da_DK","og_type":"article","og_title":"Descubre c\u00f3mo ser\u00e1s en la vejez - Universo Fam\u00edlia","og_description":"Descubre c\u00f3mo ser\u00e1s en la vejez. \u00bfAlguna vez te has preguntado c\u00f3mo ser\u00e1 tu apariencia cuando envejezcas?....","og_url":"https:\/\/universofamilia.com\/da\/descubre-como-seras-en-la-vejez\/","og_site_name":"Universo Fam\u00edlia","article_published_time":"2025-01-29T20:16:42+00:00","article_modified_time":"2025-01-30T18:28:16+00:00","og_image":[{"width":550,"height":350,"url":"https:\/\/universofamilia.com\/wp-content\/uploads\/sites\/148\/2025\/01\/DESTAQUE-UNIVERSO-550-x-350-3-3.jpg","type":"image\/jpeg"}],"author":"Pedro Henrique","twitter_card":"summary_large_image","twitter_misc":{"Written by":"Pedro Henrique","Est. reading time":"7 minutter"},"schema":{"@context":"https:\/\/schema.org","@graph":[{"@type":"WebPage","@id":"https:\/\/universofamilia.com\/ro\/descubre-como-seras-en-la-vejez\/","url":"https:\/\/universofamilia.com\/ro\/descubre-como-seras-en-la-vejez\/","name":"Descubre c\u00f3mo ser\u00e1s en la vejez - Universo Fam\u00edlia","isPartOf":{"@id":"https:\/\/universofamilia.com\/el\/#website"},"primaryImageOfPage":{"@id":"https:\/\/universofamilia.com\/ro\/descubre-como-seras-en-la-vejez\/#primaryimage"},"image":{"@id":"https:\/\/universofamilia.com\/ro\/descubre-como-seras-en-la-vejez\/#primaryimage"},"thumbnailUrl":"https:\/\/universofamilia.com\/wp-content\/uploads\/sites\/148\/2025\/01\/DESTAQUE-UNIVERSO-550-x-350-3-3.jpg","datePublished":"2025-01-29T20:16:42+00:00","dateModified":"2025-01-30T18:28:16+00:00","author":{"@id":"https:\/\/universofamilia.com\/el\/#\/schema\/person\/f07ce98187dd84d31154262e79b3b7ca"},"description":"Descubre c\u00f3mo ser\u00e1s en la vejez. \u00bfAlguna vez te has preguntado c\u00f3mo ser\u00e1 tu apariencia cuando envejezcas?....","breadcrumb":{"@id":"https:\/\/universofamilia.com\/ro\/descubre-como-seras-en-la-vejez\/#breadcrumb"},"inLanguage":"da-DK","potentialAction":[{"@type":"ReadAction","target":["https:\/\/universofamilia.com\/ro\/descubre-como-seras-en-la-vejez\/"]}]},{"@type":"ImageObject","inLanguage":"da-DK","@id":"https:\/\/universofamilia.com\/ro\/descubre-como-seras-en-la-vejez\/#primaryimage","url":"https:\/\/universofamilia.com\/wp-content\/uploads\/sites\/148\/2025\/01\/DESTAQUE-UNIVERSO-550-x-350-3-3.jpg","contentUrl":"https:\/\/universofamilia.com\/wp-content\/uploads\/sites\/148\/2025\/01\/DESTAQUE-UNIVERSO-550-x-350-3-3.jpg","width":550,"height":350,"caption":"Descubre c\u00f3mo ser\u00e1s en la vejez"},{"@type":"BreadcrumbList","@id":"https:\/\/universofamilia.com\/ro\/descubre-como-seras-en-la-vejez\/#breadcrumb","itemListElement":[{"@type":"ListItem","position":1,"name":"Home","item":"https:\/\/universofamilia.com\/el\/"},{"@type":"ListItem","position":2,"name":"Descubre c\u00f3mo ser\u00e1s en la vejez"}]},{"@type":"WebSite","@id":"https:\/\/universofamilia.com\/el\/#website","url":"https:\/\/universofamilia.com\/el\/","name":"Universo Fam\u00edlia","description":"","potentialAction":[{"@type":"SearchAction","target":{"@type":"EntryPoint","urlTemplate":"https:\/\/universofamilia.com\/el\/?s={search_term_string}"},"query-input":"required name=search_term_string"}],"inLanguage":"da-DK"},{"@type":"Person","@id":"https:\/\/universofamilia.com\/el\/#\/schema\/person\/f07ce98187dd84d31154262e79b3b7ca","name":"Pedro Henrique","image":{"@type":"ImageObject","inLanguage":"da-DK","@id":"https:\/\/universofamilia.com\/el\/#\/schema\/person\/image\/","url":"https:\/\/secure.gravatar.com\/avatar\/9edfeb808cb4e1599f64d6e45b130154?s=96&d=mm&r=g","contentUrl":"https:\/\/secure.gravatar.com\/avatar\/9edfeb808cb4e1599f64d6e45b130154?s=96&d=mm&r=g","caption":"Pedro Henrique"},"url":"https:\/\/universofamilia.com\/da\/author\/editor01\/"}]}},"_links":{"self":[{"href":"https:\/\/universofamilia.com\/da\/wp-json\/wp\/v2\/posts\/8489"}],"collection":[{"href":"https:\/\/universofamilia.com\/da\/wp-json\/wp\/v2\/posts"}],"about":[{"href":"https:\/\/universofamilia.com\/da\/wp-json\/wp\/v2\/types\/post"}],"author":[{"embeddable":true,"href":"https:\/\/universofamilia.com\/da\/wp-json\/wp\/v2\/users\/139"}],"replies":[{"embeddable":true,"href":"https:\/\/universofamilia.com\/da\/wp-json\/wp\/v2\/comments?post=8489"}],"version-history":[{"count":2,"href":"https:\/\/universofamilia.com\/da\/wp-json\/wp\/v2\/posts\/8489\/revisions"}],"predecessor-version":[{"id":8496,"href":"https:\/\/universofamilia.com\/da\/wp-json\/wp\/v2\/posts\/8489\/revisions\/8496"}],"wp:featuredmedia":[{"embeddable":true,"href":"https:\/\/universofamilia.com\/da\/wp-json\/wp\/v2\/media\/8490"}],"wp:attachment":[{"href":"https:\/\/universofamilia.com\/da\/wp-json\/wp\/v2\/media?parent=8489"}],"wp:term":[{"taxonomy":"category","embeddable":true,"href":"https:\/\/universofamilia.com\/da\/wp-json\/wp\/v2\/categories?post=8489"},{"taxonomy":"post_tag","embeddable":true,"href":"https:\/\/universofamilia.com\/da\/wp-json\/wp\/v2\/tags?post=8489"}],"curies":[{"name":"wp","href":"https:\/\/api.w.org\/{rel}","templated":true}]}}