{"id":8602,"date":"2025-02-07T14:06:09","date_gmt":"2025-02-07T14:06:09","guid":{"rendered":"https:\/\/universofamilia.com\/?p=8602"},"modified":"2025-02-07T15:11:12","modified_gmt":"2025-02-07T15:11:12","slug":"lp-biblia-catolica","status":"publish","type":"post","link":"https:\/\/universofamilia.com\/da\/lp-biblia-catolica\/","title":{"rendered":"Guds ord, hvor og hvorn\u00e5r du vil"},"content":{"rendered":"<h4 class=\"wp-block-heading has-text-align-center\">Hvad leder du efter?<\/h4>\n\n\n    <section class=\"mx-1 my-10\">\n                                                <a href=\"https:\/\/universofamilia.com\/da\/la-aplicacion-mas-completa-de-la-biblia-catolica-conoce-laudate\/\" class=\"text-white\" data-analytics-label=\"optionsButton\"\n                    data-action=\"analytics#trackCTA\">\n                    <div data-options-target=\"option\"\n                        class=\"custom-section rounded-xl border p-3 shadow-md w-full bg-green-700 my-3\">\n                        <div class=\"flex w-full items-center justify-between\">\n                            <div class=\"flex items-center space-x-3\">\n                                <div class=\"text-lg font-bold\">\n                                    Katolsk Bibel \u279d\n                                <\/div>\n                            <\/div>\n                        <\/div>\n                    <\/div>\n                <\/a>\n                                                            <a href=\"https:\/\/universofamilia.com\/da\/biblia-ave-maria\/\" class=\"text-white\" data-analytics-label=\"optionsButton\"\n                    data-action=\"analytics#trackCTA\">\n                    <div data-options-target=\"option\"\n                        class=\"custom-section rounded-xl border p-3 shadow-md w-full bg-green-700 my-3\">\n                        <div class=\"flex w-full items-center justify-between\">\n                            <div class=\"flex items-center space-x-3\">\n                                <div class=\"text-lg font-bold\">\n                                    Hail Mary Bibelen \u279d\n                                <\/div>\n                            <\/div>\n                        <\/div>\n                    <\/div>\n                <\/a>\n                                                            <a href=\"https:\/\/universofamilia.com\/da\/la-aplicacion-de-la-biblia-esencial-para-la-vida\/\" class=\"text-white\" data-analytics-label=\"optionsButton\"\n                    data-action=\"analytics#trackCTA\">\n                    <div data-options-target=\"option\"\n                        class=\"custom-section rounded-xl border p-3 shadow-md w-full bg-green-700 my-3\">\n                        <div class=\"flex w-full items-center justify-between\">\n                            <div class=\"flex items-center space-x-3\">\n                                <div class=\"text-lg font-bold\">\n                                    Katolsk bibelstudie \u279d\n                                <\/div>\n                            <\/div>\n                        <\/div>\n                    <\/div>\n                <\/a>\n                            <p class=\"text-xs text-gray-500 text-right hidden\"\n            style=\"margin-left: 50%; margin-bottom: 50px; margin-top: 5px;\">\n            <!-- You will be redirected to another website -->\n        <\/p>\n    <\/section>\n\n\n\n\n<p class=\"has-text-align-center\">Guds ord inden for alles r\u00e6kkevidde<\/p>\n\n\n\n    <div class=\"d-sm-block py-3 mx-auto px-3 mb-3\"\n        style=\"border-top: 1px solid rgb(204, 204, 204); border-bottom: 1px solid rgb(204, 204, 204);\">\n        <div class=\"text-center mb-4\">\n            <h6 class=\"pt-3 text-center text-gray-900 text-2xl title-font font-medium mb-12\">De bedste katolske bibelapps<\/h6>\n        <\/div>\n        <div class=\"row\">\n            <div class=\"col-lg-5 col-md-5 col-sm-12 mb-4 mb-lg-0\">\n                <img decoding=\"async\" alt=\"kort\" style=\"height: 190px; object-fit: cover;\"\n                    class=\"w-100 h-100 object-cover object-center rounded border\" src=\"http:\/\/universofamilia.com\/wp-content\/uploads\/sites\/148\/2025\/02\/POST-PARA-APP-ARTIGO-1-1.jpg\">\n            <\/div>\n            <div class=\"col-lg-7 col-md-7 col-sm-12 d-flex flex-column justify-content-between\">\n                <h3 class=\"text-gray-900 text-3xl title-font font-medium mb-1\"><\/h3>\n\n                                <div class=\"d-block text-justify py-3\">F\u00e5 adgang til Guds ord n\u00e5r som helst og hvor som helst med den bedste katolske bibel-app. Med muligheder for at l\u00e6se og lytte til Bibelen letter dette v\u00e6rkt\u00f8j din forbindelse med Gud gennem daglige bibelpassager, \u00e5ndelige refleksioner og l\u00e6seplaner.<\/div>\n                <div class=\"mt-auto d-flex flex-column align-items-end\">\n                    <a class=\"d-inline-block text-center text-white border-0 py-2 px-8 text-lg focus:outline-none rounded bg-green-700 hover:bg-green-800 btn-block\"\n                        href=\"https:\/\/universofamilia.com\/da\/aplicaciones-para-leer-y-escuchar-la-biblia-catolica\/\"                         data-analytics-label=\"landingPageFirstButton\" data-action=\"analytics#trackCTA\">\n                        JEG VIL VIDE MERE                    <\/a>\n                                            <div class=\"text-xs text-muted mt-3 d-block col-12 text-center\">Du vil blive p\u00e5 samme sted<\/div>\n                                    <\/div>\n            <\/div>\n        <\/div>\n    <\/div>\n\n\n\n<p>At s\u00f8ge en sand forbindelse med Gud har altid v\u00e6ret en del af de troendes liv.<\/p>\n\n\n\n<p>Hvad enten det er gennem b\u00f8n, katekese eller refleksion over Kristi l\u00e6re, er Den Hellige Bibel fundamentet for katolsk spiritualitet.<\/p>\n\n\n\n<p>I dag, med teknologiens fremskridt, har det aldrig v\u00e6ret nemmere at bringe Guds ord og lade det oplyse vores daglige liv.<\/p>\n\n\n\n<p>At l\u00e6se den katolske bibel online eller lytte til den via apps er en moderne m\u00e5de at f\u00e5 kontakt med Gud p\u00e5, selv midt i de daglige aktiviteter.<\/p>\n\n\n\n<p>Den katolske bibel online giver troende mulighed for at uddybe deres studier, dele bibelpassager og styrke deres tro n\u00e5r som helst uden at v\u00e6re afh\u00e6ngige af en fysisk bog.<\/p>\n\n\n\n<h2 class=\"wp-block-heading\">Mirakler i den katolske kirke \u2013 Tro der forvandler liv<\/h2>\n\n\n\n<p>Den katolske kirkes historie er pr\u00e6get af mirakler og trosvidnesbyrd.<\/p>\n\n\n\n<p>Siden kristendommens begyndelse har historier om uforklarlige helbredelser, marianske \u00e5benbaringer og guddommelige forb\u00f8nner styrket millioner af troendes tro.<\/p>\n\n\n\n<p>Tilf\u00e6lde som Lanciano-mirakelet, hvor konsekrerede hostier blev forvandlet til synligt k\u00f8d og blod, forst\u00e6rker Kristi virkelige tilstedev\u00e6relse i eukaristien.<\/p>\n\n\n\n<p>Disse begivenheder viser, at den katolske tro lever i bedste velg\u00e5ende og forbinder menneskeheden med det guddommelige.<\/p>\n\n\n\n<p>Mange af disse historier findes i den katolske bibel og giver v\u00e6rdifuld l\u00e6rdom til de troende.<\/p>\n\n\n\n<p>Daglig bibell\u00e6sning styrker troen p\u00e5 disse mirakler og giver enhver kristen mulighed for bedre at forst\u00e5 guddommelig handling i verden.<\/p>\n\n\n\n<h2 class=\"wp-block-heading\">Teknologi og tro \u2013 S\u00e5dan kommer du t\u00e6ttere p\u00e5 Gud hver dag<\/h2>\n\n\n\n<p>Teknologi har v\u00e6ret en stor allieret i evangelisering.<\/p>\n\n\n\n<p>I dag er det muligt at se livemesser, l\u00e6re om katolsk l\u00e6re p\u00e5 digitale platforme og selvf\u00f8lgelig f\u00e5 adgang til De Hellige Skrifter med blot et par tryk.<\/p>\n\n\n\n<p>Katolske bibelapps giver dig ikke kun mulighed for at l\u00e6se, men ogs\u00e5 at lytte til Guds ord, hvilket g\u00f8r dem ideelle for dem, der \u00f8nsker at uddybe deres tro, selv i deres daglige rutine.<\/p>\n\n\n\n<p>Teknologiske fremskridt g\u00f8r det muligt for troende at lytte til den katolske bibel, mens de udf\u00f8rer andre aktiviteter, s\u00e5som at k\u00f8re bil, g\u00e5 eller endda under b\u00f8n.<\/p>\n\n\n\n<p>Med dette styrkes digital evangelisering, hvilket bringer evangeliet til flere mennesker rundt om i verden.<\/p>\n\n\n\n<h2 class=\"wp-block-heading\">Digital katekese \u2013 L\u00e6r og styrk din tro, uanset hvor du er<\/h2>\n\n\n\n<p>Katekese er afg\u00f8rende for kristen dannelse, da den l\u00e6rer om troens grundl\u00e6ggende principper.<\/p>\n\n\n\n<p>Fra barndommen til voksenalderen forbereder katekesen de troende p\u00e5 sakramenterne og p\u00e5 et liv centreret omkring Kristi l\u00e6re.<\/p>\n\n\n\n<p>Med teknologi findes der forskellige muligheder for materialer og onlinekurser, der fremmer denne l\u00e6ring, s\u00e5 flere mennesker kan f\u00e5 en dybere forst\u00e5else af deres religion.<\/p>\n\n\n\n<p>Online bibelstudier og katekismus-apps har v\u00e6ret v\u00e6rdifulde v\u00e6rkt\u00f8jer for dem, der \u00f8nsker at uddybe deres viden om Bibelen.<\/p>\n\n\n\n<p>De tilbyder ressourcer s\u00e5som daglige refleksioner, forklarede passager og interaktivt indhold, der kan hj\u00e6lpe med l\u00e6ringen.<\/p>\n\n\n\n<h2 class=\"wp-block-heading\">Troens mysterier \u2013 Dybe l\u00e6rdomme for dit liv<\/h2>\n\n\n\n<p>Den katolske tro er rig p\u00e5 mysterier, lige fra sakramenterne til de dybeste dogmer, s\u00e5som Den Hellige Treenighed og Kristi virkelige n\u00e6rv\u00e6r i nadveren.<\/p>\n\n\n\n<p>Mange af disse mysterier studeres gennem hele det kristne liv, styrket gennem b\u00f8n og bibell\u00e6sning.<\/p>\n\n\n\n<p>Studiet af den katolske bibel afsl\u00f8rer hemmelighederne bag rosenkransens mysterier og l\u00e6rer de troende at leve i overensstemmelse med Kristi l\u00e6re.<\/p>\n\n\n\n<p>Troens mysterier er en invitation til ethvert menneske til at uddybe sit forhold til Gud og forst\u00e5 sin mission som kristne.<\/p>\n\n\n\n<h2 class=\"wp-block-heading\">Kirkens hellige \u2013 eksempler p\u00e5 tro til din rejse<\/h2>\n\n\n\n<p>Den katolske kirke har en omfattende liste over kanoniserede helgener, m\u00e6nd og kvinder, der levede i fuld tro og tjente som eksempler p\u00e5 k\u00e6rlighed til Gud.<\/p>\n\n\n\n<p>Navne som Sankt Frans af Assisi, Sankt Therese af Jesusbarnet og Sankt Antonius af Padua \u00e6res for deres dedikation til evangeliet og den positive indflydelse, de havde p\u00e5 menneskeheden.<\/p>\n\n\n\n<p>Disse helgener inspirerer os til at s\u00f8ge et dybere forhold til Gud og til at stole p\u00e5 guddommelig forb\u00f8n.<\/p>\n\n\n\n<p>At bede ud fra Bibelen og l\u00e6re helgenernes historier er m\u00e5der at styrke vores tro og f\u00f8lge de eksempler, de efterlod sig.<\/p>\n\n\n\n<p>Mange troende finder i at l\u00e6se Skrifterne en m\u00e5de at hente inspiration fra de helliges liv og anvende deres l\u00e6re i deres daglige liv.<\/p>\n\n\n\n<h2 class=\"wp-block-heading\">Bibelens historie \u2013 Hvordan Guds ord n\u00e5ede os<\/h2>\n\n\n\n<p>Den Hellige Bibel er den mest l\u00e6ste og studerede bog i verden. Den katolske Bibel best\u00e5r af 73 b\u00f8ger og blev skrevet over \u00e5rhundreder af forskellige forfattere inspireret af Hellig\u00e5nden.<\/p>\n\n\n\n<p>Siden dannelsen af<\/p>\n\n\n\n<p>Fra Det Gamle Testamente til Kirkens organisering af Det Nye Testamente afspejler dets historie Guds folks rejse og \u00e5benbaringen af Hans vilje for menneskeheden.<\/p>\n\n\n\n<p>Bibelens skabelse er en milep\u00e6l i den kristne tro, og forst\u00e5elsen af dens historie hj\u00e6lper os med bedre at tilegne os dens l\u00e6re.<\/p>\n\n\n\n<p>Ved hj\u00e6lp af teknologi er det nu muligt at studere dens oprindelse gennem apps og online bibelstudier.<\/p>\n\n\n\n<h2 class=\"wp-block-heading\">Hvad siger Bibelen om Guds ord i vores dagligdag?<\/h2>\n\n\n\n<p>Guds ord er ikke bare en gammel tekst, men en vejledning til livet. I hvert vers finder vi vejledning, tr\u00f8st og visdom til vores daglige udfordringer.<\/p>\n\n\n\n<p>Med Bibelen lige ved h\u00e5nden kan vi finde svar p\u00e5 vores sp\u00f8rgsm\u00e5l og styrke vores \u00e5ndelighed.<\/p>\n\n\n\n<p>Daglige bibelpassager hj\u00e6lper troende med at reflektere over guddommelige l\u00e6rdomme og anvende dem i deres daglige rutiner.<\/p>\n\n\n\n<p>At l\u00e6se Bibelen er en vej til at finde fred, \u00e5ndelig balance og styrke f\u00e6llesskabet med Gud.<\/p>\n\n\n\n<h2 class=\"wp-block-heading\">Hvordan det at l\u00e6se og lytte til den katolske bibel kan forandre dit liv<\/h2>\n\n\n\n<p>At l\u00e6se og lytte til Bibelen forvandler liv. For dem, der \u00f8nsker at uddybe deres spiritualitet, kan en katolsk bibel-app v\u00e6re det ideelle v\u00e6rkt\u00f8j.<\/p>\n\n\n\n<p>Med opl\u00e6ste versioner, l\u00e6seplaner og daglige refleksioner g\u00f8r disse apps det nemt at f\u00e5 kontakt med Guds ord n\u00e5r som helst og hvor som helst.<\/p>\n\n\n\n<p>Digital evangelisering giver enhver troende adgang til Skrifterne i forskellige formater, hvad enten det er gennem daglig bibell\u00e6sning eller at lytte til lydpassager fra evangeliet.<\/p>\n\n\n\n<h2 class=\"wp-block-heading\">Opdag den bedste katolske bibelapp \u2013 gratis og komplet<\/h2>\n\n\n\n<p>Hvis du vil f\u00f8le Guds n\u00e6rv\u00e6r t\u00e6ttere p\u00e5 dig, s\u00e5 pr\u00f8v en katolsk bibel-app i dag og lad din tro vokse sig st\u00e6rkere hver dag.<\/p>\n\n\n\n<p>Bibel-apps er en moderne m\u00e5de at f\u00e5 kontakt med Gud p\u00e5 og g\u00f8re spiritualitet mere tilg\u00e6ngelig for alle.<\/p>","protected":false},"excerpt":{"rendered":"<p>\u00bfQu\u00e9 est\u00e1s buscando? La Palabra de Dios al Alcance de Todos Buscar una conexi\u00f3n verdadera con Dios siempre ha sido parte de la vida de los fieles. Ya sea a trav\u00e9s de la oraci\u00f3n, la catequesis o la reflexi\u00f3n sobre las ense\u00f1anzas de Cristo, la Biblia Sagrada es el fundamento de la espiritualidad cat\u00f3lica. Hoy, [&hellip;]<\/p>","protected":false},"author":139,"featured_media":8608,"comment_status":"closed","ping_status":"open","sticky":false,"template":"","format":"standard","meta":{"footnotes":""},"categories":[2],"tags":[1814,1813,1815,1816,1817],"yoast_head":"<!-- This site is optimized with the Yoast SEO plugin v23.3 - https:\/\/yoast.com\/wordpress\/plugins\/seo\/ -->\n<title>La Palabra de Dios Donde y Cuando Quieras - Universo Fam\u00edlia<\/title>\n<meta name=\"description\" content=\"La Palabra de Dios Donde y Cuando Quieras.\" \/>\n<meta name=\"robots\" content=\"index, follow, max-snippet:-1, max-image-preview:large, max-video-preview:-1\" \/>\n<link rel=\"canonical\" href=\"https:\/\/universofamilia.com\/da\/lp-biblia-catolica\/\" \/>\n<meta property=\"og:locale\" content=\"da_DK\" \/>\n<meta property=\"og:type\" content=\"article\" \/>\n<meta property=\"og:title\" content=\"La Palabra de Dios Donde y Cuando Quieras - Universo Fam\u00edlia\" \/>\n<meta property=\"og:description\" content=\"La Palabra de Dios Donde y Cuando Quieras.\" \/>\n<meta property=\"og:url\" content=\"https:\/\/universofamilia.com\/da\/lp-biblia-catolica\/\" \/>\n<meta property=\"og:site_name\" content=\"Universo Fam\u00edlia\" \/>\n<meta property=\"article:published_time\" content=\"2025-02-07T14:06:09+00:00\" \/>\n<meta property=\"article:modified_time\" content=\"2025-02-07T15:11:12+00:00\" \/>\n<meta property=\"og:image\" content=\"https:\/\/universofamilia.com\/wp-content\/uploads\/sites\/148\/2025\/02\/POST-PARA-APP-ARTIGO-1-1.jpg\" \/>\n\t<meta property=\"og:image:width\" content=\"1080\" \/>\n\t<meta property=\"og:image:height\" content=\"1080\" \/>\n\t<meta property=\"og:image:type\" content=\"image\/jpeg\" \/>\n<meta name=\"author\" content=\"Pedro Henrique\" \/>\n<meta name=\"twitter:card\" content=\"summary_large_image\" \/>\n<meta name=\"twitter:label1\" content=\"Written by\" \/>\n\t<meta name=\"twitter:data1\" content=\"Pedro Henrique\" \/>\n\t<meta name=\"twitter:label2\" content=\"Est. reading time\" \/>\n\t<meta name=\"twitter:data2\" content=\"7 minutter\" \/>\n<script type=\"application\/ld+json\" class=\"yoast-schema-graph\">{\"@context\":\"https:\/\/schema.org\",\"@graph\":[{\"@type\":\"WebPage\",\"@id\":\"https:\/\/universofamilia.com\/lp-biblia-catolica\/\",\"url\":\"https:\/\/universofamilia.com\/lp-biblia-catolica\/\",\"name\":\"La Palabra de Dios Donde y Cuando Quieras - Universo Fam\u00edlia\",\"isPartOf\":{\"@id\":\"https:\/\/universofamilia.com\/el\/#website\"},\"primaryImageOfPage\":{\"@id\":\"https:\/\/universofamilia.com\/lp-biblia-catolica\/#primaryimage\"},\"image\":{\"@id\":\"https:\/\/universofamilia.com\/lp-biblia-catolica\/#primaryimage\"},\"thumbnailUrl\":\"https:\/\/universofamilia.com\/wp-content\/uploads\/sites\/148\/2025\/02\/POST-PARA-APP-ARTIGO-1-1.jpg\",\"datePublished\":\"2025-02-07T14:06:09+00:00\",\"dateModified\":\"2025-02-07T15:11:12+00:00\",\"author\":{\"@id\":\"https:\/\/universofamilia.com\/el\/#\/schema\/person\/f07ce98187dd84d31154262e79b3b7ca\"},\"description\":\"La Palabra de Dios Donde y Cuando Quieras.\",\"breadcrumb\":{\"@id\":\"https:\/\/universofamilia.com\/lp-biblia-catolica\/#breadcrumb\"},\"inLanguage\":\"da-DK\",\"potentialAction\":[{\"@type\":\"ReadAction\",\"target\":[\"https:\/\/universofamilia.com\/lp-biblia-catolica\/\"]}]},{\"@type\":\"ImageObject\",\"inLanguage\":\"da-DK\",\"@id\":\"https:\/\/universofamilia.com\/lp-biblia-catolica\/#primaryimage\",\"url\":\"https:\/\/universofamilia.com\/wp-content\/uploads\/sites\/148\/2025\/02\/POST-PARA-APP-ARTIGO-1-1.jpg\",\"contentUrl\":\"https:\/\/universofamilia.com\/wp-content\/uploads\/sites\/148\/2025\/02\/POST-PARA-APP-ARTIGO-1-1.jpg\",\"width\":1080,\"height\":1080,\"caption\":\"La Palabra de Dios Donde y Cuando Quieras\"},{\"@type\":\"BreadcrumbList\",\"@id\":\"https:\/\/universofamilia.com\/lp-biblia-catolica\/#breadcrumb\",\"itemListElement\":[{\"@type\":\"ListItem\",\"position\":1,\"name\":\"Home\",\"item\":\"https:\/\/universofamilia.com\/el\/\"},{\"@type\":\"ListItem\",\"position\":2,\"name\":\"La Palabra de Dios Donde y Cuando Quieras\"}]},{\"@type\":\"WebSite\",\"@id\":\"https:\/\/universofamilia.com\/el\/#website\",\"url\":\"https:\/\/universofamilia.com\/el\/\",\"name\":\"Universo Fam\u00edlia\",\"description\":\"\",\"potentialAction\":[{\"@type\":\"SearchAction\",\"target\":{\"@type\":\"EntryPoint\",\"urlTemplate\":\"https:\/\/universofamilia.com\/el\/?s={search_term_string}\"},\"query-input\":\"required name=search_term_string\"}],\"inLanguage\":\"da-DK\"},{\"@type\":\"Person\",\"@id\":\"https:\/\/universofamilia.com\/el\/#\/schema\/person\/f07ce98187dd84d31154262e79b3b7ca\",\"name\":\"Pedro Henrique\",\"image\":{\"@type\":\"ImageObject\",\"inLanguage\":\"da-DK\",\"@id\":\"https:\/\/universofamilia.com\/el\/#\/schema\/person\/image\/\",\"url\":\"https:\/\/secure.gravatar.com\/avatar\/9edfeb808cb4e1599f64d6e45b130154?s=96&d=mm&r=g\",\"contentUrl\":\"https:\/\/secure.gravatar.com\/avatar\/9edfeb808cb4e1599f64d6e45b130154?s=96&d=mm&r=g\",\"caption\":\"Pedro Henrique\"},\"url\":\"https:\/\/universofamilia.com\/da\/author\/editor01\/\"}]}<\/script>\n<!-- \/ Yoast SEO plugin. -->","yoast_head_json":{"title":"La Palabra de Dios Donde y Cuando Quieras - Universo Fam\u00edlia","description":"La Palabra de Dios Donde y Cuando Quieras.","robots":{"index":"index","follow":"follow","max-snippet":"max-snippet:-1","max-image-preview":"max-image-preview:large","max-video-preview":"max-video-preview:-1"},"canonical":"https:\/\/universofamilia.com\/da\/lp-biblia-catolica\/","og_locale":"da_DK","og_type":"article","og_title":"La Palabra de Dios Donde y Cuando Quieras - Universo Fam\u00edlia","og_description":"La Palabra de Dios Donde y Cuando Quieras.","og_url":"https:\/\/universofamilia.com\/da\/lp-biblia-catolica\/","og_site_name":"Universo Fam\u00edlia","article_published_time":"2025-02-07T14:06:09+00:00","article_modified_time":"2025-02-07T15:11:12+00:00","og_image":[{"width":1080,"height":1080,"url":"https:\/\/universofamilia.com\/wp-content\/uploads\/sites\/148\/2025\/02\/POST-PARA-APP-ARTIGO-1-1.jpg","type":"image\/jpeg"}],"author":"Pedro Henrique","twitter_card":"summary_large_image","twitter_misc":{"Written by":"Pedro Henrique","Est. reading time":"7 minutter"},"schema":{"@context":"https:\/\/schema.org","@graph":[{"@type":"WebPage","@id":"https:\/\/universofamilia.com\/lp-biblia-catolica\/","url":"https:\/\/universofamilia.com\/lp-biblia-catolica\/","name":"La Palabra de Dios Donde y Cuando Quieras - Universo Fam\u00edlia","isPartOf":{"@id":"https:\/\/universofamilia.com\/el\/#website"},"primaryImageOfPage":{"@id":"https:\/\/universofamilia.com\/lp-biblia-catolica\/#primaryimage"},"image":{"@id":"https:\/\/universofamilia.com\/lp-biblia-catolica\/#primaryimage"},"thumbnailUrl":"https:\/\/universofamilia.com\/wp-content\/uploads\/sites\/148\/2025\/02\/POST-PARA-APP-ARTIGO-1-1.jpg","datePublished":"2025-02-07T14:06:09+00:00","dateModified":"2025-02-07T15:11:12+00:00","author":{"@id":"https:\/\/universofamilia.com\/el\/#\/schema\/person\/f07ce98187dd84d31154262e79b3b7ca"},"description":"La Palabra de Dios Donde y Cuando Quieras.","breadcrumb":{"@id":"https:\/\/universofamilia.com\/lp-biblia-catolica\/#breadcrumb"},"inLanguage":"da-DK","potentialAction":[{"@type":"ReadAction","target":["https:\/\/universofamilia.com\/lp-biblia-catolica\/"]}]},{"@type":"ImageObject","inLanguage":"da-DK","@id":"https:\/\/universofamilia.com\/lp-biblia-catolica\/#primaryimage","url":"https:\/\/universofamilia.com\/wp-content\/uploads\/sites\/148\/2025\/02\/POST-PARA-APP-ARTIGO-1-1.jpg","contentUrl":"https:\/\/universofamilia.com\/wp-content\/uploads\/sites\/148\/2025\/02\/POST-PARA-APP-ARTIGO-1-1.jpg","width":1080,"height":1080,"caption":"La Palabra de Dios Donde y Cuando Quieras"},{"@type":"BreadcrumbList","@id":"https:\/\/universofamilia.com\/lp-biblia-catolica\/#breadcrumb","itemListElement":[{"@type":"ListItem","position":1,"name":"Home","item":"https:\/\/universofamilia.com\/el\/"},{"@type":"ListItem","position":2,"name":"La Palabra de Dios Donde y Cuando Quieras"}]},{"@type":"WebSite","@id":"https:\/\/universofamilia.com\/el\/#website","url":"https:\/\/universofamilia.com\/el\/","name":"Universo Fam\u00edlia","description":"","potentialAction":[{"@type":"SearchAction","target":{"@type":"EntryPoint","urlTemplate":"https:\/\/universofamilia.com\/el\/?s={search_term_string}"},"query-input":"required name=search_term_string"}],"inLanguage":"da-DK"},{"@type":"Person","@id":"https:\/\/universofamilia.com\/el\/#\/schema\/person\/f07ce98187dd84d31154262e79b3b7ca","name":"Pedro Henrique","image":{"@type":"ImageObject","inLanguage":"da-DK","@id":"https:\/\/universofamilia.com\/el\/#\/schema\/person\/image\/","url":"https:\/\/secure.gravatar.com\/avatar\/9edfeb808cb4e1599f64d6e45b130154?s=96&d=mm&r=g","contentUrl":"https:\/\/secure.gravatar.com\/avatar\/9edfeb808cb4e1599f64d6e45b130154?s=96&d=mm&r=g","caption":"Pedro Henrique"},"url":"https:\/\/universofamilia.com\/da\/author\/editor01\/"}]}},"_links":{"self":[{"href":"https:\/\/universofamilia.com\/da\/wp-json\/wp\/v2\/posts\/8602"}],"collection":[{"href":"https:\/\/universofamilia.com\/da\/wp-json\/wp\/v2\/posts"}],"about":[{"href":"https:\/\/universofamilia.com\/da\/wp-json\/wp\/v2\/types\/post"}],"author":[{"embeddable":true,"href":"https:\/\/universofamilia.com\/da\/wp-json\/wp\/v2\/users\/139"}],"replies":[{"embeddable":true,"href":"https:\/\/universofamilia.com\/da\/wp-json\/wp\/v2\/comments?post=8602"}],"version-history":[{"count":4,"href":"https:\/\/universofamilia.com\/da\/wp-json\/wp\/v2\/posts\/8602\/revisions"}],"predecessor-version":[{"id":9127,"href":"https:\/\/universofamilia.com\/da\/wp-json\/wp\/v2\/posts\/8602\/revisions\/9127"}],"wp:featuredmedia":[{"embeddable":true,"href":"https:\/\/universofamilia.com\/da\/wp-json\/wp\/v2\/media\/8608"}],"wp:attachment":[{"href":"https:\/\/universofamilia.com\/da\/wp-json\/wp\/v2\/media?parent=8602"}],"wp:term":[{"taxonomy":"category","embeddable":true,"href":"https:\/\/universofamilia.com\/da\/wp-json\/wp\/v2\/categories?post=8602"},{"taxonomy":"post_tag","embeddable":true,"href":"https:\/\/universofamilia.com\/da\/wp-json\/wp\/v2\/tags?post=8602"}],"curies":[{"name":"wp","href":"https:\/\/api.w.org\/{rel}","templated":true}]}}