{"id":9758,"date":"2025-10-01T01:42:22","date_gmt":"2025-10-01T04:42:22","guid":{"rendered":"https:\/\/universofamilia.com\/?p=9758"},"modified":"2025-10-11T17:08:04","modified_gmt":"2025-10-11T20:08:04","slug":"inteligencia-artificial-y-politica","status":"publish","type":"post","link":"https:\/\/universofamilia.com\/da\/inteligencia-artificial-y-politica\/","title":{"rendered":"Kunstig intelligens og politik"},"content":{"rendered":"<p class=\"has-text-align-center\"><strong>Kunstig intelligens og politik:<\/strong> Det er et emne, der ikke l\u00e6ngere kun er forbeholdt akademiske konferencer eller tekniske debatter; i dag gennemsyrer det love, offentlige beslutninger og endda global geopolitik.<\/p>\n\n\n<div class=\"wp-block-image\">\n<figure class=\"aligncenter size-full\"><img loading=\"lazy\" decoding=\"async\" width=\"550\" height=\"350\" src=\"https:\/\/universofamilia.com\/wp-content\/uploads\/sites\/148\/2025\/10\/DESTAQUE-UNIVERSO-550-x-350.jpg\" alt=\"\" class=\"wp-image-9759\" srcset=\"https:\/\/universofamilia.com\/wp-content\/uploads\/sites\/148\/2025\/10\/DESTAQUE-UNIVERSO-550-x-350.jpg 550w, https:\/\/universofamilia.com\/wp-content\/uploads\/sites\/148\/2025\/10\/DESTAQUE-UNIVERSO-550-x-350-300x191.jpg 300w, https:\/\/universofamilia.com\/wp-content\/uploads\/sites\/148\/2025\/10\/DESTAQUE-UNIVERSO-550-x-350-18x12.jpg 18w\" sizes=\"(max-width: 550px) 100vw, 550px\" \/><figcaption class=\"wp-element-caption\">Canva<\/figcaption><\/figure><\/div>\n\n\n<p>I 2025 st\u00e5r regeringer over for udfordringen med at finde balancen mellem innovation og beskyttelse af borgernes rettigheder, og hver region anvender forskellige strategier.<\/p>\n\n\n\n<p>I denne artikel finder du en komplet oversigt:<\/p>\n\n\n\n<ul>\n<li>Hvordan de mest indflydelsesrige lande regulerer AI.<\/li>\n\n\n\n<li>De vigtigste forskelle mellem Europa, USA, Kina og Latinamerika.<\/li>\n\n\n\n<li>Hvilke risici og muligheder diskuteres omkring teknologi.<\/li>\n\n\n\n<li>Eksempler p\u00e5 anvendelse af regler i praksis.<\/li>\n\n\n\n<li>Ofte stillede sp\u00f8rgsm\u00e5l for at afklare almindelige tvivlssp\u00f8rgsm\u00e5l.<\/li>\n<\/ul>\n\n\n\n<h2 class=\"wp-block-heading\">Det haster med klare regler i den digitale tidsalder<\/h2>\n\n\n\n<p>Kunstig intelligens er ikke l\u00e6ngere et laboratorieeksperiment. Den er til stede i medicinske diagnoser, domstole, finansmarkeder og endda politiske kampagner.<\/p>\n\n\n\n<p>Den hastighed, hvormed teknologien udvikler sig, skaber et dilemma: hvordan kan man forhindre misbrug uden at bremse fremskridtet?<\/p>\n\n\n\n<p>Regeringens svar har v\u00e6ret at fremme lovgivningsm\u00e6ssige rammer. I 2025, <strong>Den Europ\u00e6iske Unions AI-forordning<\/strong> Det betragtes som den mest ambiti\u00f8se regulering i verden. <\/p>\n\n\n\n<p>Den klassificerer AI-systemer i risikoniveauer, fra applikationer med lav effekt til dem, der p\u00e5virker grundl\u00e6ggende rettigheder, s\u00e5som masseoverv\u00e5gning.<\/p>\n\n\n\n<p>If\u00f8lge Europa-Kommissionen er m\u00e5let at &quot;garantere sikkerhed, gennemsigtighed og respekt for demokratiske v\u00e6rdier&quot;.<\/p>\n\n\n\n<h2 class=\"wp-block-heading\">USA: Innovation og fragmenteret kontrol<\/h2>\n\n\n\n<p>Den amerikanske tilgang er mindre centraliseret. I stedet for en national lov vedtager agenturer og stater specifikke retningslinjer.<\/p>\n\n\n\n<p>Det Hvide Hus offentliggjorde i 2022 <strong>Plan for en AI-rettighedserkl\u00e6ring<\/strong>, en etisk ramme, der vejleder udviklere og virksomheder. Selvom den ikke er bindende, \u00e5bnede den debatten om digitale rettigheder, algoritmisk diskrimination og privatliv.<\/p>\n\n\n\n<p>Konkret eksempel: Californien presser p\u00e5 for at regulere brugen af kunstig intelligens i ans\u00e6ttelser og kr\u00e6ver, at virksomhederne demonstrerer, at deres algoritmer ikke skaber racem\u00e6ssig eller k\u00f8nsm\u00e6ssig bias.<\/p>\n\n\n\n<p>Denne type foranstaltninger afspejler den amerikanske tendens: at beskytte forbrugerne uden at kv\u00e6le konkurrenceevnen i dets teknologiske \u00f8kosystem.<\/p>\n\n\n\n<h2 class=\"wp-block-heading\">Kina: Statskontrol og teknologisk ambition<\/h2>\n\n\n\n<p>I mods\u00e6tning hertil integrerer Kina kunstig intelligens i sin statsstrategi. Siden 2021 har landet reguleret anbefalingsalgoritmer p\u00e5 digitale platforme, og i 2023 implementerede det strenge regler for generative AI-systemer.<\/p>\n\n\n\n<p>I 2025 g\u00e5r regeringen videre med regler, der begr\u00e6nser formidlingen af information, der anses for at v\u00e6re skadelig for &quot;national sikkerhed&quot;.<\/p>\n\n\n\n<p>I stedet for at begr\u00e6nse innovation s\u00f8ger Beijing at bruge AI som et redskab til \u00f8konomisk og social magt. Derfor kombinerer landets lovgivning promovering af lokale startups med streng kontrol af digitalt indhold og personoplysninger.<\/p>\n\n\n\n<h2 class=\"wp-block-heading\">Latinamerika: indledende skridt og kommende udfordringer<\/h2>\n\n\n\n<p>Regionen er stadig i sin vorden. Brasilien diskuterer en <strong>Juridisk ramme for kunstig intelligens<\/strong>delvist inspireret af den europ\u00e6iske model.<\/p>\n\n\n\n<p>Mexico har p\u00e5 sin side oprettet ekspertgrupper til at vurdere etiske og juridiske risici, selvom landet endnu ikke har vedtaget en omfattende lov.<\/p>\n\n\n\n<p>Udfordringerne er mange: mangel p\u00e5 ressourcer, mangel p\u00e5 infrastruktur og behovet for at beskytte s\u00e5rbare befolkningsgrupper.<\/p>\n\n\n\n<p>Alligevel er der en voksende interesse i at tilpasse offentlige politikker til internationale standarder for at undg\u00e5 at sakke bagud inden for innovation.<\/p>\n\n\n\n<h2 class=\"wp-block-heading\">Sammenlignende tabel: AI-regler rundt om i verden<\/h2>\n\n\n\n<figure class=\"wp-block-table\"><table><thead><tr><th>Region \/ Land<\/th><th>Reguleringsm\u00e6ssig tilgang<\/th><th>N\u00f8gle\u00e5r<\/th><th>Hovedtr\u00e6k<\/th><\/tr><\/thead><tbody><tr><td>Den Europ\u00e6iske Union<\/td><td>Bindende forordning<\/td><td>2024-2025<\/td><td>Risikoklassificering, gennemsigtighed, strenge sanktioner<\/td><\/tr><tr><td>USA<\/td><td>Statslige retningslinjer og regler<\/td><td>2022-2025<\/td><td>Fragmenteret, rettighedsbaseret, ingen enkelt lov<\/td><\/tr><tr><td>Kina<\/td><td>Streng statslig regulering<\/td><td>2021-2025<\/td><td>Kontrol over indhold, data og algoritmer<\/td><\/tr><tr><td>Latinamerika<\/td><td>Indledende initiativer<\/td><td>2023-2025<\/td><td>Inspireret af EU, stadig under diskussion<\/td><\/tr><\/tbody><\/table><figcaption class=\"wp-element-caption\">Kunstig intelligens og politik: hvordan regeringer regulerer AI i verden<\/figcaption><\/figure>\n\n\n\n<h2 class=\"wp-block-heading\">En kendsgerning, der pr\u00e6ger diskussionen<\/h2>\n\n\n\n<p>If\u00f8lge rapporten <strong>\u201cAI-indeks 2024\u201d fra Stanford University<\/strong>, mere end <strong>70% fra FN&#039;s medlemslande<\/strong> allerede havde iv\u00e6rksat lovgivningsprocesser eller reguleringsm\u00e6ssige retningslinjer for AI f\u00f8r 2025.<\/p>\n\n\n\n<p>Disse data afsl\u00f8rer, at samtalen ikke l\u00e6ngere handler om fremtiden: det er et \u00f8jeblikkeligt behov for regeringer p\u00e5 alle niveauer.<\/p>\n\n\n<div class=\"wp-block-image\">\n<figure class=\"aligncenter size-full\"><img loading=\"lazy\" decoding=\"async\" width=\"550\" height=\"350\" src=\"https:\/\/universofamilia.com\/wp-content\/uploads\/sites\/148\/2025\/10\/DESTAQUE-SITE-MUNDOSAPPS-16-1.jpg\" alt=\"\" class=\"wp-image-9761\" srcset=\"https:\/\/universofamilia.com\/wp-content\/uploads\/sites\/148\/2025\/10\/DESTAQUE-SITE-MUNDOSAPPS-16-1.jpg 550w, https:\/\/universofamilia.com\/wp-content\/uploads\/sites\/148\/2025\/10\/DESTAQUE-SITE-MUNDOSAPPS-16-1-300x191.jpg 300w, https:\/\/universofamilia.com\/wp-content\/uploads\/sites\/148\/2025\/10\/DESTAQUE-SITE-MUNDOSAPPS-16-1-18x12.jpg 18w\" sizes=\"(max-width: 550px) 100vw, 550px\" \/><figcaption class=\"wp-element-caption\">Canva<\/figcaption><\/figure><\/div>\n\n\n<p>L\u00e6s mere:&nbsp;<a href=\"https:\/\/universofamilia.com\/da\/los-paises-mas-avanzados-en-regulacion-de-ia-en-2025\/\">De mest avancerede lande inden for AI-regulering i 2025<\/a><\/p>\n\n\n\n<h2 class=\"wp-block-heading\">Risici og muligheder i horisonten<\/h2>\n\n\n\n<p>Regulering af AI betyder ikke blot at begr\u00e6nse den; det skaber ogs\u00e5 muligheder. Med klare regler kan virksomheder innovere med st\u00f8rre tillid. Borgerne f\u00f8ler sig ogs\u00e5 mere beskyttet mod misbrug.<\/p>\n\n\n\n<p>Et nyligt eksempel er i den finansielle sektor: Europ\u00e6iske banker begyndte at bruge kunstig intelligens i kreditvurderinger under tilsyn.<\/p>\n\n\n\n<p>Denne foranstaltning reducerede antallet af diskriminationssager og forbedrede forbrugertilliden.<\/p>\n\n\n\n<p>Men risiciene forsvinder ikke. Blandt dem er:<\/p>\n\n\n\n<ul>\n<li>Algoritmiske bias, der fastholder uligheder.<\/li>\n\n\n\n<li>Misbrug af personoplysninger.<\/li>\n\n\n\n<li>Manipulation af den offentlige mening gennem desinformation.<\/li>\n<\/ul>\n\n\n\n<h2 class=\"wp-block-heading\">En analogi til at forst\u00e5 udfordringen<\/h2>\n\n\n\n<p>Den nuv\u00e6rende situation ligner atomenergiens tidlige dage. En teknologi med et enormt potentiale, men uden ordentlig regulering kan den udg\u00f8re en global risiko. <\/p>\n\n\n\n<p>Dengang forhindrede internationale traktater og nationale regler store katastrofer. I dag st\u00e5r AI over for et lignende dilemma: at udnytte sin transformative kraft uden at bringe grundl\u00e6ggende rettigheder i fare.<\/p>\n\n\n\n<h2 class=\"wp-block-heading\">Mod global styring af AI<\/h2>\n\n\n\n<p>I multilaterale fora som f.eks. <strong>FN<\/strong> og den <strong>OECD<\/strong>Oprettelsen af f\u00e6lles standarder dr\u00f8ftes allerede. Geopolitiske interesser g\u00f8r det dog vanskeligt at n\u00e5 til enighed.<\/p>\n\n\n\n<p>Mens Europa prioriterer menneskerettigheder, forsvarer Kina teknologisk suver\u00e6nitet, og USA s\u00f8ger at beskytte sit virksomhedsledelse.<\/p>\n\n\n\n<p>Global AI-styring vil v\u00e6re et af de centrale temaer i det n\u00e6ste \u00e5rti. Det handler ikke kun om lokale regler, men ogs\u00e5 om at undg\u00e5 fragmentering, der hindrer digital handel og videnskabeligt samarbejde.<\/p>\n\n\n\n<h2 class=\"wp-block-heading\">Konklusion<\/h2>\n\n\n\n<p>Forbindelsen mellem <strong><a href=\"https:\/\/universofamilia.com\/da\/los-paises-mas-avanzados-en-regulacion-de-ia-en-2025\/\">Kunstig intelligens<\/a> E-politik: hvordan regeringer regulerer AI i verden<\/strong> afspejler en dybtg\u00e5ende \u00e6ndring i den m\u00e5de, stater griber teknologisk innovation an p\u00e5.<\/p>\n\n\n\n<p>I 2025 kan de sociale, \u00f8konomiske og etiske konsekvenser af disse v\u00e6rkt\u00f8jer ikke l\u00e6ngere ignoreres.<\/p>\n\n\n\n<p>N\u00f8glen bliver at finde en mellemvej: regulering, der beskytter uden at kv\u00e6le, klare regler, der fremmer tillid, og en global debat, der omfatter b\u00e5de regeringer og civilsamfundet.<\/p>\n\n\n\n<p>For hvis \u00e9n ting er sikkert, er det, at AI vil forts\u00e6tte med at transformere hverdagen i et tempo, der kr\u00e6ver hurtige og ansvarlige reaktioner.<\/p>\n\n\n\n<p>L\u00e6s mere:&nbsp;<a href=\"https:\/\/universofamilia.com\/da\/lll-me-siento-sola-y-quiero-platicar-contigo-por-estos-apps-de-citas\/\">Jeg f\u00f8ler mig ensom og vil gerne chatte med dig via disse datingapps.<\/a><\/p>\n\n\n\n<h2 class=\"wp-block-heading\">Ofte stillede sp\u00f8rgsm\u00e5l (FAQ)<\/h2>\n\n\n\n<p><strong>1. Hvorfor er det vigtigt at regulere kunstig intelligens?<\/strong><br>Fordi uden klare regler kan kunstig intelligens f\u00f8re til diskrimination, kr\u00e6nkelser af privatlivets fred eller manipulation af information.<\/p>\n\n\n\n<p><strong>2. Hvad er forskellen p\u00e5 europ\u00e6iske og amerikanske regler?<\/strong><br>Europa har bindende regler med sanktioner, mens USA er domineret af ikke-obligatoriske retningslinjer og lokale reguleringer.<\/p>\n\n\n\n<p><strong>3. Begr\u00e6nser Kina brugen af generativ kunstig intelligens?<\/strong><br>Ja. Den kinesiske regering regulerer strengt indhold skabt af kunstig intelligens og forbinder det med national sikkerhed.<\/p>\n\n\n\n<p><strong>4. Hvilke latinamerikanske lande har gjort de st\u00f8rste fremskridt?<\/strong><br>Brasilien og Mexico f\u00f8rer an med lovforslag og specialiserede arbejdsgrupper.<\/p>\n\n\n\n<p><strong>5. Hvordan p\u00e5virker regulering den private sektor?<\/strong><br>Virksomheder skal blive mere gennemsigtige, men samtidig vinde forbrugernes tillid og adgang til globale markeder.<\/p>\n\n\n\n<p><strong>6. Er der nogen globale regulatoriske initiativer?<\/strong><br>Ja, selvom der endnu ikke er nogen bindende aftale, arbejder FN og OECD p\u00e5 internationale standarder.<\/p>\n\n\n\n<p><strong>7. Kan regulering h\u00e6mme innovation?<\/strong><br>Det afh\u00e6nger af tilgangen. Balanceret regulering fremmer ansvarlig innovation, mens overdreven kontrol <\/p>\n\n\n\n<p><\/p>","protected":false},"excerpt":{"rendered":"<p>Inteligencia artificial y pol\u00edtica: es un tema que dej\u00f3 de ser exclusivo de conferencias acad\u00e9micas o debates t\u00e9cnicos; hoy atraviesa leyes, decisiones p\u00fablicas y hasta la geopol\u00edtica global. En 2025, los gobiernos enfrentan el reto de equilibrar la innovaci\u00f3n con la protecci\u00f3n de derechos ciudadanos, y cada regi\u00f3n adopta estrategias distintas. En este art\u00edculo encontrar\u00e1s [&hellip;]<\/p>","protected":false},"author":219,"featured_media":9753,"comment_status":"closed","ping_status":"open","sticky":false,"template":"","format":"standard","meta":{"footnotes":""},"categories":[4],"tags":[],"yoast_head":"<!-- This site is optimized with the Yoast SEO plugin v23.3 - https:\/\/yoast.com\/wordpress\/plugins\/seo\/ -->\n<title>Inteligencia artificial y pol\u00edtica - Universo Fam\u00edlia<\/title>\n<meta name=\"description\" content=\"Inteligencia artificial y pol\u00edtica: c\u00f3mo los gobiernos regulan la IA en todo el mundo es un tema que dej\u00f3 de ser exclusivo de conferencias...\" \/>\n<meta name=\"robots\" content=\"index, follow, max-snippet:-1, max-image-preview:large, max-video-preview:-1\" \/>\n<link rel=\"canonical\" href=\"https:\/\/universofamilia.com\/da\/inteligencia-artificial-y-politica\/\" \/>\n<meta property=\"og:locale\" content=\"da_DK\" \/>\n<meta property=\"og:type\" content=\"article\" \/>\n<meta property=\"og:title\" content=\"Inteligencia artificial y pol\u00edtica - Universo Fam\u00edlia\" \/>\n<meta property=\"og:description\" content=\"Inteligencia artificial y pol\u00edtica: c\u00f3mo los gobiernos regulan la IA en todo el mundo es un tema que dej\u00f3 de ser exclusivo de conferencias...\" \/>\n<meta property=\"og:url\" content=\"https:\/\/universofamilia.com\/da\/inteligencia-artificial-y-politica\/\" \/>\n<meta property=\"og:site_name\" content=\"Universo Fam\u00edlia\" \/>\n<meta property=\"article:published_time\" content=\"2025-10-01T04:42:22+00:00\" \/>\n<meta property=\"article:modified_time\" content=\"2025-10-11T20:08:04+00:00\" \/>\n<meta property=\"og:image\" content=\"https:\/\/universofamilia.com\/wp-content\/uploads\/sites\/148\/2025\/09\/DESTAQUE-UNIVERSO-550-x-350-3.jpg\" \/>\n\t<meta property=\"og:image:width\" content=\"550\" \/>\n\t<meta property=\"og:image:height\" content=\"350\" \/>\n\t<meta property=\"og:image:type\" content=\"image\/jpeg\" \/>\n<meta name=\"author\" content=\"Matheus Sangaletti\" \/>\n<meta name=\"twitter:card\" content=\"summary_large_image\" \/>\n<meta name=\"twitter:label1\" content=\"Written by\" \/>\n\t<meta name=\"twitter:data1\" content=\"Matheus Sangaletti\" \/>\n\t<meta name=\"twitter:label2\" content=\"Est. reading time\" \/>\n\t<meta name=\"twitter:data2\" content=\"8 minutter\" \/>\n<script type=\"application\/ld+json\" class=\"yoast-schema-graph\">{\"@context\":\"https:\/\/schema.org\",\"@graph\":[{\"@type\":\"WebPage\",\"@id\":\"https:\/\/universofamilia.com\/nl\/inteligencia-artificial-y-politica\/\",\"url\":\"https:\/\/universofamilia.com\/nl\/inteligencia-artificial-y-politica\/\",\"name\":\"Inteligencia artificial y pol\u00edtica - Universo Fam\u00edlia\",\"isPartOf\":{\"@id\":\"https:\/\/universofamilia.com\/el\/#website\"},\"primaryImageOfPage\":{\"@id\":\"https:\/\/universofamilia.com\/nl\/inteligencia-artificial-y-politica\/#primaryimage\"},\"image\":{\"@id\":\"https:\/\/universofamilia.com\/nl\/inteligencia-artificial-y-politica\/#primaryimage\"},\"thumbnailUrl\":\"https:\/\/universofamilia.com\/wp-content\/uploads\/sites\/148\/2025\/09\/DESTAQUE-UNIVERSO-550-x-350-3.jpg\",\"datePublished\":\"2025-10-01T04:42:22+00:00\",\"dateModified\":\"2025-10-11T20:08:04+00:00\",\"author\":{\"@id\":\"https:\/\/universofamilia.com\/el\/#\/schema\/person\/92fcd07e9b1f4323bf74f3170fc0f78a\"},\"description\":\"Inteligencia artificial y pol\u00edtica: c\u00f3mo los gobiernos regulan la IA en todo el mundo es un tema que dej\u00f3 de ser exclusivo de conferencias...\",\"breadcrumb\":{\"@id\":\"https:\/\/universofamilia.com\/nl\/inteligencia-artificial-y-politica\/#breadcrumb\"},\"inLanguage\":\"da-DK\",\"potentialAction\":[{\"@type\":\"ReadAction\",\"target\":[\"https:\/\/universofamilia.com\/nl\/inteligencia-artificial-y-politica\/\"]}]},{\"@type\":\"ImageObject\",\"inLanguage\":\"da-DK\",\"@id\":\"https:\/\/universofamilia.com\/nl\/inteligencia-artificial-y-politica\/#primaryimage\",\"url\":\"https:\/\/universofamilia.com\/wp-content\/uploads\/sites\/148\/2025\/09\/DESTAQUE-UNIVERSO-550-x-350-3.jpg\",\"contentUrl\":\"https:\/\/universofamilia.com\/wp-content\/uploads\/sites\/148\/2025\/09\/DESTAQUE-UNIVERSO-550-x-350-3.jpg\",\"width\":550,\"height\":350},{\"@type\":\"BreadcrumbList\",\"@id\":\"https:\/\/universofamilia.com\/nl\/inteligencia-artificial-y-politica\/#breadcrumb\",\"itemListElement\":[{\"@type\":\"ListItem\",\"position\":1,\"name\":\"Home\",\"item\":\"https:\/\/universofamilia.com\/el\/\"},{\"@type\":\"ListItem\",\"position\":2,\"name\":\"Inteligencia artificial y pol\u00edtica\"}]},{\"@type\":\"WebSite\",\"@id\":\"https:\/\/universofamilia.com\/el\/#website\",\"url\":\"https:\/\/universofamilia.com\/el\/\",\"name\":\"Universo Fam\u00edlia\",\"description\":\"\",\"potentialAction\":[{\"@type\":\"SearchAction\",\"target\":{\"@type\":\"EntryPoint\",\"urlTemplate\":\"https:\/\/universofamilia.com\/el\/?s={search_term_string}\"},\"query-input\":\"required name=search_term_string\"}],\"inLanguage\":\"da-DK\"},{\"@type\":\"Person\",\"@id\":\"https:\/\/universofamilia.com\/el\/#\/schema\/person\/92fcd07e9b1f4323bf74f3170fc0f78a\",\"name\":\"Matheus Sangaletti\",\"image\":{\"@type\":\"ImageObject\",\"inLanguage\":\"da-DK\",\"@id\":\"https:\/\/universofamilia.com\/el\/#\/schema\/person\/image\/\",\"url\":\"https:\/\/secure.gravatar.com\/avatar\/280ea957a14a48e6a1ad2133d2cc27c9?s=96&d=mm&r=g\",\"contentUrl\":\"https:\/\/secure.gravatar.com\/avatar\/280ea957a14a48e6a1ad2133d2cc27c9?s=96&d=mm&r=g\",\"caption\":\"Matheus Sangaletti\"},\"url\":\"https:\/\/universofamilia.com\/da\/author\/matheuss\/\"}]}<\/script>\n<!-- \/ Yoast SEO plugin. -->","yoast_head_json":{"title":"Inteligencia artificial y pol\u00edtica - Universo Fam\u00edlia","description":"Inteligencia artificial y pol\u00edtica: c\u00f3mo los gobiernos regulan la IA en todo el mundo es un tema que dej\u00f3 de ser exclusivo de conferencias...","robots":{"index":"index","follow":"follow","max-snippet":"max-snippet:-1","max-image-preview":"max-image-preview:large","max-video-preview":"max-video-preview:-1"},"canonical":"https:\/\/universofamilia.com\/da\/inteligencia-artificial-y-politica\/","og_locale":"da_DK","og_type":"article","og_title":"Inteligencia artificial y pol\u00edtica - Universo Fam\u00edlia","og_description":"Inteligencia artificial y pol\u00edtica: c\u00f3mo los gobiernos regulan la IA en todo el mundo es un tema que dej\u00f3 de ser exclusivo de conferencias...","og_url":"https:\/\/universofamilia.com\/da\/inteligencia-artificial-y-politica\/","og_site_name":"Universo Fam\u00edlia","article_published_time":"2025-10-01T04:42:22+00:00","article_modified_time":"2025-10-11T20:08:04+00:00","og_image":[{"width":550,"height":350,"url":"https:\/\/universofamilia.com\/wp-content\/uploads\/sites\/148\/2025\/09\/DESTAQUE-UNIVERSO-550-x-350-3.jpg","type":"image\/jpeg"}],"author":"Matheus Sangaletti","twitter_card":"summary_large_image","twitter_misc":{"Written by":"Matheus Sangaletti","Est. reading time":"8 minutter"},"schema":{"@context":"https:\/\/schema.org","@graph":[{"@type":"WebPage","@id":"https:\/\/universofamilia.com\/nl\/inteligencia-artificial-y-politica\/","url":"https:\/\/universofamilia.com\/nl\/inteligencia-artificial-y-politica\/","name":"Inteligencia artificial y pol\u00edtica - Universo Fam\u00edlia","isPartOf":{"@id":"https:\/\/universofamilia.com\/el\/#website"},"primaryImageOfPage":{"@id":"https:\/\/universofamilia.com\/nl\/inteligencia-artificial-y-politica\/#primaryimage"},"image":{"@id":"https:\/\/universofamilia.com\/nl\/inteligencia-artificial-y-politica\/#primaryimage"},"thumbnailUrl":"https:\/\/universofamilia.com\/wp-content\/uploads\/sites\/148\/2025\/09\/DESTAQUE-UNIVERSO-550-x-350-3.jpg","datePublished":"2025-10-01T04:42:22+00:00","dateModified":"2025-10-11T20:08:04+00:00","author":{"@id":"https:\/\/universofamilia.com\/el\/#\/schema\/person\/92fcd07e9b1f4323bf74f3170fc0f78a"},"description":"Inteligencia artificial y pol\u00edtica: c\u00f3mo los gobiernos regulan la IA en todo el mundo es un tema que dej\u00f3 de ser exclusivo de conferencias...","breadcrumb":{"@id":"https:\/\/universofamilia.com\/nl\/inteligencia-artificial-y-politica\/#breadcrumb"},"inLanguage":"da-DK","potentialAction":[{"@type":"ReadAction","target":["https:\/\/universofamilia.com\/nl\/inteligencia-artificial-y-politica\/"]}]},{"@type":"ImageObject","inLanguage":"da-DK","@id":"https:\/\/universofamilia.com\/nl\/inteligencia-artificial-y-politica\/#primaryimage","url":"https:\/\/universofamilia.com\/wp-content\/uploads\/sites\/148\/2025\/09\/DESTAQUE-UNIVERSO-550-x-350-3.jpg","contentUrl":"https:\/\/universofamilia.com\/wp-content\/uploads\/sites\/148\/2025\/09\/DESTAQUE-UNIVERSO-550-x-350-3.jpg","width":550,"height":350},{"@type":"BreadcrumbList","@id":"https:\/\/universofamilia.com\/nl\/inteligencia-artificial-y-politica\/#breadcrumb","itemListElement":[{"@type":"ListItem","position":1,"name":"Home","item":"https:\/\/universofamilia.com\/el\/"},{"@type":"ListItem","position":2,"name":"Inteligencia artificial y pol\u00edtica"}]},{"@type":"WebSite","@id":"https:\/\/universofamilia.com\/el\/#website","url":"https:\/\/universofamilia.com\/el\/","name":"Universo Fam\u00edlia","description":"","potentialAction":[{"@type":"SearchAction","target":{"@type":"EntryPoint","urlTemplate":"https:\/\/universofamilia.com\/el\/?s={search_term_string}"},"query-input":"required name=search_term_string"}],"inLanguage":"da-DK"},{"@type":"Person","@id":"https:\/\/universofamilia.com\/el\/#\/schema\/person\/92fcd07e9b1f4323bf74f3170fc0f78a","name":"Matheus Sangaletti","image":{"@type":"ImageObject","inLanguage":"da-DK","@id":"https:\/\/universofamilia.com\/el\/#\/schema\/person\/image\/","url":"https:\/\/secure.gravatar.com\/avatar\/280ea957a14a48e6a1ad2133d2cc27c9?s=96&d=mm&r=g","contentUrl":"https:\/\/secure.gravatar.com\/avatar\/280ea957a14a48e6a1ad2133d2cc27c9?s=96&d=mm&r=g","caption":"Matheus Sangaletti"},"url":"https:\/\/universofamilia.com\/da\/author\/matheuss\/"}]}},"_links":{"self":[{"href":"https:\/\/universofamilia.com\/da\/wp-json\/wp\/v2\/posts\/9758"}],"collection":[{"href":"https:\/\/universofamilia.com\/da\/wp-json\/wp\/v2\/posts"}],"about":[{"href":"https:\/\/universofamilia.com\/da\/wp-json\/wp\/v2\/types\/post"}],"author":[{"embeddable":true,"href":"https:\/\/universofamilia.com\/da\/wp-json\/wp\/v2\/users\/219"}],"replies":[{"embeddable":true,"href":"https:\/\/universofamilia.com\/da\/wp-json\/wp\/v2\/comments?post=9758"}],"version-history":[{"count":6,"href":"https:\/\/universofamilia.com\/da\/wp-json\/wp\/v2\/posts\/9758\/revisions"}],"predecessor-version":[{"id":9947,"href":"https:\/\/universofamilia.com\/da\/wp-json\/wp\/v2\/posts\/9758\/revisions\/9947"}],"wp:featuredmedia":[{"embeddable":true,"href":"https:\/\/universofamilia.com\/da\/wp-json\/wp\/v2\/media\/9753"}],"wp:attachment":[{"href":"https:\/\/universofamilia.com\/da\/wp-json\/wp\/v2\/media?parent=9758"}],"wp:term":[{"taxonomy":"category","embeddable":true,"href":"https:\/\/universofamilia.com\/da\/wp-json\/wp\/v2\/categories?post=9758"},{"taxonomy":"post_tag","embeddable":true,"href":"https:\/\/universofamilia.com\/da\/wp-json\/wp\/v2\/tags?post=9758"}],"curies":[{"name":"wp","href":"https:\/\/api.w.org\/{rel}","templated":true}]}}