{"id":10073,"date":"2025-10-13T12:50:28","date_gmt":"2025-10-13T15:50:28","guid":{"rendered":"https:\/\/universofamilia.com\/?p=10073"},"modified":"2025-10-16T15:40:53","modified_gmt":"2025-10-16T18:40:53","slug":"ambiental","status":"publish","type":"post","link":"https:\/\/universofamilia.com\/de\/ambiental\/","title":{"rendered":"10 nachhaltige Ma\u00dfnahmen zur Verringerung der Umweltkrise"},"content":{"rendered":"<p class=\"has-text-align-center\">Die <strong>10 nachhaltige Ma\u00dfnahmen zur Verringerung der Auswirkungen der Umweltkrise<\/strong> sind f\u00fcr die Menschheit zu einer dringenden Priorit\u00e4t geworden.<\/p>\n\n\n\n<figure class=\"wp-block-gallery aligncenter has-nested-images columns-default is-cropped wp-block-gallery-1 is-layout-flex wp-block-gallery-is-layout-flex\">\n<figure class=\"wp-block-image size-full\"><img loading=\"lazy\" decoding=\"async\" width=\"450\" height=\"250\" data-id=\"10075\" src=\"https:\/\/universofamilia.com\/wp-content\/uploads\/sites\/148\/2025\/10\/Destaque-Novo-Universo-2-1.jpg\" alt=\"\" class=\"wp-image-10075\" srcset=\"https:\/\/universofamilia.com\/wp-content\/uploads\/sites\/148\/2025\/10\/Destaque-Novo-Universo-2-1.jpg 450w, https:\/\/universofamilia.com\/wp-content\/uploads\/sites\/148\/2025\/10\/Destaque-Novo-Universo-2-1-300x167.jpg 300w, https:\/\/universofamilia.com\/wp-content\/uploads\/sites\/148\/2025\/10\/Destaque-Novo-Universo-2-1-18x10.jpg 18w\" sizes=\"(max-width: 450px) 100vw, 450px\" \/><figcaption class=\"wp-element-caption\">CANVA<\/figcaption><\/figure>\n<\/figure>\n\n\n\n<p>Umweltzerst\u00f6rung, Verlust der Artenvielfalt und Klimawandel sind keine Probleme der Zukunft mehr; ihre Auswirkungen beeinflussen das t\u00e4gliche Leben von Millionen Menschen in Mexiko und auf der ganzen Welt.<\/p>\n\n\n\n<p>Von anhaltenden D\u00fcrren bis hin zu extremen Hitzewellen werden die Zeichen der Umweltkrise in unseren St\u00e4dten und auf dem Land sichtbar.<\/p>\n\n\n\n<p>Die \u00dcbernahme nachhaltiger Gewohnheiten sch\u00fctzt nicht nur den Planeten, sondern verbessert auch die Lebensqualit\u00e4t, st\u00e4rkt die lokale Wirtschaft und verringert Gesundheitsrisiken.<\/p>\n\n\n\n<p>Dieser Artikel bietet einen praktischen und fundierten Ansatz und zeigt, wie individuelle und kollektive Entscheidungen einen Unterschied machen k\u00f6nnen.<\/p>\n\n\n\n<p><strong>Zusammenfassung:<\/strong><\/p>\n\n\n\n<ol>\n<li>Die Dringlichkeit der Nachhaltigkeit im Jahr 2025<\/li>\n\n\n\n<li>Die 10 wichtigsten nachhaltigen Ma\u00dfnahmen und ihre Anwendung<\/li>\n\n\n\n<li>Aktuelle und praxisnahe Umsetzungsbeispiele<\/li>\n\n\n\n<li>Wirtschaftliche, soziale und \u00f6kologische Vorteile der Nachhaltigkeit<\/li>\n\n\n\n<li>Wie Sie diese Aktionen effektiv in Ihren Alltag integrieren<\/li>\n\n\n\n<li>Fazit und FAQs<\/li>\n<\/ol>\n\n\n\n<h3 class=\"wp-block-heading\"><strong>Die Dringlichkeit der Nachhaltigkeit im Jahr 2025<\/strong><\/h3>\n\n\n\n<p>Die Umweltzerst\u00f6rung hat ein alarmierendes Ausma\u00df erreicht. Laut der <em>Globaler Umweltbericht 2024<\/em> der UNO, <strong>Mehr als 75 % der terrestrischen \u00d6kosysteme sind erheblich ver\u00e4ndert<\/strong>, und die Ozeane sind einem historischen Ausma\u00df an Plastik- und CO\u2082-Verschmutzung ausgesetzt.<\/p>\n\n\n\n<p>Dar\u00fcber hinaus wird prognostiziert, dass die globale Temperatur bis Ende 2030 um durchschnittlich 1,5 \u00b0C ansteigen wird, wenn nicht sofort Ma\u00dfnahmen ergriffen werden.<\/p>\n\n\n\n<p>Um dies besser zu verstehen, stellen Sie sich den Planeten als einen lebenden Organismus vor: Jede menschliche Handlung kann ein Heilmittel oder ein Gift sein.<\/p>\n\n\n\n<p>\u00dcberm\u00e4\u00dfige Emissionen, Abholzung und ungez\u00fcgelter Konsum schw\u00e4chen ihre lebenswichtigen Systeme und beeintr\u00e4chtigen ihre Gesundheit, Ern\u00e4hrungssicherheit und wirtschaftliche Stabilit\u00e4t.<\/p>\n\n\n\n<p>Nachhaltigkeit ist nicht nur ein Ideal, sondern eine \u00dcberlebensstrategie.<\/p>\n\n\n\n<p>In Mexiko sind die Auswirkungen sp\u00fcrbar:<\/p>\n\n\n\n<ul>\n<li>Mexiko-Stadt und Monterrey sind mit Hitzewellen mit Temperaturen von \u00fcber 40 \u00b0C konfrontiert, von denen Millionen Einwohner betroffen sind.<\/li>\n\n\n\n<li>In Oaxaca und Chiapas kommt es aufgrund anhaltender D\u00fcrreperioden und ver\u00e4nderter Niederschlagsmuster zu Ernteverlusten von bis zu 20 Prozent in der Landwirtschaft.<\/li>\n\n\n\n<li>Luftverschmutzung in Industriest\u00e4dten verursacht Atemwegserkrankungen, die insbesondere Kinder und \u00e4ltere Menschen betreffen.<\/li>\n<\/ul>\n\n\n\n<p>Angesichts dieser Realit\u00e4t <strong>10 nachhaltige Ma\u00dfnahmen zur Verringerung der Auswirkungen der Umweltkrise<\/strong> Sie sind nicht optional, sondern notwendig, um Leben und \u00d6kosysteme zu sch\u00fctzen.<\/p>\n\n\n\n<h3 class=\"wp-block-heading\"><strong>10 nachhaltige Ma\u00dfnahmen zur Verringerung der Auswirkungen der Umweltkrise<\/strong><\/h3>\n\n\n\n<p>Nachfolgend finden Sie konkrete Strategien mit aktuellen Informationen, Beispielen aus der Praxis und praktischen Empfehlungen zur Integration in den Alltag.<\/p>\n\n\n\n<h4 class=\"wp-block-heading\"><strong>Reduzieren Sie den Energieverbrauch<\/strong><\/h4>\n\n\n\n<p>\u00dcberm\u00e4\u00dfiger Energieverbrauch tr\u00e4gt erheblich zum CO\u2082-Aussto\u00df bei.<\/p>\n\n\n\n<p>Kleine Ma\u00dfnahmen wie der Austausch von Gl\u00fchlampen durch LEDs, das Ausstecken von Ger\u00e4ten bei Nichtgebrauch und die Entscheidung f\u00fcr energieeffiziente Ger\u00e4te k\u00f6nnen den CO2-Fu\u00dfabdruck eines Hauses erheblich reduzieren.<\/p>\n\n\n\n<p>In Mexiko-Stadt haben Energieeffizienzprogramme dazu gef\u00fchrt, dass mehr als <strong>500.000 Haushalte<\/strong> ihren Stromverbrauch j\u00e4hrlich um durchschnittlich 15 % senken, was zu wirtschaftlichen Einsparungen f\u00fchrt und die Umweltverschmutzung verringert.<\/p>\n\n\n\n<h4 class=\"wp-block-heading\"><strong>Nachhaltige Mobilit\u00e4t<\/strong><\/h4>\n\n\n\n<p>Die Nutzung \u00f6ffentlicher Verkehrsmittel, des Fahrrads oder von Elektrofahrzeugen reduziert nicht nur die Schadstoffemissionen, sondern verbessert auch die Lebensqualit\u00e4t in der Stadt.<\/p>\n\n\n\n<p>St\u00e4dte wie Guadalajara und Monterrey haben Radwege und elektrische Transportsysteme eingerichtet, von denen t\u00e4glich mehr als 1,5 Millionen Menschen profitieren.<\/p>\n\n\n\n<p>Dar\u00fcber hinaus reduziert nachhaltige Mobilit\u00e4t den Verkehr, verringert Unf\u00e4lle und f\u00f6rdert gesunde Gewohnheiten.<\/p>\n\n\n\n<p>K\u00f6nnen Sie sich einen Tag im Leben vorstellen, an dem Gehen oder Radfahren zur Norm und nicht zur Ausnahme wird?<\/p>\n\n\n\n<h4 class=\"wp-block-heading\"><strong>Bewusstes Essen<\/strong><\/h4>\n\n\n\n<p>Die Lebensmittelproduktion, insbesondere von Fleisch und Milchprodukten, ist f\u00fcr etwa 25 % der weltweiten Treibhausgasemissionen verantwortlich.<\/p>\n\n\n\n<p>Durch die Reduzierung des Fleischkonsums, die Wahl regionaler und saisonaler Produkte und die Bevorzugung des Gem\u00fcseanbaus wird der Druck auf die \u00d6kosysteme verringert und die Wirtschaft der Gemeinden gest\u00e4rkt.<\/p>\n\n\n\n<p>In Michoac\u00e1n haben die \u00f6rtlichen Bauern auf diversifizierte Anbaupflanzen und biologische Techniken umgestellt, wodurch sie ihre Gem\u00fcseproduktion um 30 % steigern und den Einsatz chemischer Pestizide reduzieren konnten.<\/p>\n\n\n\n<h4 class=\"wp-block-heading\"><strong>Verantwortungsvolles Wassermanagement<\/strong><\/h4>\n\n\n\n<p>Wasser ist eine begrenzte Ressource, und sein effizienter Umgang ist entscheidend. Die Installation wassersparender Ger\u00e4te, das Auffangen von Regenwasser und die Reparatur von Lecks sind grundlegende, aber wirksame Ma\u00dfnahmen.<\/p>\n\n\n\n<p>In Oaxaca ist es l\u00e4ndlichen Gemeinden gelungen, durch Regenwassersammelsysteme und Aufkl\u00e4rung der Bev\u00f6lkerung die lokalen Grundwasserleiter wiederherzustellen, wodurch die Verf\u00fcgbarkeit von Trinkwasser verbessert und die Kontinuit\u00e4t der Landwirtschaft sichergestellt wurde.<\/p>\n\n\n\n<h4 class=\"wp-block-heading\"><strong>Abfallreduzierung und Recycling<\/strong><\/h4>\n\n\n\n<p>Durch M\u00fclltrennung, Kompostierung organischer Abf\u00e4lle und Wiederverwendung von Materialien wird verhindert, dass Tonnen von Abfall auf M\u00fclldeponien und in den Ozeanen landen.<\/p>\n\n\n\n<p>Laut der <em>Sekretariat f\u00fcr Umwelt und nat\u00fcrliche Ressourcen (SEMARNAT)<\/em>Mexiko erwirtschaftet mehr als <strong>45 Millionen Tonnen fester Abfall pro Jahr<\/strong>, von denen nur 12 % recycelt werden. Die Umsetzung von Richtlinien zur M\u00fclltrennung und Kompostierung kann diesen Trend umkehren.<\/p>\n\n\n\n<h4 class=\"wp-block-heading\"><strong>Erneuerbare Energien<\/strong><\/h4>\n\n\n\n<p>Die Energiewende ist der Schl\u00fcssel zur Verringerung der Abh\u00e4ngigkeit von fossilen Brennstoffen.<\/p>\n\n\n\n<p>Die Installation von Solarmodulen, kleinen Windkraftanlagen und effizienten Heizsystemen tr\u00e4gt erheblich zur Emissionsreduzierung bei.<\/p>\n\n\n\n<p>Im Jahr 2024 er\u00f6ffnete Mexiko in Sonora einen der gr\u00f6\u00dften Solarparks Lateinamerikas, der mehr als eine Million Haushalte versorgen und die Emission von mehr als <strong>400.000 Tonnen CO\u2082<\/strong> j\u00e4hrlich.<\/p>\n\n\n\n<h4 class=\"wp-block-heading\"><strong>Aufforstung und Gr\u00fcnfl\u00e4chenpflege<\/strong><\/h4>\n\n\n\n<p>W\u00e4lder und Gr\u00fcnfl\u00e4chen regulieren das Klima, binden CO\u2082 und sch\u00fctzen die Artenvielfalt.<\/p>\n\n\n\n<p>Das Pflanzen von B\u00e4umen und der Erhalt bestehender W\u00e4lder ist eine direkte Ma\u00dfnahme gegen die Umweltzerst\u00f6rung.<\/p>\n\n\n\n<p>Im Rahmen eines Projekts in Chiapas wurden seit 2022 mehr als eine Million B\u00e4ume in abgeholzten Gebieten gepflanzt, wodurch Lebensr\u00e4ume f\u00fcr einheimische Arten wiederhergestellt und die Luftqualit\u00e4t in den umliegenden Gemeinden verbessert wurden.<\/p>\n\n\n\n<h4 class=\"wp-block-heading\"><strong>Verantwortungsvoller Konsum<\/strong><\/h4>\n\n\n\n<p>Die Wahl langlebiger Produkte, die Vermeidung \u00fcberfl\u00fcssiger Verpackungen und die Bevorzugung nachhaltiger Marken vermitteln dem Markt die Botschaft: Nachhaltigkeit ist profitabel und wird von den Verbrauchern nachgefragt.<\/p>\n\n\n\n<p>Bewusster Einkauf reduziert zudem Abfall und f\u00f6rdert die Kreislaufwirtschaft.<\/p>\n\n\n\n<h4 class=\"wp-block-heading\"><strong>Umweltbildung<\/strong><\/h4>\n\n\n\n<p>Die Verbreitung von Wissen \u00fcber die Auswirkungen auf die Umwelt von Schulen bis hin zu Gemeinden sch\u00e4rft das Bewusstsein und motiviert zu kollektivem Handeln.<\/p>\n\n\n\n<p>Workshops, Aufkl\u00e4rungskampagnen und soziale Medien sind wichtige Instrumente, um die Wirkung einzelner Aktionen zu vervielfachen.<\/p>\n\n\n\n<h4 class=\"wp-block-heading\"><strong>B\u00fcrgerbeteiligung und politische Partizipation<\/strong><\/h4>\n\n\n\n<p>Indem wir f\u00fcr gr\u00fcne Politik stimmen, lokale Initiativen unterst\u00fctzen und Unternehmen und Regierungen zur Verantwortung ziehen, stellen wir sicher, dass bei strategischen Entscheidungen die Nachhaltigkeit im Vordergrund steht.<\/p>\n\n\n\n<p>Sozialer Druck kann die Einf\u00fchrung sauberer Energie, Recyclinggesetze und Umweltschutzprogramme beschleunigen.<\/p>\n\n\n\n<h3 class=\"wp-block-heading\"><strong>Aktuelle und praxisnahe Umsetzungsbeispiele<\/strong><\/h3>\n\n\n\n<p><strong>Beispiel 1:<\/strong> In Quer\u00e9taro f\u00fchrte eine landwirtschaftliche Genossenschaft im Jahr 2024 regenerative Anbautechniken ein.<\/p>\n\n\n\n<p>Dadurch konnten die Mais- und Bohnenertr\u00e4ge um 20 % gesteigert, die lokale Artenvielfalt verbessert und die Bodenerosion verringert werden. Dies zeigt, dass Nachhaltigkeit sowohl rentabel als auch effektiv sein kann.<\/p>\n\n\n\n<p><strong>Beispiel 2:<\/strong> In Guadalajara steigerte die Einf\u00fchrung von Elektrofahrzeugen und Fahrradwegen die nachhaltige Mobilit\u00e4t in weniger als drei Jahren um 35 %, wodurch die st\u00e4dtische Umweltverschmutzung verringert und die Gesundheit der B\u00fcrger verbessert wurde.<\/p>\n\n\n\n<p>Diese Beispiele best\u00e4tigen, dass die <strong>10 nachhaltige Ma\u00dfnahmen zur Verringerung der Auswirkungen der Umweltkrise<\/strong> Es handelt sich dabei nicht um Utopien, sondern um praktikable Strategien mit \u00fcberpr\u00fcfbaren Ergebnissen.<\/p>\n\n\n\n<h3 class=\"wp-block-heading\"><strong>Wirtschaftliche, soziale und \u00f6kologische Vorteile der Nachhaltigkeit<\/strong><\/h3>\n\n\n\n<p>Die Einf\u00fchrung nachhaltiger Praktiken bringt zahlreiche Vorteile mit sich:<\/p>\n\n\n\n<ul>\n<li><strong>Wirtschaftlich:<\/strong> Energie- und Wassereinsparungen, Schaffung gr\u00fcner Arbeitspl\u00e4tze und St\u00e4rkung der lokalen Wirtschaft.<\/li>\n\n\n\n<li><strong>Soziales:<\/strong> widerstandsf\u00e4higere Gemeinschaften, geringere Anf\u00e4lligkeit f\u00fcr Umweltkrankheiten und gr\u00f6\u00dferer sozialer Zusammenhalt.<\/li>\n\n\n\n<li><strong>Umwelt:<\/strong> Emissionsreduzierung, Erhaltung der biologischen Vielfalt und Eind\u00e4mmung des Klimawandels.<\/li>\n<\/ul>\n\n\n\n<figure class=\"wp-block-table\"><table><thead><tr><th>Nachhaltiges Handeln<\/th><th>Hauptvorteil<\/th><th>Beispiel in Mexiko<\/th><\/tr><\/thead><tbody><tr><td>Energieeinsparung<\/td><td>Geringerer CO2-Fu\u00dfabdruck<\/td><td>LED-Lampen in st\u00e4dtischen Haushalten<\/td><\/tr><tr><td>Nachhaltige Mobilit\u00e4t<\/td><td>Sauberere Luft<\/td><td>Radwege und Elektromobilit\u00e4t<\/td><\/tr><tr><td>Bewusstes Essen<\/td><td>Weniger landwirtschaftliche Emissionen<\/td><td>Lokale Landwirtschaft und H\u00fclsenfruchtkonsum<\/td><\/tr><tr><td>Wassermanagement<\/td><td>Wasserverf\u00fcgbarkeit<\/td><td>Regenwassernutzung in Oaxaca<\/td><\/tr><tr><td>Wiederaufforstung<\/td><td>Erhaltung der biologischen Vielfalt<\/td><td>Baumpflanzaktion in Chiapas<\/td><\/tr><\/tbody><\/table><figcaption class=\"wp-element-caption\">10 nachhaltige Ma\u00dfnahmen zur Verringerung der Auswirkungen der Umweltkrise<\/figcaption><\/figure>\n\n\n\n<figure class=\"wp-block-gallery aligncenter has-nested-images columns-default is-cropped wp-block-gallery-2 is-layout-flex wp-block-gallery-is-layout-flex\">\n<figure class=\"wp-block-image size-full\"><img loading=\"lazy\" decoding=\"async\" width=\"450\" height=\"250\" data-id=\"10076\" src=\"https:\/\/universofamilia.com\/wp-content\/uploads\/sites\/148\/2025\/10\/Destaque-Novo-Universo-4.jpg\" alt=\"\" class=\"wp-image-10076\" srcset=\"https:\/\/universofamilia.com\/wp-content\/uploads\/sites\/148\/2025\/10\/Destaque-Novo-Universo-4.jpg 450w, https:\/\/universofamilia.com\/wp-content\/uploads\/sites\/148\/2025\/10\/Destaque-Novo-Universo-4-300x167.jpg 300w, https:\/\/universofamilia.com\/wp-content\/uploads\/sites\/148\/2025\/10\/Destaque-Novo-Universo-4-18x10.jpg 18w\" sizes=\"(max-width: 450px) 100vw, 450px\" \/><figcaption class=\"wp-element-caption\">CANVA<\/figcaption><\/figure>\n<\/figure>\n\n\n\n<p>Mehr lesen:&nbsp;<a href=\"https:\/\/universofamilia.com\/de\/crisis-climatica-global\/\">Globale Klimakrise: Die Auswirkungen betreffen bereits Millionen<\/a><\/p>\n\n\n\n<h3 class=\"wp-block-heading\"><strong>Wie man diese Aktionen in den Alltag integriert<\/strong><\/h3>\n\n\n\n<p>Die Umsetzung dieser Ma\u00dfnahmen erfordert Engagement und Konsequenz. Sie k\u00f6nnen:<\/p>\n\n\n\n<ul>\n<li>\u00dcberpr\u00fcfen Sie Ihre Energiekonsumgewohnheiten und reduzieren Sie Abfall.<\/li>\n\n\n\n<li>Entscheiden Sie sich f\u00fcr nachhaltige Verkehrsmittel und gehen Sie, wann immer m\u00f6glich, zu Fu\u00df.<\/li>\n\n\n\n<li>Kaufen Sie lokale und saisonale Produkte, reduzieren Sie Emissionen und unterst\u00fctzen Sie die Produzenten.<\/li>\n\n\n\n<li>Nehmen Sie an Recycling- und Wiederaufforstungsprogrammen Ihrer Gemeinde teil.<\/li>\n\n\n\n<li>Informieren Sie Familie und Freunde und vervielfachen Sie so die Wirkung Ihrer Handlungen.<\/li>\n<\/ul>\n\n\n\n<p>Fragen Sie sich: <strong>Was w\u00fcrde passieren, wenn Millionen von Menschen diese Ma\u00dfnahmen gleichzeitig ergreifen w\u00fcrden?<\/strong> Die Reaktion zeigt, wie wirksam gemeinsames Handeln gegen den Klimawandel ist.<\/p>\n\n\n\n<h3 class=\"wp-block-heading\"><strong>Schlussfolgerung<\/strong><\/h3>\n\n\n\n<p>Implementieren Sie die <strong>10 nachhaltige Ma\u00dfnahmen zur Verringerung der Auswirkungen der Umweltkrise<\/strong> Es ist nicht nur eine Umweltpflicht, sondern auch eine Investition in unsere Zukunft.<\/p>\n\n\n\n<p>Wissenschaftliche Erkenntnisse, lokale Beispiele und die Dringlichkeit des Klimawandels zeigen, dass jede einzelne Handlung z\u00e4hlt.<\/p>\n\n\n\n<p><a href=\"https:\/\/universofamilia.com\/de\/inteligencia-artificial-y-politica\/\">Adopt<\/a> Nachhaltige Praktiken st\u00e4rken die Widerstandsf\u00e4higkeit der Gemeinschaft, sch\u00fctzen \u00d6kosysteme und sorgen f\u00fcr eine ges\u00fcndere Zukunft.<\/p>\n\n\n\n<p>Die Herausforderung ist global, aber die L\u00f6sung kann auch global sein: Wissen, Zusammenarbeit und bewusstes Handeln sind die Werkzeuge f\u00fcr den Aufbau einer nachhaltigen, gerechten und widerstandsf\u00e4higen Welt.<\/p>\n\n\n\n<p>Mehr lesen:&nbsp;<a href=\"https:\/\/universofamilia.com\/de\/los-paises-mas-avanzados-en-regulacion-de-ia-en-2025\/\">Die L\u00e4nder mit der h\u00f6chsten KI-Regulierung im Jahr 2025<\/a><\/p>\n\n\n\n<h3 class=\"wp-block-heading\"><strong>H\u00e4ufig gestellte Fragen<\/strong><\/h3>\n\n\n\n<p><strong>1. Warum ist es wichtig, jetzt zu handeln?<\/strong><br>Umweltzerst\u00f6rung und Klimawandel schreiten rasant voran und beeintr\u00e4chtigen Gesundheit, Wirtschaft und Ern\u00e4hrungssicherheit. Jede sofortige Ma\u00dfnahme hat kumulative positive Auswirkungen.<\/p>\n\n\n\n<p><strong>2. Welche Aktion hat die gr\u00f6\u00dfte Wirkung?<\/strong><br>Es h\u00e4ngt vom Kontext ab, aber nachhaltige Mobilit\u00e4t, erneuerbare Energien und Abfallmanagement bringen oft schnelle und messbare Vorteile.<\/p>\n\n\n\n<p><strong>3. Wie kann die Community einbezogen werden?<\/strong><br>Organisieren Sie Workshops, beteiligen Sie sich an lokalen Projekten und teilen Sie Nachhaltigkeitsinformationen in sozialen Medien und in Schulen.<\/p>\n\n\n\n<p><strong>4. Ist es teuer, nachhaltig zu sein?<\/strong><br>Einige Ma\u00dfnahmen erfordern eine Anfangsinvestition, bringen aber mittel- und langfristige Einsparungen sowie \u00f6kologische und soziale Vorteile.<\/p>\n\n\n\n<p><strong>5. Was tun, wenn die Regierung keine gr\u00fcne Politik f\u00f6rdert?<\/strong><br>Individuelles und kollektives Handeln bleibt wirksam. <\/p>\n\n\n\n<p>Die Unterst\u00fctzung von Gemeinschaftsinitiativen und verantwortungsbewussten Unternehmen kann den Mangel an unmittelbaren staatlichen Ma\u00dfnahmen ausgleichen.<\/p>","protected":false},"excerpt":{"rendered":"<p>Las 10 acciones sustentables para reducir los efectos de la crisis ambiental se han convertido en una prioridad urgente para la humanidad. La degradaci\u00f3n ambiental, la p\u00e9rdida de biodiversidad y el cambio clim\u00e1tico ya no son problemas futuros; sus efectos impactan la vida cotidiana de millones de personas en M\u00e9xico y el mundo. Desde sequ\u00edas [&hellip;]<\/p>","protected":false},"author":219,"featured_media":10074,"comment_status":"closed","ping_status":"open","sticky":false,"template":"","format":"standard","meta":{"footnotes":""},"categories":[4],"tags":[],"yoast_head":"<!-- This site is optimized with the Yoast SEO plugin v23.3 - https:\/\/yoast.com\/wordpress\/plugins\/seo\/ -->\n<title>10 acciones sustentables para reducir la crisis ambiental - Universo Fam\u00edlia<\/title>\n<meta name=\"description\" content=\"Las 10 acciones sustentables para reducir los efectos de la crisis ambiental se han convertido en una prioridad urgente para la humanidad.\" \/>\n<meta name=\"robots\" content=\"index, follow, max-snippet:-1, max-image-preview:large, max-video-preview:-1\" \/>\n<link rel=\"canonical\" href=\"https:\/\/universofamilia.com\/de\/ambiental\/\" \/>\n<meta property=\"og:locale\" content=\"de_DE\" \/>\n<meta property=\"og:type\" content=\"article\" \/>\n<meta property=\"og:title\" content=\"10 acciones sustentables para reducir la crisis ambiental - Universo Fam\u00edlia\" \/>\n<meta property=\"og:description\" content=\"Las 10 acciones sustentables para reducir los efectos de la crisis ambiental se han convertido en una prioridad urgente para la humanidad.\" \/>\n<meta property=\"og:url\" content=\"https:\/\/universofamilia.com\/de\/ambiental\/\" \/>\n<meta property=\"og:site_name\" content=\"Universo Fam\u00edlia\" \/>\n<meta property=\"article:published_time\" content=\"2025-10-13T15:50:28+00:00\" \/>\n<meta property=\"article:modified_time\" content=\"2025-10-16T18:40:53+00:00\" \/>\n<meta property=\"og:image\" content=\"https:\/\/universofamilia.com\/wp-content\/uploads\/sites\/148\/2025\/10\/Destaque-Novo-Universo-2.jpg\" \/>\n\t<meta property=\"og:image:width\" content=\"450\" \/>\n\t<meta property=\"og:image:height\" content=\"250\" \/>\n\t<meta property=\"og:image:type\" content=\"image\/jpeg\" \/>\n<meta name=\"author\" content=\"Matheus Sangaletti\" \/>\n<meta name=\"twitter:card\" content=\"summary_large_image\" \/>\n<meta name=\"twitter:label1\" content=\"Written by\" \/>\n\t<meta name=\"twitter:data1\" content=\"Matheus Sangaletti\" \/>\n\t<meta name=\"twitter:label2\" content=\"Est. reading time\" \/>\n\t<meta name=\"twitter:data2\" content=\"10 Minuten\" \/>\n<script type=\"application\/ld+json\" class=\"yoast-schema-graph\">{\"@context\":\"https:\/\/schema.org\",\"@graph\":[{\"@type\":\"WebPage\",\"@id\":\"https:\/\/universofamilia.com\/ko\/ambiental\/\",\"url\":\"https:\/\/universofamilia.com\/ko\/ambiental\/\",\"name\":\"10 acciones sustentables para reducir la crisis ambiental - Universo Fam\u00edlia\",\"isPartOf\":{\"@id\":\"https:\/\/universofamilia.com\/el\/#website\"},\"primaryImageOfPage\":{\"@id\":\"https:\/\/universofamilia.com\/ko\/ambiental\/#primaryimage\"},\"image\":{\"@id\":\"https:\/\/universofamilia.com\/ko\/ambiental\/#primaryimage\"},\"thumbnailUrl\":\"https:\/\/universofamilia.com\/wp-content\/uploads\/sites\/148\/2025\/10\/Destaque-Novo-Universo-2.jpg\",\"datePublished\":\"2025-10-13T15:50:28+00:00\",\"dateModified\":\"2025-10-16T18:40:53+00:00\",\"author\":{\"@id\":\"https:\/\/universofamilia.com\/el\/#\/schema\/person\/92fcd07e9b1f4323bf74f3170fc0f78a\"},\"description\":\"Las 10 acciones sustentables para reducir los efectos de la crisis ambiental se han convertido en una prioridad urgente para la humanidad.\",\"breadcrumb\":{\"@id\":\"https:\/\/universofamilia.com\/ko\/ambiental\/#breadcrumb\"},\"inLanguage\":\"de-CH\",\"potentialAction\":[{\"@type\":\"ReadAction\",\"target\":[\"https:\/\/universofamilia.com\/ko\/ambiental\/\"]}]},{\"@type\":\"ImageObject\",\"inLanguage\":\"de-CH\",\"@id\":\"https:\/\/universofamilia.com\/ko\/ambiental\/#primaryimage\",\"url\":\"https:\/\/universofamilia.com\/wp-content\/uploads\/sites\/148\/2025\/10\/Destaque-Novo-Universo-2.jpg\",\"contentUrl\":\"https:\/\/universofamilia.com\/wp-content\/uploads\/sites\/148\/2025\/10\/Destaque-Novo-Universo-2.jpg\",\"width\":450,\"height\":250},{\"@type\":\"BreadcrumbList\",\"@id\":\"https:\/\/universofamilia.com\/ko\/ambiental\/#breadcrumb\",\"itemListElement\":[{\"@type\":\"ListItem\",\"position\":1,\"name\":\"Home\",\"item\":\"https:\/\/universofamilia.com\/el\/\"},{\"@type\":\"ListItem\",\"position\":2,\"name\":\"10 acciones sustentables para reducir la crisis ambiental\"}]},{\"@type\":\"WebSite\",\"@id\":\"https:\/\/universofamilia.com\/el\/#website\",\"url\":\"https:\/\/universofamilia.com\/el\/\",\"name\":\"Universo Fam\u00edlia\",\"description\":\"\",\"potentialAction\":[{\"@type\":\"SearchAction\",\"target\":{\"@type\":\"EntryPoint\",\"urlTemplate\":\"https:\/\/universofamilia.com\/el\/?s={search_term_string}\"},\"query-input\":\"required name=search_term_string\"}],\"inLanguage\":\"de-CH\"},{\"@type\":\"Person\",\"@id\":\"https:\/\/universofamilia.com\/el\/#\/schema\/person\/92fcd07e9b1f4323bf74f3170fc0f78a\",\"name\":\"Matheus Sangaletti\",\"image\":{\"@type\":\"ImageObject\",\"inLanguage\":\"de-CH\",\"@id\":\"https:\/\/universofamilia.com\/el\/#\/schema\/person\/image\/\",\"url\":\"https:\/\/secure.gravatar.com\/avatar\/280ea957a14a48e6a1ad2133d2cc27c9?s=96&d=mm&r=g\",\"contentUrl\":\"https:\/\/secure.gravatar.com\/avatar\/280ea957a14a48e6a1ad2133d2cc27c9?s=96&d=mm&r=g\",\"caption\":\"Matheus Sangaletti\"},\"url\":\"https:\/\/universofamilia.com\/de\/author\/matheuss\/\"}]}<\/script>\n<!-- \/ Yoast SEO plugin. -->","yoast_head_json":{"title":"10 acciones sustentables para reducir la crisis ambiental - Universo Fam\u00edlia","description":"Las 10 acciones sustentables para reducir los efectos de la crisis ambiental se han convertido en una prioridad urgente para la humanidad.","robots":{"index":"index","follow":"follow","max-snippet":"max-snippet:-1","max-image-preview":"max-image-preview:large","max-video-preview":"max-video-preview:-1"},"canonical":"https:\/\/universofamilia.com\/de\/ambiental\/","og_locale":"de_DE","og_type":"article","og_title":"10 acciones sustentables para reducir la crisis ambiental - Universo Fam\u00edlia","og_description":"Las 10 acciones sustentables para reducir los efectos de la crisis ambiental se han convertido en una prioridad urgente para la humanidad.","og_url":"https:\/\/universofamilia.com\/de\/ambiental\/","og_site_name":"Universo Fam\u00edlia","article_published_time":"2025-10-13T15:50:28+00:00","article_modified_time":"2025-10-16T18:40:53+00:00","og_image":[{"width":450,"height":250,"url":"https:\/\/universofamilia.com\/wp-content\/uploads\/sites\/148\/2025\/10\/Destaque-Novo-Universo-2.jpg","type":"image\/jpeg"}],"author":"Matheus Sangaletti","twitter_card":"summary_large_image","twitter_misc":{"Written by":"Matheus Sangaletti","Est. reading time":"10 Minuten"},"schema":{"@context":"https:\/\/schema.org","@graph":[{"@type":"WebPage","@id":"https:\/\/universofamilia.com\/ko\/ambiental\/","url":"https:\/\/universofamilia.com\/ko\/ambiental\/","name":"10 acciones sustentables para reducir la crisis ambiental - Universo Fam\u00edlia","isPartOf":{"@id":"https:\/\/universofamilia.com\/el\/#website"},"primaryImageOfPage":{"@id":"https:\/\/universofamilia.com\/ko\/ambiental\/#primaryimage"},"image":{"@id":"https:\/\/universofamilia.com\/ko\/ambiental\/#primaryimage"},"thumbnailUrl":"https:\/\/universofamilia.com\/wp-content\/uploads\/sites\/148\/2025\/10\/Destaque-Novo-Universo-2.jpg","datePublished":"2025-10-13T15:50:28+00:00","dateModified":"2025-10-16T18:40:53+00:00","author":{"@id":"https:\/\/universofamilia.com\/el\/#\/schema\/person\/92fcd07e9b1f4323bf74f3170fc0f78a"},"description":"Las 10 acciones sustentables para reducir los efectos de la crisis ambiental se han convertido en una prioridad urgente para la humanidad.","breadcrumb":{"@id":"https:\/\/universofamilia.com\/ko\/ambiental\/#breadcrumb"},"inLanguage":"de-CH","potentialAction":[{"@type":"ReadAction","target":["https:\/\/universofamilia.com\/ko\/ambiental\/"]}]},{"@type":"ImageObject","inLanguage":"de-CH","@id":"https:\/\/universofamilia.com\/ko\/ambiental\/#primaryimage","url":"https:\/\/universofamilia.com\/wp-content\/uploads\/sites\/148\/2025\/10\/Destaque-Novo-Universo-2.jpg","contentUrl":"https:\/\/universofamilia.com\/wp-content\/uploads\/sites\/148\/2025\/10\/Destaque-Novo-Universo-2.jpg","width":450,"height":250},{"@type":"BreadcrumbList","@id":"https:\/\/universofamilia.com\/ko\/ambiental\/#breadcrumb","itemListElement":[{"@type":"ListItem","position":1,"name":"Home","item":"https:\/\/universofamilia.com\/el\/"},{"@type":"ListItem","position":2,"name":"10 acciones sustentables para reducir la crisis ambiental"}]},{"@type":"WebSite","@id":"https:\/\/universofamilia.com\/el\/#website","url":"https:\/\/universofamilia.com\/el\/","name":"Universo Fam\u00edlia","description":"","potentialAction":[{"@type":"SearchAction","target":{"@type":"EntryPoint","urlTemplate":"https:\/\/universofamilia.com\/el\/?s={search_term_string}"},"query-input":"required name=search_term_string"}],"inLanguage":"de-CH"},{"@type":"Person","@id":"https:\/\/universofamilia.com\/el\/#\/schema\/person\/92fcd07e9b1f4323bf74f3170fc0f78a","name":"Matheus Sangaletti","image":{"@type":"ImageObject","inLanguage":"de-CH","@id":"https:\/\/universofamilia.com\/el\/#\/schema\/person\/image\/","url":"https:\/\/secure.gravatar.com\/avatar\/280ea957a14a48e6a1ad2133d2cc27c9?s=96&d=mm&r=g","contentUrl":"https:\/\/secure.gravatar.com\/avatar\/280ea957a14a48e6a1ad2133d2cc27c9?s=96&d=mm&r=g","caption":"Matheus Sangaletti"},"url":"https:\/\/universofamilia.com\/de\/author\/matheuss\/"}]}},"_links":{"self":[{"href":"https:\/\/universofamilia.com\/de\/wp-json\/wp\/v2\/posts\/10073"}],"collection":[{"href":"https:\/\/universofamilia.com\/de\/wp-json\/wp\/v2\/posts"}],"about":[{"href":"https:\/\/universofamilia.com\/de\/wp-json\/wp\/v2\/types\/post"}],"author":[{"embeddable":true,"href":"https:\/\/universofamilia.com\/de\/wp-json\/wp\/v2\/users\/219"}],"replies":[{"embeddable":true,"href":"https:\/\/universofamilia.com\/de\/wp-json\/wp\/v2\/comments?post=10073"}],"version-history":[{"count":2,"href":"https:\/\/universofamilia.com\/de\/wp-json\/wp\/v2\/posts\/10073\/revisions"}],"predecessor-version":[{"id":10170,"href":"https:\/\/universofamilia.com\/de\/wp-json\/wp\/v2\/posts\/10073\/revisions\/10170"}],"wp:featuredmedia":[{"embeddable":true,"href":"https:\/\/universofamilia.com\/de\/wp-json\/wp\/v2\/media\/10074"}],"wp:attachment":[{"href":"https:\/\/universofamilia.com\/de\/wp-json\/wp\/v2\/media?parent=10073"}],"wp:term":[{"taxonomy":"category","embeddable":true,"href":"https:\/\/universofamilia.com\/de\/wp-json\/wp\/v2\/categories?post=10073"},{"taxonomy":"post_tag","embeddable":true,"href":"https:\/\/universofamilia.com\/de\/wp-json\/wp\/v2\/tags?post=10073"}],"curies":[{"name":"wp","href":"https:\/\/api.w.org\/{rel}","templated":true}]}}