{"id":10165,"date":"2025-10-16T15:39:54","date_gmt":"2025-10-16T18:39:54","guid":{"rendered":"https:\/\/universofamilia.com\/?p=10165"},"modified":"2025-10-16T15:39:57","modified_gmt":"2025-10-16T18:39:57","slug":"elecciones-en-todo-el-mundo-en-2025-tendencias-y-retos","status":"publish","type":"post","link":"https:\/\/universofamilia.com\/de\/elecciones-en-todo-el-mundo-en-2025-tendencias-y-retos\/","title":{"rendered":"Wahlen weltweit im Jahr 2025: Trends und Herausforderungen"},"content":{"rendered":"<p class=\"has-text-align-center\">Aus dem ersten Absatz: <strong>Wahlen weltweit im Jahr 2025: Trends und Herausforderungen<\/strong> Es handelt sich nicht nur um eine Schlagzeile: Es bietet eine anschauliche Momentaufnahme der politischen Konflikte, demokratischen Neuerungen und Risiken, die den globalen Kurs bestimmen.<\/p>\n\n\n\n<figure class=\"wp-block-gallery aligncenter has-nested-images columns-default is-cropped wp-block-gallery-1 is-layout-flex wp-block-gallery-is-layout-flex\">\n<figure class=\"wp-block-image size-full\"><img loading=\"lazy\" decoding=\"async\" width=\"450\" height=\"250\" data-id=\"10167\" src=\"https:\/\/universofamilia.com\/wp-content\/uploads\/sites\/148\/2025\/10\/Destaque-Novo-Universo-9-1.jpg\" alt=\"\" class=\"wp-image-10167\" srcset=\"https:\/\/universofamilia.com\/wp-content\/uploads\/sites\/148\/2025\/10\/Destaque-Novo-Universo-9-1.jpg 450w, https:\/\/universofamilia.com\/wp-content\/uploads\/sites\/148\/2025\/10\/Destaque-Novo-Universo-9-1-300x167.jpg 300w, https:\/\/universofamilia.com\/wp-content\/uploads\/sites\/148\/2025\/10\/Destaque-Novo-Universo-9-1-18x10.jpg 18w\" sizes=\"(max-width: 450px) 100vw, 450px\" \/><figcaption class=\"wp-element-caption\">CANVA<\/figcaption><\/figure>\n<\/figure>\n\n\n\n<p class=\"has-text-align-center\">Hier ist eine zielgerichtete Analyse: Sie werden die Kr\u00e4fte verstehen, die die aktuellen Wahlen beeinflussen, die dringendsten Hindernisse und wie die B\u00fcrger ihre Repr\u00e4sentationssysteme st\u00e4rken k\u00f6nnen.<\/p>\n\n\n\n<p><strong>Zusammenfassung<\/strong><\/p>\n\n\n\n<ul>\n<li>\u00dcberblick: Warum 2025 wichtig ist<\/li>\n\n\n\n<li>Dominierende Trends im Wahlprozess<\/li>\n\n\n\n<li>Herausforderungen, die die demokratische Legitimit\u00e4t bedrohen<\/li>\n\n\n\n<li>Zwei illustrative F\u00e4lle<\/li>\n\n\n\n<li>Strategien zum Schutz glaubw\u00fcrdiger Wahlen<\/li>\n\n\n\n<li>Reflektierende Schlussfolgerung<\/li>\n\n\n\n<li>H\u00e4ufig gestellte Fragen<\/li>\n<\/ul>\n\n\n\n<h2 class=\"wp-block-heading\">\u00dcberblick: Warum 2025 wichtig ist<\/h2>\n\n\n\n<p>Dieses Jahr markiert einen Wendepunkt: Nach den massiven Wahlzyklen in den Jahren 2023 und 2024 sind die Erwartungen auf eine Konsolidierung der Fortschritte oder eine Versch\u00e4rfung der R\u00fcckschl\u00e4ge gerichtet.<\/p>\n\n\n\n<p>Laut dem International IDEA Index hat die Glaubw\u00fcrdigkeit der Wahlen weltweit abgenommen. F\u00fcr das Jahr 2023 wird der historisch gr\u00f6\u00dfte R\u00fcckgang an freien und fairen Wahlen verzeichnet.<\/p>\n\n\n\n<p>Bei fast 20 nationalen Wahlen in j\u00fcngster Zeit hat mindestens ein unterlegener Kandidat die Ergebnisse abgelehnt.<\/p>\n\n\n\n<p>Wenn Sie dar\u00fcber sprechen <strong>Wahlen weltweit im Jahr 2025: Trends und Herausforderungen<\/strong>Sie verlangen keinen optimistischen Ausblick, sondern eine klare und kritische Vision: Sie wissen, dass das Vertrauen erodiert, aber auch, dass Handlungsspielraum besteht.<\/p>\n\n\n\n<h2 class=\"wp-block-heading\">Dominierende Trends im Wahlprozess<\/h2>\n\n\n\n<h3 class=\"wp-block-heading\">Digitalisierung und neue Wahlmethoden<\/h3>\n\n\n\n<p>Die Einf\u00fchrung digitaler Mechanismen wie Fernabstimmungen, verschl\u00fcsselter Plattformen und technologischer Audits nimmt zu. <\/p>\n\n\n\n<p>Eine aktuelle Studie schl\u00e4gt Systeme vor, die auf <strong>Blockchain<\/strong> um die Transparenz zu erh\u00f6hen und Schwachstellen zu verringern.<\/p>\n\n\n\n<p>Dieser technologische Wandel kann ein m\u00e4chtiger Verb\u00fcndeter sein, erfordert jedoch robuste Sicherheits- und Aufsichtsbedingungen.<\/p>\n\n\n\n<h3 class=\"wp-block-heading\">R\u00fcckgang der Teilnahme und verst\u00e4rkte Befragung<\/h3>\n\n\n\n<p>Die sinkende Beteiligungsquote ist ein sichtbares Symptom: Der demokratische Markt verliert K\u00e4ufer.<\/p>\n\n\n\n<p>Von 2008 bis 2023 stieg die weltweite durchschnittliche Wahlbeteiligung von 65,2 % im % auf 55,5 % im %.<\/p>\n\n\n\n<p>Dieser Unterschied ist nicht nur statistischer Natur: Es geht um Tausende von Stimmen, die sich nicht mehr vertreten f\u00fchlen.<\/p>\n\n\n\n<p>Die Glaubw\u00fcrdigkeit der Wahlen steht unter Druck: Der IDEA-Bericht zeigt, dass im Jahr 2024 ein Drittel der W\u00e4hler in L\u00e4ndern ihre Stimme abgeben werden, deren Wahlprozesse von geringerer Qualit\u00e4t sind als bei fr\u00fcheren Wahlen.<\/p>\n\n\n\n<h3 class=\"wp-block-heading\">Polarisierung, digitale Manipulation und institutionelle Fragilit\u00e4t<\/h3>\n\n\n\n<p>Gezielte Propaganda, automatisierte Kampagnen, Deepfakes und Astroturfing lauern.<\/p>\n\n\n\n<p>In Europa wurden F\u00e4lle dokumentiert, in denen der Einsatz von Algorithmen bestimmte Kandidaten bevorzugte und zur teilweisen Annullierung der Ergebnisse f\u00fchrte.<\/p>\n\n\n\n<p>Dieses Zusammentreffen von Technologie und politischem Streit macht jede Wahl zu einem unsichtbaren Schlachtfeld.<\/p>\n\n\n\n<p>In diesem Szenario spielen Wahlinstitutionen, unabh\u00e4ngige Medien und Rechnungspr\u00fcfungen eine entscheidende Rolle.<\/p>\n\n\n\n<h2 class=\"wp-block-heading\">Herausforderungen, die die demokratische Legitimit\u00e4t bedrohen<\/h2>\n\n\n\n<h3 class=\"wp-block-heading\">Systemische Fehlinformationen<\/h3>\n\n\n\n<p>Da soziale Medien ein m\u00e4chtiger Vektor sind, kann die Verbreitung von Fake News die Agenda verzerren, Gesellschaften polarisieren und das institutionelle Vertrauen schw\u00e4chen.<\/p>\n\n\n\n<p>Dies ist ein stiller, aber t\u00f6dlicher Feind.<\/p>\n\n\n\n<h3 class=\"wp-block-heading\">Institutionelle Vereinnahmung und sanfter Betrug<\/h3>\n\n\n\n<p>Wenn die Regierungspartei Wahlregeln manipuliert, unabh\u00e4ngige Gremien kontrolliert oder staatliche Ressourcen zu ihrem eigenen Vorteil nutzt, sind die Wettbewerbsbedingungen ungleich.<\/p>\n\n\n\n<p>In Burundi beispielsweise endeten die Parlamentswahlen 2025 mit dem Ausschluss der Opposition und dem absoluten Sieg der Regierungspartei.<\/p>\n\n\n\n<p>Ein weiterer bemerkenswerter Fall ist Wei\u00dfrussland: Pr\u00e4sident Lukaschenko gewann bei einer Wahl, die weithin als Farce bezeichnet wurde, mehr als 85 % der Stimmen.<\/p>\n\n\n\n<p>Es ist eine Metapher f\u00fcr das Wahlsystem, die zu einer Zeremonie umgestaltet wurde.<\/p>\n\n\n\n<h3 class=\"wp-block-heading\">Soziale und Zugangsl\u00fccken<\/h3>\n\n\n\n<p>Strukturelle Ungleichheit, mangelnde Dienstleistungen, geografische Barrieren und ein digitales Defizit dr\u00e4ngen ganze Teile der W\u00e4hlerschaft an den Rand. Wenn B\u00fcrger keine Informationen erhalten, sich nicht registrieren lassen oder nicht zu einem Wahllokal gelangen k\u00f6nnen, werden ihre politischen Rechte eingeschr\u00e4nkt.<\/p>\n\n\n\n<h3 class=\"wp-block-heading\">Gewalt und Unsicherheit bei den Wahlen<\/h3>\n\n\n\n<p>In vielen L\u00e4ndern werden Kandidaten bedroht, Wahllokale angegriffen und Demonstranten unterdr\u00fcckt.<\/p>\n\n\n\n<p>Laut Freedom House kam es im Jahr 2024 in mehr als 40 Gebieten mit nationalen Wahlen zu Gewalttaten, Einsch\u00fcchterungen oder Aggressionen.<\/p>\n\n\n\n<p>Die Bedrohung ist nicht hypothetisch: Sie hat ein Gesicht, Auswirkungen und reale Konsequenzen f\u00fcr die Wahrnehmung der Legitimit\u00e4t.<\/p>\n\n\n\n<h2 class=\"wp-block-heading\">Zwei anschauliche Beispiele<\/h2>\n\n\n\n<p><strong>Fall 1: Ecuador 2025 (Lateinamerika)<\/strong><br>Bei den Parlamentswahlen in Ecuador im Februar und April 2025 lag die Wahlbeteiligung bei 82 % (%).<\/p>\n\n\n\n<p>Es stellen sich Fragen: Was treibt diese Mobilisierung trotz der weit verbreiteten Ern\u00fcchterung an?<\/p>\n\n\n\n<p>Zu den genannten Faktoren z\u00e4hlen eine starke Polarisierung, die Pr\u00e4senz medienfreundlicher Kandidaten und ein aktives B\u00fcrgerbewusstsein. <\/p>\n\n\n\n<p>Es ist ein Beispiel daf\u00fcr, dass selbst in angespannten Situationen durch kollektives Handeln Trends umgekehrt werden k\u00f6nnen.<\/p>\n\n\n\n<p><strong>Fall 2: Liechtenstein 2025 (Europa)<\/strong><br>In einem wesentlich st\u00e4rker institutionalisierten Kontext hielt Liechtenstein Parlamentswahlen mit einer Wahlbeteiligung von 76,3 Prozent ab.<\/p>\n\n\n\n<p>Das Ergebnis war weder spektakul\u00e4r noch dramatisch, aber es zeigt, dass es auch in Kleinststaaten auf die Qualit\u00e4t des Prozesses ankommt: Transparenz, Pluralismus und klare Regeln schaffen Vertrauen.<\/p>\n\n\n\n<p>Diese Beispiele stellen verschiedene Szenarien gegen\u00fcber, eines mit strukturellen Spannungen der Demokratie und ein anderes mit institutioneller Stabilit\u00e4t, aber beide best\u00e4tigen, dass <strong>Wahlen weltweit im Jahr 2025: Trends und Herausforderungen<\/strong> unter unterschiedlichen Realit\u00e4ten agieren.<\/p>\n\n\n\n<h2 class=\"wp-block-heading\">Strategien zum Schutz glaubw\u00fcrdiger Wahlen<\/h2>\n\n\n\n<h3 class=\"wp-block-heading\">Digitale politische Bildung<\/h3>\n\n\n\n<p>Informieren Sie die \u00d6ffentlichkeit \u00fcber Medienkompetenz, institutionelle Funktionsweise, Quellen\u00fcberpr\u00fcfung und Meldekan\u00e4le.<\/p>\n\n\n\n<p>Wenn die B\u00fcrger wissen, wie Betrug funktioniert, reagieren sie schneller.<\/p>\n\n\n\n<h3 class=\"wp-block-heading\">Inklusive Beobachtung und unabh\u00e4ngige Audits<\/h3>\n\n\n\n<p>F\u00f6rdern Sie lokale und internationale Missionen, den \u00f6ffentlichen Zugang zur Stimmenausz\u00e4hlung, Transparenzpr\u00fcfungen und die Beteiligung zivilgesellschaftlicher Organisationen.<\/p>\n\n\n\n<p>Die kollektive \u00dcberwachung dient der abschreckenden Kontrolle.<\/p>\n\n\n\n<h3 class=\"wp-block-heading\">Spezifische Regelungen f\u00fcr digitale Kampagnen<\/h3>\n\n\n\n<p>Setzen Sie Grenzen f\u00fcr die Netzwerkfinanzierung, verlangen Sie algorithmische Transparenz, regulieren Sie den Einsatz von KI in der politischen Propaganda und bestrafen Sie die Verwendung anonymer Bots.<\/p>\n\n\n\n<p>Der digitale Rechtsrahmen muss mit dem technologischen Fortschritt Schritt halten.<\/p>\n\n\n\n<h3 class=\"wp-block-heading\">Abstimmungserleichterung<\/h3>\n\n\n\n<p>F\u00fchren Sie Mechanismen zur vorzeitigen Stimmabgabe, verl\u00e4ngerte \u00d6ffnungszeiten, mobile Wahllokale und die M\u00f6glichkeit zur Stimmabgabe im Ausland ein und beseitigen Sie willk\u00fcrliche Registrierungsh\u00fcrden, damit jeder B\u00fcrger sein Recht aus\u00fcben kann.<\/p>\n\n\n\n<h3 class=\"wp-block-heading\">Robuster institutioneller Schutz<\/h3>\n\n\n\n<p>Stellen Sie sicher, dass die Wahlgremien autonom sind, ausreichend finanziert werden und einer zivilen Aufsicht unterliegen. Werden sie vereinnahmt, bricht der gesamte Prozess zusammen.<\/p>\n\n\n\n<figure class=\"wp-block-gallery aligncenter has-nested-images columns-default is-cropped wp-block-gallery-2 is-layout-flex wp-block-gallery-is-layout-flex\">\n<figure class=\"wp-block-image size-full\"><img loading=\"lazy\" decoding=\"async\" width=\"450\" height=\"250\" data-id=\"10168\" src=\"https:\/\/universofamilia.com\/wp-content\/uploads\/sites\/148\/2025\/10\/Destaque-Novo-Universo-10.jpg\" alt=\"\" class=\"wp-image-10168\" srcset=\"https:\/\/universofamilia.com\/wp-content\/uploads\/sites\/148\/2025\/10\/Destaque-Novo-Universo-10.jpg 450w, https:\/\/universofamilia.com\/wp-content\/uploads\/sites\/148\/2025\/10\/Destaque-Novo-Universo-10-300x167.jpg 300w, https:\/\/universofamilia.com\/wp-content\/uploads\/sites\/148\/2025\/10\/Destaque-Novo-Universo-10-18x10.jpg 18w\" sizes=\"(max-width: 450px) 100vw, 450px\" \/><figcaption class=\"wp-element-caption\">CANVA<\/figcaption><\/figure>\n<\/figure>\n\n\n\n<p>Mehr lesen:\u00a0<a href=\"https:\/\/universofamilia.com\/de\/crisis-climatica-global\/\">Globale Klimakrise: Die Auswirkungen betreffen bereits Millionen<\/a><\/p>\n\n\n\n<h2 class=\"wp-block-heading\">Reflektierende Schlussfolgerung<\/h2>\n\n\n\n<p>Wenn man bedenkt, <strong>Wahlen weltweit im Jahr 2025: Trends und Herausforderungen<\/strong>, Sie stehen nicht vor einer akademischen \u00dcbung: Sie stehen vor der kollektiven Verantwortung, R\u00e4ume echter Wahlfreiheit zu verteidigen.<\/p>\n\n\n\n<p>Es reicht nicht aus, einfach zum Wahllokal zu gehen; es ist unerl\u00e4sslich, Integrit\u00e4t, Wachsamkeit und Fairness einzufordern.<\/p>\n\n\n\n<p>Bei Wahlen muss es weiterhin darum gehen, dass die Stimme des B\u00fcrgers entscheidet, und nicht darum, sie vorzut\u00e4uschen.<\/p>\n\n\n\n<p>Wenn man zul\u00e4sst, dass sich die Macht daran gew\u00f6hnt, ohne Konsequenzen zu manipulieren, gibt es kein Zur\u00fcck mehr.<\/p>\n\n\n\n<p>Doch jede Reform, jeder Beobachter, der Transparenz fordert, und jeder Nachbar, der Unregelm\u00e4\u00dfigkeiten anprangert, baut eine Barriere gegen den Autoritarismus auf.<\/p>\n\n\n\n<p>Und Sie? Werden Sie den Prozess ohne Widerstand ablaufen lassen oder werden Sie auch zum aktiven H\u00fcter der legitimen Wahl werden?<\/p>\n\n\n\n<p>Mehr lesen:\u00a0<a href=\"https:\/\/universofamilia.com\/de\/ambiental\/\">10 nachhaltige Ma\u00dfnahmen zur Verringerung der Umweltkrise<\/a><\/p>\n\n\n\n<h2 class=\"wp-block-heading\">H\u00e4ufig gestellte Fragen<\/h2>\n\n\n\n<p><strong>Warum ist die B\u00fcrgerbeteiligung heute so gering?<\/strong><br>Weil viele Menschen den politischen Parteien nicht vertrauen, das Gef\u00fchl haben, ihre Stimme z\u00e4hle nichts, ihnen verl\u00e4ssliche Informationen fehlen oder sie praktische Hindernisse bei der Stimmabgabe haben.<\/p>\n\n\n\n<p><strong>Ist durch den Einsatz von Wahltechnologie Integrit\u00e4t gew\u00e4hrleistet?<\/strong><br>Nicht unbedingt. Wenn dies nicht von strengen Audits, umfassender Transparenz und klaren Standards begleitet wird, kann es mehr Schwachstellen als L\u00f6sungen schaffen.<\/p>\n\n\n\n<p><strong>In welchen L\u00e4ndern sind besorgniserregende demokratische R\u00fcckschritte zu beobachten?<\/strong><br>In mehreren Staaten mit starker Regierungsf\u00fchrung wie Wei\u00dfrussland, Burundi und anderen wird die Opposition systematisch ausgeschlossen oder unterdr\u00fcckt.<\/p>\n\n\n\n<p><strong>Wie k\u00f6nnen sich B\u00fcrger an der Verteidigung fairer Wahlen beteiligen?<\/strong><br>Unregelm\u00e4\u00dfigkeiten melden, Beobachtungsstellen unterst\u00fctzen, Zugang zu Wahldaten fordern, an \u00f6ffentlichen Debatten teilnehmen und Rechtsreformen fordern.<\/p>","protected":false},"excerpt":{"rendered":"<p>Desde el primer p\u00e1rrafo: Elecciones en todo el mundo en 2025: tendencias y retos no es solo un titular: implica una radiograf\u00eda viva de conflictos pol\u00edticos, innovaciones democr\u00e1ticas y riesgos que definen el rumbo global. Aqu\u00ed tienes un an\u00e1lisis con prop\u00f3sito: comprender\u00e1s qu\u00e9 fuerzas moldean los comicios actuales, cu\u00e1les son sus obst\u00e1culos m\u00e1s urgentes y [&hellip;]<\/p>","protected":false},"author":219,"featured_media":10166,"comment_status":"closed","ping_status":"open","sticky":false,"template":"","format":"standard","meta":{"footnotes":""},"categories":[4],"tags":[],"yoast_head":"<!-- This site is optimized with the Yoast SEO plugin v23.3 - https:\/\/yoast.com\/wordpress\/plugins\/seo\/ -->\n<title>Elecciones en todo el mundo en 2025: tendencias y retos - Universo Fam\u00edlia<\/title>\n<meta name=\"description\" content=\"Desde el primer p\u00e1rrafo: Elecciones en todo el mundo en 2025: tendencias y retos no es solo un titular: implica una radiograf\u00eda viva de...\" \/>\n<meta name=\"robots\" content=\"index, follow, max-snippet:-1, max-image-preview:large, max-video-preview:-1\" \/>\n<link rel=\"canonical\" href=\"http:\/\/universofamilia.com\/de\/elecciones-en-todo-el-mundo-en-2025-tendencias-y-retos\/\" \/>\n<meta property=\"og:locale\" content=\"de_DE\" \/>\n<meta property=\"og:type\" content=\"article\" \/>\n<meta property=\"og:title\" content=\"Elecciones en todo el mundo en 2025: tendencias y retos - Universo Fam\u00edlia\" \/>\n<meta property=\"og:description\" content=\"Desde el primer p\u00e1rrafo: Elecciones en todo el mundo en 2025: tendencias y retos no es solo un titular: implica una radiograf\u00eda viva de...\" \/>\n<meta property=\"og:url\" content=\"http:\/\/universofamilia.com\/de\/elecciones-en-todo-el-mundo-en-2025-tendencias-y-retos\/\" \/>\n<meta property=\"og:site_name\" content=\"Universo Fam\u00edlia\" \/>\n<meta property=\"article:published_time\" content=\"2025-10-16T18:39:54+00:00\" \/>\n<meta property=\"article:modified_time\" content=\"2025-10-16T18:39:57+00:00\" \/>\n<meta property=\"og:image\" content=\"http:\/\/universofamilia.com\/wp-content\/uploads\/sites\/148\/2025\/10\/Destaque-Novo-Universo-9.jpg\" \/>\n\t<meta property=\"og:image:width\" content=\"450\" \/>\n\t<meta property=\"og:image:height\" content=\"250\" \/>\n\t<meta property=\"og:image:type\" content=\"image\/jpeg\" \/>\n<meta name=\"author\" content=\"Matheus Sangaletti\" \/>\n<meta name=\"twitter:card\" content=\"summary_large_image\" \/>\n<meta name=\"twitter:label1\" content=\"Written by\" \/>\n\t<meta name=\"twitter:data1\" content=\"Matheus Sangaletti\" \/>\n\t<meta name=\"twitter:label2\" content=\"Est. reading time\" \/>\n\t<meta name=\"twitter:data2\" content=\"8 Minuten\" \/>\n<script type=\"application\/ld+json\" class=\"yoast-schema-graph\">{\"@context\":\"https:\/\/schema.org\",\"@graph\":[{\"@type\":\"WebPage\",\"@id\":\"http:\/\/universofamilia.com\/zh_hk\/elecciones-en-todo-el-mundo-en-2025-tendencias-y-retos\/\",\"url\":\"http:\/\/universofamilia.com\/zh_hk\/elecciones-en-todo-el-mundo-en-2025-tendencias-y-retos\/\",\"name\":\"Elecciones en todo el mundo en 2025: tendencias y retos - Universo Fam\u00edlia\",\"isPartOf\":{\"@id\":\"https:\/\/universofamilia.com\/el\/#website\"},\"primaryImageOfPage\":{\"@id\":\"http:\/\/universofamilia.com\/zh_hk\/elecciones-en-todo-el-mundo-en-2025-tendencias-y-retos\/#primaryimage\"},\"image\":{\"@id\":\"http:\/\/universofamilia.com\/zh_hk\/elecciones-en-todo-el-mundo-en-2025-tendencias-y-retos\/#primaryimage\"},\"thumbnailUrl\":\"https:\/\/universofamilia.com\/wp-content\/uploads\/sites\/148\/2025\/10\/Destaque-Novo-Universo-9.jpg\",\"datePublished\":\"2025-10-16T18:39:54+00:00\",\"dateModified\":\"2025-10-16T18:39:57+00:00\",\"author\":{\"@id\":\"https:\/\/universofamilia.com\/el\/#\/schema\/person\/92fcd07e9b1f4323bf74f3170fc0f78a\"},\"description\":\"Desde el primer p\u00e1rrafo: Elecciones en todo el mundo en 2025: tendencias y retos no es solo un titular: implica una radiograf\u00eda viva de...\",\"breadcrumb\":{\"@id\":\"http:\/\/universofamilia.com\/zh_hk\/elecciones-en-todo-el-mundo-en-2025-tendencias-y-retos\/#breadcrumb\"},\"inLanguage\":\"de-CH\",\"potentialAction\":[{\"@type\":\"ReadAction\",\"target\":[\"http:\/\/universofamilia.com\/zh_hk\/elecciones-en-todo-el-mundo-en-2025-tendencias-y-retos\/\"]}]},{\"@type\":\"ImageObject\",\"inLanguage\":\"de-CH\",\"@id\":\"http:\/\/universofamilia.com\/zh_hk\/elecciones-en-todo-el-mundo-en-2025-tendencias-y-retos\/#primaryimage\",\"url\":\"https:\/\/universofamilia.com\/wp-content\/uploads\/sites\/148\/2025\/10\/Destaque-Novo-Universo-9.jpg\",\"contentUrl\":\"https:\/\/universofamilia.com\/wp-content\/uploads\/sites\/148\/2025\/10\/Destaque-Novo-Universo-9.jpg\",\"width\":450,\"height\":250},{\"@type\":\"BreadcrumbList\",\"@id\":\"http:\/\/universofamilia.com\/zh_hk\/elecciones-en-todo-el-mundo-en-2025-tendencias-y-retos\/#breadcrumb\",\"itemListElement\":[{\"@type\":\"ListItem\",\"position\":1,\"name\":\"Home\",\"item\":\"https:\/\/universofamilia.com\/el\/\"},{\"@type\":\"ListItem\",\"position\":2,\"name\":\"Elecciones en todo el mundo en 2025: tendencias y retos\"}]},{\"@type\":\"WebSite\",\"@id\":\"https:\/\/universofamilia.com\/el\/#website\",\"url\":\"https:\/\/universofamilia.com\/el\/\",\"name\":\"Universo Fam\u00edlia\",\"description\":\"\",\"potentialAction\":[{\"@type\":\"SearchAction\",\"target\":{\"@type\":\"EntryPoint\",\"urlTemplate\":\"https:\/\/universofamilia.com\/el\/?s={search_term_string}\"},\"query-input\":\"required name=search_term_string\"}],\"inLanguage\":\"de-CH\"},{\"@type\":\"Person\",\"@id\":\"https:\/\/universofamilia.com\/el\/#\/schema\/person\/92fcd07e9b1f4323bf74f3170fc0f78a\",\"name\":\"Matheus Sangaletti\",\"image\":{\"@type\":\"ImageObject\",\"inLanguage\":\"de-CH\",\"@id\":\"https:\/\/universofamilia.com\/el\/#\/schema\/person\/image\/\",\"url\":\"https:\/\/secure.gravatar.com\/avatar\/280ea957a14a48e6a1ad2133d2cc27c9?s=96&d=mm&r=g\",\"contentUrl\":\"https:\/\/secure.gravatar.com\/avatar\/280ea957a14a48e6a1ad2133d2cc27c9?s=96&d=mm&r=g\",\"caption\":\"Matheus Sangaletti\"},\"url\":\"https:\/\/universofamilia.com\/de\/author\/matheuss\/\"}]}<\/script>\n<!-- \/ Yoast SEO plugin. -->","yoast_head_json":{"title":"Elecciones en todo el mundo en 2025: tendencias y retos - Universo Fam\u00edlia","description":"Desde el primer p\u00e1rrafo: Elecciones en todo el mundo en 2025: tendencias y retos no es solo un titular: implica una radiograf\u00eda viva de...","robots":{"index":"index","follow":"follow","max-snippet":"max-snippet:-1","max-image-preview":"max-image-preview:large","max-video-preview":"max-video-preview:-1"},"canonical":"http:\/\/universofamilia.com\/de\/elecciones-en-todo-el-mundo-en-2025-tendencias-y-retos\/","og_locale":"de_DE","og_type":"article","og_title":"Elecciones en todo el mundo en 2025: tendencias y retos - Universo Fam\u00edlia","og_description":"Desde el primer p\u00e1rrafo: Elecciones en todo el mundo en 2025: tendencias y retos no es solo un titular: implica una radiograf\u00eda viva de...","og_url":"http:\/\/universofamilia.com\/de\/elecciones-en-todo-el-mundo-en-2025-tendencias-y-retos\/","og_site_name":"Universo Fam\u00edlia","article_published_time":"2025-10-16T18:39:54+00:00","article_modified_time":"2025-10-16T18:39:57+00:00","og_image":[{"width":450,"height":250,"url":"http:\/\/universofamilia.com\/wp-content\/uploads\/sites\/148\/2025\/10\/Destaque-Novo-Universo-9.jpg","type":"image\/jpeg"}],"author":"Matheus Sangaletti","twitter_card":"summary_large_image","twitter_misc":{"Written by":"Matheus Sangaletti","Est. reading time":"8 Minuten"},"schema":{"@context":"https:\/\/schema.org","@graph":[{"@type":"WebPage","@id":"http:\/\/universofamilia.com\/zh_hk\/elecciones-en-todo-el-mundo-en-2025-tendencias-y-retos\/","url":"http:\/\/universofamilia.com\/zh_hk\/elecciones-en-todo-el-mundo-en-2025-tendencias-y-retos\/","name":"Elecciones en todo el mundo en 2025: tendencias y retos - Universo Fam\u00edlia","isPartOf":{"@id":"https:\/\/universofamilia.com\/el\/#website"},"primaryImageOfPage":{"@id":"http:\/\/universofamilia.com\/zh_hk\/elecciones-en-todo-el-mundo-en-2025-tendencias-y-retos\/#primaryimage"},"image":{"@id":"http:\/\/universofamilia.com\/zh_hk\/elecciones-en-todo-el-mundo-en-2025-tendencias-y-retos\/#primaryimage"},"thumbnailUrl":"https:\/\/universofamilia.com\/wp-content\/uploads\/sites\/148\/2025\/10\/Destaque-Novo-Universo-9.jpg","datePublished":"2025-10-16T18:39:54+00:00","dateModified":"2025-10-16T18:39:57+00:00","author":{"@id":"https:\/\/universofamilia.com\/el\/#\/schema\/person\/92fcd07e9b1f4323bf74f3170fc0f78a"},"description":"Desde el primer p\u00e1rrafo: Elecciones en todo el mundo en 2025: tendencias y retos no es solo un titular: implica una radiograf\u00eda viva de...","breadcrumb":{"@id":"http:\/\/universofamilia.com\/zh_hk\/elecciones-en-todo-el-mundo-en-2025-tendencias-y-retos\/#breadcrumb"},"inLanguage":"de-CH","potentialAction":[{"@type":"ReadAction","target":["http:\/\/universofamilia.com\/zh_hk\/elecciones-en-todo-el-mundo-en-2025-tendencias-y-retos\/"]}]},{"@type":"ImageObject","inLanguage":"de-CH","@id":"http:\/\/universofamilia.com\/zh_hk\/elecciones-en-todo-el-mundo-en-2025-tendencias-y-retos\/#primaryimage","url":"https:\/\/universofamilia.com\/wp-content\/uploads\/sites\/148\/2025\/10\/Destaque-Novo-Universo-9.jpg","contentUrl":"https:\/\/universofamilia.com\/wp-content\/uploads\/sites\/148\/2025\/10\/Destaque-Novo-Universo-9.jpg","width":450,"height":250},{"@type":"BreadcrumbList","@id":"http:\/\/universofamilia.com\/zh_hk\/elecciones-en-todo-el-mundo-en-2025-tendencias-y-retos\/#breadcrumb","itemListElement":[{"@type":"ListItem","position":1,"name":"Home","item":"https:\/\/universofamilia.com\/el\/"},{"@type":"ListItem","position":2,"name":"Elecciones en todo el mundo en 2025: tendencias y retos"}]},{"@type":"WebSite","@id":"https:\/\/universofamilia.com\/el\/#website","url":"https:\/\/universofamilia.com\/el\/","name":"Universo Fam\u00edlia","description":"","potentialAction":[{"@type":"SearchAction","target":{"@type":"EntryPoint","urlTemplate":"https:\/\/universofamilia.com\/el\/?s={search_term_string}"},"query-input":"required name=search_term_string"}],"inLanguage":"de-CH"},{"@type":"Person","@id":"https:\/\/universofamilia.com\/el\/#\/schema\/person\/92fcd07e9b1f4323bf74f3170fc0f78a","name":"Matheus Sangaletti","image":{"@type":"ImageObject","inLanguage":"de-CH","@id":"https:\/\/universofamilia.com\/el\/#\/schema\/person\/image\/","url":"https:\/\/secure.gravatar.com\/avatar\/280ea957a14a48e6a1ad2133d2cc27c9?s=96&d=mm&r=g","contentUrl":"https:\/\/secure.gravatar.com\/avatar\/280ea957a14a48e6a1ad2133d2cc27c9?s=96&d=mm&r=g","caption":"Matheus Sangaletti"},"url":"https:\/\/universofamilia.com\/de\/author\/matheuss\/"}]}},"_links":{"self":[{"href":"https:\/\/universofamilia.com\/de\/wp-json\/wp\/v2\/posts\/10165"}],"collection":[{"href":"https:\/\/universofamilia.com\/de\/wp-json\/wp\/v2\/posts"}],"about":[{"href":"https:\/\/universofamilia.com\/de\/wp-json\/wp\/v2\/types\/post"}],"author":[{"embeddable":true,"href":"https:\/\/universofamilia.com\/de\/wp-json\/wp\/v2\/users\/219"}],"replies":[{"embeddable":true,"href":"https:\/\/universofamilia.com\/de\/wp-json\/wp\/v2\/comments?post=10165"}],"version-history":[{"count":1,"href":"https:\/\/universofamilia.com\/de\/wp-json\/wp\/v2\/posts\/10165\/revisions"}],"predecessor-version":[{"id":10169,"href":"https:\/\/universofamilia.com\/de\/wp-json\/wp\/v2\/posts\/10165\/revisions\/10169"}],"wp:featuredmedia":[{"embeddable":true,"href":"https:\/\/universofamilia.com\/de\/wp-json\/wp\/v2\/media\/10166"}],"wp:attachment":[{"href":"https:\/\/universofamilia.com\/de\/wp-json\/wp\/v2\/media?parent=10165"}],"wp:term":[{"taxonomy":"category","embeddable":true,"href":"https:\/\/universofamilia.com\/de\/wp-json\/wp\/v2\/categories?post=10165"},{"taxonomy":"post_tag","embeddable":true,"href":"https:\/\/universofamilia.com\/de\/wp-json\/wp\/v2\/tags?post=10165"}],"curies":[{"name":"wp","href":"https:\/\/api.w.org\/{rel}","templated":true}]}}