{"id":10213,"date":"2025-10-27T12:35:00","date_gmt":"2025-10-27T15:35:00","guid":{"rendered":"https:\/\/universofamilia.com\/?p=10213"},"modified":"2025-10-27T12:35:18","modified_gmt":"2025-10-27T15:35:18","slug":"economia-mundial-en-2025-recesion-o-recuperacion","status":"publish","type":"post","link":"https:\/\/universofamilia.com\/de\/economia-mundial-en-2025-recesion-o-recuperacion\/","title":{"rendered":"Weltwirtschaft im Jahr 2025: Rezession oder Erholung?"},"content":{"rendered":"<p class=\"has-text-align-center\">Wir werden die Aussichten des IWF auf die <strong>Weltwirtschaft im Jahr 2025<\/strong>, die Faktoren, die auf eine Rezession oder Erholung hindeuten, und ihre Auswirkungen auf Lateinamerika.<\/p>\n\n\n\n<figure class=\"wp-block-gallery aligncenter has-nested-images columns-default is-cropped wp-block-gallery-1 is-layout-flex wp-block-gallery-is-layout-flex\">\n<figure class=\"wp-block-image size-full\"><img loading=\"lazy\" decoding=\"async\" width=\"450\" height=\"250\" data-id=\"10215\" src=\"https:\/\/universofamilia.com\/wp-content\/uploads\/sites\/148\/2025\/10\/Destaque-Novo-Universo-23-1.jpg\" alt=\"\" class=\"wp-image-10215\" srcset=\"https:\/\/universofamilia.com\/wp-content\/uploads\/sites\/148\/2025\/10\/Destaque-Novo-Universo-23-1.jpg 450w, https:\/\/universofamilia.com\/wp-content\/uploads\/sites\/148\/2025\/10\/Destaque-Novo-Universo-23-1-300x167.jpg 300w, https:\/\/universofamilia.com\/wp-content\/uploads\/sites\/148\/2025\/10\/Destaque-Novo-Universo-23-1-18x10.jpg 18w\" sizes=\"(max-width: 450px) 100vw, 450px\" \/><figcaption class=\"wp-element-caption\">CANVA<\/figcaption><\/figure>\n<\/figure>\n\n\n\n<p class=\"has-text-align-center\">Wir werden auch untersuchen, welche strategischen Entscheidungen f\u00fcr L\u00e4nder und Unternehmen einen Unterschied machen k\u00f6nnten.<\/p>\n\n\n\n<p class=\"has-text-align-center\">Mit einem menschlichen und realistischen Ansatz werde ich klar erkl\u00e4ren, warum die Frage <strong>\u201eInternationaler W\u00e4hrungsfonds 2025: Rezession oder Erholung?\u201c<\/strong> ist aktueller denn je.<\/p>\n\n\n\n<p><br><strong>Weltwirtschaft im Jahr 2025: Rezession oder Erholung?<\/strong><\/p>\n\n\n\n<p>Es steht dieses Jahr im Mittelpunkt der Wirtschaftsdebatte und tats\u00e4chlich erscheint das Schl\u00fcsselwort bereits in der ersten Zeile, um seine Pr\u00e4senz auf nat\u00fcrliche Weise zu verst\u00e4rken.<\/p>\n\n\n\n<p>Dies ist kein hypothetisches Szenario. Aktuelle IWF-Daten zeigen, dass das globale Wachstum im dritten Quartal dieses Jahres voraussichtlich bei etwa 3,2 % liegen wird, was nur einer leichten Verlangsamung gegen\u00fcber den 3,3 % im dritten Quartal 2024 entspricht.<\/p>\n\n\n\n<p>Kurz gesagt: Die Weltwirtschaft steht nicht am Rande des Zusammenbruchs, aber sie muss sich durch schwieriges Terrain bewegen.<\/p>\n\n\n\n<p>Es ist, als ob Sie auf einer Autobahn mit gutem Belag fahren, aber am Horizont ein unerwarteter Sturm aufzieht. Sie k\u00f6nnen auf Kurs bleiben, m\u00fcssen aber Ihre Geschwindigkeit, Bremsen und Aufmerksamkeit anpassen.<\/p>\n\n\n\n<p>Diese Analogie hilft zu verstehen, warum dieser Moment Umsicht und Entschlossenheit erfordert.<\/p>\n\n\n\n<p>Als N\u00e4chstes untersuchen wir die wichtigsten Risiko- und Chancenvektoren, wie sich die Hindernisse f\u00fcr Industrie- und Schwellenl\u00e4nder unterscheiden und schlie\u00dflich, wie die realen Szenarien f\u00fcr Sie, Ihr Unternehmen oder Ihr lateinamerikanisches Land aussehen k\u00f6nnten.<\/p>\n\n\n\n<h2 class=\"wp-block-heading\">Globaler Ausblick: moderates Wachstum, hohe Risiken<\/h2>\n\n\n\n<p>Die j\u00fcngste Ausgabe des Weltwirtschaftsausblicks (WEO) des Internationalen W\u00e4hrungsfonds warnt vor einer allm\u00e4hlichen Verlangsamung des globalen Wachstums: von 3,3 1TP3B im Jahr 2024 auf etwa 3,2 1TP3B im Jahr 2025 und 3,1 1TP3B im Jahr 2026.<\/p>\n\n\n\n<ul>\n<li>In den fortgeschrittenen Volkswirtschaften wird f\u00fcr das Jahr 2025 ein Wachstum von etwa 1,5 1TP3B erwartet.<\/li>\n\n\n\n<li>In den Schwellen- und Entwicklungsl\u00e4ndern wird mit etwas mehr als 4 % gerechnet, allerdings mit deutlich steigender Tendenz.<\/li>\n<\/ul>\n\n\n\n<p>Diese Wachstumsverlangsamung bedeutet nicht automatisch eine Rezession, der Handlungsspielraum ist jedoch deutlich geringer.<\/p>\n\n\n\n<p>Faktoren wie Handelsspannungen, Probleme beim Arbeitskr\u00e4fteangebot und eine steigende Staatsverschuldung beeintr\u00e4chtigen die Widerstandsf\u00e4higkeit.<\/p>\n\n\n\n<p>So hei\u00dft es in dem Bericht beispielsweise, dass \u201edie Risiken eher nach unten tendieren\u201c.<\/p>\n\n\n\n<p>Eine relevante Statistik: Laut WEO vom Oktober 2025 betr\u00e4gt das gesch\u00e4tzte globale Wachstum <strong>3.2 %<\/strong> f\u00fcr dieses Jahr.<\/p>\n\n\n\n<p>Das Bild, das uns bleibt, ist das eines Ballons, der sich weiter aufbl\u00e4st, aber kleine Lecks aufweist: Er bleibt in der Luft, aber mit zus\u00e4tzlicher Anstrengung und dem Risiko, dass er bei weiteren St\u00f6\u00dfen die Luft verliert.<\/p>\n\n\n\n<p>In diesem Sinne ist der Titel <strong>\u201eWeltwirtschaft im Jahr 2025: Rezession oder Erholung?\u201c<\/strong> Dies ist eine relevante Frage, die einer sorgf\u00e4ltigen Analyse bedarf.<\/p>\n\n\n\n<h2 class=\"wp-block-heading\">Faktoren, die auf eine Rezession hindeuten<\/h2>\n\n\n\n<h3 class=\"wp-block-heading\">a) Handelsspannungen und Fragmentierung<\/h3>\n\n\n\n<p>Die Neuorganisation der Wertsch\u00f6pfungsketten sowie h\u00f6here Z\u00f6lle und Handelsbarrieren sorgen f\u00fcr Unsicherheit. <\/p>\n\n\n\n<p>Der WEO warnt, dass eine \u00fcberm\u00e4\u00dfige Versch\u00e4rfung der Handelspolitik und eine globale Fragmentierung Investitionen behindern k\u00f6nnten.<\/p>\n\n\n\n<h3 class=\"wp-block-heading\">b) Probleme auf dem Arbeitsmarkt und in der Demografie<\/h3>\n\n\n\n<p>Eine alternde Bev\u00f6lkerung, eine geringere Erwerbsquote und ein Mangel an Fachkr\u00e4ften unter jungen Menschen sind strukturelle Hemmnisse.<\/p>\n\n\n\n<p>Der Bericht weist darauf hin, dass zur F\u00f6rderung des Wachstums eine Verbesserung der Erwerbsbeteiligung \u00e4lterer Menschen und Frauen erforderlich ist.<\/p>\n\n\n\n<h3 class=\"wp-block-heading\">c) Hohe Verschuldung und finanzielle Anf\u00e4lligkeit<\/h3>\n\n\n\n<p>Die Kombination aus langsamem Wachstum und hoher Verschuldung l\u00e4sst vielen L\u00e4ndern im Krisenfall nur begrenzten Handlungsspielraum.<\/p>\n\n\n\n<p>Der IWF warnt, dass eine Finanzkorrektur \u2013 ein Szenario, das viele f\u00fcr unwahrscheinlich halten \u2013 weiterhin eine latente Bedrohung darstelle.<\/p>\n\n\n\n<h3 class=\"wp-block-heading\">d) Unerwartete Schocks: Klima, Geopolitik, Technologie<\/h3>\n\n\n\n<p>Ein Beispiel k\u00f6nnte ein regionaler Konflikt sein, der wichtige Exporte st\u00f6rt, oder eine pl\u00f6tzliche Energiekrise.<\/p>\n\n\n\n<p>In solchen F\u00e4llen steigt das Risiko, in eine Rezession zu geraten, dramatisch an.<\/p>\n\n\n\n<p>Die Analogie hierzu w\u00e4re die eines Fahrrads, das bei g\u00fcnstigem Wind f\u00e4hrt: Sobald der Wind die Richtung \u00e4ndert, geht das Gleichgewicht verloren.<\/p>\n\n\n\n<p>Daher erscheint ein Rezessionsszenario im Jahr 2025 zwar nicht das wahrscheinlichste Szenario, kann aber nicht ausgeschlossen werden.<\/p>\n\n\n\n<p>Und gerade wegen dieses hohen Risikos stellt sich die Frage <strong>\u201eWeltwirtschaft im Jahr 2025: Rezession oder Erholung?\u201c<\/strong> sollte ernst genommen werden.<\/p>\n\n\n\n<h2 class=\"wp-block-heading\">Faktoren, die die Erholung vorantreiben<\/h2>\n\n\n\n<h3 class=\"wp-block-heading\">a) Anpassung und Resilienz<\/h3>\n\n\n\n<p>Die Tatsache, dass das globale Wachstum nicht eingebrochen ist (3,2 %), weist darauf hin, dass Widerstandsf\u00e4higkeit vorhanden ist: Dazu tragen die Technologiesektoren, der Binnenkonsum in den Schwellenl\u00e4ndern und der Abbau bestimmter Handelshemmnisse bei.<\/p>\n\n\n\n<h3 class=\"wp-block-heading\">b) Potenzial f\u00fcr Strukturwandel (KI, Digitalisierung)<\/h3>\n\n\n\n<p>Eine aktuelle Studie analysiert, wie sich die Einf\u00fchrung k\u00fcnstlicher Intelligenz (KI) auf das globale Bruttoinlandsprodukt (BIP) auswirkt. Sie legt nahe, dass die Produktivit\u00e4t gesteigert werden k\u00f6nnte, wenn sie von den richtigen Ma\u00dfnahmen begleitet wird.<\/p>\n\n\n\n<h3 class=\"wp-block-heading\">c) Erholung des Sektors nach der Pandemie<\/h3>\n\n\n\n<p>Sektoren, die w\u00e4hrend der Pandemie zur\u00fcckgeblieben waren (Reisen, Freizeit, pers\u00f6nliche Dienstleistungen), zeigen Anzeichen einer Erholung, wodurch ein Teil des \u201eschlafenden Kapitals\u201c reaktiviert werden kann.<\/p>\n\n\n\n<h3 class=\"wp-block-heading\">d) Internationale Zusammenarbeit und Strukturreformen<\/h3>\n\n\n\n<p>Wenn sich die Regierungen f\u00fcr eine st\u00e4rker koordinierte Politik, den Abbau von Handelshemmnissen und die Umsetzung von Produktivit\u00e4tsreformen entscheiden, k\u00f6nnen sie bedeutende Ver\u00e4nderungen herbeif\u00fchren.<\/p>\n\n\n\n<p>Im WEO-Bericht wird erw\u00e4hnt, dass \u201ekonstruktive Ma\u00dfnahmen zur F\u00f6rderung eines stabilen und vorhersehbaren Handelsumfelds\u201c von entscheidender Bedeutung sind.<\/p>\n\n\n\n<p>Ein konkretes Beispiel: Ein lateinamerikanisches Land, das systematisch in die digitale Infrastruktur und die Vermittlung technologischer F\u00e4higkeiten investiert, k\u00f6nnte viel schneller davon profitieren als eines, das nur auf traditionelle Politik setzt. <\/p>\n\n\n\n<p>Dies ist ein Beispiel daf\u00fcr, wie die Erholung beschleunigt werden kann, wenn Entscheidungen im Einklang mit dem globalen Kontext getroffen werden.<\/p>\n\n\n\n<h2 class=\"wp-block-heading\">4. M\u00f6gliche Szenarien f\u00fcr 2025 und ihre Auswirkungen<\/h2>\n\n\n\n<h3 class=\"wp-block-heading\">Szenario A \u2013 Sanfte Stagnation<\/h3>\n\n\n\n<p>In diesem Fall bleibt das Wachstum nahe dem globalen 3-Jahres-Ziel, ohne Rezession, aber auch ohne kr\u00e4ftige Erholung.<\/p>\n\n\n\n<p>Die Unternehmen verzeichnen ein moderates Wachstum, doch das Zeitfenster f\u00fcr Innovationen wird kleiner.<\/p>\n\n\n\n<p>In diesem Szenario bleiben viele Schwellenl\u00e4nder weiterhin f\u00fchrend, w\u00e4hrend die Industriel\u00e4nder leicht ins Straucheln geraten.<\/p>\n\n\n\n<h3 class=\"wp-block-heading\">Szenario B \u2013 Moderate, schneckenartige Erholung<\/h3>\n\n\n\n<p>Hier sorgen technologische Anpassung, Produktivit\u00e4tssteigerungen und internationale Zusammenarbeit daf\u00fcr, dass das Wachstum weltweit auf 3,5 % oder mehr steigen kann.<\/p>\n\n\n\n<p>F\u00fcr L\u00e4nder mit aktiven Reformen bedeutet dies h\u00f6here Auslandsinvestitionen, h\u00f6here Wertsch\u00f6pfungsexporte und eine Verbesserung der Besch\u00e4ftigung.<\/p>\n\n\n\n<h3 class=\"wp-block-heading\">Szenario C \u2013 Lokale oder allgemeine Rezession<\/h3>\n\n\n\n<p>Obwohl dies weltweit unwahrscheinlich ist, k\u00f6nnten bestimmte L\u00e4nder oder Regionen in eine Rezession geraten \u2013 beispielsweise Volkswirtschaften mit hoher Verschuldung, Bankenkrisen oder Schl\u00fcsselsektoren, die von externen Schocks betroffen sind.<\/p>\n\n\n\n<p>Der Titel <strong>\u201eWeltwirtschaft im Jahr 2025: Rezession oder Erholung?\u201c<\/strong> Dies ist hier durchaus relevant: Es geht nicht so sehr darum, ob es zu einer weltweiten Rezession kommt, sondern vielmehr darum, wie viele und welche L\u00e4nder m\u00f6glicherweise aus dem positiven Zyklus ausgeschlossen werden.<\/p>\n\n\n\n<p>F\u00fcr diejenigen, die in Lateinamerika oder Mexiko t\u00e4tig sind, bedeutet dies, dass sie nicht davon ausgehen d\u00fcrfen, dass \u201eder Kontext neutral\u201c sei.<\/p>\n\n\n\n<p>Wenn Sie zu der Gruppe von Volkswirtschaften geh\u00f6ren, die in den Bereichen Rohstoffe, Tourismus oder sensible Sektoren t\u00e4tig sind, sollten Sie f\u00fcr Szenario B oder C planen, nicht nur f\u00fcr A.<\/p>\n\n\n\n<h2 class=\"wp-block-heading\">Was k\u00f6nnen lateinamerikanische L\u00e4nder und Unternehmen tun?<\/h2>\n\n\n\n<h3 class=\"wp-block-heading\">F\u00fcr L\u00e4nder<\/h3>\n\n\n\n<ul>\n<li>Priorisieren Sie Ma\u00dfnahmen zur Steigerung der Produktivit\u00e4t: Investitionen in Humankapital, Digitalisierung und Infrastruktur.<\/li>\n\n\n\n<li>Konsolidierung der \u00f6ffentlichen Finanzen: \u00dcberschaubare Schulden, ausreichend Handlungsspielraum angesichts externer Schocks.<\/li>\n\n\n\n<li>F\u00f6rdern Sie Handelsoffenheit und Marktdiversifizierung, um die Abh\u00e4ngigkeit von einer einzelnen Region zu verringern.<\/li>\n<\/ul>\n\n\n\n<h3 class=\"wp-block-heading\">F\u00fcr Unternehmen<\/h3>\n\n\n\n<ul>\n<li>Rechnen Sie mit einem moderaten Wachstumsszenario: Optimieren Sie die Kosten, suchen Sie nach Nischenm\u00e4rkten und nutzen Sie Technologien, um sich von der Konkurrenz abzuheben.<\/li>\n\n\n\n<li>Bauen Sie finanzielle Widerstandsf\u00e4higkeit auf: Sorgen Sie f\u00fcr Liquidit\u00e4t, eine geringere Verschuldung und Notfallpl\u00e4ne f\u00fcr Abschw\u00fcnge.<\/li>\n\n\n\n<li>Betrachten Sie technologische Umbr\u00fcche nicht nur als Bedrohung, sondern auch als Chance: Stellen Sie sich zwei mexikanische Startups vor, von denen eines in KI in der Logistik investiert hat und das andere nicht: Ersteres kann sein Wachstum in einer Welt steigern, in der Effizienz an erster Stelle steht.<\/li>\n<\/ul>\n\n\n\n<p>Eine n\u00fctzliche Analogie: Ein Unternehmen ist wie ein Segelboot, das auf einem Meer mit schwachen Str\u00f6mungen und unregelm\u00e4\u00dfigen Winden segelt.<\/p>\n\n\n\n<p>Wenn Sie Ihre Segel trimmen (Technologie), Ihren Rumpf sauber halten (Produktivit\u00e4t) und \u00fcber aktuelle Karten verf\u00fcgen (Wirtschaftsdaten), k\u00f6nnen Sie auch bei leichtem Wind vorankommen.<\/p>\n\n\n\n<p>Wer nur den traditionellen Weg geht, wird abgeh\u00e4ngt.<\/p>\n\n\n\n<figure class=\"wp-block-gallery aligncenter has-nested-images columns-default is-cropped wp-block-gallery-2 is-layout-flex wp-block-gallery-is-layout-flex\">\n<figure class=\"wp-block-image size-full\"><img loading=\"lazy\" decoding=\"async\" width=\"450\" height=\"250\" data-id=\"10216\" src=\"https:\/\/universofamilia.com\/wp-content\/uploads\/sites\/148\/2025\/10\/Destaque-Novo-Universo-24.jpg\" alt=\"\" class=\"wp-image-10216\" srcset=\"https:\/\/universofamilia.com\/wp-content\/uploads\/sites\/148\/2025\/10\/Destaque-Novo-Universo-24.jpg 450w, https:\/\/universofamilia.com\/wp-content\/uploads\/sites\/148\/2025\/10\/Destaque-Novo-Universo-24-300x167.jpg 300w, https:\/\/universofamilia.com\/wp-content\/uploads\/sites\/148\/2025\/10\/Destaque-Novo-Universo-24-18x10.jpg 18w\" sizes=\"(max-width: 450px) 100vw, 450px\" \/><figcaption class=\"wp-element-caption\">CANVA<\/figcaption><\/figure>\n<\/figure>\n\n\n\n<p>Mehr lesen:\u00a0<a href=\"https:\/\/universofamilia.com\/de\/crisis-climatica-global\/\">Globale Klimakrise: Die Auswirkungen betreffen bereits Millionen<\/a><\/p>\n\n\n\n<h2 class=\"wp-block-heading\">Stehen wir also vor einer Rezession oder einer Erholung?<\/h2>\n\n\n\n<p>Die Antwort lautet: <strong>beide in unterschiedlichen Dosen<\/strong>.<\/p>\n\n\n\n<p>Eine globale Rezession ist im Jahr 2025 ebenso wenig unvermeidlich wie eine \u00fcberschw\u00e4ngliche Erholung.<\/p>\n\n\n\n<p>Vielmehr stehen wir an einem Wendepunkt, an dem vieles von den getroffenen Entscheidungen abh\u00e4ngen wird \u2013 sowohl auf makro\u00f6konomischer als auch auf Unternehmensebene.<\/p>\n\n\n\n<p>Der Titel <strong>\u201eWeltwirtschaft im Jahr 2025: Rezession oder Erholung?\u201c<\/strong> enth\u00e4lt diese Dualit\u00e4t.<\/p>\n\n\n\n<p>Wenn Regierungen und Organisationen mit Weitblick handeln, k\u00f6nnten wir eine moderate Erholung erleben.<\/p>\n\n\n\n<p>Wenn Tr\u00e4gheit, Fragmentierung und unkontrollierte Verschuldung vorherrschen, k\u00f6nnten einige Bereiche in eine Rezession abrutschen.<\/p>\n\n\n\n<p>Der Schl\u00fcssel liegt darin, fr\u00fchzeitig zu handeln, statt erst zu reagieren, wenn der R\u00fcckgang bereits sp\u00fcrbar ist.<\/p>\n\n\n\n<p>Wenn ein Unternehmen oder Land erst einmal wartet, bis der \u201eSturm\u201c ausbricht, bevor es handelt, ist es gegen\u00fcber jenen im Nachteil, die ihre Segel bereits neu ausgerichtet haben.<\/p>\n\n\n\n<h2 class=\"wp-block-heading\">Schlussfolgerung<\/h2>\n\n\n\n<p>Das Jahr 2025 stellt die Weltwirtschaft vor ganz besondere Herausforderungen.<\/p>\n\n\n\n<p>Bei einem prognostizierten globalen Wachstum von rund 3,2 % im 1. Quartal 2015 sind wir weit von einer explosiven Erholung entfernt und stehen noch nicht am Rande eines Zusammenbruchs.<\/p>\n\n\n\n<p>Doch die Margen werden kleiner, die Risiken steigen, und diese Gelegenheit muss jetzt genutzt werden.<\/p>\n\n\n\n<p>Die Frage <strong>\u201eWeltwirtschaft im Jahr 2025: Rezession oder Erholung?\u201c<\/strong> Es handelt sich nicht nur um Rhetorik, sondern um einen Aufruf zum Handeln.<\/p>\n\n\n\n<p>F\u00fcr Schwellenl\u00e4nder, Unternehmen und Investoren ist jetzt der richtige Zeitpunkt zum Planen.<\/p>\n\n\n\n<p>Der Unterschied zwischen denen, die diesen Zyklus gut meistern, und denen, die ihn untersch\u00e4tzen, k\u00f6nnte \u00fcber die n\u00e4chsten f\u00fcnf bis zehn Jahre entscheiden, in denen sie einen Vorteil oder eine Verz\u00f6gerung haben.<\/p>\n\n\n\n<p>Ich lade Sie ein, zu analysieren: Sind Sie auf dem Boot, das seine Segel anpasst und seinen Rumpf reinigt, oder auf dem, das darauf wartet, dass der Wind von selbst aufkommt?<\/p>\n\n\n\n<p>Mehr lesen:\u00a0<a href=\"https:\/\/universofamilia.com\/de\/el-papel-de-la-tecnologia-en-las-elecciones-internacionales\/\">Die Rolle der Technologie bei internationalen Wahlen<\/a><\/p>\n\n\n\n<h2 class=\"wp-block-heading\">H\u00e4ufig gestellte Fragen (FAQ)<\/h2>\n\n\n\n<p><strong>M\u00fcssen wir uns auf eine globale Rezession im Jahr 2025 vorbereiten?<\/strong><br>Eine Rezession ist nicht f\u00fcr den gesamten Planeten unvermeidlich.<\/p>\n\n\n\n<p>Es ist jedoch ratsam, sich zumindest auf eine Phase der Stagnation oder eines moderaten Wachstums vorzubereiten.<\/p>\n\n\n\n<p>Dies beinhaltet die Anpassung der Finanzen, der Produktionsmaschinen und der Erwartungen.<\/p>\n\n\n\n<p><strong>Kann Mexiko von der globalen Erholung profitieren?<\/strong><br>Ja, Mexiko kann davon profitieren, indem es die Exportm\u00e4rkte nutzt, Technologien einf\u00fchrt und sich in Nischen mit Mehrwert positioniert.<\/p>\n\n\n\n<p>Es ist jedoch auch gef\u00e4hrdet, wenn es sich \u00fcberm\u00e4\u00dfig auf Rohstoffe oder traditionelle Sektoren verl\u00e4sst.<\/p>\n\n\n\n<p><strong>Welche Branchen haben in diesem Zusammenhang die besten Wachstumschancen?<\/strong><br><\/p>\n\n\n\n<p>Branchen, die mit Technologie, Digitalisierung, erneuerbaren Energien, intelligenter Logistik und exportorientierter Produktion verbunden sind, d\u00fcrften sich eher durchsetzen.<\/p>\n\n\n\n<p>Im Gegensatz dazu k\u00f6nnten Sektoren, die stark von Rohstoffen abh\u00e4ngig sind und keine Diversifizierung aufweisen, zur\u00fcckbleiben.<\/p>\n\n\n\n<p><strong>Welche Rolle spielt die internationale Zusammenarbeit?<\/strong><br>Es ist unerl\u00e4sslich. Der Abbau von Handelsbarrieren, die Verbesserung globaler Lieferketten und die Koordinierung makro\u00f6konomischer Ma\u00dfnahmen tragen dazu bei, ein g\u00fcnstigeres Wachstumsumfeld zu schaffen.<\/p>\n\n\n\n<p>Wenn die Fragmentierung zunimmt, erh\u00f6ht sich auch die Belastung f\u00fcr eine Rezession.<\/p>\n\n\n\n<p><strong>Was ist die wichtigste Empfehlung f\u00fcr ein Unternehmen in Lateinamerika?<\/strong><br><\/p>\n\n\n\n<p>Bewerten Sie Ihr internationales Risiko, investieren Sie in Technologie und Produktivit\u00e4t, reduzieren Sie finanzielle Schwachstellen und versuchen Sie, die M\u00e4rkte zu diversifizieren.<\/p>\n\n\n\n<p>Gehen Sie nicht davon aus, dass der Zyklus nur g\u00fcnstige Winde mit sich bringt; bereiten Sie sich auf B\u00f6en und Windstille vor.<\/p>","protected":false},"excerpt":{"rendered":"<p>Analizaremos el panorama del FMI sobre la econom\u00eda mundial en 2025, los factores que apuntan a recesi\u00f3n o recuperaci\u00f3n y sus implicaciones para Am\u00e9rica Latina. Tambi\u00e9n exploraremos qu\u00e9 decisiones estrat\u00e9gicas podr\u00edan marcar la diferencia para los pa\u00edses y las empresas. Con enfoque humano y realista, explicar\u00e9 con claridad por qu\u00e9 la interrogante \u201cInternational Monetary Fund [&hellip;]<\/p>","protected":false},"author":219,"featured_media":10214,"comment_status":"closed","ping_status":"open","sticky":false,"template":"","format":"standard","meta":{"footnotes":""},"categories":[4],"tags":[],"yoast_head":"<!-- This site is optimized with the Yoast SEO plugin v23.3 - https:\/\/yoast.com\/wordpress\/plugins\/seo\/ -->\n<title>Econom\u00eda mundial en 2025: \u00bfrecesi\u00f3n o recuperaci\u00f3n? - Universo Fam\u00edlia<\/title>\n<meta name=\"description\" content=\"Analizaremos el panorama del FMI sobre la econom\u00eda mundial en 2025, los factores que apuntan a recesi\u00f3n o recuperaci\u00f3n y sus implicaciones..\" \/>\n<meta name=\"robots\" content=\"index, follow, max-snippet:-1, max-image-preview:large, max-video-preview:-1\" \/>\n<link rel=\"canonical\" href=\"https:\/\/universofamilia.com\/de\/economia-mundial-en-2025-recesion-o-recuperacion\/\" \/>\n<meta property=\"og:locale\" content=\"de_DE\" \/>\n<meta property=\"og:type\" content=\"article\" \/>\n<meta property=\"og:title\" content=\"Econom\u00eda mundial en 2025: \u00bfrecesi\u00f3n o recuperaci\u00f3n? - Universo Fam\u00edlia\" \/>\n<meta property=\"og:description\" content=\"Analizaremos el panorama del FMI sobre la econom\u00eda mundial en 2025, los factores que apuntan a recesi\u00f3n o recuperaci\u00f3n y sus implicaciones..\" \/>\n<meta property=\"og:url\" content=\"https:\/\/universofamilia.com\/de\/economia-mundial-en-2025-recesion-o-recuperacion\/\" \/>\n<meta property=\"og:site_name\" content=\"Universo Fam\u00edlia\" \/>\n<meta property=\"article:published_time\" content=\"2025-10-27T15:35:00+00:00\" \/>\n<meta property=\"article:modified_time\" content=\"2025-10-27T15:35:18+00:00\" \/>\n<meta property=\"og:image\" content=\"https:\/\/universofamilia.com\/wp-content\/uploads\/sites\/148\/2025\/10\/Destaque-Novo-Universo-23.jpg\" \/>\n\t<meta property=\"og:image:width\" content=\"450\" \/>\n\t<meta property=\"og:image:height\" content=\"250\" \/>\n\t<meta property=\"og:image:type\" content=\"image\/jpeg\" \/>\n<meta name=\"author\" content=\"Matheus Sangaletti\" \/>\n<meta name=\"twitter:card\" content=\"summary_large_image\" \/>\n<meta name=\"twitter:label1\" content=\"Written by\" \/>\n\t<meta name=\"twitter:data1\" content=\"Matheus Sangaletti\" \/>\n\t<meta name=\"twitter:label2\" content=\"Est. reading time\" \/>\n\t<meta name=\"twitter:data2\" content=\"11 Minuten\" \/>\n<script type=\"application\/ld+json\" class=\"yoast-schema-graph\">{\"@context\":\"https:\/\/schema.org\",\"@graph\":[{\"@type\":\"WebPage\",\"@id\":\"https:\/\/universofamilia.com\/el\/economia-mundial-en-2025-recesion-o-recuperacion\/\",\"url\":\"https:\/\/universofamilia.com\/el\/economia-mundial-en-2025-recesion-o-recuperacion\/\",\"name\":\"Econom\u00eda mundial en 2025: \u00bfrecesi\u00f3n o recuperaci\u00f3n? - Universo Fam\u00edlia\",\"isPartOf\":{\"@id\":\"https:\/\/universofamilia.com\/el\/#website\"},\"primaryImageOfPage\":{\"@id\":\"https:\/\/universofamilia.com\/el\/economia-mundial-en-2025-recesion-o-recuperacion\/#primaryimage\"},\"image\":{\"@id\":\"https:\/\/universofamilia.com\/el\/economia-mundial-en-2025-recesion-o-recuperacion\/#primaryimage\"},\"thumbnailUrl\":\"https:\/\/universofamilia.com\/wp-content\/uploads\/sites\/148\/2025\/10\/Destaque-Novo-Universo-23.jpg\",\"datePublished\":\"2025-10-27T15:35:00+00:00\",\"dateModified\":\"2025-10-27T15:35:18+00:00\",\"author\":{\"@id\":\"https:\/\/universofamilia.com\/el\/#\/schema\/person\/92fcd07e9b1f4323bf74f3170fc0f78a\"},\"description\":\"Analizaremos el panorama del FMI sobre la econom\u00eda mundial en 2025, los factores que apuntan a recesi\u00f3n o recuperaci\u00f3n y sus implicaciones..\",\"breadcrumb\":{\"@id\":\"https:\/\/universofamilia.com\/el\/economia-mundial-en-2025-recesion-o-recuperacion\/#breadcrumb\"},\"inLanguage\":\"de-CH\",\"potentialAction\":[{\"@type\":\"ReadAction\",\"target\":[\"https:\/\/universofamilia.com\/el\/economia-mundial-en-2025-recesion-o-recuperacion\/\"]}]},{\"@type\":\"ImageObject\",\"inLanguage\":\"de-CH\",\"@id\":\"https:\/\/universofamilia.com\/el\/economia-mundial-en-2025-recesion-o-recuperacion\/#primaryimage\",\"url\":\"https:\/\/universofamilia.com\/wp-content\/uploads\/sites\/148\/2025\/10\/Destaque-Novo-Universo-23.jpg\",\"contentUrl\":\"https:\/\/universofamilia.com\/wp-content\/uploads\/sites\/148\/2025\/10\/Destaque-Novo-Universo-23.jpg\",\"width\":450,\"height\":250},{\"@type\":\"BreadcrumbList\",\"@id\":\"https:\/\/universofamilia.com\/el\/economia-mundial-en-2025-recesion-o-recuperacion\/#breadcrumb\",\"itemListElement\":[{\"@type\":\"ListItem\",\"position\":1,\"name\":\"Home\",\"item\":\"https:\/\/universofamilia.com\/el\/\"},{\"@type\":\"ListItem\",\"position\":2,\"name\":\"Econom\u00eda mundial en 2025: \u00bfrecesi\u00f3n o recuperaci\u00f3n?\"}]},{\"@type\":\"WebSite\",\"@id\":\"https:\/\/universofamilia.com\/el\/#website\",\"url\":\"https:\/\/universofamilia.com\/el\/\",\"name\":\"Universo Fam\u00edlia\",\"description\":\"\",\"potentialAction\":[{\"@type\":\"SearchAction\",\"target\":{\"@type\":\"EntryPoint\",\"urlTemplate\":\"https:\/\/universofamilia.com\/el\/?s={search_term_string}\"},\"query-input\":\"required name=search_term_string\"}],\"inLanguage\":\"de-CH\"},{\"@type\":\"Person\",\"@id\":\"https:\/\/universofamilia.com\/el\/#\/schema\/person\/92fcd07e9b1f4323bf74f3170fc0f78a\",\"name\":\"Matheus Sangaletti\",\"image\":{\"@type\":\"ImageObject\",\"inLanguage\":\"de-CH\",\"@id\":\"https:\/\/universofamilia.com\/el\/#\/schema\/person\/image\/\",\"url\":\"https:\/\/secure.gravatar.com\/avatar\/280ea957a14a48e6a1ad2133d2cc27c9?s=96&d=mm&r=g\",\"contentUrl\":\"https:\/\/secure.gravatar.com\/avatar\/280ea957a14a48e6a1ad2133d2cc27c9?s=96&d=mm&r=g\",\"caption\":\"Matheus Sangaletti\"},\"url\":\"https:\/\/universofamilia.com\/de\/author\/matheuss\/\"}]}<\/script>\n<!-- \/ Yoast SEO plugin. -->","yoast_head_json":{"title":"Econom\u00eda mundial en 2025: \u00bfrecesi\u00f3n o recuperaci\u00f3n? - Universo Fam\u00edlia","description":"Analizaremos el panorama del FMI sobre la econom\u00eda mundial en 2025, los factores que apuntan a recesi\u00f3n o recuperaci\u00f3n y sus implicaciones..","robots":{"index":"index","follow":"follow","max-snippet":"max-snippet:-1","max-image-preview":"max-image-preview:large","max-video-preview":"max-video-preview:-1"},"canonical":"https:\/\/universofamilia.com\/de\/economia-mundial-en-2025-recesion-o-recuperacion\/","og_locale":"de_DE","og_type":"article","og_title":"Econom\u00eda mundial en 2025: \u00bfrecesi\u00f3n o recuperaci\u00f3n? - Universo Fam\u00edlia","og_description":"Analizaremos el panorama del FMI sobre la econom\u00eda mundial en 2025, los factores que apuntan a recesi\u00f3n o recuperaci\u00f3n y sus implicaciones..","og_url":"https:\/\/universofamilia.com\/de\/economia-mundial-en-2025-recesion-o-recuperacion\/","og_site_name":"Universo Fam\u00edlia","article_published_time":"2025-10-27T15:35:00+00:00","article_modified_time":"2025-10-27T15:35:18+00:00","og_image":[{"width":450,"height":250,"url":"https:\/\/universofamilia.com\/wp-content\/uploads\/sites\/148\/2025\/10\/Destaque-Novo-Universo-23.jpg","type":"image\/jpeg"}],"author":"Matheus Sangaletti","twitter_card":"summary_large_image","twitter_misc":{"Written by":"Matheus Sangaletti","Est. reading time":"11 Minuten"},"schema":{"@context":"https:\/\/schema.org","@graph":[{"@type":"WebPage","@id":"https:\/\/universofamilia.com\/el\/economia-mundial-en-2025-recesion-o-recuperacion\/","url":"https:\/\/universofamilia.com\/el\/economia-mundial-en-2025-recesion-o-recuperacion\/","name":"Econom\u00eda mundial en 2025: \u00bfrecesi\u00f3n o recuperaci\u00f3n? - Universo Fam\u00edlia","isPartOf":{"@id":"https:\/\/universofamilia.com\/el\/#website"},"primaryImageOfPage":{"@id":"https:\/\/universofamilia.com\/el\/economia-mundial-en-2025-recesion-o-recuperacion\/#primaryimage"},"image":{"@id":"https:\/\/universofamilia.com\/el\/economia-mundial-en-2025-recesion-o-recuperacion\/#primaryimage"},"thumbnailUrl":"https:\/\/universofamilia.com\/wp-content\/uploads\/sites\/148\/2025\/10\/Destaque-Novo-Universo-23.jpg","datePublished":"2025-10-27T15:35:00+00:00","dateModified":"2025-10-27T15:35:18+00:00","author":{"@id":"https:\/\/universofamilia.com\/el\/#\/schema\/person\/92fcd07e9b1f4323bf74f3170fc0f78a"},"description":"Analizaremos el panorama del FMI sobre la econom\u00eda mundial en 2025, los factores que apuntan a recesi\u00f3n o recuperaci\u00f3n y sus implicaciones..","breadcrumb":{"@id":"https:\/\/universofamilia.com\/el\/economia-mundial-en-2025-recesion-o-recuperacion\/#breadcrumb"},"inLanguage":"de-CH","potentialAction":[{"@type":"ReadAction","target":["https:\/\/universofamilia.com\/el\/economia-mundial-en-2025-recesion-o-recuperacion\/"]}]},{"@type":"ImageObject","inLanguage":"de-CH","@id":"https:\/\/universofamilia.com\/el\/economia-mundial-en-2025-recesion-o-recuperacion\/#primaryimage","url":"https:\/\/universofamilia.com\/wp-content\/uploads\/sites\/148\/2025\/10\/Destaque-Novo-Universo-23.jpg","contentUrl":"https:\/\/universofamilia.com\/wp-content\/uploads\/sites\/148\/2025\/10\/Destaque-Novo-Universo-23.jpg","width":450,"height":250},{"@type":"BreadcrumbList","@id":"https:\/\/universofamilia.com\/el\/economia-mundial-en-2025-recesion-o-recuperacion\/#breadcrumb","itemListElement":[{"@type":"ListItem","position":1,"name":"Home","item":"https:\/\/universofamilia.com\/el\/"},{"@type":"ListItem","position":2,"name":"Econom\u00eda mundial en 2025: \u00bfrecesi\u00f3n o recuperaci\u00f3n?"}]},{"@type":"WebSite","@id":"https:\/\/universofamilia.com\/el\/#website","url":"https:\/\/universofamilia.com\/el\/","name":"Universo Fam\u00edlia","description":"","potentialAction":[{"@type":"SearchAction","target":{"@type":"EntryPoint","urlTemplate":"https:\/\/universofamilia.com\/el\/?s={search_term_string}"},"query-input":"required name=search_term_string"}],"inLanguage":"de-CH"},{"@type":"Person","@id":"https:\/\/universofamilia.com\/el\/#\/schema\/person\/92fcd07e9b1f4323bf74f3170fc0f78a","name":"Matheus Sangaletti","image":{"@type":"ImageObject","inLanguage":"de-CH","@id":"https:\/\/universofamilia.com\/el\/#\/schema\/person\/image\/","url":"https:\/\/secure.gravatar.com\/avatar\/280ea957a14a48e6a1ad2133d2cc27c9?s=96&d=mm&r=g","contentUrl":"https:\/\/secure.gravatar.com\/avatar\/280ea957a14a48e6a1ad2133d2cc27c9?s=96&d=mm&r=g","caption":"Matheus Sangaletti"},"url":"https:\/\/universofamilia.com\/de\/author\/matheuss\/"}]}},"_links":{"self":[{"href":"https:\/\/universofamilia.com\/de\/wp-json\/wp\/v2\/posts\/10213"}],"collection":[{"href":"https:\/\/universofamilia.com\/de\/wp-json\/wp\/v2\/posts"}],"about":[{"href":"https:\/\/universofamilia.com\/de\/wp-json\/wp\/v2\/types\/post"}],"author":[{"embeddable":true,"href":"https:\/\/universofamilia.com\/de\/wp-json\/wp\/v2\/users\/219"}],"replies":[{"embeddable":true,"href":"https:\/\/universofamilia.com\/de\/wp-json\/wp\/v2\/comments?post=10213"}],"version-history":[{"count":1,"href":"https:\/\/universofamilia.com\/de\/wp-json\/wp\/v2\/posts\/10213\/revisions"}],"predecessor-version":[{"id":10217,"href":"https:\/\/universofamilia.com\/de\/wp-json\/wp\/v2\/posts\/10213\/revisions\/10217"}],"wp:featuredmedia":[{"embeddable":true,"href":"https:\/\/universofamilia.com\/de\/wp-json\/wp\/v2\/media\/10214"}],"wp:attachment":[{"href":"https:\/\/universofamilia.com\/de\/wp-json\/wp\/v2\/media?parent=10213"}],"wp:term":[{"taxonomy":"category","embeddable":true,"href":"https:\/\/universofamilia.com\/de\/wp-json\/wp\/v2\/categories?post=10213"},{"taxonomy":"post_tag","embeddable":true,"href":"https:\/\/universofamilia.com\/de\/wp-json\/wp\/v2\/tags?post=10213"}],"curies":[{"name":"wp","href":"https:\/\/api.w.org\/{rel}","templated":true}]}}