{"id":10479,"date":"2025-12-29T09:09:19","date_gmt":"2025-12-29T12:09:19","guid":{"rendered":"https:\/\/universofamilia.com\/?p=10479"},"modified":"2025-12-29T09:11:25","modified_gmt":"2025-12-29T12:11:25","slug":"la-salud-mental-en-la-mira","status":"publish","type":"post","link":"https:\/\/universofamilia.com\/de\/la-salud-mental-en-la-mira\/","title":{"rendered":"Psychische Gesundheit im Fokus: die neue globale Herausforderung des 21. Jahrhunderts"},"content":{"rendered":"<p class=\"has-text-align-center\"><strong>Psychische Gesundheit im Fokus: die neue globale Herausforderung des 21. Jahrhunderts.<\/strong> Es handelt sich nicht mehr um einen alarmistischen Slogan oder ein Problem, das ausschlie\u00dflich den medizinischen Bereich betrifft.<\/p>\n\n\n\n<figure class=\"wp-block-gallery has-nested-images columns-default is-cropped wp-block-gallery-1 is-layout-flex wp-block-gallery-is-layout-flex\">\n<figure class=\"wp-block-image size-full\"><img loading=\"lazy\" decoding=\"async\" width=\"450\" height=\"250\" data-id=\"10481\" src=\"https:\/\/universofamilia.com\/wp-content\/uploads\/sites\/148\/2025\/12\/Destaque-Novo-Universo-20-1.jpg\" alt=\"\" class=\"wp-image-10481\" srcset=\"https:\/\/universofamilia.com\/wp-content\/uploads\/sites\/148\/2025\/12\/Destaque-Novo-Universo-20-1.jpg 450w, https:\/\/universofamilia.com\/wp-content\/uploads\/sites\/148\/2025\/12\/Destaque-Novo-Universo-20-1-300x167.jpg 300w, https:\/\/universofamilia.com\/wp-content\/uploads\/sites\/148\/2025\/12\/Destaque-Novo-Universo-20-1-18x10.jpg 18w\" sizes=\"(max-width: 450px) 100vw, 450px\" \/><figcaption class=\"wp-element-caption\">Psychische Gesundheit im Fokus: die neue globale Herausforderung des 21. Jahrhunderts.<\/figcaption><\/figure>\n<\/figure>\n\n\n\n<p class=\"has-text-align-center\">Es wurde zu einer sozialen, wirtschaftlichen und politischen Priorit\u00e4t, die \u00fcber Zeitalter, Berufe und Kulturen hinausgeht.<\/p>\n\n\n\n<p class=\"has-text-align-center\">Im Jahr 2025 bedeutet die Rede von emotionalem Wohlbefinden, \u00fcber Produktivit\u00e4t, Beziehungen, Bildung, Technologie und Lebensqualit\u00e4t zu sprechen.<\/p>\n\n\n\n<p>Bevor wir tiefer in die Materie einsteigen, lohnt es sich, eine kurze Zusammenfassung zu lesen: Warum steht die psychische Gesundheit heute im Mittelpunkt der globalen Debatte? Welche Faktoren erkl\u00e4ren ihre Verschlechterung? Und wie wirkt sie sich auf die Wirtschaft und das t\u00e4gliche Leben aus?<\/p>\n\n\n\n<p>Eine wichtige, von internationalen Organisationen best\u00e4tigte Statistik, zwei Beispiele aus der Praxis, eine aufschlussreiche Analogie, eine Tabelle mit aktuellen Herausforderungen und ein Abschnitt mit h\u00e4ufig gestellten Fragen.<\/p>\n\n\n\n<h2 class=\"wp-block-heading\"><strong>Warum die psychische Gesundheit in den Mittelpunkt der globalen Diskussion ger\u00fcckt ist<\/strong><\/h2>\n\n\n\n<p>Jahrzehntelang wurde das psychische Wohlbefinden vernachl\u00e4ssigt. Doch die rasanten Ver\u00e4nderungen des 21. Jahrhunderts zwangen uns, uns mit einem Problem auseinanderzusetzen, das still und leise gewachsen war.<\/p>\n\n\n\n<p>Intensive Arbeitsrhythmen, Hyperkonnektivit\u00e4t, wirtschaftliche Unsicherheit und tiefgreifende soziale Umw\u00e4lzungen schufen einen komplexen N\u00e4hrboden.<\/p>\n\n\n\n<p>In diesem Zusammenhang <strong>Psychische Gesundheit im Fokus: die neue globale Herausforderung des 21. Jahrhunderts.<\/strong> Es h\u00f6rte auf, eine akademische Phrase zu sein, und wurde zur allt\u00e4glichen Realit\u00e4t.<\/p>\n\n\n\n<p>Heute erkennen Regierungen, Unternehmen und Bildungssysteme an, dass das Ignorieren dieses Aspekts sp\u00fcrbare und kostspielige Folgen hat.<\/p>\n\n\n\n<h2 class=\"wp-block-heading\"><strong>Ein Problem, das keine Grenzen und kein Alter kennt.<\/strong><\/h2>\n\n\n\n<p>Psychische Gesundheit betrifft nicht nur bestimmte L\u00e4nder oder soziale Gruppen.<\/p>\n\n\n\n<p>Dies ist ein weit verbreitetes Ph\u00e4nomen. Junge Menschen, Erwachsene und \u00e4ltere Erwachsene sind zunehmend mit Stress, Angstzust\u00e4nden und emotionaler Ersch\u00f6pfung konfrontiert.<\/p>\n\n\n\n<p>Laut Daten von <strong>Weltgesundheitsorganisation (WHO)<\/strong>, etwa <strong>Weltweit leidet jeder achte Mensch an einer Form von psychischer St\u00f6rung.<\/strong>Diese Zahl verdeutlicht das Ausma\u00df der Herausforderung und ihre direkten Auswirkungen auf die Gesundheitssysteme und die Weltwirtschaft.<\/p>\n\n\n\n<p>Diese Daten, die in j\u00fcngsten Berichten der Beh\u00f6rde aktualisiert wurden, best\u00e4tigen, dass es sich hierbei nicht um Einzelf\u00e4lle handelt, sondern um ein strukturelles Problem.<\/p>\n\n\n\n<h2 class=\"wp-block-heading\"><strong>Die stillen Auswirkungen auf Wirtschaft und Arbeit<\/strong><\/h2>\n\n\n\n<p>\u00dcber das individuelle Leid hinaus beeintr\u00e4chtigt eine gest\u00f6rte psychische Gesundheit die Produktivit\u00e4t, erh\u00f6ht die Fehlzeiten und treibt die Gesundheitskosten in die H\u00f6he.<\/p>\n\n\n\n<p>Unternehmen begannen zu verstehen, dass die Ber\u00fccksichtigung des emotionalen Wohlbefindens kein zus\u00e4tzlicher Vorteil, sondern eine strategische Investition ist.<\/p>\n\n\n\n<p>Bis 2025 werden viele Organisationen psychologische Unterst\u00fctzungsprogramme, flexible Arbeitszeiten und Richtlinien zur digitalen Abkopplung integrieren.<\/p>\n\n\n\n<p>Sie tun dies nicht nur aus sozialer Verantwortung, sondern auch, weil die Ergebnisse deutliche Verbesserungen in Leistung und Engagement zeigen.<\/p>\n\n\n\n<h2 class=\"wp-block-heading\"><strong>Technologie: Verb\u00fcndeter und Risiko zugleich<\/strong><\/h2>\n\n\n\n<p>Technologie spielt eine ambivalente Rolle. Einerseits erleichtert sie den Zugang zu Informationen, Online-Therapien und Selbsthilfegruppen.<\/p>\n\n\n\n<p>Andererseits verst\u00e4rkt es den sozialen Vergleich, die \u00dcbers\u00e4ttigung mit Informationen und die Schwierigkeit, abzuschalten.<\/p>\n\n\n\n<p>Die Herausforderung besteht darin, digitale Werkzeuge sinnvoll einzusetzen.<\/p>\n\n\n\n<p>Der Schl\u00fcssel liegt nicht darin, die Technologie zu verteufeln, sondern gesunde Grenzen zu setzen, die es uns erm\u00f6glichen, ihre Vorteile zu nutzen, ohne das emotionale Gleichgewicht zu opfern.<\/p>\n\n\n\n<h2 class=\"wp-block-heading\"><strong>Emotionale Bildung: eine historische Schuld<\/strong><\/h2>\n\n\n\n<p>Jahrelang legten die Bildungssysteme Wert auf akademische Inhalte und vernachl\u00e4ssigten grundlegende emotionale Kompetenzen. Heute r\u00e4cht sich diese Vers\u00e4umnis.<\/p>\n\n\n\n<p>Emotionale Kompetenz erweist sich zunehmend als dringendes Bed\u00fcrfnis.<\/p>\n\n\n\n<p>Die Integration von Stressbew\u00e4ltigung, Empathie und Selbstwahrnehmung von klein auf beugt nicht nur zuk\u00fcnftigen St\u00f6rungen vor, sondern schafft auch widerstandsf\u00e4higere und bewusstere B\u00fcrger.<\/p>\n\n\n\n<h3 class=\"wp-block-heading\"><strong>Beispiel 1<\/strong><\/h3>\n\n\n\n<p>Eine \u00f6ffentliche Schule in Lateinamerika f\u00fchrte w\u00f6chentliche Workshops zur emotionalen Bildung ein.<\/p>\n\n\n\n<p>Laut internen Berichten des Bildungszentrums gingen die Konflikte zwischen den Sch\u00fclern innerhalb eines Jahres zur\u00fcck und die akademischen Leistungen verbesserten sich insgesamt.<\/p>\n\n\n\n<h2 class=\"wp-block-heading\"><strong>Stigma: der hartn\u00e4ckigste Feind<\/strong><\/h2>\n\n\n\n<p>Obwohl sich der Diskurs ver\u00e4ndert hat, besteht das Stigma fort. Viele Menschen scheuen sich, Hilfe zu suchen, aus Angst vor sozialer oder beruflicher Verurteilung.<\/p>\n\n\n\n<p>Dieses Schweigen verschlimmert die Symptome und verz\u00f6gert eine wirksame Behandlung.<\/p>\n\n\n\n<p>Es ist entscheidend, psychische Gesundheit als integralen Bestandteil der allgemeinen Gesundheit sichtbar zu machen. Die Normalisierung des Gespr\u00e4chs dar\u00fcber spart Zeit, Ressourcen und in manchen F\u00e4llen Leben.<\/p>\n\n\n\n<h2 class=\"wp-block-heading\"><strong>Die Analogie, die hilft, die Dringlichkeit zu verstehen<\/strong><\/h2>\n\n\n\n<p>Sich um die eigene psychische Gesundheit zu k\u00fcmmern ist \u00e4hnlich wie <strong>das Betriebssystem eines Ger\u00e4ts aufrechterhalten<\/strong>.<\/p>\n\n\n\n<p>Selbst die beste Hardware n\u00fctzt nichts, wenn die Software versagt \u2013 dann wird das gesamte System langsam, instabil und anf\u00e4llig. Warnsignale zu ignorieren, verschlechtert die Gesamtleistung nur.<\/p>\n\n\n\n<h2 class=\"wp-block-heading\"><strong>\u00d6ffentliche Politik und kollektive Verantwortung<\/strong><\/h2>\n\n\n\n<p>Regierungen stehen vor der Herausforderung, umfassende, zug\u00e4ngliche und nachhaltige Strategien zu entwickeln.<\/p>\n\n\n\n<p>Eine blo\u00dfe Erh\u00f6hung der Budgets reicht nicht aus; es bedarf einer Koordination zwischen Gesundheit, Bildung, Arbeit und sozialer Entwicklung.<\/p>\n\n\n\n<p>Gleichzeitig liegt die Verantwortung nicht allein bei den Institutionen.<\/p>\n\n\n\n<p>Gemeinschaften, Familien und Arbeitsumgebungen spielen eine grundlegende Rolle bei Pr\u00e4vention und Unterst\u00fctzung.<\/p>\n\n\n\n<h2 class=\"wp-block-heading\"><strong>Tabelle: Aktuelle Hauptherausforderungen im Bereich der psychischen Gesundheit<\/strong><\/h2>\n\n\n\n<figure class=\"wp-block-table\"><table><thead><tr><th>Globale Herausforderung<\/th><th>Hauptauswirkung<\/th><\/tr><\/thead><tbody><tr><td>Chronischer Arbeitsstress<\/td><td>Burnout und geringe Produktivit\u00e4t<\/td><\/tr><tr><td>Soziale Stigmatisierung<\/td><td>Fehlende Fr\u00fchdiagnose<\/td><\/tr><tr><td>Eingeschr\u00e4nkter Zugang zur Versorgung<\/td><td>L\u00fccken im \u00f6ffentlichen Gesundheitswesen<\/td><\/tr><tr><td>\u00dcberm\u00e4\u00dfiger Technologieeinsatz<\/td><td>Angst und emotionale Abkopplung<\/td><\/tr><tr><td>Mangelnde emotionale Bildung<\/td><td>Geringere soziale Widerstandsf\u00e4higkeit<\/td><\/tr><\/tbody><\/table><figcaption class=\"wp-element-caption\">Psychische Gesundheit im Fokus: die neue globale Herausforderung des 21. Jahrhunderts.<\/figcaption><\/figure>\n\n\n\n<figure class=\"wp-block-gallery has-nested-images columns-default is-cropped wp-block-gallery-2 is-layout-flex wp-block-gallery-is-layout-flex\">\n<figure class=\"wp-block-image size-full\"><img loading=\"lazy\" decoding=\"async\" width=\"450\" height=\"250\" data-id=\"10482\" src=\"https:\/\/universofamilia.com\/wp-content\/uploads\/sites\/148\/2025\/12\/Destaque-Novo-Universo-21.jpg\" alt=\"\" class=\"wp-image-10482\" srcset=\"https:\/\/universofamilia.com\/wp-content\/uploads\/sites\/148\/2025\/12\/Destaque-Novo-Universo-21.jpg 450w, https:\/\/universofamilia.com\/wp-content\/uploads\/sites\/148\/2025\/12\/Destaque-Novo-Universo-21-300x167.jpg 300w, https:\/\/universofamilia.com\/wp-content\/uploads\/sites\/148\/2025\/12\/Destaque-Novo-Universo-21-18x10.jpg 18w\" sizes=\"(max-width: 450px) 100vw, 450px\" \/><figcaption class=\"wp-element-caption\">Psychische Gesundheit im Fokus: die neue globale Herausforderung des 21. Jahrhunderts.<\/figcaption><\/figure>\n<\/figure>\n\n\n\n<p>Mehr lesen:\u00a0<a href=\"https:\/\/universofamilia.com\/de\/descubrimientos-cientificos-que-cambiaran-el-futuro\/\">Wissenschaftliche Entdeckungen, die die Zukunft ver\u00e4ndern werden<\/a><\/p>\n\n\n\n<h2 class=\"wp-block-heading\"><strong>Die Bedeutung von Sprechen, Zuh\u00f6ren und Handeln<\/strong><\/h2>\n\n\n\n<p>R\u00e4ume f\u00fcr einen ehrlichen Dialog zu schaffen, macht einen echten Unterschied. Zuh\u00f6ren ohne zu urteilen und Gef\u00fchle anzuerkennen st\u00e4rkt Beziehungen und verringert Isolation.<\/p>\n\n\n\n<p>Dar\u00fcber hinaus f\u00f6rdert es eine Kultur, in der das Bitten um Hilfe nicht als Schw\u00e4che, sondern als pers\u00f6nliche Verantwortung angesehen wird.<\/p>\n\n\n\n<h3 class=\"wp-block-heading\"><strong>Beispiel 2<\/strong><\/h3>\n\n\n\n<p>Ein Dienstleistungsunternehmen f\u00fchrte freiwillige psychologische Unterst\u00fctzungsangebote ein.<\/p>\n\n\n\n<p>Nach sechs Monaten berichteten die Teams von einem st\u00e4rkeren Zusammenhalt und einem geringeren wahrgenommenen Stress, was sich in internen Beurteilungen des Arbeitsklimas widerspiegelte.<\/p>\n\n\n\n<h2 class=\"wp-block-heading\"><strong>Warum pr\u00e4gt diese Herausforderung das 21. Jahrhundert?<\/strong><\/h2>\n\n\n\n<p>Denn noch nie zuvor verf\u00fcgte die Menschheit \u00fcber so viele Informationen und gleichzeitig \u00fcber so viele simultane Druckfaktoren.<\/p>\n\n\n\n<p>Globalisierung, Klimakrise, technologischer Wandel und geopolitische Spannungen wirken sich direkt auf die emotionale Stabilit\u00e4t aus.<\/p>\n\n\n\n<p>Ist es sinnvoll, von Fortschritt zu sprechen, wenn das psychische Wohlbefinden der Menschen vernachl\u00e4ssigt wird?<\/p>\n\n\n\n<h2 class=\"wp-block-heading\"><strong>Mit Verantwortung in die Zukunft blicken.<\/strong><\/h2>\n\n\n\n<p>Im Jahr 2025 <strong>Psychische Gesundheit im Fokus: die neue globale Herausforderung des 21. Jahrhunderts.<\/strong> Es verlangt konkrete Taten, nicht nur Reden.<\/p>\n\n\n\n<p>Investitionen in Pr\u00e4vention, Aufkl\u00e4rung und Zugang zu Behandlungsmethoden sind genauso wichtig wie jede physische Infrastruktur.<\/p>\n\n\n\n<p>Die Zukunft wird davon abh\u00e4ngen, ob wir alle in der Lage sind zu erkennen, dass psychische Gesundheit kein Luxus, sondern eine S\u00e4ule nachhaltiger Entwicklung ist.<\/p>\n\n\n\n<h2 class=\"wp-block-heading\"><strong>Schlussfolgerung<\/strong><\/h2>\n\n\n\n<p>Psychische Gesundheit bestimmt, wie wir arbeiten, lernen, Beziehungen zu anderen gestalten und unsere Zukunft planen. Sie zu ignorieren bedeutet stetig steigende menschliche und wirtschaftliche Kosten.<\/p>\n\n\n\n<p>Im Gegensatz dazu \u00f6ffnet ein ernsthafter, einf\u00fchlsamer und strategischer Umgang mit dem Problem die T\u00fcr zu ausgewogeneren und widerstandsf\u00e4higeren Gesellschaften.<\/p>\n\n\n\n<p>Die Herausforderung ist gestellt. Die Frage ist nicht mehr, ob wir handeln sollten, sondern wie und mit welcher Dringlichkeit.<\/p>\n\n\n\n<p>Mehr lesen:\u00a0<a href=\"https:\/\/universofamilia.com\/de\/el-crecimiento-del-comercio-electronico-mundial-en-2025\/\">Das Wachstum des globalen E-Commerce im Jahr 2025<\/a><\/p>\n\n\n\n<h2 class=\"wp-block-heading\"><strong>H\u00e4ufig gestellte Fragen<\/strong><\/h2>\n\n\n\n<p><strong>Ist psychische Gesundheit nur ein individuelles Problem?<\/strong><br>Nein. Es geht um soziale, wirtschaftliche und kulturelle Faktoren, die kollektive Reaktionen erfordern.<\/p>\n\n\n\n<p><strong>Ist die Inanspruchnahme psychologischer Hilfe immer noch verp\u00f6nt?<\/strong><br>Das Stigma hat zwar abgenommen, besteht aber in manchen Kreisen immer noch fort. Offen dar\u00fcber zu sprechen, tr\u00e4gt dazu bei, diese Wahrnehmung zu ver\u00e4ndern.<\/p>\n\n\n\n<p><strong>Verschlechtert Technologie die psychische Gesundheit?<\/strong><br>Das h\u00e4ngt vom Verwendungszweck ab. Es kann ein Hilfsmittel sein oder, wenn es nicht reguliert ist, ein Risikofaktor.<\/p>\n\n\n\n<p><strong>Sollten sich Unternehmen in diese Angelegenheit einbringen?<\/strong><br>Ja. Emotionales Wohlbefinden beeinflusst die Leistungsf\u00e4higkeit und Nachhaltigkeit von Organisationen direkt.<\/p>\n\n\n\n<p><strong>Funktioniert Pr\u00e4vention wirklich?<\/strong><br>Verschiedene Programme zeigen, dass emotionale Bildung und Fr\u00fcherkennung langfristige Probleme reduzieren.<\/p>\n\n\n\n<p>Der ernsthafte und menschliche Umgang mit psychischer Gesundheit verbessert nicht nur das Leben des Einzelnen, sondern pr\u00e4gt auch den Verlauf des 21. Jahrhunderts ma\u00dfgeblich.<\/p>","protected":false},"excerpt":{"rendered":"<p>La salud mental en la mira: el nuevo desaf\u00edo global del siglo XXI. ya no es una consigna alarmista ni un tema exclusivo del \u00e1mbito m\u00e9dico. Se convirti\u00f3 en una prioridad social, econ\u00f3mica y pol\u00edtica que atraviesa edades, profesiones y culturas. En 2025, hablar de bienestar emocional implica hablar de productividad, v\u00ednculos, educaci\u00f3n, tecnolog\u00eda y [&hellip;]<\/p>","protected":false},"author":219,"featured_media":10480,"comment_status":"closed","ping_status":"open","sticky":false,"template":"","format":"standard","meta":{"footnotes":""},"categories":[4],"tags":[],"yoast_head":"<!-- This site is optimized with the Yoast SEO plugin v23.3 - https:\/\/yoast.com\/wordpress\/plugins\/seo\/ -->\n<title>La salud mental en la mira: el nuevo desaf\u00edo global del siglo XXI - Universo Fam\u00edlia<\/title>\n<meta name=\"description\" content=\"La salud mental en la mira: el nuevo desaf\u00edo global del siglo XXI. ya no es una consigna alarmista ni un tema exclusivo del \u00e1mbito m\u00e9dico.\" \/>\n<meta name=\"robots\" content=\"index, follow, max-snippet:-1, max-image-preview:large, max-video-preview:-1\" \/>\n<link rel=\"canonical\" href=\"https:\/\/universofamilia.com\/de\/la-salud-mental-en-la-mira\/\" \/>\n<meta property=\"og:locale\" content=\"de_DE\" \/>\n<meta property=\"og:type\" content=\"article\" \/>\n<meta property=\"og:title\" content=\"La salud mental en la mira: el nuevo desaf\u00edo global del siglo XXI - Universo Fam\u00edlia\" \/>\n<meta property=\"og:description\" content=\"La salud mental en la mira: el nuevo desaf\u00edo global del siglo XXI. ya no es una consigna alarmista ni un tema exclusivo del \u00e1mbito m\u00e9dico.\" \/>\n<meta property=\"og:url\" content=\"https:\/\/universofamilia.com\/de\/la-salud-mental-en-la-mira\/\" \/>\n<meta property=\"og:site_name\" content=\"Universo Fam\u00edlia\" \/>\n<meta property=\"article:published_time\" content=\"2025-12-29T12:09:19+00:00\" \/>\n<meta property=\"article:modified_time\" content=\"2025-12-29T12:11:25+00:00\" \/>\n<meta property=\"og:image\" content=\"https:\/\/universofamilia.com\/wp-content\/uploads\/sites\/148\/2025\/12\/Destaque-Novo-Universo-20.jpg\" \/>\n\t<meta property=\"og:image:width\" content=\"450\" \/>\n\t<meta property=\"og:image:height\" content=\"250\" \/>\n\t<meta property=\"og:image:type\" content=\"image\/jpeg\" \/>\n<meta name=\"author\" content=\"Matheus Sangaletti\" \/>\n<meta name=\"twitter:card\" content=\"summary_large_image\" \/>\n<meta name=\"twitter:label1\" content=\"Written by\" \/>\n\t<meta name=\"twitter:data1\" content=\"Matheus Sangaletti\" \/>\n\t<meta name=\"twitter:label2\" content=\"Est. reading time\" \/>\n\t<meta name=\"twitter:data2\" content=\"1 Minute\" \/>\n<script type=\"application\/ld+json\" class=\"yoast-schema-graph\">{\"@context\":\"https:\/\/schema.org\",\"@graph\":[{\"@type\":\"WebPage\",\"@id\":\"https:\/\/universofamilia.com\/zh_hk\/la-salud-mental-en-la-mira\/\",\"url\":\"https:\/\/universofamilia.com\/zh_hk\/la-salud-mental-en-la-mira\/\",\"name\":\"La salud mental en la mira: el nuevo desaf\u00edo global del siglo XXI - Universo Fam\u00edlia\",\"isPartOf\":{\"@id\":\"http:\/\/universofamilia.com\/zh_hk\/#website\"},\"primaryImageOfPage\":{\"@id\":\"https:\/\/universofamilia.com\/zh_hk\/la-salud-mental-en-la-mira\/#primaryimage\"},\"image\":{\"@id\":\"https:\/\/universofamilia.com\/zh_hk\/la-salud-mental-en-la-mira\/#primaryimage\"},\"thumbnailUrl\":\"https:\/\/universofamilia.com\/wp-content\/uploads\/sites\/148\/2025\/12\/Destaque-Novo-Universo-20.jpg\",\"datePublished\":\"2025-12-29T12:09:19+00:00\",\"dateModified\":\"2025-12-29T12:11:25+00:00\",\"author\":{\"@id\":\"http:\/\/universofamilia.com\/zh_hk\/#\/schema\/person\/92fcd07e9b1f4323bf74f3170fc0f78a\"},\"description\":\"La salud mental en la mira: el nuevo desaf\u00edo global del siglo XXI. ya no es una consigna alarmista ni un tema exclusivo del \u00e1mbito m\u00e9dico.\",\"breadcrumb\":{\"@id\":\"https:\/\/universofamilia.com\/zh_hk\/la-salud-mental-en-la-mira\/#breadcrumb\"},\"inLanguage\":\"de-CH\",\"potentialAction\":[{\"@type\":\"ReadAction\",\"target\":[\"https:\/\/universofamilia.com\/zh_hk\/la-salud-mental-en-la-mira\/\"]}]},{\"@type\":\"ImageObject\",\"inLanguage\":\"de-CH\",\"@id\":\"https:\/\/universofamilia.com\/zh_hk\/la-salud-mental-en-la-mira\/#primaryimage\",\"url\":\"https:\/\/universofamilia.com\/wp-content\/uploads\/sites\/148\/2025\/12\/Destaque-Novo-Universo-20.jpg\",\"contentUrl\":\"https:\/\/universofamilia.com\/wp-content\/uploads\/sites\/148\/2025\/12\/Destaque-Novo-Universo-20.jpg\",\"width\":450,\"height\":250,\"caption\":\"La salud mental en la mira: el nuevo desaf\u00edo global del siglo XXI.\"},{\"@type\":\"BreadcrumbList\",\"@id\":\"https:\/\/universofamilia.com\/zh_hk\/la-salud-mental-en-la-mira\/#breadcrumb\",\"itemListElement\":[{\"@type\":\"ListItem\",\"position\":1,\"name\":\"Home\",\"item\":\"http:\/\/universofamilia.com\/zh_hk\/\"},{\"@type\":\"ListItem\",\"position\":2,\"name\":\"La salud mental en la mira: el nuevo desaf\u00edo global del siglo XXI\"}]},{\"@type\":\"WebSite\",\"@id\":\"http:\/\/universofamilia.com\/zh_hk\/#website\",\"url\":\"http:\/\/universofamilia.com\/zh_hk\/\",\"name\":\"Universo Fam\u00edlia\",\"description\":\"\",\"potentialAction\":[{\"@type\":\"SearchAction\",\"target\":{\"@type\":\"EntryPoint\",\"urlTemplate\":\"http:\/\/universofamilia.com\/zh_hk\/?s={search_term_string}\"},\"query-input\":\"required name=search_term_string\"}],\"inLanguage\":\"de-CH\"},{\"@type\":\"Person\",\"@id\":\"http:\/\/universofamilia.com\/zh_hk\/#\/schema\/person\/92fcd07e9b1f4323bf74f3170fc0f78a\",\"name\":\"Matheus Sangaletti\",\"image\":{\"@type\":\"ImageObject\",\"inLanguage\":\"de-CH\",\"@id\":\"http:\/\/universofamilia.com\/zh_hk\/#\/schema\/person\/image\/\",\"url\":\"https:\/\/secure.gravatar.com\/avatar\/280ea957a14a48e6a1ad2133d2cc27c9?s=96&d=mm&r=g\",\"contentUrl\":\"https:\/\/secure.gravatar.com\/avatar\/280ea957a14a48e6a1ad2133d2cc27c9?s=96&d=mm&r=g\",\"caption\":\"Matheus Sangaletti\"},\"url\":\"https:\/\/universofamilia.com\/de\/author\/matheuss\/\"}]}<\/script>\n<!-- \/ Yoast SEO plugin. -->","yoast_head_json":{"title":"La salud mental en la mira: el nuevo desaf\u00edo global del siglo XXI - Universo Fam\u00edlia","description":"La salud mental en la mira: el nuevo desaf\u00edo global del siglo XXI. ya no es una consigna alarmista ni un tema exclusivo del \u00e1mbito m\u00e9dico.","robots":{"index":"index","follow":"follow","max-snippet":"max-snippet:-1","max-image-preview":"max-image-preview:large","max-video-preview":"max-video-preview:-1"},"canonical":"https:\/\/universofamilia.com\/de\/la-salud-mental-en-la-mira\/","og_locale":"de_DE","og_type":"article","og_title":"La salud mental en la mira: el nuevo desaf\u00edo global del siglo XXI - Universo Fam\u00edlia","og_description":"La salud mental en la mira: el nuevo desaf\u00edo global del siglo XXI. ya no es una consigna alarmista ni un tema exclusivo del \u00e1mbito m\u00e9dico.","og_url":"https:\/\/universofamilia.com\/de\/la-salud-mental-en-la-mira\/","og_site_name":"Universo Fam\u00edlia","article_published_time":"2025-12-29T12:09:19+00:00","article_modified_time":"2025-12-29T12:11:25+00:00","og_image":[{"width":450,"height":250,"url":"https:\/\/universofamilia.com\/wp-content\/uploads\/sites\/148\/2025\/12\/Destaque-Novo-Universo-20.jpg","type":"image\/jpeg"}],"author":"Matheus Sangaletti","twitter_card":"summary_large_image","twitter_misc":{"Written by":"Matheus Sangaletti","Est. reading time":"1 Minute"},"schema":{"@context":"https:\/\/schema.org","@graph":[{"@type":"WebPage","@id":"https:\/\/universofamilia.com\/zh_hk\/la-salud-mental-en-la-mira\/","url":"https:\/\/universofamilia.com\/zh_hk\/la-salud-mental-en-la-mira\/","name":"La salud mental en la mira: el nuevo desaf\u00edo global del siglo XXI - Universo Fam\u00edlia","isPartOf":{"@id":"http:\/\/universofamilia.com\/zh_hk\/#website"},"primaryImageOfPage":{"@id":"https:\/\/universofamilia.com\/zh_hk\/la-salud-mental-en-la-mira\/#primaryimage"},"image":{"@id":"https:\/\/universofamilia.com\/zh_hk\/la-salud-mental-en-la-mira\/#primaryimage"},"thumbnailUrl":"https:\/\/universofamilia.com\/wp-content\/uploads\/sites\/148\/2025\/12\/Destaque-Novo-Universo-20.jpg","datePublished":"2025-12-29T12:09:19+00:00","dateModified":"2025-12-29T12:11:25+00:00","author":{"@id":"http:\/\/universofamilia.com\/zh_hk\/#\/schema\/person\/92fcd07e9b1f4323bf74f3170fc0f78a"},"description":"La salud mental en la mira: el nuevo desaf\u00edo global del siglo XXI. ya no es una consigna alarmista ni un tema exclusivo del \u00e1mbito m\u00e9dico.","breadcrumb":{"@id":"https:\/\/universofamilia.com\/zh_hk\/la-salud-mental-en-la-mira\/#breadcrumb"},"inLanguage":"de-CH","potentialAction":[{"@type":"ReadAction","target":["https:\/\/universofamilia.com\/zh_hk\/la-salud-mental-en-la-mira\/"]}]},{"@type":"ImageObject","inLanguage":"de-CH","@id":"https:\/\/universofamilia.com\/zh_hk\/la-salud-mental-en-la-mira\/#primaryimage","url":"https:\/\/universofamilia.com\/wp-content\/uploads\/sites\/148\/2025\/12\/Destaque-Novo-Universo-20.jpg","contentUrl":"https:\/\/universofamilia.com\/wp-content\/uploads\/sites\/148\/2025\/12\/Destaque-Novo-Universo-20.jpg","width":450,"height":250,"caption":"La salud mental en la mira: el nuevo desaf\u00edo global del siglo XXI."},{"@type":"BreadcrumbList","@id":"https:\/\/universofamilia.com\/zh_hk\/la-salud-mental-en-la-mira\/#breadcrumb","itemListElement":[{"@type":"ListItem","position":1,"name":"Home","item":"http:\/\/universofamilia.com\/zh_hk\/"},{"@type":"ListItem","position":2,"name":"La salud mental en la mira: el nuevo desaf\u00edo global del siglo XXI"}]},{"@type":"WebSite","@id":"http:\/\/universofamilia.com\/zh_hk\/#website","url":"http:\/\/universofamilia.com\/zh_hk\/","name":"Universo Fam\u00edlia","description":"","potentialAction":[{"@type":"SearchAction","target":{"@type":"EntryPoint","urlTemplate":"http:\/\/universofamilia.com\/zh_hk\/?s={search_term_string}"},"query-input":"required name=search_term_string"}],"inLanguage":"de-CH"},{"@type":"Person","@id":"http:\/\/universofamilia.com\/zh_hk\/#\/schema\/person\/92fcd07e9b1f4323bf74f3170fc0f78a","name":"Matheus Sangaletti","image":{"@type":"ImageObject","inLanguage":"de-CH","@id":"http:\/\/universofamilia.com\/zh_hk\/#\/schema\/person\/image\/","url":"https:\/\/secure.gravatar.com\/avatar\/280ea957a14a48e6a1ad2133d2cc27c9?s=96&d=mm&r=g","contentUrl":"https:\/\/secure.gravatar.com\/avatar\/280ea957a14a48e6a1ad2133d2cc27c9?s=96&d=mm&r=g","caption":"Matheus Sangaletti"},"url":"https:\/\/universofamilia.com\/de\/author\/matheuss\/"}]}},"_links":{"self":[{"href":"https:\/\/universofamilia.com\/de\/wp-json\/wp\/v2\/posts\/10479"}],"collection":[{"href":"https:\/\/universofamilia.com\/de\/wp-json\/wp\/v2\/posts"}],"about":[{"href":"https:\/\/universofamilia.com\/de\/wp-json\/wp\/v2\/types\/post"}],"author":[{"embeddable":true,"href":"https:\/\/universofamilia.com\/de\/wp-json\/wp\/v2\/users\/219"}],"replies":[{"embeddable":true,"href":"https:\/\/universofamilia.com\/de\/wp-json\/wp\/v2\/comments?post=10479"}],"version-history":[{"count":2,"href":"https:\/\/universofamilia.com\/de\/wp-json\/wp\/v2\/posts\/10479\/revisions"}],"predecessor-version":[{"id":10484,"href":"https:\/\/universofamilia.com\/de\/wp-json\/wp\/v2\/posts\/10479\/revisions\/10484"}],"wp:featuredmedia":[{"embeddable":true,"href":"https:\/\/universofamilia.com\/de\/wp-json\/wp\/v2\/media\/10480"}],"wp:attachment":[{"href":"https:\/\/universofamilia.com\/de\/wp-json\/wp\/v2\/media?parent=10479"}],"wp:term":[{"taxonomy":"category","embeddable":true,"href":"https:\/\/universofamilia.com\/de\/wp-json\/wp\/v2\/categories?post=10479"},{"taxonomy":"post_tag","embeddable":true,"href":"https:\/\/universofamilia.com\/de\/wp-json\/wp\/v2\/tags?post=10479"}],"curies":[{"name":"wp","href":"https:\/\/api.w.org\/{rel}","templated":true}]}}