{"id":2207,"date":"2023-06-02T23:02:38","date_gmt":"2023-06-03T02:02:38","guid":{"rendered":"https:\/\/universofamilia.com\/?p=2207"},"modified":"2023-06-02T23:02:38","modified_gmt":"2023-06-03T02:02:38","slug":"dificuldade-de-audicao-em-criancas","status":"publish","type":"post","link":"https:\/\/universofamilia.com\/de\/dificuldade-de-audicao-em-criancas\/","title":{"rendered":"H\u00f6rprobleme bei Kindern: Symptome, Pflege und Diagnose"},"content":{"rendered":"<p>H\u00f6rprobleme bei Kindern: Symptome, Pflege und Diagnose. Das H\u00f6ren spielt bei der Entwicklung des kindlichen Lernens eine entscheidende Rolle.<\/p>\n\n\n\n<p>Leider leiden manche Kinder unter H\u00f6rproblemen, die ihre Lebensqualit\u00e4t und ihre schulischen Leistungen negativ beeinflussen k\u00f6nnen.<\/p>\n\n\n\n<p>In diesem Artikel besprechen wir die Symptome von H\u00f6rproblemen bei Kindern, die notwendige Pflege und wie man eine angemessene Diagnose stellt.<\/p>\n\n\n\n<h3 class=\"wp-block-heading\">Siehe auch:<\/h3>\n\n\n\n<p><a href=\"https:\/\/universofamilia.com\/de\/como-aliviar-as-colicas-do-bebe\/\" target=\"_blank\" rel=\"noreferrer noopener\">So lindern Sie Babykoliken<\/a><\/p>\n\n\n\n<p><a href=\"https:\/\/universofamilia.com\/de\/por-que-os-bebes-se-assustam-tanto\/\" target=\"_blank\" rel=\"noreferrer noopener\">Warum haben Babys solche Angst?<\/a><\/p>\n\n\n\n<p><a href=\"https:\/\/www.luzbaby.com.br\/\" target=\"_blank\" rel=\"noreferrer noopener\">A Luz Baby ist einer der besten L\u00e4den f\u00fcr Babyprodukte. Klicken Sie hier.<\/a><\/p>\n\n\n\n<h4 class=\"wp-block-heading\">Symptome von H\u00f6rproblemen bei Kindern<\/h4>\n\n\n<div class=\"wp-block-image\">\n<figure class=\"aligncenter size-full\"><img loading=\"lazy\" decoding=\"async\" width=\"550\" height=\"350\" src=\"http:\/\/universofamilia.com\/wp-content\/uploads\/sites\/148\/2023\/06\/POST-DIFICULDADE-DE-OUVIR-universo-familia-2.png\" alt=\"\" class=\"wp-image-2208\" srcset=\"https:\/\/universofamilia.com\/wp-content\/uploads\/sites\/148\/2023\/06\/POST-DIFICULDADE-DE-OUVIR-universo-familia-2.png 550w, https:\/\/universofamilia.com\/wp-content\/uploads\/sites\/148\/2023\/06\/POST-DIFICULDADE-DE-OUVIR-universo-familia-2-300x191.png 300w\" sizes=\"(max-width: 550px) 100vw, 550px\" \/><\/figure><\/div>\n\n\n<p>Das Erkennen von H\u00f6rproblemen bei Kindern kann eine Herausforderung sein, da die Symptome je nach Schwere des Problems unterschiedlich sein k\u00f6nnen. Hier sind einige h\u00e4ufige Nebenh\u00f6hlenentz\u00fcndungen, auf die Sie achten sollten:<\/p>\n\n\n\n<p><strong>Sp\u00e4te Rede<\/strong>: Bei Kindern mit H\u00f6rproblemen kommt es h\u00e4ufig zu erheblichen Verz\u00f6gerungen beim Spracherwerb bzw. zur Nichtentwicklung der Sprache.<\/p>\n\n\n\n<p><strong>Schwierigkeiten beim Befolgen von Anweisungen<\/strong>: Wenn ein Kind auf einfache verbale Befehle nicht angemessen reagiert oder Schwierigkeiten hat, Anweisungen zu verstehen und zu befolgen, kann dies auf ein H\u00f6rproblem hinweisen.<\/p>\n\n\n\n<p><strong>Fernseh- oder Radiolautst\u00e4rke zu hoch<\/strong>Hinweis: Wenn ein Kind die Lautst\u00e4rke des Fernsehers oder Radios immer gerne auf einen unangenehm hohen Pegel dreht, k\u00f6nnte das ein Zeichen daf\u00fcr sein, dass es schlecht h\u00f6rt.<\/p>\n\n\n\n<p><strong>Konzentrationsprobleme<\/strong>: Kinder mit H\u00f6rproblemen haben aufgrund einer Reiz\u00fcberflutung m\u00f6glicherweise Konzentrationsschwierigkeiten im Klassenzimmer oder in lauten Umgebungen.<\/p>\n\n\n\n<p><strong>Verz\u00f6gerungen beim Versagen und Nicht-Entwicklung der Sprache<\/strong>: Zus\u00e4tzlich zur verz\u00f6gerten Sprachentwicklung k\u00f6nnen bei Kindern Schwierigkeiten auftreten, W\u00f6rter richtig zu artikulieren oder Sprachen richtig zu verstehen und anzuwenden.<\/p>\n\n\n<div class=\"wp-block-image\">\n<figure class=\"aligncenter size-full\"><img loading=\"lazy\" decoding=\"async\" width=\"550\" height=\"350\" src=\"http:\/\/universofamilia.com\/wp-content\/uploads\/sites\/148\/2023\/06\/POST-DIFICULDADE-DE-OUVIR-universo-familia-1.png\" alt=\"\" class=\"wp-image-2209\" srcset=\"https:\/\/universofamilia.com\/wp-content\/uploads\/sites\/148\/2023\/06\/POST-DIFICULDADE-DE-OUVIR-universo-familia-1.png 550w, https:\/\/universofamilia.com\/wp-content\/uploads\/sites\/148\/2023\/06\/POST-DIFICULDADE-DE-OUVIR-universo-familia-1-300x191.png 300w\" sizes=\"(max-width: 550px) 100vw, 550px\" \/><\/figure><\/div>\n\n\n<h4 class=\"wp-block-heading\">Betreuung von Kindern mit H\u00f6rproblemen<\/h4>\n\n\n\n<p>Wenn Sie vermuten, dass Ihr Kind H\u00f6rprobleme hat, ist es wichtig, sich so viel wie m\u00f6glich um die entsprechende Betreuung zu k\u00fcmmern. Zusammenfassend sind hier einige wichtige Ma\u00dfnahmen zu ergreifen:<\/p>\n\n\n\n<p><strong>Konsultieren Sie einen Spezialisten<\/strong>: Vereinbaren Sie einen Beratungstermin mit einem HNO-Arzt oder einem auf Kindergeh\u00f6r spezialisierten Logop\u00e4den. Sie k\u00f6nnen Tests und Untersuchungen durchf\u00fchren, um das Geh\u00f6r von Kindern zu best\u00e4tigen und den Schwierigkeitsgrad zu bestimmen.<\/p>\n\n\n\n<p><strong>G\u00fcnstiges Umfeld<\/strong>: Schaffen Sie zu Hause und in der Schule eine g\u00fcnstige Umgebung f\u00fcr Kinder mit H\u00f6rproblemen. Reduzieren Sie Hintergrundger\u00e4usche, blicken Sie beim Sprechen nach vorne und nutzen Sie die K\u00f6rpersprache, um die Kommunikation zu unterst\u00fctzen.<\/p>\n\n\n\n<p><strong>P\u00e4dagogische Unterst\u00fctzung<\/strong>: Kinder mit H\u00f6rproblemen k\u00f6nnen von speziellen p\u00e4dagogischen Interventionen wie F\u00f6rderunterricht oder Sprachtherapie profitieren. Daher k\u00f6nnen diese Interventionen dazu beitragen, Kommunikationsf\u00e4higkeiten zu entwickeln und die Auswirkungen nicht erlernter H\u00f6rprobleme zu minimieren.<\/p>\n\n\n\n<p><strong>Emotionale Unterst\u00fctzung<\/strong>: Lidar mit H\u00f6rproblemen kann sowohl f\u00fcr Kinder als auch f\u00fcr Familien eine Herausforderung darstellen. Kurz gesagt: Es ist wichtig, ausreichend emotionale Unterst\u00fctzung zu bieten. Stellen Sie schlie\u00dflich sicher, dass sich Kinder verstanden, ermutigt und wertgesch\u00e4tzt f\u00fchlen.<\/p>\n\n\n\n<p>Dar\u00fcber hinaus kann es sehr hilfreich sein, offen \u00fcber H\u00f6rprobleme zu sprechen und Unterst\u00fctzungsangebote wie Selbsthilfegruppen oder Familientherapie in Anspruch zu nehmen.<\/p>\n\n\n\n<p><strong>Assistierende Technologien<\/strong>: In vielen F\u00e4llen kann der Einsatz unterst\u00fctzender Technologien wie H\u00f6rger\u00e4ten oder Cochlea-Implantaten das H\u00f6rverm\u00f6gen von Kindern deutlich verbessern. Wenden Sie sich dann an einen Fachmann, um festzustellen, welche Option im Fall Ihres Kindes am besten geeignet ist.<\/p>\n\n\n\n<h4 class=\"wp-block-heading\">Diagnose von H\u00f6rproblemen bei Kindern<\/h4>\n\n\n<div class=\"wp-block-image\">\n<figure class=\"aligncenter size-full\"><img loading=\"lazy\" decoding=\"async\" width=\"550\" height=\"350\" src=\"http:\/\/universofamilia.com\/wp-content\/uploads\/sites\/148\/2023\/06\/POST-DIFICULDADE-DE-OUVIR-universo-familia-.png\" alt=\"\" class=\"wp-image-2210\" srcset=\"https:\/\/universofamilia.com\/wp-content\/uploads\/sites\/148\/2023\/06\/POST-DIFICULDADE-DE-OUVIR-universo-familia-.png 550w, https:\/\/universofamilia.com\/wp-content\/uploads\/sites\/148\/2023\/06\/POST-DIFICULDADE-DE-OUVIR-universo-familia--300x191.png 300w\" sizes=\"(max-width: 550px) 100vw, 550px\" \/><\/figure><\/div>\n\n\n<p>Um eine H\u00f6rschw\u00e4che bei Kindern genau diagnostizieren zu k\u00f6nnen, m\u00fcssen verschiedene Tests und Untersuchungen durchgef\u00fchrt werden. Hier sind einige der g\u00e4ngigsten Diagnosetechniken:<\/p>\n\n\n\n<p><strong>H\u00f6r-Triage-Tests<\/strong>Diese schnellen, nicht-invasiven Tests dienen ausschlie\u00dflich der Erkennung m\u00f6glicher H\u00f6rprobleme bei Neugeborenen und Kleinkindern. Dabei handelt es sich im Allgemeinen um die Pr\u00e4sentation von Ger\u00e4uschen und die Beobachtung akustischer Reaktionen.<\/p>\n\n\n\n<p><strong>Audiometrie<\/strong>: Die Audiometrie ist ein Test, der das Geh\u00f6r und die F\u00e4higkeit, zwischen verschiedenen Ger\u00e4uschen zu unterscheiden, misst. Sie wird von einem Audiologen durchgef\u00fchrt und kann an die Pers\u00f6nlichkeit und F\u00e4higkeiten des Kindes angepasst werden.<\/p>\n\n\n\n<p><strong>Akustisch evozierte Potentiale<\/strong>: Diese Tests zeichnen die elektrische Aktivit\u00e4t des Gehirns als Reaktion auf Schallreize auf. Sie helfen, die Integrit\u00e4t des H\u00f6rsystems zu beurteilen und m\u00f6gliche Funktionsst\u00f6rungen zu erkennen.<\/p>\n\n\n\n<p><strong>Sprach- und Entwicklungsunterst\u00fctzung<\/strong>: Neben zwei H\u00f6rtests ist eine umfassende Beurteilung der Sprachentwicklung und der Kommunikationsf\u00e4higkeiten des Kindes wichtig. Dabei kann es sich um standardisierte Beurteilungen, klinische Beobachtungen und Frageb\u00f6gen f\u00fcr das Land handeln.<\/p>\n\n\n\n<h4 class=\"wp-block-heading\">Abschluss<\/h4>\n\n\n\n<p>H\u00f6rprobleme bei Kindern k\u00f6nnen erhebliche Auswirkungen auf ihre allgemeine Entwicklung und ihre schulischen Leistungen haben. Es ist wichtig, auf Anzeichen von H\u00f6rproblemen zu achten und sich so oft wie m\u00f6glich um die entsprechende Behandlung zu bem\u00fchen.<\/p>\n\n\n\n<p>Kurz gesagt: Die Konsultation von Fachpersonal, die Schaffung einer g\u00fcnstigen Umgebung, p\u00e4dagogische und emotionale Unterst\u00fctzung sowie der Einsatz unterst\u00fctzender Technologien sind wichtige Ma\u00dfnahmen, um Kindern dabei zu helfen, die mit H\u00f6rproblemen verbundenen Herausforderungen zu \u00fcberwinden.<\/p>\n\n\n\n<p>Allerdings k\u00f6nnen eine genaue Diagnose und ein fr\u00fchzeitiges Eingreifen die sprachliche Entwicklung von Kindern deutlich verbessern und ihnen erm\u00f6glichen, ihr volles Potenzial zu entfalten.<\/p>\n\n\n<div class=\"wp-block-image\">\n<figure class=\"aligncenter size-full\"><img loading=\"lazy\" decoding=\"async\" width=\"550\" height=\"350\" src=\"http:\/\/universofamilia.com\/wp-content\/uploads\/sites\/148\/2023\/06\/POST-DIFICULDADE-DE-OUVIR-universo-familia-3.png\" alt=\"\" class=\"wp-image-2215\" srcset=\"https:\/\/universofamilia.com\/wp-content\/uploads\/sites\/148\/2023\/06\/POST-DIFICULDADE-DE-OUVIR-universo-familia-3.png 550w, https:\/\/universofamilia.com\/wp-content\/uploads\/sites\/148\/2023\/06\/POST-DIFICULDADE-DE-OUVIR-universo-familia-3-300x191.png 300w\" sizes=\"(max-width: 550px) 100vw, 550px\" \/><\/figure><\/div>\n\n\n<blockquote class=\"wp-block-quote\">\n<h5 class=\"wp-block-heading\"><em>Hinweise: Die Materialien und Informationen auf der Seite \u201eUniverso Fam\u00edlia\u201c sind nicht f\u00fcr die medizinische Diagnose bestimmt und sollten auch nicht als solche verwendet werden. <strong>Sie sollten Ihren tats\u00e4chlichen Bedarf stets mit einem Arzt oder qualifiziertem Gesundheitsexperten besprechen.<\/strong>.<\/em><\/h5>\n<\/blockquote>\n\n\n\n<h4 class=\"wp-block-heading\">Quellen f\u00fcr die Forschung<\/h4>\n\n\n\n<p>Beim Verfassen eines Textes mit Informationen zu den H\u00f6rschwierigkeiten von Kindern ist es wichtig, sich auf zuverl\u00e4ssige und aktuelle Quellen zu st\u00fctzen. Hier sind einige empfohlene Quellen, die Sie f\u00fcr weitere Recherchen zu diesem Thema verwenden k\u00f6nnen:<\/p>\n\n\n\n<p>American Speech-Language-Hearing Association (ASHA) \u2013 ASHA ist eine Berufsorganisation, die Ressourcen und Informationen zu Sprache, Sprechen und H\u00f6ren bereitstellt. Die Site (https:\/\/www.asha.org\/) enth\u00e4lt Artikel, Leitf\u00e4den und Forschungsergebnisse zu H\u00f6rproblemen bei Kindern.<\/p>\n\n\n\n<p>Centers for Disease Control and Prevention (CDC) \u2013 Das CDC ist eine US-amerikanische Gesundheitsbeh\u00f6rde, die offene Informationen zu einer Vielzahl von Gesundheitszust\u00e4nden bereitstellt. Die CDC-Site (https:\/\/www.cdc.gov\/) kann eine zuverl\u00e4ssige Quelle f\u00fcr statistische Daten, Richtlinien zur H\u00f6rtriage und Informationen zu den Auswirkungen von H\u00f6rproblemen bei Kindern sein.<\/p>\n\n\n\n<p>American Academy of Pediatrics (AAP) \u2013 Die AAP ist eine Organisation, die sich der Gesundheit von Kindern widmet und \u00c4rzten und Familien klinische Beratung bietet. Die AAP-Site (https:\/\/www.aap.org\/) enth\u00e4lt Informationen zur Beurteilung, Diagnose und Behandlung von H\u00f6rproblemen bei Kindern.<\/p>\n\n\n\n<p>National Institute on Deafness and Other Communication Disorders (NIDCD) \u2013 Das NIDCD ist ein Forschungsinstitut der US-Regierung, das sich auf Fragen im Zusammenhang mit H\u00f6r-, Kommunikations- und Sprachst\u00f6rungen konzentriert. Dar\u00fcber hinaus bietet die NIDCD-Site (https:\/\/www.nidcd.nih.gov\/) Ressourcen und aktuelle Informationen zu H\u00f6rproblemen bei Kindern.<\/p>\n\n\n\n<p>Weltgesundheitsorganisation (WHO) \u2013 Die WHO ist eine Sonderorganisation der Vereinten Nationen, die sich f\u00fcr die F\u00f6rderung der globalen Gesundheit einsetzt. Auf der Website der WHO (https:\/\/www.who.int\/) finden Sie Informationen zur Verbreitung, Auswirkung und Interventionsstrategie im Zusammenhang mit H\u00f6rproblemen bei Kindern auf globaler Ebene.<\/p>\n\n\n\n<p>Daher ist es immer notwendig, die Glaubw\u00fcrdigkeit von Quellen zu \u00fcberpr\u00fcfen und nach Informationen von Organisationen und Institutionen zu suchen, die im Bereich der Gesundheits- und H\u00f6rforschung t\u00e4tig sind.<\/p>","protected":false},"excerpt":{"rendered":"<p>H\u00f6rprobleme bei Kindern: Symptome, Pflege und Diagnose. Das H\u00f6ren spielt bei der Entwicklung des kindlichen Lernens eine entscheidende Rolle.<\/p>\n<p>Leider leiden manche Kinder unter H\u00f6rproblemen, die ihre Lebensqualit\u00e4t und ihre schulischen Leistungen negativ beeinflussen k\u00f6nnen.<\/p>\n<p>In diesem Artikel besprechen wir die Symptome von H\u00f6rproblemen bei Kindern, die notwendige Pflege und wie man eine angemessene Diagnose stellt.<\/p>","protected":false},"author":0,"featured_media":2216,"comment_status":"open","ping_status":"open","sticky":false,"template":"","format":"standard","meta":{"footnotes":""},"categories":[5],"tags":[580,775,1437],"yoast_head":"<!-- This site is optimized with the Yoast SEO plugin v23.3 - https:\/\/yoast.com\/wordpress\/plugins\/seo\/ -->\n<title>Dificuldade de Audi\u00e7\u00e3o em Crian\u00e7as: Sintomas, Cuidados e Diagn\u00f3stico - Universo Fam\u00edlia<\/title>\n<meta name=\"description\" content=\"Dificuldade de Audi\u00e7\u00e3o em Crian\u00e7as,\" \/>\n<meta name=\"robots\" content=\"index, follow, max-snippet:-1, max-image-preview:large, max-video-preview:-1\" \/>\n<link rel=\"canonical\" href=\"https:\/\/universofamilia.com\/de\/dificuldade-de-audicao-em-criancas\/\" \/>\n<meta property=\"og:locale\" content=\"de_DE\" \/>\n<meta property=\"og:type\" content=\"article\" \/>\n<meta property=\"og:title\" content=\"Dificuldade de Audi\u00e7\u00e3o em Crian\u00e7as: Sintomas, Cuidados e Diagn\u00f3stico - Universo Fam\u00edlia\" \/>\n<meta property=\"og:description\" content=\"Dificuldade de Audi\u00e7\u00e3o em Crian\u00e7as,\" \/>\n<meta property=\"og:url\" content=\"https:\/\/universofamilia.com\/de\/dificuldade-de-audicao-em-criancas\/\" \/>\n<meta property=\"og:site_name\" content=\"Universo Fam\u00edlia\" \/>\n<meta property=\"article:published_time\" content=\"2023-06-03T02:02:38+00:00\" \/>\n<meta property=\"og:image\" content=\"https:\/\/universofamilia.com\/wp-content\/uploads\/sites\/148\/2023\/06\/FOTO-DESTAQUE-DIFICULDADE-DE-OUVIR-universo-familia-448x350-1-1.png\" \/>\n\t<meta property=\"og:image:width\" content=\"448\" \/>\n\t<meta property=\"og:image:height\" content=\"350\" \/>\n\t<meta property=\"og:image:type\" content=\"image\/png\" \/>\n<meta name=\"twitter:card\" content=\"summary_large_image\" \/>\n<meta name=\"twitter:label1\" content=\"Est. reading time\" \/>\n\t<meta name=\"twitter:data1\" content=\"7 Minuten\" \/>\n<script type=\"application\/ld+json\" class=\"yoast-schema-graph\">{\"@context\":\"https:\/\/schema.org\",\"@graph\":[{\"@type\":\"WebPage\",\"@id\":\"https:\/\/universofamilia.com\/bg\/dificuldade-de-audicao-em-criancas\/\",\"url\":\"https:\/\/universofamilia.com\/bg\/dificuldade-de-audicao-em-criancas\/\",\"name\":\"Dificuldade de Audi\u00e7\u00e3o em Crian\u00e7as: Sintomas, Cuidados e Diagn\u00f3stico - Universo Fam\u00edlia\",\"isPartOf\":{\"@id\":\"https:\/\/universofamilia.com\/el\/#website\"},\"primaryImageOfPage\":{\"@id\":\"https:\/\/universofamilia.com\/bg\/dificuldade-de-audicao-em-criancas\/#primaryimage\"},\"image\":{\"@id\":\"https:\/\/universofamilia.com\/bg\/dificuldade-de-audicao-em-criancas\/#primaryimage\"},\"thumbnailUrl\":\"https:\/\/universofamilia.com\/wp-content\/uploads\/sites\/148\/2023\/06\/FOTO-DESTAQUE-DIFICULDADE-DE-OUVIR-universo-familia-448x350-1-1.png\",\"datePublished\":\"2023-06-03T02:02:38+00:00\",\"dateModified\":\"2023-06-03T02:02:38+00:00\",\"author\":{\"@id\":\"\"},\"description\":\"Dificuldade de Audi\u00e7\u00e3o em Crian\u00e7as,\",\"breadcrumb\":{\"@id\":\"https:\/\/universofamilia.com\/bg\/dificuldade-de-audicao-em-criancas\/#breadcrumb\"},\"inLanguage\":\"de-CH\",\"potentialAction\":[{\"@type\":\"ReadAction\",\"target\":[\"https:\/\/universofamilia.com\/bg\/dificuldade-de-audicao-em-criancas\/\"]}]},{\"@type\":\"ImageObject\",\"inLanguage\":\"de-CH\",\"@id\":\"https:\/\/universofamilia.com\/bg\/dificuldade-de-audicao-em-criancas\/#primaryimage\",\"url\":\"https:\/\/universofamilia.com\/wp-content\/uploads\/sites\/148\/2023\/06\/FOTO-DESTAQUE-DIFICULDADE-DE-OUVIR-universo-familia-448x350-1-1.png\",\"contentUrl\":\"https:\/\/universofamilia.com\/wp-content\/uploads\/sites\/148\/2023\/06\/FOTO-DESTAQUE-DIFICULDADE-DE-OUVIR-universo-familia-448x350-1-1.png\",\"width\":448,\"height\":350},{\"@type\":\"BreadcrumbList\",\"@id\":\"https:\/\/universofamilia.com\/bg\/dificuldade-de-audicao-em-criancas\/#breadcrumb\",\"itemListElement\":[{\"@type\":\"ListItem\",\"position\":1,\"name\":\"Home\",\"item\":\"https:\/\/universofamilia.com\/el\/\"},{\"@type\":\"ListItem\",\"position\":2,\"name\":\"Dificuldade de Audi\u00e7\u00e3o em Crian\u00e7as: Sintomas, Cuidados e Diagn\u00f3stico\"}]},{\"@type\":\"WebSite\",\"@id\":\"https:\/\/universofamilia.com\/el\/#website\",\"url\":\"https:\/\/universofamilia.com\/el\/\",\"name\":\"Universo Fam\u00edlia\",\"description\":\"\",\"potentialAction\":[{\"@type\":\"SearchAction\",\"target\":{\"@type\":\"EntryPoint\",\"urlTemplate\":\"https:\/\/universofamilia.com\/el\/?s={search_term_string}\"},\"query-input\":\"required name=search_term_string\"}],\"inLanguage\":\"de-CH\"}]}<\/script>\n<!-- \/ Yoast SEO plugin. -->","yoast_head_json":{"title":"Dificuldade de Audi\u00e7\u00e3o em Crian\u00e7as: Sintomas, Cuidados e Diagn\u00f3stico - Universo Fam\u00edlia","description":"Dificuldade de Audi\u00e7\u00e3o em Crian\u00e7as,","robots":{"index":"index","follow":"follow","max-snippet":"max-snippet:-1","max-image-preview":"max-image-preview:large","max-video-preview":"max-video-preview:-1"},"canonical":"https:\/\/universofamilia.com\/de\/dificuldade-de-audicao-em-criancas\/","og_locale":"de_DE","og_type":"article","og_title":"Dificuldade de Audi\u00e7\u00e3o em Crian\u00e7as: Sintomas, Cuidados e Diagn\u00f3stico - Universo Fam\u00edlia","og_description":"Dificuldade de Audi\u00e7\u00e3o em Crian\u00e7as,","og_url":"https:\/\/universofamilia.com\/de\/dificuldade-de-audicao-em-criancas\/","og_site_name":"Universo Fam\u00edlia","article_published_time":"2023-06-03T02:02:38+00:00","og_image":[{"width":448,"height":350,"url":"https:\/\/universofamilia.com\/wp-content\/uploads\/sites\/148\/2023\/06\/FOTO-DESTAQUE-DIFICULDADE-DE-OUVIR-universo-familia-448x350-1-1.png","type":"image\/png"}],"twitter_card":"summary_large_image","twitter_misc":{"Est. reading time":"7 Minuten"},"schema":{"@context":"https:\/\/schema.org","@graph":[{"@type":"WebPage","@id":"https:\/\/universofamilia.com\/bg\/dificuldade-de-audicao-em-criancas\/","url":"https:\/\/universofamilia.com\/bg\/dificuldade-de-audicao-em-criancas\/","name":"Dificuldade de Audi\u00e7\u00e3o em Crian\u00e7as: Sintomas, Cuidados e Diagn\u00f3stico - Universo Fam\u00edlia","isPartOf":{"@id":"https:\/\/universofamilia.com\/el\/#website"},"primaryImageOfPage":{"@id":"https:\/\/universofamilia.com\/bg\/dificuldade-de-audicao-em-criancas\/#primaryimage"},"image":{"@id":"https:\/\/universofamilia.com\/bg\/dificuldade-de-audicao-em-criancas\/#primaryimage"},"thumbnailUrl":"https:\/\/universofamilia.com\/wp-content\/uploads\/sites\/148\/2023\/06\/FOTO-DESTAQUE-DIFICULDADE-DE-OUVIR-universo-familia-448x350-1-1.png","datePublished":"2023-06-03T02:02:38+00:00","dateModified":"2023-06-03T02:02:38+00:00","author":{"@id":""},"description":"Dificuldade de Audi\u00e7\u00e3o em Crian\u00e7as,","breadcrumb":{"@id":"https:\/\/universofamilia.com\/bg\/dificuldade-de-audicao-em-criancas\/#breadcrumb"},"inLanguage":"de-CH","potentialAction":[{"@type":"ReadAction","target":["https:\/\/universofamilia.com\/bg\/dificuldade-de-audicao-em-criancas\/"]}]},{"@type":"ImageObject","inLanguage":"de-CH","@id":"https:\/\/universofamilia.com\/bg\/dificuldade-de-audicao-em-criancas\/#primaryimage","url":"https:\/\/universofamilia.com\/wp-content\/uploads\/sites\/148\/2023\/06\/FOTO-DESTAQUE-DIFICULDADE-DE-OUVIR-universo-familia-448x350-1-1.png","contentUrl":"https:\/\/universofamilia.com\/wp-content\/uploads\/sites\/148\/2023\/06\/FOTO-DESTAQUE-DIFICULDADE-DE-OUVIR-universo-familia-448x350-1-1.png","width":448,"height":350},{"@type":"BreadcrumbList","@id":"https:\/\/universofamilia.com\/bg\/dificuldade-de-audicao-em-criancas\/#breadcrumb","itemListElement":[{"@type":"ListItem","position":1,"name":"Home","item":"https:\/\/universofamilia.com\/el\/"},{"@type":"ListItem","position":2,"name":"Dificuldade de Audi\u00e7\u00e3o em Crian\u00e7as: Sintomas, Cuidados e Diagn\u00f3stico"}]},{"@type":"WebSite","@id":"https:\/\/universofamilia.com\/el\/#website","url":"https:\/\/universofamilia.com\/el\/","name":"Universo Fam\u00edlia","description":"","potentialAction":[{"@type":"SearchAction","target":{"@type":"EntryPoint","urlTemplate":"https:\/\/universofamilia.com\/el\/?s={search_term_string}"},"query-input":"required name=search_term_string"}],"inLanguage":"de-CH"}]}},"_links":{"self":[{"href":"https:\/\/universofamilia.com\/de\/wp-json\/wp\/v2\/posts\/2207"}],"collection":[{"href":"https:\/\/universofamilia.com\/de\/wp-json\/wp\/v2\/posts"}],"about":[{"href":"https:\/\/universofamilia.com\/de\/wp-json\/wp\/v2\/types\/post"}],"replies":[{"embeddable":true,"href":"https:\/\/universofamilia.com\/de\/wp-json\/wp\/v2\/comments?post=2207"}],"version-history":[{"count":0,"href":"https:\/\/universofamilia.com\/de\/wp-json\/wp\/v2\/posts\/2207\/revisions"}],"wp:featuredmedia":[{"embeddable":true,"href":"https:\/\/universofamilia.com\/de\/wp-json\/wp\/v2\/media\/2216"}],"wp:attachment":[{"href":"https:\/\/universofamilia.com\/de\/wp-json\/wp\/v2\/media?parent=2207"}],"wp:term":[{"taxonomy":"category","embeddable":true,"href":"https:\/\/universofamilia.com\/de\/wp-json\/wp\/v2\/categories?post=2207"},{"taxonomy":"post_tag","embeddable":true,"href":"https:\/\/universofamilia.com\/de\/wp-json\/wp\/v2\/tags?post=2207"}],"curies":[{"name":"wp","href":"https:\/\/api.w.org\/{rel}","templated":true}]}}