{"id":2242,"date":"2023-06-05T19:19:36","date_gmt":"2023-06-05T22:19:36","guid":{"rendered":"https:\/\/universofamilia.com\/?p=2242"},"modified":"2023-06-05T19:19:36","modified_gmt":"2023-06-05T22:19:36","slug":"quais-os-ciclos-do-sono-do-bebe","status":"publish","type":"post","link":"https:\/\/universofamilia.com\/de\/quais-os-ciclos-do-sono-do-bebe\/","title":{"rendered":"Quais, die Baby-Sound-Zyklen"},"content":{"rendered":"<h3 class=\"wp-block-heading\">Wenn Sie die Schlafzyklen Ihres Babys nutzen, k\u00f6nnen Sie Ihr Kleines besser verstehen und ihm helfen, besser zu schlafen.<\/h3>\n\n\n\n<p>Die Schlafzyklen Ihres Babys sind wichtig f\u00fcr seine gesunde Entwicklung und sorgen auch daf\u00fcr, dass Ihr Kind Momente der Ruhe hat.<\/p>\n\n\n\n<p>Zu verstehen, wie diese Zyklen funktionieren, und geeignete Techniken anzuwenden, damit Ihr Baby besser schl\u00e4ft, kann eine Herausforderung sein. Mit Geduld und Wissen ist es jedoch m\u00f6glich, eine gesunde Schlafroutine f\u00fcr die ganze Familie zu etablieren.<\/p>\n\n\n\n<p>In diesem Artikel untersuchen wir die verschiedenen Phasen der Baby-Sounding-Bewegung und geben wertvolle Ratschl\u00e4ge, um diesen Prozess zu erleichtern.<\/p>\n\n\n\n<h3 class=\"wp-block-heading\">Lesen Sie auch:<\/h3>\n\n\n\n<p><a href=\"https:\/\/universofamilia.com\/de\/mein-baby-hat-schlecht-geschlafen\/\" target=\"_blank\" rel=\"noreferrer noopener\">Mein Baby schl\u00e4ft schlecht, sehen Sie 5 h\u00e4ufige Fehler, die Sie vermeiden sollten.<\/a><\/p>\n\n\n\n<p><a href=\"https:\/\/universofamilia.com\/de\/was-beeinflusst-die-laute-des-babys\/\" target=\"_blank\" rel=\"noreferrer noopener\">O Que Influence no Sono do B\u00ea | Ber\u00e7o, geteiltes Bett oder Montessoriana?<\/a><\/p>\n\n\n\n<p><a href=\"https:\/\/universofamilia.com\/de\/versicherungen-fur-die-sicherheit-des-babys-und-kindes-vor-ort-und-vieles-mehr\/\" target=\"_blank\" rel=\"noreferrer noopener\">Sicherheitshinweise f\u00fcr Babys Sohn: Sicherer Ort, Position, Matratze und vieles mehr<\/a><\/p>\n\n\n\n<h3 class=\"wp-block-heading\">Der Schlafzyklus des Babys<\/h3>\n\n\n\n<p>Der Schlafzyklus des Babys besteht aus zwei Hauptphasen: REM-Schlaf (Rapid Eye Movement) und Non-REM-Schlaf.<\/p>\n\n\n<div class=\"wp-block-image\">\n<figure class=\"aligncenter size-full\"><img loading=\"lazy\" decoding=\"async\" width=\"800\" height=\"560\" src=\"http:\/\/universofamilia.com\/wp-content\/uploads\/sites\/148\/2023\/06\/POST-BEBE-SEGURANCA-DO-BEBE-O-UNIVERSO-FAMILIA-2.png\" alt=\"\" class=\"wp-image-2244\" srcset=\"https:\/\/universofamilia.com\/wp-content\/uploads\/sites\/148\/2023\/06\/POST-BEBE-SEGURANCA-DO-BEBE-O-UNIVERSO-FAMILIA-2.png 800w, https:\/\/universofamilia.com\/wp-content\/uploads\/sites\/148\/2023\/06\/POST-BEBE-SEGURANCA-DO-BEBE-O-UNIVERSO-FAMILIA-2-300x210.png 300w, https:\/\/universofamilia.com\/wp-content\/uploads\/sites\/148\/2023\/06\/POST-BEBE-SEGURANCA-DO-BEBE-O-UNIVERSO-FAMILIA-2-768x538.png 768w\" sizes=\"(max-width: 800px) 100vw, 800px\" \/><\/figure><\/div>\n\n\n<p>W\u00e4hrend des REM-Schlafs ist die Gehirnaktivit\u00e4t intensiver, w\u00e4hrend Sie im Non-REM-Schlaf tiefer und ruhiger schlafen.<\/p>\n\n\n\n<h3 class=\"wp-block-heading\">REM-Schlaf<\/h3>\n\n\n\n<p>Die REM-Schlafphase ist f\u00fcr die Gehirnentwicklung des Babys unerl\u00e4sslich. In dieser Phase kommt es zu einer intensiven Gehirnaktivit\u00e4t, \u00e4hnlich der von zwei Erwachsenen.<\/p>\n\n\n\n<p>Dies ist der Zustand, von dem wir tr\u00e4umen. W\u00e4hrend des REM-Schlafs bewegen sich die Augen des Babys schnell von einer Seite zur anderen.<\/p>\n\n\n\n<h3 class=\"wp-block-heading\">Ich bin kein REM-Schlafpatient<\/h3>\n\n\n\n<p>Der Non-REM-Schlaf ist durch langsamere Gehirnaktivit\u00e4t und breitere Gehirnwellen gekennzeichnet.<\/p>\n\n\n\n<p>Es gibt drei verschiedene Phasen des Non-REM-Schlafs, von leichter bis tiefer. Es handelt sich nicht um einen tieferen Zustand, da er sonst m\u00f6glicherweise schwieriger zu merken ist.<\/p>\n\n\n\n<h3 class=\"wp-block-heading\">Dauer der Tonzyklen<\/h3>\n\n\n\n<p>Die Schlafzyklen eines Babys sind k\u00fcrzer als die von zwei Erwachsenen. W\u00e4hrend ein Erwachsener einen vollst\u00e4ndigen Schlafzyklus in etwa 90 Minuten durchl\u00e4uft, k\u00f6nnen Babys Zyklen von 50 bis 60 Minuten durchlaufen.<\/p>\n\n\n\n<p>Dieser Unterschied erkl\u00e4rt, warum Babys nachts h\u00e4ufiger zustimmen.<\/p>\n\n\n\n<h3 class=\"wp-block-heading\">Abschluss<\/h3>\n\n\n\n<p>Das Verst\u00e4ndnis der Lautzyklen eines Babys und die Anwendung geeigneter Techniken k\u00f6nnen die Klangqualit\u00e4t sowohl f\u00fcr das Baby als auch f\u00fcr das Land erheblich verbessern.<\/p>\n\n\n\n<p>Etablieren Sie eine gleichbleibende Routine, schaffen Sie eine Umgebung, die dem Sono f\u00f6rderlich ist, vermeiden Sie \u00fcberm\u00e4\u00dfige Stimulation vor dem Schlafengehen, achten Sie auf den Sono Sinais, bieten Sie eine angemessene Ern\u00e4hrung an und sorgen Sie mit Strategien, die zur Verbesserung des Sono des Babys beitragen k\u00f6nnen, f\u00fcr Trost und Sicherheit.<\/p>\n\n\n\n<p>Da jedes Baby einzigartig ist, kann es notwendig sein, die Technik an die individuellen Bed\u00fcrfnisse anzupassen. Seien Sie geduldig und lassen Sie sich nicht entmutigen, wenn sich die Laute Ihres Babys nicht sofort stabilisieren.<\/p>\n\n\n\n<p>Mit der Zeit ist es m\u00f6glich, eine gesunde Routine f\u00fcr die ganze Familie zu etablieren.<\/p>\n\n\n\n<p>Ben\u00f6tige Accessoires und Kleidung, conhe\u00e7a | <a href=\"https:\/\/www.luzbaby.com.br\/\" target=\"_blank\" rel=\"noreferrer noopener\">A Luz Baby ist einer der besten L\u00e4den f\u00fcr Babyprodukte. Klicken Sie hier.<\/a><\/p>\n\n\n\n<h3 class=\"wp-block-heading\">Quelle f\u00fcr die Forschung<\/h3>\n\n\n\n<p>Beim Schreiben eines Artikels ist es immer wichtig, vertrauensw\u00fcrdige Quellen zu zitieren, um den Inhalt zusammenzustellen. Hier sind einige Ressourcen, die Sie nutzen k\u00f6nnen, um mehr \u00fcber die Schlafzyklen Ihres Babys zu erfahren:<\/p>\n\n\n\n<p>American Academy of Pediatrics (AAP): Die AAP-Website bietet umfassende Informationen zur Kindergesundheit, darunter Artikel und evidenzbasierte Leitlinien. Sie erreichen die Website unter: https:\/\/www.aap.org\/<\/p>\n\n\n\n<p>Funda\u00e7\u00e3o Nacional do Sono (Nationale Schlafstiftung): Die Nationale Schlafstiftung ist eine gemeinn\u00fctzige Organisation, die sich f\u00fcr die F\u00f6rderung eines gesunden Schlafs einsetzt. Diese Website enth\u00e4lt n\u00fctzliche Informationen zu Kinderger\u00e4uschen. Zugang: https:\/\/www.sleepfoundation.org\/<\/p>\n\n\n\n<p>Mayo Clinic: Die Mayo Clinic ist eine renommierte medizinische Einrichtung, die zuverl\u00e4ssige Informationen zu einer Vielzahl von Gesundheitsthemen bietet. Informationen zu Baby-Sono-Zyklen finden Sie unter: https:\/\/www.mayoclinic.org\/<\/p>\n\n\n\n<p>Centers for Disease Control and Prevention (CDC): Die CDC ist eine US-Bundesbeh\u00f6rde, die vertrauensw\u00fcrdige Informationen zu Gesundheit und Wohlbefinden bereitstellt. Diese Website enth\u00e4lt n\u00fctzliche Ressourcen zu Kinderger\u00e4uschen. Zugriff: https:\/\/www.cdc.gov\/<\/p>\n\n\n\n<p>Fachb\u00fccher: Es gibt viele B\u00fccher von S\u00e4uglingssono-Spezialisten, die detaillierte Informationen zu den Sonozyklen von Babys bieten. Einige beliebte Beispiele sind \u201eSolve Your Child&#039;s Sleep Problems\u201c von Richard Ferber und \u201eHealthy Sleep Habits, Happy Child\u201c von Marc Weissbluth.<\/p>\n\n\n\n<p>Achten Sie bei der Verwendung dieser Quellen darauf, die Informationen korrekt zu zitieren und die Rechte des Autors zu respektieren. Die Suche nach mehreren vertrauensw\u00fcrdigen Quellen und eine kritische Analyse der Informationen sind unerl\u00e4sslich, um die Richtigkeit und Glaubw\u00fcrdigkeit Ihres Artikels zu gew\u00e4hrleisten.<\/p>","protected":false},"excerpt":{"rendered":"<p>Wenn Sie die Schlafzyklen Ihres Babys nutzen, k\u00f6nnen Sie Ihr Kleines besser verstehen und ihm helfen, besser zu schlafen.<\/p>\n<p>Die Schlafzyklen Ihres Babys sind wichtig f\u00fcr seine gesunde Entwicklung und sorgen auch daf\u00fcr, dass Ihr Kind Momente der Ruhe hat.<\/p>\n<p>Zu verstehen, wie diese Zyklen funktionieren, und geeignete Techniken anzuwenden, damit Ihr Baby besser schl\u00e4ft, kann eine Herausforderung sein. Mit Geduld und Wissen ist es jedoch m\u00f6glich, eine gesunde Schlafroutine f\u00fcr die ganze Familie zu etablieren.<\/p>\n<p>In diesem Artikel untersuchen wir die verschiedenen Phasen der Baby-Sounding-Bewegung und geben wertvolle Ratschl\u00e4ge, um diesen Prozess zu erleichtern.<\/p>","protected":false},"author":0,"featured_media":2245,"comment_status":"closed","ping_status":"open","sticky":false,"template":"","format":"standard","meta":{"footnotes":""},"categories":[5],"tags":[560,1437,1448],"yoast_head":"<!-- This site is optimized with the Yoast SEO plugin v23.3 - https:\/\/yoast.com\/wordpress\/plugins\/seo\/ -->\n<title>Quais os Ciclos do Sono do Beb\u00ea - Universo Fam\u00edlia<\/title>\n<meta name=\"description\" content=\"Quais os Ciclos do Sono do Beb\u00ea, entenda e Ajude seu Pequeno a Dormir Melhor.\" \/>\n<meta name=\"robots\" content=\"index, follow, max-snippet:-1, max-image-preview:large, max-video-preview:-1\" \/>\n<link rel=\"canonical\" href=\"https:\/\/universofamilia.com\/de\/quais-os-ciclos-do-sono-do-bebe\/\" \/>\n<meta property=\"og:locale\" content=\"de_DE\" \/>\n<meta property=\"og:type\" content=\"article\" \/>\n<meta property=\"og:title\" content=\"Quais os Ciclos do Sono do Beb\u00ea - Universo Fam\u00edlia\" \/>\n<meta property=\"og:description\" content=\"Quais os Ciclos do Sono do Beb\u00ea, entenda e Ajude seu Pequeno a Dormir Melhor.\" \/>\n<meta property=\"og:url\" content=\"https:\/\/universofamilia.com\/de\/quais-os-ciclos-do-sono-do-bebe\/\" \/>\n<meta property=\"og:site_name\" content=\"Universo Fam\u00edlia\" \/>\n<meta property=\"article:published_time\" content=\"2023-06-05T22:19:36+00:00\" \/>\n<meta property=\"og:image\" content=\"https:\/\/universofamilia.com\/wp-content\/uploads\/sites\/148\/2023\/06\/FOTO-DESTAQUE-ciclos-de-sono-do-bebe-universo-familia-448x350-.png\" \/>\n\t<meta property=\"og:image:width\" content=\"448\" \/>\n\t<meta property=\"og:image:height\" content=\"350\" \/>\n\t<meta property=\"og:image:type\" content=\"image\/png\" \/>\n<meta name=\"twitter:card\" content=\"summary_large_image\" \/>\n<meta name=\"twitter:label1\" content=\"Est. reading time\" \/>\n\t<meta name=\"twitter:data1\" content=\"5 Minuten\" \/>\n<script type=\"application\/ld+json\" class=\"yoast-schema-graph\">{\"@context\":\"https:\/\/schema.org\",\"@graph\":[{\"@type\":\"WebPage\",\"@id\":\"https:\/\/universofamilia.com\/zh_hk\/quais-os-ciclos-do-sono-do-bebe\/\",\"url\":\"https:\/\/universofamilia.com\/zh_hk\/quais-os-ciclos-do-sono-do-bebe\/\",\"name\":\"Quais os Ciclos do Sono do Beb\u00ea - Universo Fam\u00edlia\",\"isPartOf\":{\"@id\":\"https:\/\/universofamilia.com\/el\/#website\"},\"primaryImageOfPage\":{\"@id\":\"https:\/\/universofamilia.com\/zh_hk\/quais-os-ciclos-do-sono-do-bebe\/#primaryimage\"},\"image\":{\"@id\":\"https:\/\/universofamilia.com\/zh_hk\/quais-os-ciclos-do-sono-do-bebe\/#primaryimage\"},\"thumbnailUrl\":\"https:\/\/universofamilia.com\/wp-content\/uploads\/sites\/148\/2023\/06\/FOTO-DESTAQUE-ciclos-de-sono-do-bebe-universo-familia-448x350-.png\",\"datePublished\":\"2023-06-05T22:19:36+00:00\",\"dateModified\":\"2023-06-05T22:19:36+00:00\",\"author\":{\"@id\":\"\"},\"description\":\"Quais os Ciclos do Sono do Beb\u00ea, entenda e Ajude seu Pequeno a Dormir Melhor.\",\"breadcrumb\":{\"@id\":\"https:\/\/universofamilia.com\/zh_hk\/quais-os-ciclos-do-sono-do-bebe\/#breadcrumb\"},\"inLanguage\":\"de-CH\",\"potentialAction\":[{\"@type\":\"ReadAction\",\"target\":[\"https:\/\/universofamilia.com\/zh_hk\/quais-os-ciclos-do-sono-do-bebe\/\"]}]},{\"@type\":\"ImageObject\",\"inLanguage\":\"de-CH\",\"@id\":\"https:\/\/universofamilia.com\/zh_hk\/quais-os-ciclos-do-sono-do-bebe\/#primaryimage\",\"url\":\"https:\/\/universofamilia.com\/wp-content\/uploads\/sites\/148\/2023\/06\/FOTO-DESTAQUE-ciclos-de-sono-do-bebe-universo-familia-448x350-.png\",\"contentUrl\":\"https:\/\/universofamilia.com\/wp-content\/uploads\/sites\/148\/2023\/06\/FOTO-DESTAQUE-ciclos-de-sono-do-bebe-universo-familia-448x350-.png\",\"width\":448,\"height\":350},{\"@type\":\"BreadcrumbList\",\"@id\":\"https:\/\/universofamilia.com\/zh_hk\/quais-os-ciclos-do-sono-do-bebe\/#breadcrumb\",\"itemListElement\":[{\"@type\":\"ListItem\",\"position\":1,\"name\":\"Home\",\"item\":\"https:\/\/universofamilia.com\/el\/\"},{\"@type\":\"ListItem\",\"position\":2,\"name\":\"Quais os Ciclos do Sono do Beb\u00ea\"}]},{\"@type\":\"WebSite\",\"@id\":\"https:\/\/universofamilia.com\/el\/#website\",\"url\":\"https:\/\/universofamilia.com\/el\/\",\"name\":\"Universo Fam\u00edlia\",\"description\":\"\",\"potentialAction\":[{\"@type\":\"SearchAction\",\"target\":{\"@type\":\"EntryPoint\",\"urlTemplate\":\"https:\/\/universofamilia.com\/el\/?s={search_term_string}\"},\"query-input\":\"required name=search_term_string\"}],\"inLanguage\":\"de-CH\"}]}<\/script>\n<!-- \/ Yoast SEO plugin. -->","yoast_head_json":{"title":"Quais os Ciclos do Sono do Beb\u00ea - Universo Fam\u00edlia","description":"Quais os Ciclos do Sono do Beb\u00ea, entenda e Ajude seu Pequeno a Dormir Melhor.","robots":{"index":"index","follow":"follow","max-snippet":"max-snippet:-1","max-image-preview":"max-image-preview:large","max-video-preview":"max-video-preview:-1"},"canonical":"https:\/\/universofamilia.com\/de\/quais-os-ciclos-do-sono-do-bebe\/","og_locale":"de_DE","og_type":"article","og_title":"Quais os Ciclos do Sono do Beb\u00ea - Universo Fam\u00edlia","og_description":"Quais os Ciclos do Sono do Beb\u00ea, entenda e Ajude seu Pequeno a Dormir Melhor.","og_url":"https:\/\/universofamilia.com\/de\/quais-os-ciclos-do-sono-do-bebe\/","og_site_name":"Universo Fam\u00edlia","article_published_time":"2023-06-05T22:19:36+00:00","og_image":[{"width":448,"height":350,"url":"https:\/\/universofamilia.com\/wp-content\/uploads\/sites\/148\/2023\/06\/FOTO-DESTAQUE-ciclos-de-sono-do-bebe-universo-familia-448x350-.png","type":"image\/png"}],"twitter_card":"summary_large_image","twitter_misc":{"Est. reading time":"5 Minuten"},"schema":{"@context":"https:\/\/schema.org","@graph":[{"@type":"WebPage","@id":"https:\/\/universofamilia.com\/zh_hk\/quais-os-ciclos-do-sono-do-bebe\/","url":"https:\/\/universofamilia.com\/zh_hk\/quais-os-ciclos-do-sono-do-bebe\/","name":"Quais os Ciclos do Sono do Beb\u00ea - Universo Fam\u00edlia","isPartOf":{"@id":"https:\/\/universofamilia.com\/el\/#website"},"primaryImageOfPage":{"@id":"https:\/\/universofamilia.com\/zh_hk\/quais-os-ciclos-do-sono-do-bebe\/#primaryimage"},"image":{"@id":"https:\/\/universofamilia.com\/zh_hk\/quais-os-ciclos-do-sono-do-bebe\/#primaryimage"},"thumbnailUrl":"https:\/\/universofamilia.com\/wp-content\/uploads\/sites\/148\/2023\/06\/FOTO-DESTAQUE-ciclos-de-sono-do-bebe-universo-familia-448x350-.png","datePublished":"2023-06-05T22:19:36+00:00","dateModified":"2023-06-05T22:19:36+00:00","author":{"@id":""},"description":"Quais os Ciclos do Sono do Beb\u00ea, entenda e Ajude seu Pequeno a Dormir Melhor.","breadcrumb":{"@id":"https:\/\/universofamilia.com\/zh_hk\/quais-os-ciclos-do-sono-do-bebe\/#breadcrumb"},"inLanguage":"de-CH","potentialAction":[{"@type":"ReadAction","target":["https:\/\/universofamilia.com\/zh_hk\/quais-os-ciclos-do-sono-do-bebe\/"]}]},{"@type":"ImageObject","inLanguage":"de-CH","@id":"https:\/\/universofamilia.com\/zh_hk\/quais-os-ciclos-do-sono-do-bebe\/#primaryimage","url":"https:\/\/universofamilia.com\/wp-content\/uploads\/sites\/148\/2023\/06\/FOTO-DESTAQUE-ciclos-de-sono-do-bebe-universo-familia-448x350-.png","contentUrl":"https:\/\/universofamilia.com\/wp-content\/uploads\/sites\/148\/2023\/06\/FOTO-DESTAQUE-ciclos-de-sono-do-bebe-universo-familia-448x350-.png","width":448,"height":350},{"@type":"BreadcrumbList","@id":"https:\/\/universofamilia.com\/zh_hk\/quais-os-ciclos-do-sono-do-bebe\/#breadcrumb","itemListElement":[{"@type":"ListItem","position":1,"name":"Home","item":"https:\/\/universofamilia.com\/el\/"},{"@type":"ListItem","position":2,"name":"Quais os Ciclos do Sono do Beb\u00ea"}]},{"@type":"WebSite","@id":"https:\/\/universofamilia.com\/el\/#website","url":"https:\/\/universofamilia.com\/el\/","name":"Universo Fam\u00edlia","description":"","potentialAction":[{"@type":"SearchAction","target":{"@type":"EntryPoint","urlTemplate":"https:\/\/universofamilia.com\/el\/?s={search_term_string}"},"query-input":"required name=search_term_string"}],"inLanguage":"de-CH"}]}},"_links":{"self":[{"href":"https:\/\/universofamilia.com\/de\/wp-json\/wp\/v2\/posts\/2242"}],"collection":[{"href":"https:\/\/universofamilia.com\/de\/wp-json\/wp\/v2\/posts"}],"about":[{"href":"https:\/\/universofamilia.com\/de\/wp-json\/wp\/v2\/types\/post"}],"replies":[{"embeddable":true,"href":"https:\/\/universofamilia.com\/de\/wp-json\/wp\/v2\/comments?post=2242"}],"version-history":[{"count":0,"href":"https:\/\/universofamilia.com\/de\/wp-json\/wp\/v2\/posts\/2242\/revisions"}],"wp:featuredmedia":[{"embeddable":true,"href":"https:\/\/universofamilia.com\/de\/wp-json\/wp\/v2\/media\/2245"}],"wp:attachment":[{"href":"https:\/\/universofamilia.com\/de\/wp-json\/wp\/v2\/media?parent=2242"}],"wp:term":[{"taxonomy":"category","embeddable":true,"href":"https:\/\/universofamilia.com\/de\/wp-json\/wp\/v2\/categories?post=2242"},{"taxonomy":"post_tag","embeddable":true,"href":"https:\/\/universofamilia.com\/de\/wp-json\/wp\/v2\/tags?post=2242"}],"curies":[{"name":"wp","href":"https:\/\/api.w.org\/{rel}","templated":true}]}}