{"id":2752,"date":"2023-06-18T20:42:37","date_gmt":"2023-06-18T23:42:37","guid":{"rendered":"https:\/\/universofamilia.com\/?p=2752"},"modified":"2025-02-07T01:22:33","modified_gmt":"2025-02-07T01:22:33","slug":"posso-utilizar-ventilador-no-quarto-do-bebe","status":"publish","type":"post","link":"https:\/\/universofamilia.com\/de\/ist-es-moglich-im-babyzimmer-einen-ventilator-zu-verwenden\/","title":{"rendered":"Kann ich im Babyzimmer einen Ventilator verwenden?"},"content":{"rendered":"<p>Kann ich im Babyzimmer einen Ventilator verwenden? Wenn es darum geht, eine angenehme Umgebung f\u00fcr Ihr Baby zu schaffen, fragen sich viele Menschen, ob es sicher und sinnvoll ist, in dem kleinen Raum einen Ventilator zu verwenden.<\/p>\n\n\n\n<p>Dar\u00fcber hinaus gehen wir dieser Frage nach, indem wir Informationen zu den Vorteilen und der Vorsicht bei der Verwendung von Ventilatoren im Babyzimmer geben und die Vor- und Nachteile des Babyventilators gegen\u00fcber dem herk\u00f6mmlichen Ventilator hervorheben.<\/p>\n\n\n\n<p>Lesen Sie weiter, um n\u00fctzliche Hinweise zu erhalten und sicherzustellen, dass es Ihrem Baby in den n\u00e4chsten Tagen gut geht.<\/p>\n\n\n\n<p>Lesen Sie auch, wie man eine Brinquedoteca zu Hause aufzieht<\/p>\n\n\n<div class=\"wp-block-image\">\n<figure class=\"aligncenter size-full\"><img loading=\"lazy\" decoding=\"async\" width=\"550\" height=\"350\" src=\"http:\/\/universofamilia.com\/wp-content\/uploads\/sites\/148\/2023\/06\/POST-ventilador-de-teto-universo-familia-.png\" alt=\"\" class=\"wp-image-2755\" srcset=\"https:\/\/universofamilia.com\/wp-content\/uploads\/sites\/148\/2023\/06\/POST-ventilador-de-teto-universo-familia-.png 550w, https:\/\/universofamilia.com\/wp-content\/uploads\/sites\/148\/2023\/06\/POST-ventilador-de-teto-universo-familia--300x191.png 300w\" sizes=\"(max-width: 550px) 100vw, 550px\" \/><figcaption class=\"wp-element-caption\"><em>Foto: (Reproduktion\/Internet)<\/em><\/figcaption><\/figure><\/div>\n\n\n<h3 class=\"wp-block-heading\"><strong>Vorteile und Pflege der Verwendung eines Ventilators im Babyzimmer<\/strong><\/h3>\n\n\n\n<p>Die Verwendung eines Ventilators im Zimmer Ihres Babys kann mehrere Vorteile haben, insbesondere in den k\u00fchleren Jahreszeiten. Nachfolgend stellen wir einige Vorteile der Verwendung des Ventilators vor:<\/p>\n\n\n\n<p><strong>Temperaturregulierung<\/strong>: Ein geeigneter Ventilator kann dazu beitragen, die Umgebung f\u00fcr das Baby k\u00fchl und angenehm zu halten und Beschwerden durch \u00fcberm\u00e4\u00dfige Hitze zu vermeiden.<\/p>\n\n\n\n<p><strong>Luftzirkulation<\/strong>: Der Ventilator f\u00f6rdert die Zirkulation im Babyzimmer, verringert das Ersch\u00f6pfungsgef\u00fchl und verringert die Konzentration von Gasen und Ger\u00fcchen.<\/p>\n\n\n\n<p><strong>Wei\u00dfes Rauschen<\/strong>: Das sanfte Licht des Ventilators kann ein beruhigendes wei\u00dfes Rauschen erzeugen, das dem Baby hilft, sich zu entspannen und leichter einzuschlafen.<\/p>\n\n\n\n<p>Obwohl die Verwendung des Ventilators Vorteile bietet, ist es wichtig, einige Vorsichtsma\u00dfnahmen zu treffen, um die Gesundheit Ihres Babys zu gew\u00e4hrleisten:<\/p>\n\n\n\n<p><strong>Sicherheitsabstand<\/strong>: Stellen Sie sicher, dass der Ventilator an einem sicheren Ort und au\u00dferhalb der Reichweite des Babys steht. Vermeiden Sie au\u00dferdem, es in der N\u00e4he der T\u00fcr oder von Gegenst\u00e4nden zu platzieren, die f\u00fcr Kinder erreichbar sind.<\/p>\n\n\n\n<p><strong>Regelm\u00e4\u00dfige Reinigung<\/strong>: Halten Sie den Ventilator sauber und staubfrei, um die Verbreitung von Allergenen in der Umgebung zu vermeiden.<\/p>\n\n\n\n<p><strong>Ausreichende Bel\u00fcftung<\/strong>: Wenn Sie sich f\u00fcr die Verwendung eines Ventilators entscheiden, ist es wichtig, f\u00fcr eine gute Bel\u00fcftung des Raumes zu sorgen und die T\u00fcren und Tore zu \u00f6ffnen, um frische Luft hereinzulassen.<\/p>\n\n\n\n<h4 class=\"wp-block-heading\"><strong>Deckenventilator vs. herk\u00f6mmlicher Ventilator<\/strong><\/h4>\n\n\n\n<p>Vergleichen wir nun die Vor- und Nachteile des Deckenventilators mit dem herk\u00f6mmlichen Ventilator.<\/p>\n\n\n\n<h4 class=\"wp-block-heading\"><strong>Deckenventilator<\/strong><\/h4>\n\n\n<div class=\"wp-block-image\">\n<figure class=\"aligncenter size-full\"><img loading=\"lazy\" decoding=\"async\" width=\"550\" height=\"350\" src=\"http:\/\/universofamilia.com\/wp-content\/uploads\/sites\/148\/2023\/06\/POST-ventilador-de-teto-universo-familia-1-1.png\" alt=\"\" class=\"wp-image-2754\" srcset=\"https:\/\/universofamilia.com\/wp-content\/uploads\/sites\/148\/2023\/06\/POST-ventilador-de-teto-universo-familia-1-1.png 550w, https:\/\/universofamilia.com\/wp-content\/uploads\/sites\/148\/2023\/06\/POST-ventilador-de-teto-universo-familia-1-1-300x191.png 300w\" sizes=\"(max-width: 550px) 100vw, 550px\" \/><figcaption class=\"wp-element-caption\"><em>Foto: (Reproduktion\/Internet)<\/em><\/figcaption><\/figure><\/div>\n\n\n<h5 class=\"wp-block-heading\"><strong>Vorteile<\/strong><\/h5>\n\n\n\n<p><strong>Weltraum\u00f6konomie<\/strong>: Der Deckenventilator wird an der Decke befestigt und nimmt so weniger Platz im Babyzimmer ein.<\/p>\n\n\n\n<p><strong>Gleichm\u00e4\u00dfige Verteilung<\/strong>: Der hintere L\u00fcfter arbeitet gleichm\u00e4\u00dfiger in der Umgebung und sorgt f\u00fcr ein angenehmes Gef\u00fchl.<\/p>\n\n\n\n<p><strong>Sicherheit<\/strong>: Da der Deckenventilator nicht hoch ist, befindet er sich au\u00dferhalb der Reichweite des Babys, wodurch die Unfallgefahr verringert wird.<\/p>\n\n\n\n<h5 class=\"wp-block-heading\"><strong>Nachteile<\/strong><\/h5>\n\n\n\n<p><strong>Die Windrichtung ist schwer zu kontrollieren<\/strong>: Bei einigen Modellen kann es schwierig sein, die Richtung des Luftstroms einzustellen, oder es kann f\u00fcr das Baby unangenehm sein.<\/p>\n\n\n\n<p><strong>Schwierigkeiten bei der Reinigung<\/strong>: Aufgrund seiner Position am Kopf kann die Reinigung des Kopfl\u00fcfters schwieriger sein.<\/p>\n\n\n\n<h4 class=\"wp-block-heading\"><strong>Gemeinsamer L\u00fcfter<\/strong><\/h4>\n\n\n<div class=\"wp-block-image\">\n<figure class=\"aligncenter size-full\"><img loading=\"lazy\" decoding=\"async\" width=\"550\" height=\"350\" src=\"http:\/\/universofamilia.com\/wp-content\/uploads\/sites\/148\/2023\/06\/POST-ventilador-de-teto-universo-familia-2.png\" alt=\"\" class=\"wp-image-2756\" srcset=\"https:\/\/universofamilia.com\/wp-content\/uploads\/sites\/148\/2023\/06\/POST-ventilador-de-teto-universo-familia-2.png 550w, https:\/\/universofamilia.com\/wp-content\/uploads\/sites\/148\/2023\/06\/POST-ventilador-de-teto-universo-familia-2-300x191.png 300w\" sizes=\"(max-width: 550px) 100vw, 550px\" \/><figcaption class=\"wp-element-caption\"><em>Foto: (Reproduktion\/Internet)<\/em><\/figcaption><\/figure><\/div>\n\n\n<h5 class=\"wp-block-heading\"><strong>Vorteile<\/strong><\/h5>\n\n\n\n<p><strong>Portabilit\u00e4t<\/strong>: Sie k\u00f6nnen den herk\u00f6mmlichen Ventilator problemlos von einem Raum in einen anderen bewegen und so den Luftstrom nach Bedarf lenken.<\/p>\n\n\n\n<p><strong>Einstellbare Steuerung<\/strong>: Die meisten der beiden g\u00e4ngigen Ventilatormodelle bieten M\u00f6glichkeiten zur Einstellung von Geschwindigkeit und Windrichtung, was f\u00fcr mehr Komfort f\u00fcr das Baby sorgt.<\/p>\n\n\n\n<p><strong>Einfache Reinigung<\/strong>: Die herk\u00f6mmlichen L\u00fcfter sind aufgrund ihrer zug\u00e4nglichen Bauweise leichter zu reinigen.<\/p>\n\n\n\n<h5 class=\"wp-block-heading\"><strong>Nachteile<\/strong><\/h5>\n\n\n\n<p><strong>Raumbesetzung<\/strong>: Herk\u00f6mmliche Ventilatoren nehmen zus\u00e4tzlichen Platz im Raum ein, was in kleineren Umgebungen unpraktisch sein kann.<\/p>\n\n\n\n<p><strong>H\u00f6heres Unfallrisiko<\/strong>: Aufgrund der Mobilit\u00e4t muss darauf geachtet werden, dass das Baby keinen direkten Zugang zum laufenden Ventilator hat.<\/p>\n\n\n\n<p>Lesen Sie auch 10 praktische Tipps zur Einrichtung eines Babyzimmers<\/p>\n\n\n\n<h3 class=\"wp-block-heading\"><strong>Abschluss<\/strong><\/h3>\n\n\n<div class=\"wp-block-image\">\n<figure class=\"aligncenter size-full\"><img loading=\"lazy\" decoding=\"async\" width=\"550\" height=\"350\" src=\"http:\/\/universofamilia.com\/wp-content\/uploads\/sites\/148\/2023\/06\/POST-ventilador-de-teto-universo-familia-3.png\" alt=\"\" class=\"wp-image-2757\" srcset=\"https:\/\/universofamilia.com\/wp-content\/uploads\/sites\/148\/2023\/06\/POST-ventilador-de-teto-universo-familia-3.png 550w, https:\/\/universofamilia.com\/wp-content\/uploads\/sites\/148\/2023\/06\/POST-ventilador-de-teto-universo-familia-3-300x191.png 300w\" sizes=\"(max-width: 550px) 100vw, 550px\" \/><figcaption class=\"wp-element-caption\"><em>Foto: (Reproduktion\/Internet)<\/em><\/figcaption><\/figure><\/div>\n\n\n<p>Wenn Sie \u00fcber den Einsatz eines Ventilators im Babyzimmer nachdenken, ist es wichtig, den Nutzen und die notwendige Pflege abzuw\u00e4gen.<\/p>\n\n\n\n<p>Die Temperaturregulierung, die Luftzirkulation und das wei\u00dfe Rauschen des Ventilators k\u00f6nnen dem Baby Trost spenden.<\/p>\n\n\n\n<p>Es ist jedoch wichtig, Vorkehrungen zur Gew\u00e4hrleistung der Sicherheit zu treffen, z. B. den Ventilator au\u00dferhalb der Reichweite des Babys aufzustellen und ihn regelm\u00e4\u00dfig zu reinigen.<\/p>\n\n\n\n<p>Ber\u00fccksichtigen Sie bei der Wahl zwischen einem Deckenventilator und einem herk\u00f6mmlichen Ventilator auch die Vor- und Nachteile der einzelnen Optionen.<\/p>\n\n\n\n<p>Dar\u00fcber hinaus kann der Einsatz eines Ventilators im Babyzimmer mit den richtigen Vorsichtsma\u00dfnahmen und Sicherheitsma\u00dfnahmen zu einer angenehmen und komfortablen Umgebung beitragen.<\/p>\n\n\n\n<h3 class=\"wp-block-heading\"><strong>Weitere Informationen zur Verwendung von Ventilatoren im Babyzimmer finden Sie in den folgenden vertrauensw\u00fcrdigen Quellen.<\/strong><\/h3>\n\n\n\n<p>Sociedade Brasileira de Pediatria (SBP) \u2013 Die SBP ist eine anerkannte medizinische Einrichtung, die Richtlinien und Empfehlungen zur Babypflege anbietet.<\/p>\n\n\n\n<p>Auf der offiziellen SBP-Website finden Sie relevante Informationen zur Sicherheit und Gesundheit von Kindern.<\/p>\n\n\n\n<p>American Academy of Pediatrics (AAP) \u2013 Die AAP ist eine renommierte p\u00e4diatrische Organisation mit Sitz in den Vereinigten Staaten.<\/p>\n\n\n\n<p>Die AAP-Site bietet wertvolle Ressourcen f\u00fcr L\u00e4nder und medizinisches Fachpersonal, darunter auch Leitlinien zur Gesundheit und Sicherheit von Kindern.<\/p>\n\n\n\n<p>Sie sollten immer in Erw\u00e4gung ziehen, einen Kinderarzt oder einen auf bestimmte F\u00e4lle spezialisierten Arzt zu konsultieren. Dar\u00fcber hinaus wird dringend empfohlen, sich von einem Kinderarzt oder Facharzt beraten zu lassen, um individuelle und angemessene Informationen zur Situation Ihres Babys zu erhalten.<\/p>\n\n\n\n<p>Die M\u00f6glichkeit, eine personalisierte Anleitung basierend auf der Gesundheit und den individuellen Bed\u00fcrfnissen Ihres Babys bereitzustellen.<\/p>\n\n\n\n<p>Sie m\u00fcssen bedenken, dass es wichtig ist, die Aktualit\u00e4t der Informationen in diesen Quellen zu \u00fcberpr\u00fcfen, da die Anweisungen und Empfehlungen im Laufe der Zeit aktualisiert werden k\u00f6nnen.<\/p>\n\n\n\n<p>Wissen Sie auch, dass<a href=\"https:\/\/www.luzbaby.com.br\/\" target=\"_blank\" rel=\"noreferrer noopener\"> Luz Baby ist einer der besten L\u00e4den f\u00fcr Babyprodukte und Babynahrung. Klicken Sie hier.<\/a><\/p>","protected":false},"excerpt":{"rendered":"<p>Posso utilizar ventilador no quarto do beb\u00ea? Quando se trata de criar um ambiente confort\u00e1vel para o beb\u00ea, muitas m\u00e3es se perguntam se \u00e9 seguro e ben\u00e9fico utilizar um ventilador no quarto do pequeno. Al\u00e9m disso, abordaremos essa quest\u00e3o com informa\u00e7\u00f5es sobre os benef\u00edcios e cuidados relacionados ao uso de ventiladores no quarto do beb\u00ea, [&hellip;]<\/p>","protected":false},"author":139,"featured_media":2759,"comment_status":"closed","ping_status":"open","sticky":false,"template":"","format":"standard","meta":{"footnotes":""},"categories":[4],"tags":[1310,1540,1541],"yoast_head":"<!-- This site is optimized with the Yoast SEO plugin v23.3 - https:\/\/yoast.com\/wordpress\/plugins\/seo\/ -->\n<title>Posso utilizar ventilador no quarto do beb\u00ea? - Universo Fam\u00edlia<\/title>\n<meta name=\"description\" content=\"Posso utilizar ventilador no quarto do beb\u00ea? Quando se trata de criar um ambiente confort\u00e1vel para o beb\u00ea,\" \/>\n<meta name=\"robots\" content=\"index, follow, max-snippet:-1, max-image-preview:large, max-video-preview:-1\" \/>\n<link rel=\"canonical\" href=\"https:\/\/universofamilia.com\/de\/posso-utilizar-ventilador-no-quarto-do-bebe\/\" \/>\n<meta property=\"og:locale\" content=\"de_DE\" \/>\n<meta property=\"og:type\" content=\"article\" \/>\n<meta property=\"og:title\" content=\"Posso utilizar ventilador no quarto do beb\u00ea? - Universo Fam\u00edlia\" \/>\n<meta property=\"og:description\" content=\"Posso utilizar ventilador no quarto do beb\u00ea? Quando se trata de criar um ambiente confort\u00e1vel para o beb\u00ea,\" \/>\n<meta property=\"og:url\" content=\"https:\/\/universofamilia.com\/de\/posso-utilizar-ventilador-no-quarto-do-bebe\/\" \/>\n<meta property=\"og:site_name\" content=\"Universo Fam\u00edlia\" \/>\n<meta property=\"article:published_time\" content=\"2023-06-18T23:42:37+00:00\" \/>\n<meta property=\"article:modified_time\" content=\"2025-02-07T01:22:33+00:00\" \/>\n<meta property=\"og:image\" content=\"https:\/\/universofamilia.com\/wp-content\/uploads\/sites\/148\/2023\/06\/FOTO-DESTAQUE-ventilador-de-teto-universo-familia-.png\" \/>\n\t<meta property=\"og:image:width\" content=\"448\" \/>\n\t<meta property=\"og:image:height\" content=\"350\" \/>\n\t<meta property=\"og:image:type\" content=\"image\/png\" \/>\n<meta name=\"author\" content=\"Pedro Henrique\" \/>\n<meta name=\"twitter:card\" content=\"summary_large_image\" \/>\n<meta name=\"twitter:label1\" content=\"Written by\" \/>\n\t<meta name=\"twitter:data1\" content=\"Pedro Henrique\" \/>\n\t<meta name=\"twitter:label2\" content=\"Est. reading time\" \/>\n\t<meta name=\"twitter:data2\" content=\"6 Minuten\" \/>\n<script type=\"application\/ld+json\" class=\"yoast-schema-graph\">{\"@context\":\"https:\/\/schema.org\",\"@graph\":[{\"@type\":\"WebPage\",\"@id\":\"https:\/\/universofamilia.com\/da\/posso-utilizar-ventilador-no-quarto-do-bebe\/\",\"url\":\"https:\/\/universofamilia.com\/da\/posso-utilizar-ventilador-no-quarto-do-bebe\/\",\"name\":\"Posso utilizar ventilador no quarto do beb\u00ea? - Universo Fam\u00edlia\",\"isPartOf\":{\"@id\":\"https:\/\/universofamilia.com\/el\/#website\"},\"primaryImageOfPage\":{\"@id\":\"https:\/\/universofamilia.com\/da\/posso-utilizar-ventilador-no-quarto-do-bebe\/#primaryimage\"},\"image\":{\"@id\":\"https:\/\/universofamilia.com\/da\/posso-utilizar-ventilador-no-quarto-do-bebe\/#primaryimage\"},\"thumbnailUrl\":\"https:\/\/universofamilia.com\/wp-content\/uploads\/sites\/148\/2023\/06\/FOTO-DESTAQUE-ventilador-de-teto-universo-familia-.png\",\"datePublished\":\"2023-06-18T23:42:37+00:00\",\"dateModified\":\"2025-02-07T01:22:33+00:00\",\"author\":{\"@id\":\"https:\/\/universofamilia.com\/el\/#\/schema\/person\/f07ce98187dd84d31154262e79b3b7ca\"},\"description\":\"Posso utilizar ventilador no quarto do beb\u00ea? Quando se trata de criar um ambiente confort\u00e1vel para o beb\u00ea,\",\"breadcrumb\":{\"@id\":\"https:\/\/universofamilia.com\/da\/posso-utilizar-ventilador-no-quarto-do-bebe\/#breadcrumb\"},\"inLanguage\":\"de-CH\",\"potentialAction\":[{\"@type\":\"ReadAction\",\"target\":[\"https:\/\/universofamilia.com\/da\/posso-utilizar-ventilador-no-quarto-do-bebe\/\"]}]},{\"@type\":\"ImageObject\",\"inLanguage\":\"de-CH\",\"@id\":\"https:\/\/universofamilia.com\/da\/posso-utilizar-ventilador-no-quarto-do-bebe\/#primaryimage\",\"url\":\"https:\/\/universofamilia.com\/wp-content\/uploads\/sites\/148\/2023\/06\/FOTO-DESTAQUE-ventilador-de-teto-universo-familia-.png\",\"contentUrl\":\"https:\/\/universofamilia.com\/wp-content\/uploads\/sites\/148\/2023\/06\/FOTO-DESTAQUE-ventilador-de-teto-universo-familia-.png\",\"width\":448,\"height\":350},{\"@type\":\"BreadcrumbList\",\"@id\":\"https:\/\/universofamilia.com\/da\/posso-utilizar-ventilador-no-quarto-do-bebe\/#breadcrumb\",\"itemListElement\":[{\"@type\":\"ListItem\",\"position\":1,\"name\":\"Home\",\"item\":\"https:\/\/universofamilia.com\/el\/\"},{\"@type\":\"ListItem\",\"position\":2,\"name\":\"Posso utilizar ventilador no quarto do beb\u00ea?\"}]},{\"@type\":\"WebSite\",\"@id\":\"https:\/\/universofamilia.com\/el\/#website\",\"url\":\"https:\/\/universofamilia.com\/el\/\",\"name\":\"Universo Fam\u00edlia\",\"description\":\"\",\"potentialAction\":[{\"@type\":\"SearchAction\",\"target\":{\"@type\":\"EntryPoint\",\"urlTemplate\":\"https:\/\/universofamilia.com\/el\/?s={search_term_string}\"},\"query-input\":\"required name=search_term_string\"}],\"inLanguage\":\"de-CH\"},{\"@type\":\"Person\",\"@id\":\"https:\/\/universofamilia.com\/el\/#\/schema\/person\/f07ce98187dd84d31154262e79b3b7ca\",\"name\":\"Pedro Henrique\",\"image\":{\"@type\":\"ImageObject\",\"inLanguage\":\"de-CH\",\"@id\":\"https:\/\/universofamilia.com\/el\/#\/schema\/person\/image\/\",\"url\":\"https:\/\/secure.gravatar.com\/avatar\/9edfeb808cb4e1599f64d6e45b130154?s=96&d=mm&r=g\",\"contentUrl\":\"https:\/\/secure.gravatar.com\/avatar\/9edfeb808cb4e1599f64d6e45b130154?s=96&d=mm&r=g\",\"caption\":\"Pedro Henrique\"},\"url\":\"https:\/\/universofamilia.com\/de\/author\/editor01\/\"}]}<\/script>\n<!-- \/ Yoast SEO plugin. -->","yoast_head_json":{"title":"Posso utilizar ventilador no quarto do beb\u00ea? - Universo Fam\u00edlia","description":"Posso utilizar ventilador no quarto do beb\u00ea? Quando se trata de criar um ambiente confort\u00e1vel para o beb\u00ea,","robots":{"index":"index","follow":"follow","max-snippet":"max-snippet:-1","max-image-preview":"max-image-preview:large","max-video-preview":"max-video-preview:-1"},"canonical":"https:\/\/universofamilia.com\/de\/posso-utilizar-ventilador-no-quarto-do-bebe\/","og_locale":"de_DE","og_type":"article","og_title":"Posso utilizar ventilador no quarto do beb\u00ea? - Universo Fam\u00edlia","og_description":"Posso utilizar ventilador no quarto do beb\u00ea? Quando se trata de criar um ambiente confort\u00e1vel para o beb\u00ea,","og_url":"https:\/\/universofamilia.com\/de\/posso-utilizar-ventilador-no-quarto-do-bebe\/","og_site_name":"Universo Fam\u00edlia","article_published_time":"2023-06-18T23:42:37+00:00","article_modified_time":"2025-02-07T01:22:33+00:00","og_image":[{"width":448,"height":350,"url":"https:\/\/universofamilia.com\/wp-content\/uploads\/sites\/148\/2023\/06\/FOTO-DESTAQUE-ventilador-de-teto-universo-familia-.png","type":"image\/png"}],"author":"Pedro Henrique","twitter_card":"summary_large_image","twitter_misc":{"Written by":"Pedro Henrique","Est. reading time":"6 Minuten"},"schema":{"@context":"https:\/\/schema.org","@graph":[{"@type":"WebPage","@id":"https:\/\/universofamilia.com\/da\/posso-utilizar-ventilador-no-quarto-do-bebe\/","url":"https:\/\/universofamilia.com\/da\/posso-utilizar-ventilador-no-quarto-do-bebe\/","name":"Posso utilizar ventilador no quarto do beb\u00ea? - Universo Fam\u00edlia","isPartOf":{"@id":"https:\/\/universofamilia.com\/el\/#website"},"primaryImageOfPage":{"@id":"https:\/\/universofamilia.com\/da\/posso-utilizar-ventilador-no-quarto-do-bebe\/#primaryimage"},"image":{"@id":"https:\/\/universofamilia.com\/da\/posso-utilizar-ventilador-no-quarto-do-bebe\/#primaryimage"},"thumbnailUrl":"https:\/\/universofamilia.com\/wp-content\/uploads\/sites\/148\/2023\/06\/FOTO-DESTAQUE-ventilador-de-teto-universo-familia-.png","datePublished":"2023-06-18T23:42:37+00:00","dateModified":"2025-02-07T01:22:33+00:00","author":{"@id":"https:\/\/universofamilia.com\/el\/#\/schema\/person\/f07ce98187dd84d31154262e79b3b7ca"},"description":"Posso utilizar ventilador no quarto do beb\u00ea? Quando se trata de criar um ambiente confort\u00e1vel para o beb\u00ea,","breadcrumb":{"@id":"https:\/\/universofamilia.com\/da\/posso-utilizar-ventilador-no-quarto-do-bebe\/#breadcrumb"},"inLanguage":"de-CH","potentialAction":[{"@type":"ReadAction","target":["https:\/\/universofamilia.com\/da\/posso-utilizar-ventilador-no-quarto-do-bebe\/"]}]},{"@type":"ImageObject","inLanguage":"de-CH","@id":"https:\/\/universofamilia.com\/da\/posso-utilizar-ventilador-no-quarto-do-bebe\/#primaryimage","url":"https:\/\/universofamilia.com\/wp-content\/uploads\/sites\/148\/2023\/06\/FOTO-DESTAQUE-ventilador-de-teto-universo-familia-.png","contentUrl":"https:\/\/universofamilia.com\/wp-content\/uploads\/sites\/148\/2023\/06\/FOTO-DESTAQUE-ventilador-de-teto-universo-familia-.png","width":448,"height":350},{"@type":"BreadcrumbList","@id":"https:\/\/universofamilia.com\/da\/posso-utilizar-ventilador-no-quarto-do-bebe\/#breadcrumb","itemListElement":[{"@type":"ListItem","position":1,"name":"Home","item":"https:\/\/universofamilia.com\/el\/"},{"@type":"ListItem","position":2,"name":"Posso utilizar ventilador no quarto do beb\u00ea?"}]},{"@type":"WebSite","@id":"https:\/\/universofamilia.com\/el\/#website","url":"https:\/\/universofamilia.com\/el\/","name":"Universo Fam\u00edlia","description":"","potentialAction":[{"@type":"SearchAction","target":{"@type":"EntryPoint","urlTemplate":"https:\/\/universofamilia.com\/el\/?s={search_term_string}"},"query-input":"required name=search_term_string"}],"inLanguage":"de-CH"},{"@type":"Person","@id":"https:\/\/universofamilia.com\/el\/#\/schema\/person\/f07ce98187dd84d31154262e79b3b7ca","name":"Pedro Henrique","image":{"@type":"ImageObject","inLanguage":"de-CH","@id":"https:\/\/universofamilia.com\/el\/#\/schema\/person\/image\/","url":"https:\/\/secure.gravatar.com\/avatar\/9edfeb808cb4e1599f64d6e45b130154?s=96&d=mm&r=g","contentUrl":"https:\/\/secure.gravatar.com\/avatar\/9edfeb808cb4e1599f64d6e45b130154?s=96&d=mm&r=g","caption":"Pedro Henrique"},"url":"https:\/\/universofamilia.com\/de\/author\/editor01\/"}]}},"_links":{"self":[{"href":"https:\/\/universofamilia.com\/de\/wp-json\/wp\/v2\/posts\/2752"}],"collection":[{"href":"https:\/\/universofamilia.com\/de\/wp-json\/wp\/v2\/posts"}],"about":[{"href":"https:\/\/universofamilia.com\/de\/wp-json\/wp\/v2\/types\/post"}],"author":[{"embeddable":true,"href":"https:\/\/universofamilia.com\/de\/wp-json\/wp\/v2\/users\/139"}],"replies":[{"embeddable":true,"href":"https:\/\/universofamilia.com\/de\/wp-json\/wp\/v2\/comments?post=2752"}],"version-history":[{"count":1,"href":"https:\/\/universofamilia.com\/de\/wp-json\/wp\/v2\/posts\/2752\/revisions"}],"predecessor-version":[{"id":8591,"href":"https:\/\/universofamilia.com\/de\/wp-json\/wp\/v2\/posts\/2752\/revisions\/8591"}],"wp:featuredmedia":[{"embeddable":true,"href":"https:\/\/universofamilia.com\/de\/wp-json\/wp\/v2\/media\/2759"}],"wp:attachment":[{"href":"https:\/\/universofamilia.com\/de\/wp-json\/wp\/v2\/media?parent=2752"}],"wp:term":[{"taxonomy":"category","embeddable":true,"href":"https:\/\/universofamilia.com\/de\/wp-json\/wp\/v2\/categories?post=2752"},{"taxonomy":"post_tag","embeddable":true,"href":"https:\/\/universofamilia.com\/de\/wp-json\/wp\/v2\/tags?post=2752"}],"curies":[{"name":"wp","href":"https:\/\/api.w.org\/{rel}","templated":true}]}}