{"id":3989,"date":"2023-09-22T11:46:13","date_gmt":"2023-09-22T14:46:13","guid":{"rendered":"https:\/\/universofamilia.com\/?p=3989"},"modified":"2025-01-28T14:25:30","modified_gmt":"2025-01-28T14:25:30","slug":"preparacao-para-a-segunda-gravidez","status":"publish","type":"post","link":"https:\/\/universofamilia.com\/de\/vorbereitung-auf-die-zweite-schwangerschaft\/","title":{"rendered":"Vorbereitung auf die zweite Schwangerschaft"},"content":{"rendered":"<p>Vorbereitung auf die zweite Schwangerschaft. \u00dcberlegen Sie, ob Sie f\u00fcr Ihr zweites Jahr bereit sind? Hier sind einige positive und negative Aspekte, die Sie bei der Planung Ihrer zweiten Schwangerschaft ber\u00fccksichtigen sollten.<\/p>\n\n\n\n<h3 class=\"wp-block-heading\">Schritt f\u00fcr Schritt:<\/h3>\n\n\n\n<ul>\n<li>Entscheiden, ob Sie f\u00fcr den zweiten Film bereit sind<\/li>\n\n\n\n<li>Vorbereitung auf die zweite Schwangerschaft<\/li>\n\n\n\n<li>Zweite Schwangerschaft<\/li>\n\n\n\n<li>Umgang mit Schwierigkeiten in der zweiten Schwangerschaft<\/li>\n\n\n\n<li>Gesundheit w\u00e4hrend der zweiten Schwangerschaft<\/li>\n\n\n\n<li>Finanzmanagement w\u00e4hrend der zweiten Schwangerschaft<\/li>\n<\/ul>\n\n\n<div class=\"wp-block-image\">\n<figure class=\"aligncenter size-full\"><img loading=\"lazy\" decoding=\"async\" width=\"960\" height=\"540\" src=\"http:\/\/universofamilia.com\/wp-content\/uploads\/sites\/148\/2023\/09\/P-UNIV-FAMILIA-Preparacao-para-a-Segunda-Gravidez-1-1.png\" alt=\"\" class=\"wp-image-3994\" srcset=\"https:\/\/universofamilia.com\/wp-content\/uploads\/sites\/148\/2023\/09\/P-UNIV-FAMILIA-Preparacao-para-a-Segunda-Gravidez-1-1.png 960w, https:\/\/universofamilia.com\/wp-content\/uploads\/sites\/148\/2023\/09\/P-UNIV-FAMILIA-Preparacao-para-a-Segunda-Gravidez-1-1-300x169.png 300w, https:\/\/universofamilia.com\/wp-content\/uploads\/sites\/148\/2023\/09\/P-UNIV-FAMILIA-Preparacao-para-a-Segunda-Gravidez-1-1-768x432.png 768w\" sizes=\"(max-width: 960px) 100vw, 960px\" \/><\/figure><\/div>\n\n\n<p>Vielleicht, weil ich mir immer mehr Kinder vorstelle oder weil mir in letzter Zeit die Idee in den Sinn kommt, Ihrem Kind ein Zeichen zu geben, ist es Zeit, \u00fcber das zweite Baby nachzudenken. Die Aussicht auf Familienzuwachs ist aufregend, aber auch beunruhigend:<\/p>\n\n\n\n<ol style=\"list-style-type:1\">\n<li>Woher wissen Sie, ob Sie wirklich vorbereitet sind?<\/li>\n\n\n\n<li>Ist die erste Datei noch zu klein?<\/li>\n\n\n\n<li>Es lohnt sich, sich dem Chaos und der Ersch\u00f6pfung zweier Babys zu stellen;<\/li>\n\n\n\n<li>Ist es besser, noch etwas zu warten?<\/li>\n<\/ol>\n\n\n\n<p>Es gibt keine endg\u00fcltigen Antworten, aber es ist wichtig, \u00fcber diese Fragen nachzudenken, um eine fundierte Entscheidung zu treffen.<\/p>\n\n\n\n<h3 class=\"wp-block-heading\"><strong>Entscheiden, ob Sie f\u00fcr den zweiten Film bereit sind<\/strong><\/h3>\n\n\n\n<p>W\u00e4hrend Ihr Baby w\u00e4chst und sich vom Baby in Ihren Armen zu einem Kind entwickelt, das l\u00e4uft und hinf\u00e4llt, fragen Sie sich vielleicht, wann der richtige Zeitpunkt f\u00fcr ein zweites Kind ist. Da diese Entscheidung f\u00fcr jede Familie individuell ist, k\u00f6nnen einige Fragen helfen, den besten Zeitpunkt zu bestimmen:<\/p>\n\n\n\n<ol style=\"list-style-type:1\">\n<li>Glauben Sie, dass es an Kindern aus den umliegenden Gemeinden mangelt, die Sie als Begleiter der Brincadeiras unterst\u00fctzen k\u00f6nnten?<\/li>\n\n\n\n<li>Sind Sie bereit, sich noch einmal der Phase schlafloser N\u00e4chte zu stellen, aber ich gebe auf oder es ist zu sp\u00e4t?<\/li>\n\n\n\n<li>M\u00f6chten Sie die Schwangerschaft lieber zeitlich verteilen, um die Kindheitsphase jedes Kindes ohne Ablenkungen zu genie\u00dfen?<\/li>\n\n\n\n<li>Gef\u00e4llt Ihnen die Idee, die Kinder zeitlich zu verteilen, oder reicht es aus, Konflikte zwischen Kindern aufgrund sehr \u00e4hnlicher Voraussetzungen und Entwicklungsstadien zu minimieren?<\/li>\n<\/ol>\n\n\n\n<h4 class=\"wp-block-heading\"><mark class=\"has-inline-color has-ast-global-color-0-color\">Lesen Sie auch:<\/mark><\/h4>\n\n\n<table style=\"border-collapse: collapse;width: 840px;height: 171px\">\n<tbody>\n<tr style=\"height: 21px\">\n<td style=\"width: 18.5759%;height: 21px\"><a href=\"https:\/\/universofamilia.com\/de\/7-schritte-zur-aufzucht-und-pflege-eines-familienornaments\/\"><img loading=\"lazy\" decoding=\"async\" class=\"alignnone wp-image-3984 size-medium\" src=\"http:\/\/universofamilia.com\/wp-content\/uploads\/sites\/148\/2023\/09\/L-Universo-Familia-7-Passos-de-Como-Criar-e-Manter-um-Orcamento-Familiar-300x300.png\" alt=\"\" width=\"300\" height=\"300\" srcset=\"https:\/\/universofamilia.com\/wp-content\/uploads\/sites\/148\/2023\/09\/L-Universo-Familia-7-Passos-de-Como-Criar-e-Manter-um-Orcamento-Familiar-300x300.png 300w, https:\/\/universofamilia.com\/wp-content\/uploads\/sites\/148\/2023\/09\/L-Universo-Familia-7-Passos-de-Como-Criar-e-Manter-um-Orcamento-Familiar-150x150.png 150w, https:\/\/universofamilia.com\/wp-content\/uploads\/sites\/148\/2023\/09\/L-Universo-Familia-7-Passos-de-Como-Criar-e-Manter-um-Orcamento-Familiar.png 315w\" sizes=\"(max-width: 300px) 100vw, 300px\" \/><\/a><\/td>\n<td style=\"width: 81.4241%;height: 21px\">\n<h4><span style=\"color: #000000\"><a style=\"color: #000000\" href=\"https:\/\/universofamilia.com\/de\/7-schritte-zur-aufzucht-und-pflege-eines-familienornaments\/\" target=\"_blank\" rel=\"noopener\">7 Schritte zur Gr\u00fcndung und Erhaltung einer Familie Or\u00e7amento<\/a><\/span><\/h4>\n<\/td>\n<\/tr>\n<tr style=\"height: 21px\">\n<td style=\"width: 18.5759%;height: 10px\">\u00a0<\/td>\n<td style=\"width: 81.4241%;height: 10px\">\u00a0<\/td>\n<\/tr>\n<tr style=\"height: 21px\">\n<td style=\"width: 18.5759%;height: 21px\">\u00a0<\/td>\n<td style=\"width: 81.4241%;height: 21px\">\u00a0<\/td>\n<\/tr>\n<\/tbody>\n<\/table>\n\n\n<p>Wenn Sie Ihre ersten Fragen mit \u201eJa\u201c beantwortet haben, ist es vielleicht noch zu fr\u00fch, \u00fcber eine zweite Frage nachzudenken.<\/p>\n\n\n\n<p>Wenn die letzten beiden Fragen jedoch mit \u201eJa\u201c beantwortet werden, ist es m\u00f6glicherweise sinnvoll, mit der Planung einer zweiten Schwangerschaft noch etwas zu warten.<\/p>\n\n\n\n<p>Neben diesen \u00dcberlegungen m\u00fcssen bekanntlich auch weitere Faktoren wie die finanzielle Situation der Familie, M\u00f6glichkeiten zur Kinderbetreuung und berufliche Verpflichtungen ber\u00fccksichtigt werden.<\/p>\n\n\n\n<p>Unabh\u00e4ngig von Ihrer Wahl wissen Sie, dass jede Raumoption zwischen den Kindern ihre eigenen Freuden und Herausforderungen mit sich bringt. <\/p>\n\n\n\n<p>Wenn Sie beispielsweise Kinder in den umliegenden Gemeinden haben, k\u00f6nnen wir ab sofort gemeinsam das Springen genie\u00dfen und sparen so Zeit bei der Suche nach Aktivit\u00e4ten. Seien Sie jedoch darauf vorbereitet, dass es zwischen den Kindern zu m\u00f6glichen Rivalit\u00e4ten kommen kann.<\/p>\n\n\n\n<p>Wenn Sie sich hingegen daf\u00fcr entscheiden, die Ereignisse zeitlich st\u00e4rker zu verteilen, haben Sie den Vorteil, dass Sie sich individueller auf jede Datei konzentrieren k\u00f6nnen.<\/p>\n\n\n\n<p>Allerdings d\u00fcrfen Kinder aus weit entfernten Wohngegenden nicht zu nah an ihren Sprungschanzen sein und es gibt keine Garantie daf\u00fcr, dass es dort weniger Konflikte gibt.<\/p>\n\n\n\n<p>Kurz gesagt: Die Entscheidung f\u00fcr ein zweites eigenes Kind sollte auf der Grundlage individueller Umst\u00e4nde getroffen werden und nicht auf der Grundlage dessen, was das Beste f\u00fcr die Familie ist.<\/p>\n\n\n\n<h3 class=\"wp-block-heading\"><strong>Vorbereitung auf die zweite Schwangerschaft<\/strong><\/h3>\n\n\n\n<p>Es ist wichtig, vor der zweiten Schwangerschaft in guter Form zu sein und sich vor dem ersten Kind um Ihre Gesundheit zu k\u00fcmmern. <\/p>\n\n\n\n<p>Dies erfordert zwar keinen t\u00e4glichen Schulbesuch (was mit einem kleinen Baby schwierig sein kann), bedeutet aber, dass Ihr K\u00f6rper sich ausreichend von der ersten Schwangerschaft erholen kann.<\/p>\n\n\n\n<p>Das American College of Obstetricians and Gynecologists (ACOG) empfiehlt, in den ersten sechs Monaten nach der Geburt eine Gewichtszunahme zu vermeiden und vorzugsweise mindestens 18 Monate zu warten. Dies ist die Zeit, in der der K\u00f6rper seine Vitamine wieder auff\u00fcllt und in den Idealzustand f\u00fcr eine neue Schwangerschaft zur\u00fcckkehrt.<\/p>\n\n\n\n<p>Wenn Sie vor diesem Zeitraum schwanger werden m\u00f6chten, besprechen Sie dies unbedingt mit Ihrem Arzt. Wenn Sie sich gut ern\u00e4hren, bei bester Gesundheit sind und \u00fcber gen\u00fcgend Energie f\u00fcr eine zweite Schwangerschaft verf\u00fcgen, steht der Geburt Ihres zweiten Kindes nichts im Wege, wenn Sie sich bereit f\u00fchlen.<\/p>\n\n\n<div class=\"wp-block-image\">\n<figure class=\"aligncenter size-full\"><img loading=\"lazy\" decoding=\"async\" width=\"960\" height=\"540\" src=\"http:\/\/universofamilia.com\/wp-content\/uploads\/sites\/148\/2023\/09\/P-UNIV-FAMILIA-Preparacao-para-a-Segunda-Gravidez-1.png\" alt=\"\" class=\"wp-image-3993\" srcset=\"https:\/\/universofamilia.com\/wp-content\/uploads\/sites\/148\/2023\/09\/P-UNIV-FAMILIA-Preparacao-para-a-Segunda-Gravidez-1.png 960w, https:\/\/universofamilia.com\/wp-content\/uploads\/sites\/148\/2023\/09\/P-UNIV-FAMILIA-Preparacao-para-a-Segunda-Gravidez-1-300x169.png 300w, https:\/\/universofamilia.com\/wp-content\/uploads\/sites\/148\/2023\/09\/P-UNIV-FAMILIA-Preparacao-para-a-Segunda-Gravidez-1-768x432.png 768w\" sizes=\"(max-width: 960px) 100vw, 960px\" \/><\/figure><\/div>\n\n\n<h3 class=\"wp-block-heading\"><strong>Zweite Schwangerschaft<\/strong><\/h3>\n\n\n\n<p>Jede Schwangerschaft ist einzigartig, auch wenn Sie sie zum zweiten Mal durchmachen. Bei Zweitschwangerschaften gibt es physiologische Unterschiede zu Beziehungen im ersten Schwangerschaftsabschnitt.<\/p>\n\n\n\n<p>Bevor wir uns jedoch mit den Besonderheiten des Wachstums des zweiten Babys befassen, ist es notwendig, erneut schwanger zu werden.<\/p>\n\n\n\n<p>In manchen Familien verl\u00e4uft die Zeugung des zweiten Kindes genauso problemlos wie die des ersten. Es k\u00f6nnen jedoch auch Hindernisse auftreten, die viele Menschen \u00fcberraschen.<\/p>\n\n\n\n<h3 class=\"wp-block-heading\"><strong>Umgang mit Schwierigkeiten in der zweiten Schwangerschaft<\/strong><\/h3>\n\n\n\n<p>Sekund\u00e4re Unfruchtbarkeit, die nach kinderlosem Haarwachstum auftritt, kommt h\u00e4ufiger vor, als Sie vielleicht denken. <\/p>\n\n\n\n<p>Im Allgemeinen sind die Ursachen \u00e4hnlich wie bei prim\u00e4rer Unfruchtbarkeit, wie Alter, Gewicht und Erkrankungen wie Endometriose, Uterusmyome oder polyzystisches Ovarialsyndrom.<\/p>\n\n\n\n<p>Um dieser Situation zu begegnen, empfehlen wir <strong>Konsultieren Sie einen Arzt, wenn Sie unter 35 sind<\/strong> Jahre und es ist mir nach einem Jahr voller Versuche nicht gelungen, schwanger zu werden. Wenn Sie \u00e4lter als 35 Jahre sind, muss die Beratung nach sechs Monaten erfolgloser Versuche erfolgen.<\/p>\n\n\n\n<p>Auch Geb\u00e4rmutterprobleme infolge einer Schwangerschaft oder fr\u00fcherer Geburten k\u00f6nnen zu sekund\u00e4rer Unfruchtbarkeit beitragen. <\/p>\n\n\n\n<p>Daher ist es wichtig <strong>Besprechen Sie dies mit Ihrem Arzt<\/strong> bevor Sie erneut versuchen, an Gewicht zuzunehmen. Sie k\u00f6nnen Ihre Chancen auf eine nat\u00fcrliche Empf\u00e4ngnis einsch\u00e4tzen, Sie zu m\u00f6glichen Risikofaktoren beraten und Ihnen bei Bedarf Unterst\u00fctzung bei der Fruchtbarkeit bieten.<\/p>\n\n\n\n<h3 class=\"wp-block-heading\"><strong>Gesundheit w\u00e4hrend der zweiten Schwangerschaft<\/strong><\/h3>\n\n\n\n<p>Eine zweite Schwangerschaft kann sich auf verschiedene Weise auf Ihre Gesundheit auswirken und sowohl Herausforderungen als auch Vorteile mit sich bringen:<\/p>\n\n\n\n<ul>\n<li>Die Erfahrung, die Sie mit der Betreuung Ihres ersten Babys gemacht haben, wird Sie w\u00e4hrend Ihrer zweiten Schwangerschaft k\u00f6rperlich aktiv halten, sodass Sie keine separaten \u00dcbungen einplanen m\u00fcssen.<\/li>\n\n\n\n<li>Der aufregende Alltag mit einem noch schneller geborenen Kind bedeutet, dass Sie wahrscheinlich weniger Zeit haben, sich \u00fcber Schwangerschaftssymptome Gedanken zu machen.<\/li>\n\n\n\n<li>Sie ist bereits an das Leben ihrer Mutter gew\u00f6hnt, daher wird sie den Schock der Lebensver\u00e4nderung, die mit ihrem ersten Kind einherging, nicht sp\u00fcren.<\/li>\n<\/ul>\n\n\n\n<h3 class=\"wp-block-heading\"><strong>Finanzmanagement w\u00e4hrend der zweiten Schwangerschaft<\/strong><\/h3>\n\n\n\n<p>Wenn Sie \u00fcber eine zweite Akte nachdenken, m\u00fcssen Sie die finanziellen Auswirkungen ber\u00fccksichtigen.<\/p>\n\n\n\n<p>Haushalt und Finanzen:<\/p>\n\n\n\n<ul>\n<li>Wenn Sie au\u00dfer Haus arbeiten, wird ein zweiter unbezahlter Mutterschaftsurlaub oder eine Verk\u00fcrzung der Zeit, die Sie dem zweiten Baby widmen, meiner Meinung nach keine finanziellen Auswirkungen haben.<\/li>\n\n\n\n<li>Wenn Sie Hausbesitzerin sind, m\u00f6chten Sie nach einer zweiten Schwangerschaft wieder in den Beruf zur\u00fcckkehren.<\/li>\n\n\n\n<li>Pr\u00fcfen Sie, ob in Ihrem Haushalt mehrere Familienmitglieder leben oder ob ein Umzug in ein gr\u00f6\u00dferes und teureres Haus notwendig wird.<\/li>\n\n\n\n<li>\u00dcberlegen Sie, ob Sie das Babyzubeh\u00f6r, das Sie bereits haben, wie z. B. ein Babybett, eine Babykette und einen Kinderwagen, weiterverwenden k\u00f6nnen, oder ob Sie ein zweites Set kaufen m\u00fcssen.<\/li>\n\n\n\n<li>Es erfolgt eine zweite Datei nach den Zusatzgewichten, unabh\u00e4ngig von der gew\u00e4hlten Zeit.<\/li>\n<\/ul>\n\n\n\n<p>Es empfiehlt sich, gemeinsam mit Ihrem Partner ein vorl\u00e4ufiges Familiendokument vorzubereiten, um zu pr\u00fcfen, welche finanzielle Unterst\u00fctzung wir kurzfristig und langfristig leisten k\u00f6nnen.<\/p>\n\n\n\n<p>Seien Sie sich bewusst, dass es keinen perfekten Zeitpunkt gibt und die Entscheidung auf der Grundlage der Bed\u00fcrfnisse und W\u00fcnsche Ihrer drei- oder vierk\u00f6pfigen Familie getroffen werden muss.<\/p>\n\n\n\n<blockquote class=\"wp-block-quote\">\n<h5 class=\"wp-block-heading\"><em>Hinweise: Die Materialien und Informationen auf der Seite \u201eUniverso Fam\u00edlia\u201c sind nicht f\u00fcr die medizinische Diagnose bestimmt und sollten auch nicht als solche verwendet werden. <strong>Sie sollten Ihren tats\u00e4chlichen Bedarf stets mit einem Arzt oder qualifiziertem Gesundheitsexperten besprechen.<\/strong>.<\/em><\/h5>\n<\/blockquote>\n\n\n<table style=\"border-collapse: collapse;width: 100%;height: 96px\">\n<tbody>\n<tr style=\"height: 96px\">\n<td style=\"width: 10.1223%;height: 96px\"><a href=\"https:\/\/www.luzbaby.com.br\/\" target=\"_blank\" rel=\"noopener\"><img loading=\"lazy\" decoding=\"async\" class=\"alignnone wp-image-3747\" src=\"http:\/\/universofamilia.com\/wp-content\/uploads\/sites\/148\/2023\/09\/Design-sem-nome-3-300x300.png\" alt=\"\" width=\"106\" height=\"106\" srcset=\"https:\/\/universofamilia.com\/wp-content\/uploads\/sites\/148\/2023\/09\/Design-sem-nome-3-300x300.png 300w, https:\/\/universofamilia.com\/wp-content\/uploads\/sites\/148\/2023\/09\/Design-sem-nome-3-150x150.png 150w, https:\/\/universofamilia.com\/wp-content\/uploads\/sites\/148\/2023\/09\/Design-sem-nome-3.png 315w\" sizes=\"(max-width: 106px) 100vw, 106px\" \/><\/a><\/td>\n<td style=\"width: 89.5168%;height: 96px\">\n<h4><span style=\"color: #000000\"><strong><a style=\"color: #000000\" href=\"https:\/\/www.luzbaby.com.br\/\" target=\"_blank\" rel=\"noreferrer noopener\">Conhe\u00e7a Luz Baby, einer der besten L\u00e4den f\u00fcr S\u00e4uglingsprodukte.<\/a><\/strong><\/span><\/h4>\n<\/td>\n<\/tr>\n<\/tbody>\n<\/table>","protected":false},"excerpt":{"rendered":"<p>Prepara\u00e7\u00e3o para a segunda gravidez. Est\u00e1 pensando se est\u00e1 preparada (o) para ter o segundo filho? Aqui est\u00e3o alguns aspectos positivos e negativos que voc\u00ea deve levar em conta ao planejar sua segunda gravidez. Passo a Passo: Seja porque sempre imaginou ter mais filhos ou porque recentemente a ideia de dar um irm\u00e3o ao seu [&hellip;]<\/p>","protected":false},"author":139,"featured_media":3995,"comment_status":"closed","ping_status":"open","sticky":false,"template":"","format":"standard","meta":{"footnotes":""},"categories":[5],"tags":[],"yoast_head":"<!-- This site is optimized with the Yoast SEO plugin v23.3 - https:\/\/yoast.com\/wordpress\/plugins\/seo\/ -->\n<title>Prepara\u00e7\u00e3o para a Segunda Gravidez - Universo Fam\u00edlia<\/title>\n<meta name=\"description\" content=\"Prepara\u00e7\u00e3o para a segunda gravidez. Est\u00e1 pensando se est\u00e1 preparada (o) para ter o segundo filho? Aqui est\u00e3o alguns aspectos positivos e negativos que voc\u00ea\" \/>\n<meta name=\"robots\" content=\"index, follow, max-snippet:-1, max-image-preview:large, max-video-preview:-1\" \/>\n<link rel=\"canonical\" href=\"https:\/\/universofamilia.com\/de\/\u09a6\u09cd\u09ac\u09bf\u09a4\u09c0\u09af\u09bc-\u0997\u09b0\u09cd\u09ad\u09be\u09ac\u09b8\u09cd\u09a5\u09be\u09b0-\u09aa\u09cd\u09b0\/\" \/>\n<meta property=\"og:locale\" content=\"de_DE\" \/>\n<meta property=\"og:type\" content=\"article\" \/>\n<meta property=\"og:title\" content=\"Prepara\u00e7\u00e3o para a Segunda Gravidez - Universo Fam\u00edlia\" \/>\n<meta property=\"og:description\" content=\"Prepara\u00e7\u00e3o para a segunda gravidez. Est\u00e1 pensando se est\u00e1 preparada (o) para ter o segundo filho? Aqui est\u00e3o alguns aspectos positivos e negativos que voc\u00ea\" \/>\n<meta property=\"og:url\" content=\"https:\/\/universofamilia.com\/de\/\u09a6\u09cd\u09ac\u09bf\u09a4\u09c0\u09af\u09bc-\u0997\u09b0\u09cd\u09ad\u09be\u09ac\u09b8\u09cd\u09a5\u09be\u09b0-\u09aa\u09cd\u09b0\/\" \/>\n<meta property=\"og:site_name\" content=\"Universo Fam\u00edlia\" \/>\n<meta property=\"article:published_time\" content=\"2023-09-22T14:46:13+00:00\" \/>\n<meta property=\"article:modified_time\" content=\"2025-01-28T14:25:30+00:00\" \/>\n<meta property=\"og:image\" content=\"https:\/\/universofamilia.com\/wp-content\/uploads\/sites\/148\/2023\/09\/D-UNIVERSO-FAMILIA-Preparacao-para-a-Segunda-Gravidez.png\" \/>\n\t<meta property=\"og:image:width\" content=\"448\" \/>\n\t<meta property=\"og:image:height\" content=\"350\" \/>\n\t<meta property=\"og:image:type\" content=\"image\/png\" \/>\n<meta name=\"author\" content=\"Pedro Henrique\" \/>\n<meta name=\"twitter:card\" content=\"summary_large_image\" \/>\n<meta name=\"twitter:label1\" content=\"Written by\" \/>\n\t<meta name=\"twitter:data1\" content=\"Pedro Henrique\" \/>\n\t<meta name=\"twitter:label2\" content=\"Est. reading time\" \/>\n\t<meta name=\"twitter:data2\" content=\"8 Minuten\" \/>\n<script type=\"application\/ld+json\" class=\"yoast-schema-graph\">{\"@context\":\"https:\/\/schema.org\",\"@graph\":[{\"@type\":\"WebPage\",\"@id\":\"https:\/\/universofamilia.com\/bn\/\u09a6\u09cd\u09ac\u09bf\u09a4\u09c0\u09af\u09bc-\u0997\u09b0\u09cd\u09ad\u09be\u09ac\u09b8\u09cd\u09a5\u09be\u09b0-\u09aa\u09cd\u09b0\/\",\"url\":\"https:\/\/universofamilia.com\/bn\/\u09a6\u09cd\u09ac\u09bf\u09a4\u09c0\u09af\u09bc-\u0997\u09b0\u09cd\u09ad\u09be\u09ac\u09b8\u09cd\u09a5\u09be\u09b0-\u09aa\u09cd\u09b0\/\",\"name\":\"Prepara\u00e7\u00e3o para a Segunda Gravidez - Universo Fam\u00edlia\",\"isPartOf\":{\"@id\":\"https:\/\/universofamilia.com\/el\/#website\"},\"primaryImageOfPage\":{\"@id\":\"https:\/\/universofamilia.com\/bn\/\u09a6\u09cd\u09ac\u09bf\u09a4\u09c0\u09af\u09bc-\u0997\u09b0\u09cd\u09ad\u09be\u09ac\u09b8\u09cd\u09a5\u09be\u09b0-\u09aa\u09cd\u09b0\/#primaryimage\"},\"image\":{\"@id\":\"https:\/\/universofamilia.com\/bn\/\u09a6\u09cd\u09ac\u09bf\u09a4\u09c0\u09af\u09bc-\u0997\u09b0\u09cd\u09ad\u09be\u09ac\u09b8\u09cd\u09a5\u09be\u09b0-\u09aa\u09cd\u09b0\/#primaryimage\"},\"thumbnailUrl\":\"https:\/\/universofamilia.com\/wp-content\/uploads\/sites\/148\/2023\/09\/D-UNIVERSO-FAMILIA-Preparacao-para-a-Segunda-Gravidez.png\",\"datePublished\":\"2023-09-22T14:46:13+00:00\",\"dateModified\":\"2025-01-28T14:25:30+00:00\",\"author\":{\"@id\":\"https:\/\/universofamilia.com\/el\/#\/schema\/person\/f07ce98187dd84d31154262e79b3b7ca\"},\"description\":\"Prepara\u00e7\u00e3o para a segunda gravidez. Est\u00e1 pensando se est\u00e1 preparada (o) para ter o segundo filho? Aqui est\u00e3o alguns aspectos positivos e negativos que voc\u00ea\",\"breadcrumb\":{\"@id\":\"https:\/\/universofamilia.com\/bn\/\u09a6\u09cd\u09ac\u09bf\u09a4\u09c0\u09af\u09bc-\u0997\u09b0\u09cd\u09ad\u09be\u09ac\u09b8\u09cd\u09a5\u09be\u09b0-\u09aa\u09cd\u09b0\/#breadcrumb\"},\"inLanguage\":\"de-CH\",\"potentialAction\":[{\"@type\":\"ReadAction\",\"target\":[\"https:\/\/universofamilia.com\/bn\/\u09a6\u09cd\u09ac\u09bf\u09a4\u09c0\u09af\u09bc-\u0997\u09b0\u09cd\u09ad\u09be\u09ac\u09b8\u09cd\u09a5\u09be\u09b0-\u09aa\u09cd\u09b0\/\"]}]},{\"@type\":\"ImageObject\",\"inLanguage\":\"de-CH\",\"@id\":\"https:\/\/universofamilia.com\/bn\/\u09a6\u09cd\u09ac\u09bf\u09a4\u09c0\u09af\u09bc-\u0997\u09b0\u09cd\u09ad\u09be\u09ac\u09b8\u09cd\u09a5\u09be\u09b0-\u09aa\u09cd\u09b0\/#primaryimage\",\"url\":\"https:\/\/universofamilia.com\/wp-content\/uploads\/sites\/148\/2023\/09\/D-UNIVERSO-FAMILIA-Preparacao-para-a-Segunda-Gravidez.png\",\"contentUrl\":\"https:\/\/universofamilia.com\/wp-content\/uploads\/sites\/148\/2023\/09\/D-UNIVERSO-FAMILIA-Preparacao-para-a-Segunda-Gravidez.png\",\"width\":448,\"height\":350},{\"@type\":\"BreadcrumbList\",\"@id\":\"https:\/\/universofamilia.com\/bn\/\u09a6\u09cd\u09ac\u09bf\u09a4\u09c0\u09af\u09bc-\u0997\u09b0\u09cd\u09ad\u09be\u09ac\u09b8\u09cd\u09a5\u09be\u09b0-\u09aa\u09cd\u09b0\/#breadcrumb\",\"itemListElement\":[{\"@type\":\"ListItem\",\"position\":1,\"name\":\"Home\",\"item\":\"https:\/\/universofamilia.com\/el\/\"},{\"@type\":\"ListItem\",\"position\":2,\"name\":\"Prepara\u00e7\u00e3o para a Segunda Gravidez\"}]},{\"@type\":\"WebSite\",\"@id\":\"https:\/\/universofamilia.com\/el\/#website\",\"url\":\"https:\/\/universofamilia.com\/el\/\",\"name\":\"Universo Fam\u00edlia\",\"description\":\"\",\"potentialAction\":[{\"@type\":\"SearchAction\",\"target\":{\"@type\":\"EntryPoint\",\"urlTemplate\":\"https:\/\/universofamilia.com\/el\/?s={search_term_string}\"},\"query-input\":\"required name=search_term_string\"}],\"inLanguage\":\"de-CH\"},{\"@type\":\"Person\",\"@id\":\"https:\/\/universofamilia.com\/el\/#\/schema\/person\/f07ce98187dd84d31154262e79b3b7ca\",\"name\":\"Pedro Henrique\",\"image\":{\"@type\":\"ImageObject\",\"inLanguage\":\"de-CH\",\"@id\":\"https:\/\/universofamilia.com\/el\/#\/schema\/person\/image\/\",\"url\":\"https:\/\/secure.gravatar.com\/avatar\/9edfeb808cb4e1599f64d6e45b130154?s=96&d=mm&r=g\",\"contentUrl\":\"https:\/\/secure.gravatar.com\/avatar\/9edfeb808cb4e1599f64d6e45b130154?s=96&d=mm&r=g\",\"caption\":\"Pedro Henrique\"},\"url\":\"https:\/\/universofamilia.com\/de\/author\/editor01\/\"}]}<\/script>\n<!-- \/ Yoast SEO plugin. -->","yoast_head_json":{"title":"Prepara\u00e7\u00e3o para a Segunda Gravidez - Universo Fam\u00edlia","description":"Prepara\u00e7\u00e3o para a segunda gravidez. Est\u00e1 pensando se est\u00e1 preparada (o) para ter o segundo filho? Aqui est\u00e3o alguns aspectos positivos e negativos que voc\u00ea","robots":{"index":"index","follow":"follow","max-snippet":"max-snippet:-1","max-image-preview":"max-image-preview:large","max-video-preview":"max-video-preview:-1"},"canonical":"https:\/\/universofamilia.com\/de\/\u09a6\u09cd\u09ac\u09bf\u09a4\u09c0\u09af\u09bc-\u0997\u09b0\u09cd\u09ad\u09be\u09ac\u09b8\u09cd\u09a5\u09be\u09b0-\u09aa\u09cd\u09b0\/","og_locale":"de_DE","og_type":"article","og_title":"Prepara\u00e7\u00e3o para a Segunda Gravidez - Universo Fam\u00edlia","og_description":"Prepara\u00e7\u00e3o para a segunda gravidez. Est\u00e1 pensando se est\u00e1 preparada (o) para ter o segundo filho? Aqui est\u00e3o alguns aspectos positivos e negativos que voc\u00ea","og_url":"https:\/\/universofamilia.com\/de\/\u09a6\u09cd\u09ac\u09bf\u09a4\u09c0\u09af\u09bc-\u0997\u09b0\u09cd\u09ad\u09be\u09ac\u09b8\u09cd\u09a5\u09be\u09b0-\u09aa\u09cd\u09b0\/","og_site_name":"Universo Fam\u00edlia","article_published_time":"2023-09-22T14:46:13+00:00","article_modified_time":"2025-01-28T14:25:30+00:00","og_image":[{"width":448,"height":350,"url":"https:\/\/universofamilia.com\/wp-content\/uploads\/sites\/148\/2023\/09\/D-UNIVERSO-FAMILIA-Preparacao-para-a-Segunda-Gravidez.png","type":"image\/png"}],"author":"Pedro Henrique","twitter_card":"summary_large_image","twitter_misc":{"Written by":"Pedro Henrique","Est. reading time":"8 Minuten"},"schema":{"@context":"https:\/\/schema.org","@graph":[{"@type":"WebPage","@id":"https:\/\/universofamilia.com\/bn\/\u09a6\u09cd\u09ac\u09bf\u09a4\u09c0\u09af\u09bc-\u0997\u09b0\u09cd\u09ad\u09be\u09ac\u09b8\u09cd\u09a5\u09be\u09b0-\u09aa\u09cd\u09b0\/","url":"https:\/\/universofamilia.com\/bn\/\u09a6\u09cd\u09ac\u09bf\u09a4\u09c0\u09af\u09bc-\u0997\u09b0\u09cd\u09ad\u09be\u09ac\u09b8\u09cd\u09a5\u09be\u09b0-\u09aa\u09cd\u09b0\/","name":"Prepara\u00e7\u00e3o para a Segunda Gravidez - Universo Fam\u00edlia","isPartOf":{"@id":"https:\/\/universofamilia.com\/el\/#website"},"primaryImageOfPage":{"@id":"https:\/\/universofamilia.com\/bn\/\u09a6\u09cd\u09ac\u09bf\u09a4\u09c0\u09af\u09bc-\u0997\u09b0\u09cd\u09ad\u09be\u09ac\u09b8\u09cd\u09a5\u09be\u09b0-\u09aa\u09cd\u09b0\/#primaryimage"},"image":{"@id":"https:\/\/universofamilia.com\/bn\/\u09a6\u09cd\u09ac\u09bf\u09a4\u09c0\u09af\u09bc-\u0997\u09b0\u09cd\u09ad\u09be\u09ac\u09b8\u09cd\u09a5\u09be\u09b0-\u09aa\u09cd\u09b0\/#primaryimage"},"thumbnailUrl":"https:\/\/universofamilia.com\/wp-content\/uploads\/sites\/148\/2023\/09\/D-UNIVERSO-FAMILIA-Preparacao-para-a-Segunda-Gravidez.png","datePublished":"2023-09-22T14:46:13+00:00","dateModified":"2025-01-28T14:25:30+00:00","author":{"@id":"https:\/\/universofamilia.com\/el\/#\/schema\/person\/f07ce98187dd84d31154262e79b3b7ca"},"description":"Prepara\u00e7\u00e3o para a segunda gravidez. Est\u00e1 pensando se est\u00e1 preparada (o) para ter o segundo filho? Aqui est\u00e3o alguns aspectos positivos e negativos que voc\u00ea","breadcrumb":{"@id":"https:\/\/universofamilia.com\/bn\/\u09a6\u09cd\u09ac\u09bf\u09a4\u09c0\u09af\u09bc-\u0997\u09b0\u09cd\u09ad\u09be\u09ac\u09b8\u09cd\u09a5\u09be\u09b0-\u09aa\u09cd\u09b0\/#breadcrumb"},"inLanguage":"de-CH","potentialAction":[{"@type":"ReadAction","target":["https:\/\/universofamilia.com\/bn\/\u09a6\u09cd\u09ac\u09bf\u09a4\u09c0\u09af\u09bc-\u0997\u09b0\u09cd\u09ad\u09be\u09ac\u09b8\u09cd\u09a5\u09be\u09b0-\u09aa\u09cd\u09b0\/"]}]},{"@type":"ImageObject","inLanguage":"de-CH","@id":"https:\/\/universofamilia.com\/bn\/\u09a6\u09cd\u09ac\u09bf\u09a4\u09c0\u09af\u09bc-\u0997\u09b0\u09cd\u09ad\u09be\u09ac\u09b8\u09cd\u09a5\u09be\u09b0-\u09aa\u09cd\u09b0\/#primaryimage","url":"https:\/\/universofamilia.com\/wp-content\/uploads\/sites\/148\/2023\/09\/D-UNIVERSO-FAMILIA-Preparacao-para-a-Segunda-Gravidez.png","contentUrl":"https:\/\/universofamilia.com\/wp-content\/uploads\/sites\/148\/2023\/09\/D-UNIVERSO-FAMILIA-Preparacao-para-a-Segunda-Gravidez.png","width":448,"height":350},{"@type":"BreadcrumbList","@id":"https:\/\/universofamilia.com\/bn\/\u09a6\u09cd\u09ac\u09bf\u09a4\u09c0\u09af\u09bc-\u0997\u09b0\u09cd\u09ad\u09be\u09ac\u09b8\u09cd\u09a5\u09be\u09b0-\u09aa\u09cd\u09b0\/#breadcrumb","itemListElement":[{"@type":"ListItem","position":1,"name":"Home","item":"https:\/\/universofamilia.com\/el\/"},{"@type":"ListItem","position":2,"name":"Prepara\u00e7\u00e3o para a Segunda Gravidez"}]},{"@type":"WebSite","@id":"https:\/\/universofamilia.com\/el\/#website","url":"https:\/\/universofamilia.com\/el\/","name":"Universo Fam\u00edlia","description":"","potentialAction":[{"@type":"SearchAction","target":{"@type":"EntryPoint","urlTemplate":"https:\/\/universofamilia.com\/el\/?s={search_term_string}"},"query-input":"required name=search_term_string"}],"inLanguage":"de-CH"},{"@type":"Person","@id":"https:\/\/universofamilia.com\/el\/#\/schema\/person\/f07ce98187dd84d31154262e79b3b7ca","name":"Pedro Henrique","image":{"@type":"ImageObject","inLanguage":"de-CH","@id":"https:\/\/universofamilia.com\/el\/#\/schema\/person\/image\/","url":"https:\/\/secure.gravatar.com\/avatar\/9edfeb808cb4e1599f64d6e45b130154?s=96&d=mm&r=g","contentUrl":"https:\/\/secure.gravatar.com\/avatar\/9edfeb808cb4e1599f64d6e45b130154?s=96&d=mm&r=g","caption":"Pedro Henrique"},"url":"https:\/\/universofamilia.com\/de\/author\/editor01\/"}]}},"_links":{"self":[{"href":"https:\/\/universofamilia.com\/de\/wp-json\/wp\/v2\/posts\/3989"}],"collection":[{"href":"https:\/\/universofamilia.com\/de\/wp-json\/wp\/v2\/posts"}],"about":[{"href":"https:\/\/universofamilia.com\/de\/wp-json\/wp\/v2\/types\/post"}],"author":[{"embeddable":true,"href":"https:\/\/universofamilia.com\/de\/wp-json\/wp\/v2\/users\/139"}],"replies":[{"embeddable":true,"href":"https:\/\/universofamilia.com\/de\/wp-json\/wp\/v2\/comments?post=3989"}],"version-history":[{"count":1,"href":"https:\/\/universofamilia.com\/de\/wp-json\/wp\/v2\/posts\/3989\/revisions"}],"predecessor-version":[{"id":8401,"href":"https:\/\/universofamilia.com\/de\/wp-json\/wp\/v2\/posts\/3989\/revisions\/8401"}],"wp:featuredmedia":[{"embeddable":true,"href":"https:\/\/universofamilia.com\/de\/wp-json\/wp\/v2\/media\/3995"}],"wp:attachment":[{"href":"https:\/\/universofamilia.com\/de\/wp-json\/wp\/v2\/media?parent=3989"}],"wp:term":[{"taxonomy":"category","embeddable":true,"href":"https:\/\/universofamilia.com\/de\/wp-json\/wp\/v2\/categories?post=3989"},{"taxonomy":"post_tag","embeddable":true,"href":"https:\/\/universofamilia.com\/de\/wp-json\/wp\/v2\/tags?post=3989"}],"curies":[{"name":"wp","href":"https:\/\/api.w.org\/{rel}","templated":true}]}}