{"id":10068,"date":"2025-10-13T12:28:29","date_gmt":"2025-10-13T15:28:29","guid":{"rendered":"https:\/\/universofamilia.com\/?p=10068"},"modified":"2025-10-13T18:26:17","modified_gmt":"2025-10-13T21:26:17","slug":"crisis-climatica-global","status":"publish","type":"post","link":"https:\/\/universofamilia.com\/fr\/crisis-climatica-global\/","title":{"rendered":"Crise climatique mondiale : les impacts affectent d\u00e9j\u00e0 des millions de personnes"},"content":{"rendered":"<p class=\"has-text-align-center\">Le <strong>Crise climatique mondiale : les impacts affectent d\u00e9j\u00e0 des millions de personnes<\/strong> est devenu l\u2019un des d\u00e9fis les plus urgents du 21e si\u00e8cle.<\/p>\n\n\n\n<figure class=\"wp-block-gallery aligncenter has-nested-images columns-default is-cropped wp-block-gallery-1 is-layout-flex wp-block-gallery-is-layout-flex\">\n<figure class=\"wp-block-image size-full\"><img loading=\"lazy\" decoding=\"async\" width=\"450\" height=\"250\" data-id=\"10070\" src=\"https:\/\/universofamilia.com\/wp-content\/uploads\/sites\/148\/2025\/10\/Destaque-Novo-Universo-1.jpg\" alt=\"\" class=\"wp-image-10070\" srcset=\"https:\/\/universofamilia.com\/wp-content\/uploads\/sites\/148\/2025\/10\/Destaque-Novo-Universo-1.jpg 450w, https:\/\/universofamilia.com\/wp-content\/uploads\/sites\/148\/2025\/10\/Destaque-Novo-Universo-1-300x167.jpg 300w, https:\/\/universofamilia.com\/wp-content\/uploads\/sites\/148\/2025\/10\/Destaque-Novo-Universo-1-18x10.jpg 18w\" sizes=\"(max-width: 450px) 100vw, 450px\" \/><figcaption class=\"wp-element-caption\">CANVA<\/figcaption><\/figure>\n<\/figure>\n\n\n\n<p>Les s\u00e9cheresses prolong\u00e9es, les vagues de chaleur extr\u00eames, les incendies de for\u00eat, la fonte acc\u00e9l\u00e9r\u00e9e des glaces et les migrations massives ne sont que quelques-unes des cons\u00e9quences visibles.<br><strong>R\u00e9sum\u00e9:<\/strong><\/p>\n\n\n\n<ol>\n<li>Ce que signifie r\u00e9ellement la crise climatique mondiale<\/li>\n\n\n\n<li>Comment cela affecte des millions de personnes dans le monde<\/li>\n\n\n\n<li>Secteurs les plus vuln\u00e9rables : sant\u00e9, \u00e9conomie et s\u00e9curit\u00e9 alimentaire<\/li>\n\n\n\n<li>Exemples actuels et r\u00e9els d&#039;impact climatique<\/li>\n\n\n\n<li>Ce qui est fait et ce qu&#039;il faudrait faire de plus<\/li>\n\n\n\n<li>Conclusion et questions fr\u00e9quemment pos\u00e9es<\/li>\n<\/ol>\n\n\n\n<h3 class=\"wp-block-heading\"><strong>Que signifie r\u00e9ellement la crise climatique mondiale ?<\/strong><\/h3>\n\n\n\n<p>Le <strong>Crise climatique mondiale : les impacts affectent d\u00e9j\u00e0 des millions de personnes<\/strong> Il ne s\u2019agit pas seulement d\u2019une question d\u2019augmentation de temp\u00e9rature.<\/p>\n\n\n\n<p>Il s&#039;agit d&#039;un ph\u00e9nom\u00e8ne syst\u00e9mique qui alt\u00e8re les \u00e9cosyst\u00e8mes, les \u00e9conomies et des communaut\u00e9s enti\u00e8res. Selon <em>Groupe d&#039;experts intergouvernemental sur l&#039;\u00e9volution du climat (GIEC)<\/em>, la plan\u00e8te a d\u00e9j\u00e0 d\u00e9pass\u00e9 une augmentation moyenne de <strong>1,2 \u00b0C<\/strong> par rapport \u00e0 l\u2019\u00e8re pr\u00e9industrielle.<\/p>\n\n\n\n<p>M\u00eame si cela peut para\u00eetre mineur, ce changement a modifi\u00e9 les r\u00e9gimes de pr\u00e9cipitations, intensifi\u00e9 les ouragans et r\u00e9duit la disponibilit\u00e9 de l\u2019eau douce.<\/p>\n\n\n\n<p>Une fa\u00e7on simple de comprendre cela est d\u2019imaginer la Terre comme un corps humain : une fi\u00e8vre d\u2019un seul degr\u00e9 peut sembler insignifiante, mais lorsqu\u2019elle reste constante, elle affaiblit tous les syst\u00e8mes vitaux.<\/p>\n\n\n\n<p>C\u2019est pr\u00e9cis\u00e9ment l\u2019analogie qui explique le d\u00e9s\u00e9quilibre climatique actuel.<\/p>\n\n\n\n<h3 class=\"wp-block-heading\"><strong>Des millions de personnes vivent d\u00e9j\u00e0 avec les cons\u00e9quences de cette situation.<\/strong> <strong>de la crise climatique mondiale<\/strong><\/h3>\n\n\n\n<p>En 2025, les r\u00e9percussions n\u2019appartiennent plus au futur. <\/p>\n\n\n\n<p>Les Nations Unies estiment que <strong>plus de 3,6 milliards de personnes<\/strong> vivent dans des r\u00e9gions tr\u00e8s vuln\u00e9rables au changement climatique.<\/p>\n\n\n\n<p>Des villes comme Mexico, S\u00e3o Paulo et Lima sont confront\u00e9es \u00e0 des vagues de chaleur d\u00e9passant les 40\u00b0C, accompagn\u00e9es de restrictions d\u2019eau.<\/p>\n\n\n\n<p>Les zones rurales souffrent encore davantage : les mauvaises r\u00e9coltes et la d\u00e9sertification forcent des familles enti\u00e8res \u00e0 abandonner leurs terres.<\/p>\n\n\n\n<p>En Afrique subsaharienne, des communaut\u00e9s enti\u00e8res se d\u00e9placent \u00e0 la recherche de nourriture et d\u2019eau ; en Am\u00e9rique centrale, la migration climatique devient une r\u00e9alit\u00e9 silencieuse mais constante.<\/p>\n\n\n\n<h3 class=\"wp-block-heading\"><strong>Impacts sur la sant\u00e9, l&#039;\u00e9conomie et la nutrition<\/strong><\/h3>\n\n\n\n<p>Le r\u00e9chauffement climatique a d\u00e9j\u00e0 des cons\u00e9quences tangibles sur la sant\u00e9 publique.<\/p>\n\n\n\n<p>L\u2019Organisation mondiale de la sant\u00e9 pr\u00e9vient que les maladies transmises par les moustiques, telles que la dengue et le Zika, \u00e9tendent leur aire de r\u00e9partition g\u00e9ographique.<\/p>\n\n\n\n<p>Les h\u00f4pitaux, quant \u00e0 eux, sont confront\u00e9s \u00e0 une augmentation des cas de d\u00e9shydratation et d\u2019\u00e9puisement d\u00fb \u00e0 la chaleur, en particulier chez les personnes \u00e2g\u00e9es et les enfants.<\/p>\n\n\n\n<p>L&#039;\u00e9conomie ne fait pas exception \u00e0 cette r\u00e9alit\u00e9. Une \u00e9tude du <em>Banque mondiale<\/em> de 2024 a r\u00e9v\u00e9l\u00e9 que les pertes \u00e9conomiques li\u00e9es aux catastrophes naturelles ont atteint plus de <strong>380 milliards de dollars par an<\/strong>.<\/p>\n\n\n\n<p>Le tourisme, l\u2019agriculture et la p\u00eache sont les secteurs les plus touch\u00e9s.<\/p>\n\n\n\n<p>En ce qui concerne la s\u00e9curit\u00e9 alimentaire, les changements dans les r\u00e9gimes pluviom\u00e9triques et l\u2019augmentation des ravageurs agricoles menacent la production de c\u00e9r\u00e9ales de base.<\/p>\n\n\n\n<p>Le Mexique, par exemple, a vu ses rendements de ma\u00efs r\u00e9duits de 15 % ces derni\u00e8res ann\u00e9es en raison de s\u00e9cheresses prolong\u00e9es, selon les donn\u00e9es du <em>FAO<\/em>.<\/p>\n\n\n\n<figure class=\"wp-block-table\"><table><thead><tr><th><strong>Impact climatique (2025)<\/strong><\/th><th><strong>R\u00e9gion la plus touch\u00e9e<\/strong><\/th><th><strong>Cons\u00e9quence principale<\/strong><\/th><\/tr><\/thead><tbody><tr><td>S\u00e9cheresses prolong\u00e9es<\/td><td>Am\u00e9rique latine et Afrique<\/td><td>P\u00e9nuries d&#039;eau et pertes de r\u00e9coltes<\/td><\/tr><tr><td>Vagues de chaleur extr\u00eames<\/td><td>Europe et Am\u00e9rique du Nord<\/td><td>Augmentation des maladies respiratoires<\/td><\/tr><tr><td>Inondations et temp\u00eates<\/td><td>Asie et Pacifique<\/td><td>D\u00e9placements et dommages aux infrastructures<\/td><\/tr><tr><td>Fonte polaire<\/td><td>Arctique et Antarctique<\/td><td>\u00c9l\u00e9vation du niveau de la mer<\/td><\/tr><\/tbody><\/table><figcaption class=\"wp-element-caption\">Crise climatique mondiale : les impacts affectent d\u00e9j\u00e0 des millions de personnes<\/figcaption><\/figure>\n\n\n\n<figure class=\"wp-block-gallery aligncenter has-nested-images columns-default is-cropped wp-block-gallery-2 is-layout-flex wp-block-gallery-is-layout-flex\">\n<figure class=\"wp-block-image size-full\"><img loading=\"lazy\" decoding=\"async\" width=\"450\" height=\"250\" data-id=\"10071\" src=\"https:\/\/universofamilia.com\/wp-content\/uploads\/sites\/148\/2025\/10\/Destaque-Novo-Universo-1-1.jpg\" alt=\"\" class=\"wp-image-10071\" srcset=\"https:\/\/universofamilia.com\/wp-content\/uploads\/sites\/148\/2025\/10\/Destaque-Novo-Universo-1-1.jpg 450w, https:\/\/universofamilia.com\/wp-content\/uploads\/sites\/148\/2025\/10\/Destaque-Novo-Universo-1-1-300x167.jpg 300w, https:\/\/universofamilia.com\/wp-content\/uploads\/sites\/148\/2025\/10\/Destaque-Novo-Universo-1-1-18x10.jpg 18w\" sizes=\"(max-width: 450px) 100vw, 450px\" \/><figcaption class=\"wp-element-caption\">CANVA<\/figcaption><\/figure>\n<\/figure>\n\n\n\n<p>En savoir plus:&nbsp;<a href=\"https:\/\/universofamilia.com\/fr\/los-paises-mas-avanzados-en-regulacion-de-ia-en-2025\/\">Les pays les plus avanc\u00e9s en mati\u00e8re de r\u00e9glementation de l&#039;IA en 2025<\/a><\/p>\n\n\n\n<h3 class=\"wp-block-heading\"><strong>Deux exemples qui montrent le s\u00e9rieux<\/strong><\/h3>\n\n\n\n<p><strong>Exemple 1 :<\/strong> En 2024, la ville de Chennai, en Inde, s\u2019est retrouv\u00e9e sans eau potable pendant des semaines.<\/p>\n\n\n\n<p>La cause : une combinaison de s\u00e9cheresses intenses et d\u2019une gestion inefficace des ressources.<\/p>\n\n\n\n<p>Ce qui a commenc\u00e9 comme un probl\u00e8me local est devenu un avertissement mondial sur le risque d\u2019effondrement des ressources en eau dans les grandes villes.<\/p>\n\n\n\n<p><strong>Exemple 2 :<\/strong> Au Mexique, les communaut\u00e9s du Chiapas signalent que les r\u00e9gimes de pr\u00e9cipitations ont radicalement chang\u00e9 au cours de la derni\u00e8re d\u00e9cennie.<\/p>\n\n\n\n<p>Les producteurs de caf\u00e9 traditionnels ont vu leurs r\u00e9coltes \u00e9chouer, les obligeant \u00e0 migrer vers des altitudes plus \u00e9lev\u00e9es ou \u00e0 se tourner vers d\u2019autres cultures.<\/p>\n\n\n\n<p>Ces cas illustrent comment la <strong>Crise climatique mondiale : les impacts affectent d\u00e9j\u00e0 des millions de personnes<\/strong> Il ne s\u2019agit pas d\u2019un ph\u00e9nom\u00e8ne lointain ou th\u00e9orique : il modifie les r\u00e9alit\u00e9s quotidiennes.<\/p>\n\n\n\n<h3 class=\"wp-block-heading\"><strong>Quelles mesures sont prises pour limiter l\u2019impact<\/strong><\/h3>\n\n\n\n<p>Au niveau international, les accords sur le climat visent \u00e0 contenir le r\u00e9chauffement climatique.<\/p>\n\n\n\n<p>Il <em>Accord de Paris<\/em> reste le cadre de r\u00e9f\u00e9rence, m\u00eame si les engagements nationaux ne sont pas encore suffisants. <\/p>\n\n\n\n<p>Dans le <em>COP29<\/em>, qui s&#039;est tenue en 2024, les pays ont \u00e9t\u00e9 exhort\u00e9s \u00e0 r\u00e9duire leurs \u00e9missions de 45 % d&#039;ici 2030.<\/p>\n\n\n\n<p>Cependant, les r\u00e9sultats sont mitig\u00e9s : alors que l\u2019Union europ\u00e9enne s\u2019oriente vers les \u00e9nergies renouvelables, d\u2019autres r\u00e9gions d\u00e9pendent encore du charbon et du p\u00e9trole.<\/p>\n\n\n\n<p>En Am\u00e9rique latine, des initiatives telles que <em>Plan d&#039;action climatique de la CEPALC<\/em> Ils cherchent \u00e0 promouvoir une transition \u00e9nerg\u00e9tique \u00e9quitable en favorisant les \u00e9nergies solaire et \u00e9olienne. Le Mexique, par exemple, a inaugur\u00e9 l&#039;un des plus grands parcs solaires d&#039;Am\u00e9rique latine, \u00e0 Sonora, capable d&#039;alimenter plus d&#039;un million de foyers.<\/p>\n\n\n\n<p>Au niveau individuel, le changement commence aussi \u00e0 la maison. <\/p>\n\n\n\n<p>R\u00e9duire sa consommation de viande, opter pour les transports en commun ou \u00e9lectriques, soutenir les marques durables sont de petits gestes \u00e0 grand impact collectif.<\/p>\n\n\n\n<h3 class=\"wp-block-heading\"><strong>Pouvons-nous inverser la crise climatique mondiale ?<\/strong><\/h3>\n\n\n\n<p>C\u2019est la grande question rh\u00e9torique qui interpelle les gouvernements, les entreprises et les citoyens.<\/p>\n\n\n\n<p>M\u00eame si les d\u00e9g\u00e2ts sont d\u00e9j\u00e0 consid\u00e9rables, les experts s\u2019accordent \u00e0 dire que les effets les plus graves peuvent encore \u00eatre att\u00e9nu\u00e9s gr\u00e2ce \u00e0 des mesures d\u00e9cisives.<\/p>\n\n\n\n<p>La plan\u00e8te dispose de suffisamment de technologies pour acc\u00e9l\u00e9rer la transition verte, mais la volont\u00e9 politique et la conscience sociale font d\u00e9faut.<\/p>\n\n\n\n<p>L\u2019avenir d\u00e9pendra de la capacit\u00e9 de coop\u00e9ration mondiale et d\u2019un r\u00e9el engagement en faveur du d\u00e9veloppement durable.<\/p>\n\n\n\n<p>Il ne s\u2019agit pas seulement de sauver les \u00e9cosyst\u00e8mes, mais de prot\u00e9ger notre survie m\u00eame en tant qu\u2019esp\u00e8ce.<\/p>\n\n\n\n<h3 class=\"wp-block-heading\"><strong>Conclusion<\/strong><\/h3>\n\n\n\n<p>Le <strong>Crise climatique mondiale : les impacts affectent d\u00e9j\u00e0 des millions de personnes<\/strong> C\u2019est la plus grande preuve que l\u2019humanit\u00e9 d\u00e9passe les limites de la plan\u00e8te.<\/p>\n\n\n\n<p>Ce n&#039;est pas une question de peur, mais de responsabilit\u00e9. Chaque vague de chaleur, chaque inondation et chaque incendie nous rappellent que la nature r\u00e9agit \u00e0 nos actions.<\/p>\n\n\n\n<p>Le changement climatique n\u2019est pas une menace lointaine, mais un pr\u00e9sent qui exige une action imm\u00e9diate.<\/p>\n\n\n\n<p>La connaissance, l&#039;innovation et l&#039;empathie sont nos meilleurs outils pour y faire face. Si le XXe si\u00e8cle fut celui de l&#039;industrialisation, le XXIe doit \u00eatre celui de la restauration plan\u00e9taire.<\/p>\n\n\n\n<p>En savoir plus:&nbsp;<a href=\"https:\/\/universofamilia.com\/fr\/inteligencia-artificial-y-politica\/\">L&#039;intelligence artificielle et la politique<\/a><\/p>\n\n\n\n<h3 class=\"wp-block-heading\"><strong>Questions fr\u00e9quemment pos\u00e9es<\/strong><\/h3>\n\n\n\n<p><strong>1. Quelles sont les principales causes de la crise climatique mondiale ?<\/strong><br>\u00c9missions de gaz \u00e0 effet de serre, principalement de dioxyde de carbone et de m\u00e9thane, provenant de l\u2019utilisation de combustibles fossiles, de la d\u00e9forestation et de l\u2019agriculture intensive.<\/p>\n\n\n\n<p><strong>2. Quelles r\u00e9gions du monde sont les plus vuln\u00e9rables ?<\/strong><br>L\u2019Afrique, l\u2019Am\u00e9rique latine et l\u2019Asie du Sud-Est sont les plus expos\u00e9es aux risques en raison de leur forte d\u00e9pendance \u00e0 l\u2019agriculture et de leurs infrastructures d\u2019adaptation limit\u00e9es.<\/p>\n\n\n\n<p><strong>3. Que peut faire une personne ordinaire ?<\/strong><br>\u00c9conomisez de l\u2019\u00e9nergie, r\u00e9duisez votre consommation de plastique, recyclez, soutenez les politiques \u00e9cologiques et \u00e9duquez les autres sur l\u2019impact climatique.<\/p>\n\n\n\n<p>Les actions individuelles, multipli\u00e9es par des millions, g\u00e9n\u00e8rent le changement.<\/p>\n\n\n\n<p><strong>4. Que se passera-t-il si des mesures urgentes ne sont pas prises ?<\/strong><br>Les temp\u00e9ratures pourraient augmenter jusqu\u2019\u00e0 2,8 \u00b0C d\u2019ici 2100, provoquant l\u2019effondrement des \u00e9cosyst\u00e8mes, des p\u00e9nuries alimentaires, des migrations massives et de graves cons\u00e9quences \u00e9conomiques.<\/p>\n\n\n\n<p><strong>5. Existe-t-il un r\u00e9el espoir de changement ?<\/strong><br>Oui. Chaque <a href=\"https:\/\/universofamilia.com\/fr\/los-paises-mas-avanzados-en-regulacion-de-ia-en-2025\/\">innovation<\/a> <a href=\"https:\/\/universofamilia.com\/fr\/inteligencia-artificial-y-politica\/\">technologique<\/a>, chaque politique climatique efficace et chaque d\u00e9cision consciente compte.<\/p>\n\n\n\n<p>Le changement climatique est un d\u00e9fi, mais aussi une opportunit\u00e9 de red\u00e9finir la relation entre l\u2019humanit\u00e9 et la plan\u00e8te.<\/p>","protected":false},"excerpt":{"rendered":"<p>La crise clim\u00e1tica global: los impactos que ya afectan a millones se ha convertido en uno de los desaf\u00edos m\u00e1s urgentes del siglo XXI. Sequ\u00edas prolongadas, olas de calor extremo, incendios forestales, deshielos acelerados y migraciones masivas son apenas algunas de sus consecuencias visibles.Sumario: \u00bfQu\u00e9 significa realmente la Crisi clim\u00e1tica global? La Crisis clim\u00e1tica global: [&hellip;]<\/p>","protected":false},"author":219,"featured_media":10069,"comment_status":"closed","ping_status":"open","sticky":false,"template":"","format":"standard","meta":{"footnotes":""},"categories":[4],"tags":[],"yoast_head":"<!-- This site is optimized with the Yoast SEO plugin v23.3 - https:\/\/yoast.com\/wordpress\/plugins\/seo\/ -->\n<title>Crisis clim\u00e1tica global: los impactos que ya est\u00e1n afectando a millones - Universo Fam\u00edlia<\/title>\n<meta name=\"description\" content=\"La crise clim\u00e1tica global: los impactos que ya afectan a millones se ha convertido en uno de los desaf\u00edos m\u00e1s urgentes del siglo XXI.\" \/>\n<meta name=\"robots\" content=\"index, follow, max-snippet:-1, max-image-preview:large, max-video-preview:-1\" \/>\n<link rel=\"canonical\" href=\"https:\/\/universofamilia.com\/fr\/crisis-climatica-global\/\" \/>\n<meta property=\"og:locale\" content=\"fr_FR\" \/>\n<meta property=\"og:type\" content=\"article\" \/>\n<meta property=\"og:title\" content=\"Crisis clim\u00e1tica global: los impactos que ya est\u00e1n afectando a millones - Universo Fam\u00edlia\" \/>\n<meta property=\"og:description\" content=\"La crise clim\u00e1tica global: los impactos que ya afectan a millones se ha convertido en uno de los desaf\u00edos m\u00e1s urgentes del siglo XXI.\" \/>\n<meta property=\"og:url\" content=\"https:\/\/universofamilia.com\/fr\/crisis-climatica-global\/\" \/>\n<meta property=\"og:site_name\" content=\"Universo Fam\u00edlia\" \/>\n<meta property=\"article:published_time\" content=\"2025-10-13T15:28:29+00:00\" \/>\n<meta property=\"article:modified_time\" content=\"2025-10-13T21:26:17+00:00\" \/>\n<meta property=\"og:image\" content=\"http:\/\/universofamilia.com\/wp-content\/uploads\/sites\/148\/2025\/10\/Destaque-Novo-Universo.jpg\" \/>\n\t<meta property=\"og:image:width\" content=\"450\" \/>\n\t<meta property=\"og:image:height\" content=\"250\" \/>\n\t<meta property=\"og:image:type\" content=\"image\/jpeg\" \/>\n<meta name=\"author\" content=\"Matheus Sangaletti\" \/>\n<meta name=\"twitter:card\" content=\"summary_large_image\" \/>\n<meta name=\"twitter:label1\" content=\"Written by\" \/>\n\t<meta name=\"twitter:data1\" content=\"Matheus Sangaletti\" \/>\n\t<meta name=\"twitter:label2\" content=\"Est. reading time\" \/>\n\t<meta name=\"twitter:data2\" content=\"8 minutes\" \/>\n<script type=\"application\/ld+json\" class=\"yoast-schema-graph\">{\"@context\":\"https:\/\/schema.org\",\"@graph\":[{\"@type\":\"WebPage\",\"@id\":\"http:\/\/universofamilia.com\/crisis-climatica-global\/\",\"url\":\"http:\/\/universofamilia.com\/crisis-climatica-global\/\",\"name\":\"Crisis clim\u00e1tica global: los impactos que ya est\u00e1n afectando a millones - Universo Fam\u00edlia\",\"isPartOf\":{\"@id\":\"https:\/\/universofamilia.com\/el\/#website\"},\"primaryImageOfPage\":{\"@id\":\"http:\/\/universofamilia.com\/crisis-climatica-global\/#primaryimage\"},\"image\":{\"@id\":\"http:\/\/universofamilia.com\/crisis-climatica-global\/#primaryimage\"},\"thumbnailUrl\":\"https:\/\/universofamilia.com\/wp-content\/uploads\/sites\/148\/2025\/10\/Destaque-Novo-Universo.jpg\",\"datePublished\":\"2025-10-13T15:28:29+00:00\",\"dateModified\":\"2025-10-13T21:26:17+00:00\",\"author\":{\"@id\":\"https:\/\/universofamilia.com\/el\/#\/schema\/person\/92fcd07e9b1f4323bf74f3170fc0f78a\"},\"description\":\"La crise clim\u00e1tica global: los impactos que ya afectan a millones se ha convertido en uno de los desaf\u00edos m\u00e1s urgentes del siglo XXI.\",\"breadcrumb\":{\"@id\":\"http:\/\/universofamilia.com\/crisis-climatica-global\/#breadcrumb\"},\"inLanguage\":\"fr-FR\",\"potentialAction\":[{\"@type\":\"ReadAction\",\"target\":[\"http:\/\/universofamilia.com\/crisis-climatica-global\/\"]}]},{\"@type\":\"ImageObject\",\"inLanguage\":\"fr-FR\",\"@id\":\"http:\/\/universofamilia.com\/crisis-climatica-global\/#primaryimage\",\"url\":\"https:\/\/universofamilia.com\/wp-content\/uploads\/sites\/148\/2025\/10\/Destaque-Novo-Universo.jpg\",\"contentUrl\":\"https:\/\/universofamilia.com\/wp-content\/uploads\/sites\/148\/2025\/10\/Destaque-Novo-Universo.jpg\",\"width\":450,\"height\":250},{\"@type\":\"BreadcrumbList\",\"@id\":\"http:\/\/universofamilia.com\/crisis-climatica-global\/#breadcrumb\",\"itemListElement\":[{\"@type\":\"ListItem\",\"position\":1,\"name\":\"Home\",\"item\":\"https:\/\/universofamilia.com\/el\/\"},{\"@type\":\"ListItem\",\"position\":2,\"name\":\"Crisis clim\u00e1tica global: los impactos que ya est\u00e1n afectando a millones\"}]},{\"@type\":\"WebSite\",\"@id\":\"https:\/\/universofamilia.com\/el\/#website\",\"url\":\"https:\/\/universofamilia.com\/el\/\",\"name\":\"Universo Fam\u00edlia\",\"description\":\"\",\"potentialAction\":[{\"@type\":\"SearchAction\",\"target\":{\"@type\":\"EntryPoint\",\"urlTemplate\":\"https:\/\/universofamilia.com\/el\/?s={search_term_string}\"},\"query-input\":\"required name=search_term_string\"}],\"inLanguage\":\"fr-FR\"},{\"@type\":\"Person\",\"@id\":\"https:\/\/universofamilia.com\/el\/#\/schema\/person\/92fcd07e9b1f4323bf74f3170fc0f78a\",\"name\":\"Matheus Sangaletti\",\"image\":{\"@type\":\"ImageObject\",\"inLanguage\":\"fr-FR\",\"@id\":\"https:\/\/universofamilia.com\/el\/#\/schema\/person\/image\/\",\"url\":\"https:\/\/secure.gravatar.com\/avatar\/280ea957a14a48e6a1ad2133d2cc27c9?s=96&d=mm&r=g\",\"contentUrl\":\"https:\/\/secure.gravatar.com\/avatar\/280ea957a14a48e6a1ad2133d2cc27c9?s=96&d=mm&r=g\",\"caption\":\"Matheus Sangaletti\"},\"url\":\"https:\/\/universofamilia.com\/fr\/author\/matheuss\/\"}]}<\/script>\n<!-- \/ Yoast SEO plugin. -->","yoast_head_json":{"title":"Crisis clim\u00e1tica global: los impactos que ya est\u00e1n afectando a millones - Universo Fam\u00edlia","description":"La crise clim\u00e1tica global: los impactos que ya afectan a millones se ha convertido en uno de los desaf\u00edos m\u00e1s urgentes del siglo XXI.","robots":{"index":"index","follow":"follow","max-snippet":"max-snippet:-1","max-image-preview":"max-image-preview:large","max-video-preview":"max-video-preview:-1"},"canonical":"https:\/\/universofamilia.com\/fr\/crisis-climatica-global\/","og_locale":"fr_FR","og_type":"article","og_title":"Crisis clim\u00e1tica global: los impactos que ya est\u00e1n afectando a millones - Universo Fam\u00edlia","og_description":"La crise clim\u00e1tica global: los impactos que ya afectan a millones se ha convertido en uno de los desaf\u00edos m\u00e1s urgentes del siglo XXI.","og_url":"https:\/\/universofamilia.com\/fr\/crisis-climatica-global\/","og_site_name":"Universo Fam\u00edlia","article_published_time":"2025-10-13T15:28:29+00:00","article_modified_time":"2025-10-13T21:26:17+00:00","og_image":[{"width":450,"height":250,"url":"http:\/\/universofamilia.com\/wp-content\/uploads\/sites\/148\/2025\/10\/Destaque-Novo-Universo.jpg","type":"image\/jpeg"}],"author":"Matheus Sangaletti","twitter_card":"summary_large_image","twitter_misc":{"Written by":"Matheus Sangaletti","Est. reading time":"8 minutes"},"schema":{"@context":"https:\/\/schema.org","@graph":[{"@type":"WebPage","@id":"http:\/\/universofamilia.com\/crisis-climatica-global\/","url":"http:\/\/universofamilia.com\/crisis-climatica-global\/","name":"Crisis clim\u00e1tica global: los impactos que ya est\u00e1n afectando a millones - Universo Fam\u00edlia","isPartOf":{"@id":"https:\/\/universofamilia.com\/el\/#website"},"primaryImageOfPage":{"@id":"http:\/\/universofamilia.com\/crisis-climatica-global\/#primaryimage"},"image":{"@id":"http:\/\/universofamilia.com\/crisis-climatica-global\/#primaryimage"},"thumbnailUrl":"https:\/\/universofamilia.com\/wp-content\/uploads\/sites\/148\/2025\/10\/Destaque-Novo-Universo.jpg","datePublished":"2025-10-13T15:28:29+00:00","dateModified":"2025-10-13T21:26:17+00:00","author":{"@id":"https:\/\/universofamilia.com\/el\/#\/schema\/person\/92fcd07e9b1f4323bf74f3170fc0f78a"},"description":"La crise clim\u00e1tica global: los impactos que ya afectan a millones se ha convertido en uno de los desaf\u00edos m\u00e1s urgentes del siglo XXI.","breadcrumb":{"@id":"http:\/\/universofamilia.com\/crisis-climatica-global\/#breadcrumb"},"inLanguage":"fr-FR","potentialAction":[{"@type":"ReadAction","target":["http:\/\/universofamilia.com\/crisis-climatica-global\/"]}]},{"@type":"ImageObject","inLanguage":"fr-FR","@id":"http:\/\/universofamilia.com\/crisis-climatica-global\/#primaryimage","url":"https:\/\/universofamilia.com\/wp-content\/uploads\/sites\/148\/2025\/10\/Destaque-Novo-Universo.jpg","contentUrl":"https:\/\/universofamilia.com\/wp-content\/uploads\/sites\/148\/2025\/10\/Destaque-Novo-Universo.jpg","width":450,"height":250},{"@type":"BreadcrumbList","@id":"http:\/\/universofamilia.com\/crisis-climatica-global\/#breadcrumb","itemListElement":[{"@type":"ListItem","position":1,"name":"Home","item":"https:\/\/universofamilia.com\/el\/"},{"@type":"ListItem","position":2,"name":"Crisis clim\u00e1tica global: los impactos que ya est\u00e1n afectando a millones"}]},{"@type":"WebSite","@id":"https:\/\/universofamilia.com\/el\/#website","url":"https:\/\/universofamilia.com\/el\/","name":"Universo Fam\u00edlia","description":"","potentialAction":[{"@type":"SearchAction","target":{"@type":"EntryPoint","urlTemplate":"https:\/\/universofamilia.com\/el\/?s={search_term_string}"},"query-input":"required name=search_term_string"}],"inLanguage":"fr-FR"},{"@type":"Person","@id":"https:\/\/universofamilia.com\/el\/#\/schema\/person\/92fcd07e9b1f4323bf74f3170fc0f78a","name":"Matheus Sangaletti","image":{"@type":"ImageObject","inLanguage":"fr-FR","@id":"https:\/\/universofamilia.com\/el\/#\/schema\/person\/image\/","url":"https:\/\/secure.gravatar.com\/avatar\/280ea957a14a48e6a1ad2133d2cc27c9?s=96&d=mm&r=g","contentUrl":"https:\/\/secure.gravatar.com\/avatar\/280ea957a14a48e6a1ad2133d2cc27c9?s=96&d=mm&r=g","caption":"Matheus Sangaletti"},"url":"https:\/\/universofamilia.com\/fr\/author\/matheuss\/"}]}},"_links":{"self":[{"href":"https:\/\/universofamilia.com\/fr\/wp-json\/wp\/v2\/posts\/10068"}],"collection":[{"href":"https:\/\/universofamilia.com\/fr\/wp-json\/wp\/v2\/posts"}],"about":[{"href":"https:\/\/universofamilia.com\/fr\/wp-json\/wp\/v2\/types\/post"}],"author":[{"embeddable":true,"href":"https:\/\/universofamilia.com\/fr\/wp-json\/wp\/v2\/users\/219"}],"replies":[{"embeddable":true,"href":"https:\/\/universofamilia.com\/fr\/wp-json\/wp\/v2\/comments?post=10068"}],"version-history":[{"count":2,"href":"https:\/\/universofamilia.com\/fr\/wp-json\/wp\/v2\/posts\/10068\/revisions"}],"predecessor-version":[{"id":10122,"href":"https:\/\/universofamilia.com\/fr\/wp-json\/wp\/v2\/posts\/10068\/revisions\/10122"}],"wp:featuredmedia":[{"embeddable":true,"href":"https:\/\/universofamilia.com\/fr\/wp-json\/wp\/v2\/media\/10069"}],"wp:attachment":[{"href":"https:\/\/universofamilia.com\/fr\/wp-json\/wp\/v2\/media?parent=10068"}],"wp:term":[{"taxonomy":"category","embeddable":true,"href":"https:\/\/universofamilia.com\/fr\/wp-json\/wp\/v2\/categories?post=10068"},{"taxonomy":"post_tag","embeddable":true,"href":"https:\/\/universofamilia.com\/fr\/wp-json\/wp\/v2\/tags?post=10068"}],"curies":[{"name":"wp","href":"https:\/\/api.w.org\/{rel}","templated":true}]}}