{"id":10073,"date":"2025-10-13T12:50:28","date_gmt":"2025-10-13T15:50:28","guid":{"rendered":"https:\/\/universofamilia.com\/?p=10073"},"modified":"2025-10-16T15:40:53","modified_gmt":"2025-10-16T18:40:53","slug":"ambiental","status":"publish","type":"post","link":"https:\/\/universofamilia.com\/fr\/ambiental\/","title":{"rendered":"10 actions durables pour r\u00e9duire la crise environnementale"},"content":{"rendered":"<p class=\"has-text-align-center\">Le <strong>10 actions durables pour r\u00e9duire les effets de la crise environnementale<\/strong> sont devenues une priorit\u00e9 urgente pour l\u2019humanit\u00e9.<\/p>\n\n\n\n<figure class=\"wp-block-gallery aligncenter has-nested-images columns-default is-cropped wp-block-gallery-1 is-layout-flex wp-block-gallery-is-layout-flex\">\n<figure class=\"wp-block-image size-full\"><img loading=\"lazy\" decoding=\"async\" width=\"450\" height=\"250\" data-id=\"10075\" src=\"https:\/\/universofamilia.com\/wp-content\/uploads\/sites\/148\/2025\/10\/Destaque-Novo-Universo-2-1.jpg\" alt=\"\" class=\"wp-image-10075\" srcset=\"https:\/\/universofamilia.com\/wp-content\/uploads\/sites\/148\/2025\/10\/Destaque-Novo-Universo-2-1.jpg 450w, https:\/\/universofamilia.com\/wp-content\/uploads\/sites\/148\/2025\/10\/Destaque-Novo-Universo-2-1-300x167.jpg 300w, https:\/\/universofamilia.com\/wp-content\/uploads\/sites\/148\/2025\/10\/Destaque-Novo-Universo-2-1-18x10.jpg 18w\" sizes=\"(max-width: 450px) 100vw, 450px\" \/><figcaption class=\"wp-element-caption\">CANVA<\/figcaption><\/figure>\n<\/figure>\n\n\n\n<p>La d\u00e9gradation de l\u2019environnement, la perte de biodiversit\u00e9 et le changement climatique ne sont plus des probl\u00e8mes d\u2019avenir ; leurs effets ont un impact sur la vie quotidienne de millions de personnes au Mexique et dans le monde entier.<\/p>\n\n\n\n<p>Des s\u00e9cheresses prolong\u00e9es aux vagues de chaleur extr\u00eames, les signes de la crise environnementale deviennent visibles dans nos villes et nos campagnes.<\/p>\n\n\n\n<p>Adopter des habitudes durables prot\u00e8ge non seulement la plan\u00e8te, mais am\u00e9liore \u00e9galement la qualit\u00e9 de vie, renforce les \u00e9conomies locales et r\u00e9duit les risques pour la sant\u00e9.<\/p>\n\n\n\n<p>Cet article propose une approche pratique et fond\u00e9e, montrant comment les d\u00e9cisions individuelles et collectives peuvent faire la diff\u00e9rence.<\/p>\n\n\n\n<p><strong>R\u00e9sum\u00e9:<\/strong><\/p>\n\n\n\n<ol>\n<li>L&#039;urgence de la durabilit\u00e9 en 2025<\/li>\n\n\n\n<li>Les 10 actions cl\u00e9s durables et comment les appliquer<\/li>\n\n\n\n<li>Exemples actuels et concrets de mise en \u0153uvre<\/li>\n\n\n\n<li>Avantages \u00e9conomiques, sociaux et environnementaux de la durabilit\u00e9<\/li>\n\n\n\n<li>Comment int\u00e9grer efficacement ces actions dans la vie quotidienne<\/li>\n\n\n\n<li>Conclusion et FAQ<\/li>\n<\/ol>\n\n\n\n<h3 class=\"wp-block-heading\"><strong>L&#039;urgence de la durabilit\u00e9 en 2025<\/strong><\/h3>\n\n\n\n<p>Le rythme de d\u00e9gradation de l&#039;environnement a atteint des niveaux alarmants. Selon le <em>Rapport sur l&#039;\u00e9tat mondial de l&#039;environnement 2024<\/em> de l&#039;ONU, <strong>Plus de 75 % des \u00e9cosyst\u00e8mes terrestres sont significativement alt\u00e9r\u00e9s<\/strong>, et les oc\u00e9ans connaissent des niveaux historiques de pollution par le plastique et le CO\u2082.<\/p>\n\n\n\n<p>En outre, les temp\u00e9ratures mondiales devraient augmenter en moyenne de 1,5 \u00b0C d\u2019ici la fin de 2030 si aucune mesure imm\u00e9diate n\u2019est prise.<\/p>\n\n\n\n<p>Pour mieux comprendre cela, imaginez la plan\u00e8te comme un organisme vivant : chaque action humaine peut \u00eatre un m\u00e9dicament ou un poison.<\/p>\n\n\n\n<p>Les \u00e9missions excessives, la d\u00e9forestation et la consommation effr\u00e9n\u00e9e affaiblissent leurs syst\u00e8mes vitaux, affectant la sant\u00e9, la s\u00e9curit\u00e9 alimentaire et la stabilit\u00e9 \u00e9conomique.<\/p>\n\n\n\n<p>La durabilit\u00e9 n\u2019est pas seulement un id\u00e9al ; c\u2019est une strat\u00e9gie de survie.<\/p>\n\n\n\n<p>Au Mexique, les impacts sont palpables :<\/p>\n\n\n\n<ul>\n<li>Mexico et Monterrey sont confront\u00e9es \u00e0 des vagues de chaleur avec des temp\u00e9ratures d\u00e9passant les 40\u00b0C, affectant des millions d&#039;habitants.<\/li>\n\n\n\n<li>\u00c0 Oaxaca et au Chiapas, l\u2019agriculture est confront\u00e9e \u00e0 des pertes de r\u00e9coltes pouvant atteindre 20 % en raison de s\u00e9cheresses prolong\u00e9es et de changements dans les r\u00e9gimes de pr\u00e9cipitations.<\/li>\n\n\n\n<li>La pollution de l\u2019air dans les villes industrielles provoque des maladies respiratoires qui touchent particuli\u00e8rement les enfants et les personnes \u00e2g\u00e9es.<\/li>\n<\/ul>\n\n\n\n<p>Face \u00e0 cette r\u00e9alit\u00e9, la <strong>10 actions durables pour r\u00e9duire les effets de la crise environnementale<\/strong> Elles ne sont pas facultatives ; elles sont n\u00e9cessaires pour prot\u00e9ger les vies et les \u00e9cosyst\u00e8mes.<\/p>\n\n\n\n<h3 class=\"wp-block-heading\"><strong>10 actions durables pour r\u00e9duire les effets de la crise environnementale<\/strong><\/h3>\n\n\n\n<p>Vous trouverez ci-dessous des strat\u00e9gies concr\u00e8tes, accompagn\u00e9es d\u2019informations actualis\u00e9es, d\u2019exemples concrets et de recommandations pratiques pour les int\u00e9grer dans la vie quotidienne.<\/p>\n\n\n\n<h4 class=\"wp-block-heading\"><strong>R\u00e9duire la consommation d&#039;\u00e9nergie<\/strong><\/h4>\n\n\n\n<p>La consommation excessive d\u2019\u00e9nergie contribue de mani\u00e8re significative aux \u00e9missions de CO\u2082.<\/p>\n\n\n\n<p>De petits gestes, comme remplacer les ampoules \u00e0 incandescence par des LED, d\u00e9brancher les appareils lorsqu\u2019ils ne sont pas utilis\u00e9s et opter pour des appareils \u00e9conomes en \u00e9nergie peuvent r\u00e9duire consid\u00e9rablement l\u2019empreinte carbone d\u2019une maison.<\/p>\n\n\n\n<p>\u00c0 Mexico, les programmes d\u2019efficacit\u00e9 \u00e9nerg\u00e9tique ont permis \u00e0 plus de <strong>500 000 m\u00e9nages<\/strong> r\u00e9duire leur consommation d\u2019\u00e9lectricit\u00e9 en moyenne de 15 % par an, g\u00e9n\u00e9rant ainsi des \u00e9conomies et r\u00e9duisant la pollution.<\/p>\n\n\n\n<h4 class=\"wp-block-heading\"><strong>Mobilit\u00e9 durable<\/strong><\/h4>\n\n\n\n<p>Opter pour les transports en commun, le v\u00e9lo ou les v\u00e9hicules \u00e9lectriques permet non seulement de r\u00e9duire les \u00e9missions polluantes mais aussi d\u2019am\u00e9liorer la qualit\u00e9 de vie urbaine.<\/p>\n\n\n\n<p>Des villes comme Guadalajara et Monterrey ont mis en place des pistes cyclables et des syst\u00e8mes de transport \u00e9lectrique qui profitent \u00e0 plus de 1,5 million de personnes chaque jour.<\/p>\n\n\n\n<p>De plus, la mobilit\u00e9 durable r\u00e9duit le trafic, diminue les accidents et favorise des habitudes saines.<\/p>\n\n\n\n<p>Pouvez-vous imaginer une journ\u00e9e dans la vie o\u00f9 la marche ou le v\u00e9lo devient la norme plut\u00f4t que l\u2019exception ?<\/p>\n\n\n\n<h4 class=\"wp-block-heading\"><strong>Manger en pleine conscience<\/strong><\/h4>\n\n\n\n<p>La production alimentaire, en particulier la viande et les produits laitiers, est responsable d\u2019environ 25 % des \u00e9missions mondiales de gaz \u00e0 effet de serre.<\/p>\n\n\n\n<p>R\u00e9duire la consommation de viande, opter pour des produits locaux et de saison et privil\u00e9gier les cultures mara\u00eech\u00e8res contribue \u00e0 r\u00e9duire la pression sur les \u00e9cosyst\u00e8mes et \u00e0 renforcer l\u2019\u00e9conomie des communaut\u00e9s.<\/p>\n\n\n\n<p>Au Michoac\u00e1n, les agriculteurs locaux ont adopt\u00e9 des cultures diversifi\u00e9es et des techniques biologiques, augmentant la production de l\u00e9gumes de 30 % et r\u00e9duisant l\u2019utilisation de pesticides chimiques.<\/p>\n\n\n\n<h4 class=\"wp-block-heading\"><strong>Gestion responsable de l&#039;eau<\/strong><\/h4>\n\n\n\n<p>L&#039;eau est une ressource limit\u00e9e, et sa gestion efficace est essentielle. Installer des dispositifs \u00e9conomiseurs d&#039;eau, r\u00e9cup\u00e9rer les eaux de pluie et r\u00e9parer les fuites sont des mesures simples mais efficaces.<\/p>\n\n\n\n<p>\u00c0 Oaxaca, les communaut\u00e9s rurales ont r\u00e9ussi \u00e0 r\u00e9cup\u00e9rer les aquif\u00e8res locaux gr\u00e2ce \u00e0 des syst\u00e8mes de r\u00e9cup\u00e9ration des eaux de pluie et \u00e0 l\u2019\u00e9ducation communautaire, am\u00e9liorant ainsi la disponibilit\u00e9 de l\u2019eau potable et assurant la continuit\u00e9 agricole.<\/p>\n\n\n\n<h4 class=\"wp-block-heading\"><strong>R\u00e9duction des d\u00e9chets et recyclage<\/strong><\/h4>\n\n\n\n<p>Le tri des d\u00e9chets, le compostage des d\u00e9chets organiques et la r\u00e9utilisation des mat\u00e9riaux emp\u00eachent des tonnes de d\u00e9chets de finir dans les d\u00e9charges et les oc\u00e9ans.<\/p>\n\n\n\n<p>Selon le <em>Secr\u00e9tariat de l&#039;environnement et des ressources naturelles (SEMARNAT)<\/em>Le Mexique g\u00e9n\u00e8re plus de <strong>45 millions de tonnes de d\u00e9chets solides par an<\/strong>, dont seulement 12 % sont recycl\u00e9s. La mise en \u0153uvre de politiques de tri et de compostage peut inverser cette tendance.<\/p>\n\n\n\n<h4 class=\"wp-block-heading\"><strong>\u00c9nergies renouvelables<\/strong><\/h4>\n\n\n\n<p>La transition \u00e9nerg\u00e9tique est essentielle pour r\u00e9duire la d\u00e9pendance aux combustibles fossiles.<\/p>\n\n\n\n<p>L\u2019installation de panneaux solaires, de petites \u00e9oliennes et de syst\u00e8mes de chauffage efficaces contribue de mani\u00e8re significative \u00e0 r\u00e9duire les \u00e9missions.<\/p>\n\n\n\n<p>En 2024, le Mexique a inaugur\u00e9 l&#039;un des plus grands parcs solaires d&#039;Am\u00e9rique latine \u00e0 Sonora, capable d&#039;alimenter plus d&#039;un million de foyers et d&#039;\u00e9viter l&#039;\u00e9mission de plus de <strong>400 000 tonnes de CO\u2082<\/strong> annuel.<\/p>\n\n\n\n<h4 class=\"wp-block-heading\"><strong>Reboisement et entretien des espaces verts<\/strong><\/h4>\n\n\n\n<p>Les for\u00eats et les espaces verts r\u00e9gulent le climat, capturent le CO\u2082 et prot\u00e8gent la biodiversit\u00e9.<\/p>\n\n\n\n<p>Planter des arbres et conserver les for\u00eats existantes est une action directe contre la d\u00e9gradation de l\u2019environnement.<\/p>\n\n\n\n<p>Un projet au Chiapas a permis de planter plus d&#039;un million d&#039;arbres dans des zones d\u00e9bois\u00e9es depuis 2022, restaurant ainsi les habitats des esp\u00e8ces indig\u00e8nes et am\u00e9liorant la qualit\u00e9 de l&#039;air dans les communaut\u00e9s voisines.<\/p>\n\n\n\n<h4 class=\"wp-block-heading\"><strong>Consommation responsable<\/strong><\/h4>\n\n\n\n<p>Choisir des produits durables, \u00e9viter les emballages excessifs et privil\u00e9gier les marques durables envoie un message au march\u00e9 : la durabilit\u00e9 est rentable et demand\u00e9e par les consommateurs.<\/p>\n\n\n\n<p>Acheter de mani\u00e8re consciente permet \u00e9galement de r\u00e9duire les d\u00e9chets et de favoriser l\u2019\u00e9conomie circulaire.<\/p>\n\n\n\n<h4 class=\"wp-block-heading\"><strong>\u00c9ducation environnementale<\/strong><\/h4>\n\n\n\n<p>La diffusion des connaissances sur l\u2019impact environnemental, des \u00e9coles aux communaut\u00e9s, sensibilise et motive l\u2019action collective.<\/p>\n\n\n\n<p>Les ateliers, les campagnes \u00e9ducatives et les m\u00e9dias sociaux sont des outils essentiels pour multiplier l\u2019impact des actions individuelles.<\/p>\n\n\n\n<h4 class=\"wp-block-heading\"><strong>Participation citoyenne et politique<\/strong><\/h4>\n\n\n\n<p>Voter pour des politiques vertes, soutenir les initiatives locales et demander des comptes aux entreprises et aux gouvernements garantit que les d\u00e9cisions strat\u00e9giques donnent la priorit\u00e9 \u00e0 la durabilit\u00e9.<\/p>\n\n\n\n<p>La pression sociale peut acc\u00e9l\u00e9rer l\u2019adoption d\u2019\u00e9nergies propres, de lois sur le recyclage et de programmes de protection de l\u2019environnement.<\/p>\n\n\n\n<h3 class=\"wp-block-heading\"><strong>Exemples actuels et concrets de mise en \u0153uvre<\/strong><\/h3>\n\n\n\n<p><strong>Exemple 1 :<\/strong> \u00c0 Quer\u00e9taro, une coop\u00e9rative agricole a mis en \u0153uvre des techniques d\u2019agriculture r\u00e9g\u00e9n\u00e9ratrice en 2024.<\/p>\n\n\n\n<p>Cela a augment\u00e9 les rendements de ma\u00efs et de haricots de 20 %, am\u00e9lior\u00e9 la biodiversit\u00e9 locale et r\u00e9duit l\u2019\u00e9rosion des sols, d\u00e9montrant que la durabilit\u00e9 peut \u00eatre \u00e0 la fois rentable et efficace.<\/p>\n\n\n\n<p><strong>Exemple 2 :<\/strong> \u00c0 Guadalajara, l\u2019introduction du transport \u00e9lectrique et des pistes cyclables a augment\u00e9 la mobilit\u00e9 durable de 35 % en moins de trois ans, r\u00e9duisant la pollution urbaine et am\u00e9liorant la sant\u00e9 des citoyens.<\/p>\n\n\n\n<p>Ces exemples confirment que la <strong>10 actions durables pour r\u00e9duire les effets de la crise environnementale<\/strong> Ce ne sont pas des utopies, mais des strat\u00e9gies viables avec des r\u00e9sultats v\u00e9rifiables.<\/p>\n\n\n\n<h3 class=\"wp-block-heading\"><strong>Avantages \u00e9conomiques, sociaux et environnementaux de la durabilit\u00e9<\/strong><\/h3>\n\n\n\n<p>Adopter des pratiques durables g\u00e9n\u00e8re de multiples b\u00e9n\u00e9fices :<\/p>\n\n\n\n<ul>\n<li><strong>\u00c9conomique:<\/strong> \u00e9conomies d\u2019\u00e9nergie et d\u2019eau, cr\u00e9ation d\u2019emplois verts et renforcement des \u00e9conomies locales.<\/li>\n\n\n\n<li><strong>Sociale:<\/strong> des communaut\u00e9s plus r\u00e9silientes, moins expos\u00e9es aux maladies environnementales et une plus grande coh\u00e9sion sociale.<\/li>\n\n\n\n<li><strong>Environnemental:<\/strong> r\u00e9duction des \u00e9missions, conservation de la biodiversit\u00e9 et att\u00e9nuation du changement climatique.<\/li>\n<\/ul>\n\n\n\n<figure class=\"wp-block-table\"><table><thead><tr><th>Action durable<\/th><th>Avantage principal<\/th><th>Exemple au Mexique<\/th><\/tr><\/thead><tbody><tr><td>R\u00e9duction d&#039;\u00e9nergie<\/td><td>Empreinte carbone r\u00e9duite<\/td><td>Ampoules LED dans les maisons urbaines<\/td><\/tr><tr><td>Mobilit\u00e9 durable<\/td><td>Un air plus pur<\/td><td>Pistes cyclables et transports \u00e9lectriques<\/td><\/tr><tr><td>Manger en pleine conscience<\/td><td>Moins d&#039;\u00e9missions agricoles<\/td><td>Agriculture locale et consommation de l\u00e9gumineuses<\/td><\/tr><tr><td>Gestion de l&#039;eau<\/td><td>Disponibilit\u00e9 de l&#039;eau<\/td><td>R\u00e9cup\u00e9ration des eaux de pluie \u00e0 Oaxaca<\/td><\/tr><tr><td>Reboisement<\/td><td>Conservation de la biodiversit\u00e9<\/td><td>Plantation d&#039;arbres au Chiapas<\/td><\/tr><\/tbody><\/table><figcaption class=\"wp-element-caption\">10 actions durables pour r\u00e9duire les effets de la crise environnementale<\/figcaption><\/figure>\n\n\n\n<figure class=\"wp-block-gallery aligncenter has-nested-images columns-default is-cropped wp-block-gallery-2 is-layout-flex wp-block-gallery-is-layout-flex\">\n<figure class=\"wp-block-image size-full\"><img loading=\"lazy\" decoding=\"async\" width=\"450\" height=\"250\" data-id=\"10076\" src=\"https:\/\/universofamilia.com\/wp-content\/uploads\/sites\/148\/2025\/10\/Destaque-Novo-Universo-4.jpg\" alt=\"\" class=\"wp-image-10076\" srcset=\"https:\/\/universofamilia.com\/wp-content\/uploads\/sites\/148\/2025\/10\/Destaque-Novo-Universo-4.jpg 450w, https:\/\/universofamilia.com\/wp-content\/uploads\/sites\/148\/2025\/10\/Destaque-Novo-Universo-4-300x167.jpg 300w, https:\/\/universofamilia.com\/wp-content\/uploads\/sites\/148\/2025\/10\/Destaque-Novo-Universo-4-18x10.jpg 18w\" sizes=\"(max-width: 450px) 100vw, 450px\" \/><figcaption class=\"wp-element-caption\">CANVA<\/figcaption><\/figure>\n<\/figure>\n\n\n\n<p>En savoir plus:&nbsp;<a href=\"https:\/\/universofamilia.com\/fr\/crisis-climatica-global\/\">Crise climatique mondiale : les impacts affectent d\u00e9j\u00e0 des millions de personnes<\/a><\/p>\n\n\n\n<h3 class=\"wp-block-heading\"><strong>Comment int\u00e9grer ces actions dans la vie quotidienne<\/strong><\/h3>\n\n\n\n<p>L&#039;int\u00e9gration de ces actions exige engagement et coh\u00e9rence. Vous pouvez\u00a0:<\/p>\n\n\n\n<ul>\n<li>Revoyez vos habitudes de consommation \u00e9nerg\u00e9tique et r\u00e9duisez vos d\u00e9chets.<\/li>\n\n\n\n<li>Optez pour un transport durable et marchez autant que possible.<\/li>\n\n\n\n<li>Achetez des produits locaux et de saison, r\u00e9duisez les \u00e9missions et soutenez les producteurs.<\/li>\n\n\n\n<li>Participer aux programmes communautaires de recyclage et de reforestation.<\/li>\n\n\n\n<li>\u00c9duquez votre famille et vos amis, multipliant ainsi l\u2019impact de vos actions.<\/li>\n<\/ul>\n\n\n\n<p>Demandez-vous : <strong>Que se passerait-il si des millions de personnes adoptaient ces mesures simultan\u00e9ment ?<\/strong> Cette r\u00e9ponse montre le pouvoir de l\u2019action collective face au changement climatique.<\/p>\n\n\n\n<h3 class=\"wp-block-heading\"><strong>Conclusion<\/strong><\/h3>\n\n\n\n<p>Mettre en \u0153uvre le <strong>10 actions durables pour r\u00e9duire les effets de la crise environnementale<\/strong> Il ne s\u2019agit pas seulement d\u2019un devoir environnemental, mais d\u2019un investissement dans notre avenir.<\/p>\n\n\n\n<p>Les preuves scientifiques, les exemples locaux et l\u2019urgence du changement climatique d\u00e9montrent que chaque action individuelle compte.<\/p>\n\n\n\n<p><a href=\"https:\/\/universofamilia.com\/fr\/inteligencia-artificial-y-politica\/\">Adopter<\/a> Les pratiques durables renforcent la r\u00e9silience des communaut\u00e9s, prot\u00e8gent les \u00e9cosyst\u00e8mes et assurent un avenir plus sain.<\/p>\n\n\n\n<p>Le d\u00e9fi est mondial, mais la solution peut l\u2019\u00eatre aussi : la connaissance, la collaboration et l\u2019action consciente sont les outils pour construire un monde durable, juste et r\u00e9silient.<\/p>\n\n\n\n<p>En savoir plus:&nbsp;<a href=\"https:\/\/universofamilia.com\/fr\/los-paises-mas-avanzados-en-regulacion-de-ia-en-2025\/\">Les pays les plus avanc\u00e9s en mati\u00e8re de r\u00e9glementation de l&#039;IA en 2025<\/a><\/p>\n\n\n\n<h3 class=\"wp-block-heading\"><strong>Questions fr\u00e9quemment pos\u00e9es<\/strong><\/h3>\n\n\n\n<p><strong>1. Pourquoi est-il important d\u2019agir maintenant ?<\/strong><br>La d\u00e9gradation de l&#039;environnement et le changement climatique progressent rapidement, affectant la sant\u00e9, l&#039;\u00e9conomie et la s\u00e9curit\u00e9 alimentaire. Chaque action imm\u00e9diate a un impact positif cumulatif.<\/p>\n\n\n\n<p><strong>2. Quelle action a le plus grand impact ?<\/strong><br>Cela d\u00e9pend du contexte, mais la mobilit\u00e9 durable, les \u00e9nergies renouvelables et la gestion des d\u00e9chets g\u00e9n\u00e8rent souvent des avantages rapides et mesurables.<\/p>\n\n\n\n<p><strong>3. Comment impliquer la communaut\u00e9 ?<\/strong><br>Organisez des ateliers, participez \u00e0 des projets locaux et partagez des informations sur le d\u00e9veloppement durable sur les r\u00e9seaux sociaux et dans les \u00e9coles.<\/p>\n\n\n\n<p><strong>4. Est-il co\u00fbteux d\u2019\u00eatre durable ?<\/strong><br>Certaines actions n\u00e9cessitent un investissement initial, mais g\u00e9n\u00e8rent des \u00e9conomies et des b\u00e9n\u00e9fices environnementaux et sociaux \u00e0 moyen et long terme.<\/p>\n\n\n\n<p><strong>5. Que faire si le gouvernement ne promeut pas les politiques vertes ?<\/strong><br>L\u2019action individuelle et collective reste efficace. <\/p>\n\n\n\n<p>Soutenir les initiatives communautaires et les entreprises responsables peut compenser le manque de politiques publiques imm\u00e9diates.<\/p>","protected":false},"excerpt":{"rendered":"<p>Les 10 actions durables visant \u00e0 r\u00e9duire les effets de la crise environnementale sont devenues une priorit\u00e9 urgente pour l&#039;humanit\u00e9. La d\u00e9gradation de l&#039;environnement, la perte de biodiversit\u00e9 et le changement climatique ne sont plus des probl\u00e8mes d&#039;avenir\u00a0; leurs effets impactent la vie quotidienne de millions de personnes au Mexique et dans le monde. Des s\u00e9cheresses [\u2026]<\/p>","protected":false},"author":219,"featured_media":10074,"comment_status":"closed","ping_status":"open","sticky":false,"template":"","format":"standard","meta":{"footnotes":""},"categories":[4],"tags":[],"yoast_head":"<!-- This site is optimized with the Yoast SEO plugin v23.3 - https:\/\/yoast.com\/wordpress\/plugins\/seo\/ -->\n<title>10 acciones sustentables para reducir la crisis ambiental - Universo Fam\u00edlia<\/title>\n<meta name=\"description\" content=\"Las 10 acciones sustentables para reducir los efectos de la crisis ambiental se han convertido en una prioridad urgente para la humanidad.\" \/>\n<meta name=\"robots\" content=\"index, follow, max-snippet:-1, max-image-preview:large, max-video-preview:-1\" \/>\n<link rel=\"canonical\" href=\"https:\/\/universofamilia.com\/fr\/ambiental\/\" \/>\n<meta property=\"og:locale\" content=\"fr_FR\" \/>\n<meta property=\"og:type\" content=\"article\" \/>\n<meta property=\"og:title\" content=\"10 acciones sustentables para reducir la crisis ambiental - Universo Fam\u00edlia\" \/>\n<meta property=\"og:description\" content=\"Las 10 acciones sustentables para reducir los efectos de la crisis ambiental se han convertido en una prioridad urgente para la humanidad.\" \/>\n<meta property=\"og:url\" content=\"https:\/\/universofamilia.com\/fr\/ambiental\/\" \/>\n<meta property=\"og:site_name\" content=\"Universo Fam\u00edlia\" \/>\n<meta property=\"article:published_time\" content=\"2025-10-13T15:50:28+00:00\" \/>\n<meta property=\"article:modified_time\" content=\"2025-10-16T18:40:53+00:00\" \/>\n<meta property=\"og:image\" content=\"https:\/\/universofamilia.com\/wp-content\/uploads\/sites\/148\/2025\/10\/Destaque-Novo-Universo-2.jpg\" \/>\n\t<meta property=\"og:image:width\" content=\"450\" \/>\n\t<meta property=\"og:image:height\" content=\"250\" \/>\n\t<meta property=\"og:image:type\" content=\"image\/jpeg\" \/>\n<meta name=\"author\" content=\"Matheus Sangaletti\" \/>\n<meta name=\"twitter:card\" content=\"summary_large_image\" \/>\n<meta name=\"twitter:label1\" content=\"Written by\" \/>\n\t<meta name=\"twitter:data1\" content=\"Matheus Sangaletti\" \/>\n\t<meta name=\"twitter:label2\" content=\"Est. reading time\" \/>\n\t<meta name=\"twitter:data2\" content=\"10 minutes\" \/>\n<script type=\"application\/ld+json\" class=\"yoast-schema-graph\">{\"@context\":\"https:\/\/schema.org\",\"@graph\":[{\"@type\":\"WebPage\",\"@id\":\"https:\/\/universofamilia.com\/ko\/ambiental\/\",\"url\":\"https:\/\/universofamilia.com\/ko\/ambiental\/\",\"name\":\"10 acciones sustentables para reducir la crisis ambiental - Universo Fam\u00edlia\",\"isPartOf\":{\"@id\":\"https:\/\/universofamilia.com\/el\/#website\"},\"primaryImageOfPage\":{\"@id\":\"https:\/\/universofamilia.com\/ko\/ambiental\/#primaryimage\"},\"image\":{\"@id\":\"https:\/\/universofamilia.com\/ko\/ambiental\/#primaryimage\"},\"thumbnailUrl\":\"https:\/\/universofamilia.com\/wp-content\/uploads\/sites\/148\/2025\/10\/Destaque-Novo-Universo-2.jpg\",\"datePublished\":\"2025-10-13T15:50:28+00:00\",\"dateModified\":\"2025-10-16T18:40:53+00:00\",\"author\":{\"@id\":\"https:\/\/universofamilia.com\/el\/#\/schema\/person\/92fcd07e9b1f4323bf74f3170fc0f78a\"},\"description\":\"Las 10 acciones sustentables para reducir los efectos de la crisis ambiental se han convertido en una prioridad urgente para la humanidad.\",\"breadcrumb\":{\"@id\":\"https:\/\/universofamilia.com\/ko\/ambiental\/#breadcrumb\"},\"inLanguage\":\"fr-FR\",\"potentialAction\":[{\"@type\":\"ReadAction\",\"target\":[\"https:\/\/universofamilia.com\/ko\/ambiental\/\"]}]},{\"@type\":\"ImageObject\",\"inLanguage\":\"fr-FR\",\"@id\":\"https:\/\/universofamilia.com\/ko\/ambiental\/#primaryimage\",\"url\":\"https:\/\/universofamilia.com\/wp-content\/uploads\/sites\/148\/2025\/10\/Destaque-Novo-Universo-2.jpg\",\"contentUrl\":\"https:\/\/universofamilia.com\/wp-content\/uploads\/sites\/148\/2025\/10\/Destaque-Novo-Universo-2.jpg\",\"width\":450,\"height\":250},{\"@type\":\"BreadcrumbList\",\"@id\":\"https:\/\/universofamilia.com\/ko\/ambiental\/#breadcrumb\",\"itemListElement\":[{\"@type\":\"ListItem\",\"position\":1,\"name\":\"Home\",\"item\":\"https:\/\/universofamilia.com\/el\/\"},{\"@type\":\"ListItem\",\"position\":2,\"name\":\"10 acciones sustentables para reducir la crisis ambiental\"}]},{\"@type\":\"WebSite\",\"@id\":\"https:\/\/universofamilia.com\/el\/#website\",\"url\":\"https:\/\/universofamilia.com\/el\/\",\"name\":\"Universo Fam\u00edlia\",\"description\":\"\",\"potentialAction\":[{\"@type\":\"SearchAction\",\"target\":{\"@type\":\"EntryPoint\",\"urlTemplate\":\"https:\/\/universofamilia.com\/el\/?s={search_term_string}\"},\"query-input\":\"required name=search_term_string\"}],\"inLanguage\":\"fr-FR\"},{\"@type\":\"Person\",\"@id\":\"https:\/\/universofamilia.com\/el\/#\/schema\/person\/92fcd07e9b1f4323bf74f3170fc0f78a\",\"name\":\"Matheus Sangaletti\",\"image\":{\"@type\":\"ImageObject\",\"inLanguage\":\"fr-FR\",\"@id\":\"https:\/\/universofamilia.com\/el\/#\/schema\/person\/image\/\",\"url\":\"https:\/\/secure.gravatar.com\/avatar\/280ea957a14a48e6a1ad2133d2cc27c9?s=96&d=mm&r=g\",\"contentUrl\":\"https:\/\/secure.gravatar.com\/avatar\/280ea957a14a48e6a1ad2133d2cc27c9?s=96&d=mm&r=g\",\"caption\":\"Matheus Sangaletti\"},\"url\":\"https:\/\/universofamilia.com\/fr\/author\/matheuss\/\"}]}<\/script>\n<!-- \/ Yoast SEO plugin. -->","yoast_head_json":{"title":"10 acciones sustentables para reducir la crisis ambiental - Universo Fam\u00edlia","description":"Las 10 acciones sustentables para reducir los efectos de la crisis ambiental se han convertido en una prioridad urgente para la humanidad.","robots":{"index":"index","follow":"follow","max-snippet":"max-snippet:-1","max-image-preview":"max-image-preview:large","max-video-preview":"max-video-preview:-1"},"canonical":"https:\/\/universofamilia.com\/fr\/ambiental\/","og_locale":"fr_FR","og_type":"article","og_title":"10 acciones sustentables para reducir la crisis ambiental - Universo Fam\u00edlia","og_description":"Las 10 acciones sustentables para reducir los efectos de la crisis ambiental se han convertido en una prioridad urgente para la humanidad.","og_url":"https:\/\/universofamilia.com\/fr\/ambiental\/","og_site_name":"Universo Fam\u00edlia","article_published_time":"2025-10-13T15:50:28+00:00","article_modified_time":"2025-10-16T18:40:53+00:00","og_image":[{"width":450,"height":250,"url":"https:\/\/universofamilia.com\/wp-content\/uploads\/sites\/148\/2025\/10\/Destaque-Novo-Universo-2.jpg","type":"image\/jpeg"}],"author":"Matheus Sangaletti","twitter_card":"summary_large_image","twitter_misc":{"Written by":"Matheus Sangaletti","Est. reading time":"10 minutes"},"schema":{"@context":"https:\/\/schema.org","@graph":[{"@type":"WebPage","@id":"https:\/\/universofamilia.com\/ko\/ambiental\/","url":"https:\/\/universofamilia.com\/ko\/ambiental\/","name":"10 acciones sustentables para reducir la crisis ambiental - Universo Fam\u00edlia","isPartOf":{"@id":"https:\/\/universofamilia.com\/el\/#website"},"primaryImageOfPage":{"@id":"https:\/\/universofamilia.com\/ko\/ambiental\/#primaryimage"},"image":{"@id":"https:\/\/universofamilia.com\/ko\/ambiental\/#primaryimage"},"thumbnailUrl":"https:\/\/universofamilia.com\/wp-content\/uploads\/sites\/148\/2025\/10\/Destaque-Novo-Universo-2.jpg","datePublished":"2025-10-13T15:50:28+00:00","dateModified":"2025-10-16T18:40:53+00:00","author":{"@id":"https:\/\/universofamilia.com\/el\/#\/schema\/person\/92fcd07e9b1f4323bf74f3170fc0f78a"},"description":"Las 10 acciones sustentables para reducir los efectos de la crisis ambiental se han convertido en una prioridad urgente para la humanidad.","breadcrumb":{"@id":"https:\/\/universofamilia.com\/ko\/ambiental\/#breadcrumb"},"inLanguage":"fr-FR","potentialAction":[{"@type":"ReadAction","target":["https:\/\/universofamilia.com\/ko\/ambiental\/"]}]},{"@type":"ImageObject","inLanguage":"fr-FR","@id":"https:\/\/universofamilia.com\/ko\/ambiental\/#primaryimage","url":"https:\/\/universofamilia.com\/wp-content\/uploads\/sites\/148\/2025\/10\/Destaque-Novo-Universo-2.jpg","contentUrl":"https:\/\/universofamilia.com\/wp-content\/uploads\/sites\/148\/2025\/10\/Destaque-Novo-Universo-2.jpg","width":450,"height":250},{"@type":"BreadcrumbList","@id":"https:\/\/universofamilia.com\/ko\/ambiental\/#breadcrumb","itemListElement":[{"@type":"ListItem","position":1,"name":"Home","item":"https:\/\/universofamilia.com\/el\/"},{"@type":"ListItem","position":2,"name":"10 acciones sustentables para reducir la crisis ambiental"}]},{"@type":"WebSite","@id":"https:\/\/universofamilia.com\/el\/#website","url":"https:\/\/universofamilia.com\/el\/","name":"Universo Fam\u00edlia","description":"","potentialAction":[{"@type":"SearchAction","target":{"@type":"EntryPoint","urlTemplate":"https:\/\/universofamilia.com\/el\/?s={search_term_string}"},"query-input":"required name=search_term_string"}],"inLanguage":"fr-FR"},{"@type":"Person","@id":"https:\/\/universofamilia.com\/el\/#\/schema\/person\/92fcd07e9b1f4323bf74f3170fc0f78a","name":"Matheus Sangaletti","image":{"@type":"ImageObject","inLanguage":"fr-FR","@id":"https:\/\/universofamilia.com\/el\/#\/schema\/person\/image\/","url":"https:\/\/secure.gravatar.com\/avatar\/280ea957a14a48e6a1ad2133d2cc27c9?s=96&d=mm&r=g","contentUrl":"https:\/\/secure.gravatar.com\/avatar\/280ea957a14a48e6a1ad2133d2cc27c9?s=96&d=mm&r=g","caption":"Matheus Sangaletti"},"url":"https:\/\/universofamilia.com\/fr\/author\/matheuss\/"}]}},"_links":{"self":[{"href":"https:\/\/universofamilia.com\/fr\/wp-json\/wp\/v2\/posts\/10073"}],"collection":[{"href":"https:\/\/universofamilia.com\/fr\/wp-json\/wp\/v2\/posts"}],"about":[{"href":"https:\/\/universofamilia.com\/fr\/wp-json\/wp\/v2\/types\/post"}],"author":[{"embeddable":true,"href":"https:\/\/universofamilia.com\/fr\/wp-json\/wp\/v2\/users\/219"}],"replies":[{"embeddable":true,"href":"https:\/\/universofamilia.com\/fr\/wp-json\/wp\/v2\/comments?post=10073"}],"version-history":[{"count":2,"href":"https:\/\/universofamilia.com\/fr\/wp-json\/wp\/v2\/posts\/10073\/revisions"}],"predecessor-version":[{"id":10170,"href":"https:\/\/universofamilia.com\/fr\/wp-json\/wp\/v2\/posts\/10073\/revisions\/10170"}],"wp:featuredmedia":[{"embeddable":true,"href":"https:\/\/universofamilia.com\/fr\/wp-json\/wp\/v2\/media\/10074"}],"wp:attachment":[{"href":"https:\/\/universofamilia.com\/fr\/wp-json\/wp\/v2\/media?parent=10073"}],"wp:term":[{"taxonomy":"category","embeddable":true,"href":"https:\/\/universofamilia.com\/fr\/wp-json\/wp\/v2\/categories?post=10073"},{"taxonomy":"post_tag","embeddable":true,"href":"https:\/\/universofamilia.com\/fr\/wp-json\/wp\/v2\/tags?post=10073"}],"curies":[{"name":"wp","href":"https:\/\/api.w.org\/{rel}","templated":true}]}}