{"id":10184,"date":"2025-10-17T16:36:08","date_gmt":"2025-10-17T19:36:08","guid":{"rendered":"https:\/\/universofamilia.com\/?p=10184"},"modified":"2025-10-17T16:46:53","modified_gmt":"2025-10-17T19:46:53","slug":"realidad-aumentada-y-metaverso","status":"publish","type":"post","link":"https:\/\/universofamilia.com\/fr\/realidad-aumentada-y-metaverso\/","title":{"rendered":"Voitures autonomes, r\u00e9alit\u00e9 augment\u00e9e et m\u00e9tavers"},"content":{"rendered":"<p class=\"has-text-align-center\">Le <strong>Voitures autonomes, r\u00e9alit\u00e9 augment\u00e9e et m\u00e9tavers\u00a0: \u00e0 quoi s&#039;attendre<\/strong> En 2025, il ne s\u2019agit plus de concepts futuristes, mais plut\u00f4t de piliers d\u2019une transformation technologique qui red\u00e9finit la mobilit\u00e9.<\/p>\n\n\n\n<figure class=\"wp-block-gallery aligncenter has-nested-images columns-default is-cropped wp-block-gallery-1 is-layout-flex wp-block-gallery-is-layout-flex\">\n<figure class=\"wp-block-image size-full\"><img loading=\"lazy\" decoding=\"async\" width=\"450\" height=\"250\" data-id=\"10186\" src=\"https:\/\/universofamilia.com\/wp-content\/uploads\/sites\/148\/2025\/10\/Destaque-Novo-Universo-17-1.jpg\" alt=\"\" class=\"wp-image-10186\" srcset=\"https:\/\/universofamilia.com\/wp-content\/uploads\/sites\/148\/2025\/10\/Destaque-Novo-Universo-17-1.jpg 450w, https:\/\/universofamilia.com\/wp-content\/uploads\/sites\/148\/2025\/10\/Destaque-Novo-Universo-17-1-300x167.jpg 300w, https:\/\/universofamilia.com\/wp-content\/uploads\/sites\/148\/2025\/10\/Destaque-Novo-Universo-17-1-18x10.jpg 18w\" sizes=\"(max-width: 450px) 100vw, 450px\" \/><figcaption class=\"wp-element-caption\">CANVA<\/figcaption><\/figure>\n<\/figure>\n\n\n\n<p class=\"has-text-align-center\">Cette ann\u00e9e marque un point de convergence entre trois innovations qui semblaient autrefois lointaines, mais qui fonctionnent d\u00e9sormais ensemble pour cr\u00e9er des environnements plus s\u00fbrs, plus immersifs et personnalis\u00e9s.<\/p>\n\n\n\n<p>Cet article explorera comment ces avanc\u00e9es fa\u00e7onnent le pr\u00e9sent et l\u2019avenir imm\u00e9diat, leurs applications dans le monde r\u00e9el, les d\u00e9fis \u00e9thiques et sociaux qu\u2019elles pr\u00e9sentent et ce \u00e0 quoi vous pouvez vous attendre dans les ann\u00e9es \u00e0 venir.<\/p>\n\n\n\n<p><strong>R\u00e9sum\u00e9 de l&#039;article :<\/strong><\/p>\n\n\n\n<ol>\n<li>L\u2019avanc\u00e9e irr\u00e9sistible des voitures autonomes.<\/li>\n\n\n\n<li>R\u00e9alit\u00e9 augment\u00e9e : de l&#039;\u00e9cran \u00e0 l&#039;environnement physique.<\/li>\n\n\n\n<li>Le m\u00e9tavers et l\u2019expansion des exp\u00e9riences num\u00e9riques.<\/li>\n\n\n\n<li>L&#039;interconnexion entre mobilit\u00e9, immersion et virtualit\u00e9.<\/li>\n\n\n\n<li>D\u00e9fis \u00e9thiques, durabilit\u00e9 et confidentialit\u00e9.<\/li>\n\n\n\n<li>Conclusion et questions fr\u00e9quemment pos\u00e9es.<\/li>\n<\/ol>\n\n\n\n<h3 class=\"wp-block-heading\">L&#039;avanc\u00e9e irr\u00e9sistible des voitures autonomes<\/h3>\n\n\n\n<p>Le <strong>Voitures autonomes, r\u00e9alit\u00e9 augment\u00e9e et m\u00e9tavers\u00a0: \u00e0 quoi s&#039;attendre<\/strong> Elles repr\u00e9sentent trois r\u00e9volutions parall\u00e8les, mais le d\u00e9veloppement des v\u00e9hicules autonomes est devenu l\u2019axe le plus tangible.<\/p>\n\n\n\n<p>D\u2019ici 2025, des entreprises comme Tesla, Waymo, Baidu et Cruise auront r\u00e9alis\u00e9 des progr\u00e8s significatifs vers l\u2019autonomie de niveau 4, permettant aux voitures de naviguer sans intervention humaine dans des environnements urbains contr\u00f4l\u00e9s.<\/p>\n\n\n\n<p>Selon un rapport r\u00e9cent de <em>\u00c9tudes de march\u00e9 alli\u00e9es<\/em>, le march\u00e9 mondial des v\u00e9hicules autonomes atteindra une valeur de <strong>2,3 billions de dollars d&#039;ici 2030<\/strong>, port\u00e9e par des investissements croissants dans les capteurs, les logiciels d&#039;apprentissage automatique et les r\u00e9seaux 5G<\/p>\n\n\n\n<p> Au Mexique, des programmes pilotes existent d\u00e9j\u00e0 \u00e0 Monterrey et \u00e0 Guadalajara, o\u00f9 des flottes de taxis autonomes op\u00e8rent dans des zones d\u00e9sign\u00e9es, offrant des transferts plus efficaces et r\u00e9duisant les accidents dus \u00e0 l\u2019erreur humaine.<\/p>\n\n\n\n<p>Cependant, le d\u00e9bat d\u00e9passe le cadre de l&#039;ing\u00e9nierie\u00a0: il s&#039;agit de confiance. \u00cates-vous pr\u00eat \u00e0 c\u00e9der le contr\u00f4le total de votre v\u00e9hicule \u00e0 un algorithme\u00a0?<\/p>\n\n\n\n<p>La transition vers la conduite autonome n\u00e9cessite une nouvelle relation entre l\u2019homme et la machine, dans laquelle la transparence et la s\u00e9curit\u00e9 sont essentielles.<\/p>\n\n\n\n<h3 class=\"wp-block-heading\">R\u00e9alit\u00e9 augment\u00e9e : de l&#039;\u00e9cran \u00e0 l&#039;environnement physique<\/h3>\n\n\n\n<p>La deuxi\u00e8me transformation majeure au sein de <strong>Voitures autonomes, r\u00e9alit\u00e9 augment\u00e9e et m\u00e9tavers\u00a0: \u00e0 quoi s&#039;attendre<\/strong> c&#039;est l&#039;essor de la r\u00e9alit\u00e9 augment\u00e9e (RA).<\/p>\n\n\n\n<p>Cette technologie amplifie l\u2019environnement r\u00e9el en superposant des informations num\u00e9riques, g\u00e9n\u00e9rant des exp\u00e9riences interactives qui n\u2019existaient auparavant que dans la science-fiction.<\/p>\n\n\n\n<p>D&#039;ici 2025, la r\u00e9alit\u00e9 augment\u00e9e sera int\u00e9gr\u00e9e aux pare-brise des v\u00e9hicules, projetant des donn\u00e9es telles que les limitations de vitesse, les distances de s\u00e9curit\u00e9 et les itin\u00e9raires optimaux directement dans le champ de vision du conducteur ou du passager.<\/p>\n\n\n\n<p>Des marques comme BMW et Mercedes-Benz \u00e9quipent d\u00e9j\u00e0 certains mod\u00e8les d\u2019affichages t\u00eate haute avanc\u00e9s qui utilisent l\u2019IA pour pr\u00e9dire les risques et fournir des conseils proactifs.<\/p>\n\n\n\n<p><\/p>\n\n\n\n<p>En dehors du secteur automobile, la r\u00e9alit\u00e9 augment\u00e9e est devenue un \u00e9l\u00e9ment central de l\u2019\u00e9ducation et du commerce.<\/p>\n\n\n\n<p>Un exemple actuel : au Mexique, certaines universit\u00e9s appliquent la r\u00e9alit\u00e9 augment\u00e9e dans des laboratoires virtuels afin que les \u00e9tudiants en ing\u00e9nierie puissent interagir avec des mod\u00e8les 3D de syst\u00e8mes \u00e9lectriques sans avoir besoin de mat\u00e9riel physique.<\/p>\n\n\n\n<p>Essentiellement, la r\u00e9alit\u00e9 augment\u00e9e transforme la fa\u00e7on dont nous percevons le monde, brouillant les fronti\u00e8res entre le num\u00e9rique et le tangible.<\/p>\n\n\n\n<p>Comme une lentille intelligente sur la r\u00e9alit\u00e9, il \u00e9largit la capacit\u00e9 humaine \u00e0 voir, \u00e0 apprendre et \u00e0 agir.<\/p>\n\n\n\n<h3 class=\"wp-block-heading\">Le m\u00e9tavers et l&#039;expansion des exp\u00e9riences num\u00e9riques<\/h3>\n\n\n\n<p>Le m\u00e9tavers a gagn\u00e9 en maturit\u00e9. Ce qui \u00e9tait autrefois une exp\u00e9rience sociale ou de divertissement est d\u00e9sormais une plateforme \u00e9conomique et \u00e9ducative aux multiples applications concr\u00e8tes.<\/p>\n\n\n\n<p>En 2025, il sera principalement utilis\u00e9 pour la formation, les r\u00e9unions de travail, les soins de sant\u00e9 \u00e0 distance et le d\u00e9veloppement de projets collaboratifs.<\/p>\n\n\n\n<p>Dans le contexte de <strong>Voitures autonomes, r\u00e9alit\u00e9 augment\u00e9e et m\u00e9tavers\u00a0: \u00e0 quoi s&#039;attendre<\/strong>Cet univers virtuel interconnect\u00e9 devient un espace de travail, de cr\u00e9ation et d\u2019apprentissage \u00e0 distance.<\/p>\n\n\n\n<p>Des entreprises comme Meta, Microsoft et NVIDIA ont transform\u00e9 le concept initial en quelque chose de plus pragmatique :<\/p>\n\n\n\n<p>Des \u00e9cosyst\u00e8mes o\u00f9 les gens peuvent collaborer en temps r\u00e9el depuis diff\u00e9rentes parties du monde, en utilisant des avatars hyperr\u00e9alistes et des outils de simulation 3D.<\/p>\n\n\n\n<p>Au Mexique, des secteurs comme l\u2019architecture et la m\u00e9decine profitent d\u00e9j\u00e0 de ces environnements pour former leurs professionnels.<\/p>\n\n\n\n<p>Par exemple, un groupe de chirurgiens de la <em>Institut national des sciences m\u00e9dicales et de la nutrition Salvador Zubir\u00e1n<\/em> utilise des environnements virtuels pour planifier des proc\u00e9dures complexes avant de les ex\u00e9cuter dans de v\u00e9ritables salles d\u2019op\u00e9ration.<\/p>\n\n\n\n<p>Le m\u00e9tavers est \u00e9galement li\u00e9 \u00e0 la mobilit\u00e9 : les voitures autonomes pourraient devenir des extensions mobiles de ces espaces, o\u00f9 les passagers peuvent travailler, apprendre ou s&#039;amuser tout en voyageant sans se soucier du trafic.<\/p>\n\n\n\n<h3 class=\"wp-block-heading\">L&#039;interconnexion entre mobilit\u00e9, immersion et virtualit\u00e9<\/h3>\n\n\n\n<p>La chose vraiment fascinante \u00e0 propos de la <strong>Voitures autonomes, r\u00e9alit\u00e9 augment\u00e9e et m\u00e9tavers\u00a0: \u00e0 quoi s&#039;attendre<\/strong> Il ne s\u2019agit pas de chaque technologie s\u00e9par\u00e9ment, mais de leur int\u00e9gration.<\/p>\n\n\n\n<p>D\u2019ici 2025, la synergie entre eux donnera naissance \u00e0 des \u00e9cosyst\u00e8mes num\u00e9riques enti\u00e8rement nouveaux.<\/p>\n\n\n\n<p>Imaginez ceci : vous montez dans un v\u00e9hicule autonome \u00e9quip\u00e9 de r\u00e9alit\u00e9 augment\u00e9e.<\/p>\n\n\n\n<p>Pendant que la voiture roule, le pare-brise projette des informations sur les lieux que vous traversez (historique, recommandations, m\u00e9t\u00e9o et trafic) pendant que vous participez \u00e0 une r\u00e9union virtuelle dans le m\u00e9tavers.<\/p>\n\n\n\n<p>Vous n\u2019\u00eates pas d\u00e9connect\u00e9 de la r\u00e9alit\u00e9, mais en expansion en son sein.<\/p>\n\n\n\n<p>C\u2019est l\u00e0 la v\u00e9ritable r\u00e9volution : ne pas vivre dans des mondes parall\u00e8les, mais dans un environnement hybride unique o\u00f9 le physique et le num\u00e9rique coexistent.<\/p>\n\n\n\n<p>Une telle int\u00e9gration red\u00e9finit le concept de \u00ab pr\u00e9sence \u00bb et transforme la routine en une exp\u00e9rience intelligente et personnalis\u00e9e.<\/p>\n\n\n\n<p>Un exemple concret est le projet <em>P\u00f4le de mobilit\u00e9 intelligente<\/em> d\u00e9velopp\u00e9 en Cor\u00e9e du Sud, qui combine transport autonome, r\u00e9alit\u00e9 \u00e9tendue et connectivit\u00e9 6G pour cr\u00e9er des itin\u00e9raires dynamiques adapt\u00e9s \u00e0 l&#039;utilisateur.<\/p>\n\n\n\n<p>Ce mod\u00e8le servira de r\u00e9f\u00e9rence aux villes d\u2019Am\u00e9rique latine qui cherchent \u00e0 faire la transition vers une mobilit\u00e9 urbaine plus efficace et plus connect\u00e9e.<\/p>\n\n\n\n<h3 class=\"wp-block-heading\">D\u00e9fis \u00e9thiques, durabilit\u00e9 et confidentialit\u00e9<\/h3>\n\n\n\n<p>Chaque r\u00e9volution technologique entra\u00eene des dilemmes \u00e9thiques.<\/p>\n\n\n\n<p>Dans le cas de la <strong>Voitures autonomes, r\u00e9alit\u00e9 augment\u00e9e et m\u00e9tavers\u00a0: \u00e0 quoi s&#039;attendre<\/strong>, les questions relatives \u00e0 la confidentialit\u00e9, \u00e0 la durabilit\u00e9 et \u00e0 l\u2019utilisation des donn\u00e9es deviennent urgentes.<\/p>\n\n\n\n<p>Le traitement des informations personnelles dans des environnements immersifs n\u00e9cessite une r\u00e9glementation robuste.<\/p>\n\n\n\n<p>En 2025, le <em>Union europ\u00e9enne<\/em> et plusieurs pays d\u2019Am\u00e9rique latine, dont le Mexique, ont adopt\u00e9 des cadres juridiques plus stricts pour prot\u00e9ger l\u2019identit\u00e9 num\u00e9rique et limiter le suivi biom\u00e9trique.<\/p>\n\n\n\n<p>Un autre d\u00e9fi est la durabilit\u00e9. Les centres de donn\u00e9es qui soutiennent le m\u00e9tavers et l&#039;intelligence artificielle consomment de grandes quantit\u00e9s d&#039;\u00e9nergie.<\/p>\n\n\n\n<p>Selon le <em>Agence internationale de l&#039;\u00e9nergie (AIE)<\/em>, les op\u00e9rations num\u00e9riques repr\u00e9sentent environ <strong>4% de la consommation mondiale d&#039;\u00e9lectricit\u00e9<\/strong>.<\/p>\n\n\n\n<p>Les entreprises r\u00e9agissent avec des strat\u00e9gies d\u2019\u00e9nergie renouvelable et d\u2019optimisation algorithmique pour r\u00e9duire leur empreinte carbone.<\/p>\n\n\n\n<p>L\u2019\u00e9thique de la conduite autonome fait \u00e9galement d\u00e9bat : comment un v\u00e9hicule doit-il r\u00e9agir en cas d\u2019accident in\u00e9vitable ?<\/p>\n\n\n\n<p>Ces types de dilemmes, connus sous le nom de \u00ab d\u00e9cisions morales algorithmiques \u00bb, n\u00e9cessitent un consensus social et une transparence dans la programmation des syst\u00e8mes d\u2019IA.<\/p>\n\n\n\n<p>En termes simples, la technologie ne peut progresser sans une boussole morale. L&#039;innovation responsable est le seul moyen de garantir que le progr\u00e8s profite aux individus, et non les supplante.<\/p>\n\n\n\n<h3 class=\"wp-block-heading\">Tableau : Synergie des technologies \u00e9mergentes en 2025<\/h3>\n\n\n\n<figure class=\"wp-block-table\"><table><thead><tr><th>Technologie<\/th><th>Application principale<\/th><th>Impact sur la vie quotidienne<\/th><th>Niveau d&#039;adoption mondial (2025)<\/th><\/tr><\/thead><tbody><tr><td>Voitures autonomes<\/td><td>Mobilit\u00e9 s\u00fbre et efficace<\/td><td>R\u00e9duction des accidents et du trafic<\/td><td>40%<\/td><\/tr><tr><td>R\u00e9alit\u00e9 augment\u00e9e<\/td><td>\u00c9ducation et transport<\/td><td>Apprentissage immersif et assistance visuelle<\/td><td>45%<\/td><\/tr><tr><td>M\u00e9tavers<\/td><td>Collaboration et divertissement<\/td><td>T\u00e9l\u00e9travail et exp\u00e9riences sociales virtuelles<\/td><td>35%<\/td><\/tr><\/tbody><\/table><figcaption class=\"wp-element-caption\">Voitures autonomes, r\u00e9alit\u00e9 augment\u00e9e et m\u00e9tavers\u00a0: \u00e0 quoi s&#039;attendre<\/figcaption><\/figure>\n\n\n\n<figure class=\"wp-block-gallery aligncenter has-nested-images columns-default is-cropped wp-block-gallery-2 is-layout-flex wp-block-gallery-is-layout-flex\">\n<figure class=\"wp-block-image size-full\"><img loading=\"lazy\" decoding=\"async\" width=\"450\" height=\"250\" data-id=\"10187\" src=\"https:\/\/universofamilia.com\/wp-content\/uploads\/sites\/148\/2025\/10\/Destaque-Novo-Universo-16.jpg\" alt=\"\" class=\"wp-image-10187\" srcset=\"https:\/\/universofamilia.com\/wp-content\/uploads\/sites\/148\/2025\/10\/Destaque-Novo-Universo-16.jpg 450w, https:\/\/universofamilia.com\/wp-content\/uploads\/sites\/148\/2025\/10\/Destaque-Novo-Universo-16-300x167.jpg 300w, https:\/\/universofamilia.com\/wp-content\/uploads\/sites\/148\/2025\/10\/Destaque-Novo-Universo-16-18x10.jpg 18w\" sizes=\"(max-width: 450px) 100vw, 450px\" \/><figcaption class=\"wp-element-caption\">CANVA<\/figcaption><\/figure>\n<\/figure>\n\n\n\n<p>En savoir plus:<a href=\"https:\/\/universofamilia.com\/fr\/inteligencia-artificial-en-el-dia-a-dia\/\">&nbsp;L&#039;intelligence artificielle au quotidien<\/a><\/p>\n\n\n\n<h3 class=\"wp-block-heading\">Conclusion : Vers un \u00e9cosyst\u00e8me technologique complet<\/h3>\n\n\n\n<p>Le <strong>Voitures autonomes, r\u00e9alit\u00e9 augment\u00e9e et m\u00e9tavers\u00a0: \u00e0 quoi s&#039;attendre<\/strong> Ils symbolisent le point o\u00f9 la technologie cesse d\u2019\u00eatre un outil et devient un environnement \u00e0 part enti\u00e8re.<\/p>\n\n\n\n<p>Ces innovations transforment non seulement les objets que nous utilisons, mais aussi la fa\u00e7on dont nous comprenons l\u2019interaction humaine, l\u2019apprentissage et la mobilit\u00e9.<\/p>\n\n\n\n<p>L\u2019avenir ne sera ni compl\u00e8tement num\u00e9rique ni compl\u00e8tement physique, mais un \u00e9quilibre entre les deux mondes.<\/p>\n\n\n\n<p>Le v\u00e9ritable objectif est de cr\u00e9er des exp\u00e9riences qui privil\u00e9gient le bien-\u00eatre, l\u2019accessibilit\u00e9 et la durabilit\u00e9.<\/p>\n\n\n\n<p>La technologie, lorsqu\u2019elle est correctement utilis\u00e9e, peut \u00eatre le v\u00e9hicule, au sens propre comme au sens figur\u00e9, qui propulse l\u2019humanit\u00e9 vers une vie plus intelligente, connect\u00e9e et empathique.<\/p>\n\n\n\n<p>En savoir plus:<a href=\"https:\/\/universofamilia.com\/fr\/inteligencia-artificial-en-el-dia-a-dia\/\">&nbsp;<\/a><a href=\"https:\/\/universofamilia.com\/fr\/tendencias-tecnologicas-de-2025-que-afectaran-tu-dia-a-dia\/\">Les tendances technologiques de 2025 qui affecteront votre vie quotidienne<\/a><\/p>\n\n\n\n<h3 class=\"wp-block-heading\">Questions fr\u00e9quemment pos\u00e9es<\/h3>\n\n\n\n<p><strong>1. Quand est-il pr\u00e9vu que les voitures autonomes deviennent courantes au Mexique ?<\/strong><br>Les essais de conduite enti\u00e8rement autonome devraient s&#039;\u00e9tendre entre 2026 et 2028, en fonction des r\u00e9glementations locales et de l&#039;infrastructure 5G.<\/p>\n\n\n\n<p><strong>2. Quel r\u00f4le jouera la r\u00e9alit\u00e9 augment\u00e9e dans l\u2019\u00e9ducation ?<\/strong><br>Il s\u2019agira d\u2019un outil cl\u00e9 pour l\u2019apprentissage pratique, notamment dans les carri\u00e8res techniques, en permettant des simulations en temps r\u00e9el et la visualisation des processus.<\/p>\n\n\n\n<p>Au Mexique, certaines universit\u00e9s appliquent la r\u00e9alit\u00e9 augment\u00e9e dans des laboratoires virtuels afin que les \u00e9tudiants en ing\u00e9nierie puissent interagir avec des mod\u00e8les 3D de syst\u00e8mes \u00e9lectriques sans avoir besoin de mat\u00e9riel physique.<\/p>\n\n\n\n<p><strong>3. Le m\u00e9tavers est-il r\u00e9serv\u00e9 aux jeux vid\u00e9o ?<\/strong><br>Non. En 2025, il est principalement utilis\u00e9 pour la formation, les r\u00e9unions de travail, les soins de sant\u00e9 \u00e0 distance et le d\u00e9veloppement de projets collaboratifs.<\/p>\n\n\n\n<p><strong>4. Quels sont les principaux risques de ces technologies ?<\/strong><br><a href=\"https:\/\/universofamilia.com\/fr\/autenticacion-sin-contrasena-el-futuro-de-la-seguridad-digital\/\">Confidentialit\u00e9<\/a>, d\u00e9pendance num\u00e9rique et in\u00e9galit\u00e9s <a href=\"https:\/\/universofamilia.com\/fr\/inteligencia-artificial-en-el-dia-a-dia\/\">acc\u00e9der<\/a>Par cons\u00e9quent, les politiques d\u2019\u00e9ducation et d\u2019inclusion num\u00e9riques seront essentielles pour garantir une utilisation \u00e9thique et \u00e9quitable.<\/p>\n\n\n\n<p><\/p>","protected":false},"excerpt":{"rendered":"<p>Voitures autonomes, r\u00e9alit\u00e9 augment\u00e9e et m\u00e9tavers\u00a0: ce qui nous attend en 2025 n&#039;est plus un concept futuriste, mais les piliers d&#039;une transformation technologique qui red\u00e9finit la mobilit\u00e9. Cette ann\u00e9e marque un point de convergence entre trois innovations autrefois lointaines, mais qui concourent d\u00e9sormais \u00e0 cr\u00e9er des environnements plus s\u00fbrs, plus immersifs et plus personnalis\u00e9s. Cet article explore [\u2026]<\/p>","protected":false},"author":219,"featured_media":10185,"comment_status":"closed","ping_status":"open","sticky":false,"template":"","format":"standard","meta":{"footnotes":""},"categories":[3],"tags":[],"yoast_head":"<!-- This site is optimized with the Yoast SEO plugin v23.3 - https:\/\/yoast.com\/wordpress\/plugins\/seo\/ -->\n<title>Autom\u00f3viles aut\u00f3nomos, realidad aumentada y metaverso - Universo Fam\u00edlia<\/title>\n<meta name=\"description\" content=\"Las autom\u00f3viles aut\u00f3nomos, realidad aumentada y metaverso:qu\u00e9 esperar en 2025 ya no son conceptos futuristas, sino pilares de una transform..\" \/>\n<meta name=\"robots\" content=\"index, follow, max-snippet:-1, max-image-preview:large, max-video-preview:-1\" \/>\n<link rel=\"canonical\" href=\"https:\/\/universofamilia.com\/fr\/realidad-aumentada-y-metaverso\/\" \/>\n<meta property=\"og:locale\" content=\"fr_FR\" \/>\n<meta property=\"og:type\" content=\"article\" \/>\n<meta property=\"og:title\" content=\"Autom\u00f3viles aut\u00f3nomos, realidad aumentada y metaverso - Universo Fam\u00edlia\" \/>\n<meta property=\"og:description\" content=\"Las autom\u00f3viles aut\u00f3nomos, realidad aumentada y metaverso:qu\u00e9 esperar en 2025 ya no son conceptos futuristas, sino pilares de una transform..\" \/>\n<meta property=\"og:url\" content=\"https:\/\/universofamilia.com\/fr\/realidad-aumentada-y-metaverso\/\" \/>\n<meta property=\"og:site_name\" content=\"Universo Fam\u00edlia\" \/>\n<meta property=\"article:published_time\" content=\"2025-10-17T19:36:08+00:00\" \/>\n<meta property=\"article:modified_time\" content=\"2025-10-17T19:46:53+00:00\" \/>\n<meta property=\"og:image\" content=\"https:\/\/universofamilia.com\/wp-content\/uploads\/sites\/148\/2025\/10\/Destaque-Novo-Universo-17.jpg\" \/>\n\t<meta property=\"og:image:width\" content=\"450\" \/>\n\t<meta property=\"og:image:height\" content=\"250\" \/>\n\t<meta property=\"og:image:type\" content=\"image\/jpeg\" \/>\n<meta name=\"author\" content=\"Matheus Sangaletti\" \/>\n<meta name=\"twitter:card\" content=\"summary_large_image\" \/>\n<meta name=\"twitter:label1\" content=\"Written by\" \/>\n\t<meta name=\"twitter:data1\" content=\"Matheus Sangaletti\" \/>\n\t<meta name=\"twitter:label2\" content=\"Est. reading time\" \/>\n\t<meta name=\"twitter:data2\" content=\"9 minutes\" \/>\n<script type=\"application\/ld+json\" class=\"yoast-schema-graph\">{\"@context\":\"https:\/\/schema.org\",\"@graph\":[{\"@type\":\"WebPage\",\"@id\":\"https:\/\/universofamilia.com\/cs\/realidad-aumentada-y-metaverso\/\",\"url\":\"https:\/\/universofamilia.com\/cs\/realidad-aumentada-y-metaverso\/\",\"name\":\"Autom\u00f3viles aut\u00f3nomos, realidad aumentada y metaverso - Universo Fam\u00edlia\",\"isPartOf\":{\"@id\":\"https:\/\/universofamilia.com\/el\/#website\"},\"primaryImageOfPage\":{\"@id\":\"https:\/\/universofamilia.com\/cs\/realidad-aumentada-y-metaverso\/#primaryimage\"},\"image\":{\"@id\":\"https:\/\/universofamilia.com\/cs\/realidad-aumentada-y-metaverso\/#primaryimage\"},\"thumbnailUrl\":\"https:\/\/universofamilia.com\/wp-content\/uploads\/sites\/148\/2025\/10\/Destaque-Novo-Universo-17.jpg\",\"datePublished\":\"2025-10-17T19:36:08+00:00\",\"dateModified\":\"2025-10-17T19:46:53+00:00\",\"author\":{\"@id\":\"https:\/\/universofamilia.com\/el\/#\/schema\/person\/92fcd07e9b1f4323bf74f3170fc0f78a\"},\"description\":\"Las autom\u00f3viles aut\u00f3nomos, realidad aumentada y metaverso:qu\u00e9 esperar en 2025 ya no son conceptos futuristas, sino pilares de una transform..\",\"breadcrumb\":{\"@id\":\"https:\/\/universofamilia.com\/cs\/realidad-aumentada-y-metaverso\/#breadcrumb\"},\"inLanguage\":\"fr-FR\",\"potentialAction\":[{\"@type\":\"ReadAction\",\"target\":[\"https:\/\/universofamilia.com\/cs\/realidad-aumentada-y-metaverso\/\"]}]},{\"@type\":\"ImageObject\",\"inLanguage\":\"fr-FR\",\"@id\":\"https:\/\/universofamilia.com\/cs\/realidad-aumentada-y-metaverso\/#primaryimage\",\"url\":\"https:\/\/universofamilia.com\/wp-content\/uploads\/sites\/148\/2025\/10\/Destaque-Novo-Universo-17.jpg\",\"contentUrl\":\"https:\/\/universofamilia.com\/wp-content\/uploads\/sites\/148\/2025\/10\/Destaque-Novo-Universo-17.jpg\",\"width\":450,\"height\":250},{\"@type\":\"BreadcrumbList\",\"@id\":\"https:\/\/universofamilia.com\/cs\/realidad-aumentada-y-metaverso\/#breadcrumb\",\"itemListElement\":[{\"@type\":\"ListItem\",\"position\":1,\"name\":\"Home\",\"item\":\"https:\/\/universofamilia.com\/el\/\"},{\"@type\":\"ListItem\",\"position\":2,\"name\":\"Autom\u00f3viles aut\u00f3nomos, realidad aumentada y metaverso\"}]},{\"@type\":\"WebSite\",\"@id\":\"https:\/\/universofamilia.com\/el\/#website\",\"url\":\"https:\/\/universofamilia.com\/el\/\",\"name\":\"Universo Fam\u00edlia\",\"description\":\"\",\"potentialAction\":[{\"@type\":\"SearchAction\",\"target\":{\"@type\":\"EntryPoint\",\"urlTemplate\":\"https:\/\/universofamilia.com\/el\/?s={search_term_string}\"},\"query-input\":\"required name=search_term_string\"}],\"inLanguage\":\"fr-FR\"},{\"@type\":\"Person\",\"@id\":\"https:\/\/universofamilia.com\/el\/#\/schema\/person\/92fcd07e9b1f4323bf74f3170fc0f78a\",\"name\":\"Matheus Sangaletti\",\"image\":{\"@type\":\"ImageObject\",\"inLanguage\":\"fr-FR\",\"@id\":\"https:\/\/universofamilia.com\/el\/#\/schema\/person\/image\/\",\"url\":\"https:\/\/secure.gravatar.com\/avatar\/280ea957a14a48e6a1ad2133d2cc27c9?s=96&d=mm&r=g\",\"contentUrl\":\"https:\/\/secure.gravatar.com\/avatar\/280ea957a14a48e6a1ad2133d2cc27c9?s=96&d=mm&r=g\",\"caption\":\"Matheus Sangaletti\"},\"url\":\"https:\/\/universofamilia.com\/fr\/author\/matheuss\/\"}]}<\/script>\n<!-- \/ Yoast SEO plugin. -->","yoast_head_json":{"title":"Autom\u00f3viles aut\u00f3nomos, realidad aumentada y metaverso - Universo Fam\u00edlia","description":"Las autom\u00f3viles aut\u00f3nomos, realidad aumentada y metaverso:qu\u00e9 esperar en 2025 ya no son conceptos futuristas, sino pilares de una transform..","robots":{"index":"index","follow":"follow","max-snippet":"max-snippet:-1","max-image-preview":"max-image-preview:large","max-video-preview":"max-video-preview:-1"},"canonical":"https:\/\/universofamilia.com\/fr\/realidad-aumentada-y-metaverso\/","og_locale":"fr_FR","og_type":"article","og_title":"Autom\u00f3viles aut\u00f3nomos, realidad aumentada y metaverso - Universo Fam\u00edlia","og_description":"Las autom\u00f3viles aut\u00f3nomos, realidad aumentada y metaverso:qu\u00e9 esperar en 2025 ya no son conceptos futuristas, sino pilares de una transform..","og_url":"https:\/\/universofamilia.com\/fr\/realidad-aumentada-y-metaverso\/","og_site_name":"Universo Fam\u00edlia","article_published_time":"2025-10-17T19:36:08+00:00","article_modified_time":"2025-10-17T19:46:53+00:00","og_image":[{"width":450,"height":250,"url":"https:\/\/universofamilia.com\/wp-content\/uploads\/sites\/148\/2025\/10\/Destaque-Novo-Universo-17.jpg","type":"image\/jpeg"}],"author":"Matheus Sangaletti","twitter_card":"summary_large_image","twitter_misc":{"Written by":"Matheus Sangaletti","Est. reading time":"9 minutes"},"schema":{"@context":"https:\/\/schema.org","@graph":[{"@type":"WebPage","@id":"https:\/\/universofamilia.com\/cs\/realidad-aumentada-y-metaverso\/","url":"https:\/\/universofamilia.com\/cs\/realidad-aumentada-y-metaverso\/","name":"Autom\u00f3viles aut\u00f3nomos, realidad aumentada y metaverso - Universo Fam\u00edlia","isPartOf":{"@id":"https:\/\/universofamilia.com\/el\/#website"},"primaryImageOfPage":{"@id":"https:\/\/universofamilia.com\/cs\/realidad-aumentada-y-metaverso\/#primaryimage"},"image":{"@id":"https:\/\/universofamilia.com\/cs\/realidad-aumentada-y-metaverso\/#primaryimage"},"thumbnailUrl":"https:\/\/universofamilia.com\/wp-content\/uploads\/sites\/148\/2025\/10\/Destaque-Novo-Universo-17.jpg","datePublished":"2025-10-17T19:36:08+00:00","dateModified":"2025-10-17T19:46:53+00:00","author":{"@id":"https:\/\/universofamilia.com\/el\/#\/schema\/person\/92fcd07e9b1f4323bf74f3170fc0f78a"},"description":"Las autom\u00f3viles aut\u00f3nomos, realidad aumentada y metaverso:qu\u00e9 esperar en 2025 ya no son conceptos futuristas, sino pilares de una transform..","breadcrumb":{"@id":"https:\/\/universofamilia.com\/cs\/realidad-aumentada-y-metaverso\/#breadcrumb"},"inLanguage":"fr-FR","potentialAction":[{"@type":"ReadAction","target":["https:\/\/universofamilia.com\/cs\/realidad-aumentada-y-metaverso\/"]}]},{"@type":"ImageObject","inLanguage":"fr-FR","@id":"https:\/\/universofamilia.com\/cs\/realidad-aumentada-y-metaverso\/#primaryimage","url":"https:\/\/universofamilia.com\/wp-content\/uploads\/sites\/148\/2025\/10\/Destaque-Novo-Universo-17.jpg","contentUrl":"https:\/\/universofamilia.com\/wp-content\/uploads\/sites\/148\/2025\/10\/Destaque-Novo-Universo-17.jpg","width":450,"height":250},{"@type":"BreadcrumbList","@id":"https:\/\/universofamilia.com\/cs\/realidad-aumentada-y-metaverso\/#breadcrumb","itemListElement":[{"@type":"ListItem","position":1,"name":"Home","item":"https:\/\/universofamilia.com\/el\/"},{"@type":"ListItem","position":2,"name":"Autom\u00f3viles aut\u00f3nomos, realidad aumentada y metaverso"}]},{"@type":"WebSite","@id":"https:\/\/universofamilia.com\/el\/#website","url":"https:\/\/universofamilia.com\/el\/","name":"Universo Fam\u00edlia","description":"","potentialAction":[{"@type":"SearchAction","target":{"@type":"EntryPoint","urlTemplate":"https:\/\/universofamilia.com\/el\/?s={search_term_string}"},"query-input":"required name=search_term_string"}],"inLanguage":"fr-FR"},{"@type":"Person","@id":"https:\/\/universofamilia.com\/el\/#\/schema\/person\/92fcd07e9b1f4323bf74f3170fc0f78a","name":"Matheus Sangaletti","image":{"@type":"ImageObject","inLanguage":"fr-FR","@id":"https:\/\/universofamilia.com\/el\/#\/schema\/person\/image\/","url":"https:\/\/secure.gravatar.com\/avatar\/280ea957a14a48e6a1ad2133d2cc27c9?s=96&d=mm&r=g","contentUrl":"https:\/\/secure.gravatar.com\/avatar\/280ea957a14a48e6a1ad2133d2cc27c9?s=96&d=mm&r=g","caption":"Matheus Sangaletti"},"url":"https:\/\/universofamilia.com\/fr\/author\/matheuss\/"}]}},"_links":{"self":[{"href":"https:\/\/universofamilia.com\/fr\/wp-json\/wp\/v2\/posts\/10184"}],"collection":[{"href":"https:\/\/universofamilia.com\/fr\/wp-json\/wp\/v2\/posts"}],"about":[{"href":"https:\/\/universofamilia.com\/fr\/wp-json\/wp\/v2\/types\/post"}],"author":[{"embeddable":true,"href":"https:\/\/universofamilia.com\/fr\/wp-json\/wp\/v2\/users\/219"}],"replies":[{"embeddable":true,"href":"https:\/\/universofamilia.com\/fr\/wp-json\/wp\/v2\/comments?post=10184"}],"version-history":[{"count":3,"href":"https:\/\/universofamilia.com\/fr\/wp-json\/wp\/v2\/posts\/10184\/revisions"}],"predecessor-version":[{"id":10192,"href":"https:\/\/universofamilia.com\/fr\/wp-json\/wp\/v2\/posts\/10184\/revisions\/10192"}],"wp:featuredmedia":[{"embeddable":true,"href":"https:\/\/universofamilia.com\/fr\/wp-json\/wp\/v2\/media\/10185"}],"wp:attachment":[{"href":"https:\/\/universofamilia.com\/fr\/wp-json\/wp\/v2\/media?parent=10184"}],"wp:term":[{"taxonomy":"category","embeddable":true,"href":"https:\/\/universofamilia.com\/fr\/wp-json\/wp\/v2\/categories?post=10184"},{"taxonomy":"post_tag","embeddable":true,"href":"https:\/\/universofamilia.com\/fr\/wp-json\/wp\/v2\/tags?post=10184"}],"curies":[{"name":"wp","href":"https:\/\/api.w.org\/{rel}","templated":true}]}}