{"id":10199,"date":"2025-10-23T14:55:44","date_gmt":"2025-10-23T17:55:44","guid":{"rendered":"https:\/\/universofamilia.com\/?p=10199"},"modified":"2025-10-23T14:55:46","modified_gmt":"2025-10-23T17:55:46","slug":"soft-skills-mas-valoradas-en-2025","status":"publish","type":"post","link":"https:\/\/universofamilia.com\/fr\/soft-skills-mas-valoradas-en-2025\/","title":{"rendered":"Les comp\u00e9tences g\u00e9n\u00e9rales les plus valoris\u00e9es en 2025"},"content":{"rendered":"<p class=\"has-text-align-center\">Dans un monde du travail o\u00f9 la technologie red\u00e9finit notre fa\u00e7on de travailler, la compr\u00e9hension <strong>Comment d\u00e9velopper les comp\u00e9tences g\u00e9n\u00e9rales les plus valoris\u00e9es en 2025<\/strong> devient essentiel pour ceux qui souhaitent non seulement survivre, mais exceller.<\/p>\n\n\n\n<figure class=\"wp-block-gallery aligncenter has-nested-images columns-default is-cropped wp-block-gallery-1 is-layout-flex wp-block-gallery-is-layout-flex\">\n<figure class=\"wp-block-image size-full\"><img loading=\"lazy\" decoding=\"async\" width=\"450\" height=\"250\" data-id=\"10201\" src=\"https:\/\/universofamilia.com\/wp-content\/uploads\/sites\/148\/2025\/10\/Destaque-Novo-Universo-20-1.jpg\" alt=\"\" class=\"wp-image-10201\" srcset=\"https:\/\/universofamilia.com\/wp-content\/uploads\/sites\/148\/2025\/10\/Destaque-Novo-Universo-20-1.jpg 450w, https:\/\/universofamilia.com\/wp-content\/uploads\/sites\/148\/2025\/10\/Destaque-Novo-Universo-20-1-300x167.jpg 300w, https:\/\/universofamilia.com\/wp-content\/uploads\/sites\/148\/2025\/10\/Destaque-Novo-Universo-20-1-18x10.jpg 18w\" sizes=\"(max-width: 450px) 100vw, 450px\" \/><figcaption class=\"wp-element-caption\">CANVA<\/figcaption><\/figure>\n<\/figure>\n\n\n\n<p class=\"has-text-align-center\">L\u2019automatisation, l\u2019intelligence artificielle, la mondialisation et les mod\u00e8les hybrides ont modifi\u00e9 la dynamique des organisations.<\/p>\n\n\n\n<p>Aujourd\u2019hui, avoir un dipl\u00f4me universitaire ou des comp\u00e9tences techniques ne garantit plus la pertinence ; le facteur de diff\u00e9renciation r\u00e9side dans les comp\u00e9tences humaines : communication, adaptabilit\u00e9, pens\u00e9e critique et intelligence \u00e9motionnelle, entre autres.<\/p>\n\n\n\n<p><\/p>\n\n\n\n<p>Cet article propose une analyse approfondie des soft skills qui feront la diff\u00e9rence cette ann\u00e9e.<\/p>\n\n\n\n<p>Tout d&#039;abord, nous explorerons leur pertinence sur le march\u00e9 du travail actuel ; ensuite, nous d\u00e9taillerons les comp\u00e9tences cl\u00e9s, comment les d\u00e9velopper et les appliquer ; ensuite, nous pr\u00e9senterons des exemples concrets de professionnels qui les ont int\u00e9gr\u00e9es avec succ\u00e8s ; et enfin, nous aborderons les questions fr\u00e9quemment pos\u00e9es et les tendances futures.<\/p>\n\n\n\n<p>Tout cela est bas\u00e9 sur des donn\u00e9es mises \u00e0 jour et des r\u00e9f\u00e9rences provenant de sources fiables.<\/p>\n\n\n\n<h2 class=\"wp-block-heading\">La pertinence des comp\u00e9tences non techniques \u00e0 l&#039;\u00e8re technologique<\/h2>\n\n\n\n<p>Si les comp\u00e9tences techniques (connaissances techniques telles que la programmation, l\u2019analyse de donn\u00e9es ou l\u2019ing\u00e9nierie) sont essentielles, les comp\u00e9tences g\u00e9n\u00e9rales sont celles qui permettent d\u2019appliquer efficacement ces connaissances.<\/p>\n\n\n\n<p>La capacit\u00e9 de diriger, de communiquer, de r\u00e9soudre des probl\u00e8mes et de collaborer de mani\u00e8re strat\u00e9gique est ce qui diff\u00e9rencie les professionnels dans les environnements dynamiques.<\/p>\n\n\n\n<p>Selon le <strong>Rapport sur l&#039;avenir de l&#039;emploi 2025<\/strong> Selon le Forum \u00e9conomique mondial, 39 % des comp\u00e9tences actuelles devraient changer ou devenir obsol\u00e8tes entre 2025 et 2030.<\/p>\n\n\n\n<p>Cela signifie que les professionnels doivent combiner des comp\u00e9tences techniques avec des comp\u00e9tences humaines pour rester pertinents. <\/p>\n\n\n\n<p><strong>Analogie:<\/strong> Imaginez-vous dans une \u00e9quipe de sauvetage en haute montagne.<\/p>\n\n\n\n<p>Les outils modernes (technologie, logiciels, mat\u00e9riel) sont essentiels, mais sans leadership, communication et adaptabilit\u00e9, m\u00eame le meilleur \u00e9quipement ne garantit pas le succ\u00e8s.<\/p>\n\n\n\n<p>La m\u00eame chose se produit sur le lieu de travail : les comp\u00e9tences g\u00e9n\u00e9rales sont le moteur qui permet de tirer parti des outils disponibles.<\/p>\n\n\n\n<h2 class=\"wp-block-heading\">Les 10 soft skills les plus valoris\u00e9es en 2025<\/h2>\n\n\n\n<p>Ci-dessous, nous \u00e9largissons la liste \u00e0 dix comp\u00e9tences humaines essentielles, avec des exemples pratiques de leur application :<\/p>\n\n\n\n<h3 class=\"wp-block-heading\">1. Communication efficace<\/h3>\n\n\n\n<p>Il ne s\u2019agit pas seulement de parler ou d\u2019\u00e9crire correctement, mais de transmettre clairement des id\u00e9es et d\u2019\u00e9couter activement.<\/p>\n\n\n\n<p>En 2025, une communication efficace est essentielle pour diriger des \u00e9quipes hybrides et collaborer avec des coll\u00e8gues du monde entier.<\/p>\n\n\n\n<p>Des entreprises comme Deloitte rapportent que 361 % des employeurs consid\u00e8rent la communication comme la comp\u00e9tence non technique la plus essentielle \u00e0 la performance au travail.<\/p>\n\n\n\n<p><strong>Exemple :<\/strong><\/p>\n\n\n\n<p>Ana, responsable du marketing num\u00e9rique, aide son \u00e9quipe mondiale \u00e0 comprendre les objectifs de la campagne gr\u00e2ce \u00e0 des briefs clairs, des retours continus et des r\u00e9unions virtuelles structur\u00e9es.<\/p>\n\n\n\n<p>Votre communication \u00e9vite les confusions et augmente la productivit\u00e9 de 25%.<\/p>\n\n\n\n<h3 class=\"wp-block-heading\">2. Adaptabilit\u00e9 et r\u00e9silience<\/h3>\n\n\n\n<p>La rapidit\u00e9 du changement technologique exige des professionnels flexibles capables de g\u00e9rer l\u2019incertitude sans sacrifier la performance.<\/p>\n\n\n\n<p>L\u2019adaptabilit\u00e9 et la r\u00e9silience nous permettent d\u2019assumer de nouveaux r\u00f4les, d\u2019int\u00e9grer des outils num\u00e9riques et de surmonter les obstacles.<\/p>\n\n\n\n<p><strong>Exemple :<\/strong><\/p>\n\n\n\n<p>Carlos, ing\u00e9nieur de fabrication, a appris \u00e0 utiliser des plateformes d&#039;automatisation et a dirig\u00e9 un projet de transition vers l&#039;Industrie 4.0, r\u00e9duisant les temps de production de 15% et d\u00e9montrant comment la r\u00e9silience se traduit par des r\u00e9sultats tangibles.<\/p>\n\n\n\n<h3 class=\"wp-block-heading\">3. Pens\u00e9e critique et r\u00e9solution de probl\u00e8mes<\/h3>\n\n\n\n<p>La pens\u00e9e critique est la capacit\u00e9 d\u2019analyser des situations, de remettre en question des hypoth\u00e8ses et de prendre des d\u00e9cisions \u00e9clair\u00e9es.<\/p>\n\n\n\n<p>Les organisations valorisent la capacit\u00e9 \u00e0 r\u00e9soudre des probl\u00e8mes complexes de mani\u00e8re cr\u00e9ative et efficace.<\/p>\n\n\n\n<p><strong>Donn\u00e9es pertinentes:<\/strong> Une \u00e9tude Hays indique que la pens\u00e9e critique sera la troisi\u00e8me comp\u00e9tence non technique la plus demand\u00e9e d\u2019ici 2025, juste apr\u00e8s la communication et l\u2019adaptabilit\u00e9.<\/p>\n\n\n\n<h3 class=\"wp-block-heading\">4. Intelligence \u00e9motionnelle<\/h3>\n\n\n\n<p>L\u2019intelligence \u00e9motionnelle nous permet de reconna\u00eetre et de g\u00e9rer nos propres \u00e9motions et celles des autres, ce qui est essentiel pour diriger avec empathie et prendre des d\u00e9cisions \u00e9thiques.<\/p>\n\n\n\n<p>Les \u00e9quipes avec des dirigeants \u00e9motionnellement intelligents montrent jusqu&#039;\u00e0 30 % d&#039;engagement au travail en plus.<\/p>\n\n\n\n<h3 class=\"wp-block-heading\">5. Travail d&#039;\u00e9quipe et collaboration<\/h3>\n\n\n\n<p>Une collaboration efficace est essentielle dans les projets multidisciplinaires et \u00e0 distance.<\/p>\n\n\n\n<p>La capacit\u00e9 de partager des connaissances, d\u2019\u00e9couter des id\u00e9es et d\u2019apporter des solutions contribue au succ\u00e8s collectif.<\/p>\n\n\n\n<h3 class=\"wp-block-heading\">6. Cr\u00e9ativit\u00e9 et innovation<\/h3>\n\n\n\n<p>Au-del\u00e0 du respect des protocoles, les entreprises recherchent des personnes capables de g\u00e9n\u00e9rer des id\u00e9es originales et des solutions disruptives.<\/p>\n\n\n\n<p>Dans un monde o\u00f9 l\u2019IA automatise les t\u00e2ches r\u00e9p\u00e9titives, la cr\u00e9ativit\u00e9 humaine devient une ressource strat\u00e9gique.<\/p>\n\n\n\n<h3 class=\"wp-block-heading\">7. Gestion du temps et productivit\u00e9<\/h3>\n\n\n\n<p>Le travail hybride exige de l\u2019efficacit\u00e9.<\/p>\n\n\n\n<p>Prioriser les t\u00e2ches, organiser les projets et atteindre les objectifs de mani\u00e8re autonome est une comp\u00e9tence essentielle qui a un impact direct sur la rentabilit\u00e9 d&#039;une entreprise.<\/p>\n\n\n\n<h3 class=\"wp-block-heading\">8. Capacit\u00e9 d&#039;apprentissage continu<\/h3>\n\n\n\n<p>La formation continue est essentielle pour s\u2019adapter aux nouveaux outils, m\u00e9thodologies et tendances.<\/p>\n\n\n\n<p>L\u2019apprentissage continu garantit la pertinence professionnelle et la capacit\u00e9 d\u2019assumer des r\u00f4les \u00e9mergents.<\/p>\n\n\n\n<h3 class=\"wp-block-heading\">9. Leadership inclusif<\/h3>\n\n\n\n<p>Diriger des \u00e9quipes diversifi\u00e9es requiert empathie, vision et motivation. Un leader inclusif favorise un environnement de collaboration, d&#039;innovation et d&#039;engagement.<\/p>\n\n\n\n<h3 class=\"wp-block-heading\">10. N\u00e9gociation et r\u00e9solution des conflits<\/h3>\n\n\n\n<p>Savoir parvenir \u00e0 des accords, r\u00e9gler les diff\u00e9rends et construire un consensus est essentiel dans des environnements complexes et concurrentiels. <\/p>\n\n\n\n<p>Ces comp\u00e9tences contribuent \u00e0 maintenir des relations de travail saines et productives.<\/p>\n\n\n\n<h2 class=\"wp-block-heading\">Tableau des comp\u00e9tences g\u00e9n\u00e9rales et de la demande projet\u00e9e en 2025<\/h2>\n\n\n\n<figure class=\"wp-block-table\"><table><thead><tr><th>Comp\u00e9tences g\u00e9n\u00e9rales<\/th><th>Demande estim\u00e9e (%)<\/th><th>Impact sur la productivit\u00e9<\/th><\/tr><\/thead><tbody><tr><td>Communication efficace<\/td><td>36%<\/td><td>Haut<\/td><\/tr><tr><td>Adaptabilit\u00e9 et r\u00e9silience<\/td><td>34%<\/td><td>Tr\u00e8s \u00e9lev\u00e9<\/td><\/tr><tr><td>Pens\u00e9e critique<\/td><td>32%<\/td><td>Haut<\/td><\/tr><tr><td>Intelligence \u00e9motionnelle<\/td><td>30%<\/td><td>Haut<\/td><\/tr><tr><td>Travail d&#039;\u00e9quipe<\/td><td>28%<\/td><td>Moyen-\u00e9lev\u00e9<\/td><\/tr><tr><td>Cr\u00e9ativit\u00e9<\/td><td>25%<\/td><td>Haut<\/td><\/tr><tr><td>Gestion du temps<\/td><td>22%<\/td><td>Moyenne<\/td><\/tr><tr><td>Apprentissage continu<\/td><td>20%<\/td><td>Moyenne<\/td><\/tr><tr><td>Leadership inclusif<\/td><td>18%<\/td><td>Moyenne<\/td><\/tr><tr><td>N\u00e9gociation<\/td><td>15%<\/td><td>Moyenne<\/td><\/tr><\/tbody><\/table><figcaption class=\"wp-element-caption\">Source : Hays, Forum \u00e9conomique mondial, 2025.<\/figcaption><\/figure>\n\n\n\n<figure class=\"wp-block-gallery aligncenter has-nested-images columns-default is-cropped wp-block-gallery-2 is-layout-flex wp-block-gallery-is-layout-flex\">\n<figure class=\"wp-block-image size-full\"><img loading=\"lazy\" decoding=\"async\" width=\"450\" height=\"250\" data-id=\"10202\" src=\"https:\/\/universofamilia.com\/wp-content\/uploads\/sites\/148\/2025\/10\/Destaque-Novo-Universo-21.jpg\" alt=\"\" class=\"wp-image-10202\" srcset=\"https:\/\/universofamilia.com\/wp-content\/uploads\/sites\/148\/2025\/10\/Destaque-Novo-Universo-21.jpg 450w, https:\/\/universofamilia.com\/wp-content\/uploads\/sites\/148\/2025\/10\/Destaque-Novo-Universo-21-300x167.jpg 300w, https:\/\/universofamilia.com\/wp-content\/uploads\/sites\/148\/2025\/10\/Destaque-Novo-Universo-21-18x10.jpg 18w\" sizes=\"(max-width: 450px) 100vw, 450px\" \/><figcaption class=\"wp-element-caption\">CANVA<\/figcaption><\/figure>\n<\/figure>\n\n\n\n<p>En savoir plus:\u00a0<a href=\"https:\/\/universofamilia.com\/fr\/el-teletrabajo-en-2025-las-nuevas-tendencias-del-home-office\/\">T\u00e9l\u00e9travail en 2025 : les nouvelles tendances du t\u00e9l\u00e9travail<\/a><\/p>\n\n\n\n<h2 class=\"wp-block-heading\">Comment d\u00e9velopper ces soft skills<\/h2>\n\n\n\n<ol>\n<li><strong>Communication efficace :<\/strong> ateliers de prise de parole en public, pr\u00e9sentations r\u00e9guli\u00e8res, feedback 360\u00ba.<\/li>\n\n\n\n<li><strong>Adaptabilit\u00e9:<\/strong> cours de nouvelles technologies, projets pilotes, mentorat.<\/li>\n\n\n\n<li><strong>Pens\u00e9e critique :<\/strong> analyse de cas, d\u00e9bats et exercices de r\u00e9solution de probl\u00e8mes.<\/li>\n\n\n\n<li><strong>Intelligence \u00e9motionnelle :<\/strong> pleine conscience, coaching et auto-\u00e9valuations p\u00e9riodiques.<\/li>\n\n\n\n<li><strong>Travail d&#039;\u00e9quipe:<\/strong> participation \u00e0 des projets collaboratifs et \u00e0 du b\u00e9n\u00e9volat d&#039;entreprise.<\/li>\n\n\n\n<li><strong>Cr\u00e9ativit\u00e9:<\/strong> des espaces d&#039;innovation, de brainstorming et de prototypage rapide.<\/li>\n\n\n\n<li><strong>Gestion du temps :<\/strong> outils de productivit\u00e9 num\u00e9rique, planification hebdomadaire.<\/li>\n\n\n\n<li><strong>Apprentissage continu :<\/strong> cours en ligne, webinaires, lecture des tendances.<\/li>\n\n\n\n<li><strong>Leadership inclusif :<\/strong> formation \u00e0 la diversit\u00e9, mentorat et feedback d&#039;\u00e9quipe.<\/li>\n\n\n\n<li><strong>N\u00e9gociation:<\/strong> jeux de r\u00f4le, \u00e9tudes de cas et simulations de conflits.<\/li>\n<\/ol>\n\n\n\n<h2 class=\"wp-block-heading\">Secteurs o\u00f9 les comp\u00e9tences non techniques ont le plus d&#039;impact au Mexique<\/h2>\n\n\n\n<ul>\n<li><strong>Technologie:<\/strong> collaboration, adaptabilit\u00e9 et apprentissage continu.<\/li>\n\n\n\n<li><strong>Services financiers :<\/strong> communication, n\u00e9gociation et pens\u00e9e critique.<\/li>\n\n\n\n<li><strong>Commerce de d\u00e9tail et commerce :<\/strong> service client, r\u00e9silience et gestion du temps.<\/li>\n\n\n\n<li><strong>Fabrication:<\/strong> travail d\u2019\u00e9quipe, r\u00e9solution de probl\u00e8mes et leadership inclusif.<\/li>\n\n\n\n<li><strong>Conseil et formation :<\/strong> cr\u00e9ativit\u00e9, intelligence \u00e9motionnelle et leadership.<\/li>\n<\/ul>\n\n\n\n<h2 class=\"wp-block-heading\">Exemples d&#039;applications professionnelles<\/h2>\n\n\n\n<p><strong>Exemple 1 :<\/strong> Laura, sp\u00e9cialiste en ressources humaines, met en \u0153uvre People Analytics en utilisant l&#039;intelligence \u00e9motionnelle pour interpr\u00e9ter les donn\u00e9es de performance et d&#039;environnement de travail.<\/p>\n\n\n\n<p>Leur approche am\u00e9liore la r\u00e9tention des talents de 18%.<\/p>\n\n\n\n<p><strong>Exemple 2 :<\/strong> Juan, concepteur UX, combine cr\u00e9ativit\u00e9 et pens\u00e9e critique pour am\u00e9liorer l&#039;exp\u00e9rience utilisateur d&#039;une application financi\u00e8re, augmentant l&#039;engagement et r\u00e9duisant les erreurs de navigation.<\/p>\n\n\n\n<h2 class=\"wp-block-heading\">Strat\u00e9gie pour int\u00e9grer les soft skills dans votre carri\u00e8re<\/h2>\n\n\n\n<ol>\n<li><strong>Auto-\u00e9valuation:<\/strong> identifie les points forts et les domaines \u00e0 am\u00e9liorer.<\/li>\n\n\n\n<li><strong>Plan de d\u00e9veloppement :<\/strong> s\u00e9lectionnez les comp\u00e9tences les plus pertinentes en fonction de votre secteur.<\/li>\n\n\n\n<li><strong>Pratique constante :<\/strong> appliquez ce que vous avez appris dans des projets r\u00e9els.<\/li>\n\n\n\n<li><strong>Visibilit\u00e9:<\/strong> communiquer vos comp\u00e9tences dans les r\u00e9seaux professionnels et lors des entretiens.<\/li>\n\n\n\n<li><strong>\u00c9valuation p\u00e9riodique :<\/strong> mesure les progr\u00e8s et ajuste les objectifs en fonction des \u00e9volutions du march\u00e9.<\/li>\n<\/ol>\n\n\n\n<h2 class=\"wp-block-heading\">Tendances qui influenceront les soft skills en 2025<\/h2>\n\n\n\n<ul>\n<li>L\u2019IA et l\u2019automatisation n\u00e9cessiteront davantage de collaboration homme-machine.<\/li>\n\n\n\n<li>Les \u00e9quipes hybrides augmentent l\u2019importance d\u2019une communication claire et d\u2019une gestion du temps.<\/li>\n\n\n\n<li>La diversit\u00e9 g\u00e9n\u00e9rationnelle et culturelle exige un leadership inclusif et de l\u2019empathie.<\/li>\n<\/ul>\n\n\n\n<p>Ces tendances soulignent que les comp\u00e9tences humaines resteront un facteur d\u00e9terminant, m\u00eame dans un environnement hautement technologique.<\/p>\n\n\n\n<h2 class=\"wp-block-heading\">Conclusion<\/h2>\n\n\n\n<p>Le <strong>Les comp\u00e9tences g\u00e9n\u00e9rales les plus valoris\u00e9es en 2025<\/strong> Ce n&#039;est ni un luxe ni un suppl\u00e9ment\u00a0; c&#039;est essentiel pour se d\u00e9marquer sur un march\u00e9 du travail en pleine mutation. Les d\u00e9velopper vous permet de\u00a0:<\/p>\n\n\n\n<ul>\n<li>S&#039;adapter aux nouveaux r\u00f4les et aux nouvelles technologies.<\/li>\n\n\n\n<li>Collaborer efficacement avec des \u00e9quipes diverses.<\/li>\n\n\n\n<li>Prenez des d\u00e9cisions \u00e9clair\u00e9es et cr\u00e9atives.<\/li>\n\n\n\n<li>Dirigez avec empathie et vision strat\u00e9gique.<\/li>\n<\/ul>\n\n\n\n<p>Investir dans ces comp\u00e9tences, c\u2019est investir dans votre avenir professionnel, en veillant \u00e0 ce que votre carri\u00e8re non seulement survive, mais prosp\u00e8re.<\/p>\n\n\n\n<p>En savoir plus:<a href=\"https:\/\/universofamilia.com\/fr\/tres-pilares-esenciales-para-una-carrera-robusta\/\">\u00a0Trois piliers essentiels pour une carri\u00e8re solide<\/a><\/p>\n\n\n\n<h2 class=\"wp-block-heading\">Questions fr\u00e9quemment pos\u00e9es<\/h2>\n\n\n\n<p><strong>Pourquoi les comp\u00e9tences g\u00e9n\u00e9rales sont-elles si importantes par rapport aux comp\u00e9tences techniques ?<\/strong><br>Parce qu\u2019ils vous permettent d\u2019appliquer efficacement les connaissances techniques, de vous adapter aux changements et de collaborer dans des environnements complexes.<\/p>\n\n\n\n<p><strong>Ces comp\u00e9tences peuvent-elles \u00eatre d\u00e9velopp\u00e9es de mani\u00e8re autodidacte ?<\/strong><br>Oui, gr\u00e2ce \u00e0 une pratique constante, des commentaires, des cours en ligne et des exp\u00e9riences de travail r\u00e9elles.<\/p>\n\n\n\n<p><strong>Quelle est la comp\u00e9tence non technique la plus valoris\u00e9e actuellement au Mexique ?<\/strong><br>Selon Hays et le Forum \u00e9conomique mondial, la communication efficace et l\u2019adaptabilit\u00e9 sont les facteurs qui motivent la demande.<\/p>\n\n\n\n<p><strong>Comment mesurer mes progr\u00e8s en soft skills ?<\/strong><br>Gr\u00e2ce \u00e0 des auto-\u00e9valuations p\u00e9riodiques, aux commentaires des coll\u00e8gues et \u00e0 des r\u00e9sultats de projet tangibles.<\/p>\n\n\n\n<p><strong>Quels secteurs n\u00e9cessitent le plus de cr\u00e9ativit\u00e9 et d\u2019innovation ?<\/strong><br>La technologie, le conseil, le design, le marketing num\u00e9rique et l\u2019\u00e9ducation sont les secteurs o\u00f9 la demande en cr\u00e9ativit\u00e9 appliqu\u00e9e est la plus \u00e9lev\u00e9e.<\/p>","protected":false},"excerpt":{"rendered":"<p>Dans un monde du travail o\u00f9 la technologie red\u00e9finit nos fa\u00e7ons de travailler, comprendre comment exploiter les comp\u00e9tences relationnelles les plus pr\u00e9cieuses en 2025 devient essentiel pour ceux qui souhaitent non seulement survivre, mais exceller. L&#039;automatisation, l&#039;intelligence artificielle, la mondialisation et les mod\u00e8les hybrides ont transform\u00e9 la dynamique des organisations. Aujourd&#039;hui, un dipl\u00f4me [\u2026]<\/p>","protected":false},"author":219,"featured_media":10200,"comment_status":"closed","ping_status":"open","sticky":false,"template":"","format":"standard","meta":{"footnotes":""},"categories":[5],"tags":[],"yoast_head":"<!-- This site is optimized with the Yoast SEO plugin v23.3 - https:\/\/yoast.com\/wordpress\/plugins\/seo\/ -->\n<title>Soft skills m\u00e1s valoradas en 2025 - Universo Fam\u00edlia<\/title>\n<meta name=\"description\" content=\"En un mundo laboral donde la tecnolog\u00eda redefine la manera de trabajar, entender c\u00f3mo potenciar las soft skills m\u00e1s valoradas en 2025 se...\" \/>\n<meta name=\"robots\" content=\"index, follow, max-snippet:-1, max-image-preview:large, max-video-preview:-1\" \/>\n<link rel=\"canonical\" href=\"http:\/\/universofamilia.com\/fr\/soft-skills-mas-valoradas-en-2025\/\" \/>\n<meta property=\"og:locale\" content=\"fr_FR\" \/>\n<meta property=\"og:type\" content=\"article\" \/>\n<meta property=\"og:title\" content=\"Soft skills m\u00e1s valoradas en 2025 - Universo Fam\u00edlia\" \/>\n<meta property=\"og:description\" content=\"En un mundo laboral donde la tecnolog\u00eda redefine la manera de trabajar, entender c\u00f3mo potenciar las soft skills m\u00e1s valoradas en 2025 se...\" \/>\n<meta property=\"og:url\" content=\"http:\/\/universofamilia.com\/fr\/soft-skills-mas-valoradas-en-2025\/\" \/>\n<meta property=\"og:site_name\" content=\"Universo Fam\u00edlia\" \/>\n<meta property=\"article:published_time\" content=\"2025-10-23T17:55:44+00:00\" \/>\n<meta property=\"article:modified_time\" content=\"2025-10-23T17:55:46+00:00\" \/>\n<meta property=\"og:image\" content=\"http:\/\/universofamilia.com\/wp-content\/uploads\/sites\/148\/2025\/10\/Destaque-Novo-Universo-20.jpg\" \/>\n\t<meta property=\"og:image:width\" content=\"450\" \/>\n\t<meta property=\"og:image:height\" content=\"250\" \/>\n\t<meta property=\"og:image:type\" content=\"image\/jpeg\" \/>\n<meta name=\"author\" content=\"Matheus Sangaletti\" \/>\n<meta name=\"twitter:card\" content=\"summary_large_image\" \/>\n<meta name=\"twitter:label1\" content=\"Written by\" \/>\n\t<meta name=\"twitter:data1\" content=\"Matheus Sangaletti\" \/>\n\t<meta name=\"twitter:label2\" content=\"Est. reading time\" \/>\n\t<meta name=\"twitter:data2\" content=\"9 minutes\" \/>\n<script type=\"application\/ld+json\" class=\"yoast-schema-graph\">{\"@context\":\"https:\/\/schema.org\",\"@graph\":[{\"@type\":\"WebPage\",\"@id\":\"http:\/\/universofamilia.com\/hu\/soft-skills-mas-valoradas-en-2025\/\",\"url\":\"http:\/\/universofamilia.com\/hu\/soft-skills-mas-valoradas-en-2025\/\",\"name\":\"Soft skills m\u00e1s valoradas en 2025 - Universo Fam\u00edlia\",\"isPartOf\":{\"@id\":\"http:\/\/universofamilia.com\/zh_hk\/#website\"},\"primaryImageOfPage\":{\"@id\":\"http:\/\/universofamilia.com\/hu\/soft-skills-mas-valoradas-en-2025\/#primaryimage\"},\"image\":{\"@id\":\"http:\/\/universofamilia.com\/hu\/soft-skills-mas-valoradas-en-2025\/#primaryimage\"},\"thumbnailUrl\":\"https:\/\/universofamilia.com\/wp-content\/uploads\/sites\/148\/2025\/10\/Destaque-Novo-Universo-20.jpg\",\"datePublished\":\"2025-10-23T17:55:44+00:00\",\"dateModified\":\"2025-10-23T17:55:46+00:00\",\"author\":{\"@id\":\"http:\/\/universofamilia.com\/zh_hk\/#\/schema\/person\/92fcd07e9b1f4323bf74f3170fc0f78a\"},\"description\":\"En un mundo laboral donde la tecnolog\u00eda redefine la manera de trabajar, entender c\u00f3mo potenciar las soft skills m\u00e1s valoradas en 2025 se...\",\"breadcrumb\":{\"@id\":\"http:\/\/universofamilia.com\/hu\/soft-skills-mas-valoradas-en-2025\/#breadcrumb\"},\"inLanguage\":\"fr-FR\",\"potentialAction\":[{\"@type\":\"ReadAction\",\"target\":[\"http:\/\/universofamilia.com\/hu\/soft-skills-mas-valoradas-en-2025\/\"]}]},{\"@type\":\"ImageObject\",\"inLanguage\":\"fr-FR\",\"@id\":\"http:\/\/universofamilia.com\/hu\/soft-skills-mas-valoradas-en-2025\/#primaryimage\",\"url\":\"https:\/\/universofamilia.com\/wp-content\/uploads\/sites\/148\/2025\/10\/Destaque-Novo-Universo-20.jpg\",\"contentUrl\":\"https:\/\/universofamilia.com\/wp-content\/uploads\/sites\/148\/2025\/10\/Destaque-Novo-Universo-20.jpg\",\"width\":450,\"height\":250},{\"@type\":\"BreadcrumbList\",\"@id\":\"http:\/\/universofamilia.com\/hu\/soft-skills-mas-valoradas-en-2025\/#breadcrumb\",\"itemListElement\":[{\"@type\":\"ListItem\",\"position\":1,\"name\":\"Home\",\"item\":\"http:\/\/universofamilia.com\/zh_hk\/\"},{\"@type\":\"ListItem\",\"position\":2,\"name\":\"Soft skills m\u00e1s valoradas en 2025\"}]},{\"@type\":\"WebSite\",\"@id\":\"http:\/\/universofamilia.com\/zh_hk\/#website\",\"url\":\"http:\/\/universofamilia.com\/zh_hk\/\",\"name\":\"Universo Fam\u00edlia\",\"description\":\"\",\"potentialAction\":[{\"@type\":\"SearchAction\",\"target\":{\"@type\":\"EntryPoint\",\"urlTemplate\":\"http:\/\/universofamilia.com\/zh_hk\/?s={search_term_string}\"},\"query-input\":\"required name=search_term_string\"}],\"inLanguage\":\"fr-FR\"},{\"@type\":\"Person\",\"@id\":\"http:\/\/universofamilia.com\/zh_hk\/#\/schema\/person\/92fcd07e9b1f4323bf74f3170fc0f78a\",\"name\":\"Matheus Sangaletti\",\"image\":{\"@type\":\"ImageObject\",\"inLanguage\":\"fr-FR\",\"@id\":\"http:\/\/universofamilia.com\/zh_hk\/#\/schema\/person\/image\/\",\"url\":\"https:\/\/secure.gravatar.com\/avatar\/280ea957a14a48e6a1ad2133d2cc27c9?s=96&d=mm&r=g\",\"contentUrl\":\"https:\/\/secure.gravatar.com\/avatar\/280ea957a14a48e6a1ad2133d2cc27c9?s=96&d=mm&r=g\",\"caption\":\"Matheus Sangaletti\"},\"url\":\"https:\/\/universofamilia.com\/fr\/author\/matheuss\/\"}]}<\/script>\n<!-- \/ Yoast SEO plugin. -->","yoast_head_json":{"title":"Soft skills m\u00e1s valoradas en 2025 - Universo Fam\u00edlia","description":"En un mundo laboral donde la tecnolog\u00eda redefine la manera de trabajar, entender c\u00f3mo potenciar las soft skills m\u00e1s valoradas en 2025 se...","robots":{"index":"index","follow":"follow","max-snippet":"max-snippet:-1","max-image-preview":"max-image-preview:large","max-video-preview":"max-video-preview:-1"},"canonical":"http:\/\/universofamilia.com\/fr\/soft-skills-mas-valoradas-en-2025\/","og_locale":"fr_FR","og_type":"article","og_title":"Soft skills m\u00e1s valoradas en 2025 - Universo Fam\u00edlia","og_description":"En un mundo laboral donde la tecnolog\u00eda redefine la manera de trabajar, entender c\u00f3mo potenciar las soft skills m\u00e1s valoradas en 2025 se...","og_url":"http:\/\/universofamilia.com\/fr\/soft-skills-mas-valoradas-en-2025\/","og_site_name":"Universo Fam\u00edlia","article_published_time":"2025-10-23T17:55:44+00:00","article_modified_time":"2025-10-23T17:55:46+00:00","og_image":[{"width":450,"height":250,"url":"http:\/\/universofamilia.com\/wp-content\/uploads\/sites\/148\/2025\/10\/Destaque-Novo-Universo-20.jpg","type":"image\/jpeg"}],"author":"Matheus Sangaletti","twitter_card":"summary_large_image","twitter_misc":{"Written by":"Matheus Sangaletti","Est. reading time":"9 minutes"},"schema":{"@context":"https:\/\/schema.org","@graph":[{"@type":"WebPage","@id":"http:\/\/universofamilia.com\/hu\/soft-skills-mas-valoradas-en-2025\/","url":"http:\/\/universofamilia.com\/hu\/soft-skills-mas-valoradas-en-2025\/","name":"Soft skills m\u00e1s valoradas en 2025 - Universo Fam\u00edlia","isPartOf":{"@id":"http:\/\/universofamilia.com\/zh_hk\/#website"},"primaryImageOfPage":{"@id":"http:\/\/universofamilia.com\/hu\/soft-skills-mas-valoradas-en-2025\/#primaryimage"},"image":{"@id":"http:\/\/universofamilia.com\/hu\/soft-skills-mas-valoradas-en-2025\/#primaryimage"},"thumbnailUrl":"https:\/\/universofamilia.com\/wp-content\/uploads\/sites\/148\/2025\/10\/Destaque-Novo-Universo-20.jpg","datePublished":"2025-10-23T17:55:44+00:00","dateModified":"2025-10-23T17:55:46+00:00","author":{"@id":"http:\/\/universofamilia.com\/zh_hk\/#\/schema\/person\/92fcd07e9b1f4323bf74f3170fc0f78a"},"description":"En un mundo laboral donde la tecnolog\u00eda redefine la manera de trabajar, entender c\u00f3mo potenciar las soft skills m\u00e1s valoradas en 2025 se...","breadcrumb":{"@id":"http:\/\/universofamilia.com\/hu\/soft-skills-mas-valoradas-en-2025\/#breadcrumb"},"inLanguage":"fr-FR","potentialAction":[{"@type":"ReadAction","target":["http:\/\/universofamilia.com\/hu\/soft-skills-mas-valoradas-en-2025\/"]}]},{"@type":"ImageObject","inLanguage":"fr-FR","@id":"http:\/\/universofamilia.com\/hu\/soft-skills-mas-valoradas-en-2025\/#primaryimage","url":"https:\/\/universofamilia.com\/wp-content\/uploads\/sites\/148\/2025\/10\/Destaque-Novo-Universo-20.jpg","contentUrl":"https:\/\/universofamilia.com\/wp-content\/uploads\/sites\/148\/2025\/10\/Destaque-Novo-Universo-20.jpg","width":450,"height":250},{"@type":"BreadcrumbList","@id":"http:\/\/universofamilia.com\/hu\/soft-skills-mas-valoradas-en-2025\/#breadcrumb","itemListElement":[{"@type":"ListItem","position":1,"name":"Home","item":"http:\/\/universofamilia.com\/zh_hk\/"},{"@type":"ListItem","position":2,"name":"Soft skills m\u00e1s valoradas en 2025"}]},{"@type":"WebSite","@id":"http:\/\/universofamilia.com\/zh_hk\/#website","url":"http:\/\/universofamilia.com\/zh_hk\/","name":"Universo Fam\u00edlia","description":"","potentialAction":[{"@type":"SearchAction","target":{"@type":"EntryPoint","urlTemplate":"http:\/\/universofamilia.com\/zh_hk\/?s={search_term_string}"},"query-input":"required name=search_term_string"}],"inLanguage":"fr-FR"},{"@type":"Person","@id":"http:\/\/universofamilia.com\/zh_hk\/#\/schema\/person\/92fcd07e9b1f4323bf74f3170fc0f78a","name":"Matheus Sangaletti","image":{"@type":"ImageObject","inLanguage":"fr-FR","@id":"http:\/\/universofamilia.com\/zh_hk\/#\/schema\/person\/image\/","url":"https:\/\/secure.gravatar.com\/avatar\/280ea957a14a48e6a1ad2133d2cc27c9?s=96&d=mm&r=g","contentUrl":"https:\/\/secure.gravatar.com\/avatar\/280ea957a14a48e6a1ad2133d2cc27c9?s=96&d=mm&r=g","caption":"Matheus Sangaletti"},"url":"https:\/\/universofamilia.com\/fr\/author\/matheuss\/"}]}},"_links":{"self":[{"href":"https:\/\/universofamilia.com\/fr\/wp-json\/wp\/v2\/posts\/10199"}],"collection":[{"href":"https:\/\/universofamilia.com\/fr\/wp-json\/wp\/v2\/posts"}],"about":[{"href":"https:\/\/universofamilia.com\/fr\/wp-json\/wp\/v2\/types\/post"}],"author":[{"embeddable":true,"href":"https:\/\/universofamilia.com\/fr\/wp-json\/wp\/v2\/users\/219"}],"replies":[{"embeddable":true,"href":"https:\/\/universofamilia.com\/fr\/wp-json\/wp\/v2\/comments?post=10199"}],"version-history":[{"count":1,"href":"https:\/\/universofamilia.com\/fr\/wp-json\/wp\/v2\/posts\/10199\/revisions"}],"predecessor-version":[{"id":10203,"href":"https:\/\/universofamilia.com\/fr\/wp-json\/wp\/v2\/posts\/10199\/revisions\/10203"}],"wp:featuredmedia":[{"embeddable":true,"href":"https:\/\/universofamilia.com\/fr\/wp-json\/wp\/v2\/media\/10200"}],"wp:attachment":[{"href":"https:\/\/universofamilia.com\/fr\/wp-json\/wp\/v2\/media?parent=10199"}],"wp:term":[{"taxonomy":"category","embeddable":true,"href":"https:\/\/universofamilia.com\/fr\/wp-json\/wp\/v2\/categories?post=10199"},{"taxonomy":"post_tag","embeddable":true,"href":"https:\/\/universofamilia.com\/fr\/wp-json\/wp\/v2\/tags?post=10199"}],"curies":[{"name":"wp","href":"https:\/\/api.w.org\/{rel}","templated":true}]}}