{"id":10213,"date":"2025-10-27T12:35:00","date_gmt":"2025-10-27T15:35:00","guid":{"rendered":"https:\/\/universofamilia.com\/?p=10213"},"modified":"2025-10-27T12:35:18","modified_gmt":"2025-10-27T15:35:18","slug":"economia-mundial-en-2025-recesion-o-recuperacion","status":"publish","type":"post","link":"https:\/\/universofamilia.com\/fr\/economia-mundial-en-2025-recesion-o-recuperacion\/","title":{"rendered":"\u00c9conomie mondiale en 2025 : r\u00e9cession ou reprise ?"},"content":{"rendered":"<p class=\"has-text-align-center\">Nous analyserons les perspectives du FMI sur la <strong>\u00e9conomie mondiale en 2025<\/strong>, les facteurs indiquant une r\u00e9cession ou une reprise et leurs implications pour l\u2019Am\u00e9rique latine.<\/p>\n\n\n\n<figure class=\"wp-block-gallery aligncenter has-nested-images columns-default is-cropped wp-block-gallery-1 is-layout-flex wp-block-gallery-is-layout-flex\">\n<figure class=\"wp-block-image size-full\"><img loading=\"lazy\" decoding=\"async\" width=\"450\" height=\"250\" data-id=\"10215\" src=\"https:\/\/universofamilia.com\/wp-content\/uploads\/sites\/148\/2025\/10\/Destaque-Novo-Universo-23-1.jpg\" alt=\"\" class=\"wp-image-10215\" srcset=\"https:\/\/universofamilia.com\/wp-content\/uploads\/sites\/148\/2025\/10\/Destaque-Novo-Universo-23-1.jpg 450w, https:\/\/universofamilia.com\/wp-content\/uploads\/sites\/148\/2025\/10\/Destaque-Novo-Universo-23-1-300x167.jpg 300w, https:\/\/universofamilia.com\/wp-content\/uploads\/sites\/148\/2025\/10\/Destaque-Novo-Universo-23-1-18x10.jpg 18w\" sizes=\"(max-width: 450px) 100vw, 450px\" \/><figcaption class=\"wp-element-caption\">CANVA<\/figcaption><\/figure>\n<\/figure>\n\n\n\n<p class=\"has-text-align-center\">Nous explorerons \u00e9galement les d\u00e9cisions strat\u00e9giques qui pourraient faire la diff\u00e9rence pour les pays et les entreprises.<\/p>\n\n\n\n<p class=\"has-text-align-center\">Avec une approche humaine et r\u00e9aliste, j&#039;expliquerai clairement pourquoi la question <strong>\u00ab Fonds mon\u00e9taire international 2025 : r\u00e9cession ou reprise ? \u00bb<\/strong> est plus pertinent que jamais.<\/p>\n\n\n\n<p><br><strong>\u00c9conomie mondiale en 2025 : r\u00e9cession ou reprise ?<\/strong><\/p>\n\n\n\n<p>Il est au centre du d\u00e9bat \u00e9conomique cette ann\u00e9e, et de fait, le mot-cl\u00e9 appara\u00eet d\u00e8s la premi\u00e8re ligne pour renforcer naturellement sa pr\u00e9sence.<\/p>\n\n\n\n<p>Il ne s\u2019agit pas d\u2019un sc\u00e9nario hypoth\u00e9tique ; les donn\u00e9es r\u00e9centes du FMI montrent que la croissance mondiale devrait \u00eatre d\u2019environ 3,2 % au troisi\u00e8me trimestre 2013 pour cette ann\u00e9e, soit un l\u00e9ger ralentissement par rapport aux 3,3 % du troisi\u00e8me trimestre 2013 en 2024.<\/p>\n\n\n\n<p>En termes simples, l\u2019\u00e9conomie mondiale n\u2019est pas au bord de l\u2019effondrement, mais elle \u00e9volue sur un terrain difficile.<\/p>\n\n\n\n<p>C&#039;est comme conduire sur une autoroute en bon \u00e9tat, mais avec une temp\u00eate inattendue \u00e0 l&#039;horizon. Vous pouvez maintenir le cap, mais vous devez ajuster votre vitesse, vos freins et votre attention.<\/p>\n\n\n\n<p>Cette analogie permet de comprendre pourquoi ce moment exige prudence et d\u00e9termination.<\/p>\n\n\n\n<p>Ensuite, nous examinerons les principaux vecteurs de risque et d\u2019opportunit\u00e9, la mani\u00e8re dont les obstacles diff\u00e8rent entre les pays d\u00e9velopp\u00e9s et les pays \u00e9mergents, et enfin, quels pourraient \u00eatre les sc\u00e9narios r\u00e9els pour vous, votre entreprise ou votre pays d\u2019Am\u00e9rique latine.<\/p>\n\n\n\n<h2 class=\"wp-block-heading\">Perspectives mondiales : croissance mod\u00e9r\u00e9e, risques \u00e9lev\u00e9s<\/h2>\n\n\n\n<p>La derni\u00e8re \u00e9dition des Perspectives de l&#039;\u00e9conomie mondiale (WEO) du Fonds mon\u00e9taire international pr\u00e9vient que la croissance mondiale va progressivement ralentir : de 3,3 % en 2024 \u00e0 environ 3,2 % en 2025 et 3,1 % en 2026.<\/p>\n\n\n\n<ul>\n<li>Dans les \u00e9conomies avanc\u00e9es, la croissance devrait \u00eatre d\u2019environ 1,5 % en 2025.<\/li>\n\n\n\n<li>Dans les march\u00e9s \u00e9mergents et en d\u00e9veloppement, un peu plus de 4 % sont attendus, bien qu&#039;avec une tendance clairement \u00e0 la hausse.<\/li>\n<\/ul>\n\n\n\n<p>Ce ralentissement de la croissance n\u2019implique pas automatiquement une r\u00e9cession ; toutefois, la marge de man\u0153uvre est beaucoup plus \u00e9troite.<\/p>\n\n\n\n<p>Des facteurs tels que les tensions commerciales, les probl\u00e8mes d\u2019approvisionnement en main-d\u2019\u0153uvre et l\u2019accumulation de la dette publique affectent la r\u00e9silience.<\/p>\n\n\n\n<p>Par exemple, le rapport note que \u00ab les risques sont orient\u00e9s \u00e0 la baisse \u00bb.<\/p>\n\n\n\n<p>Une statistique pertinente : selon le WEO d&#039;octobre 2025, la croissance mondiale estim\u00e9e est <strong>3.2 %<\/strong> pour cette ann\u00e9e.<\/p>\n\n\n\n<p>L&#039;image qui nous reste est celle d&#039;un ballon qui continue \u00e0 gonfler, mais avec de petites fuites : il reste en l&#039;air, mais avec un effort suppl\u00e9mentaire et le risque de se d\u00e9gonfler si de nouveaux chocs se produisent.<\/p>\n\n\n\n<p>En ce sens, le titre <strong>\u00ab L\u2019\u00e9conomie mondiale en 2025 : r\u00e9cession ou reprise ? \u00bb<\/strong> C\u2019est une question pertinente qui n\u00e9cessite une analyse minutieuse.<\/p>\n\n\n\n<h2 class=\"wp-block-heading\">Facteurs poussant vers la r\u00e9cession<\/h2>\n\n\n\n<h3 class=\"wp-block-heading\">a) Tensions et fragmentation commerciales<\/h3>\n\n\n\n<p>La r\u00e9organisation des cha\u00eenes de valeur, ainsi que la hausse des tarifs douaniers et des barri\u00e8res commerciales, g\u00e9n\u00e8rent de l\u2019incertitude. <\/p>\n\n\n\n<p>L\u2019Organisation mondiale de l\u2019\u00e9conomie mondiale (WEO) pr\u00e9vient que le resserrement excessif des politiques commerciales et la fragmentation mondiale pourraient entraver l\u2019investissement.<\/p>\n\n\n\n<h3 class=\"wp-block-heading\">b) Probl\u00e8mes du march\u00e9 du travail et de la d\u00e9mographie<\/h3>\n\n\n\n<p>Le vieillissement de la population, la baisse du taux de participation au march\u00e9 du travail et la p\u00e9nurie de main-d\u2019\u0153uvre qualifi\u00e9e chez les jeunes constituent des contraintes structurelles.<\/p>\n\n\n\n<p>Le rapport indique que pour stimuler la croissance, il faut am\u00e9liorer la participation au march\u00e9 du travail des personnes \u00e2g\u00e9es et des femmes.<\/p>\n\n\n\n<h3 class=\"wp-block-heading\">c) Endettement \u00e9lev\u00e9 et vuln\u00e9rabilit\u00e9 financi\u00e8re<\/h3>\n\n\n\n<p>La combinaison d\u2019une croissance lente et d\u2019un niveau d\u2019endettement \u00e9lev\u00e9 laisse \u00e0 de nombreux pays une marge de man\u0153uvre limit\u00e9e en cas de crise.<\/p>\n\n\n\n<p>Le FMI pr\u00e9vient qu\u2019une correction financi\u00e8re, un sc\u00e9nario que beaucoup consid\u00e8rent comme peu probable, demeure une menace latente.<\/p>\n\n\n\n<h3 class=\"wp-block-heading\">d) Chocs inattendus : climat, g\u00e9opolitique, technologie<\/h3>\n\n\n\n<p>Un exemple pourrait \u00eatre un conflit r\u00e9gional perturbant des exportations cl\u00e9s ou une crise \u00e9nerg\u00e9tique soudaine.<\/p>\n\n\n\n<p>Dans de tels cas, le risque de tomber en r\u00e9cession augmente consid\u00e9rablement.<\/p>\n\n\n\n<p>L\u2019analogie ici serait celle d\u2019un v\u00e9lo voyageant avec un vent favorable : d\u00e8s que le vent change de direction, l\u2019\u00e9quilibre est perdu.<\/p>\n\n\n\n<p>Un sc\u00e9nario de r\u00e9cession ne semble donc pas \u00eatre le sc\u00e9nario le plus probable en 2025, mais il ne peut \u00eatre exclu.<\/p>\n\n\n\n<p>Et c\u2019est pr\u00e9cis\u00e9ment \u00e0 cause de ce niveau de risque \u00e9lev\u00e9 que la question se pose. <strong>\u00ab L\u2019\u00e9conomie mondiale en 2025 : r\u00e9cession ou reprise ? \u00bb<\/strong> devrait \u00eatre pris au s\u00e9rieux.<\/p>\n\n\n\n<h2 class=\"wp-block-heading\">Facteurs favorisant la reprise<\/h2>\n\n\n\n<h3 class=\"wp-block-heading\">a) Adaptation et r\u00e9silience<\/h3>\n\n\n\n<p>Le fait que la croissance mondiale ne se soit pas effondr\u00e9e (3,2 %) indique qu\u2019il existe une capacit\u00e9 de r\u00e9silience : les secteurs technologiques, la consommation int\u00e9rieure dans les march\u00e9s \u00e9mergents et la r\u00e9duction de certaines barri\u00e8res commerciales y contribuent tous.<\/p>\n\n\n\n<h3 class=\"wp-block-heading\">b) Potentiel de changement structurel (IA, num\u00e9risation)<\/h3>\n\n\n\n<p>Une \u00e9tude r\u00e9cente analyse l\u2019impact de l\u2019adoption de l\u2019intelligence artificielle (IA) sur le produit int\u00e9rieur brut (PIB) mondial, sugg\u00e9rant que la productivit\u00e9 pourrait \u00eatre stimul\u00e9e si elle \u00e9tait accompagn\u00e9e de politiques appropri\u00e9es.<\/p>\n\n\n\n<h3 class=\"wp-block-heading\">c) Reprise du secteur post-pand\u00e9mique<\/h3>\n\n\n\n<p>Les secteurs qui ont pris du retard pendant la pand\u00e9mie (voyages, loisirs, services en personne) montrent des signes de reprise, permettant de r\u00e9activer une partie du \u00ab capital dormant \u00bb.<\/p>\n\n\n\n<h3 class=\"wp-block-heading\">d) Coop\u00e9ration internationale et r\u00e9formes structurelles<\/h3>\n\n\n\n<p>Si les gouvernements optent pour des politiques plus coordonn\u00e9es, r\u00e9duisent les barri\u00e8res commerciales et mettent en \u0153uvre des r\u00e9formes de productivit\u00e9, ils peuvent provoquer des changements significatifs.<\/p>\n\n\n\n<p>Le rapport du WEO mentionne que \u00ab des mesures constructives visant \u00e0 promouvoir un environnement commercial stable et pr\u00e9visible \u00bb sont essentielles.<\/p>\n\n\n\n<p>Un exemple concret : un pays d\u2019Am\u00e9rique latine qui investit syst\u00e9matiquement dans les infrastructures num\u00e9riques et dans l\u2019\u00e9ducation aux comp\u00e9tences technologiques pourrait en b\u00e9n\u00e9ficier beaucoup plus rapidement qu\u2019un pays qui continue uniquement avec des politiques traditionnelles. <\/p>\n\n\n\n<p>Ceci illustre comment la reprise peut \u00eatre acc\u00e9l\u00e9r\u00e9e si les d\u00e9cisions sont prises en fonction du contexte mondial.<\/p>\n\n\n\n<h2 class=\"wp-block-heading\">4. Sc\u00e9narios possibles pour 2025 et leurs implications<\/h2>\n\n\n\n<h3 class=\"wp-block-heading\">Sc\u00e9nario A \u2013 Stagnation douce<\/h3>\n\n\n\n<p>Dans ce cas, la croissance reste proche du 3 % mondial, sans r\u00e9cession, mais aussi sans reprise vigoureuse.<\/p>\n\n\n\n<p>Les entreprises connaissent une croissance mod\u00e9r\u00e9e, mais la fen\u00eatre d\u2019innovation se r\u00e9tr\u00e9cit.<\/p>\n\n\n\n<p>Dans ce sc\u00e9nario, de nombreuses \u00e9conomies \u00e9mergentes continuent de montrer la voie, tandis que les \u00e9conomies avanc\u00e9es fl\u00e9chissent l\u00e9g\u00e8rement.<\/p>\n\n\n\n<h3 class=\"wp-block-heading\">Sc\u00e9nario B \u2013 R\u00e9cup\u00e9ration mod\u00e9r\u00e9e en forme d\u2019escargot<\/h3>\n\n\n\n<p>Ici, l\u2019adaptation technologique, les am\u00e9liorations de la productivit\u00e9 et la coop\u00e9ration internationale se combinent pour permettre \u00e0 la croissance d\u2019atteindre 3,5 % ou plus \u00e0 l\u2019\u00e9chelle mondiale.<\/p>\n\n\n\n<p>Pour les pays qui m\u00e8nent des r\u00e9formes actives, cela signifie une augmentation des investissements \u00e9trangers, une augmentation des exportations \u00e0 valeur ajout\u00e9e et une am\u00e9lioration de l\u2019emploi.<\/p>\n\n\n\n<h3 class=\"wp-block-heading\">Sc\u00e9nario C \u2013 R\u00e9cession localis\u00e9e ou g\u00e9n\u00e9ralis\u00e9e<\/h3>\n\n\n\n<p>Bien que cela soit peu probable \u00e0 l\u2019\u00e9chelle mondiale, certains pays ou r\u00e9gions pourraient tomber en r\u00e9cession, par exemple les \u00e9conomies fortement endett\u00e9es, celles qui connaissent des crises bancaires ou celles qui sont touch\u00e9es par des chocs externes.<\/p>\n\n\n\n<p>Le titre <strong>\u00ab L\u2019\u00e9conomie mondiale en 2025 : r\u00e9cession ou reprise ? \u00bb<\/strong> C\u2019est l\u00e0 tout l\u2019enjeu : il ne s\u2019agit pas tant de savoir s\u2019il y aura une r\u00e9cession mondiale totale, mais plut\u00f4t de savoir combien de pays et lesquels pourraient \u00eatre exclus du cycle positif.<\/p>\n\n\n\n<p>Pour ceux qui op\u00e8rent en Am\u00e9rique latine ou au Mexique, cela signifie qu\u2019il est essentiel de ne pas supposer que \u00ab le contexte est neutre \u00bb.<\/p>\n\n\n\n<p>Si vous faites partie du groupe des \u00e9conomies expos\u00e9es aux mati\u00e8res premi\u00e8res, au tourisme ou aux secteurs sensibles, vous devriez pr\u00e9voir le sc\u00e9nario B ou C, et pas seulement le sc\u00e9nario A.<\/p>\n\n\n\n<h2 class=\"wp-block-heading\">Que peuvent faire les pays et les entreprises d\u2019Am\u00e9rique latine ?<\/h2>\n\n\n\n<h3 class=\"wp-block-heading\">Pour les pays<\/h3>\n\n\n\n<ul>\n<li>Donner la priorit\u00e9 aux politiques visant \u00e0 stimuler la productivit\u00e9 : investissement dans le capital humain, la num\u00e9risation et les infrastructures.<\/li>\n\n\n\n<li>Consolider les finances publiques : dette accessible, marges de man\u0153uvre suffisantes face aux chocs ext\u00e9rieurs.<\/li>\n\n\n\n<li>Promouvoir l\u2019ouverture commerciale et la diversification des march\u00e9s pour r\u00e9duire la d\u00e9pendance \u00e0 l\u2019\u00e9gard d\u2019une seule r\u00e9gion.<\/li>\n<\/ul>\n\n\n\n<h3 class=\"wp-block-heading\">Pour les entreprises<\/h3>\n\n\n\n<ul>\n<li>Anticipez le sc\u00e9nario de croissance mod\u00e9r\u00e9e : optimisez les co\u00fbts, recherchez des march\u00e9s de niche, adoptez la technologie pour vous diff\u00e9rencier.<\/li>\n\n\n\n<li>Renforcez votre r\u00e9silience financi\u00e8re : disposez de liquidit\u00e9s, r\u00e9duisez votre endettement et pr\u00e9voyez des plans d\u2019urgence en cas de ralentissement \u00e9conomique.<\/li>\n\n\n\n<li>Consid\u00e9rez la disruption technologique non seulement comme une menace, mais aussi comme une opportunit\u00e9 : imaginez deux startups mexicaines, l\u2019une qui a investi dans l\u2019IA dans la logistique et l\u2019autre qui ne l\u2019a pas fait : la premi\u00e8re peut stimuler sa croissance dans un monde o\u00f9 l\u2019efficacit\u00e9 est primordiale.<\/li>\n<\/ul>\n\n\n\n<p>Une analogie utile : une entreprise est comme un voilier naviguant dans une mer aux courants faibles et aux vents irr\u00e9guliers.<\/p>\n\n\n\n<p>Si vous r\u00e9duisez vos voiles (technologie), gardez votre coque propre (productivit\u00e9) et disposez de cartes \u00e0 jour (donn\u00e9es \u00e9conomiques), vous pourrez avancer m\u00eame lorsque le vent est faible.<\/p>\n\n\n\n<p>Ceux qui suivent uniquement la voie traditionnelle seront laiss\u00e9s pour compte.<\/p>\n\n\n\n<figure class=\"wp-block-gallery aligncenter has-nested-images columns-default is-cropped wp-block-gallery-2 is-layout-flex wp-block-gallery-is-layout-flex\">\n<figure class=\"wp-block-image size-full\"><img loading=\"lazy\" decoding=\"async\" width=\"450\" height=\"250\" data-id=\"10216\" src=\"https:\/\/universofamilia.com\/wp-content\/uploads\/sites\/148\/2025\/10\/Destaque-Novo-Universo-24.jpg\" alt=\"\" class=\"wp-image-10216\" srcset=\"https:\/\/universofamilia.com\/wp-content\/uploads\/sites\/148\/2025\/10\/Destaque-Novo-Universo-24.jpg 450w, https:\/\/universofamilia.com\/wp-content\/uploads\/sites\/148\/2025\/10\/Destaque-Novo-Universo-24-300x167.jpg 300w, https:\/\/universofamilia.com\/wp-content\/uploads\/sites\/148\/2025\/10\/Destaque-Novo-Universo-24-18x10.jpg 18w\" sizes=\"(max-width: 450px) 100vw, 450px\" \/><figcaption class=\"wp-element-caption\">CANVA<\/figcaption><\/figure>\n<\/figure>\n\n\n\n<p>En savoir plus:\u00a0<a href=\"https:\/\/universofamilia.com\/fr\/crisis-climatica-global\/\">Crise climatique mondiale : les impacts affectent d\u00e9j\u00e0 des millions de personnes<\/a><\/p>\n\n\n\n<h2 class=\"wp-block-heading\">Alors, sommes-nous confront\u00e9s \u00e0 une r\u00e9cession ou \u00e0 une reprise ?<\/h2>\n\n\n\n<p>La r\u00e9ponse est : <strong>les deux \u00e0 des doses diff\u00e9rentes<\/strong>.<\/p>\n\n\n\n<p>Une r\u00e9cession mondiale n\u2019est pas in\u00e9vitable en 2025, pas plus qu\u2019une reprise \u00e9conomique exub\u00e9rante.<\/p>\n\n\n\n<p>Nous nous trouvons plut\u00f4t \u00e0 un tournant o\u00f9 beaucoup d\u00e9pendra des d\u00e9cisions prises, tant au niveau macro\u00e9conomique qu\u2019au niveau des entreprises.<\/p>\n\n\n\n<p>Le titre <strong>\u00ab L\u2019\u00e9conomie mondiale en 2025 : r\u00e9cession ou reprise ? \u00bb<\/strong> contient cette dualit\u00e9.<\/p>\n\n\n\n<p>Si les gouvernements et les organisations agissent avec vision, nous pourrions assister \u00e0 une reprise mod\u00e9r\u00e9e.<\/p>\n\n\n\n<p>Si l\u2019inertie, la fragmentation et l\u2019endettement incontr\u00f4l\u00e9 pr\u00e9valent, certaines r\u00e9gions pourraient sombrer dans la r\u00e9cession.<\/p>\n\n\n\n<p>La cl\u00e9 est d\u2019anticiper plut\u00f4t que de r\u00e9agir lorsque le d\u00e9clin est d\u00e9j\u00e0 perceptible.<\/p>\n\n\n\n<p>Si une entreprise ou un pays attend que la \u00ab temp\u00eate \u00bb frappe avant d\u2019agir, il sera d\u00e9savantag\u00e9 par rapport \u00e0 ceux qui ont d\u00e9j\u00e0 ajust\u00e9 leurs voiles.<\/p>\n\n\n\n<h2 class=\"wp-block-heading\">Conclusion<\/h2>\n\n\n\n<p>L\u2019ann\u00e9e 2025 repr\u00e9sente un d\u00e9fi tr\u00e8s particulier pour l\u2019\u00e9conomie mondiale.<\/p>\n\n\n\n<p>Avec une croissance mondiale projet\u00e9e autour de 3,2 % au premier trimestre 2019, nous sommes loin d\u2019une reprise explosive et pas encore au bord de l\u2019effondrement.<\/p>\n\n\n\n<p>Mais les marges se r\u00e9duisent, les risques augmentent et il faut saisir cette opportunit\u00e9 d\u00e8s maintenant.<\/p>\n\n\n\n<p>La question <strong>\u00ab L\u2019\u00e9conomie mondiale en 2025 : r\u00e9cession ou reprise ? \u00bb<\/strong> Ce n\u2019est pas seulement de la rh\u00e9torique ; c\u2019est un appel \u00e0 l\u2019action.<\/p>\n\n\n\n<p>Pour les \u00e9conomies \u00e9mergentes, pour les entreprises et les investisseurs, le moment est venu de planifier.<\/p>\n\n\n\n<p>La diff\u00e9rence entre ceux qui g\u00e8rent bien ce cycle et ceux qui le sous-estiment pourrait d\u00e9terminer les cinq \u00e0 dix prochaines ann\u00e9es d\u2019avantage ou de retard.<\/p>\n\n\n\n<p>Je vous invite \u00e0 analyser : \u00eates-vous sur le bateau qui ajuste ses voiles et nettoie sa coque, ou sur celui qui attend que le vent se l\u00e8ve tout seul ?<\/p>\n\n\n\n<p>En savoir plus:\u00a0<a href=\"https:\/\/universofamilia.com\/fr\/el-papel-de-la-tecnologia-en-las-elecciones-internacionales\/\">Le r\u00f4le de la technologie dans les \u00e9lections internationales<\/a><\/p>\n\n\n\n<h2 class=\"wp-block-heading\">Foire aux questions (FAQ)<\/h2>\n\n\n\n<p><strong>Devons-nous nous pr\u00e9parer \u00e0 une r\u00e9cession mondiale en 2025 ?<\/strong><br>Une r\u00e9cession n\u2019est pas in\u00e9vitable pour la plan\u00e8te enti\u00e8re.<\/p>\n\n\n\n<p>Il est toutefois conseill\u00e9 de se pr\u00e9parer au moins \u00e0 une p\u00e9riode de stagnation ou de croissance mod\u00e9r\u00e9e.<\/p>\n\n\n\n<p>Cela implique d\u2019ajuster les finances, les machines de production et les attentes.<\/p>\n\n\n\n<p><strong>Le Mexique peut-il b\u00e9n\u00e9ficier de la reprise mondiale ?<\/strong><br>Oui, le Mexique peut tirer profit des march\u00e9s d\u2019exportation, adopter la technologie et se positionner dans des niches \u00e0 valeur ajout\u00e9e.<\/p>\n\n\n\n<p>Mais elle est \u00e9galement expos\u00e9e si elle s\u2019appuie excessivement sur les mati\u00e8res premi\u00e8res ou les secteurs traditionnels.<\/p>\n\n\n\n<p><strong>Quels secteurs ont les meilleures chances de croissance dans ce contexte ?<\/strong><br><\/p>\n\n\n\n<p>Les secteurs li\u00e9s \u00e0 la technologie, \u00e0 la num\u00e9risation, aux \u00e9nergies renouvelables, \u00e0 la logistique intelligente et \u00e0 la production orient\u00e9e vers l\u2019exportation sont plus susceptibles d\u2019exceller.<\/p>\n\n\n\n<p>En revanche, les secteurs fortement expos\u00e9s aux mati\u00e8res premi\u00e8res et sans diversification risquent d\u2019\u00eatre \u00e0 la tra\u00eene.<\/p>\n\n\n\n<p><strong>Quel r\u00f4le joue la coop\u00e9ration internationale ?<\/strong><br>C&#039;est essentiel. La r\u00e9duction des barri\u00e8res commerciales, l&#039;am\u00e9lioration des cha\u00eenes d&#039;approvisionnement mondiales et la coordination des politiques macro\u00e9conomiques contribuent \u00e0 cr\u00e9er un environnement plus propice \u00e0 la croissance.<\/p>\n\n\n\n<p>Si la fragmentation s\u2019intensifie, le risque de r\u00e9cession augmente.<\/p>\n\n\n\n<p><strong>Quelle est la principale recommandation pour une entreprise en Am\u00e9rique latine ?<\/strong><br><\/p>\n\n\n\n<p>\u00c9valuez votre exposition au risque international, investissez dans la technologie et la productivit\u00e9, r\u00e9duisez les vuln\u00e9rabilit\u00e9s financi\u00e8res et cherchez \u00e0 diversifier les march\u00e9s.<\/p>\n\n\n\n<p>Ne pr\u00e9sumez pas que le cycle n\u2019apportera que des vents favorables ; pr\u00e9parez-vous \u00e0 des rafales et au calme.<\/p>","protected":false},"excerpt":{"rendered":"<p>Analizaremos el panorama del FMI sobre la econom\u00eda mundial en 2025, los factores que apuntan a recesi\u00f3n o recuperaci\u00f3n y sus implicaciones para Am\u00e9rica Latina. Tambi\u00e9n exploraremos qu\u00e9 decisiones estrat\u00e9gicas podr\u00edan marcar la diferencia para los pa\u00edses y las empresas. Con enfoque humano y realista, explicar\u00e9 con claridad por qu\u00e9 la interrogante \u201cInternational Monetary Fund [&hellip;]<\/p>","protected":false},"author":219,"featured_media":10214,"comment_status":"closed","ping_status":"open","sticky":false,"template":"","format":"standard","meta":{"footnotes":""},"categories":[4],"tags":[],"yoast_head":"<!-- This site is optimized with the Yoast SEO plugin v23.3 - https:\/\/yoast.com\/wordpress\/plugins\/seo\/ -->\n<title>Econom\u00eda mundial en 2025: \u00bfrecesi\u00f3n o recuperaci\u00f3n? - Universo Fam\u00edlia<\/title>\n<meta name=\"description\" content=\"Analizaremos el panorama del FMI sobre la econom\u00eda mundial en 2025, los factores que apuntan a recesi\u00f3n o recuperaci\u00f3n y sus implicaciones..\" \/>\n<meta name=\"robots\" content=\"index, follow, max-snippet:-1, max-image-preview:large, max-video-preview:-1\" \/>\n<link rel=\"canonical\" href=\"https:\/\/universofamilia.com\/fr\/economia-mundial-en-2025-recesion-o-recuperacion\/\" \/>\n<meta property=\"og:locale\" content=\"fr_FR\" \/>\n<meta property=\"og:type\" content=\"article\" \/>\n<meta property=\"og:title\" content=\"Econom\u00eda mundial en 2025: \u00bfrecesi\u00f3n o recuperaci\u00f3n? - Universo Fam\u00edlia\" \/>\n<meta property=\"og:description\" content=\"Analizaremos el panorama del FMI sobre la econom\u00eda mundial en 2025, los factores que apuntan a recesi\u00f3n o recuperaci\u00f3n y sus implicaciones..\" \/>\n<meta property=\"og:url\" content=\"https:\/\/universofamilia.com\/fr\/economia-mundial-en-2025-recesion-o-recuperacion\/\" \/>\n<meta property=\"og:site_name\" content=\"Universo Fam\u00edlia\" \/>\n<meta property=\"article:published_time\" content=\"2025-10-27T15:35:00+00:00\" \/>\n<meta property=\"article:modified_time\" content=\"2025-10-27T15:35:18+00:00\" \/>\n<meta property=\"og:image\" content=\"https:\/\/universofamilia.com\/wp-content\/uploads\/sites\/148\/2025\/10\/Destaque-Novo-Universo-23.jpg\" \/>\n\t<meta property=\"og:image:width\" content=\"450\" \/>\n\t<meta property=\"og:image:height\" content=\"250\" \/>\n\t<meta property=\"og:image:type\" content=\"image\/jpeg\" \/>\n<meta name=\"author\" content=\"Matheus Sangaletti\" \/>\n<meta name=\"twitter:card\" content=\"summary_large_image\" \/>\n<meta name=\"twitter:label1\" content=\"Written by\" \/>\n\t<meta name=\"twitter:data1\" content=\"Matheus Sangaletti\" \/>\n\t<meta name=\"twitter:label2\" content=\"Est. reading time\" \/>\n\t<meta name=\"twitter:data2\" content=\"11 minutes\" \/>\n<script type=\"application\/ld+json\" class=\"yoast-schema-graph\">{\"@context\":\"https:\/\/schema.org\",\"@graph\":[{\"@type\":\"WebPage\",\"@id\":\"https:\/\/universofamilia.com\/el\/economia-mundial-en-2025-recesion-o-recuperacion\/\",\"url\":\"https:\/\/universofamilia.com\/el\/economia-mundial-en-2025-recesion-o-recuperacion\/\",\"name\":\"Econom\u00eda mundial en 2025: \u00bfrecesi\u00f3n o recuperaci\u00f3n? - Universo Fam\u00edlia\",\"isPartOf\":{\"@id\":\"https:\/\/universofamilia.com\/el\/#website\"},\"primaryImageOfPage\":{\"@id\":\"https:\/\/universofamilia.com\/el\/economia-mundial-en-2025-recesion-o-recuperacion\/#primaryimage\"},\"image\":{\"@id\":\"https:\/\/universofamilia.com\/el\/economia-mundial-en-2025-recesion-o-recuperacion\/#primaryimage\"},\"thumbnailUrl\":\"https:\/\/universofamilia.com\/wp-content\/uploads\/sites\/148\/2025\/10\/Destaque-Novo-Universo-23.jpg\",\"datePublished\":\"2025-10-27T15:35:00+00:00\",\"dateModified\":\"2025-10-27T15:35:18+00:00\",\"author\":{\"@id\":\"https:\/\/universofamilia.com\/el\/#\/schema\/person\/92fcd07e9b1f4323bf74f3170fc0f78a\"},\"description\":\"Analizaremos el panorama del FMI sobre la econom\u00eda mundial en 2025, los factores que apuntan a recesi\u00f3n o recuperaci\u00f3n y sus implicaciones..\",\"breadcrumb\":{\"@id\":\"https:\/\/universofamilia.com\/el\/economia-mundial-en-2025-recesion-o-recuperacion\/#breadcrumb\"},\"inLanguage\":\"fr-FR\",\"potentialAction\":[{\"@type\":\"ReadAction\",\"target\":[\"https:\/\/universofamilia.com\/el\/economia-mundial-en-2025-recesion-o-recuperacion\/\"]}]},{\"@type\":\"ImageObject\",\"inLanguage\":\"fr-FR\",\"@id\":\"https:\/\/universofamilia.com\/el\/economia-mundial-en-2025-recesion-o-recuperacion\/#primaryimage\",\"url\":\"https:\/\/universofamilia.com\/wp-content\/uploads\/sites\/148\/2025\/10\/Destaque-Novo-Universo-23.jpg\",\"contentUrl\":\"https:\/\/universofamilia.com\/wp-content\/uploads\/sites\/148\/2025\/10\/Destaque-Novo-Universo-23.jpg\",\"width\":450,\"height\":250},{\"@type\":\"BreadcrumbList\",\"@id\":\"https:\/\/universofamilia.com\/el\/economia-mundial-en-2025-recesion-o-recuperacion\/#breadcrumb\",\"itemListElement\":[{\"@type\":\"ListItem\",\"position\":1,\"name\":\"Home\",\"item\":\"https:\/\/universofamilia.com\/el\/\"},{\"@type\":\"ListItem\",\"position\":2,\"name\":\"Econom\u00eda mundial en 2025: \u00bfrecesi\u00f3n o recuperaci\u00f3n?\"}]},{\"@type\":\"WebSite\",\"@id\":\"https:\/\/universofamilia.com\/el\/#website\",\"url\":\"https:\/\/universofamilia.com\/el\/\",\"name\":\"Universo Fam\u00edlia\",\"description\":\"\",\"potentialAction\":[{\"@type\":\"SearchAction\",\"target\":{\"@type\":\"EntryPoint\",\"urlTemplate\":\"https:\/\/universofamilia.com\/el\/?s={search_term_string}\"},\"query-input\":\"required name=search_term_string\"}],\"inLanguage\":\"fr-FR\"},{\"@type\":\"Person\",\"@id\":\"https:\/\/universofamilia.com\/el\/#\/schema\/person\/92fcd07e9b1f4323bf74f3170fc0f78a\",\"name\":\"Matheus Sangaletti\",\"image\":{\"@type\":\"ImageObject\",\"inLanguage\":\"fr-FR\",\"@id\":\"https:\/\/universofamilia.com\/el\/#\/schema\/person\/image\/\",\"url\":\"https:\/\/secure.gravatar.com\/avatar\/280ea957a14a48e6a1ad2133d2cc27c9?s=96&d=mm&r=g\",\"contentUrl\":\"https:\/\/secure.gravatar.com\/avatar\/280ea957a14a48e6a1ad2133d2cc27c9?s=96&d=mm&r=g\",\"caption\":\"Matheus Sangaletti\"},\"url\":\"https:\/\/universofamilia.com\/fr\/author\/matheuss\/\"}]}<\/script>\n<!-- \/ Yoast SEO plugin. -->","yoast_head_json":{"title":"Econom\u00eda mundial en 2025: \u00bfrecesi\u00f3n o recuperaci\u00f3n? - Universo Fam\u00edlia","description":"Analizaremos el panorama del FMI sobre la econom\u00eda mundial en 2025, los factores que apuntan a recesi\u00f3n o recuperaci\u00f3n y sus implicaciones..","robots":{"index":"index","follow":"follow","max-snippet":"max-snippet:-1","max-image-preview":"max-image-preview:large","max-video-preview":"max-video-preview:-1"},"canonical":"https:\/\/universofamilia.com\/fr\/economia-mundial-en-2025-recesion-o-recuperacion\/","og_locale":"fr_FR","og_type":"article","og_title":"Econom\u00eda mundial en 2025: \u00bfrecesi\u00f3n o recuperaci\u00f3n? - Universo Fam\u00edlia","og_description":"Analizaremos el panorama del FMI sobre la econom\u00eda mundial en 2025, los factores que apuntan a recesi\u00f3n o recuperaci\u00f3n y sus implicaciones..","og_url":"https:\/\/universofamilia.com\/fr\/economia-mundial-en-2025-recesion-o-recuperacion\/","og_site_name":"Universo Fam\u00edlia","article_published_time":"2025-10-27T15:35:00+00:00","article_modified_time":"2025-10-27T15:35:18+00:00","og_image":[{"width":450,"height":250,"url":"https:\/\/universofamilia.com\/wp-content\/uploads\/sites\/148\/2025\/10\/Destaque-Novo-Universo-23.jpg","type":"image\/jpeg"}],"author":"Matheus Sangaletti","twitter_card":"summary_large_image","twitter_misc":{"Written by":"Matheus Sangaletti","Est. reading time":"11 minutes"},"schema":{"@context":"https:\/\/schema.org","@graph":[{"@type":"WebPage","@id":"https:\/\/universofamilia.com\/el\/economia-mundial-en-2025-recesion-o-recuperacion\/","url":"https:\/\/universofamilia.com\/el\/economia-mundial-en-2025-recesion-o-recuperacion\/","name":"Econom\u00eda mundial en 2025: \u00bfrecesi\u00f3n o recuperaci\u00f3n? - Universo Fam\u00edlia","isPartOf":{"@id":"https:\/\/universofamilia.com\/el\/#website"},"primaryImageOfPage":{"@id":"https:\/\/universofamilia.com\/el\/economia-mundial-en-2025-recesion-o-recuperacion\/#primaryimage"},"image":{"@id":"https:\/\/universofamilia.com\/el\/economia-mundial-en-2025-recesion-o-recuperacion\/#primaryimage"},"thumbnailUrl":"https:\/\/universofamilia.com\/wp-content\/uploads\/sites\/148\/2025\/10\/Destaque-Novo-Universo-23.jpg","datePublished":"2025-10-27T15:35:00+00:00","dateModified":"2025-10-27T15:35:18+00:00","author":{"@id":"https:\/\/universofamilia.com\/el\/#\/schema\/person\/92fcd07e9b1f4323bf74f3170fc0f78a"},"description":"Analizaremos el panorama del FMI sobre la econom\u00eda mundial en 2025, los factores que apuntan a recesi\u00f3n o recuperaci\u00f3n y sus implicaciones..","breadcrumb":{"@id":"https:\/\/universofamilia.com\/el\/economia-mundial-en-2025-recesion-o-recuperacion\/#breadcrumb"},"inLanguage":"fr-FR","potentialAction":[{"@type":"ReadAction","target":["https:\/\/universofamilia.com\/el\/economia-mundial-en-2025-recesion-o-recuperacion\/"]}]},{"@type":"ImageObject","inLanguage":"fr-FR","@id":"https:\/\/universofamilia.com\/el\/economia-mundial-en-2025-recesion-o-recuperacion\/#primaryimage","url":"https:\/\/universofamilia.com\/wp-content\/uploads\/sites\/148\/2025\/10\/Destaque-Novo-Universo-23.jpg","contentUrl":"https:\/\/universofamilia.com\/wp-content\/uploads\/sites\/148\/2025\/10\/Destaque-Novo-Universo-23.jpg","width":450,"height":250},{"@type":"BreadcrumbList","@id":"https:\/\/universofamilia.com\/el\/economia-mundial-en-2025-recesion-o-recuperacion\/#breadcrumb","itemListElement":[{"@type":"ListItem","position":1,"name":"Home","item":"https:\/\/universofamilia.com\/el\/"},{"@type":"ListItem","position":2,"name":"Econom\u00eda mundial en 2025: \u00bfrecesi\u00f3n o recuperaci\u00f3n?"}]},{"@type":"WebSite","@id":"https:\/\/universofamilia.com\/el\/#website","url":"https:\/\/universofamilia.com\/el\/","name":"Universo Fam\u00edlia","description":"","potentialAction":[{"@type":"SearchAction","target":{"@type":"EntryPoint","urlTemplate":"https:\/\/universofamilia.com\/el\/?s={search_term_string}"},"query-input":"required name=search_term_string"}],"inLanguage":"fr-FR"},{"@type":"Person","@id":"https:\/\/universofamilia.com\/el\/#\/schema\/person\/92fcd07e9b1f4323bf74f3170fc0f78a","name":"Matheus Sangaletti","image":{"@type":"ImageObject","inLanguage":"fr-FR","@id":"https:\/\/universofamilia.com\/el\/#\/schema\/person\/image\/","url":"https:\/\/secure.gravatar.com\/avatar\/280ea957a14a48e6a1ad2133d2cc27c9?s=96&d=mm&r=g","contentUrl":"https:\/\/secure.gravatar.com\/avatar\/280ea957a14a48e6a1ad2133d2cc27c9?s=96&d=mm&r=g","caption":"Matheus Sangaletti"},"url":"https:\/\/universofamilia.com\/fr\/author\/matheuss\/"}]}},"_links":{"self":[{"href":"https:\/\/universofamilia.com\/fr\/wp-json\/wp\/v2\/posts\/10213"}],"collection":[{"href":"https:\/\/universofamilia.com\/fr\/wp-json\/wp\/v2\/posts"}],"about":[{"href":"https:\/\/universofamilia.com\/fr\/wp-json\/wp\/v2\/types\/post"}],"author":[{"embeddable":true,"href":"https:\/\/universofamilia.com\/fr\/wp-json\/wp\/v2\/users\/219"}],"replies":[{"embeddable":true,"href":"https:\/\/universofamilia.com\/fr\/wp-json\/wp\/v2\/comments?post=10213"}],"version-history":[{"count":1,"href":"https:\/\/universofamilia.com\/fr\/wp-json\/wp\/v2\/posts\/10213\/revisions"}],"predecessor-version":[{"id":10217,"href":"https:\/\/universofamilia.com\/fr\/wp-json\/wp\/v2\/posts\/10213\/revisions\/10217"}],"wp:featuredmedia":[{"embeddable":true,"href":"https:\/\/universofamilia.com\/fr\/wp-json\/wp\/v2\/media\/10214"}],"wp:attachment":[{"href":"https:\/\/universofamilia.com\/fr\/wp-json\/wp\/v2\/media?parent=10213"}],"wp:term":[{"taxonomy":"category","embeddable":true,"href":"https:\/\/universofamilia.com\/fr\/wp-json\/wp\/v2\/categories?post=10213"},{"taxonomy":"post_tag","embeddable":true,"href":"https:\/\/universofamilia.com\/fr\/wp-json\/wp\/v2\/tags?post=10213"}],"curies":[{"name":"wp","href":"https:\/\/api.w.org\/{rel}","templated":true}]}}