{"id":10346,"date":"2025-11-17T14:50:39","date_gmt":"2025-11-17T17:50:39","guid":{"rendered":"https:\/\/universofamilia.com\/?p=10346"},"modified":"2025-11-17T14:50:41","modified_gmt":"2025-11-17T17:50:41","slug":"carreras-sostenibles-empleos-verdes-en-auge","status":"publish","type":"post","link":"https:\/\/universofamilia.com\/fr\/carreras-sostenibles-empleos-verdes-en-auge\/","title":{"rendered":"Carri\u00e8res durables : les emplois verts en plein essor"},"content":{"rendered":"<p class=\"has-text-align-center\">Carri\u00e8res durables\u00a0: l\u2019essor des emplois verts. Dans un monde o\u00f9 les talents \u00e9voluent constamment, il est essentiel de parler de \u00ab\u00a0carri\u00e8res durables\u00a0: l\u2019essor des emplois verts\u00a0\u00bb.<\/p>\n\n\n\n<figure class=\"wp-block-gallery aligncenter has-nested-images columns-default is-cropped wp-block-gallery-1 is-layout-flex wp-block-gallery-is-layout-flex\">\n<figure class=\"wp-block-image size-full\"><img loading=\"lazy\" decoding=\"async\" width=\"450\" height=\"250\" data-id=\"10348\" src=\"https:\/\/universofamilia.com\/wp-content\/uploads\/sites\/148\/2025\/11\/Destaque-Novo-Universo-4.jpg\" alt=\"\" class=\"wp-image-10348\" srcset=\"https:\/\/universofamilia.com\/wp-content\/uploads\/sites\/148\/2025\/11\/Destaque-Novo-Universo-4.jpg 450w, https:\/\/universofamilia.com\/wp-content\/uploads\/sites\/148\/2025\/11\/Destaque-Novo-Universo-4-300x167.jpg 300w, https:\/\/universofamilia.com\/wp-content\/uploads\/sites\/148\/2025\/11\/Destaque-Novo-Universo-4-18x10.jpg 18w\" sizes=\"(max-width: 450px) 100vw, 450px\" \/><figcaption class=\"wp-element-caption\">Canva<\/figcaption><\/figure>\n<\/figure>\n\n\n\n<p class=\"has-text-align-center\">Il ne s&#039;agit plus d&#039;une tendance passag\u00e8re, mais d&#039;une r\u00e9ponse directe \u00e0 l&#039;urgence climatique, technologique et \u00e9conomique. Avant d&#039;aborder chaque point, voici un bref r\u00e9sum\u00e9 pour vous guider dans votre lecture\u00a0:<\/p>\n\n\n\n<p class=\"has-text-align-center\">Une d\u00e9finition claire du concept, expliquant son d\u00e9veloppement au Mexique et dans le monde entier.<\/p>\n\n\n\n<p>Les domaines o\u00f9 la demande est la plus forte, les comp\u00e9tences les plus recherch\u00e9es, deux exemples concrets, des statistiques v\u00e9rifiables, une analogie pour visualiser son impact, un tableau comparatif utile et une section de questions fr\u00e9quemment pos\u00e9es.<\/p>\n\n\n\n<h2 class=\"wp-block-heading\">Un changement de carri\u00e8re qui refl\u00e8te les besoins du monde<\/h2>\n\n\n\n<p>Parlez de <strong><em>\u00ab Carri\u00e8res durables : les emplois verts en plein essor. \u00bb<\/em><\/strong> Cela implique d&#039;observer comment la transition \u00e9nerg\u00e9tique et l&#039;adoption de pratiques responsables transforment le march\u00e9 du travail mexicain.<\/p>\n\n\n\n<p>De plus en plus d&#039;entreprises recherchent des profils capables de r\u00e9duire l&#039;impact environnemental sans sacrifier la productivit\u00e9.<\/p>\n\n\n\n<p>N&#039;est-il pas logique de penser que la nouvelle \u00e9conomie a besoin de professionnels capables de concilier progr\u00e8s et protection de la plan\u00e8te ?<\/p>\n\n\n\n<p>La demande augmente pour plusieurs raisons\u00a0:<\/p>\n\n\n\n<p>Des r\u00e9glementations environnementales plus strictes, des incitations fiscales pour les \u00e9nergies propres, des changements dans les modes de consommation et un secteur priv\u00e9 qui commence \u00e0 mesurer plus s\u00e9rieusement son empreinte carbone.<\/p>\n\n\n\n<p>L\u2019OIT indique que la transition vers une \u00e9conomie verte pourrait g\u00e9n\u00e9rer jusqu\u2019\u00e0 24 millions d\u2019emplois dans le monde d\u2019ici 2030, \u00e0 condition que les politiques d\u2019att\u00e9nuation et l\u2019adoption technologique soient acc\u00e9l\u00e9r\u00e9es.<\/p>\n\n\n\n<p>Un fait qui illustre l&#039;ampleur de l&#039;opportunit\u00e9.<\/p>\n\n\n\n<h2 class=\"wp-block-heading\">Qu\u2019est-ce qui d\u00e9finit une carri\u00e8re durable\u00a0?<\/h2>\n\n\n\n<p>Bien qu&#039;elle soit souvent associ\u00e9e uniquement aux \u00e9nergies renouvelables, la notion de carri\u00e8re durable englobe bien plus. Une carri\u00e8re durable int\u00e8gre trois \u00e9l\u00e9ments essentiels\u00a0:<\/p>\n\n\n\n<p><strong>Utilisation efficace des ressources.<\/strong> Des professionnels capables de concevoir, de g\u00e9rer ou d&#039;am\u00e9liorer des processus avec une consommation d&#039;\u00e9nergie et une pollution r\u00e9duites.<\/p>\n\n\n\n<p><strong>Impact social positif.<\/strong> Des projets qui g\u00e9n\u00e8rent du bien-\u00eatre, des emplois d\u00e9cents et de la r\u00e9silience communautaire.<\/p>\n\n\n\n<p><strong>Vision \u00e0 long terme.<\/strong> Des d\u00e9cisions ax\u00e9es sur les avantages durables, et non sur les r\u00e9sultats imm\u00e9diats.<\/p>\n\n\n\n<p>Ces professions sont comme le syst\u00e8me racinaire d&#039;une for\u00eat : invisibles pour beaucoup, mais essentiels \u00e0 sa survie et \u00e0 sa stabilit\u00e9.<\/p>\n\n\n\n<h2 class=\"wp-block-heading\">R\u00e9gions favorisant les emplois verts au Mexique<\/h2>\n\n\n\n<h3 class=\"wp-block-heading\">\u00c9nergies renouvelables et transition \u00e9nerg\u00e9tique<\/h3>\n\n\n\n<p>Le d\u00e9veloppement des parcs solaires et \u00e9oliens fait de l&#039;ing\u00e9nierie \u00e9lectrique, de la gestion des projets \u00e9nerg\u00e9tiques et de l&#039;optimisation des r\u00e9seaux propres des piliers fondamentaux.<\/p>\n\n\n\n<p>Les techniciens sp\u00e9cialis\u00e9s, les analystes de donn\u00e9es \u00e9nerg\u00e9tiques et les concepteurs de syst\u00e8mes photovolta\u00efques y trouvent un terrain fertile.<\/p>\n\n\n\n<p>La professionnalisation est essentielle, car la complexit\u00e9 technologique \u00e9volue rapidement.<\/p>\n\n\n\n<h3 class=\"wp-block-heading\">\u00e9conomie circulaire et gestion des d\u00e9chets<\/h3>\n\n\n\n<p>Les entreprises des secteurs de la fabrication, de l&#039;agroalimentaire, de la construction et du commerce de d\u00e9tail int\u00e8grent d\u00e9j\u00e0 des mod\u00e8les circulaires qui r\u00e9duisent les d\u00e9chets et r\u00e9inventent les cha\u00eenes d&#039;approvisionnement.<\/p>\n\n\n\n<p>Ici se distinguent des professionnels de la conception durable, des consultants en environnement et des sp\u00e9cialistes de la valorisation des d\u00e9chets, capables de transformer les d\u00e9chets en intrants productifs.<\/p>\n\n\n\n<h3 class=\"wp-block-heading\">Agriculture r\u00e9g\u00e9n\u00e9ratrice et syst\u00e8mes alimentaires<\/h3>\n\n\n\n<p>Les agronomes, les experts en sols et les technologues agricoles promeuvent des m\u00e9thodes agricoles qui restaurent les \u00e9cosyst\u00e8mes, am\u00e9liorent l&#039;efficacit\u00e9 de l&#039;utilisation de l&#039;eau et utilisent des capteurs intelligents pour la surveillance.<\/p>\n\n\n\n<p>Ce secteur est en pleine croissance, notamment dans les r\u00e9gions confront\u00e9es \u00e0 un stress hydrique ou \u00e0 des pressions de production.<\/p>\n\n\n\n<h3 class=\"wp-block-heading\">mobilit\u00e9 intelligente et transports propres<\/h3>\n\n\n\n<p>L&#039;\u00e9lectrification des transports accro\u00eet la demande en profils sp\u00e9cifiques dans les domaines des infrastructures de recharge, de l&#039;automatisation des v\u00e9hicules, de la logistique durable et de l&#039;am\u00e9nagement urbain orient\u00e9 vers la mobilit\u00e9 active.<\/p>\n\n\n\n<h3 class=\"wp-block-heading\">Construction durable et efficacit\u00e9 \u00e9nerg\u00e9tique dans les b\u00e2timents<\/h3>\n\n\n\n<p>Les architectes, les urbanistes, les sp\u00e9cialistes du contr\u00f4le climatique et les consultants en mati\u00e8re de certifications telles que LEED ou EDGE sont essentiels pour les b\u00e2timents qui consomment moins d&#039;\u00e9nergie et cr\u00e9ent des espaces plus sains.<\/p>\n\n\n\n<h2 class=\"wp-block-heading\">Les comp\u00e9tences les plus recherch\u00e9es par les entreprises vertes<\/h2>\n\n\n\n<p><strong>La pens\u00e9e syst\u00e9mique.<\/strong> Capacit\u00e9 \u00e0 comprendre les relations entre les processus, les impacts environnementaux et les co\u00fbts.<\/p>\n\n\n\n<p><strong>Comp\u00e9tences num\u00e9riques.<\/strong> Ma\u00eetrise des logiciels de simulation, de l&#039;analyse de donn\u00e9es et de l&#039;automatisation.<\/p>\n\n\n\n<p><strong>Innovation ax\u00e9e sur un objectif pr\u00e9cis.<\/strong> Capacit\u00e9 d&#039;adaptation pour trouver des solutions dans des environnements changeants.<\/p>\n\n\n\n<p><strong>Communication technique.<\/strong> Expliquer des processus complexes \u00e0 un public non sp\u00e9cialis\u00e9.<\/p>\n\n\n\n<p><strong>Gestion \u00e9thique des ressources.<\/strong> D\u00e9cisions fond\u00e9es sur des preuves et responsabilit\u00e9 professionnelle.<\/p>\n\n\n\n<p>Les entreprises ne recherchent pas seulement des connaissances techniques ; elles recherchent un \u00e9tat d&#039;esprit ax\u00e9 sur l&#039;am\u00e9lioration continue.<\/p>\n\n\n\n<h2 class=\"wp-block-heading\">Deux exemples qui illustrent l&#039;impact r\u00e9el<\/h2>\n\n\n\n<p><strong>L&#039;ing\u00e9nierie solaire en milieu rural.<\/strong><\/p>\n\n\n\n<p>Un professionnel sp\u00e9cialis\u00e9 dans l&#039;\u00e9lectrification photovolta\u00efque peut coordonner des projets qui connectent les communaut\u00e9s isol\u00e9es \u00e0 l&#039;\u00e9nergie propre, r\u00e9duisent les co\u00fbts d&#039;exploitation et permettent aux \u00e9coles ou aux centres de sant\u00e9 de fonctionner de mani\u00e8re plus stable.<\/p>\n\n\n\n<p><strong>Conseil environnemental pour les industries.<\/strong> Les entreprises exportatrices sont tenues de respecter les normes environnementales.<\/p>\n\n\n\n<p>Un consultant sp\u00e9cialis\u00e9 peut mesurer les \u00e9missions, proposer des am\u00e9liorations \u00e9nerg\u00e9tiques et apporter son aide lors d&#039;audits internationaux, ouvrant ainsi les portes des march\u00e9s mondiaux.<\/p>\n\n\n\n<p>Ces exemples illustrent comment un parcours professionnel ax\u00e9 sur le d\u00e9veloppement durable allie impact social et solide progression professionnelle.<\/p>\n\n\n\n<h2 class=\"wp-block-heading\">Tableau : Principaux espaces verts et leurs profils les plus recherch\u00e9s<\/h2>\n\n\n\n<figure class=\"wp-block-table\"><table><thead><tr><th>Secteur<\/th><th>Profils en vedette<\/th><th>Type d&#039;opportunit\u00e9<\/th><\/tr><\/thead><tbody><tr><td>\u00c9nergies renouvelables<\/td><td>Ing\u00e9nieurs \u00e9lectriciens, techniciens photovolta\u00efques, analystes d&#039;efficacit\u00e9<\/td><td>Forte demande et sp\u00e9cialisation technique<\/td><\/tr><tr><td>\u00e9conomie circulaire<\/td><td>consultants en environnement, concepteurs durables, gestionnaires de d\u00e9chets<\/td><td>Croissance soutenue du secteur manufacturier<\/td><\/tr><tr><td>construction durable<\/td><td>Architectes, auditeurs \u00e9nerg\u00e9tiques, sp\u00e9cialistes LEED<\/td><td>Projets urbains et d&#039;entreprise<\/td><\/tr><tr><td>mobilit\u00e9 propre<\/td><td>Sp\u00e9cialistes des infrastructures de recharge, analystes de la mobilit\u00e9<\/td><td>Secteur public et priv\u00e9<\/td><\/tr><tr><td>agriculture r\u00e9g\u00e9n\u00e9ratrice<\/td><td>ing\u00e9nieurs agricoles, technologues agricoles<\/td><td>Innovation dans les cha\u00eenes d&#039;approvisionnement alimentaire<\/td><\/tr><\/tbody><\/table><figcaption class=\"wp-element-caption\">Carri\u00e8res durables : les emplois verts en plein essor<\/figcaption><\/figure>\n\n\n\n<figure class=\"wp-block-gallery aligncenter has-nested-images columns-default is-cropped wp-block-gallery-2 is-layout-flex wp-block-gallery-is-layout-flex\">\n<figure class=\"wp-block-image size-full\"><img loading=\"lazy\" decoding=\"async\" width=\"450\" height=\"250\" data-id=\"10349\" src=\"https:\/\/universofamilia.com\/wp-content\/uploads\/sites\/148\/2025\/11\/Destaque-Novo-Universo-1-2.jpg\" alt=\"\" class=\"wp-image-10349\" srcset=\"https:\/\/universofamilia.com\/wp-content\/uploads\/sites\/148\/2025\/11\/Destaque-Novo-Universo-1-2.jpg 450w, https:\/\/universofamilia.com\/wp-content\/uploads\/sites\/148\/2025\/11\/Destaque-Novo-Universo-1-2-300x167.jpg 300w, https:\/\/universofamilia.com\/wp-content\/uploads\/sites\/148\/2025\/11\/Destaque-Novo-Universo-1-2-18x10.jpg 18w\" sizes=\"(max-width: 450px) 100vw, 450px\" \/><figcaption class=\"wp-element-caption\">Canva<\/figcaption><\/figure>\n<\/figure>\n\n\n\n<p>En savoir plus:\u00a0<a href=\"https:\/\/universofamilia.com\/fr\/el-teletrabajo-en-2025-las-nuevas-tendencias-del-home-office\/\">T\u00e9l\u00e9travail en 2025 : les nouvelles tendances du t\u00e9l\u00e9travail<\/a><\/p>\n\n\n\n<h2 class=\"wp-block-heading\">Pourquoi ces carri\u00e8res continueront-elles de se d\u00e9velopper en 2025\u00a0?<\/h2>\n\n\n\n<p>Les politiques publiques mexicaines s&#039;orientent vers la r\u00e9duction des \u00e9missions et la r\u00e9alisation des objectifs internationaux.<\/p>\n\n\n\n<p>De plus, le secteur priv\u00e9 comprend d\u00e9j\u00e0 que de mauvaises performances environnementales affectent la r\u00e9putation, les co\u00fbts et l&#039;acc\u00e8s au financement.<\/p>\n\n\n\n<p>Les investisseurs exigent une transparence climatique, ce qui incite \u00e0 embaucher des professionnels capables de garantir des mesures pr\u00e9cises et des strat\u00e9gies de transition efficaces.<\/p>\n\n\n\n<p>Dans le m\u00eame temps, les consommateurs privil\u00e9gient les produits ayant une empreinte \u00e9cologique r\u00e9duite, ce qui oblige les entreprises \u00e0 repenser l&#039;ensemble de leurs processus.<\/p>\n\n\n\n<p>Ce changement culturel favorise le d\u00e9veloppement de profils \u00e9cologiques dans le marketing, l&#039;audit, la logistique et le d\u00e9veloppement de produits.<\/p>\n\n\n\n<h2 class=\"wp-block-heading\">Les transformations technologiques qui red\u00e9finissent l&#039;avenir du travail<\/h2>\n\n\n\n<p>La num\u00e9risation se conjugue avec le d\u00e9veloppement durable. Les outils d&#039;analyse pr\u00e9dictive, les capteurs IoT, les plateformes de surveillance et les jumeaux num\u00e9riques permettent de prendre des d\u00e9cisions plus pr\u00e9cises.<\/p>\n\n\n\n<p>Cette convergence cr\u00e9e des r\u00f4les hybrides\u00a0: des sp\u00e9cialistes qui combinent l\u2019ing\u00e9nierie et l\u2019analyse de donn\u00e9es, ou des profils environnementaux dot\u00e9s de comp\u00e9tences de base en programmation.<\/p>\n\n\n\n<p>On constate \u00e9galement une demande croissante de professionnels ma\u00eetrisant la r\u00e9glementation environnementale, car chaque projet durable implique des permis, des normes de construction, des politiques \u00e9nerg\u00e9tiques et des exigences fiscales.<\/p>\n\n\n\n<h2 class=\"wp-block-heading\">Une \u00e9conomie qui se r\u00e9invente gr\u00e2ce \u00e0 l&#039;\u00e9ducation<\/h2>\n\n\n\n<p>Les universit\u00e9s et centres de recherche mexicains proposent d\u00e9j\u00e0 des dipl\u00f4mes adapt\u00e9s \u00e0 ce nouveau contexte.<\/p>\n\n\n\n<p>Les programmes en g\u00e9nie environnemental, \u00e9nergies renouvelables, biotechnologie, \u00e9conomie circulaire, gestion des ressources naturelles et urbanisme durable int\u00e8grent des modules sur l&#039;innovation, l&#039;\u00e9thique professionnelle et les technologies \u00e9mergentes.<\/p>\n\n\n\n<p>Le renforcement du milieu universitaire est essentiel car la cr\u00e9dibilit\u00e9 du secteur repose sur des professionnels bien form\u00e9s. La durabilit\u00e9 exige rigueur technique, preuves scientifiques et responsabilit\u00e9 sociale.<\/p>\n\n\n\n<h2 class=\"wp-block-heading\">Est-ce le bon moment pour se lancer dans une carri\u00e8re verte ?<\/h2>\n\n\n\n<p>La r\u00e9ponse d\u00e9pend de vos centres d&#039;int\u00e9r\u00eat, mais les perspectives sont favorables. Les opportunit\u00e9s se multiplient, les salaires sont comp\u00e9titifs et l&#039;impact professionnel d\u00e9passe largement le simple gain financier.<\/p>\n\n\n\n<p>D\u00e9buter une carri\u00e8re dans ce secteur, c&#039;est contribuer directement \u00e0 une transition qui d\u00e9terminera la qualit\u00e9 de vie de millions de personnes.<\/p>\n\n\n\n<h2 class=\"wp-block-heading\">Conclusion<\/h2>\n\n\n\n<p>Le <strong><em>\u00ab Carri\u00e8res durables : les emplois verts en plein essor. \u00bb<\/em><\/strong> Elles repr\u00e9sentent une porte d&#039;entr\u00e9e vers un avenir \u00e9conomique plus r\u00e9silient, innovant et \u00e9quitable.<\/p>\n\n\n\n<p>L&#039;alliance du d\u00e9veloppement professionnel, de l&#039;impact environnemental et de la stabilit\u00e9 de l&#039;emploi fait de ces professions l&#039;un des paris les plus strat\u00e9giques pour 2025.<\/p>\n\n\n\n<p>Si vous recherchez une carri\u00e8re enrichissante offrant des possibilit\u00e9s de sp\u00e9cialisation et une demande stable, ce monde professionnel m\u00e9rite toute votre attention.<\/p>\n\n\n\n<p>En savoir plus:\u00a0<a href=\"https:\/\/universofamilia.com\/fr\/errores-clave-al-iniciar-un-negocio-online\/\">Erreurs cl\u00e9s lors de la cr\u00e9ation d&#039;une entreprise en ligne<\/a><\/p>\n\n\n\n<h2 class=\"wp-block-heading\">Questions fr\u00e9quemment pos\u00e9es<\/h2>\n\n\n\n<p><strong>Quelles \u00e9tudes sont recommand\u00e9es pour d\u00e9buter dans les emplois verts\u00a0?<\/strong><\/p>\n\n\n\n<p><br>G\u00e9nie de l&#039;environnement, \u00e9nergies renouvelables, agronomie, conception durable, urbanisme et programmes techniques li\u00e9s \u00e0 l&#039;efficacit\u00e9 \u00e9nerg\u00e9tique ou \u00e0 la gestion des d\u00e9chets.<\/p>\n\n\n\n<p><strong>Une exp\u00e9rience pr\u00e9alable est-elle requise\u00a0?<\/strong><\/p>\n\n\n\n<p><br>Pas toujours. De nombreux postes de d\u00e9butant sont ax\u00e9s sur l&#039;analyse de donn\u00e9es, le support technique ou les fonctions op\u00e9rationnelles. La formation continue est essentielle.<\/p>\n\n\n\n<p><strong>Les emplois verts n&#039;existent-ils que dans les grandes entreprises ?<\/strong><\/p>\n\n\n\n<p><br>Non. Les petites et moyennes entreprises adoptent \u00e9galement des mod\u00e8les durables. De plus, des opportunit\u00e9s existent au sein des ONG, des administrations publiques et des cabinets de conseil ind\u00e9pendants.<\/p>\n\n\n\n<p><strong>Un professionnel sans formation environnementale peut-il changer de secteur ?<\/strong><\/p>\n\n\n\n<p><br>Oui. Le marketing, le droit, la communication, la finance et la logistique ont tous des versions \u00e9cologiques qui n\u00e9cessitent des comp\u00e9tences transf\u00e9rables.<\/p>\n\n\n\n<p><strong>Ces carri\u00e8res garantissent-elles une stabilit\u00e9 future ?<\/strong><\/p>\n\n\n\n<p><br>Tant que les gouvernements et les march\u00e9s maintiendront le cap sur la d\u00e9carbonation, les professions durables continueront de se d\u00e9velopper.<\/p>\n\n\n\n<p>Elles repr\u00e9sentent une opportunit\u00e9 solide avec une perspective \u00e0 long terme.<\/p>","protected":false},"excerpt":{"rendered":"<p>Carreras sostenibles: empleos verdes en auge. En un mundo donde el talento se enfrenta a cambios constantes, hablar de \u201cCarreras sostenibles: empleos verdes en auge.\u201d Ya no es una tendencia pasajera, sino una respuesta directa a la urgencia clim\u00e1tica, tecnol\u00f3gica y econ\u00f3mica.Y antes de entrar en cada \u00e1rea, aqu\u00ed tienes un sumario r\u00e1pido que orienta [&hellip;]<\/p>","protected":false},"author":219,"featured_media":10347,"comment_status":"closed","ping_status":"open","sticky":false,"template":"","format":"standard","meta":{"footnotes":""},"categories":[5],"tags":[],"yoast_head":"<!-- This site is optimized with the Yoast SEO plugin v23.3 - https:\/\/yoast.com\/wordpress\/plugins\/seo\/ -->\n<title>Carreras sostenibles: empleos verdes en auge - Universo Fam\u00edlia<\/title>\n<meta name=\"description\" content=\"Carreras sostenibles: empleos verdes en auge. En un mundo donde el talento se enfrenta a cambios constantes, hablar de \u201cCarreras sostenibles:\" \/>\n<meta name=\"robots\" content=\"index, follow, max-snippet:-1, max-image-preview:large, max-video-preview:-1\" \/>\n<link rel=\"canonical\" href=\"http:\/\/universofamilia.com\/fr\/carreras-sostenibles-empleos-verdes-en-auge\/\" \/>\n<meta property=\"og:locale\" content=\"fr_FR\" \/>\n<meta property=\"og:type\" content=\"article\" \/>\n<meta property=\"og:title\" content=\"Carreras sostenibles: empleos verdes en auge - Universo Fam\u00edlia\" \/>\n<meta property=\"og:description\" content=\"Carreras sostenibles: empleos verdes en auge. En un mundo donde el talento se enfrenta a cambios constantes, hablar de \u201cCarreras sostenibles:\" \/>\n<meta property=\"og:url\" content=\"http:\/\/universofamilia.com\/fr\/carreras-sostenibles-empleos-verdes-en-auge\/\" \/>\n<meta property=\"og:site_name\" content=\"Universo Fam\u00edlia\" \/>\n<meta property=\"article:published_time\" content=\"2025-11-17T17:50:39+00:00\" \/>\n<meta property=\"article:modified_time\" content=\"2025-11-17T17:50:41+00:00\" \/>\n<meta property=\"og:image\" content=\"http:\/\/universofamilia.com\/wp-content\/uploads\/sites\/148\/2025\/11\/Destaque-Novo-Universo-3.jpg\" \/>\n\t<meta property=\"og:image:width\" content=\"450\" \/>\n\t<meta property=\"og:image:height\" content=\"250\" \/>\n\t<meta property=\"og:image:type\" content=\"image\/jpeg\" \/>\n<meta name=\"author\" content=\"Matheus Sangaletti\" \/>\n<meta name=\"twitter:card\" content=\"summary_large_image\" \/>\n<meta name=\"twitter:label1\" content=\"Written by\" \/>\n\t<meta name=\"twitter:data1\" content=\"Matheus Sangaletti\" \/>\n\t<meta name=\"twitter:label2\" content=\"Est. reading time\" \/>\n\t<meta name=\"twitter:data2\" content=\"8 minutes\" \/>\n<script type=\"application\/ld+json\" class=\"yoast-schema-graph\">{\"@context\":\"https:\/\/schema.org\",\"@graph\":[{\"@type\":\"WebPage\",\"@id\":\"http:\/\/universofamilia.com\/pt\/carreras-sostenibles-empleos-verdes-en-auge\/\",\"url\":\"http:\/\/universofamilia.com\/pt\/carreras-sostenibles-empleos-verdes-en-auge\/\",\"name\":\"Carreras sostenibles: empleos verdes en auge - Universo Fam\u00edlia\",\"isPartOf\":{\"@id\":\"http:\/\/universofamilia.com\/zh_hk\/#website\"},\"primaryImageOfPage\":{\"@id\":\"http:\/\/universofamilia.com\/pt\/carreras-sostenibles-empleos-verdes-en-auge\/#primaryimage\"},\"image\":{\"@id\":\"http:\/\/universofamilia.com\/pt\/carreras-sostenibles-empleos-verdes-en-auge\/#primaryimage\"},\"thumbnailUrl\":\"https:\/\/universofamilia.com\/wp-content\/uploads\/sites\/148\/2025\/11\/Destaque-Novo-Universo-3.jpg\",\"datePublished\":\"2025-11-17T17:50:39+00:00\",\"dateModified\":\"2025-11-17T17:50:41+00:00\",\"author\":{\"@id\":\"http:\/\/universofamilia.com\/zh_hk\/#\/schema\/person\/92fcd07e9b1f4323bf74f3170fc0f78a\"},\"description\":\"Carreras sostenibles: empleos verdes en auge. En un mundo donde el talento se enfrenta a cambios constantes, hablar de \u201cCarreras sostenibles:\",\"breadcrumb\":{\"@id\":\"http:\/\/universofamilia.com\/pt\/carreras-sostenibles-empleos-verdes-en-auge\/#breadcrumb\"},\"inLanguage\":\"fr-FR\",\"potentialAction\":[{\"@type\":\"ReadAction\",\"target\":[\"http:\/\/universofamilia.com\/pt\/carreras-sostenibles-empleos-verdes-en-auge\/\"]}]},{\"@type\":\"ImageObject\",\"inLanguage\":\"fr-FR\",\"@id\":\"http:\/\/universofamilia.com\/pt\/carreras-sostenibles-empleos-verdes-en-auge\/#primaryimage\",\"url\":\"https:\/\/universofamilia.com\/wp-content\/uploads\/sites\/148\/2025\/11\/Destaque-Novo-Universo-3.jpg\",\"contentUrl\":\"https:\/\/universofamilia.com\/wp-content\/uploads\/sites\/148\/2025\/11\/Destaque-Novo-Universo-3.jpg\",\"width\":450,\"height\":250},{\"@type\":\"BreadcrumbList\",\"@id\":\"http:\/\/universofamilia.com\/pt\/carreras-sostenibles-empleos-verdes-en-auge\/#breadcrumb\",\"itemListElement\":[{\"@type\":\"ListItem\",\"position\":1,\"name\":\"Home\",\"item\":\"http:\/\/universofamilia.com\/zh_hk\/\"},{\"@type\":\"ListItem\",\"position\":2,\"name\":\"Carreras sostenibles: empleos verdes en auge\"}]},{\"@type\":\"WebSite\",\"@id\":\"http:\/\/universofamilia.com\/zh_hk\/#website\",\"url\":\"http:\/\/universofamilia.com\/zh_hk\/\",\"name\":\"Universo Fam\u00edlia\",\"description\":\"\",\"potentialAction\":[{\"@type\":\"SearchAction\",\"target\":{\"@type\":\"EntryPoint\",\"urlTemplate\":\"http:\/\/universofamilia.com\/zh_hk\/?s={search_term_string}\"},\"query-input\":\"required name=search_term_string\"}],\"inLanguage\":\"fr-FR\"},{\"@type\":\"Person\",\"@id\":\"http:\/\/universofamilia.com\/zh_hk\/#\/schema\/person\/92fcd07e9b1f4323bf74f3170fc0f78a\",\"name\":\"Matheus Sangaletti\",\"image\":{\"@type\":\"ImageObject\",\"inLanguage\":\"fr-FR\",\"@id\":\"http:\/\/universofamilia.com\/zh_hk\/#\/schema\/person\/image\/\",\"url\":\"https:\/\/secure.gravatar.com\/avatar\/280ea957a14a48e6a1ad2133d2cc27c9?s=96&d=mm&r=g\",\"contentUrl\":\"https:\/\/secure.gravatar.com\/avatar\/280ea957a14a48e6a1ad2133d2cc27c9?s=96&d=mm&r=g\",\"caption\":\"Matheus Sangaletti\"},\"url\":\"https:\/\/universofamilia.com\/fr\/author\/matheuss\/\"}]}<\/script>\n<!-- \/ Yoast SEO plugin. -->","yoast_head_json":{"title":"Carreras sostenibles: empleos verdes en auge - Universo Fam\u00edlia","description":"Carreras sostenibles: empleos verdes en auge. En un mundo donde el talento se enfrenta a cambios constantes, hablar de \u201cCarreras sostenibles:","robots":{"index":"index","follow":"follow","max-snippet":"max-snippet:-1","max-image-preview":"max-image-preview:large","max-video-preview":"max-video-preview:-1"},"canonical":"http:\/\/universofamilia.com\/fr\/carreras-sostenibles-empleos-verdes-en-auge\/","og_locale":"fr_FR","og_type":"article","og_title":"Carreras sostenibles: empleos verdes en auge - Universo Fam\u00edlia","og_description":"Carreras sostenibles: empleos verdes en auge. En un mundo donde el talento se enfrenta a cambios constantes, hablar de \u201cCarreras sostenibles:","og_url":"http:\/\/universofamilia.com\/fr\/carreras-sostenibles-empleos-verdes-en-auge\/","og_site_name":"Universo Fam\u00edlia","article_published_time":"2025-11-17T17:50:39+00:00","article_modified_time":"2025-11-17T17:50:41+00:00","og_image":[{"width":450,"height":250,"url":"http:\/\/universofamilia.com\/wp-content\/uploads\/sites\/148\/2025\/11\/Destaque-Novo-Universo-3.jpg","type":"image\/jpeg"}],"author":"Matheus Sangaletti","twitter_card":"summary_large_image","twitter_misc":{"Written by":"Matheus Sangaletti","Est. reading time":"8 minutes"},"schema":{"@context":"https:\/\/schema.org","@graph":[{"@type":"WebPage","@id":"http:\/\/universofamilia.com\/pt\/carreras-sostenibles-empleos-verdes-en-auge\/","url":"http:\/\/universofamilia.com\/pt\/carreras-sostenibles-empleos-verdes-en-auge\/","name":"Carreras sostenibles: empleos verdes en auge - Universo Fam\u00edlia","isPartOf":{"@id":"http:\/\/universofamilia.com\/zh_hk\/#website"},"primaryImageOfPage":{"@id":"http:\/\/universofamilia.com\/pt\/carreras-sostenibles-empleos-verdes-en-auge\/#primaryimage"},"image":{"@id":"http:\/\/universofamilia.com\/pt\/carreras-sostenibles-empleos-verdes-en-auge\/#primaryimage"},"thumbnailUrl":"https:\/\/universofamilia.com\/wp-content\/uploads\/sites\/148\/2025\/11\/Destaque-Novo-Universo-3.jpg","datePublished":"2025-11-17T17:50:39+00:00","dateModified":"2025-11-17T17:50:41+00:00","author":{"@id":"http:\/\/universofamilia.com\/zh_hk\/#\/schema\/person\/92fcd07e9b1f4323bf74f3170fc0f78a"},"description":"Carreras sostenibles: empleos verdes en auge. En un mundo donde el talento se enfrenta a cambios constantes, hablar de \u201cCarreras sostenibles:","breadcrumb":{"@id":"http:\/\/universofamilia.com\/pt\/carreras-sostenibles-empleos-verdes-en-auge\/#breadcrumb"},"inLanguage":"fr-FR","potentialAction":[{"@type":"ReadAction","target":["http:\/\/universofamilia.com\/pt\/carreras-sostenibles-empleos-verdes-en-auge\/"]}]},{"@type":"ImageObject","inLanguage":"fr-FR","@id":"http:\/\/universofamilia.com\/pt\/carreras-sostenibles-empleos-verdes-en-auge\/#primaryimage","url":"https:\/\/universofamilia.com\/wp-content\/uploads\/sites\/148\/2025\/11\/Destaque-Novo-Universo-3.jpg","contentUrl":"https:\/\/universofamilia.com\/wp-content\/uploads\/sites\/148\/2025\/11\/Destaque-Novo-Universo-3.jpg","width":450,"height":250},{"@type":"BreadcrumbList","@id":"http:\/\/universofamilia.com\/pt\/carreras-sostenibles-empleos-verdes-en-auge\/#breadcrumb","itemListElement":[{"@type":"ListItem","position":1,"name":"Home","item":"http:\/\/universofamilia.com\/zh_hk\/"},{"@type":"ListItem","position":2,"name":"Carreras sostenibles: empleos verdes en auge"}]},{"@type":"WebSite","@id":"http:\/\/universofamilia.com\/zh_hk\/#website","url":"http:\/\/universofamilia.com\/zh_hk\/","name":"Universo Fam\u00edlia","description":"","potentialAction":[{"@type":"SearchAction","target":{"@type":"EntryPoint","urlTemplate":"http:\/\/universofamilia.com\/zh_hk\/?s={search_term_string}"},"query-input":"required name=search_term_string"}],"inLanguage":"fr-FR"},{"@type":"Person","@id":"http:\/\/universofamilia.com\/zh_hk\/#\/schema\/person\/92fcd07e9b1f4323bf74f3170fc0f78a","name":"Matheus Sangaletti","image":{"@type":"ImageObject","inLanguage":"fr-FR","@id":"http:\/\/universofamilia.com\/zh_hk\/#\/schema\/person\/image\/","url":"https:\/\/secure.gravatar.com\/avatar\/280ea957a14a48e6a1ad2133d2cc27c9?s=96&d=mm&r=g","contentUrl":"https:\/\/secure.gravatar.com\/avatar\/280ea957a14a48e6a1ad2133d2cc27c9?s=96&d=mm&r=g","caption":"Matheus Sangaletti"},"url":"https:\/\/universofamilia.com\/fr\/author\/matheuss\/"}]}},"_links":{"self":[{"href":"https:\/\/universofamilia.com\/fr\/wp-json\/wp\/v2\/posts\/10346"}],"collection":[{"href":"https:\/\/universofamilia.com\/fr\/wp-json\/wp\/v2\/posts"}],"about":[{"href":"https:\/\/universofamilia.com\/fr\/wp-json\/wp\/v2\/types\/post"}],"author":[{"embeddable":true,"href":"https:\/\/universofamilia.com\/fr\/wp-json\/wp\/v2\/users\/219"}],"replies":[{"embeddable":true,"href":"https:\/\/universofamilia.com\/fr\/wp-json\/wp\/v2\/comments?post=10346"}],"version-history":[{"count":1,"href":"https:\/\/universofamilia.com\/fr\/wp-json\/wp\/v2\/posts\/10346\/revisions"}],"predecessor-version":[{"id":10350,"href":"https:\/\/universofamilia.com\/fr\/wp-json\/wp\/v2\/posts\/10346\/revisions\/10350"}],"wp:featuredmedia":[{"embeddable":true,"href":"https:\/\/universofamilia.com\/fr\/wp-json\/wp\/v2\/media\/10347"}],"wp:attachment":[{"href":"https:\/\/universofamilia.com\/fr\/wp-json\/wp\/v2\/media?parent=10346"}],"wp:term":[{"taxonomy":"category","embeddable":true,"href":"https:\/\/universofamilia.com\/fr\/wp-json\/wp\/v2\/categories?post=10346"},{"taxonomy":"post_tag","embeddable":true,"href":"https:\/\/universofamilia.com\/fr\/wp-json\/wp\/v2\/tags?post=10346"}],"curies":[{"name":"wp","href":"https:\/\/api.w.org\/{rel}","templated":true}]}}