{"id":10479,"date":"2025-12-29T09:09:19","date_gmt":"2025-12-29T12:09:19","guid":{"rendered":"https:\/\/universofamilia.com\/?p=10479"},"modified":"2025-12-29T09:11:25","modified_gmt":"2025-12-29T12:11:25","slug":"la-salud-mental-en-la-mira","status":"publish","type":"post","link":"https:\/\/universofamilia.com\/fr\/la-salud-mental-en-la-mira\/","title":{"rendered":"La sant\u00e9 mentale sous les projecteurs : le nouveau d\u00e9fi mondial du XXIe si\u00e8cle"},"content":{"rendered":"<p class=\"has-text-align-center\"><strong>La sant\u00e9 mentale sous les projecteurs : le nouveau d\u00e9fi mondial du XXIe si\u00e8cle.<\/strong> Ce n&#039;est plus un slogan alarmiste ni un probl\u00e8me exclusif au domaine m\u00e9dical.<\/p>\n\n\n\n<figure class=\"wp-block-gallery has-nested-images columns-default is-cropped wp-block-gallery-1 is-layout-flex wp-block-gallery-is-layout-flex\">\n<figure class=\"wp-block-image size-full\"><img loading=\"lazy\" decoding=\"async\" width=\"450\" height=\"250\" data-id=\"10481\" src=\"https:\/\/universofamilia.com\/wp-content\/uploads\/sites\/148\/2025\/12\/Destaque-Novo-Universo-20-1.jpg\" alt=\"\" class=\"wp-image-10481\" srcset=\"https:\/\/universofamilia.com\/wp-content\/uploads\/sites\/148\/2025\/12\/Destaque-Novo-Universo-20-1.jpg 450w, https:\/\/universofamilia.com\/wp-content\/uploads\/sites\/148\/2025\/12\/Destaque-Novo-Universo-20-1-300x167.jpg 300w, https:\/\/universofamilia.com\/wp-content\/uploads\/sites\/148\/2025\/12\/Destaque-Novo-Universo-20-1-18x10.jpg 18w\" sizes=\"(max-width: 450px) 100vw, 450px\" \/><figcaption class=\"wp-element-caption\">La sant\u00e9 mentale sous les projecteurs : le nouveau d\u00e9fi mondial du XXIe si\u00e8cle.<\/figcaption><\/figure>\n<\/figure>\n\n\n\n<p class=\"has-text-align-center\">Elle est devenue une priorit\u00e9 sociale, \u00e9conomique et politique qui transcende les \u00e2ges, les professions et les cultures.<\/p>\n\n\n\n<p class=\"has-text-align-center\">En 2025, parler de bien-\u00eatre \u00e9motionnel, c&#039;est parler de productivit\u00e9, de relations, d&#039;\u00e9ducation, de technologie et de qualit\u00e9 de vie.<\/p>\n\n\n\n<p>Avant d&#039;aller plus loin, il convient de rappeler bri\u00e8vement pourquoi la sant\u00e9 mentale est aujourd&#039;hui au c\u0153ur du d\u00e9bat mondial, quels facteurs expliquent sa d\u00e9t\u00e9rioration et comment elle impacte l&#039;\u00e9conomie et la vie quotidienne.<\/p>\n\n\n\n<p>Une statistique cl\u00e9 appuy\u00e9e par des organisations internationales, deux exemples concrets, une analogie \u00e9clairante, un tableau des d\u00e9fis actuels et une section de questions fr\u00e9quemment pos\u00e9es.<\/p>\n\n\n\n<h2 class=\"wp-block-heading\"><strong>Pourquoi la sant\u00e9 mentale est-elle devenue le sujet central du d\u00e9bat mondial ?<\/strong><\/h2>\n\n\n\n<p>Pendant des d\u00e9cennies, le bien-\u00eatre psychologique a \u00e9t\u00e9 rel\u00e9gu\u00e9 au second plan. Cependant, les changements rapides du XXIe si\u00e8cle nous ont contraints \u00e0 affronter un probl\u00e8me qui s&#039;\u00e9tait d\u00e9velopp\u00e9 silencieusement.<\/p>\n\n\n\n<p>Des rythmes de travail intenses, l&#039;hyperconnectivit\u00e9, l&#039;incertitude \u00e9conomique et de profondes transformations sociales ont cr\u00e9\u00e9 un terreau complexe.<\/p>\n\n\n\n<p>Dans ce contexte, <strong>La sant\u00e9 mentale sous les projecteurs : le nouveau d\u00e9fi mondial du XXIe si\u00e8cle.<\/strong> Ce qui n&#039;\u00e9tait plus une expression acad\u00e9mique est devenu une r\u00e9alit\u00e9 quotidienne.<\/p>\n\n\n\n<p>Aujourd&#039;hui, les gouvernements, les entreprises et les syst\u00e8mes \u00e9ducatifs reconnaissent qu&#039;ignorer cet aspect a des cons\u00e9quences tangibles et co\u00fbteuses.<\/p>\n\n\n\n<h2 class=\"wp-block-heading\"><strong>Un probl\u00e8me qui ne conna\u00eet ni fronti\u00e8res ni \u00e2ges<\/strong><\/h2>\n\n\n\n<p>La sant\u00e9 mentale ne touche pas seulement certains pays ou groupes sociaux.<\/p>\n\n\n\n<p>Il s&#039;agit d&#039;un ph\u00e9nom\u00e8ne r\u00e9pandu. Les jeunes, les adultes et les personnes \u00e2g\u00e9es sont confront\u00e9s \u00e0 des niveaux croissants de stress, d&#039;anxi\u00e9t\u00e9 et d&#039;\u00e9puisement \u00e9motionnel.<\/p>\n\n\n\n<p>D&#039;apr\u00e8s les donn\u00e9es de <strong>Organisation mondiale de la sant\u00e9 (OMS)<\/strong>, environ <strong>Une personne sur huit dans le monde souffre d&#039;une forme ou d&#039;une autre de trouble mental.<\/strong>Ce chiffre illustre l\u2019ampleur du d\u00e9fi et son impact direct sur les syst\u00e8mes de sant\u00e9 et l\u2019\u00e9conomie mondiale.<\/p>\n\n\n\n<p>Ces donn\u00e9es, mises \u00e0 jour dans de r\u00e9cents rapports de l&#039;agence, confirment qu&#039;il ne s&#039;agit pas de cas isol\u00e9s, mais d&#039;un probl\u00e8me structurel.<\/p>\n\n\n\n<h2 class=\"wp-block-heading\"><strong>L&#039;impact silencieux sur l&#039;\u00e9conomie et le travail<\/strong><\/h2>\n\n\n\n<p>Au-del\u00e0 de la souffrance individuelle, la d\u00e9t\u00e9rioration de la sant\u00e9 mentale affecte la productivit\u00e9, augmente l&#039;absent\u00e9isme et fait grimper les co\u00fbts des soins de sant\u00e9.<\/p>\n\n\n\n<p>Les entreprises ont commenc\u00e9 \u00e0 comprendre que prendre soin du bien-\u00eatre \u00e9motionnel n&#039;est pas un avantage suppl\u00e9mentaire, mais un investissement strat\u00e9gique.<\/p>\n\n\n\n<p>D\u2019ici 2025, de nombreuses organisations int\u00e9greront des programmes de soutien psychologique, des horaires de travail flexibles et des politiques de d\u00e9connexion num\u00e9rique.<\/p>\n\n\n\n<p>Ils le font non seulement par responsabilit\u00e9 sociale, mais aussi parce que les r\u00e9sultats montrent des am\u00e9liorations nettes en termes de performance et d&#039;engagement.<\/p>\n\n\n\n<h2 class=\"wp-block-heading\"><strong>Technologie : \u00e0 la fois alli\u00e9e et menace<\/strong><\/h2>\n\n\n\n<p>La technologie joue un r\u00f4le ambivalent. D&#039;une part, elle facilite l&#039;acc\u00e8s \u00e0 l&#039;information, aux th\u00e9rapies en ligne et aux communaut\u00e9s de soutien.<\/p>\n\n\n\n<p>En revanche, elle intensifie la comparaison sociale, la surexposition et la difficult\u00e9 \u00e0 se d\u00e9connecter.<\/p>\n\n\n\n<p>Le d\u00e9fi consiste \u00e0 utiliser les outils num\u00e9riques judicieusement.<\/p>\n\n\n\n<p>L\u2019essentiel n\u2019est pas de diaboliser la technologie, mais d\u2019\u00e9tablir des limites saines qui nous permettent de profiter de ses avantages sans sacrifier notre \u00e9quilibre \u00e9motionnel.<\/p>\n\n\n\n<h2 class=\"wp-block-heading\"><strong>L&#039;\u00e9ducation \u00e9motionnelle : une dette historique<\/strong><\/h2>\n\n\n\n<p>Pendant des ann\u00e9es, les syst\u00e8mes \u00e9ducatifs ont privil\u00e9gi\u00e9 les contenus acad\u00e9miques, n\u00e9gligeant les comp\u00e9tences \u00e9motionnelles fondamentales. Aujourd&#039;hui, cette lacune a des cons\u00e9quences d\u00e9sastreuses.<\/p>\n\n\n\n<p>L&#039;intelligence \u00e9motionnelle appara\u00eet comme un besoin urgent.<\/p>\n\n\n\n<p>Int\u00e9grer la gestion du stress, l&#039;empathie et la conscience de soi d\u00e8s le plus jeune \u00e2ge permet non seulement de pr\u00e9venir les troubles futurs, mais aussi de former des citoyens plus r\u00e9silients et conscients.<\/p>\n\n\n\n<h3 class=\"wp-block-heading\"><strong>Exemple 1<\/strong><\/h3>\n\n\n\n<p>Une \u00e9cole publique d&#039;Am\u00e9rique latine a int\u00e9gr\u00e9 des ateliers hebdomadaires d&#039;\u00e9ducation \u00e9motionnelle.<\/p>\n\n\n\n<p>En moins d&#039;un an, les conflits entre \u00e9l\u00e8ves ont diminu\u00e9 et les r\u00e9sultats scolaires globaux se sont am\u00e9lior\u00e9s, selon des rapports internes du centre \u00e9ducatif.<\/p>\n\n\n\n<h2 class=\"wp-block-heading\"><strong>Stigmatisation : l&#039;ennemi le plus persistant<\/strong><\/h2>\n\n\n\n<p>Bien que le discours ait \u00e9volu\u00e9, la stigmatisation persiste. Nombreux sont ceux qui h\u00e9sitent \u00e0 demander de l&#039;aide par crainte du jugement social ou professionnel.<\/p>\n\n\n\n<p>Ce silence aggrave les sympt\u00f4mes et retarde les traitements efficaces.<\/p>\n\n\n\n<p>Il est essentiel de faire de la sant\u00e9 mentale une composante int\u00e9grante de la sant\u00e9 globale. Normaliser le dialogue autour de cette question permet de gagner du temps, d&#039;\u00e9conomiser des ressources et, dans certains cas, de sauver des vies.<\/p>\n\n\n\n<h2 class=\"wp-block-heading\"><strong>L&#039;analogie qui permet de comprendre l&#039;urgence<\/strong><\/h2>\n\n\n\n<p>Prendre soin de sa sant\u00e9 mentale est similaire \u00e0 <strong>maintenir le syst\u00e8me d&#039;exploitation d&#039;un appareil<\/strong>.<\/p>\n\n\n\n<p>Vous pouvez avoir le meilleur mat\u00e9riel, mais si le logiciel tombe en panne, le syst\u00e8me tout entier devient lent, instable et vuln\u00e9rable. Ignorer les signaux d&#039;alerte ne fait qu&#039;aggraver les performances globales.<\/p>\n\n\n\n<h2 class=\"wp-block-heading\"><strong>Politiques publiques et responsabilit\u00e9 collective<\/strong><\/h2>\n\n\n\n<p>Les gouvernements sont confront\u00e9s au d\u00e9fi de concevoir des politiques globales, accessibles et durables.<\/p>\n\n\n\n<p>Augmenter les budgets ne suffit pas ; une coordination entre la sant\u00e9, l&#039;\u00e9ducation, le travail et le d\u00e9veloppement social est n\u00e9cessaire.<\/p>\n\n\n\n<p>Parall\u00e8lement, la responsabilit\u00e9 n&#039;incombe pas uniquement aux institutions.<\/p>\n\n\n\n<p>Les communaut\u00e9s, les familles et les milieux de travail jouent un r\u00f4le fondamental dans la pr\u00e9vention et le soutien.<\/p>\n\n\n\n<h2 class=\"wp-block-heading\"><strong>Tableau\u00a0: Principaux d\u00e9fis actuels en mati\u00e8re de sant\u00e9 mentale<\/strong><\/h2>\n\n\n\n<figure class=\"wp-block-table\"><table><thead><tr><th>D\u00e9fi mondial<\/th><th>Impact principal<\/th><\/tr><\/thead><tbody><tr><td>Stress chronique au travail<\/td><td>\u00c9puisement professionnel et faible productivit\u00e9<\/td><\/tr><tr><td>stigmatisation sociale<\/td><td>Absence de diagnostic pr\u00e9coce<\/td><\/tr><tr><td>Acc\u00e8s limit\u00e9 aux soins<\/td><td>Lacunes en mati\u00e8re de sant\u00e9 publique<\/td><\/tr><tr><td>Utilisation excessive de la technologie<\/td><td>Anxi\u00e9t\u00e9 et d\u00e9connexion \u00e9motionnelle<\/td><\/tr><tr><td>Manque d&#039;\u00e9ducation \u00e9motionnelle<\/td><td>r\u00e9silience sociale plus faible<\/td><\/tr><\/tbody><\/table><figcaption class=\"wp-element-caption\">La sant\u00e9 mentale sous les projecteurs : le nouveau d\u00e9fi mondial du XXIe si\u00e8cle.<\/figcaption><\/figure>\n\n\n\n<figure class=\"wp-block-gallery has-nested-images columns-default is-cropped wp-block-gallery-2 is-layout-flex wp-block-gallery-is-layout-flex\">\n<figure class=\"wp-block-image size-full\"><img loading=\"lazy\" decoding=\"async\" width=\"450\" height=\"250\" data-id=\"10482\" src=\"https:\/\/universofamilia.com\/wp-content\/uploads\/sites\/148\/2025\/12\/Destaque-Novo-Universo-21.jpg\" alt=\"\" class=\"wp-image-10482\" srcset=\"https:\/\/universofamilia.com\/wp-content\/uploads\/sites\/148\/2025\/12\/Destaque-Novo-Universo-21.jpg 450w, https:\/\/universofamilia.com\/wp-content\/uploads\/sites\/148\/2025\/12\/Destaque-Novo-Universo-21-300x167.jpg 300w, https:\/\/universofamilia.com\/wp-content\/uploads\/sites\/148\/2025\/12\/Destaque-Novo-Universo-21-18x10.jpg 18w\" sizes=\"(max-width: 450px) 100vw, 450px\" \/><figcaption class=\"wp-element-caption\">La sant\u00e9 mentale sous les projecteurs : le nouveau d\u00e9fi mondial du XXIe si\u00e8cle.<\/figcaption><\/figure>\n<\/figure>\n\n\n\n<p>En savoir plus:\u00a0<a href=\"https:\/\/universofamilia.com\/fr\/descubrimientos-cientificos-que-cambiaran-el-futuro\/\">D\u00e9couvertes scientifiques qui changeront l&#039;avenir<\/a><\/p>\n\n\n\n<h2 class=\"wp-block-heading\"><strong>L&#039;importance de parler, d&#039;\u00e9couter et d&#039;agir<\/strong><\/h2>\n\n\n\n<p>Cr\u00e9er des espaces de dialogue sinc\u00e8re fait toute la diff\u00e9rence. \u00c9couter sans jugement et valider les \u00e9motions renforce les liens et r\u00e9duit l&#039;isolement.<\/p>\n\n\n\n<p>De plus, elle favorise une culture o\u00f9 demander de l&#039;aide n&#039;est pas per\u00e7u comme une faiblesse, mais comme une responsabilit\u00e9 personnelle.<\/p>\n\n\n\n<h3 class=\"wp-block-heading\"><strong>Exemple 2<\/strong><\/h3>\n\n\n\n<p>Une soci\u00e9t\u00e9 de services a mis en place des s\u00e9ances de soutien psychologique volontaires.<\/p>\n\n\n\n<p>Au bout de six mois, les \u00e9quipes ont fait \u00e9tat d&#039;une plus grande coh\u00e9sion et d&#039;une diminution du stress per\u00e7u, ce qui s&#039;est refl\u00e9t\u00e9 dans les \u00e9valuations internes du climat de travail.<\/p>\n\n\n\n<h2 class=\"wp-block-heading\"><strong>Pourquoi ce d\u00e9fi caract\u00e9rise-t-il le XXIe si\u00e8cle ?<\/strong><\/h2>\n\n\n\n<p>Car jamais auparavant l&#039;humanit\u00e9 n&#039;avait dispos\u00e9 d&#039;autant d&#039;informations et, en m\u00eame temps, d&#039;autant de facteurs de pression simultan\u00e9s.<\/p>\n\n\n\n<p>La mondialisation, la crise climatique, les changements technologiques et les tensions g\u00e9opolitiques ont un impact direct sur la stabilit\u00e9 \u00e9motionnelle.<\/p>\n\n\n\n<p>Est-il judicieux de parler de progr\u00e8s si l&#039;on n\u00e9glige le bien-\u00eatre psychologique des individus ?<\/p>\n\n\n\n<h2 class=\"wp-block-heading\"><strong>Se tourner vers l&#039;avenir avec responsabilit\u00e9<\/strong><\/h2>\n\n\n\n<p>En 2025, <strong>La sant\u00e9 mentale sous les projecteurs : le nouveau d\u00e9fi mondial du XXIe si\u00e8cle.<\/strong> Cela exige des actions concr\u00e8tes, pas seulement des discours.<\/p>\n\n\n\n<p>Investir dans la pr\u00e9vention, l&#039;\u00e9ducation et l&#039;acc\u00e8s aux soins est tout aussi important que n&#039;importe quelle infrastructure physique.<\/p>\n\n\n\n<p>L\u2019avenir d\u00e9pendra de notre capacit\u00e9 collective \u00e0 reconna\u00eetre que la sant\u00e9 mentale n\u2019est pas un luxe, mais un pilier du d\u00e9veloppement durable.<\/p>\n\n\n\n<h2 class=\"wp-block-heading\"><strong>Conclusion<\/strong><\/h2>\n\n\n\n<p>La sant\u00e9 mentale d\u00e9termine notre fa\u00e7on de travailler, d&#039;apprendre, d&#039;interagir avec les autres et d&#039;envisager l&#039;avenir. La n\u00e9gliger engendre des co\u00fbts humains et \u00e9conomiques toujours plus \u00e9lev\u00e9s.<\/p>\n\n\n\n<p>\u00c0 l&#039;inverse, aborder ce probl\u00e8me avec s\u00e9rieux, empathie et strat\u00e9gie ouvre la voie \u00e0 des soci\u00e9t\u00e9s plus \u00e9quilibr\u00e9es et r\u00e9silientes.<\/p>\n\n\n\n<p>Le d\u00e9fi est lanc\u00e9. La question n&#039;est plus de savoir si nous devons agir, mais comment et avec quelle urgence.<\/p>\n\n\n\n<p>En savoir plus:\u00a0<a href=\"https:\/\/universofamilia.com\/fr\/el-crecimiento-del-comercio-electronico-mundial-en-2025\/\">La croissance du commerce \u00e9lectronique mondial en 2025<\/a><\/p>\n\n\n\n<h2 class=\"wp-block-heading\"><strong>Questions fr\u00e9quemment pos\u00e9es<\/strong><\/h2>\n\n\n\n<p><strong>La sant\u00e9 mentale est-elle uniquement un probl\u00e8me individuel ?<\/strong><br>Non. Cela implique des facteurs sociaux, \u00e9conomiques et culturels qui n\u00e9cessitent des r\u00e9ponses collectives.<\/p>\n\n\n\n<p><strong>Demander une aide psychologique est-il toujours mal vu ?<\/strong><br>La stigmatisation a diminu\u00e9, mais elle persiste encore dans certains milieux. Parler ouvertement contribue \u00e0 changer cette perception.<\/p>\n\n\n\n<p><strong>La technologie aggrave-t-elle la sant\u00e9 mentale\u00a0?<\/strong><br>Cela d\u00e9pend de l&#039;usage. Cela peut \u00eatre un outil de soutien ou un facteur de risque si ce n&#039;est pas r\u00e9glement\u00e9.<\/p>\n\n\n\n<p><strong>Les entreprises devraient-elles s&#039;impliquer dans ce dossier ?<\/strong><br>Oui. Le bien-\u00eatre \u00e9motionnel influence directement la performance et la p\u00e9rennit\u00e9 des organisations.<\/p>\n\n\n\n<p><strong>La pr\u00e9vention est-elle vraiment efficace ?<\/strong><br>Divers programmes d\u00e9montrent que l&#039;\u00e9ducation \u00e9motionnelle et le d\u00e9pistage pr\u00e9coce r\u00e9duisent les probl\u00e8mes \u00e0 long terme.<\/p>\n\n\n\n<p>Aborder la sant\u00e9 mentale avec s\u00e9rieux et humanit\u00e9 n&#039;am\u00e9liore pas seulement la vie des individus ; cela red\u00e9finit le cours du XXIe si\u00e8cle.<\/p>","protected":false},"excerpt":{"rendered":"<p>La salud mental en la mira: el nuevo desaf\u00edo global del siglo XXI. ya no es una consigna alarmista ni un tema exclusivo del \u00e1mbito m\u00e9dico. Se convirti\u00f3 en una prioridad social, econ\u00f3mica y pol\u00edtica que atraviesa edades, profesiones y culturas. En 2025, hablar de bienestar emocional implica hablar de productividad, v\u00ednculos, educaci\u00f3n, tecnolog\u00eda y [&hellip;]<\/p>","protected":false},"author":219,"featured_media":10480,"comment_status":"closed","ping_status":"open","sticky":false,"template":"","format":"standard","meta":{"footnotes":""},"categories":[4],"tags":[],"yoast_head":"<!-- This site is optimized with the Yoast SEO plugin v23.3 - https:\/\/yoast.com\/wordpress\/plugins\/seo\/ -->\n<title>La salud mental en la mira: el nuevo desaf\u00edo global del siglo XXI - Universo Fam\u00edlia<\/title>\n<meta name=\"description\" content=\"La salud mental en la mira: el nuevo desaf\u00edo global del siglo XXI. ya no es una consigna alarmista ni un tema exclusivo del \u00e1mbito m\u00e9dico.\" \/>\n<meta name=\"robots\" content=\"index, follow, max-snippet:-1, max-image-preview:large, max-video-preview:-1\" \/>\n<link rel=\"canonical\" href=\"https:\/\/universofamilia.com\/fr\/la-salud-mental-en-la-mira\/\" \/>\n<meta property=\"og:locale\" content=\"fr_FR\" \/>\n<meta property=\"og:type\" content=\"article\" \/>\n<meta property=\"og:title\" content=\"La salud mental en la mira: el nuevo desaf\u00edo global del siglo XXI - Universo Fam\u00edlia\" \/>\n<meta property=\"og:description\" content=\"La salud mental en la mira: el nuevo desaf\u00edo global del siglo XXI. ya no es una consigna alarmista ni un tema exclusivo del \u00e1mbito m\u00e9dico.\" \/>\n<meta property=\"og:url\" content=\"https:\/\/universofamilia.com\/fr\/la-salud-mental-en-la-mira\/\" \/>\n<meta property=\"og:site_name\" content=\"Universo Fam\u00edlia\" \/>\n<meta property=\"article:published_time\" content=\"2025-12-29T12:09:19+00:00\" \/>\n<meta property=\"article:modified_time\" content=\"2025-12-29T12:11:25+00:00\" \/>\n<meta property=\"og:image\" content=\"https:\/\/universofamilia.com\/wp-content\/uploads\/sites\/148\/2025\/12\/Destaque-Novo-Universo-20.jpg\" \/>\n\t<meta property=\"og:image:width\" content=\"450\" \/>\n\t<meta property=\"og:image:height\" content=\"250\" \/>\n\t<meta property=\"og:image:type\" content=\"image\/jpeg\" \/>\n<meta name=\"author\" content=\"Matheus Sangaletti\" \/>\n<meta name=\"twitter:card\" content=\"summary_large_image\" \/>\n<meta name=\"twitter:label1\" content=\"Written by\" \/>\n\t<meta name=\"twitter:data1\" content=\"Matheus Sangaletti\" \/>\n\t<meta name=\"twitter:label2\" content=\"Est. reading time\" \/>\n\t<meta name=\"twitter:data2\" content=\"1 minute\" \/>\n<script type=\"application\/ld+json\" class=\"yoast-schema-graph\">{\"@context\":\"https:\/\/schema.org\",\"@graph\":[{\"@type\":\"WebPage\",\"@id\":\"https:\/\/universofamilia.com\/zh_hk\/la-salud-mental-en-la-mira\/\",\"url\":\"https:\/\/universofamilia.com\/zh_hk\/la-salud-mental-en-la-mira\/\",\"name\":\"La salud mental en la mira: el nuevo desaf\u00edo global del siglo XXI - Universo Fam\u00edlia\",\"isPartOf\":{\"@id\":\"http:\/\/universofamilia.com\/zh_hk\/#website\"},\"primaryImageOfPage\":{\"@id\":\"https:\/\/universofamilia.com\/zh_hk\/la-salud-mental-en-la-mira\/#primaryimage\"},\"image\":{\"@id\":\"https:\/\/universofamilia.com\/zh_hk\/la-salud-mental-en-la-mira\/#primaryimage\"},\"thumbnailUrl\":\"https:\/\/universofamilia.com\/wp-content\/uploads\/sites\/148\/2025\/12\/Destaque-Novo-Universo-20.jpg\",\"datePublished\":\"2025-12-29T12:09:19+00:00\",\"dateModified\":\"2025-12-29T12:11:25+00:00\",\"author\":{\"@id\":\"http:\/\/universofamilia.com\/zh_hk\/#\/schema\/person\/92fcd07e9b1f4323bf74f3170fc0f78a\"},\"description\":\"La salud mental en la mira: el nuevo desaf\u00edo global del siglo XXI. ya no es una consigna alarmista ni un tema exclusivo del \u00e1mbito m\u00e9dico.\",\"breadcrumb\":{\"@id\":\"https:\/\/universofamilia.com\/zh_hk\/la-salud-mental-en-la-mira\/#breadcrumb\"},\"inLanguage\":\"fr-FR\",\"potentialAction\":[{\"@type\":\"ReadAction\",\"target\":[\"https:\/\/universofamilia.com\/zh_hk\/la-salud-mental-en-la-mira\/\"]}]},{\"@type\":\"ImageObject\",\"inLanguage\":\"fr-FR\",\"@id\":\"https:\/\/universofamilia.com\/zh_hk\/la-salud-mental-en-la-mira\/#primaryimage\",\"url\":\"https:\/\/universofamilia.com\/wp-content\/uploads\/sites\/148\/2025\/12\/Destaque-Novo-Universo-20.jpg\",\"contentUrl\":\"https:\/\/universofamilia.com\/wp-content\/uploads\/sites\/148\/2025\/12\/Destaque-Novo-Universo-20.jpg\",\"width\":450,\"height\":250,\"caption\":\"La salud mental en la mira: el nuevo desaf\u00edo global del siglo XXI.\"},{\"@type\":\"BreadcrumbList\",\"@id\":\"https:\/\/universofamilia.com\/zh_hk\/la-salud-mental-en-la-mira\/#breadcrumb\",\"itemListElement\":[{\"@type\":\"ListItem\",\"position\":1,\"name\":\"Home\",\"item\":\"http:\/\/universofamilia.com\/zh_hk\/\"},{\"@type\":\"ListItem\",\"position\":2,\"name\":\"La salud mental en la mira: el nuevo desaf\u00edo global del siglo XXI\"}]},{\"@type\":\"WebSite\",\"@id\":\"http:\/\/universofamilia.com\/zh_hk\/#website\",\"url\":\"http:\/\/universofamilia.com\/zh_hk\/\",\"name\":\"Universo Fam\u00edlia\",\"description\":\"\",\"potentialAction\":[{\"@type\":\"SearchAction\",\"target\":{\"@type\":\"EntryPoint\",\"urlTemplate\":\"http:\/\/universofamilia.com\/zh_hk\/?s={search_term_string}\"},\"query-input\":\"required name=search_term_string\"}],\"inLanguage\":\"fr-FR\"},{\"@type\":\"Person\",\"@id\":\"http:\/\/universofamilia.com\/zh_hk\/#\/schema\/person\/92fcd07e9b1f4323bf74f3170fc0f78a\",\"name\":\"Matheus Sangaletti\",\"image\":{\"@type\":\"ImageObject\",\"inLanguage\":\"fr-FR\",\"@id\":\"http:\/\/universofamilia.com\/zh_hk\/#\/schema\/person\/image\/\",\"url\":\"https:\/\/secure.gravatar.com\/avatar\/280ea957a14a48e6a1ad2133d2cc27c9?s=96&d=mm&r=g\",\"contentUrl\":\"https:\/\/secure.gravatar.com\/avatar\/280ea957a14a48e6a1ad2133d2cc27c9?s=96&d=mm&r=g\",\"caption\":\"Matheus Sangaletti\"},\"url\":\"https:\/\/universofamilia.com\/fr\/author\/matheuss\/\"}]}<\/script>\n<!-- \/ Yoast SEO plugin. -->","yoast_head_json":{"title":"La salud mental en la mira: el nuevo desaf\u00edo global del siglo XXI - Universo Fam\u00edlia","description":"La salud mental en la mira: el nuevo desaf\u00edo global del siglo XXI. ya no es una consigna alarmista ni un tema exclusivo del \u00e1mbito m\u00e9dico.","robots":{"index":"index","follow":"follow","max-snippet":"max-snippet:-1","max-image-preview":"max-image-preview:large","max-video-preview":"max-video-preview:-1"},"canonical":"https:\/\/universofamilia.com\/fr\/la-salud-mental-en-la-mira\/","og_locale":"fr_FR","og_type":"article","og_title":"La salud mental en la mira: el nuevo desaf\u00edo global del siglo XXI - Universo Fam\u00edlia","og_description":"La salud mental en la mira: el nuevo desaf\u00edo global del siglo XXI. ya no es una consigna alarmista ni un tema exclusivo del \u00e1mbito m\u00e9dico.","og_url":"https:\/\/universofamilia.com\/fr\/la-salud-mental-en-la-mira\/","og_site_name":"Universo Fam\u00edlia","article_published_time":"2025-12-29T12:09:19+00:00","article_modified_time":"2025-12-29T12:11:25+00:00","og_image":[{"width":450,"height":250,"url":"https:\/\/universofamilia.com\/wp-content\/uploads\/sites\/148\/2025\/12\/Destaque-Novo-Universo-20.jpg","type":"image\/jpeg"}],"author":"Matheus Sangaletti","twitter_card":"summary_large_image","twitter_misc":{"Written by":"Matheus Sangaletti","Est. reading time":"1 minute"},"schema":{"@context":"https:\/\/schema.org","@graph":[{"@type":"WebPage","@id":"https:\/\/universofamilia.com\/zh_hk\/la-salud-mental-en-la-mira\/","url":"https:\/\/universofamilia.com\/zh_hk\/la-salud-mental-en-la-mira\/","name":"La salud mental en la mira: el nuevo desaf\u00edo global del siglo XXI - Universo Fam\u00edlia","isPartOf":{"@id":"http:\/\/universofamilia.com\/zh_hk\/#website"},"primaryImageOfPage":{"@id":"https:\/\/universofamilia.com\/zh_hk\/la-salud-mental-en-la-mira\/#primaryimage"},"image":{"@id":"https:\/\/universofamilia.com\/zh_hk\/la-salud-mental-en-la-mira\/#primaryimage"},"thumbnailUrl":"https:\/\/universofamilia.com\/wp-content\/uploads\/sites\/148\/2025\/12\/Destaque-Novo-Universo-20.jpg","datePublished":"2025-12-29T12:09:19+00:00","dateModified":"2025-12-29T12:11:25+00:00","author":{"@id":"http:\/\/universofamilia.com\/zh_hk\/#\/schema\/person\/92fcd07e9b1f4323bf74f3170fc0f78a"},"description":"La salud mental en la mira: el nuevo desaf\u00edo global del siglo XXI. ya no es una consigna alarmista ni un tema exclusivo del \u00e1mbito m\u00e9dico.","breadcrumb":{"@id":"https:\/\/universofamilia.com\/zh_hk\/la-salud-mental-en-la-mira\/#breadcrumb"},"inLanguage":"fr-FR","potentialAction":[{"@type":"ReadAction","target":["https:\/\/universofamilia.com\/zh_hk\/la-salud-mental-en-la-mira\/"]}]},{"@type":"ImageObject","inLanguage":"fr-FR","@id":"https:\/\/universofamilia.com\/zh_hk\/la-salud-mental-en-la-mira\/#primaryimage","url":"https:\/\/universofamilia.com\/wp-content\/uploads\/sites\/148\/2025\/12\/Destaque-Novo-Universo-20.jpg","contentUrl":"https:\/\/universofamilia.com\/wp-content\/uploads\/sites\/148\/2025\/12\/Destaque-Novo-Universo-20.jpg","width":450,"height":250,"caption":"La salud mental en la mira: el nuevo desaf\u00edo global del siglo XXI."},{"@type":"BreadcrumbList","@id":"https:\/\/universofamilia.com\/zh_hk\/la-salud-mental-en-la-mira\/#breadcrumb","itemListElement":[{"@type":"ListItem","position":1,"name":"Home","item":"http:\/\/universofamilia.com\/zh_hk\/"},{"@type":"ListItem","position":2,"name":"La salud mental en la mira: el nuevo desaf\u00edo global del siglo XXI"}]},{"@type":"WebSite","@id":"http:\/\/universofamilia.com\/zh_hk\/#website","url":"http:\/\/universofamilia.com\/zh_hk\/","name":"Universo Fam\u00edlia","description":"","potentialAction":[{"@type":"SearchAction","target":{"@type":"EntryPoint","urlTemplate":"http:\/\/universofamilia.com\/zh_hk\/?s={search_term_string}"},"query-input":"required name=search_term_string"}],"inLanguage":"fr-FR"},{"@type":"Person","@id":"http:\/\/universofamilia.com\/zh_hk\/#\/schema\/person\/92fcd07e9b1f4323bf74f3170fc0f78a","name":"Matheus Sangaletti","image":{"@type":"ImageObject","inLanguage":"fr-FR","@id":"http:\/\/universofamilia.com\/zh_hk\/#\/schema\/person\/image\/","url":"https:\/\/secure.gravatar.com\/avatar\/280ea957a14a48e6a1ad2133d2cc27c9?s=96&d=mm&r=g","contentUrl":"https:\/\/secure.gravatar.com\/avatar\/280ea957a14a48e6a1ad2133d2cc27c9?s=96&d=mm&r=g","caption":"Matheus Sangaletti"},"url":"https:\/\/universofamilia.com\/fr\/author\/matheuss\/"}]}},"_links":{"self":[{"href":"https:\/\/universofamilia.com\/fr\/wp-json\/wp\/v2\/posts\/10479"}],"collection":[{"href":"https:\/\/universofamilia.com\/fr\/wp-json\/wp\/v2\/posts"}],"about":[{"href":"https:\/\/universofamilia.com\/fr\/wp-json\/wp\/v2\/types\/post"}],"author":[{"embeddable":true,"href":"https:\/\/universofamilia.com\/fr\/wp-json\/wp\/v2\/users\/219"}],"replies":[{"embeddable":true,"href":"https:\/\/universofamilia.com\/fr\/wp-json\/wp\/v2\/comments?post=10479"}],"version-history":[{"count":2,"href":"https:\/\/universofamilia.com\/fr\/wp-json\/wp\/v2\/posts\/10479\/revisions"}],"predecessor-version":[{"id":10484,"href":"https:\/\/universofamilia.com\/fr\/wp-json\/wp\/v2\/posts\/10479\/revisions\/10484"}],"wp:featuredmedia":[{"embeddable":true,"href":"https:\/\/universofamilia.com\/fr\/wp-json\/wp\/v2\/media\/10480"}],"wp:attachment":[{"href":"https:\/\/universofamilia.com\/fr\/wp-json\/wp\/v2\/media?parent=10479"}],"wp:term":[{"taxonomy":"category","embeddable":true,"href":"https:\/\/universofamilia.com\/fr\/wp-json\/wp\/v2\/categories?post=10479"},{"taxonomy":"post_tag","embeddable":true,"href":"https:\/\/universofamilia.com\/fr\/wp-json\/wp\/v2\/tags?post=10479"}],"curies":[{"name":"wp","href":"https:\/\/api.w.org\/{rel}","templated":true}]}}