{"id":2109,"date":"2023-05-31T16:30:11","date_gmt":"2023-05-31T19:30:11","guid":{"rendered":"https:\/\/universofamilia.com\/?p=2109"},"modified":"2023-05-31T16:30:11","modified_gmt":"2023-05-31T19:30:11","slug":"por-que-os-bebes-se-assustam-tanto","status":"publish","type":"post","link":"https:\/\/universofamilia.com\/fr\/por-que-os-bebes-se-assustam-tanto\/","title":{"rendered":"Pourquoi les b\u00e9b\u00e9s ont-ils si peur ?"},"content":{"rendered":"<p>Pourquoi les b\u00e9b\u00e9s ont-ils si peur, comprenez ce ph\u00e9nom\u00e8ne \u00e9motionnel et comportemental.<\/p>\n\n\n\n<p>Les b\u00e9b\u00e9s sont connus pour leur curiosit\u00e9 et leur vuln\u00e9rabilit\u00e9. Au cours de leurs premiers mois de vie, on observe souvent qu&#039;ils sont facilement surpris par des stimuli apparemment inoffensifs.<\/p>\n\n\n\n<p>Cette r\u00e9action peut intriguer de nombreux pays et soignants, soulevant la question : pourquoi les b\u00e9b\u00e9s ont-ils si peur ?<\/p>\n\n\n\n<p>Dans cet article, nous explorerons ce ph\u00e9nom\u00e8ne \u00e9motionnel et comportemental chez les b\u00e9b\u00e9s, en offrant un aper\u00e7u des causes de leur comportement et en fournissant des conseils pour aider les pays \u00e0 faire face \u00e0 ces situations.<\/p>\n\n\n\n<h3 class=\"wp-block-heading\">Voir aussi :<\/h3>\n\n\n\n<p><a href=\"https:\/\/universofamilia.com\/fr\/como-aliviar-as-colicas-do-bebe\/\" target=\"_blank\" rel=\"noreferrer noopener\">Comment soulager les coliques du b\u00e9b\u00e9<\/a><\/p>\n\n\n\n<p><a href=\"https:\/\/universofamilia.com\/fr\/o-que-e-ser-mae\/\" target=\"_blank\" rel=\"noreferrer noopener\">Qu&#039;est-ce qu&#039;\u00eatre m\u00e8re ?<\/a><\/p>\n\n\n\n<p><a href=\"https:\/\/www.luzbaby.com.br\/\" target=\"_blank\" rel=\"noreferrer noopener\">A Luz Baby est l&#039;un des meilleurs magasins de produits pour b\u00e9b\u00e9s. Cliquez ici.<\/a><\/p>\n\n\n<div class=\"wp-block-image\">\n<figure class=\"aligncenter size-full\"><img loading=\"lazy\" decoding=\"async\" width=\"550\" height=\"350\" src=\"http:\/\/universofamilia.com\/wp-content\/uploads\/sites\/148\/2023\/05\/POST-SUSTO-BEBe-universo-familia-.png\" alt=\"\" class=\"wp-image-2110\" srcset=\"https:\/\/universofamilia.com\/wp-content\/uploads\/sites\/148\/2023\/05\/POST-SUSTO-BEBe-universo-familia-.png 550w, https:\/\/universofamilia.com\/wp-content\/uploads\/sites\/148\/2023\/05\/POST-SUSTO-BEBe-universo-familia--300x191.png 300w\" sizes=\"(max-width: 550px) 100vw, 550px\" \/><\/figure><\/div>\n\n\n<h4 class=\"wp-block-heading\">D\u00e9veloppement sensoriel au cours des premiers mois<\/h4>\n\n\n\n<p>Les b\u00e9b\u00e9s connaissent un d\u00e9veloppement sensoriel rapide au cours des premiers mois de leur vie. Leurs sens de l&#039;ou\u00efe, de la vue et du tatouage \u00e9voluent constamment, ce qui signifie qu&#039;ils d\u00e9couvrent un monde totalement nouveau.<\/p>\n\n\n\n<p>Par cons\u00e9quent, m\u00eame des stimuli l\u00e9gers et courants peuvent \u00eatre per\u00e7us comme mena\u00e7ants pour un b\u00e9b\u00e9 qui s\u2019habitue encore \u00e0 son environnement.<\/p>\n\n\n\n<h4 class=\"wp-block-heading\">Sursauts involontaires<\/h4>\n\n\n\n<p>Outre le d\u00e9veloppement sensoriel, les b\u00e9b\u00e9s poss\u00e8dent \u00e9galement un r\u00e9flexe appel\u00e9 \u00ab r\u00e9flexe de sursaut \u00bb ou \u00ab r\u00e9flexe de Moro \u00bb. Ce r\u00e9flexe est une r\u00e9action involontaire \u00e0 un stimulus soudain, comme un bruit fort ou un changement soudain d&#039;environnement.<\/p>\n\n\n\n<p>Lorsqu&#039;un b\u00e9b\u00e9 est surpris par une telle surprise, il tend, ouvre et cambre les bras. Cette r\u00e9action peut \u00eatre interpr\u00e9t\u00e9e \u00e0 tort comme de la peur, mais il s&#039;agit en r\u00e9alit\u00e9 d&#039;une r\u00e9action automatique du syst\u00e8me nerveux immature du b\u00e9b\u00e9.<\/p>\n\n\n\n<h4 class=\"wp-block-heading\">Perception de la menace<\/h4>\n\n\n\n<p>Les b\u00e9b\u00e9s apprennent constamment \u00e0 conna\u00eetre le monde qui les entoure, et la sensibilisation est une partie importante du processus.<\/p>\n\n\n\n<p>Comme ils n\u2019ont pas la capacit\u00e9 de discerner ce qui est r\u00e9ellement dangereux ou ce qui ne l\u2019est pas, il est naturel qu\u2019ils r\u00e9agissent intens\u00e9ment \u00e0 tout stimulus inconnu ou inattendu.<\/p>\n\n\n\n<p>Cette r\u00e9action est une forme d\u2019auto-pr\u00e9servation et peut \u00eatre consid\u00e9r\u00e9e comme une r\u00e9ponse \u00e9volutive qui contribue \u00e0 assurer la survie.<\/p>\n\n\n\n<h4 class=\"wp-block-heading\">Influence de l&#039;environnement<\/h4>\n\n\n\n<p>L&#039;environnement dans lequel le b\u00e9b\u00e9 grandit joue \u00e9galement un r\u00f4le important dans sa tendance \u00e0 la peur. Un environnement chaotique, avec des bruits tr\u00e8s forts et des stimuli constants, peut le mettre en \u00e9tat d&#039;alerte permanent et l&#039;effrayer plus facilement.<\/p>\n\n\n\n<p>D\u2019un autre c\u00f4t\u00e9, un environnement calme et s\u00fbr, avec des routines coh\u00e9rentes et un sentiment de familiarit\u00e9, peut aider le b\u00e9b\u00e9 \u00e0 se sentir plus calme et moins sujet aux r\u00e9actions de peur.<\/p>\n\n\n\n<h4 class=\"wp-block-heading\">Conseils pour g\u00e9rer les frayeurs<\/h4>\n\n\n\n<p>Pour vous aider \u00e0 g\u00e9rer les frayeurs fr\u00e9quentes que peuvent ressentir les b\u00e9b\u00e9s, voici quelques conseils utiles\u00a0:<\/p>\n\n\n\n<p><strong>Reste calme<\/strong>:Lorsque le b\u00e9b\u00e9 a peur, il est important que votre enfant reste calme. Les b\u00e9b\u00e9s peuvent percevoir et absorber l&#039;anxi\u00e9t\u00e9 des deux personnes qui s&#039;occupent d&#039;eux, ou cela peut accro\u00eetre leur propre agitation.<\/p>\n\n\n\n<p>En gardant son calme, le pays transmet un sentiment de s\u00e9curit\u00e9 et de tranquillit\u00e9 au b\u00e9b\u00e9.<\/p>\n\n\n\n<p><strong>Offre un confort physique<\/strong>Les c\u00e2lins, les caresses douces et le contact physique peuvent r\u00e9conforter le b\u00e9b\u00e9 apr\u00e8s une frayeur. Cela contribue \u00e0 \u00e9tablir un sentiment de s\u00e9curit\u00e9 et de protection, \u00e0 apaiser et \u00e0 r\u00e9duire son inconfort \u00e9motionnel.<\/p>\n\n\n\n<p><strong>Cr\u00e9er un environnement s\u00fbr<\/strong>Assurez-vous que l&#039;environnement dans lequel b\u00e9b\u00e9 passe la plupart de son temps est s\u00fbr et exempt de stimuli excessifs. R\u00e9duisez le bruit, \u00e9vitez les lumi\u00e8res vives et cr\u00e9ez une atmosph\u00e8re calme et r\u00e9confortante.<\/p>\n\n\n\n<p>Cela aidera le b\u00e9b\u00e9 \u00e0 se sentir plus en s\u00e9curit\u00e9 et moins sujet aux peurs.<\/p>\n\n\n\n<p><strong>Introduire progressivement de nouveaux stimuli<\/strong>\u00c0 mesure que votre b\u00e9b\u00e9 grandit, il est important de l&#039;exposer progressivement \u00e0 de nouveaux stimuli et \u00e0 de nouvelles situations. Introduisez les sons, les lumi\u00e8res et les textures de mani\u00e8re douce et contr\u00f4l\u00e9e, afin qu&#039;il s&#039;y habitue progressivement.<\/p>\n\n\n\n<p>Cela aidera \u00e0 r\u00e9duire l\u2019impact des nouveaux stimuli et \u00e0 favoriser une adaptation plus calme.<\/p>\n\n\n\n<p><strong>\u00c9tablir des routines et de la pr\u00e9visibilit\u00e9<\/strong>Les b\u00e9b\u00e9s se sentent plus en s\u00e9curit\u00e9 lorsqu&#039;ils ont une routine r\u00e9guli\u00e8re et pr\u00e9visible. Cela leur procure un sentiment de contr\u00f4le et de stabilit\u00e9 dans leur environnement.<\/p>\n\n\n\n<p>Maintenez des heures r\u00e9guli\u00e8res pour les repas, le sommeil et les activit\u00e9s afin que le b\u00e9b\u00e9 sache \u00e0 quoi s\u2019attendre, r\u00e9duisant ainsi le risque de frayeurs.<\/p>\n\n\n\n<h4 class=\"wp-block-heading\">Conclusion<\/h4>\n\n\n\n<p>Les frayeurs fr\u00e9quentes que vivent les b\u00e9b\u00e9s font partie int\u00e9grante de leur d\u00e9veloppement. Leurs sens en d\u00e9veloppement, leurs r\u00e9flexes involontaires et leur perception de l&#039;amour contribuent \u00e0 cette r\u00e9action.<\/p>\n\n\n\n<p>Il est important de se rappeler que les b\u00e9b\u00e9s d\u00e9pendent de deux pays et de deux soignants pour se sentir en s\u00e9curit\u00e9 et prot\u00e9g\u00e9s.<\/p>\n\n\n\n<p>En comprenant la raison pour laquelle les b\u00e9b\u00e9s ont peur et en appliquant des techniques pour g\u00e9rer ces situations, nous pouvons aider nos enfants \u00e0 se sentir plus calmes et plus en s\u00e9curit\u00e9 dans leur environnement.<\/p>\n\n\n\n<p>En maintenant le calme, en offrant un confort physique, en cr\u00e9ant un environnement s\u00e9curitaire, en introduisant progressivement de nouveaux stimuli et en \u00e9tablissant des routines planifi\u00e9es, il est possible d\u2019aider les b\u00e9b\u00e9s \u00e0 mieux g\u00e9rer leurs peurs et de favoriser un d\u00e9veloppement sain et \u00e9motionnellement \u00e9quilibr\u00e9.<\/p>\n\n\n\n<p>Sachez que chaque b\u00e9b\u00e9 est unique et peut r\u00e9agir diff\u00e9remment aux stimuli. Observer et comprendre les besoins individuels de votre b\u00e9b\u00e9 est essentiel pour lui apporter le soutien n\u00e9cessaire pendant ces moments difficiles.<\/p>\n\n\n\n<h4 class=\"wp-block-heading\">Sources de recherche<\/h4>\n\n\n\n<p>Voici quelques polices sugg\u00e9r\u00e9es que vous pouvez utiliser pour vos recherches\u00a0:<\/p>\n\n\n\n<p><strong>Articles scientifiques<\/strong>:Acc\u00e9dez \u00e0 des bases de donn\u00e9es acad\u00e9miques, telles que PubMed et Google Scholar, pour trouver des \u00e9tudes scientifiques li\u00e9es au d\u00e9veloppement \u00e9motionnel et sensoriel des b\u00e9b\u00e9s.<\/p>\n\n\n\n<p><strong>Livres sp\u00e9cialis\u00e9s<\/strong>Recherchez des ouvrages \u00e9crits par des sp\u00e9cialistes du d\u00e9veloppement de l&#039;enfant, de la psychologie ou de la p\u00e9diatrie. Parmi les titres pertinents, citons \u00ab\u00a0The Science of Parenting\u00a0\u00bb de Margot Sunderland et \u00ab\u00a0The Wonder Weeks\u00a0\u00bb de Hetty van de Rijt et Frans Plooij.<\/p>\n\n\n\n<p><strong>Organisations de renomination<\/strong>Consultez les sites des organismes reconnus dans le domaine de la sant\u00e9 infantile, comme l&#039;Acad\u00e9mie am\u00e9ricaine de p\u00e9diatrie (AAP) et l&#039;Organisation mondiale de la sant\u00e9 (OMS). Ces institutions publient g\u00e9n\u00e9ralement des directives et des informations actualis\u00e9es sur le d\u00e9veloppement et les soins des b\u00e9b\u00e9s.<\/p>\n\n\n\n<p>Blogs et sites de confiance\u00a0: De nombreux blogs et sites proposent des informations fiables sur le d\u00e9veloppement de l&#039;enfant. Parmi eux, on peut citer Verywell Family, HealthyChildren.org et BabyCenter.<\/p>\n\n\n\n<p>Certificat\u00a0: v\u00e9rifiez toujours la cr\u00e9dibilit\u00e9 des sources utilis\u00e9es, en vous renseignant aupr\u00e8s de sp\u00e9cialistes qualifi\u00e9s et scientifiquement fond\u00e9s. De plus, lorsque vous citez ou utilisez des informations provenant d&#039;autres sources, il est important de fournir des r\u00e9f\u00e9rences ad\u00e9quates afin d&#039;\u00e9viter le plagiat et de citer ou de cr\u00e9diter les auteurs originaux.<\/p>","protected":false},"excerpt":{"rendered":"<p>Pourquoi les b\u00e9b\u00e9s ont-ils si peur, comprenez ce ph\u00e9nom\u00e8ne \u00e9motionnel et comportemental.<br \/>\nLes b\u00e9b\u00e9s sont connus pour leur curiosit\u00e9 et leur vuln\u00e9rabilit\u00e9. Au cours de leurs premiers mois de vie, on observe souvent qu&#039;ils sont facilement surpris par des stimuli apparemment inoffensifs.<br \/>\nCette r\u00e9action peut intriguer de nombreux pays et soignants, soulevant la question : pourquoi les b\u00e9b\u00e9s ont-ils si peur ?<br \/>\nDans cet article, nous explorerons ce ph\u00e9nom\u00e8ne \u00e9motionnel et comportemental chez les b\u00e9b\u00e9s, en offrant un aper\u00e7u des causes de leur comportement et en fournissant des conseils pour aider les pays \u00e0 faire face \u00e0 ces situations.<\/p>","protected":false},"author":0,"featured_media":2111,"comment_status":"closed","ping_status":"open","sticky":false,"template":"","format":"standard","meta":{"footnotes":""},"categories":[5],"tags":[417,509,1397],"yoast_head":"<!-- This site is optimized with the Yoast SEO plugin v23.3 - https:\/\/yoast.com\/wordpress\/plugins\/seo\/ -->\n<title>Por que os beb\u00eas se assustam tanto - Universo Fam\u00edlia<\/title>\n<meta name=\"description\" content=\"Por que os beb\u00eas se assustam tanto, entenda esse fen\u00f4meno emocional e comportamental.\" \/>\n<meta name=\"robots\" content=\"index, follow, max-snippet:-1, max-image-preview:large, max-video-preview:-1\" \/>\n<link rel=\"canonical\" href=\"https:\/\/universofamilia.com\/fr\/por-que-os-bebes-se-assustam-tanto\/\" \/>\n<meta property=\"og:locale\" content=\"fr_FR\" \/>\n<meta property=\"og:type\" content=\"article\" \/>\n<meta property=\"og:title\" content=\"Por que os beb\u00eas se assustam tanto - Universo Fam\u00edlia\" \/>\n<meta property=\"og:description\" content=\"Por que os beb\u00eas se assustam tanto, entenda esse fen\u00f4meno emocional e comportamental.\" \/>\n<meta property=\"og:url\" content=\"https:\/\/universofamilia.com\/fr\/por-que-os-bebes-se-assustam-tanto\/\" \/>\n<meta property=\"og:site_name\" content=\"Universo Fam\u00edlia\" \/>\n<meta property=\"article:published_time\" content=\"2023-05-31T19:30:11+00:00\" \/>\n<meta property=\"og:image\" content=\"https:\/\/universofamilia.com\/wp-content\/uploads\/sites\/148\/2023\/05\/FOTO-DESTAQUE-SUSTO-BEBE-universo-familia-448x350-.png\" \/>\n\t<meta property=\"og:image:width\" content=\"448\" \/>\n\t<meta property=\"og:image:height\" content=\"350\" \/>\n\t<meta property=\"og:image:type\" content=\"image\/png\" \/>\n<meta name=\"twitter:card\" content=\"summary_large_image\" \/>\n<meta name=\"twitter:label1\" content=\"Est. reading time\" \/>\n\t<meta name=\"twitter:data1\" content=\"6 minutes\" \/>\n<script type=\"application\/ld+json\" class=\"yoast-schema-graph\">{\"@context\":\"https:\/\/schema.org\",\"@graph\":[{\"@type\":\"WebPage\",\"@id\":\"https:\/\/universofamilia.com\/ja\/por-que-os-bebes-se-assustam-tanto\/\",\"url\":\"https:\/\/universofamilia.com\/ja\/por-que-os-bebes-se-assustam-tanto\/\",\"name\":\"Por que os beb\u00eas se assustam tanto - Universo Fam\u00edlia\",\"isPartOf\":{\"@id\":\"https:\/\/universofamilia.com\/el\/#website\"},\"primaryImageOfPage\":{\"@id\":\"https:\/\/universofamilia.com\/ja\/por-que-os-bebes-se-assustam-tanto\/#primaryimage\"},\"image\":{\"@id\":\"https:\/\/universofamilia.com\/ja\/por-que-os-bebes-se-assustam-tanto\/#primaryimage\"},\"thumbnailUrl\":\"https:\/\/universofamilia.com\/wp-content\/uploads\/sites\/148\/2023\/05\/FOTO-DESTAQUE-SUSTO-BEBE-universo-familia-448x350-.png\",\"datePublished\":\"2023-05-31T19:30:11+00:00\",\"dateModified\":\"2023-05-31T19:30:11+00:00\",\"author\":{\"@id\":\"\"},\"description\":\"Por que os beb\u00eas se assustam tanto, entenda esse fen\u00f4meno emocional e comportamental.\",\"breadcrumb\":{\"@id\":\"https:\/\/universofamilia.com\/ja\/por-que-os-bebes-se-assustam-tanto\/#breadcrumb\"},\"inLanguage\":\"fr-FR\",\"potentialAction\":[{\"@type\":\"ReadAction\",\"target\":[\"https:\/\/universofamilia.com\/ja\/por-que-os-bebes-se-assustam-tanto\/\"]}]},{\"@type\":\"ImageObject\",\"inLanguage\":\"fr-FR\",\"@id\":\"https:\/\/universofamilia.com\/ja\/por-que-os-bebes-se-assustam-tanto\/#primaryimage\",\"url\":\"https:\/\/universofamilia.com\/wp-content\/uploads\/sites\/148\/2023\/05\/FOTO-DESTAQUE-SUSTO-BEBE-universo-familia-448x350-.png\",\"contentUrl\":\"https:\/\/universofamilia.com\/wp-content\/uploads\/sites\/148\/2023\/05\/FOTO-DESTAQUE-SUSTO-BEBE-universo-familia-448x350-.png\",\"width\":448,\"height\":350},{\"@type\":\"BreadcrumbList\",\"@id\":\"https:\/\/universofamilia.com\/ja\/por-que-os-bebes-se-assustam-tanto\/#breadcrumb\",\"itemListElement\":[{\"@type\":\"ListItem\",\"position\":1,\"name\":\"Home\",\"item\":\"https:\/\/universofamilia.com\/el\/\"},{\"@type\":\"ListItem\",\"position\":2,\"name\":\"Por que os beb\u00eas se assustam tanto\"}]},{\"@type\":\"WebSite\",\"@id\":\"https:\/\/universofamilia.com\/el\/#website\",\"url\":\"https:\/\/universofamilia.com\/el\/\",\"name\":\"Universo Fam\u00edlia\",\"description\":\"\",\"potentialAction\":[{\"@type\":\"SearchAction\",\"target\":{\"@type\":\"EntryPoint\",\"urlTemplate\":\"https:\/\/universofamilia.com\/el\/?s={search_term_string}\"},\"query-input\":\"required name=search_term_string\"}],\"inLanguage\":\"fr-FR\"}]}<\/script>\n<!-- \/ Yoast SEO plugin. -->","yoast_head_json":{"title":"Por que os beb\u00eas se assustam tanto - Universo Fam\u00edlia","description":"Por que os beb\u00eas se assustam tanto, entenda esse fen\u00f4meno emocional e comportamental.","robots":{"index":"index","follow":"follow","max-snippet":"max-snippet:-1","max-image-preview":"max-image-preview:large","max-video-preview":"max-video-preview:-1"},"canonical":"https:\/\/universofamilia.com\/fr\/por-que-os-bebes-se-assustam-tanto\/","og_locale":"fr_FR","og_type":"article","og_title":"Por que os beb\u00eas se assustam tanto - Universo Fam\u00edlia","og_description":"Por que os beb\u00eas se assustam tanto, entenda esse fen\u00f4meno emocional e comportamental.","og_url":"https:\/\/universofamilia.com\/fr\/por-que-os-bebes-se-assustam-tanto\/","og_site_name":"Universo Fam\u00edlia","article_published_time":"2023-05-31T19:30:11+00:00","og_image":[{"width":448,"height":350,"url":"https:\/\/universofamilia.com\/wp-content\/uploads\/sites\/148\/2023\/05\/FOTO-DESTAQUE-SUSTO-BEBE-universo-familia-448x350-.png","type":"image\/png"}],"twitter_card":"summary_large_image","twitter_misc":{"Est. reading time":"6 minutes"},"schema":{"@context":"https:\/\/schema.org","@graph":[{"@type":"WebPage","@id":"https:\/\/universofamilia.com\/ja\/por-que-os-bebes-se-assustam-tanto\/","url":"https:\/\/universofamilia.com\/ja\/por-que-os-bebes-se-assustam-tanto\/","name":"Por que os beb\u00eas se assustam tanto - Universo Fam\u00edlia","isPartOf":{"@id":"https:\/\/universofamilia.com\/el\/#website"},"primaryImageOfPage":{"@id":"https:\/\/universofamilia.com\/ja\/por-que-os-bebes-se-assustam-tanto\/#primaryimage"},"image":{"@id":"https:\/\/universofamilia.com\/ja\/por-que-os-bebes-se-assustam-tanto\/#primaryimage"},"thumbnailUrl":"https:\/\/universofamilia.com\/wp-content\/uploads\/sites\/148\/2023\/05\/FOTO-DESTAQUE-SUSTO-BEBE-universo-familia-448x350-.png","datePublished":"2023-05-31T19:30:11+00:00","dateModified":"2023-05-31T19:30:11+00:00","author":{"@id":""},"description":"Por que os beb\u00eas se assustam tanto, entenda esse fen\u00f4meno emocional e comportamental.","breadcrumb":{"@id":"https:\/\/universofamilia.com\/ja\/por-que-os-bebes-se-assustam-tanto\/#breadcrumb"},"inLanguage":"fr-FR","potentialAction":[{"@type":"ReadAction","target":["https:\/\/universofamilia.com\/ja\/por-que-os-bebes-se-assustam-tanto\/"]}]},{"@type":"ImageObject","inLanguage":"fr-FR","@id":"https:\/\/universofamilia.com\/ja\/por-que-os-bebes-se-assustam-tanto\/#primaryimage","url":"https:\/\/universofamilia.com\/wp-content\/uploads\/sites\/148\/2023\/05\/FOTO-DESTAQUE-SUSTO-BEBE-universo-familia-448x350-.png","contentUrl":"https:\/\/universofamilia.com\/wp-content\/uploads\/sites\/148\/2023\/05\/FOTO-DESTAQUE-SUSTO-BEBE-universo-familia-448x350-.png","width":448,"height":350},{"@type":"BreadcrumbList","@id":"https:\/\/universofamilia.com\/ja\/por-que-os-bebes-se-assustam-tanto\/#breadcrumb","itemListElement":[{"@type":"ListItem","position":1,"name":"Home","item":"https:\/\/universofamilia.com\/el\/"},{"@type":"ListItem","position":2,"name":"Por que os beb\u00eas se assustam tanto"}]},{"@type":"WebSite","@id":"https:\/\/universofamilia.com\/el\/#website","url":"https:\/\/universofamilia.com\/el\/","name":"Universo Fam\u00edlia","description":"","potentialAction":[{"@type":"SearchAction","target":{"@type":"EntryPoint","urlTemplate":"https:\/\/universofamilia.com\/el\/?s={search_term_string}"},"query-input":"required name=search_term_string"}],"inLanguage":"fr-FR"}]}},"_links":{"self":[{"href":"https:\/\/universofamilia.com\/fr\/wp-json\/wp\/v2\/posts\/2109"}],"collection":[{"href":"https:\/\/universofamilia.com\/fr\/wp-json\/wp\/v2\/posts"}],"about":[{"href":"https:\/\/universofamilia.com\/fr\/wp-json\/wp\/v2\/types\/post"}],"replies":[{"embeddable":true,"href":"https:\/\/universofamilia.com\/fr\/wp-json\/wp\/v2\/comments?post=2109"}],"version-history":[{"count":0,"href":"https:\/\/universofamilia.com\/fr\/wp-json\/wp\/v2\/posts\/2109\/revisions"}],"wp:featuredmedia":[{"embeddable":true,"href":"https:\/\/universofamilia.com\/fr\/wp-json\/wp\/v2\/media\/2111"}],"wp:attachment":[{"href":"https:\/\/universofamilia.com\/fr\/wp-json\/wp\/v2\/media?parent=2109"}],"wp:term":[{"taxonomy":"category","embeddable":true,"href":"https:\/\/universofamilia.com\/fr\/wp-json\/wp\/v2\/categories?post=2109"},{"taxonomy":"post_tag","embeddable":true,"href":"https:\/\/universofamilia.com\/fr\/wp-json\/wp\/v2\/tags?post=2109"}],"curies":[{"name":"wp","href":"https:\/\/api.w.org\/{rel}","templated":true}]}}