{"id":2207,"date":"2023-06-02T23:02:38","date_gmt":"2023-06-03T02:02:38","guid":{"rendered":"https:\/\/universofamilia.com\/?p=2207"},"modified":"2023-06-02T23:02:38","modified_gmt":"2023-06-03T02:02:38","slug":"dificuldade-de-audicao-em-criancas","status":"publish","type":"post","link":"https:\/\/universofamilia.com\/fr\/dificuldade-de-audicao-em-criancas\/","title":{"rendered":"Troubles auditifs chez les enfants\u00a0: sympt\u00f4mes, soins et diagnostic"},"content":{"rendered":"<p>Troubles auditifs chez l&#039;enfant\u00a0: sympt\u00f4mes, soins et diagnostic. L&#039;audition joue un r\u00f4le crucial dans le d\u00e9veloppement des apprentissages de l&#039;enfant.<\/p>\n\n\n\n<p>Malheureusement, certains enfants sont confront\u00e9s \u00e0 des difficult\u00e9s auditives, ce qui peut nuire \u00e0 leur qualit\u00e9 de vie et \u00e0 leurs r\u00e9sultats scolaires.<\/p>\n\n\n\n<p>Dans cet article, nous discuterons des sympt\u00f4mes des difficult\u00e9s auditives chez les enfants, des soins n\u00e9cessaires et de la mani\u00e8re d&#039;\u00e9tablir un diagnostic ad\u00e9quat.<\/p>\n\n\n\n<h3 class=\"wp-block-heading\">Voir aussi :<\/h3>\n\n\n\n<p><a href=\"https:\/\/universofamilia.com\/fr\/como-aliviar-as-colicas-do-bebe\/\" target=\"_blank\" rel=\"noreferrer noopener\">Comment soulager les coliques du b\u00e9b\u00e9<\/a><\/p>\n\n\n\n<p><a href=\"https:\/\/universofamilia.com\/fr\/por-que-os-bebes-se-assustam-tanto\/\" target=\"_blank\" rel=\"noreferrer noopener\">Pourquoi les b\u00e9b\u00e9s ont-ils si peur ?<\/a><\/p>\n\n\n\n<p><a href=\"https:\/\/www.luzbaby.com.br\/\" target=\"_blank\" rel=\"noreferrer noopener\">A Luz Baby est l&#039;un des meilleurs magasins de produits pour b\u00e9b\u00e9s. Cliquez ici.<\/a><\/p>\n\n\n\n<h4 class=\"wp-block-heading\">Sympt\u00f4mes de troubles auditifs chez les enfants<\/h4>\n\n\n<div class=\"wp-block-image\">\n<figure class=\"aligncenter size-full\"><img loading=\"lazy\" decoding=\"async\" width=\"550\" height=\"350\" src=\"http:\/\/universofamilia.com\/wp-content\/uploads\/sites\/148\/2023\/06\/POST-DIFICULDADE-DE-OUVIR-universo-familia-2.png\" alt=\"\" class=\"wp-image-2208\" srcset=\"https:\/\/universofamilia.com\/wp-content\/uploads\/sites\/148\/2023\/06\/POST-DIFICULDADE-DE-OUVIR-universo-familia-2.png 550w, https:\/\/universofamilia.com\/wp-content\/uploads\/sites\/148\/2023\/06\/POST-DIFICULDADE-DE-OUVIR-universo-familia-2-300x191.png 300w\" sizes=\"(max-width: 550px) 100vw, 550px\" \/><\/figure><\/div>\n\n\n<p>Identifier les troubles auditifs chez les enfants peut s&#039;av\u00e9rer difficile, car les sympt\u00f4mes varient selon la gravit\u00e9 du probl\u00e8me. Voici quelques sympt\u00f4mes courants \u00e0 observer\u00a0:<\/p>\n\n\n\n<p><strong>Retard de parole<\/strong>:Les enfants ayant des difficult\u00e9s auditives connaissent souvent des retards importants dans l\u2019acquisition du langage et un non-d\u00e9veloppement du langage.<\/p>\n\n\n\n<p><strong>Difficult\u00e9 \u00e0 suivre les instructions<\/strong>:Si un enfant ne r\u00e9pond pas ad\u00e9quatement \u00e0 des commandes verbales simples ou a du mal \u00e0 comprendre et \u00e0 suivre les instructions, cela peut indiquer un probl\u00e8me d\u2019audition.<\/p>\n\n\n\n<p><strong>Volume de la t\u00e9l\u00e9vision ou de la radio excessivement fort<\/strong>:Si un enfant pr\u00e9f\u00e8re toujours augmenter le volume de la t\u00e9l\u00e9vision ou de la radio \u00e0 un niveau inconfortablement \u00e9lev\u00e9, cela peut \u00eatre un signe qu&#039;il a du mal \u00e0 entendre.<\/p>\n\n\n\n<p><strong>Probl\u00e8mes de concentration<\/strong>:Les enfants ayant des difficult\u00e9s auditives peuvent avoir des difficult\u00e9s \u00e0 se concentrer en classe ou dans des environnements bruyants, en raison d\u2019une surcharge sensorielle.<\/p>\n\n\n\n<p><strong>Retards d&#039;\u00e9chec et non-d\u00e9veloppement du langage<\/strong>:En plus d\u2019un retard de langage, les enfants peuvent \u00e9prouver des difficult\u00e9s \u00e0 articuler correctement les mots ou \u00e0 comprendre et \u00e0 utiliser correctement les langues.<\/p>\n\n\n<div class=\"wp-block-image\">\n<figure class=\"aligncenter size-full\"><img loading=\"lazy\" decoding=\"async\" width=\"550\" height=\"350\" src=\"http:\/\/universofamilia.com\/wp-content\/uploads\/sites\/148\/2023\/06\/POST-DIFICULDADE-DE-OUVIR-universo-familia-1.png\" alt=\"\" class=\"wp-image-2209\" srcset=\"https:\/\/universofamilia.com\/wp-content\/uploads\/sites\/148\/2023\/06\/POST-DIFICULDADE-DE-OUVIR-universo-familia-1.png 550w, https:\/\/universofamilia.com\/wp-content\/uploads\/sites\/148\/2023\/06\/POST-DIFICULDADE-DE-OUVIR-universo-familia-1-300x191.png 300w\" sizes=\"(max-width: 550px) 100vw, 550px\" \/><\/figure><\/div>\n\n\n<h4 class=\"wp-block-heading\">Soins aux enfants ayant des difficult\u00e9s auditives<\/h4>\n\n\n\n<p>Si vous pensez que votre enfant souffre de troubles auditifs, il est important de consulter un m\u00e9decin, dans la mesure du possible. En r\u00e9sum\u00e9, voici quelques mesures importantes \u00e0 prendre\u00a0:<\/p>\n\n\n\n<p><strong>Consulter un sp\u00e9cialiste<\/strong>Prenez rendez-vous avec un otorhinolaryngologiste ou un orthophoniste sp\u00e9cialis\u00e9 en audition infantile. Ils pourront r\u00e9aliser des tests et des examens pour valider l&#039;audition des enfants et d\u00e9terminer leur degr\u00e9 de difficult\u00e9.<\/p>\n\n\n\n<p><strong>Environnement favorable<\/strong>Cr\u00e9ez un environnement favorable \u00e0 la maison et \u00e0 l&#039;\u00e9cole pour les enfants malentendants. R\u00e9duisez le bruit de fond, regardez vers l&#039;avant pour parler et utilisez le langage corporel pour faciliter la communication.<\/p>\n\n\n\n<p><strong>Soutien p\u00e9dagogique<\/strong>Les enfants malentendants peuvent b\u00e9n\u00e9ficier d&#039;interventions \u00e9ducatives sp\u00e9cialis\u00e9es, telles que des classes de soutien ou des s\u00e9ances d&#039;orthophonie. Ces interventions peuvent ainsi contribuer \u00e0 d\u00e9velopper les comp\u00e9tences de communication et \u00e0 minimiser l&#039;impact des troubles auditifs non ma\u00eetris\u00e9s.<\/p>\n\n\n\n<p><strong>Soutien \u00e9motionnel<\/strong>L&#039;utilisation du lidar pour les personnes malentendantes peut \u00eatre difficile pour les enfants et leurs familles. En r\u00e9sum\u00e9, il est essentiel d&#039;apporter un soutien \u00e9motionnel ad\u00e9quat. Enfin, veillez \u00e0 ce que les enfants se sentent compris, encourag\u00e9s et valoris\u00e9s.<\/p>\n\n\n\n<p>De plus, communiquer ouvertement sur les difficult\u00e9s auditives et rechercher des ressources de soutien, telles que des groupes de soutien ou une th\u00e9rapie familiale, peut \u00eatre tr\u00e8s utile.<\/p>\n\n\n\n<p><strong>Technologies d&#039;assistance<\/strong>Dans de nombreux cas, l&#039;utilisation de technologies d&#039;assistance, comme les proth\u00e8ses auditives ou les implants cochl\u00e9aires, peut am\u00e9liorer consid\u00e9rablement l&#039;audition des enfants. Consultez ensuite un professionnel sp\u00e9cialis\u00e9 pour d\u00e9terminer l&#039;option la plus adapt\u00e9e au cas de votre enfant.<\/p>\n\n\n\n<h4 class=\"wp-block-heading\">Diagnostic des troubles auditifs chez les enfants<\/h4>\n\n\n<div class=\"wp-block-image\">\n<figure class=\"aligncenter size-full\"><img loading=\"lazy\" decoding=\"async\" width=\"550\" height=\"350\" src=\"http:\/\/universofamilia.com\/wp-content\/uploads\/sites\/148\/2023\/06\/POST-DIFICULDADE-DE-OUVIR-universo-familia-.png\" alt=\"\" class=\"wp-image-2210\" srcset=\"https:\/\/universofamilia.com\/wp-content\/uploads\/sites\/148\/2023\/06\/POST-DIFICULDADE-DE-OUVIR-universo-familia-.png 550w, https:\/\/universofamilia.com\/wp-content\/uploads\/sites\/148\/2023\/06\/POST-DIFICULDADE-DE-OUVIR-universo-familia--300x191.png 300w\" sizes=\"(max-width: 550px) 100vw, 550px\" \/><\/figure><\/div>\n\n\n<p>Pour un diagnostic pr\u00e9cis des troubles auditifs chez l&#039;enfant, diff\u00e9rents tests et examens doivent \u00eatre effectu\u00e9s. Voici quelques-unes des techniques diagnostiques les plus courantes\u00a0:<\/p>\n\n\n\n<p><strong>Tests de triage auditif<\/strong>Ces tests rapides et non invasifs servent uniquement \u00e0 identifier d&#039;\u00e9ventuels probl\u00e8mes auditifs chez les nouveau-n\u00e9s et les jeunes enfants. Ils consistent g\u00e9n\u00e9ralement \u00e0 pr\u00e9senter des sons et \u00e0 observer les r\u00e9ponses auditives.<\/p>\n\n\n\n<p><strong>Audiom\u00e9trie<\/strong>L&#039;audiom\u00e9trie est un examen qui mesure l&#039;audition et la capacit\u00e9 \u00e0 distinguer diff\u00e9rents sons. R\u00e9alis\u00e9e par un audiologiste, elle peut \u00eatre adapt\u00e9e \u00e0 la personnalit\u00e9 et aux capacit\u00e9s de l&#039;enfant.<\/p>\n\n\n\n<p><strong>Potentiels \u00e9voqu\u00e9s auditifs<\/strong>Ces tests enregistrent l&#039;activit\u00e9 \u00e9lectrique du cerveau en r\u00e9ponse \u00e0 des stimuli sonores. Ils permettent d&#039;\u00e9valuer l&#039;int\u00e9grit\u00e9 du syst\u00e8me auditif et d&#039;identifier d&#039;\u00e9ventuels dysfonctionnements.<\/p>\n\n\n\n<p><strong>Soutien linguistique et d\u00e9veloppement<\/strong>:En plus de deux tests auditifs, il est important de r\u00e9aliser une \u00e9valuation compl\u00e8te du d\u00e9veloppement du langage et des comp\u00e9tences de communication de l&#039;enfant. Cela peut impliquer des \u00e9valuations standardis\u00e9es, des observations cliniques et des questionnaires nationaux.<\/p>\n\n\n\n<h4 class=\"wp-block-heading\">Conclusion<\/h4>\n\n\n\n<p>Les troubles auditifs chez les enfants peuvent avoir un impact significatif sur leur d\u00e9veloppement global et leurs r\u00e9sultats scolaires. Il est essentiel d&#039;\u00eatre attentif aux signes de troubles auditifs et de rechercher des soins adapt\u00e9s, dans la mesure du possible.<\/p>\n\n\n\n<p>En bref, consulter des professionnels sp\u00e9cialis\u00e9s, cr\u00e9er un environnement favorable, fournir un soutien \u00e9ducatif et \u00e9motionnel, en plus d\u2019utiliser des technologies d\u2019assistance, sont des mesures importantes pour aider les enfants \u00e0 surmonter les d\u00e9fis associ\u00e9s aux difficult\u00e9s auditives.<\/p>\n\n\n\n<p>Pois, un diagnostic pr\u00e9cis et une intervention pr\u00e9coce peuvent faire une diff\u00e9rence dans le d\u00e9veloppement linguistique et non g\u00e9n\u00e9ral chez les enfants, leur permettant d&#039;atteindre leur plein potentiel.<\/p>\n\n\n<div class=\"wp-block-image\">\n<figure class=\"aligncenter size-full\"><img loading=\"lazy\" decoding=\"async\" width=\"550\" height=\"350\" src=\"http:\/\/universofamilia.com\/wp-content\/uploads\/sites\/148\/2023\/06\/POST-DIFICULDADE-DE-OUVIR-universo-familia-3.png\" alt=\"\" class=\"wp-image-2215\" srcset=\"https:\/\/universofamilia.com\/wp-content\/uploads\/sites\/148\/2023\/06\/POST-DIFICULDADE-DE-OUVIR-universo-familia-3.png 550w, https:\/\/universofamilia.com\/wp-content\/uploads\/sites\/148\/2023\/06\/POST-DIFICULDADE-DE-OUVIR-universo-familia-3-300x191.png 300w\" sizes=\"(max-width: 550px) 100vw, 550px\" \/><\/figure><\/div>\n\n\n<blockquote class=\"wp-block-quote\">\n<h5 class=\"wp-block-heading\"><em>Remarques : Les documents et informations de la page Universo Fam\u00edlia ne sont pas destin\u00e9s \u00e0 un diagnostic m\u00e9dical et ne doivent pas \u00eatre utilis\u00e9s comme tel. <strong>Vous devriez toujours consulter un m\u00e9decin ou un professionnel de la sant\u00e9 qualifi\u00e9 au sujet de vos besoins r\u00e9els.<\/strong>.<\/em><\/h5>\n<\/blockquote>\n\n\n\n<h4 class=\"wp-block-heading\">Sources de recherche<\/h4>\n\n\n\n<p>Pour r\u00e9diger un texte abordant les difficult\u00e9s d&#039;\u00e9coute des enfants, il est important de s&#039;appuyer sur des sources fiables et actualis\u00e9es. Voici quelques suggestions de sources que vous pouvez utiliser pour approfondir vos recherches sur le sujet\u00a0:<\/p>\n\n\n\n<p>American Speech-Language-Hearing Association (ASHA) \u2013 L&#039;ASHA est une organisation professionnelle qui fournit des ressources et des informations sur la parole, le langage et l&#039;audition. Son site (https:\/\/www.asha.org\/) propose des articles, des guides et des recherches sur les troubles auditifs chez les enfants.<\/p>\n\n\n\n<p>Centres pour le contr\u00f4le et la pr\u00e9vention des maladies (CDC) \u2013 Les CDC sont une agence sanitaire am\u00e9ricaine qui fournit des informations ouvertes sur un large \u00e9ventail de probl\u00e8mes de sant\u00e9. Le site web des CDC (https:\/\/www.cdc.gov\/) constitue une source fiable pour obtenir des donn\u00e9es statistiques, des directives de triage auditif et des informations sur l&#039;impact des troubles auditifs chez les enfants.<\/p>\n\n\n\n<p>Acad\u00e9mie am\u00e9ricaine de p\u00e9diatrie (AAP) \u2013 L&#039;AAP est une organisation d\u00e9di\u00e9e \u00e0 la sant\u00e9 des enfants et fournit des conseils cliniques aux m\u00e9decins et aux familles. Le site web de l&#039;AAP (https:\/\/www.aap.org\/) contient des informations sur l&#039;\u00e9valuation, le diagnostic et le traitement des troubles auditifs chez les enfants.<\/p>\n\n\n\n<p>Institut national sur la surdit\u00e9 et autres troubles de la communication (NIDCD) \u2013 Le NIDCD est un institut de recherche du gouvernement am\u00e9ricain qui se concentre sur les questions li\u00e9es aux troubles de l&#039;audition, de la communication et du langage. De plus, le site web du NIDCD (https:\/\/www.nidcd.nih.gov\/) propose des ressources et des informations actualis\u00e9es sur les troubles auditifs chez les enfants.<\/p>\n\n\n\n<p>Organisation mondiale de la Sant\u00e9 (OMS) \u2013 L&#039;OMS est une agence sp\u00e9cialis\u00e9e des Nations Unies qui \u0153uvre pour la promotion de la sant\u00e9 mondiale. Le site web de l&#039;OMS (https:\/\/www.who.int\/) fournit des informations sur la pr\u00e9valence, l&#039;impact et les strat\u00e9gies d&#039;intervention li\u00e9es aux troubles auditifs chez les enfants \u00e0 l&#039;\u00e9chelle mondiale.<\/p>\n\n\n\n<p>Il est donc toujours n\u00e9cessaire de v\u00e9rifier la cr\u00e9dibilit\u00e9 des sources, en recherchant des informations aupr\u00e8s d\u2019organisations et d\u2019institutions \u00e9tablies dans le domaine de la recherche sur la sant\u00e9 et l\u2019audition.<\/p>","protected":false},"excerpt":{"rendered":"<p>Troubles auditifs chez l&#039;enfant\u00a0: sympt\u00f4mes, soins et diagnostic. L&#039;audition joue un r\u00f4le crucial dans le d\u00e9veloppement des apprentissages de l&#039;enfant.<\/p>\n<p>Malheureusement, certains enfants sont confront\u00e9s \u00e0 des difficult\u00e9s auditives, ce qui peut nuire \u00e0 leur qualit\u00e9 de vie et \u00e0 leurs r\u00e9sultats scolaires.<\/p>\n<p>Dans cet article, nous discuterons des sympt\u00f4mes des difficult\u00e9s auditives chez les enfants, des soins n\u00e9cessaires et de la mani\u00e8re d&#039;\u00e9tablir un diagnostic ad\u00e9quat.<\/p>","protected":false},"author":0,"featured_media":2216,"comment_status":"open","ping_status":"open","sticky":false,"template":"","format":"standard","meta":{"footnotes":""},"categories":[5],"tags":[580,775,1437],"yoast_head":"<!-- This site is optimized with the Yoast SEO plugin v23.3 - https:\/\/yoast.com\/wordpress\/plugins\/seo\/ -->\n<title>Dificuldade de Audi\u00e7\u00e3o em Crian\u00e7as: Sintomas, Cuidados e Diagn\u00f3stico - Universo Fam\u00edlia<\/title>\n<meta name=\"description\" content=\"Dificuldade de Audi\u00e7\u00e3o em Crian\u00e7as,\" \/>\n<meta name=\"robots\" content=\"index, follow, max-snippet:-1, max-image-preview:large, max-video-preview:-1\" \/>\n<link rel=\"canonical\" href=\"https:\/\/universofamilia.com\/fr\/dificuldade-de-audicao-em-criancas\/\" \/>\n<meta property=\"og:locale\" content=\"fr_FR\" \/>\n<meta property=\"og:type\" content=\"article\" \/>\n<meta property=\"og:title\" content=\"Dificuldade de Audi\u00e7\u00e3o em Crian\u00e7as: Sintomas, Cuidados e Diagn\u00f3stico - Universo Fam\u00edlia\" \/>\n<meta property=\"og:description\" content=\"Dificuldade de Audi\u00e7\u00e3o em Crian\u00e7as,\" \/>\n<meta property=\"og:url\" content=\"https:\/\/universofamilia.com\/fr\/dificuldade-de-audicao-em-criancas\/\" \/>\n<meta property=\"og:site_name\" content=\"Universo Fam\u00edlia\" \/>\n<meta property=\"article:published_time\" content=\"2023-06-03T02:02:38+00:00\" \/>\n<meta property=\"og:image\" content=\"https:\/\/universofamilia.com\/wp-content\/uploads\/sites\/148\/2023\/06\/FOTO-DESTAQUE-DIFICULDADE-DE-OUVIR-universo-familia-448x350-1-1.png\" \/>\n\t<meta property=\"og:image:width\" content=\"448\" \/>\n\t<meta property=\"og:image:height\" content=\"350\" \/>\n\t<meta property=\"og:image:type\" content=\"image\/png\" \/>\n<meta name=\"twitter:card\" content=\"summary_large_image\" \/>\n<meta name=\"twitter:label1\" content=\"Est. reading time\" \/>\n\t<meta name=\"twitter:data1\" content=\"7 minutes\" \/>\n<script type=\"application\/ld+json\" class=\"yoast-schema-graph\">{\"@context\":\"https:\/\/schema.org\",\"@graph\":[{\"@type\":\"WebPage\",\"@id\":\"https:\/\/universofamilia.com\/bg\/dificuldade-de-audicao-em-criancas\/\",\"url\":\"https:\/\/universofamilia.com\/bg\/dificuldade-de-audicao-em-criancas\/\",\"name\":\"Dificuldade de Audi\u00e7\u00e3o em Crian\u00e7as: Sintomas, Cuidados e Diagn\u00f3stico - Universo Fam\u00edlia\",\"isPartOf\":{\"@id\":\"https:\/\/universofamilia.com\/el\/#website\"},\"primaryImageOfPage\":{\"@id\":\"https:\/\/universofamilia.com\/bg\/dificuldade-de-audicao-em-criancas\/#primaryimage\"},\"image\":{\"@id\":\"https:\/\/universofamilia.com\/bg\/dificuldade-de-audicao-em-criancas\/#primaryimage\"},\"thumbnailUrl\":\"https:\/\/universofamilia.com\/wp-content\/uploads\/sites\/148\/2023\/06\/FOTO-DESTAQUE-DIFICULDADE-DE-OUVIR-universo-familia-448x350-1-1.png\",\"datePublished\":\"2023-06-03T02:02:38+00:00\",\"dateModified\":\"2023-06-03T02:02:38+00:00\",\"author\":{\"@id\":\"\"},\"description\":\"Dificuldade de Audi\u00e7\u00e3o em Crian\u00e7as,\",\"breadcrumb\":{\"@id\":\"https:\/\/universofamilia.com\/bg\/dificuldade-de-audicao-em-criancas\/#breadcrumb\"},\"inLanguage\":\"fr-FR\",\"potentialAction\":[{\"@type\":\"ReadAction\",\"target\":[\"https:\/\/universofamilia.com\/bg\/dificuldade-de-audicao-em-criancas\/\"]}]},{\"@type\":\"ImageObject\",\"inLanguage\":\"fr-FR\",\"@id\":\"https:\/\/universofamilia.com\/bg\/dificuldade-de-audicao-em-criancas\/#primaryimage\",\"url\":\"https:\/\/universofamilia.com\/wp-content\/uploads\/sites\/148\/2023\/06\/FOTO-DESTAQUE-DIFICULDADE-DE-OUVIR-universo-familia-448x350-1-1.png\",\"contentUrl\":\"https:\/\/universofamilia.com\/wp-content\/uploads\/sites\/148\/2023\/06\/FOTO-DESTAQUE-DIFICULDADE-DE-OUVIR-universo-familia-448x350-1-1.png\",\"width\":448,\"height\":350},{\"@type\":\"BreadcrumbList\",\"@id\":\"https:\/\/universofamilia.com\/bg\/dificuldade-de-audicao-em-criancas\/#breadcrumb\",\"itemListElement\":[{\"@type\":\"ListItem\",\"position\":1,\"name\":\"Home\",\"item\":\"https:\/\/universofamilia.com\/el\/\"},{\"@type\":\"ListItem\",\"position\":2,\"name\":\"Dificuldade de Audi\u00e7\u00e3o em Crian\u00e7as: Sintomas, Cuidados e Diagn\u00f3stico\"}]},{\"@type\":\"WebSite\",\"@id\":\"https:\/\/universofamilia.com\/el\/#website\",\"url\":\"https:\/\/universofamilia.com\/el\/\",\"name\":\"Universo Fam\u00edlia\",\"description\":\"\",\"potentialAction\":[{\"@type\":\"SearchAction\",\"target\":{\"@type\":\"EntryPoint\",\"urlTemplate\":\"https:\/\/universofamilia.com\/el\/?s={search_term_string}\"},\"query-input\":\"required name=search_term_string\"}],\"inLanguage\":\"fr-FR\"}]}<\/script>\n<!-- \/ Yoast SEO plugin. -->","yoast_head_json":{"title":"Dificuldade de Audi\u00e7\u00e3o em Crian\u00e7as: Sintomas, Cuidados e Diagn\u00f3stico - Universo Fam\u00edlia","description":"Dificuldade de Audi\u00e7\u00e3o em Crian\u00e7as,","robots":{"index":"index","follow":"follow","max-snippet":"max-snippet:-1","max-image-preview":"max-image-preview:large","max-video-preview":"max-video-preview:-1"},"canonical":"https:\/\/universofamilia.com\/fr\/dificuldade-de-audicao-em-criancas\/","og_locale":"fr_FR","og_type":"article","og_title":"Dificuldade de Audi\u00e7\u00e3o em Crian\u00e7as: Sintomas, Cuidados e Diagn\u00f3stico - Universo Fam\u00edlia","og_description":"Dificuldade de Audi\u00e7\u00e3o em Crian\u00e7as,","og_url":"https:\/\/universofamilia.com\/fr\/dificuldade-de-audicao-em-criancas\/","og_site_name":"Universo Fam\u00edlia","article_published_time":"2023-06-03T02:02:38+00:00","og_image":[{"width":448,"height":350,"url":"https:\/\/universofamilia.com\/wp-content\/uploads\/sites\/148\/2023\/06\/FOTO-DESTAQUE-DIFICULDADE-DE-OUVIR-universo-familia-448x350-1-1.png","type":"image\/png"}],"twitter_card":"summary_large_image","twitter_misc":{"Est. reading time":"7 minutes"},"schema":{"@context":"https:\/\/schema.org","@graph":[{"@type":"WebPage","@id":"https:\/\/universofamilia.com\/bg\/dificuldade-de-audicao-em-criancas\/","url":"https:\/\/universofamilia.com\/bg\/dificuldade-de-audicao-em-criancas\/","name":"Dificuldade de Audi\u00e7\u00e3o em Crian\u00e7as: Sintomas, Cuidados e Diagn\u00f3stico - Universo Fam\u00edlia","isPartOf":{"@id":"https:\/\/universofamilia.com\/el\/#website"},"primaryImageOfPage":{"@id":"https:\/\/universofamilia.com\/bg\/dificuldade-de-audicao-em-criancas\/#primaryimage"},"image":{"@id":"https:\/\/universofamilia.com\/bg\/dificuldade-de-audicao-em-criancas\/#primaryimage"},"thumbnailUrl":"https:\/\/universofamilia.com\/wp-content\/uploads\/sites\/148\/2023\/06\/FOTO-DESTAQUE-DIFICULDADE-DE-OUVIR-universo-familia-448x350-1-1.png","datePublished":"2023-06-03T02:02:38+00:00","dateModified":"2023-06-03T02:02:38+00:00","author":{"@id":""},"description":"Dificuldade de Audi\u00e7\u00e3o em Crian\u00e7as,","breadcrumb":{"@id":"https:\/\/universofamilia.com\/bg\/dificuldade-de-audicao-em-criancas\/#breadcrumb"},"inLanguage":"fr-FR","potentialAction":[{"@type":"ReadAction","target":["https:\/\/universofamilia.com\/bg\/dificuldade-de-audicao-em-criancas\/"]}]},{"@type":"ImageObject","inLanguage":"fr-FR","@id":"https:\/\/universofamilia.com\/bg\/dificuldade-de-audicao-em-criancas\/#primaryimage","url":"https:\/\/universofamilia.com\/wp-content\/uploads\/sites\/148\/2023\/06\/FOTO-DESTAQUE-DIFICULDADE-DE-OUVIR-universo-familia-448x350-1-1.png","contentUrl":"https:\/\/universofamilia.com\/wp-content\/uploads\/sites\/148\/2023\/06\/FOTO-DESTAQUE-DIFICULDADE-DE-OUVIR-universo-familia-448x350-1-1.png","width":448,"height":350},{"@type":"BreadcrumbList","@id":"https:\/\/universofamilia.com\/bg\/dificuldade-de-audicao-em-criancas\/#breadcrumb","itemListElement":[{"@type":"ListItem","position":1,"name":"Home","item":"https:\/\/universofamilia.com\/el\/"},{"@type":"ListItem","position":2,"name":"Dificuldade de Audi\u00e7\u00e3o em Crian\u00e7as: Sintomas, Cuidados e Diagn\u00f3stico"}]},{"@type":"WebSite","@id":"https:\/\/universofamilia.com\/el\/#website","url":"https:\/\/universofamilia.com\/el\/","name":"Universo Fam\u00edlia","description":"","potentialAction":[{"@type":"SearchAction","target":{"@type":"EntryPoint","urlTemplate":"https:\/\/universofamilia.com\/el\/?s={search_term_string}"},"query-input":"required name=search_term_string"}],"inLanguage":"fr-FR"}]}},"_links":{"self":[{"href":"https:\/\/universofamilia.com\/fr\/wp-json\/wp\/v2\/posts\/2207"}],"collection":[{"href":"https:\/\/universofamilia.com\/fr\/wp-json\/wp\/v2\/posts"}],"about":[{"href":"https:\/\/universofamilia.com\/fr\/wp-json\/wp\/v2\/types\/post"}],"replies":[{"embeddable":true,"href":"https:\/\/universofamilia.com\/fr\/wp-json\/wp\/v2\/comments?post=2207"}],"version-history":[{"count":0,"href":"https:\/\/universofamilia.com\/fr\/wp-json\/wp\/v2\/posts\/2207\/revisions"}],"wp:featuredmedia":[{"embeddable":true,"href":"https:\/\/universofamilia.com\/fr\/wp-json\/wp\/v2\/media\/2216"}],"wp:attachment":[{"href":"https:\/\/universofamilia.com\/fr\/wp-json\/wp\/v2\/media?parent=2207"}],"wp:term":[{"taxonomy":"category","embeddable":true,"href":"https:\/\/universofamilia.com\/fr\/wp-json\/wp\/v2\/categories?post=2207"},{"taxonomy":"post_tag","embeddable":true,"href":"https:\/\/universofamilia.com\/fr\/wp-json\/wp\/v2\/tags?post=2207"}],"curies":[{"name":"wp","href":"https:\/\/api.w.org\/{rel}","templated":true}]}}