{"id":2227,"date":"2023-06-05T10:43:39","date_gmt":"2023-06-05T13:43:39","guid":{"rendered":"https:\/\/universofamilia.com\/?p=2227"},"modified":"2023-06-05T10:43:39","modified_gmt":"2023-06-05T13:43:39","slug":"o-que-influencia-o-sono-do-bebe","status":"publish","type":"post","link":"https:\/\/universofamilia.com\/fr\/o-que-influencia-o-sono-do-bebe\/","title":{"rendered":"O Que Influence no Sono do B\u00ea | Ber\u00e7o, lit partag\u00e9 ou Montessoriana ?"},"content":{"rendered":"<p>Quelle influence sur le fils du b\u00e9b\u00e9 : Ber\u00e7o, lit partag\u00e9 ou Montessoriana ?<\/p>\n\n\n\n<p>Avoir deux b\u00e9b\u00e9s est une question cruciale pour votre pays. Une bonne nuit de sommeil est essentielle au bon d\u00e9veloppement et au bien-\u00eatre de deux enfants.<\/p>\n\n\n\n<p>Parmi les diff\u00e9rentes options de couchage, trois d&#039;entre elles se distinguent : le ber\u00e7o, le lit partag\u00e9 et le Montessoriana.<\/p>\n\n\n\n<p>Dans cet article, nous explorerons chacune de ces options et analyserons comment elles peuvent influencer le son de votre b\u00e9b\u00e9.<\/p>\n\n\n\n<h3 class=\"wp-block-heading\">Lire aussi :<\/h3>\n\n\n\n<p><a href=\"https:\/\/universofamilia.com\/fr\/meu-bebe-dorme-mal\/\" target=\"_blank\" rel=\"noreferrer noopener\">Mon b\u00e9b\u00e9 dort mal, d\u00e9couvrez 5 erreurs courantes \u00e0 \u00e9viter.<\/a><\/p>\n\n\n\n<p><a href=\"https:\/\/universofamilia.com\/fr\/dicas-de-seguranca-para-o-sono-do-bebe-escolha-do-local-posicao-colchao-e-muito-mais\/\" target=\"_blank\" rel=\"noreferrer noopener sponsored nofollow\">Consignes de s\u00e9curit\u00e9 pour le fils du b\u00e9b\u00e9 : endroit s\u00fbr, position, matelas et bien plus encore.<\/a><\/p>\n\n\n\n<p><a href=\"https:\/\/www.luzbaby.com.br\/\" target=\"_blank\" rel=\"noreferrer noopener\">A Luz Baby est l&#039;un des meilleurs magasins de produits pour b\u00e9b\u00e9s. Cliquez ici.<\/a><\/p>\n\n\n\n<h3 class=\"wp-block-heading\"><strong>Ber\u00e7o : un classique pour un son calme<\/strong><\/h3>\n\n\n\n<p>Il s&#039;agit d&#039;un lit b\u00e9b\u00e9 traditionnel. Il offre un espace s\u00e9curis\u00e9 et d\u00e9limit\u00e9, offrant un environnement confortable.<\/p>\n\n\n<div class=\"wp-block-image\">\n<figure class=\"aligncenter size-full\"><img loading=\"lazy\" decoding=\"async\" width=\"800\" height=\"560\" src=\"http:\/\/universofamilia.com\/wp-content\/uploads\/sites\/148\/2023\/06\/POST-BEBE-INFLUENCIA-DO-SONO-UNIVERSO-FAMILIA-1.png\" alt=\"\" class=\"wp-image-2231\" srcset=\"https:\/\/universofamilia.com\/wp-content\/uploads\/sites\/148\/2023\/06\/POST-BEBE-INFLUENCIA-DO-SONO-UNIVERSO-FAMILIA-1.png 800w, https:\/\/universofamilia.com\/wp-content\/uploads\/sites\/148\/2023\/06\/POST-BEBE-INFLUENCIA-DO-SONO-UNIVERSO-FAMILIA-1-300x210.png 300w, https:\/\/universofamilia.com\/wp-content\/uploads\/sites\/148\/2023\/06\/POST-BEBE-INFLUENCIA-DO-SONO-UNIVERSO-FAMILIA-1-768x538.png 768w\" sizes=\"(max-width: 800px) 100vw, 800px\" \/><\/figure><\/div>\n\n\n<p>En utilisant un lit, le pays a la possibilit\u00e9 d&#039;\u00e9tablir une routine nocturne coh\u00e9rente, aidant le b\u00e9b\u00e9 \u00e0 associer l&#039;espace \u00e0 l&#039;enfant.<\/p>\n\n\n\n<p>Il est important d&#039;investir dans un matelas de qualit\u00e9 et une literie adapt\u00e9e aux besoins de b\u00e9b\u00e9.<\/p>\n\n\n\n<h3 class=\"wp-block-heading\"><strong>Lit partag\u00e9 : proximit\u00e9 et confort<\/strong><\/h3>\n\n\n\n<p>Un lit partag\u00e9 consiste \u00e0 diviser le lit comme le b\u00e9b\u00e9 pendant son sommeil. Cette option offre proximit\u00e9 et confort, permettant au pays de r\u00e9pondre rapidement aux besoins du b\u00e9b\u00e9.<\/p>\n\n\n<div class=\"wp-block-image\">\n<figure class=\"aligncenter size-full\"><img loading=\"lazy\" decoding=\"async\" width=\"800\" height=\"560\" src=\"http:\/\/universofamilia.com\/wp-content\/uploads\/sites\/148\/2023\/06\/POST-BEBE-INFLUENCIA-DO-SONO-UNIVERSO-FAMILIA-2.png\" alt=\"\" class=\"wp-image-2232\" srcset=\"https:\/\/universofamilia.com\/wp-content\/uploads\/sites\/148\/2023\/06\/POST-BEBE-INFLUENCIA-DO-SONO-UNIVERSO-FAMILIA-2.png 800w, https:\/\/universofamilia.com\/wp-content\/uploads\/sites\/148\/2023\/06\/POST-BEBE-INFLUENCIA-DO-SONO-UNIVERSO-FAMILIA-2-300x210.png 300w, https:\/\/universofamilia.com\/wp-content\/uploads\/sites\/148\/2023\/06\/POST-BEBE-INFLUENCIA-DO-SONO-UNIVERSO-FAMILIA-2-768x538.png 768w\" sizes=\"(max-width: 800px) 100vw, 800px\" \/><\/figure><\/div>\n\n\n<p>La pr\u00e9sence constante de deux pays peut aider \u00e0 calmer le b\u00e9b\u00e9 pendant la nuit et faciliter l\u2019allaitement.<\/p>\n\n\n\n<p>Il est toutefois important de prendre des pr\u00e9cautions de s\u00e9curit\u00e9, comme utiliser un lit grand ou suffisant et s\u2019assurer que le b\u00e9b\u00e9 dispose d\u2019un espace s\u00fbr et ad\u00e9quat pour dormir.<\/p>\n\n\n\n<h3 class=\"wp-block-heading\"><strong>Lit Montessori : ind\u00e9pendance par rapport au cedo<\/strong><\/h3>\n\n\n\n<p>Le lit Montessoriana s&#039;inscrit dans la philosophie Montessori, qui valorise l&#039;ind\u00e9pendance et l&#039;autonomie des enfants. Diff\u00e9rent des autres types de lit, b\u00e9b\u00e9 a libre acc\u00e8s \u00e0 l&#039;espace de couchage depuis le lit, sans niveaux ni barri\u00e8res.<\/p>\n\n\n<div class=\"wp-block-image\">\n<figure class=\"aligncenter size-full\"><img loading=\"lazy\" decoding=\"async\" width=\"800\" height=\"560\" src=\"http:\/\/universofamilia.com\/wp-content\/uploads\/sites\/148\/2023\/06\/POST-BEBE-INFLUENCIA-DO-SONO-UNIVERSO-FAMILIA.png\" alt=\"\" class=\"wp-image-2233\" srcset=\"https:\/\/universofamilia.com\/wp-content\/uploads\/sites\/148\/2023\/06\/POST-BEBE-INFLUENCIA-DO-SONO-UNIVERSO-FAMILIA.png 800w, https:\/\/universofamilia.com\/wp-content\/uploads\/sites\/148\/2023\/06\/POST-BEBE-INFLUENCIA-DO-SONO-UNIVERSO-FAMILIA-300x210.png 300w, https:\/\/universofamilia.com\/wp-content\/uploads\/sites\/148\/2023\/06\/POST-BEBE-INFLUENCIA-DO-SONO-UNIVERSO-FAMILIA-768x538.png 768w\" sizes=\"(max-width: 800px) 100vw, 800px\" \/><\/figure><\/div>\n\n\n<p>Isso lui permet de d\u00e9velopper sa motricit\u00e9 et d&#039;apprendre \u00e0 se d\u00e9placer librement. Cependant, il est essentiel de veiller \u00e0 ce que l&#039;environnement soit s\u00fbr pour le b\u00e9b\u00e9, en retirant les objets dangereux et en \u00e9vitant les collisions.<\/p>\n\n\n\n<h3 class=\"wp-block-heading\"><strong>Facteurs \u00e0 prendre en compte pour un choix conscient<\/strong><\/h3>\n\n\n\n<p>Au moment de d\u00e9cider quelle option utiliser, il est important de prendre en compte certains facteurs cl\u00e9s :<\/p>\n\n\n\n<p><strong>S\u00e9curit\u00e9<\/strong>Quelle que soit l&#039;option choisie, la s\u00e9curit\u00e9 de b\u00e9b\u00e9 doit toujours \u00eatre une priorit\u00e9. Assurez-vous que l&#039;environnement est exempt de tout danger, comme des objets non fix\u00e9s, des couvertures lourdes ou tout ce qui pourrait \u00e9touffer votre b\u00e9b\u00e9.<\/p>\n\n\n\n<p><strong>Les pr\u00e9f\u00e9rences et les besoins du b\u00e9b\u00e9<\/strong>Chaque b\u00e9b\u00e9 est unique, et ses pr\u00e9f\u00e9rences et besoins doivent \u00eatre pris en compte. Certains b\u00e9b\u00e9s se sentent plus \u00e0 l&#039;aise dans un lit, tandis que d&#039;autres pr\u00e9f\u00e8rent la proximit\u00e9 d&#039;un lit partag\u00e9. Observer et comprendre les indices et les signaux du b\u00e9b\u00e9 peut aider \u00e0 la prise de d\u00e9cision.<\/p>\n\n\n\n<p><strong>Routine et coh\u00e9rence<\/strong>:Seja qual pour une option choisie, \u00e9tablir une routine nocturne coh\u00e9rente peut \u00eatre b\u00e9n\u00e9fique pour le b\u00e9b\u00e9.<\/p>\n\n\n\n<p>Cela comprend le respect d\u2019horaires de coucher r\u00e9guliers, la cr\u00e9ation d\u2019un environnement calme et favorable et la mise en \u0153uvre de pratiques qui aident votre b\u00e9b\u00e9 \u00e0 se d\u00e9tendre avant de se coucher, comme un bain matinal ou une s\u00e9ance de massage doux.<\/p>\n\n\n\n<h3 class=\"wp-block-heading\"><strong>Conclusion<\/strong><\/h3>\n\n\n\n<p>Choisir entre un lit b\u00e9b\u00e9, un lit partag\u00e9 et un lit Montessoriana pour le fils du b\u00e9b\u00e9 est une d\u00e9cision personnelle qui doit \u00eatre prise en tenant compte de la s\u00e9curit\u00e9, des pr\u00e9f\u00e9rences et des besoins individuels du b\u00e9b\u00e9, en plus d&#039;\u00e9tablir une routine nocturne coh\u00e9rente.<\/p>\n\n\n\n<p>Le lit ber\u00e7o offre un espace d\u00e9limit\u00e9 et confortable, tandis que le lit partag\u00e9 offre proximit\u00e9 et confort \u00e0 la campagne. Le lit Montessoriana favorise l&#039;ind\u00e9pendance et l&#039;autonomie par rapport au cedo.<\/p>\n\n\n\n<p>Quelles que soient les options choisies, il est important de cr\u00e9er un environnement s\u00fbr et propice au son de b\u00e9b\u00e9, en \u00e9vitant les risques et en suivant les recommandations de s\u00e9curit\u00e9.<\/p>\n\n\n\n<p>L\u2019objectif ultime est de garantir \u00e0 votre b\u00e9b\u00e9 une nuit de sommeil paisible, favorisant ainsi un d\u00e9veloppement sain et une bonne sant\u00e9 g\u00e9n\u00e9rale.<\/p>\n\n\n\n<h3 class=\"wp-block-heading\">Source de recherche<\/h3>\n\n\n\n<p>Vous trouverez ci-dessous quelques ressources fiables o\u00f9 vous pourrez trouver des informations suppl\u00e9mentaires sur le son de b\u00e9b\u00e9 et les options de literie, de lits partag\u00e9s et de lits Montessori\u00a0:<\/p>\n\n\n\n<p>Livres sp\u00e9cialis\u00e9s dans le son pour enfants, tels que \u00ab Solu\u00e7\u00f5es para Noites Sem Choro \u00bb d&#039;Elizabeth Pantley, \u00ab The No-Cry Sleep Solution \u00bb d&#039;Elizabeth Pantley et \u00ab The Montessori Toddler \u00bb de Simone Davies.<\/p>\n\n\n\n<p>Sites d&#039;organisations de confiance, telles que l&#039;American Academy of Pediatrics (AAP), BabyCenter, Mayo Clinic et National Sleep Foundation.<\/p>\n\n\n\n<p>Consultez des p\u00e9diatres ou des sp\u00e9cialistes du d\u00e9veloppement de l\u2019enfant pour obtenir des conseils personnalis\u00e9s fond\u00e9s sur des preuves scientifiques.<\/p>\n\n\n\n<p>Il est important de toujours v\u00e9rifier la cr\u00e9dibilit\u00e9 des sources consult\u00e9es et de rechercher des informations actualis\u00e9es, car les recommandations peuvent \u00e9voluer au fil du temps en fonction de nouvelles enqu\u00eates et d\u00e9couvertes.<\/p>","protected":false},"excerpt":{"rendered":"<p>Quelle influence sur le fils du b\u00e9b\u00e9 : Ber\u00e7o, lit partag\u00e9 ou Montessoriana ?<br \/>\nAvoir deux b\u00e9b\u00e9s est une question cruciale pour votre pays. Une bonne nuit de sommeil est essentielle au bon d\u00e9veloppement et au bien-\u00eatre de deux enfants.<br \/>\nParmi les diff\u00e9rentes options de couchage, trois d&#039;entre elles se distinguent : le ber\u00e7o, le lit partag\u00e9 et le Montessoriana.<br \/>\nDans cet article, nous explorerons chacune de ces options et analyserons comment elles peuvent influencer le son de votre b\u00e9b\u00e9.<\/p>","protected":false},"author":0,"featured_media":2234,"comment_status":"closed","ping_status":"open","sticky":false,"template":"","format":"standard","meta":{"footnotes":""},"categories":[5],"tags":[938,1062,1437],"yoast_head":"<!-- This site is optimized with the Yoast SEO plugin v23.3 - https:\/\/yoast.com\/wordpress\/plugins\/seo\/ -->\n<title>O Que Influencia no Sono do Beb\u00ea | Ber\u00e7o, Cama Compartilhada ou Montessoriana? - Universo Fam\u00edlia<\/title>\n<meta name=\"description\" content=\"O Que Influencia no Sono do Beb\u00ea: Ber\u00e7o, Cama Compartilhada ou Montessoriana?\" \/>\n<meta name=\"robots\" content=\"index, follow, max-snippet:-1, max-image-preview:large, max-video-preview:-1\" \/>\n<link rel=\"canonical\" href=\"http:\/\/universofamilia.com\/fr\/o-que-influencia-o-sono-do-bebe\/\" \/>\n<meta property=\"og:locale\" content=\"fr_FR\" \/>\n<meta property=\"og:type\" content=\"article\" \/>\n<meta property=\"og:title\" content=\"O Que Influencia no Sono do Beb\u00ea | Ber\u00e7o, Cama Compartilhada ou Montessoriana? - Universo Fam\u00edlia\" \/>\n<meta property=\"og:description\" content=\"O Que Influencia no Sono do Beb\u00ea: Ber\u00e7o, Cama Compartilhada ou Montessoriana?\" \/>\n<meta property=\"og:url\" content=\"http:\/\/universofamilia.com\/fr\/o-que-influencia-o-sono-do-bebe\/\" \/>\n<meta property=\"og:site_name\" content=\"Universo Fam\u00edlia\" \/>\n<meta property=\"article:published_time\" content=\"2023-06-05T13:43:39+00:00\" \/>\n<meta property=\"og:image\" content=\"http:\/\/universofamilia.com\/wp-content\/uploads\/sites\/148\/2023\/06\/FOTO-DESTAQUE-DIFICULDADE-DE-OUVIRDIFICULDADE-DE-DORMIR-universo-familia-448x350-1.png\" \/>\n\t<meta property=\"og:image:width\" content=\"448\" \/>\n\t<meta property=\"og:image:height\" content=\"350\" \/>\n\t<meta property=\"og:image:type\" content=\"image\/png\" \/>\n<meta name=\"twitter:card\" content=\"summary_large_image\" \/>\n<meta name=\"twitter:label1\" content=\"Est. reading time\" \/>\n\t<meta name=\"twitter:data1\" content=\"5 minutes\" \/>\n<script type=\"application\/ld+json\" class=\"yoast-schema-graph\">{\"@context\":\"https:\/\/schema.org\",\"@graph\":[{\"@type\":\"WebPage\",\"@id\":\"http:\/\/universofamilia.com\/ja\/o-que-influencia-o-sono-do-bebe\/\",\"url\":\"http:\/\/universofamilia.com\/ja\/o-que-influencia-o-sono-do-bebe\/\",\"name\":\"O Que Influencia no Sono do Beb\u00ea | Ber\u00e7o, Cama Compartilhada ou Montessoriana? - Universo Fam\u00edlia\",\"isPartOf\":{\"@id\":\"https:\/\/universofamilia.com\/el\/#website\"},\"primaryImageOfPage\":{\"@id\":\"http:\/\/universofamilia.com\/ja\/o-que-influencia-o-sono-do-bebe\/#primaryimage\"},\"image\":{\"@id\":\"http:\/\/universofamilia.com\/ja\/o-que-influencia-o-sono-do-bebe\/#primaryimage\"},\"thumbnailUrl\":\"https:\/\/universofamilia.com\/wp-content\/uploads\/sites\/148\/2023\/06\/FOTO-DESTAQUE-DIFICULDADE-DE-OUVIRDIFICULDADE-DE-DORMIR-universo-familia-448x350-1.png\",\"datePublished\":\"2023-06-05T13:43:39+00:00\",\"dateModified\":\"2023-06-05T13:43:39+00:00\",\"author\":{\"@id\":\"\"},\"description\":\"O Que Influencia no Sono do Beb\u00ea: Ber\u00e7o, Cama Compartilhada ou Montessoriana?\",\"breadcrumb\":{\"@id\":\"http:\/\/universofamilia.com\/ja\/o-que-influencia-o-sono-do-bebe\/#breadcrumb\"},\"inLanguage\":\"fr-FR\",\"potentialAction\":[{\"@type\":\"ReadAction\",\"target\":[\"http:\/\/universofamilia.com\/ja\/o-que-influencia-o-sono-do-bebe\/\"]}]},{\"@type\":\"ImageObject\",\"inLanguage\":\"fr-FR\",\"@id\":\"http:\/\/universofamilia.com\/ja\/o-que-influencia-o-sono-do-bebe\/#primaryimage\",\"url\":\"https:\/\/universofamilia.com\/wp-content\/uploads\/sites\/148\/2023\/06\/FOTO-DESTAQUE-DIFICULDADE-DE-OUVIRDIFICULDADE-DE-DORMIR-universo-familia-448x350-1.png\",\"contentUrl\":\"https:\/\/universofamilia.com\/wp-content\/uploads\/sites\/148\/2023\/06\/FOTO-DESTAQUE-DIFICULDADE-DE-OUVIRDIFICULDADE-DE-DORMIR-universo-familia-448x350-1.png\",\"width\":448,\"height\":350},{\"@type\":\"BreadcrumbList\",\"@id\":\"http:\/\/universofamilia.com\/ja\/o-que-influencia-o-sono-do-bebe\/#breadcrumb\",\"itemListElement\":[{\"@type\":\"ListItem\",\"position\":1,\"name\":\"Home\",\"item\":\"https:\/\/universofamilia.com\/el\/\"},{\"@type\":\"ListItem\",\"position\":2,\"name\":\"O Que Influencia no Sono do Beb\u00ea | Ber\u00e7o, Cama Compartilhada ou Montessoriana?\"}]},{\"@type\":\"WebSite\",\"@id\":\"https:\/\/universofamilia.com\/el\/#website\",\"url\":\"https:\/\/universofamilia.com\/el\/\",\"name\":\"Universo Fam\u00edlia\",\"description\":\"\",\"potentialAction\":[{\"@type\":\"SearchAction\",\"target\":{\"@type\":\"EntryPoint\",\"urlTemplate\":\"https:\/\/universofamilia.com\/el\/?s={search_term_string}\"},\"query-input\":\"required name=search_term_string\"}],\"inLanguage\":\"fr-FR\"}]}<\/script>\n<!-- \/ Yoast SEO plugin. -->","yoast_head_json":{"title":"O Que Influencia no Sono do Beb\u00ea | Ber\u00e7o, Cama Compartilhada ou Montessoriana? - Universo Fam\u00edlia","description":"O Que Influencia no Sono do Beb\u00ea: Ber\u00e7o, Cama Compartilhada ou Montessoriana?","robots":{"index":"index","follow":"follow","max-snippet":"max-snippet:-1","max-image-preview":"max-image-preview:large","max-video-preview":"max-video-preview:-1"},"canonical":"http:\/\/universofamilia.com\/fr\/o-que-influencia-o-sono-do-bebe\/","og_locale":"fr_FR","og_type":"article","og_title":"O Que Influencia no Sono do Beb\u00ea | Ber\u00e7o, Cama Compartilhada ou Montessoriana? - Universo Fam\u00edlia","og_description":"O Que Influencia no Sono do Beb\u00ea: Ber\u00e7o, Cama Compartilhada ou Montessoriana?","og_url":"http:\/\/universofamilia.com\/fr\/o-que-influencia-o-sono-do-bebe\/","og_site_name":"Universo Fam\u00edlia","article_published_time":"2023-06-05T13:43:39+00:00","og_image":[{"width":448,"height":350,"url":"http:\/\/universofamilia.com\/wp-content\/uploads\/sites\/148\/2023\/06\/FOTO-DESTAQUE-DIFICULDADE-DE-OUVIRDIFICULDADE-DE-DORMIR-universo-familia-448x350-1.png","type":"image\/png"}],"twitter_card":"summary_large_image","twitter_misc":{"Est. reading time":"5 minutes"},"schema":{"@context":"https:\/\/schema.org","@graph":[{"@type":"WebPage","@id":"http:\/\/universofamilia.com\/ja\/o-que-influencia-o-sono-do-bebe\/","url":"http:\/\/universofamilia.com\/ja\/o-que-influencia-o-sono-do-bebe\/","name":"O Que Influencia no Sono do Beb\u00ea | Ber\u00e7o, Cama Compartilhada ou Montessoriana? - Universo Fam\u00edlia","isPartOf":{"@id":"https:\/\/universofamilia.com\/el\/#website"},"primaryImageOfPage":{"@id":"http:\/\/universofamilia.com\/ja\/o-que-influencia-o-sono-do-bebe\/#primaryimage"},"image":{"@id":"http:\/\/universofamilia.com\/ja\/o-que-influencia-o-sono-do-bebe\/#primaryimage"},"thumbnailUrl":"https:\/\/universofamilia.com\/wp-content\/uploads\/sites\/148\/2023\/06\/FOTO-DESTAQUE-DIFICULDADE-DE-OUVIRDIFICULDADE-DE-DORMIR-universo-familia-448x350-1.png","datePublished":"2023-06-05T13:43:39+00:00","dateModified":"2023-06-05T13:43:39+00:00","author":{"@id":""},"description":"O Que Influencia no Sono do Beb\u00ea: Ber\u00e7o, Cama Compartilhada ou Montessoriana?","breadcrumb":{"@id":"http:\/\/universofamilia.com\/ja\/o-que-influencia-o-sono-do-bebe\/#breadcrumb"},"inLanguage":"fr-FR","potentialAction":[{"@type":"ReadAction","target":["http:\/\/universofamilia.com\/ja\/o-que-influencia-o-sono-do-bebe\/"]}]},{"@type":"ImageObject","inLanguage":"fr-FR","@id":"http:\/\/universofamilia.com\/ja\/o-que-influencia-o-sono-do-bebe\/#primaryimage","url":"https:\/\/universofamilia.com\/wp-content\/uploads\/sites\/148\/2023\/06\/FOTO-DESTAQUE-DIFICULDADE-DE-OUVIRDIFICULDADE-DE-DORMIR-universo-familia-448x350-1.png","contentUrl":"https:\/\/universofamilia.com\/wp-content\/uploads\/sites\/148\/2023\/06\/FOTO-DESTAQUE-DIFICULDADE-DE-OUVIRDIFICULDADE-DE-DORMIR-universo-familia-448x350-1.png","width":448,"height":350},{"@type":"BreadcrumbList","@id":"http:\/\/universofamilia.com\/ja\/o-que-influencia-o-sono-do-bebe\/#breadcrumb","itemListElement":[{"@type":"ListItem","position":1,"name":"Home","item":"https:\/\/universofamilia.com\/el\/"},{"@type":"ListItem","position":2,"name":"O Que Influencia no Sono do Beb\u00ea | Ber\u00e7o, Cama Compartilhada ou Montessoriana?"}]},{"@type":"WebSite","@id":"https:\/\/universofamilia.com\/el\/#website","url":"https:\/\/universofamilia.com\/el\/","name":"Universo Fam\u00edlia","description":"","potentialAction":[{"@type":"SearchAction","target":{"@type":"EntryPoint","urlTemplate":"https:\/\/universofamilia.com\/el\/?s={search_term_string}"},"query-input":"required name=search_term_string"}],"inLanguage":"fr-FR"}]}},"_links":{"self":[{"href":"https:\/\/universofamilia.com\/fr\/wp-json\/wp\/v2\/posts\/2227"}],"collection":[{"href":"https:\/\/universofamilia.com\/fr\/wp-json\/wp\/v2\/posts"}],"about":[{"href":"https:\/\/universofamilia.com\/fr\/wp-json\/wp\/v2\/types\/post"}],"replies":[{"embeddable":true,"href":"https:\/\/universofamilia.com\/fr\/wp-json\/wp\/v2\/comments?post=2227"}],"version-history":[{"count":0,"href":"https:\/\/universofamilia.com\/fr\/wp-json\/wp\/v2\/posts\/2227\/revisions"}],"wp:featuredmedia":[{"embeddable":true,"href":"https:\/\/universofamilia.com\/fr\/wp-json\/wp\/v2\/media\/2234"}],"wp:attachment":[{"href":"https:\/\/universofamilia.com\/fr\/wp-json\/wp\/v2\/media?parent=2227"}],"wp:term":[{"taxonomy":"category","embeddable":true,"href":"https:\/\/universofamilia.com\/fr\/wp-json\/wp\/v2\/categories?post=2227"},{"taxonomy":"post_tag","embeddable":true,"href":"https:\/\/universofamilia.com\/fr\/wp-json\/wp\/v2\/tags?post=2227"}],"curies":[{"name":"wp","href":"https:\/\/api.w.org\/{rel}","templated":true}]}}