{"id":2236,"date":"2023-06-05T18:52:15","date_gmt":"2023-06-05T21:52:15","guid":{"rendered":"https:\/\/universofamilia.com\/?p=2236"},"modified":"2023-06-05T18:52:15","modified_gmt":"2023-06-05T21:52:15","slug":"dicas-de-seguranca-para-o-sono-do-bebe-escolha-do-local-posicao-colchao-e-muito-mais","status":"publish","type":"post","link":"https:\/\/universofamilia.com\/fr\/dicas-de-seguranca-para-o-sono-do-bebe-escolha-do-local-posicao-colchao-e-muito-mais\/","title":{"rendered":"Consignes de s\u00e9curit\u00e9 concernant le son du b\u00e9b\u00e9"},"content":{"rendered":"<h3 class=\"wp-block-heading\">Consignes de s\u00e9curit\u00e9 pour le fils du b\u00e9b\u00e9 : endroit s\u00fbr, position, matelas et bien plus encore.<\/h3>\n\n\n\n<p> La s\u00e9curit\u00e9 des b\u00e9b\u00e9s gar\u00e7ons est une pr\u00e9occupation majeure pour le pays.<\/p>\n\n\n\n<p>Veiller \u00e0 ce que votre enfant \u00e9volue dans un environnement s\u00e9curitaire et propice au repos est essentiel \u00e0 son d\u00e9veloppement sain.<\/p>\n\n\n\n<p>Dans cet article, nous vous pr\u00e9sentons six conseils importants pour garantir la s\u00e9curit\u00e9 de votre b\u00e9b\u00e9, de la protection des lieux \u00e0 la pr\u00e9vention des risques potentiels. Suivez ces conseils et passez des nuits paisibles, sachant que votre b\u00e9b\u00e9 \u00e9volue dans un environnement s\u00fbr.<\/p>\n\n\n\n<h3 class=\"wp-block-heading\">Lire aussi :<\/h3>\n\n\n\n<p><a href=\"https:\/\/universofamilia.com\/fr\/meu-bebe-dorme-mal\/\" target=\"_blank\" rel=\"noreferrer noopener\">Mon b\u00e9b\u00e9 dort mal, d\u00e9couvrez 5 erreurs courantes \u00e0 \u00e9viter.<\/a><\/p>\n\n\n\n<p><a href=\"https:\/\/universofamilia.com\/fr\/o-que-influencia-o-sono-do-bebe\/\" target=\"_blank\" rel=\"noreferrer noopener\">O Que Influence no Sono do B\u00ea | Ber\u00e7o, lit partag\u00e9 ou Montessoriana ?<\/a><\/p>\n\n\n\n<p><a href=\"https:\/\/www.luzbaby.com.br\/\" target=\"_blank\" rel=\"noreferrer noopener\">A Luz Baby est l&#039;un des meilleurs magasins de produits pour b\u00e9b\u00e9s. Cliquez ici.<\/a><\/p>\n\n\n\n<h3 class=\"wp-block-heading\">Orientation locale : espace ad\u00e9quat et environnement calme<\/h3>\n\n\n\n<p>Le choix de la zone d&#039;\u00e9coute du b\u00e9b\u00e9 est crucial. Optez pour une protection auditive s\u00fbre, de pr\u00e9f\u00e9rence certifi\u00e9e INMETRO. Assurez-vous que les enfants se tiennent \u00e0 une distance appropri\u00e9e pour \u00e9viter que le b\u00e9b\u00e9 ne se retrouve coinc\u00e9 ou ne s&#039;\u00e9chappe.<\/p>\n\n\n<div class=\"wp-block-image\">\n<figure class=\"aligncenter size-full\"><img loading=\"lazy\" decoding=\"async\" width=\"800\" height=\"560\" src=\"http:\/\/universofamilia.com\/wp-content\/uploads\/sites\/148\/2023\/06\/POST-BEBE-SEGURANCA-DO-BEBE-O-UNIVERSO-FAMILIA.png\" alt=\"\" class=\"wp-image-2237\" srcset=\"https:\/\/universofamilia.com\/wp-content\/uploads\/sites\/148\/2023\/06\/POST-BEBE-SEGURANCA-DO-BEBE-O-UNIVERSO-FAMILIA.png 800w, https:\/\/universofamilia.com\/wp-content\/uploads\/sites\/148\/2023\/06\/POST-BEBE-SEGURANCA-DO-BEBE-O-UNIVERSO-FAMILIA-300x210.png 300w, https:\/\/universofamilia.com\/wp-content\/uploads\/sites\/148\/2023\/06\/POST-BEBE-SEGURANCA-DO-BEBE-O-UNIVERSO-FAMILIA-768x538.png 768w\" sizes=\"(max-width: 800px) 100vw, 800px\" \/><\/figure><\/div>\n\n\n<p>Choisissez \u00e9galement un environnement calme, loin du bruit et des sources de stress. Sachez que le son est essentiel au d\u00e9veloppement de b\u00e9b\u00e9 et qu&#039;un environnement calme contribuera \u00e0 une nuit plus reposante.<\/p>\n\n\n\n<h3 class=\"wp-block-heading\">Position du b\u00e9b\u00e9 : des c\u00f4tes au sommeil<\/h3>\n\n\n\n<p>Dormir le b\u00e9b\u00e9 sur le ventre est la position la plus s\u00fbre. Cette position r\u00e9duit le risque d&#039;\u00e9touffement et de mort subite. \u00c9vitez de le coucher sur le dos ou sur le c\u00f4t\u00e9, car ces positions augmentent les risques d&#039;\u00e9touffement. Il est important de souligner que le co\u00fbt du sommeil est valable jusqu&#039;\u00e0 la fin de la scolarit\u00e9 du b\u00e9b\u00e9.<\/p>\n\n\n\n<h3 class=\"wp-block-heading\">Choisissez un matelas adapt\u00e9<\/h3>\n\n\n\n<p>Un matelas qui n&#039;endort pas b\u00e9b\u00e9 est \u00e9galement essentiel \u00e0 sa s\u00e9curit\u00e9. Optez pour un matelas ferme et plat, sans sommier ni irr\u00e9gularit\u00e9s.<\/p>\n\n\n\n<p>\u00c9vitez les matelas tr\u00e8s \u00e9pais, car ils peuvent mouler le corps du b\u00e9b\u00e9 et augmenter le risque d&#039;\u00e9touffement.<\/p>\n\n\n\n<p>V\u00e9rifiez \u00e9galement que le matelas s\u2019ins\u00e8re parfaitement dans la couchette, \u00e9vitant ainsi que b\u00e9b\u00e9 ne reste coinc\u00e9 entre les bords du matelas.<\/p>\n\n\n\n<h3 class=\"wp-block-heading\">\u00c9viter la surchauffe : temp\u00e9rature ambiante ad\u00e9quate<\/h3>\n\n\n\n<p>Maintenir une temp\u00e9rature ambiante ad\u00e9quate est essentiel pour la s\u00e9curit\u00e9 de votre b\u00e9b\u00e9. \u00c9vitez la surchauffe, car les b\u00e9b\u00e9s ont du mal \u00e0 r\u00e9guler leur temp\u00e9rature corporelle.<\/p>\n\n\n<div class=\"wp-block-image\">\n<figure class=\"aligncenter size-full\"><img loading=\"lazy\" decoding=\"async\" width=\"800\" height=\"560\" src=\"http:\/\/universofamilia.com\/wp-content\/uploads\/sites\/148\/2023\/06\/POST-BEBE-SEGURANCA-DO-BEBE-O-UNIVERSO-FAMILIA-1.png\" alt=\"\" class=\"wp-image-2238\" srcset=\"https:\/\/universofamilia.com\/wp-content\/uploads\/sites\/148\/2023\/06\/POST-BEBE-SEGURANCA-DO-BEBE-O-UNIVERSO-FAMILIA-1.png 800w, https:\/\/universofamilia.com\/wp-content\/uploads\/sites\/148\/2023\/06\/POST-BEBE-SEGURANCA-DO-BEBE-O-UNIVERSO-FAMILIA-1-300x210.png 300w, https:\/\/universofamilia.com\/wp-content\/uploads\/sites\/148\/2023\/06\/POST-BEBE-SEGURANCA-DO-BEBE-O-UNIVERSO-FAMILIA-1-768x538.png 768w\" sizes=\"(max-width: 800px) 100vw, 800px\" \/><\/figure><\/div>\n\n\n<p>Choisissez des v\u00eatements adapt\u00e9s \u00e0 la saison et gardez-les au frais et au sec. Un thermom\u00e8tre ambiant peut \u00eatre utile pour s&#039;assurer que la temp\u00e9rature est confortable pour b\u00e9b\u00e9.<\/p>\n\n\n\n<h3 class=\"wp-block-heading\">Soyez vide : \u00e9vitez les objets en vrac et le trafic excessif<\/h3>\n\n\n\n<p>Un espace s\u00fbr pour les enfants doit \u00eatre exempt d&#039;objets non fix\u00e9s. \u00c9vitez d&#039;y placer des couvertures, des matelas, des couvertures moelleuses, des jouets ou des protections pour berceaux.<\/p>\n\n\n\n<p>Ces objets augmentent le risque d&#039;\u00e9touffement ou d&#039;arr\u00eat cardiaque. Utilisez uniquement des sous-v\u00eatements de taille adapt\u00e9e, ajust\u00e9s ou amples, pour garantir \u00e0 votre b\u00e9b\u00e9 un sommeil sans danger.<\/p>\n\n\n\n<p>Placez-vous sur une surface s\u00fbre : \u00e9vitez les canap\u00e9s et les lits pour adultes<\/p>\n\n\n\n<p>\u00c9vitez de placer le b\u00e9b\u00e9 sur des surfaces dangereuses, comme un canap\u00e9, un fauteuil ou un lit d&#039;adulte. Ces surfaces ne sont pas con\u00e7ues pour \u00eatre s\u00e9curitaires pour les b\u00e9b\u00e9s et augmentent le risque de choc \u00e9lectrique ou de suffocation.<\/p>\n\n\n\n<p>Il est important que le b\u00e9b\u00e9 dorme toujours dans son propre lit, avec un matelas adapt\u00e9 et dans un environnement sp\u00e9cialement con\u00e7u pour lui.<\/p>\n\n\n\n<h3 class=\"wp-block-heading\">Conclusion<\/h3>\n\n\n\n<p>Assurer la s\u00e9curit\u00e9 sonore de votre b\u00e9b\u00e9 est une responsabilit\u00e9 fondamentale pour les deux pays. En suivant les instructions mentionn\u00e9es dans cet article, vous offrirez un environnement s\u00fbr et propice au repos de votre tout-petit.<\/p>\n\n\n\n<p>Assurez-vous de choisir un lit adapt\u00e9, placez votre b\u00e9b\u00e9 sur la surface de couchage, utilisez un matelas ferme, \u00e9vitez la surchauffe, gardez le lit exempt d&#039;objets en vrac et ne le placez jamais sur des surfaces dangereuses.<\/p>\n\n\n\n<p>De plus, je sais que chaque b\u00e9b\u00e9 est unique et peut avoir des besoins sp\u00e9cifiques. Observez votre filtre et soyez attentif \u00e0 tout signe d&#039;inconfort ou de difficult\u00e9 pendant l&#039;\u00e9coute.<\/p>\n\n\n\n<p>Si vous avez des doutes ou des inqui\u00e9tudes, consultez toujours un professionnel de la sant\u00e9 qualifi\u00e9.<\/p>\n\n\n\n<p>En optimisant votre environnement sonore pour la s\u00e9curit\u00e9 de b\u00e9b\u00e9, vous favoriserez un son calme et s\u00fbr, essentiel \u00e0 une croissance et un d\u00e9veloppement appropri\u00e9s.<\/p>\n\n\n\n<p>Gardez \u00e0 l\u2019esprit que la s\u00e9curit\u00e9 des enfants est une pratique continue et qu\u2019il est important de revoir et d\u2019adapter les mesures de s\u00e9curit\u00e9 \u00e0 mesure que votre b\u00e9b\u00e9 grandit et se d\u00e9veloppe.<\/p>\n\n\n\n<p>Accorder la priorit\u00e9 \u00e0 la s\u00e9curit\u00e9 de votre b\u00e9b\u00e9 est un investissement pr\u00e9cieux, qui ne devrait pas se faire au d\u00e9triment de sa sant\u00e9. En suivant ces instructions, vous offrirez un environnement prot\u00e9g\u00e9 et propice au calme et \u00e0 la s\u00e9curit\u00e9 de votre b\u00e9b\u00e9.<\/p>\n\n\n\n<h3 class=\"wp-block-heading\">Source de recherche :<\/h3>\n\n\n\n<p>Il est important de mener une enqu\u00eate transparente et fiable sur les consignes de s\u00e9curit\u00e9 pour les b\u00e9b\u00e9s gar\u00e7ons. Plusieurs organisations et institutions r\u00e9put\u00e9es fournissent des informations actualis\u00e9es sur le sujet. Voici quelques ressources utiles pour approfondir vos recherches\u00a0:<\/p>\n\n\n\n<p>Acad\u00e9mie am\u00e9ricaine de p\u00e9diatrie (AAP) \u2013 Le site de l&#039;AAP fournit des conseils d\u00e9taill\u00e9s sur la s\u00e9curit\u00e9 des b\u00e9b\u00e9s, notamment des recommandations sur la position de sommeil, l&#039;emplacement appropri\u00e9, les matelas et bien plus encore. Disponible \u00e0 l&#039;adresse\u00a0: https:\/\/www.aap.org\/<\/p>\n\n\n\n<p>Campagne \u00ab\u00a0Safe to Sleep\u00a0\u00bb \u2013 Cette campagne nationale am\u00e9ricaine fournit des informations et des ressources pour promouvoir un sommeil s\u00e9curitaire pour les b\u00e9b\u00e9s, notamment des conseils sur les positions de sommeil dans un environnement s\u00fbr. Disponible sur\u00a0: https:\/\/safetosleep.nichd.nih.gov\/<\/p>\n\n\n\n<p>Fondation nationale du sommeil (FND) \u2013 Cette organisation vise \u00e0 sensibiliser \u00e0 l&#039;importance d&#039;un sommeil r\u00e9parateur, notamment en proposant des conseils sp\u00e9cifiques pour un sommeil s\u00fbr pour les b\u00e9b\u00e9s. Disponible sur\u00a0: https:\/\/www.sleepfoundation.org\/<\/p>\n\n\n\n<p>Veuillez noter que les informations trouv\u00e9es sont toujours v\u00e9rifi\u00e9es \u00e0 la source et \u00e0 jour, ce qui permet de mettre \u00e0 jour les recommandations au fil du temps. Consulter des professionnels de la sant\u00e9, comme les p\u00e9diatres, est \u00e9galement le meilleur moyen d&#039;obtenir des informations fiables et personnalis\u00e9es pour votre b\u00e9b\u00e9.<\/p>","protected":false},"excerpt":{"rendered":"<p>Consignes de s\u00e9curit\u00e9 pour les b\u00e9b\u00e9s gar\u00e7ons : emplacement s\u00fbr, position, matelas et bien plus encore La s\u00e9curit\u00e9 des b\u00e9b\u00e9s gar\u00e7ons est une pr\u00e9occupation majeure pour le pays.<br \/>\nVeiller \u00e0 ce que votre enfant \u00e9volue dans un environnement s\u00e9curitaire et propice au repos est essentiel \u00e0 son d\u00e9veloppement sain.<br \/>\nDans cet article, nous vous pr\u00e9sentons six conseils importants pour garantir la s\u00e9curit\u00e9 de votre b\u00e9b\u00e9, de la protection des lieux \u00e0 la pr\u00e9vention des risques potentiels. Suivez ces conseils et passez des nuits paisibles, sachant que votre b\u00e9b\u00e9 \u00e9volue dans un environnement s\u00fbr.<\/p>","protected":false},"author":0,"featured_media":2239,"comment_status":"closed","ping_status":"open","sticky":false,"template":"","format":"standard","meta":{"footnotes":""},"categories":[5],"tags":[938,1437,1448],"yoast_head":"<!-- This site is optimized with the Yoast SEO plugin v23.3 - https:\/\/yoast.com\/wordpress\/plugins\/seo\/ -->\n<title>Dicas de seguran\u00e7a para o sono do beb\u00ea - Universo Fam\u00edlia<\/title>\n<meta name=\"description\" content=\"Dicas de seguran\u00e7a para o sono do beb\u00ea: escolha do local, posi\u00e7\u00e3o, colch\u00e3o e muito mais A seguran\u00e7a do sono do beb\u00ea \u00e9 uma\" \/>\n<meta name=\"robots\" content=\"index, follow, max-snippet:-1, max-image-preview:large, max-video-preview:-1\" \/>\n<link rel=\"canonical\" href=\"https:\/\/universofamilia.com\/fr\/\u09b8\u09cd\u09a5\u09be\u09a8\u09c0\u09af\u09bc-\u09b8\u09cd\u09a5\u09be\u09a8\u09c7-\u09b6\u09bf\u09b6\u09c1\u09b0-\u09a8\u09bf\/\" \/>\n<meta property=\"og:locale\" content=\"fr_FR\" \/>\n<meta property=\"og:type\" content=\"article\" \/>\n<meta property=\"og:title\" content=\"Dicas de seguran\u00e7a para o sono do beb\u00ea - Universo Fam\u00edlia\" \/>\n<meta property=\"og:description\" content=\"Dicas de seguran\u00e7a para o sono do beb\u00ea: escolha do local, posi\u00e7\u00e3o, colch\u00e3o e muito mais A seguran\u00e7a do sono do beb\u00ea \u00e9 uma\" \/>\n<meta property=\"og:url\" content=\"https:\/\/universofamilia.com\/fr\/\u09b8\u09cd\u09a5\u09be\u09a8\u09c0\u09af\u09bc-\u09b8\u09cd\u09a5\u09be\u09a8\u09c7-\u09b6\u09bf\u09b6\u09c1\u09b0-\u09a8\u09bf\/\" \/>\n<meta property=\"og:site_name\" content=\"Universo Fam\u00edlia\" \/>\n<meta property=\"article:published_time\" content=\"2023-06-05T21:52:15+00:00\" \/>\n<meta property=\"og:image\" content=\"https:\/\/universofamilia.com\/wp-content\/uploads\/sites\/148\/2023\/06\/FOTO-DESTAQUE-SEGURANCA-DO-BEBE-universo-familia-448x350-.png\" \/>\n\t<meta property=\"og:image:width\" content=\"448\" \/>\n\t<meta property=\"og:image:height\" content=\"350\" \/>\n\t<meta property=\"og:image:type\" content=\"image\/png\" \/>\n<meta name=\"twitter:card\" content=\"summary_large_image\" \/>\n<meta name=\"twitter:label1\" content=\"Est. reading time\" \/>\n\t<meta name=\"twitter:data1\" content=\"6 minutes\" \/>\n<script type=\"application\/ld+json\" class=\"yoast-schema-graph\">{\"@context\":\"https:\/\/schema.org\",\"@graph\":[{\"@type\":\"WebPage\",\"@id\":\"https:\/\/universofamilia.com\/bn\/\u09b8\u09cd\u09a5\u09be\u09a8\u09c0\u09af\u09bc-\u09b8\u09cd\u09a5\u09be\u09a8\u09c7-\u09b6\u09bf\u09b6\u09c1\u09b0-\u09a8\u09bf\/\",\"url\":\"https:\/\/universofamilia.com\/bn\/\u09b8\u09cd\u09a5\u09be\u09a8\u09c0\u09af\u09bc-\u09b8\u09cd\u09a5\u09be\u09a8\u09c7-\u09b6\u09bf\u09b6\u09c1\u09b0-\u09a8\u09bf\/\",\"name\":\"Dicas de seguran\u00e7a para o sono do beb\u00ea - Universo Fam\u00edlia\",\"isPartOf\":{\"@id\":\"https:\/\/universofamilia.com\/el\/#website\"},\"primaryImageOfPage\":{\"@id\":\"https:\/\/universofamilia.com\/bn\/\u09b8\u09cd\u09a5\u09be\u09a8\u09c0\u09af\u09bc-\u09b8\u09cd\u09a5\u09be\u09a8\u09c7-\u09b6\u09bf\u09b6\u09c1\u09b0-\u09a8\u09bf\/#primaryimage\"},\"image\":{\"@id\":\"https:\/\/universofamilia.com\/bn\/\u09b8\u09cd\u09a5\u09be\u09a8\u09c0\u09af\u09bc-\u09b8\u09cd\u09a5\u09be\u09a8\u09c7-\u09b6\u09bf\u09b6\u09c1\u09b0-\u09a8\u09bf\/#primaryimage\"},\"thumbnailUrl\":\"https:\/\/universofamilia.com\/wp-content\/uploads\/sites\/148\/2023\/06\/FOTO-DESTAQUE-SEGURANCA-DO-BEBE-universo-familia-448x350-.png\",\"datePublished\":\"2023-06-05T21:52:15+00:00\",\"dateModified\":\"2023-06-05T21:52:15+00:00\",\"author\":{\"@id\":\"\"},\"description\":\"Dicas de seguran\u00e7a para o sono do beb\u00ea: escolha do local, posi\u00e7\u00e3o, colch\u00e3o e muito mais A seguran\u00e7a do sono do beb\u00ea \u00e9 uma\",\"breadcrumb\":{\"@id\":\"https:\/\/universofamilia.com\/bn\/\u09b8\u09cd\u09a5\u09be\u09a8\u09c0\u09af\u09bc-\u09b8\u09cd\u09a5\u09be\u09a8\u09c7-\u09b6\u09bf\u09b6\u09c1\u09b0-\u09a8\u09bf\/#breadcrumb\"},\"inLanguage\":\"fr-FR\",\"potentialAction\":[{\"@type\":\"ReadAction\",\"target\":[\"https:\/\/universofamilia.com\/bn\/\u09b8\u09cd\u09a5\u09be\u09a8\u09c0\u09af\u09bc-\u09b8\u09cd\u09a5\u09be\u09a8\u09c7-\u09b6\u09bf\u09b6\u09c1\u09b0-\u09a8\u09bf\/\"]}]},{\"@type\":\"ImageObject\",\"inLanguage\":\"fr-FR\",\"@id\":\"https:\/\/universofamilia.com\/bn\/\u09b8\u09cd\u09a5\u09be\u09a8\u09c0\u09af\u09bc-\u09b8\u09cd\u09a5\u09be\u09a8\u09c7-\u09b6\u09bf\u09b6\u09c1\u09b0-\u09a8\u09bf\/#primaryimage\",\"url\":\"https:\/\/universofamilia.com\/wp-content\/uploads\/sites\/148\/2023\/06\/FOTO-DESTAQUE-SEGURANCA-DO-BEBE-universo-familia-448x350-.png\",\"contentUrl\":\"https:\/\/universofamilia.com\/wp-content\/uploads\/sites\/148\/2023\/06\/FOTO-DESTAQUE-SEGURANCA-DO-BEBE-universo-familia-448x350-.png\",\"width\":448,\"height\":350},{\"@type\":\"BreadcrumbList\",\"@id\":\"https:\/\/universofamilia.com\/bn\/\u09b8\u09cd\u09a5\u09be\u09a8\u09c0\u09af\u09bc-\u09b8\u09cd\u09a5\u09be\u09a8\u09c7-\u09b6\u09bf\u09b6\u09c1\u09b0-\u09a8\u09bf\/#breadcrumb\",\"itemListElement\":[{\"@type\":\"ListItem\",\"position\":1,\"name\":\"Home\",\"item\":\"https:\/\/universofamilia.com\/el\/\"},{\"@type\":\"ListItem\",\"position\":2,\"name\":\"Dicas de seguran\u00e7a para o sono do beb\u00ea\"}]},{\"@type\":\"WebSite\",\"@id\":\"https:\/\/universofamilia.com\/el\/#website\",\"url\":\"https:\/\/universofamilia.com\/el\/\",\"name\":\"Universo Fam\u00edlia\",\"description\":\"\",\"potentialAction\":[{\"@type\":\"SearchAction\",\"target\":{\"@type\":\"EntryPoint\",\"urlTemplate\":\"https:\/\/universofamilia.com\/el\/?s={search_term_string}\"},\"query-input\":\"required name=search_term_string\"}],\"inLanguage\":\"fr-FR\"}]}<\/script>\n<!-- \/ Yoast SEO plugin. -->","yoast_head_json":{"title":"Dicas de seguran\u00e7a para o sono do beb\u00ea - Universo Fam\u00edlia","description":"Dicas de seguran\u00e7a para o sono do beb\u00ea: escolha do local, posi\u00e7\u00e3o, colch\u00e3o e muito mais A seguran\u00e7a do sono do beb\u00ea \u00e9 uma","robots":{"index":"index","follow":"follow","max-snippet":"max-snippet:-1","max-image-preview":"max-image-preview:large","max-video-preview":"max-video-preview:-1"},"canonical":"https:\/\/universofamilia.com\/fr\/\u09b8\u09cd\u09a5\u09be\u09a8\u09c0\u09af\u09bc-\u09b8\u09cd\u09a5\u09be\u09a8\u09c7-\u09b6\u09bf\u09b6\u09c1\u09b0-\u09a8\u09bf\/","og_locale":"fr_FR","og_type":"article","og_title":"Dicas de seguran\u00e7a para o sono do beb\u00ea - Universo Fam\u00edlia","og_description":"Dicas de seguran\u00e7a para o sono do beb\u00ea: escolha do local, posi\u00e7\u00e3o, colch\u00e3o e muito mais A seguran\u00e7a do sono do beb\u00ea \u00e9 uma","og_url":"https:\/\/universofamilia.com\/fr\/\u09b8\u09cd\u09a5\u09be\u09a8\u09c0\u09af\u09bc-\u09b8\u09cd\u09a5\u09be\u09a8\u09c7-\u09b6\u09bf\u09b6\u09c1\u09b0-\u09a8\u09bf\/","og_site_name":"Universo Fam\u00edlia","article_published_time":"2023-06-05T21:52:15+00:00","og_image":[{"width":448,"height":350,"url":"https:\/\/universofamilia.com\/wp-content\/uploads\/sites\/148\/2023\/06\/FOTO-DESTAQUE-SEGURANCA-DO-BEBE-universo-familia-448x350-.png","type":"image\/png"}],"twitter_card":"summary_large_image","twitter_misc":{"Est. reading time":"6 minutes"},"schema":{"@context":"https:\/\/schema.org","@graph":[{"@type":"WebPage","@id":"https:\/\/universofamilia.com\/bn\/\u09b8\u09cd\u09a5\u09be\u09a8\u09c0\u09af\u09bc-\u09b8\u09cd\u09a5\u09be\u09a8\u09c7-\u09b6\u09bf\u09b6\u09c1\u09b0-\u09a8\u09bf\/","url":"https:\/\/universofamilia.com\/bn\/\u09b8\u09cd\u09a5\u09be\u09a8\u09c0\u09af\u09bc-\u09b8\u09cd\u09a5\u09be\u09a8\u09c7-\u09b6\u09bf\u09b6\u09c1\u09b0-\u09a8\u09bf\/","name":"Dicas de seguran\u00e7a para o sono do beb\u00ea - Universo Fam\u00edlia","isPartOf":{"@id":"https:\/\/universofamilia.com\/el\/#website"},"primaryImageOfPage":{"@id":"https:\/\/universofamilia.com\/bn\/\u09b8\u09cd\u09a5\u09be\u09a8\u09c0\u09af\u09bc-\u09b8\u09cd\u09a5\u09be\u09a8\u09c7-\u09b6\u09bf\u09b6\u09c1\u09b0-\u09a8\u09bf\/#primaryimage"},"image":{"@id":"https:\/\/universofamilia.com\/bn\/\u09b8\u09cd\u09a5\u09be\u09a8\u09c0\u09af\u09bc-\u09b8\u09cd\u09a5\u09be\u09a8\u09c7-\u09b6\u09bf\u09b6\u09c1\u09b0-\u09a8\u09bf\/#primaryimage"},"thumbnailUrl":"https:\/\/universofamilia.com\/wp-content\/uploads\/sites\/148\/2023\/06\/FOTO-DESTAQUE-SEGURANCA-DO-BEBE-universo-familia-448x350-.png","datePublished":"2023-06-05T21:52:15+00:00","dateModified":"2023-06-05T21:52:15+00:00","author":{"@id":""},"description":"Dicas de seguran\u00e7a para o sono do beb\u00ea: escolha do local, posi\u00e7\u00e3o, colch\u00e3o e muito mais A seguran\u00e7a do sono do beb\u00ea \u00e9 uma","breadcrumb":{"@id":"https:\/\/universofamilia.com\/bn\/\u09b8\u09cd\u09a5\u09be\u09a8\u09c0\u09af\u09bc-\u09b8\u09cd\u09a5\u09be\u09a8\u09c7-\u09b6\u09bf\u09b6\u09c1\u09b0-\u09a8\u09bf\/#breadcrumb"},"inLanguage":"fr-FR","potentialAction":[{"@type":"ReadAction","target":["https:\/\/universofamilia.com\/bn\/\u09b8\u09cd\u09a5\u09be\u09a8\u09c0\u09af\u09bc-\u09b8\u09cd\u09a5\u09be\u09a8\u09c7-\u09b6\u09bf\u09b6\u09c1\u09b0-\u09a8\u09bf\/"]}]},{"@type":"ImageObject","inLanguage":"fr-FR","@id":"https:\/\/universofamilia.com\/bn\/\u09b8\u09cd\u09a5\u09be\u09a8\u09c0\u09af\u09bc-\u09b8\u09cd\u09a5\u09be\u09a8\u09c7-\u09b6\u09bf\u09b6\u09c1\u09b0-\u09a8\u09bf\/#primaryimage","url":"https:\/\/universofamilia.com\/wp-content\/uploads\/sites\/148\/2023\/06\/FOTO-DESTAQUE-SEGURANCA-DO-BEBE-universo-familia-448x350-.png","contentUrl":"https:\/\/universofamilia.com\/wp-content\/uploads\/sites\/148\/2023\/06\/FOTO-DESTAQUE-SEGURANCA-DO-BEBE-universo-familia-448x350-.png","width":448,"height":350},{"@type":"BreadcrumbList","@id":"https:\/\/universofamilia.com\/bn\/\u09b8\u09cd\u09a5\u09be\u09a8\u09c0\u09af\u09bc-\u09b8\u09cd\u09a5\u09be\u09a8\u09c7-\u09b6\u09bf\u09b6\u09c1\u09b0-\u09a8\u09bf\/#breadcrumb","itemListElement":[{"@type":"ListItem","position":1,"name":"Home","item":"https:\/\/universofamilia.com\/el\/"},{"@type":"ListItem","position":2,"name":"Dicas de seguran\u00e7a para o sono do beb\u00ea"}]},{"@type":"WebSite","@id":"https:\/\/universofamilia.com\/el\/#website","url":"https:\/\/universofamilia.com\/el\/","name":"Universo Fam\u00edlia","description":"","potentialAction":[{"@type":"SearchAction","target":{"@type":"EntryPoint","urlTemplate":"https:\/\/universofamilia.com\/el\/?s={search_term_string}"},"query-input":"required name=search_term_string"}],"inLanguage":"fr-FR"}]}},"_links":{"self":[{"href":"https:\/\/universofamilia.com\/fr\/wp-json\/wp\/v2\/posts\/2236"}],"collection":[{"href":"https:\/\/universofamilia.com\/fr\/wp-json\/wp\/v2\/posts"}],"about":[{"href":"https:\/\/universofamilia.com\/fr\/wp-json\/wp\/v2\/types\/post"}],"replies":[{"embeddable":true,"href":"https:\/\/universofamilia.com\/fr\/wp-json\/wp\/v2\/comments?post=2236"}],"version-history":[{"count":0,"href":"https:\/\/universofamilia.com\/fr\/wp-json\/wp\/v2\/posts\/2236\/revisions"}],"wp:featuredmedia":[{"embeddable":true,"href":"https:\/\/universofamilia.com\/fr\/wp-json\/wp\/v2\/media\/2239"}],"wp:attachment":[{"href":"https:\/\/universofamilia.com\/fr\/wp-json\/wp\/v2\/media?parent=2236"}],"wp:term":[{"taxonomy":"category","embeddable":true,"href":"https:\/\/universofamilia.com\/fr\/wp-json\/wp\/v2\/categories?post=2236"},{"taxonomy":"post_tag","embeddable":true,"href":"https:\/\/universofamilia.com\/fr\/wp-json\/wp\/v2\/tags?post=2236"}],"curies":[{"name":"wp","href":"https:\/\/api.w.org\/{rel}","templated":true}]}}