{"id":3989,"date":"2023-09-22T11:46:13","date_gmt":"2023-09-22T14:46:13","guid":{"rendered":"https:\/\/universofamilia.com\/?p=3989"},"modified":"2025-01-28T14:25:30","modified_gmt":"2025-01-28T14:25:30","slug":"preparacao-para-a-segunda-gravidez","status":"publish","type":"post","link":"https:\/\/universofamilia.com\/fr\/preparacao-para-a-segunda-gravidez\/","title":{"rendered":"Pr\u00e9paration \u00e0 la deuxi\u00e8me grossesse"},"content":{"rendered":"<p>Pr\u00e9paration \u00e0 une deuxi\u00e8me grossesse. Vous vous demandez si vous \u00eates pr\u00eate pour votre deuxi\u00e8me ann\u00e9e\u00a0? Voici quelques aspects positifs et n\u00e9gatifs \u00e0 prendre en compte lors de la planification de votre deuxi\u00e8me grossesse.<\/p>\n\n\n\n<h3 class=\"wp-block-heading\">Pas \u00e0 pas:<\/h3>\n\n\n\n<ul>\n<li>D\u00e9cider si vous \u00eates pr\u00eat pour le deuxi\u00e8me film<\/li>\n\n\n\n<li>Pr\u00e9paration \u00e0 la deuxi\u00e8me grossesse<\/li>\n\n\n\n<li>Deuxi\u00e8me grossesse<\/li>\n\n\n\n<li>Faire face aux difficult\u00e9s de la deuxi\u00e8me grossesse<\/li>\n\n\n\n<li>La sant\u00e9 pendant la deuxi\u00e8me grossesse<\/li>\n\n\n\n<li>Gestion financi\u00e8re pendant la deuxi\u00e8me grossesse<\/li>\n<\/ul>\n\n\n<div class=\"wp-block-image\">\n<figure class=\"aligncenter size-full\"><img loading=\"lazy\" decoding=\"async\" width=\"960\" height=\"540\" src=\"http:\/\/universofamilia.com\/wp-content\/uploads\/sites\/148\/2023\/09\/P-UNIV-FAMILIA-Preparacao-para-a-Segunda-Gravidez-1-1.png\" alt=\"\" class=\"wp-image-3994\" srcset=\"https:\/\/universofamilia.com\/wp-content\/uploads\/sites\/148\/2023\/09\/P-UNIV-FAMILIA-Preparacao-para-a-Segunda-Gravidez-1-1.png 960w, https:\/\/universofamilia.com\/wp-content\/uploads\/sites\/148\/2023\/09\/P-UNIV-FAMILIA-Preparacao-para-a-Segunda-Gravidez-1-1-300x169.png 300w, https:\/\/universofamilia.com\/wp-content\/uploads\/sites\/148\/2023\/09\/P-UNIV-FAMILIA-Preparacao-para-a-Segunda-Gravidez-1-1-768x432.png 768w\" sizes=\"(max-width: 960px) 100vw, 960px\" \/><\/figure><\/div>\n\n\n<p>Peut-\u00eatre parce que j&#039;imagine toujours d&#039;autres enfants, ou parce que r\u00e9cemment l&#039;id\u00e9e de donner un signe \u00e0 son enfant me vient \u00e0 l&#039;esprit, il est temps de penser au deuxi\u00e8me b\u00e9b\u00e9. La perspective d&#039;agrandir la famille est enthousiasmante, mais aussi inqui\u00e9tante\u00a0:<\/p>\n\n\n\n<ol style=\"list-style-type:1\">\n<li>Comment savoir si vous \u00eates vraiment pr\u00e9par\u00e9 ?<\/li>\n\n\n\n<li>Le premier fichier est-il encore trop petit ?<\/li>\n\n\n\n<li>Cela vaut la peine d\u2019affronter le chaos et l\u2019\u00e9puisement de deux b\u00e9b\u00e9s\u00a0;<\/li>\n\n\n\n<li>Est-il pr\u00e9f\u00e9rable d\u2019attendre un peu plus longtemps ?<\/li>\n<\/ol>\n\n\n\n<p>Il n\u2019y a pas de r\u00e9ponses d\u00e9finitives, mais il est important de r\u00e9fl\u00e9chir \u00e0 ces questions pour prendre une d\u00e9cision \u00e9clair\u00e9e.<\/p>\n\n\n\n<h3 class=\"wp-block-heading\"><strong>D\u00e9cider si vous \u00eates pr\u00eat pour le deuxi\u00e8me film<\/strong><\/h3>\n\n\n\n<p>\u00c0 mesure que votre b\u00e9b\u00e9 grandit et passe du statut de b\u00e9b\u00e9 dans ses bras \u00e0 celui d&#039;enfant qui marche et tombe, vous vous demandez peut-\u00eatre quel est le meilleur moment pour avoir un deuxi\u00e8me enfant. Cette d\u00e9cision \u00e9tant unique pour chaque famille, voici quelques questions qui peuvent vous aider \u00e0 d\u00e9terminer le moment id\u00e9al\u00a0:<\/p>\n\n\n\n<ol style=\"list-style-type:1\">\n<li>Pensez-vous qu&#039;il y a un manque d&#039;enfants des communaut\u00e9s voisines pour que vous puissiez \u00eatre compagnons de brincadeiras ?<\/li>\n\n\n\n<li>\u00cates-vous pr\u00eat \u00e0 affronter une fois de plus la phase des nuits et des nuits sans dormir, mais j&#039;abandonne ou il est tard ?<\/li>\n\n\n\n<li>Pr\u00e9f\u00e9rez-vous espacer la grossesse pour profiter de la phase d&#039;enfance de chaque enfant sans distractions ?<\/li>\n\n\n\n<li>Aimez-vous l\u2019id\u00e9e d\u2019espacer les naissances des enfants ou de minimiser les conflits entre les enfants en raison de conditions et de stades de d\u00e9veloppement tr\u00e8s similaires ?<\/li>\n<\/ol>\n\n\n\n<h4 class=\"wp-block-heading\"><mark class=\"has-inline-color has-ast-global-color-0-color\">Lire aussi :<\/mark><\/h4>\n\n\n<table style=\"border-collapse: collapse;width: 840px;height: 171px\">\n<tbody>\n<tr style=\"height: 21px\">\n<td style=\"width: 18.5759%;height: 21px\"><a href=\"https:\/\/universofamilia.com\/fr\/7-passos-de-como-criar-e-manter-um-orcamento-familiar\/\"><img loading=\"lazy\" decoding=\"async\" class=\"alignnone wp-image-3984 size-medium\" src=\"http:\/\/universofamilia.com\/wp-content\/uploads\/sites\/148\/2023\/09\/L-Universo-Familia-7-Passos-de-Como-Criar-e-Manter-um-Orcamento-Familiar-300x300.png\" alt=\"\" width=\"300\" height=\"300\" srcset=\"https:\/\/universofamilia.com\/wp-content\/uploads\/sites\/148\/2023\/09\/L-Universo-Familia-7-Passos-de-Como-Criar-e-Manter-um-Orcamento-Familiar-300x300.png 300w, https:\/\/universofamilia.com\/wp-content\/uploads\/sites\/148\/2023\/09\/L-Universo-Familia-7-Passos-de-Como-Criar-e-Manter-um-Orcamento-Familiar-150x150.png 150w, https:\/\/universofamilia.com\/wp-content\/uploads\/sites\/148\/2023\/09\/L-Universo-Familia-7-Passos-de-Como-Criar-e-Manter-um-Orcamento-Familiar.png 315w\" sizes=\"(max-width: 300px) 100vw, 300px\" \/><\/a><\/td>\n<td style=\"width: 81.4241%;height: 21px\">\n<h4><span style=\"color: #000000\"><a style=\"color: #000000\" href=\"https:\/\/universofamilia.com\/fr\/7-passos-de-como-criar-e-manter-um-orcamento-familiar\/\" target=\"_blank\" rel=\"noopener\">7 \u00e9tapes pour \u00e9lever et entretenir un or\u00e7amento familial<\/a><\/span><\/h4>\n<\/td>\n<\/tr>\n<tr style=\"height: 21px\">\n<td style=\"width: 18.5759%;height: 10px\">\u00a0<\/td>\n<td style=\"width: 81.4241%;height: 10px\">\u00a0<\/td>\n<\/tr>\n<tr style=\"height: 21px\">\n<td style=\"width: 18.5759%;height: 21px\">\u00a0<\/td>\n<td style=\"width: 81.4241%;height: 21px\">\u00a0<\/td>\n<\/tr>\n<\/tbody>\n<\/table>\n\n\n<p>Si vous avez r\u00e9pondu \u00ab oui \u00bb \u00e0 vos premi\u00e8res questions, il est peut-\u00eatre trop t\u00f4t pour penser \u00e0 une deuxi\u00e8me question.<\/p>\n\n\n\n<p>Cependant, si les deux derni\u00e8res questions ont une r\u00e9ponse \u00ab oui \u00bb, il peut \u00eatre judicieux d\u2019attendre un peu plus longtemps avant de commencer \u00e0 planifier une deuxi\u00e8me grossesse.<\/p>\n\n\n\n<p>Outre ces consid\u00e9rations, il est connu que d\u2019autres facteurs doivent \u00e9galement \u00eatre \u00e9valu\u00e9s, tels que la situation financi\u00e8re de la famille, les options de garde d\u2019enfants et les responsabilit\u00e9s professionnelles.<\/p>\n\n\n\n<p>Quel que soit le choix que vous faites, vous savez que chaque option d\u2019espace entre les enfants apporte ses propres joies et d\u00e9fis. <\/p>\n\n\n\n<p>Par exemple, si vous avez des enfants dans des communaut\u00e9s voisines, nous pouvons sauter ensemble depuis cet endroit, ce qui nous fait gagner du temps dans la recherche d&#039;activit\u00e9s. Cependant, soyez pr\u00eat \u00e0 g\u00e9rer d&#039;\u00e9ventuelles rivalit\u00e9s entre enfants.<\/p>\n\n\n\n<p>En revanche, si vous choisissez d\u2019espacer davantage les \u00e9v\u00e9nements, vous aurez l\u2019avantage de pouvoir vous concentrer davantage individuellement sur chaque dossier.<\/p>\n\n\n\n<p>Cependant, les enfants issus de communaut\u00e9s tr\u00e8s \u00e9loign\u00e9es ne sont peut-\u00eatre pas tr\u00e8s proches de leurs sauts et il n\u2019y a aucune garantie qu\u2019il y aura moins de conflits.<\/p>\n\n\n\n<p>En bref, la d\u00e9cision d\u2019avoir un deuxi\u00e8me enfant personnel doit \u00eatre prise en fonction des circonstances individuelles et non de ce qui est le mieux pour la famille.<\/p>\n\n\n\n<h3 class=\"wp-block-heading\"><strong>Pr\u00e9paration \u00e0 la deuxi\u00e8me grossesse<\/strong><\/h3>\n\n\n\n<p>Il est important d\u2019\u00eatre en bonne forme avant la deuxi\u00e8me grossesse, ainsi que de se soucier de sa sant\u00e9 avant le premier enfant. <\/p>\n\n\n\n<p>Cela ne n\u00e9cessite pas d\u2019aller \u00e0 l\u2019\u00e9cole tous les jours (ce qui peut \u00eatre difficile avec un petit b\u00e9b\u00e9), mais cela signifie permettre \u00e0 votre corps de r\u00e9cup\u00e9rer correctement apr\u00e8s la premi\u00e8re grossesse.<\/p>\n\n\n\n<p>L&#039;American College of Obstetricians and Gynecologists (ACOG) recommande d&#039;\u00e9viter la prise de poids au cours des six premiers mois suivant l&#039;accouchement et, id\u00e9alement, d&#039;attendre au moins 18 mois. C&#039;est le temps pour l&#039;organisme de se r\u00e9approvisionner en vitamines et de retrouver un \u00e9tat optimal pour une nouvelle grossesse.<\/p>\n\n\n\n<p>Si vous souhaitez tomber enceinte avant cette date, il est essentiel d&#039;en parler \u00e0 votre m\u00e9decin. Si vous vous nourrissez bien, \u00eates en bonne sant\u00e9 et avez suffisamment d&#039;\u00e9nergie pour une deuxi\u00e8me grossesse, rien ne vous emp\u00eache d&#039;avoir votre deuxi\u00e8me enfant lorsque vous vous sentirez pr\u00eate.<\/p>\n\n\n<div class=\"wp-block-image\">\n<figure class=\"aligncenter size-full\"><img loading=\"lazy\" decoding=\"async\" width=\"960\" height=\"540\" src=\"http:\/\/universofamilia.com\/wp-content\/uploads\/sites\/148\/2023\/09\/P-UNIV-FAMILIA-Preparacao-para-a-Segunda-Gravidez-1.png\" alt=\"\" class=\"wp-image-3993\" srcset=\"https:\/\/universofamilia.com\/wp-content\/uploads\/sites\/148\/2023\/09\/P-UNIV-FAMILIA-Preparacao-para-a-Segunda-Gravidez-1.png 960w, https:\/\/universofamilia.com\/wp-content\/uploads\/sites\/148\/2023\/09\/P-UNIV-FAMILIA-Preparacao-para-a-Segunda-Gravidez-1-300x169.png 300w, https:\/\/universofamilia.com\/wp-content\/uploads\/sites\/148\/2023\/09\/P-UNIV-FAMILIA-Preparacao-para-a-Segunda-Gravidez-1-768x432.png 768w\" sizes=\"(max-width: 960px) 100vw, 960px\" \/><\/figure><\/div>\n\n\n<h3 class=\"wp-block-heading\"><strong>Deuxi\u00e8me grossesse<\/strong><\/h3>\n\n\n\n<p>Chaque grossesse est unique, m\u00eame si c&#039;est la deuxi\u00e8me fois que vous la vivez. Comme pour les deuxi\u00e8mes grossesses, les relations au premier terme pr\u00e9sentent des diff\u00e9rences physiologiques.<\/p>\n\n\n\n<p>Cependant, avant de s\u2019attaquer aux particularit\u00e9s de la croissance du deuxi\u00e8me b\u00e9b\u00e9, il est n\u00e9cessaire de concevoir \u00e0 nouveau.<\/p>\n\n\n\n<p>Dans certains foyers, la conception d&#039;un deuxi\u00e8me enfant est aussi facile que celle du premier. Cependant, des obstacles peuvent surgir et surprendre de nombreuses personnes.<\/p>\n\n\n\n<h3 class=\"wp-block-heading\"><strong>Faire face aux difficult\u00e9s de la deuxi\u00e8me grossesse<\/strong><\/h3>\n\n\n\n<p>L\u2019infertilit\u00e9 secondaire, qui survient apr\u00e8s une pousse de cheveux sans enfant, est plus courante que vous ne l\u2019imaginez. <\/p>\n\n\n\n<p>En g\u00e9n\u00e9ral, les causes sont similaires \u00e0 celles de l\u2019infertilit\u00e9 primaire, comme l\u2019\u00e2ge, le poids et les probl\u00e8mes m\u00e9dicaux, notamment l\u2019endom\u00e9triose, les fibromes ut\u00e9rins ou le syndrome des ovaires polykystiques.<\/p>\n\n\n\n<p>Pour faire face \u00e0 cette situation, nous recommandons <strong>consultez un m\u00e9decin si vous avez moins de 35 ans<\/strong> Cela fait des ann\u00e9es que je n&#039;ai pas r\u00e9ussi \u00e0 tomber enceinte apr\u00e8s un an de tentatives. Si vous avez plus de 35 ans, la consultation doit avoir lieu apr\u00e8s six mois de tentatives infructueuses.<\/p>\n\n\n\n<p>De plus, les probl\u00e8mes ut\u00e9rins r\u00e9sultant d\u2019une grossesse ou d\u2019accouchements ant\u00e9rieurs peuvent contribuer \u00e0 l\u2019infertilit\u00e9 secondaire. <\/p>\n\n\n\n<p>Il est donc important <strong>discuter de cela avec votre m\u00e9decin<\/strong> avant de tenter de reprendre du poids. Ils pourront \u00e9valuer vos chances de conception naturelle, vous conseiller sur les facteurs de risque possibles et vous proposer une assistance en mati\u00e8re de fertilit\u00e9, si n\u00e9cessaire.<\/p>\n\n\n\n<h3 class=\"wp-block-heading\"><strong>La sant\u00e9 pendant la deuxi\u00e8me grossesse<\/strong><\/h3>\n\n\n\n<p>Une deuxi\u00e8me grossesse peut affecter votre sant\u00e9 de diverses mani\u00e8res, cr\u00e9ant \u00e0 la fois des d\u00e9fis et des avantages :<\/p>\n\n\n\n<ul>\n<li>L\u2019exp\u00e9rience de prendre soin de votre premier b\u00e9b\u00e9 vous permettra de rester physiquement active pendant votre deuxi\u00e8me grossesse, \u00e9liminant ainsi le besoin de planifier des exercices s\u00e9par\u00e9s.<\/li>\n\n\n\n<li>L\u2019agitation de la vie avec un enfant plus rapide signifie que vous aurez probablement moins de temps pour vous soucier des sympt\u00f4mes de la grossesse.<\/li>\n\n\n\n<li>Elle est d\u00e9j\u00e0 habitu\u00e9e \u00e0 la vie de sa m\u00e8re, elle ne ressentira donc pas le choc du changement de vie survenu avec son premier enfant.<\/li>\n<\/ul>\n\n\n\n<h3 class=\"wp-block-heading\"><strong>Gestion financi\u00e8re pendant la deuxi\u00e8me grossesse<\/strong><\/h3>\n\n\n\n<p>Lorsque vous envisagez un deuxi\u00e8me dossier, il est important de prendre en compte les implications financi\u00e8res.<\/p>\n\n\n\n<p>Financement et am\u00e9nagements :<\/p>\n\n\n\n<ul>\n<li>Si vous travaillez \u00e0 l\u2019ext\u00e9rieur de la maison, je pense qu\u2019il n\u2019y aura pas d\u2019impact financier li\u00e9 \u00e0 un deuxi\u00e8me cong\u00e9 de maternit\u00e9 non pay\u00e9 ou \u00e0 une r\u00e9duction du temps consacr\u00e9 au deuxi\u00e8me b\u00e9b\u00e9.<\/li>\n\n\n\n<li>Si vous \u00eates propri\u00e9taire de la maison, vous aimeriez retourner au travail apr\u00e8s une deuxi\u00e8me grossesse.<\/li>\n\n\n\n<li>V\u00e9rifiez si votre maison accueille davantage d\u2019un membre de la famille ou si un d\u00e9m\u00e9nagement vers une maison plus grande et plus ch\u00e8re sera n\u00e9cessaire.<\/li>\n\n\n\n<li>Demandez-vous si vous pouvez r\u00e9utiliser les accessoires pour b\u00e9b\u00e9 que vous poss\u00e9dez d\u00e9j\u00e0, comme un berceau, une cha\u00eene et une poussette, ou si vous devrez acheter un deuxi\u00e8me ensemble.<\/li>\n\n\n\n<li>Il y a un deuxi\u00e8me fichier apr\u00e8s les poids suppl\u00e9mentaires, quel que soit le temps s\u00e9lectionn\u00e9.<\/li>\n<\/ul>\n\n\n\n<p>Il est recommand\u00e9 de pr\u00e9parer un document familial pr\u00e9liminaire avec votre partenaire afin de valider ce que nous pouvons soutenir financi\u00e8rement \u00e0 court et \u00e0 long terme.<\/p>\n\n\n\n<p>Sachez qu\u2019il n\u2019y a pas de moment parfait et que la d\u00e9cision doit \u00eatre prise en fonction des besoins et des souhaits de votre famille de trois ou quatre membres.<\/p>\n\n\n\n<blockquote class=\"wp-block-quote\">\n<h5 class=\"wp-block-heading\"><em>Remarques : Les documents et informations de la page Universo Fam\u00edlia ne sont pas destin\u00e9s \u00e0 un diagnostic m\u00e9dical et ne doivent pas \u00eatre utilis\u00e9s comme tel. <strong>Vous devriez toujours consulter un m\u00e9decin ou un professionnel de la sant\u00e9 qualifi\u00e9 au sujet de vos besoins r\u00e9els.<\/strong>.<\/em><\/h5>\n<\/blockquote>\n\n\n<table style=\"border-collapse: collapse;width: 100%;height: 96px\">\n<tbody>\n<tr style=\"height: 96px\">\n<td style=\"width: 10.1223%;height: 96px\"><a href=\"https:\/\/www.luzbaby.com.br\/\" target=\"_blank\" rel=\"noopener\"><img loading=\"lazy\" decoding=\"async\" class=\"alignnone wp-image-3747\" src=\"http:\/\/universofamilia.com\/wp-content\/uploads\/sites\/148\/2023\/09\/Design-sem-nome-3-300x300.png\" alt=\"\" width=\"106\" height=\"106\" srcset=\"https:\/\/universofamilia.com\/wp-content\/uploads\/sites\/148\/2023\/09\/Design-sem-nome-3-300x300.png 300w, https:\/\/universofamilia.com\/wp-content\/uploads\/sites\/148\/2023\/09\/Design-sem-nome-3-150x150.png 150w, https:\/\/universofamilia.com\/wp-content\/uploads\/sites\/148\/2023\/09\/Design-sem-nome-3.png 315w\" sizes=\"(max-width: 106px) 100vw, 106px\" \/><\/a><\/td>\n<td style=\"width: 89.5168%;height: 96px\">\n<h4><span style=\"color: #000000\"><strong><a style=\"color: #000000\" href=\"https:\/\/www.luzbaby.com.br\/\" target=\"_blank\" rel=\"noreferrer noopener\">Conhe\u00e7a Luz Baby, l&#039;un des meilleurs magasins de produits pour b\u00e9b\u00e9s.<\/a><\/strong><\/span><\/h4>\n<\/td>\n<\/tr>\n<\/tbody>\n<\/table>","protected":false},"excerpt":{"rendered":"<p>Pr\u00e9paration \u00e0 une deuxi\u00e8me grossesse. Vous vous demandez si vous \u00eates pr\u00eate pour votre deuxi\u00e8me grossesse\u00a0? Voici quelques aspects positifs et n\u00e9gatifs \u00e0 prendre en compte lors de la planification de votre deuxi\u00e8me grossesse. \u00c9tape par \u00e9tape\u00a0: il semble que ce soit parce que j&#039;imagine toujours plus d&#039;enfants ou parce que r\u00e9cemment j&#039;ai eu l&#039;id\u00e9e de faire un signe \u00e0 mon [\u2026]<\/p>","protected":false},"author":139,"featured_media":3995,"comment_status":"closed","ping_status":"open","sticky":false,"template":"","format":"standard","meta":{"footnotes":""},"categories":[5],"tags":[],"yoast_head":"<!-- This site is optimized with the Yoast SEO plugin v23.3 - https:\/\/yoast.com\/wordpress\/plugins\/seo\/ -->\n<title>Prepara\u00e7\u00e3o para a Segunda Gravidez - Universo Fam\u00edlia<\/title>\n<meta name=\"description\" content=\"Prepara\u00e7\u00e3o para a segunda gravidez. Est\u00e1 pensando se est\u00e1 preparada (o) para ter o segundo filho? Aqui est\u00e3o alguns aspectos positivos e negativos que voc\u00ea\" \/>\n<meta name=\"robots\" content=\"index, follow, max-snippet:-1, max-image-preview:large, max-video-preview:-1\" \/>\n<link rel=\"canonical\" href=\"https:\/\/universofamilia.com\/fr\/\u09a6\u09cd\u09ac\u09bf\u09a4\u09c0\u09af\u09bc-\u0997\u09b0\u09cd\u09ad\u09be\u09ac\u09b8\u09cd\u09a5\u09be\u09b0-\u09aa\u09cd\u09b0\/\" \/>\n<meta property=\"og:locale\" content=\"fr_FR\" \/>\n<meta property=\"og:type\" content=\"article\" \/>\n<meta property=\"og:title\" content=\"Prepara\u00e7\u00e3o para a Segunda Gravidez - Universo Fam\u00edlia\" \/>\n<meta property=\"og:description\" content=\"Prepara\u00e7\u00e3o para a segunda gravidez. Est\u00e1 pensando se est\u00e1 preparada (o) para ter o segundo filho? Aqui est\u00e3o alguns aspectos positivos e negativos que voc\u00ea\" \/>\n<meta property=\"og:url\" content=\"https:\/\/universofamilia.com\/fr\/\u09a6\u09cd\u09ac\u09bf\u09a4\u09c0\u09af\u09bc-\u0997\u09b0\u09cd\u09ad\u09be\u09ac\u09b8\u09cd\u09a5\u09be\u09b0-\u09aa\u09cd\u09b0\/\" \/>\n<meta property=\"og:site_name\" content=\"Universo Fam\u00edlia\" \/>\n<meta property=\"article:published_time\" content=\"2023-09-22T14:46:13+00:00\" \/>\n<meta property=\"article:modified_time\" content=\"2025-01-28T14:25:30+00:00\" \/>\n<meta property=\"og:image\" content=\"https:\/\/universofamilia.com\/wp-content\/uploads\/sites\/148\/2023\/09\/D-UNIVERSO-FAMILIA-Preparacao-para-a-Segunda-Gravidez.png\" \/>\n\t<meta property=\"og:image:width\" content=\"448\" \/>\n\t<meta property=\"og:image:height\" content=\"350\" \/>\n\t<meta property=\"og:image:type\" content=\"image\/png\" \/>\n<meta name=\"author\" content=\"Pedro Henrique\" \/>\n<meta name=\"twitter:card\" content=\"summary_large_image\" \/>\n<meta name=\"twitter:label1\" content=\"Written by\" \/>\n\t<meta name=\"twitter:data1\" content=\"Pedro Henrique\" \/>\n\t<meta name=\"twitter:label2\" content=\"Est. reading time\" \/>\n\t<meta name=\"twitter:data2\" content=\"8 minutes\" \/>\n<script type=\"application\/ld+json\" class=\"yoast-schema-graph\">{\"@context\":\"https:\/\/schema.org\",\"@graph\":[{\"@type\":\"WebPage\",\"@id\":\"https:\/\/universofamilia.com\/bn\/\u09a6\u09cd\u09ac\u09bf\u09a4\u09c0\u09af\u09bc-\u0997\u09b0\u09cd\u09ad\u09be\u09ac\u09b8\u09cd\u09a5\u09be\u09b0-\u09aa\u09cd\u09b0\/\",\"url\":\"https:\/\/universofamilia.com\/bn\/\u09a6\u09cd\u09ac\u09bf\u09a4\u09c0\u09af\u09bc-\u0997\u09b0\u09cd\u09ad\u09be\u09ac\u09b8\u09cd\u09a5\u09be\u09b0-\u09aa\u09cd\u09b0\/\",\"name\":\"Prepara\u00e7\u00e3o para a Segunda Gravidez - Universo Fam\u00edlia\",\"isPartOf\":{\"@id\":\"https:\/\/universofamilia.com\/el\/#website\"},\"primaryImageOfPage\":{\"@id\":\"https:\/\/universofamilia.com\/bn\/\u09a6\u09cd\u09ac\u09bf\u09a4\u09c0\u09af\u09bc-\u0997\u09b0\u09cd\u09ad\u09be\u09ac\u09b8\u09cd\u09a5\u09be\u09b0-\u09aa\u09cd\u09b0\/#primaryimage\"},\"image\":{\"@id\":\"https:\/\/universofamilia.com\/bn\/\u09a6\u09cd\u09ac\u09bf\u09a4\u09c0\u09af\u09bc-\u0997\u09b0\u09cd\u09ad\u09be\u09ac\u09b8\u09cd\u09a5\u09be\u09b0-\u09aa\u09cd\u09b0\/#primaryimage\"},\"thumbnailUrl\":\"https:\/\/universofamilia.com\/wp-content\/uploads\/sites\/148\/2023\/09\/D-UNIVERSO-FAMILIA-Preparacao-para-a-Segunda-Gravidez.png\",\"datePublished\":\"2023-09-22T14:46:13+00:00\",\"dateModified\":\"2025-01-28T14:25:30+00:00\",\"author\":{\"@id\":\"https:\/\/universofamilia.com\/el\/#\/schema\/person\/f07ce98187dd84d31154262e79b3b7ca\"},\"description\":\"Prepara\u00e7\u00e3o para a segunda gravidez. Est\u00e1 pensando se est\u00e1 preparada (o) para ter o segundo filho? Aqui est\u00e3o alguns aspectos positivos e negativos que voc\u00ea\",\"breadcrumb\":{\"@id\":\"https:\/\/universofamilia.com\/bn\/\u09a6\u09cd\u09ac\u09bf\u09a4\u09c0\u09af\u09bc-\u0997\u09b0\u09cd\u09ad\u09be\u09ac\u09b8\u09cd\u09a5\u09be\u09b0-\u09aa\u09cd\u09b0\/#breadcrumb\"},\"inLanguage\":\"fr-FR\",\"potentialAction\":[{\"@type\":\"ReadAction\",\"target\":[\"https:\/\/universofamilia.com\/bn\/\u09a6\u09cd\u09ac\u09bf\u09a4\u09c0\u09af\u09bc-\u0997\u09b0\u09cd\u09ad\u09be\u09ac\u09b8\u09cd\u09a5\u09be\u09b0-\u09aa\u09cd\u09b0\/\"]}]},{\"@type\":\"ImageObject\",\"inLanguage\":\"fr-FR\",\"@id\":\"https:\/\/universofamilia.com\/bn\/\u09a6\u09cd\u09ac\u09bf\u09a4\u09c0\u09af\u09bc-\u0997\u09b0\u09cd\u09ad\u09be\u09ac\u09b8\u09cd\u09a5\u09be\u09b0-\u09aa\u09cd\u09b0\/#primaryimage\",\"url\":\"https:\/\/universofamilia.com\/wp-content\/uploads\/sites\/148\/2023\/09\/D-UNIVERSO-FAMILIA-Preparacao-para-a-Segunda-Gravidez.png\",\"contentUrl\":\"https:\/\/universofamilia.com\/wp-content\/uploads\/sites\/148\/2023\/09\/D-UNIVERSO-FAMILIA-Preparacao-para-a-Segunda-Gravidez.png\",\"width\":448,\"height\":350},{\"@type\":\"BreadcrumbList\",\"@id\":\"https:\/\/universofamilia.com\/bn\/\u09a6\u09cd\u09ac\u09bf\u09a4\u09c0\u09af\u09bc-\u0997\u09b0\u09cd\u09ad\u09be\u09ac\u09b8\u09cd\u09a5\u09be\u09b0-\u09aa\u09cd\u09b0\/#breadcrumb\",\"itemListElement\":[{\"@type\":\"ListItem\",\"position\":1,\"name\":\"Home\",\"item\":\"https:\/\/universofamilia.com\/el\/\"},{\"@type\":\"ListItem\",\"position\":2,\"name\":\"Prepara\u00e7\u00e3o para a Segunda Gravidez\"}]},{\"@type\":\"WebSite\",\"@id\":\"https:\/\/universofamilia.com\/el\/#website\",\"url\":\"https:\/\/universofamilia.com\/el\/\",\"name\":\"Universo Fam\u00edlia\",\"description\":\"\",\"potentialAction\":[{\"@type\":\"SearchAction\",\"target\":{\"@type\":\"EntryPoint\",\"urlTemplate\":\"https:\/\/universofamilia.com\/el\/?s={search_term_string}\"},\"query-input\":\"required name=search_term_string\"}],\"inLanguage\":\"fr-FR\"},{\"@type\":\"Person\",\"@id\":\"https:\/\/universofamilia.com\/el\/#\/schema\/person\/f07ce98187dd84d31154262e79b3b7ca\",\"name\":\"Pedro Henrique\",\"image\":{\"@type\":\"ImageObject\",\"inLanguage\":\"fr-FR\",\"@id\":\"https:\/\/universofamilia.com\/el\/#\/schema\/person\/image\/\",\"url\":\"https:\/\/secure.gravatar.com\/avatar\/9edfeb808cb4e1599f64d6e45b130154?s=96&d=mm&r=g\",\"contentUrl\":\"https:\/\/secure.gravatar.com\/avatar\/9edfeb808cb4e1599f64d6e45b130154?s=96&d=mm&r=g\",\"caption\":\"Pedro Henrique\"},\"url\":\"https:\/\/universofamilia.com\/fr\/author\/editor01\/\"}]}<\/script>\n<!-- \/ Yoast SEO plugin. -->","yoast_head_json":{"title":"Prepara\u00e7\u00e3o para a Segunda Gravidez - Universo Fam\u00edlia","description":"Prepara\u00e7\u00e3o para a segunda gravidez. Est\u00e1 pensando se est\u00e1 preparada (o) para ter o segundo filho? Aqui est\u00e3o alguns aspectos positivos e negativos que voc\u00ea","robots":{"index":"index","follow":"follow","max-snippet":"max-snippet:-1","max-image-preview":"max-image-preview:large","max-video-preview":"max-video-preview:-1"},"canonical":"https:\/\/universofamilia.com\/fr\/\u09a6\u09cd\u09ac\u09bf\u09a4\u09c0\u09af\u09bc-\u0997\u09b0\u09cd\u09ad\u09be\u09ac\u09b8\u09cd\u09a5\u09be\u09b0-\u09aa\u09cd\u09b0\/","og_locale":"fr_FR","og_type":"article","og_title":"Prepara\u00e7\u00e3o para a Segunda Gravidez - Universo Fam\u00edlia","og_description":"Prepara\u00e7\u00e3o para a segunda gravidez. Est\u00e1 pensando se est\u00e1 preparada (o) para ter o segundo filho? Aqui est\u00e3o alguns aspectos positivos e negativos que voc\u00ea","og_url":"https:\/\/universofamilia.com\/fr\/\u09a6\u09cd\u09ac\u09bf\u09a4\u09c0\u09af\u09bc-\u0997\u09b0\u09cd\u09ad\u09be\u09ac\u09b8\u09cd\u09a5\u09be\u09b0-\u09aa\u09cd\u09b0\/","og_site_name":"Universo Fam\u00edlia","article_published_time":"2023-09-22T14:46:13+00:00","article_modified_time":"2025-01-28T14:25:30+00:00","og_image":[{"width":448,"height":350,"url":"https:\/\/universofamilia.com\/wp-content\/uploads\/sites\/148\/2023\/09\/D-UNIVERSO-FAMILIA-Preparacao-para-a-Segunda-Gravidez.png","type":"image\/png"}],"author":"Pedro Henrique","twitter_card":"summary_large_image","twitter_misc":{"Written by":"Pedro Henrique","Est. reading time":"8 minutes"},"schema":{"@context":"https:\/\/schema.org","@graph":[{"@type":"WebPage","@id":"https:\/\/universofamilia.com\/bn\/\u09a6\u09cd\u09ac\u09bf\u09a4\u09c0\u09af\u09bc-\u0997\u09b0\u09cd\u09ad\u09be\u09ac\u09b8\u09cd\u09a5\u09be\u09b0-\u09aa\u09cd\u09b0\/","url":"https:\/\/universofamilia.com\/bn\/\u09a6\u09cd\u09ac\u09bf\u09a4\u09c0\u09af\u09bc-\u0997\u09b0\u09cd\u09ad\u09be\u09ac\u09b8\u09cd\u09a5\u09be\u09b0-\u09aa\u09cd\u09b0\/","name":"Prepara\u00e7\u00e3o para a Segunda Gravidez - Universo Fam\u00edlia","isPartOf":{"@id":"https:\/\/universofamilia.com\/el\/#website"},"primaryImageOfPage":{"@id":"https:\/\/universofamilia.com\/bn\/\u09a6\u09cd\u09ac\u09bf\u09a4\u09c0\u09af\u09bc-\u0997\u09b0\u09cd\u09ad\u09be\u09ac\u09b8\u09cd\u09a5\u09be\u09b0-\u09aa\u09cd\u09b0\/#primaryimage"},"image":{"@id":"https:\/\/universofamilia.com\/bn\/\u09a6\u09cd\u09ac\u09bf\u09a4\u09c0\u09af\u09bc-\u0997\u09b0\u09cd\u09ad\u09be\u09ac\u09b8\u09cd\u09a5\u09be\u09b0-\u09aa\u09cd\u09b0\/#primaryimage"},"thumbnailUrl":"https:\/\/universofamilia.com\/wp-content\/uploads\/sites\/148\/2023\/09\/D-UNIVERSO-FAMILIA-Preparacao-para-a-Segunda-Gravidez.png","datePublished":"2023-09-22T14:46:13+00:00","dateModified":"2025-01-28T14:25:30+00:00","author":{"@id":"https:\/\/universofamilia.com\/el\/#\/schema\/person\/f07ce98187dd84d31154262e79b3b7ca"},"description":"Prepara\u00e7\u00e3o para a segunda gravidez. Est\u00e1 pensando se est\u00e1 preparada (o) para ter o segundo filho? Aqui est\u00e3o alguns aspectos positivos e negativos que voc\u00ea","breadcrumb":{"@id":"https:\/\/universofamilia.com\/bn\/\u09a6\u09cd\u09ac\u09bf\u09a4\u09c0\u09af\u09bc-\u0997\u09b0\u09cd\u09ad\u09be\u09ac\u09b8\u09cd\u09a5\u09be\u09b0-\u09aa\u09cd\u09b0\/#breadcrumb"},"inLanguage":"fr-FR","potentialAction":[{"@type":"ReadAction","target":["https:\/\/universofamilia.com\/bn\/\u09a6\u09cd\u09ac\u09bf\u09a4\u09c0\u09af\u09bc-\u0997\u09b0\u09cd\u09ad\u09be\u09ac\u09b8\u09cd\u09a5\u09be\u09b0-\u09aa\u09cd\u09b0\/"]}]},{"@type":"ImageObject","inLanguage":"fr-FR","@id":"https:\/\/universofamilia.com\/bn\/\u09a6\u09cd\u09ac\u09bf\u09a4\u09c0\u09af\u09bc-\u0997\u09b0\u09cd\u09ad\u09be\u09ac\u09b8\u09cd\u09a5\u09be\u09b0-\u09aa\u09cd\u09b0\/#primaryimage","url":"https:\/\/universofamilia.com\/wp-content\/uploads\/sites\/148\/2023\/09\/D-UNIVERSO-FAMILIA-Preparacao-para-a-Segunda-Gravidez.png","contentUrl":"https:\/\/universofamilia.com\/wp-content\/uploads\/sites\/148\/2023\/09\/D-UNIVERSO-FAMILIA-Preparacao-para-a-Segunda-Gravidez.png","width":448,"height":350},{"@type":"BreadcrumbList","@id":"https:\/\/universofamilia.com\/bn\/\u09a6\u09cd\u09ac\u09bf\u09a4\u09c0\u09af\u09bc-\u0997\u09b0\u09cd\u09ad\u09be\u09ac\u09b8\u09cd\u09a5\u09be\u09b0-\u09aa\u09cd\u09b0\/#breadcrumb","itemListElement":[{"@type":"ListItem","position":1,"name":"Home","item":"https:\/\/universofamilia.com\/el\/"},{"@type":"ListItem","position":2,"name":"Prepara\u00e7\u00e3o para a Segunda Gravidez"}]},{"@type":"WebSite","@id":"https:\/\/universofamilia.com\/el\/#website","url":"https:\/\/universofamilia.com\/el\/","name":"Universo Fam\u00edlia","description":"","potentialAction":[{"@type":"SearchAction","target":{"@type":"EntryPoint","urlTemplate":"https:\/\/universofamilia.com\/el\/?s={search_term_string}"},"query-input":"required name=search_term_string"}],"inLanguage":"fr-FR"},{"@type":"Person","@id":"https:\/\/universofamilia.com\/el\/#\/schema\/person\/f07ce98187dd84d31154262e79b3b7ca","name":"Pedro Henrique","image":{"@type":"ImageObject","inLanguage":"fr-FR","@id":"https:\/\/universofamilia.com\/el\/#\/schema\/person\/image\/","url":"https:\/\/secure.gravatar.com\/avatar\/9edfeb808cb4e1599f64d6e45b130154?s=96&d=mm&r=g","contentUrl":"https:\/\/secure.gravatar.com\/avatar\/9edfeb808cb4e1599f64d6e45b130154?s=96&d=mm&r=g","caption":"Pedro Henrique"},"url":"https:\/\/universofamilia.com\/fr\/author\/editor01\/"}]}},"_links":{"self":[{"href":"https:\/\/universofamilia.com\/fr\/wp-json\/wp\/v2\/posts\/3989"}],"collection":[{"href":"https:\/\/universofamilia.com\/fr\/wp-json\/wp\/v2\/posts"}],"about":[{"href":"https:\/\/universofamilia.com\/fr\/wp-json\/wp\/v2\/types\/post"}],"author":[{"embeddable":true,"href":"https:\/\/universofamilia.com\/fr\/wp-json\/wp\/v2\/users\/139"}],"replies":[{"embeddable":true,"href":"https:\/\/universofamilia.com\/fr\/wp-json\/wp\/v2\/comments?post=3989"}],"version-history":[{"count":1,"href":"https:\/\/universofamilia.com\/fr\/wp-json\/wp\/v2\/posts\/3989\/revisions"}],"predecessor-version":[{"id":8401,"href":"https:\/\/universofamilia.com\/fr\/wp-json\/wp\/v2\/posts\/3989\/revisions\/8401"}],"wp:featuredmedia":[{"embeddable":true,"href":"https:\/\/universofamilia.com\/fr\/wp-json\/wp\/v2\/media\/3995"}],"wp:attachment":[{"href":"https:\/\/universofamilia.com\/fr\/wp-json\/wp\/v2\/media?parent=3989"}],"wp:term":[{"taxonomy":"category","embeddable":true,"href":"https:\/\/universofamilia.com\/fr\/wp-json\/wp\/v2\/categories?post=3989"},{"taxonomy":"post_tag","embeddable":true,"href":"https:\/\/universofamilia.com\/fr\/wp-json\/wp\/v2\/tags?post=3989"}],"curies":[{"name":"wp","href":"https:\/\/api.w.org\/{rel}","templated":true}]}}