{"id":5350,"date":"2024-03-06T19:27:12","date_gmt":"2024-03-06T19:27:12","guid":{"rendered":"https:\/\/universofamilia.com\/?p=5350"},"modified":"2025-12-26T16:27:22","modified_gmt":"2025-12-26T19:27:22","slug":"descubre-tu-nuevo-estilo-con-app-de-corte-de-cabello-y-color","status":"publish","type":"post","link":"https:\/\/universofamilia.com\/fr\/descubre-tu-nuevo-estilo-con-app-de-corte-de-cabello-y-color\/","title":{"rendered":"\ud83c\udf1fD\u00e9couvrez votre nouveau style avec l&#039;application de coupe et de coloration de cheveux !"},"content":{"rendered":"<h2 class=\"wp-block-heading\">\ud83d\ude80 <strong>L&#039;\u00e9volution technologique au creux de votre main<\/strong>.\ud83c\udf1f<strong>D\u00e9couvrez votre nouveau style avec l&#039;application Coupe et Couleur ! <\/strong>\ud83c\udf1f<\/h2>\n\n\n\n<p>Depuis l\u2019\u00e9mergence des premi\u00e8res applications de beaut\u00e9, la technologie r\u00e9volutionne la fa\u00e7on dont nous prenons soin de nous.<\/p>\n\n\n\n<p>Et lorsqu&#039;il s&#039;agit de choisir une nouvelle coupe ou une nouvelle couleur de cheveux, l&#039;\u00e9volution ne pourrait pas \u00eatre plus excitante !<\/p>\n\n\n\n<p>\ud83d\udc87\u200d\u2640\ufe0f\ud83d\udc87\u200d\u2642\ufe0f Avec la facilit\u00e9 des smartphones, il est d\u00e9sormais possible de d\u00e9couvrir diff\u00e9rents styles sans quitter la maison.<\/p>\n\n\n\n<p>C&#039;est comme avoir un salon de beaut\u00e9 virtuel \u00e0 port\u00e9e de main ! Et le meilleur dans tout \u00e7a ? C&#039;est super amusant ! \ud83d\ude0e<\/p>\n\n\n\n<h2 class=\"wp-block-heading\">\ud83c\udfa8 <strong>Explorer un monde de possibilit\u00e9s<\/strong><\/h2>\n\n\n\n<p>Choisir une nouvelle coupe de cheveux ou une nouvelle couleur peut \u00eatre un voyage passionnant, mais il peut parfois \u00eatre difficile de visualiser le r\u00e9sultat final.<\/p>\n\n\n\n<p>C&#039;est l\u00e0 qu&#039;interviennent les applications de beaut\u00e9, rendant ce processus plus simple et plus excitant que jamais\u00a0!<\/p>\n\n\n\n<p>\ud83c\udf08 En quelques clics, explorez une vaste biblioth\u00e8que de styles, des classiques intemporels aux derni\u00e8res tendances. Et ce n&#039;est pas tout\u00a0!<\/p>\n\n\n\n<p>Vous pouvez \u00e9galement ajuster des d\u00e9tails tels que le volume, la texture et la brillance pour vous assurer que votre nouveau look vous convient parfaitement. \u2728<\/p>\n\n\n\n<h2 class=\"wp-block-heading\">Voir aussi<\/h2>\n\n\n\n<ul class=\"has-medium-font-size\">\n<li class=\"has-medium-font-size\">\ud83d\udd0d\ud83d\udd75\ufe0f\u200d\u2640\ufe0f\ud83d\udd12 <a href=\"https:\/\/universofamilia.com\/fr\/5338\/las-aplicaciones-que-han-revolucionado-el-supermercado\/\">Les applications qui ont r\u00e9volutionn\u00e9 le supermarch\u00e9 !<\/a><\/li>\n\n\n\n<li class=\"has-medium-font-size\">\ud83d\udcf8\ud83d\uddbc\ufe0f\ud83d\udcf1 <a href=\"https:\/\/universofamilia.com\/fr\/5099\/restaurar-fotos-eliminadas-en-el-telefono-movil\/\">Restaurer les photos supprim\u00e9es sur un t\u00e9l\u00e9phone portable<\/a><\/li>\n\n\n\n<li class=\"has-medium-font-size\">\ud83d\udc91\u26ea\ufe0f\ud83d\udcd6 <a href=\"https:\/\/universofamilia.com\/fr\/5105\/noviazgo-cristiano-para-toda-la-vida\/\">Rencontres chr\u00e9tiennes pour la vie<\/a><\/li>\n<\/ul>\n\n\n\n<h2 class=\"wp-block-heading\">\ud83d\udcf1 <strong>D\u00e9couvrez les applications \u00e9tonnantes\u00a0!<\/strong><\/h2>\n\n\n\n<p>Parlons maintenant de trois applications qui changent la donne lorsqu\u2019il s\u2019agit d\u2019exp\u00e9rimenter des coupes de cheveux et des couleurs.<\/p>\n\n\n\n<p>Pr\u00e9parez-vous \u00e0 \u00eatre \u00e9tonn\u00e9 par les possibilit\u00e9s ! \ud83d\udcab<\/p>\n\n\n\n<h3 class=\"wp-block-heading\">\ud83c\udf1f <strong>Vous n&#039;en croirez pas les r\u00e9sultats !<\/strong><\/h3>\n\n\n\n<p>Apr\u00e8s avoir pass\u00e9 des heures \u00e0 essayer diff\u00e9rents styles, il est temps de voir ce que les utilisateurs disent de ces applications \u00e9tonnantes.<\/p>\n\n\n<div class=\"wp-block-image\">\n<figure class=\"aligncenter size-full\"><img loading=\"lazy\" decoding=\"async\" width=\"550\" height=\"350\" src=\"http:\/\/universofamilia.com\/wp-content\/uploads\/sites\/148\/2024\/03\/P-550x350-1-2.jpg\" alt=\"\" class=\"wp-image-5351\" srcset=\"https:\/\/universofamilia.com\/wp-content\/uploads\/sites\/148\/2024\/03\/P-550x350-1-2.jpg 550w, https:\/\/universofamilia.com\/wp-content\/uploads\/sites\/148\/2024\/03\/P-550x350-1-2-300x191.jpg 300w\" sizes=\"(max-width: 550px) 100vw, 550px\" \/><figcaption class=\"wp-element-caption\">\ud83c\udf1fD\u00e9couvrez votre nouveau style avec l&#039;application de coupe et de coloration de cheveux !<\/figcaption><\/figure><\/div>\n\n\n<p>Voici trois histoires positives qui vous inspireront \u00e0 essayer de nouveaux looks : \ud83d\ude0d<\/p>\n\n\n\n<ol>\n<li><strong>Maquillage YouCam<\/strong>: \u00ab J&#039;adore cette appli ! Elle est super facile \u00e0 utiliser et propose un large choix de styles. J&#039;ai pu essayer plusieurs coupes et couleurs avant d&#039;aller au salon et choisir celle qui me convenait le mieux ! \u00bb<\/li>\n\n\n\n<li><strong>Changeur de coiffure<\/strong>: \u00ab Une application tr\u00e8s utile pour se faire une id\u00e9e de l&#039;effet de diff\u00e9rentes coupes sur moi. J&#039;ai appr\u00e9ci\u00e9 la possibilit\u00e9 de comparer les styles c\u00f4te \u00e0 c\u00f4te et de partager des photos avec mes amis. \u00bb<\/li>\n\n\n\n<li><strong>Relooking capillaire<\/strong>: \u00ab La technologie de r\u00e9alit\u00e9 augment\u00e9e est incroyable ! J&#039;ai pu voir le rendu des coupes et des couleurs sur moi de mani\u00e8re tr\u00e8s r\u00e9aliste. L&#039;application donne \u00e9galement des conseils d&#039;entretien capillaire, ce qui m&#039;a \u00e9t\u00e9 tr\u00e8s utile. \u00bb<\/li>\n<\/ol>\n\n\n\n<h3 class=\"wp-block-heading\">\ud83d\udca1 <strong>Conseils importants pour r\u00e9ussir\u00a0!<\/strong><\/h3>\n\n\n\n<p>Avant de vous lancer dans cette exp\u00e9rience passionnante, voici quelques points \u00e0 garder \u00e0 l\u2019esprit :<\/p>\n\n\n\n<p>\u2013 Les r\u00e9sultats peuvent varier en fonction de la qualit\u00e9 de la photo et de l\u2019\u00e9clairage. \u2013 Gardez \u00e0 l\u2019esprit la forme de votre visage, la texture de vos cheveux et votre style personnel lorsque vous choisissez une nouvelle coupe ou une nouvelle couleur.<\/p>\n\n\n\n<h2 class=\"wp-block-heading\">\ud83d\udcf2 <strong>Il est temps de t\u00e9l\u00e9charger et de briller\u00a0!<\/strong><\/h2>\n\n\n\n<p>Maintenant que vous \u00eates pr\u00eat \u00e0 commencer votre voyage de transformation, ne perdez pas de temps et t\u00e9l\u00e9chargez ces applications incroyables d\u00e8s maintenant\u00a0!<\/p>\n\n\n\n<ul>\n<li><strong>Maquillage YouCam<\/strong>: <a href=\"https:\/\/apps.apple.com\/br\/app\/youcam-makeup-editor-de-fotos\/id863844475\">Lien pour iOS<\/a> | <a href=\"https:\/\/play.google.com\/store\/apps\/details?id=com.cyberlink.youcammakeup\">Lien pour Android<\/a><\/li>\n\n\n\n<li><strong>Changeur de coiffure<\/strong>: <a href=\"https:\/\/apps.apple.com\/br\/app\/hairstyle-changer-makeup-art\/id1536112807\">Lien pour iOS<\/a> | <a href=\"https:\/\/play.google.com\/store\/apps\/details?id=salon.haircolor.womanhairstyle.hairstylechanger&amp;hl=pt_BR&amp;gl=US\">Lien pour Android<\/a><\/li>\n\n\n\n<li><strong>Relooking capillaire<\/strong>: <a href=\"https:\/\/apps.apple.com\/tr\/developer\/modiface\/id308030250\">Lien pour iOS<\/a> | <a href=\"https:\/\/play.google.com\/store\/apps\/details?id=hairstyle.colorChanger.haircut_salon&amp;hl=en\">Lien pour Android<\/a><\/li>\n<\/ul>\n\n\n\n<p>\ud83d\udc87\u200d\u2642\ufe0f\ud83d\udc87\u200d\u2640\ufe0f <strong>Pr\u00eat pour un changement radical\u00a0? T\u00e9l\u00e9chargez-le d\u00e8s maintenant et d\u00e9couvrez votre nouveau look\u00a0!<\/strong> \ud83d\udc87\u200d\u2640\ufe0f\ud83d\udc87\u200d\u2642\ufe0f<\/p>","protected":false},"excerpt":{"rendered":"<p>\ud83d\ude80 L&#039;\u00e9volution technologique au creux de votre main. \ud83c\udf1f D\u00e9couvrez votre nouveau style avec une application de coupe et de coloration\u00a0! \ud83c\udf1f Depuis l&#039;apparition des premi\u00e8res applications beaut\u00e9, la technologie r\u00e9volutionne notre fa\u00e7on de prendre soin de nous. Et lorsqu&#039;il s&#039;agit de choisir une nouvelle coupe ou coloration, [\u2026]<\/p>","protected":false},"author":219,"featured_media":5351,"comment_status":"closed","ping_status":"open","sticky":false,"template":"","format":"standard","meta":{"footnotes":""},"categories":[3],"tags":[387,1591],"yoast_head":"<!-- This site is optimized with the Yoast SEO plugin v23.3 - https:\/\/yoast.com\/wordpress\/plugins\/seo\/ -->\n<title>\ud83c\udf1fDescubre Tu Nuevo Estilo con App de Corte de Cabello y Color! - Universo Fam\u00edlia<\/title>\n<meta name=\"description\" content=\"\ud83c\udf1fDescubre Tu Nuevo Estilo con App de Corte de Cabello y Color! \ud83d\ude80 Evoluci\u00f3n Tecnol\u00f3gica en la Palma de tu Mano \ud83c\udf1f\" \/>\n<meta name=\"robots\" content=\"index, follow, max-snippet:-1, max-image-preview:large, max-video-preview:-1\" \/>\n<link rel=\"canonical\" href=\"https:\/\/universofamilia.com\/fr\/descubre-tu-nuevo-estilo-con-app-de-corte-de-cabello-y-color\/\" \/>\n<meta property=\"og:locale\" content=\"fr_FR\" \/>\n<meta property=\"og:type\" content=\"article\" \/>\n<meta property=\"og:title\" content=\"\ud83c\udf1fDescubre Tu Nuevo Estilo con App de Corte de Cabello y Color! - Universo Fam\u00edlia\" \/>\n<meta property=\"og:description\" content=\"\ud83c\udf1fDescubre Tu Nuevo Estilo con App de Corte de Cabello y Color! \ud83d\ude80 Evoluci\u00f3n Tecnol\u00f3gica en la Palma de tu Mano \ud83c\udf1f\" \/>\n<meta property=\"og:url\" content=\"https:\/\/universofamilia.com\/fr\/descubre-tu-nuevo-estilo-con-app-de-corte-de-cabello-y-color\/\" \/>\n<meta property=\"og:site_name\" content=\"Universo Fam\u00edlia\" \/>\n<meta property=\"article:published_time\" content=\"2024-03-06T19:27:12+00:00\" \/>\n<meta property=\"article:modified_time\" content=\"2025-12-26T19:27:22+00:00\" \/>\n<meta property=\"og:image\" content=\"https:\/\/universofamilia.com\/wp-content\/uploads\/sites\/148\/2024\/03\/P-550x350-1-2.jpg\" \/>\n\t<meta property=\"og:image:width\" content=\"550\" \/>\n\t<meta property=\"og:image:height\" content=\"350\" \/>\n\t<meta property=\"og:image:type\" content=\"image\/jpeg\" \/>\n<meta name=\"author\" content=\"Matheus Sangaletti\" \/>\n<meta name=\"twitter:card\" content=\"summary_large_image\" \/>\n<meta name=\"twitter:label1\" content=\"Written by\" \/>\n\t<meta name=\"twitter:data1\" content=\"Matheus Sangaletti\" \/>\n\t<meta name=\"twitter:label2\" content=\"Est. reading time\" \/>\n\t<meta name=\"twitter:data2\" content=\"4 minutes\" \/>\n<script type=\"application\/ld+json\" class=\"yoast-schema-graph\">{\"@context\":\"https:\/\/schema.org\",\"@graph\":[{\"@type\":\"WebPage\",\"@id\":\"https:\/\/universofamilia.com\/hr\/descubre-tu-nuevo-estilo-con-app-de-corte-de-cabello-y-color\/\",\"url\":\"https:\/\/universofamilia.com\/hr\/descubre-tu-nuevo-estilo-con-app-de-corte-de-cabello-y-color\/\",\"name\":\"\ud83c\udf1fDescubre Tu Nuevo Estilo con App de Corte de Cabello y Color! - Universo Fam\u00edlia\",\"isPartOf\":{\"@id\":\"https:\/\/universofamilia.com\/el\/#website\"},\"primaryImageOfPage\":{\"@id\":\"https:\/\/universofamilia.com\/hr\/descubre-tu-nuevo-estilo-con-app-de-corte-de-cabello-y-color\/#primaryimage\"},\"image\":{\"@id\":\"https:\/\/universofamilia.com\/hr\/descubre-tu-nuevo-estilo-con-app-de-corte-de-cabello-y-color\/#primaryimage\"},\"thumbnailUrl\":\"https:\/\/universofamilia.com\/wp-content\/uploads\/sites\/148\/2024\/03\/P-550x350-1-2.jpg\",\"datePublished\":\"2024-03-06T19:27:12+00:00\",\"dateModified\":\"2025-12-26T19:27:22+00:00\",\"author\":{\"@id\":\"https:\/\/universofamilia.com\/el\/#\/schema\/person\/92fcd07e9b1f4323bf74f3170fc0f78a\"},\"description\":\"\ud83c\udf1fDescubre Tu Nuevo Estilo con App de Corte de Cabello y Color! \ud83d\ude80 Evoluci\u00f3n Tecnol\u00f3gica en la Palma de tu Mano \ud83c\udf1f\",\"breadcrumb\":{\"@id\":\"https:\/\/universofamilia.com\/hr\/descubre-tu-nuevo-estilo-con-app-de-corte-de-cabello-y-color\/#breadcrumb\"},\"inLanguage\":\"fr-FR\",\"potentialAction\":[{\"@type\":\"ReadAction\",\"target\":[\"https:\/\/universofamilia.com\/hr\/descubre-tu-nuevo-estilo-con-app-de-corte-de-cabello-y-color\/\"]}]},{\"@type\":\"ImageObject\",\"inLanguage\":\"fr-FR\",\"@id\":\"https:\/\/universofamilia.com\/hr\/descubre-tu-nuevo-estilo-con-app-de-corte-de-cabello-y-color\/#primaryimage\",\"url\":\"https:\/\/universofamilia.com\/wp-content\/uploads\/sites\/148\/2024\/03\/P-550x350-1-2.jpg\",\"contentUrl\":\"https:\/\/universofamilia.com\/wp-content\/uploads\/sites\/148\/2024\/03\/P-550x350-1-2.jpg\",\"width\":550,\"height\":350,\"caption\":\"\ud83c\udf1fDescubre Tu Nuevo Estilo con App de Corte de Cabello y Color!\"},{\"@type\":\"BreadcrumbList\",\"@id\":\"https:\/\/universofamilia.com\/hr\/descubre-tu-nuevo-estilo-con-app-de-corte-de-cabello-y-color\/#breadcrumb\",\"itemListElement\":[{\"@type\":\"ListItem\",\"position\":1,\"name\":\"Home\",\"item\":\"https:\/\/universofamilia.com\/el\/\"},{\"@type\":\"ListItem\",\"position\":2,\"name\":\"\ud83c\udf1fDescubre Tu Nuevo Estilo con App de Corte de Cabello y Color!\"}]},{\"@type\":\"WebSite\",\"@id\":\"https:\/\/universofamilia.com\/el\/#website\",\"url\":\"https:\/\/universofamilia.com\/el\/\",\"name\":\"Universo Fam\u00edlia\",\"description\":\"\",\"potentialAction\":[{\"@type\":\"SearchAction\",\"target\":{\"@type\":\"EntryPoint\",\"urlTemplate\":\"https:\/\/universofamilia.com\/el\/?s={search_term_string}\"},\"query-input\":\"required name=search_term_string\"}],\"inLanguage\":\"fr-FR\"},{\"@type\":\"Person\",\"@id\":\"https:\/\/universofamilia.com\/el\/#\/schema\/person\/92fcd07e9b1f4323bf74f3170fc0f78a\",\"name\":\"Matheus Sangaletti\",\"image\":{\"@type\":\"ImageObject\",\"inLanguage\":\"fr-FR\",\"@id\":\"https:\/\/universofamilia.com\/el\/#\/schema\/person\/image\/\",\"url\":\"https:\/\/secure.gravatar.com\/avatar\/280ea957a14a48e6a1ad2133d2cc27c9?s=96&d=mm&r=g\",\"contentUrl\":\"https:\/\/secure.gravatar.com\/avatar\/280ea957a14a48e6a1ad2133d2cc27c9?s=96&d=mm&r=g\",\"caption\":\"Matheus Sangaletti\"},\"url\":\"https:\/\/universofamilia.com\/fr\/author\/matheuss\/\"}]}<\/script>\n<!-- \/ Yoast SEO plugin. -->","yoast_head_json":{"title":"\ud83c\udf1fDescubre Tu Nuevo Estilo con App de Corte de Cabello y Color! - Universo Fam\u00edlia","description":"\ud83c\udf1fDescubre Tu Nuevo Estilo con App de Corte de Cabello y Color! \ud83d\ude80 Evoluci\u00f3n Tecnol\u00f3gica en la Palma de tu Mano \ud83c\udf1f","robots":{"index":"index","follow":"follow","max-snippet":"max-snippet:-1","max-image-preview":"max-image-preview:large","max-video-preview":"max-video-preview:-1"},"canonical":"https:\/\/universofamilia.com\/fr\/descubre-tu-nuevo-estilo-con-app-de-corte-de-cabello-y-color\/","og_locale":"fr_FR","og_type":"article","og_title":"\ud83c\udf1fDescubre Tu Nuevo Estilo con App de Corte de Cabello y Color! - Universo Fam\u00edlia","og_description":"\ud83c\udf1fDescubre Tu Nuevo Estilo con App de Corte de Cabello y Color! \ud83d\ude80 Evoluci\u00f3n Tecnol\u00f3gica en la Palma de tu Mano \ud83c\udf1f","og_url":"https:\/\/universofamilia.com\/fr\/descubre-tu-nuevo-estilo-con-app-de-corte-de-cabello-y-color\/","og_site_name":"Universo Fam\u00edlia","article_published_time":"2024-03-06T19:27:12+00:00","article_modified_time":"2025-12-26T19:27:22+00:00","og_image":[{"width":550,"height":350,"url":"https:\/\/universofamilia.com\/wp-content\/uploads\/sites\/148\/2024\/03\/P-550x350-1-2.jpg","type":"image\/jpeg"}],"author":"Matheus Sangaletti","twitter_card":"summary_large_image","twitter_misc":{"Written by":"Matheus Sangaletti","Est. reading time":"4 minutes"},"schema":{"@context":"https:\/\/schema.org","@graph":[{"@type":"WebPage","@id":"https:\/\/universofamilia.com\/hr\/descubre-tu-nuevo-estilo-con-app-de-corte-de-cabello-y-color\/","url":"https:\/\/universofamilia.com\/hr\/descubre-tu-nuevo-estilo-con-app-de-corte-de-cabello-y-color\/","name":"\ud83c\udf1fDescubre Tu Nuevo Estilo con App de Corte de Cabello y Color! - Universo Fam\u00edlia","isPartOf":{"@id":"https:\/\/universofamilia.com\/el\/#website"},"primaryImageOfPage":{"@id":"https:\/\/universofamilia.com\/hr\/descubre-tu-nuevo-estilo-con-app-de-corte-de-cabello-y-color\/#primaryimage"},"image":{"@id":"https:\/\/universofamilia.com\/hr\/descubre-tu-nuevo-estilo-con-app-de-corte-de-cabello-y-color\/#primaryimage"},"thumbnailUrl":"https:\/\/universofamilia.com\/wp-content\/uploads\/sites\/148\/2024\/03\/P-550x350-1-2.jpg","datePublished":"2024-03-06T19:27:12+00:00","dateModified":"2025-12-26T19:27:22+00:00","author":{"@id":"https:\/\/universofamilia.com\/el\/#\/schema\/person\/92fcd07e9b1f4323bf74f3170fc0f78a"},"description":"\ud83c\udf1fDescubre Tu Nuevo Estilo con App de Corte de Cabello y Color! \ud83d\ude80 Evoluci\u00f3n Tecnol\u00f3gica en la Palma de tu Mano \ud83c\udf1f","breadcrumb":{"@id":"https:\/\/universofamilia.com\/hr\/descubre-tu-nuevo-estilo-con-app-de-corte-de-cabello-y-color\/#breadcrumb"},"inLanguage":"fr-FR","potentialAction":[{"@type":"ReadAction","target":["https:\/\/universofamilia.com\/hr\/descubre-tu-nuevo-estilo-con-app-de-corte-de-cabello-y-color\/"]}]},{"@type":"ImageObject","inLanguage":"fr-FR","@id":"https:\/\/universofamilia.com\/hr\/descubre-tu-nuevo-estilo-con-app-de-corte-de-cabello-y-color\/#primaryimage","url":"https:\/\/universofamilia.com\/wp-content\/uploads\/sites\/148\/2024\/03\/P-550x350-1-2.jpg","contentUrl":"https:\/\/universofamilia.com\/wp-content\/uploads\/sites\/148\/2024\/03\/P-550x350-1-2.jpg","width":550,"height":350,"caption":"\ud83c\udf1fDescubre Tu Nuevo Estilo con App de Corte de Cabello y Color!"},{"@type":"BreadcrumbList","@id":"https:\/\/universofamilia.com\/hr\/descubre-tu-nuevo-estilo-con-app-de-corte-de-cabello-y-color\/#breadcrumb","itemListElement":[{"@type":"ListItem","position":1,"name":"Home","item":"https:\/\/universofamilia.com\/el\/"},{"@type":"ListItem","position":2,"name":"\ud83c\udf1fDescubre Tu Nuevo Estilo con App de Corte de Cabello y Color!"}]},{"@type":"WebSite","@id":"https:\/\/universofamilia.com\/el\/#website","url":"https:\/\/universofamilia.com\/el\/","name":"Universo Fam\u00edlia","description":"","potentialAction":[{"@type":"SearchAction","target":{"@type":"EntryPoint","urlTemplate":"https:\/\/universofamilia.com\/el\/?s={search_term_string}"},"query-input":"required name=search_term_string"}],"inLanguage":"fr-FR"},{"@type":"Person","@id":"https:\/\/universofamilia.com\/el\/#\/schema\/person\/92fcd07e9b1f4323bf74f3170fc0f78a","name":"Matheus Sangaletti","image":{"@type":"ImageObject","inLanguage":"fr-FR","@id":"https:\/\/universofamilia.com\/el\/#\/schema\/person\/image\/","url":"https:\/\/secure.gravatar.com\/avatar\/280ea957a14a48e6a1ad2133d2cc27c9?s=96&d=mm&r=g","contentUrl":"https:\/\/secure.gravatar.com\/avatar\/280ea957a14a48e6a1ad2133d2cc27c9?s=96&d=mm&r=g","caption":"Matheus Sangaletti"},"url":"https:\/\/universofamilia.com\/fr\/author\/matheuss\/"}]}},"_links":{"self":[{"href":"https:\/\/universofamilia.com\/fr\/wp-json\/wp\/v2\/posts\/5350"}],"collection":[{"href":"https:\/\/universofamilia.com\/fr\/wp-json\/wp\/v2\/posts"}],"about":[{"href":"https:\/\/universofamilia.com\/fr\/wp-json\/wp\/v2\/types\/post"}],"author":[{"embeddable":true,"href":"https:\/\/universofamilia.com\/fr\/wp-json\/wp\/v2\/users\/219"}],"replies":[{"embeddable":true,"href":"https:\/\/universofamilia.com\/fr\/wp-json\/wp\/v2\/comments?post=5350"}],"version-history":[{"count":1,"href":"https:\/\/universofamilia.com\/fr\/wp-json\/wp\/v2\/posts\/5350\/revisions"}],"predecessor-version":[{"id":10477,"href":"https:\/\/universofamilia.com\/fr\/wp-json\/wp\/v2\/posts\/5350\/revisions\/10477"}],"wp:featuredmedia":[{"embeddable":true,"href":"https:\/\/universofamilia.com\/fr\/wp-json\/wp\/v2\/media\/5351"}],"wp:attachment":[{"href":"https:\/\/universofamilia.com\/fr\/wp-json\/wp\/v2\/media?parent=5350"}],"wp:term":[{"taxonomy":"category","embeddable":true,"href":"https:\/\/universofamilia.com\/fr\/wp-json\/wp\/v2\/categories?post=5350"},{"taxonomy":"post_tag","embeddable":true,"href":"https:\/\/universofamilia.com\/fr\/wp-json\/wp\/v2\/tags?post=5350"}],"curies":[{"name":"wp","href":"https:\/\/api.w.org\/{rel}","templated":true}]}}