{"id":9758,"date":"2025-10-01T01:42:22","date_gmt":"2025-10-01T04:42:22","guid":{"rendered":"https:\/\/universofamilia.com\/?p=9758"},"modified":"2025-10-11T17:08:04","modified_gmt":"2025-10-11T20:08:04","slug":"inteligencia-artificial-y-politica","status":"publish","type":"post","link":"https:\/\/universofamilia.com\/fr\/inteligencia-artificial-y-politica\/","title":{"rendered":"L&#039;intelligence artificielle et la politique"},"content":{"rendered":"<p class=\"has-text-align-center\"><strong>Intelligence artificielle et politique :<\/strong> Il s\u2019agit d\u2019un sujet qui n\u2019est plus exclusif aux conf\u00e9rences universitaires ou aux d\u00e9bats techniques ; il impr\u00e8gne aujourd\u2019hui les lois, les d\u00e9cisions publiques et m\u00eame la g\u00e9opolitique mondiale.<\/p>\n\n\n<div class=\"wp-block-image\">\n<figure class=\"aligncenter size-full\"><img loading=\"lazy\" decoding=\"async\" width=\"550\" height=\"350\" src=\"https:\/\/universofamilia.com\/wp-content\/uploads\/sites\/148\/2025\/10\/DESTAQUE-UNIVERSO-550-x-350.jpg\" alt=\"\" class=\"wp-image-9759\" srcset=\"https:\/\/universofamilia.com\/wp-content\/uploads\/sites\/148\/2025\/10\/DESTAQUE-UNIVERSO-550-x-350.jpg 550w, https:\/\/universofamilia.com\/wp-content\/uploads\/sites\/148\/2025\/10\/DESTAQUE-UNIVERSO-550-x-350-300x191.jpg 300w, https:\/\/universofamilia.com\/wp-content\/uploads\/sites\/148\/2025\/10\/DESTAQUE-UNIVERSO-550-x-350-18x12.jpg 18w\" sizes=\"(max-width: 550px) 100vw, 550px\" \/><figcaption class=\"wp-element-caption\">Canva<\/figcaption><\/figure><\/div>\n\n\n<p>En 2025, les gouvernements sont confront\u00e9s au d\u00e9fi d\u2019\u00e9quilibrer l\u2019innovation avec la protection des droits des citoyens, et chaque r\u00e9gion adopte des strat\u00e9gies diff\u00e9rentes.<\/p>\n\n\n\n<p>Dans cet article, vous trouverez un aper\u00e7u complet :<\/p>\n\n\n\n<ul>\n<li>Comment les pays les plus influents r\u00e9glementent l\u2019IA.<\/li>\n\n\n\n<li>Les principales diff\u00e9rences entre l\u2019Europe, les \u00c9tats-Unis, la Chine et l\u2019Am\u00e9rique latine.<\/li>\n\n\n\n<li>Quels risques et opportunit\u00e9s sont discut\u00e9s autour de la technologie.<\/li>\n\n\n\n<li>Exemples d\u2019application de la r\u00e9glementation dans la pratique.<\/li>\n\n\n\n<li>Questions fr\u00e9quemment pos\u00e9es pour clarifier les doutes courants.<\/li>\n<\/ul>\n\n\n\n<h2 class=\"wp-block-heading\">L&#039;urgence de r\u00e8gles claires \u00e0 l&#039;\u00e8re num\u00e9rique<\/h2>\n\n\n\n<p>L&#039;intelligence artificielle n&#039;est plus une exp\u00e9rience de laboratoire. Elle est pr\u00e9sente dans les diagnostics m\u00e9dicaux, les tribunaux, les march\u00e9s financiers et m\u00eame les campagnes politiques.<\/p>\n\n\n\n<p>La vitesse \u00e0 laquelle la technologie \u00e9volue pose un dilemme : comment pr\u00e9venir les abus sans ralentir les progr\u00e8s ?<\/p>\n\n\n\n<p>La r\u00e9ponse du gouvernement a consist\u00e9 \u00e0 faire progresser les cadres r\u00e9glementaires. En 2025, <strong>R\u00e8glement de l&#039;Union europ\u00e9enne sur l&#039;IA<\/strong> Elle est consid\u00e9r\u00e9e comme la r\u00e9glementation la plus ambitieuse au monde. <\/p>\n\n\n\n<p>Il classe les syst\u00e8mes d\u2019IA en niveaux de risque, depuis les applications \u00e0 faible impact jusqu\u2019\u00e0 celles qui affectent les droits fondamentaux, comme la surveillance de masse.<\/p>\n\n\n\n<p>Selon la Commission europ\u00e9enne, l\u2019objectif est de \u00ab garantir la s\u00e9curit\u00e9, la transparence et le respect des valeurs d\u00e9mocratiques \u00bb.<\/p>\n\n\n\n<h2 class=\"wp-block-heading\">\u00c9tats-Unis : innovation et contr\u00f4le fragment\u00e9<\/h2>\n\n\n\n<p>L&#039;approche am\u00e9ricaine est moins centralis\u00e9e. Au lieu d&#039;une loi nationale, les agences et les \u00c9tats adoptent des directives sp\u00e9cifiques.<\/p>\n\n\n\n<p>La Maison Blanche a publi\u00e9 en 2022 le <strong>Projet de d\u00e9claration des droits de l&#039;IA<\/strong>, un cadre \u00e9thique qui guide les d\u00e9veloppeurs et les entreprises. Bien que non contraignant, il a ouvert le d\u00e9bat sur les droits num\u00e9riques, la discrimination algorithmique et la vie priv\u00e9e.<\/p>\n\n\n\n<p>Exemple concret : la Californie fait pression pour que des r\u00e9glementations soient mises en place concernant l\u2019utilisation de l\u2019IA dans le recrutement, obligeant les entreprises \u00e0 d\u00e9montrer que leurs algorithmes ne g\u00e9n\u00e8rent pas de pr\u00e9jug\u00e9s raciaux ou sexistes.<\/p>\n\n\n\n<p>Ce type de mesures refl\u00e8te la tendance am\u00e9ricaine : prot\u00e9ger les consommateurs sans \u00e9touffer la comp\u00e9titivit\u00e9 de son \u00e9cosyst\u00e8me technologique.<\/p>\n\n\n\n<h2 class=\"wp-block-heading\">Chine : contr\u00f4le de l&#039;\u00c9tat et ambition technologique<\/h2>\n\n\n\n<p>\u00c0 l&#039;inverse, la Chine int\u00e8gre l&#039;intelligence artificielle \u00e0 sa strat\u00e9gie d&#039;\u00c9tat. Depuis 2021, elle r\u00e9glemente les algorithmes de recommandation sur les plateformes num\u00e9riques et, en 2023, elle a mis en place des r\u00e8gles strictes pour les syst\u00e8mes d&#039;IA g\u00e9n\u00e9rative.<\/p>\n\n\n\n<p>En 2025, le gouvernement va de l\u2019avant avec des r\u00e9glementations limitant la diffusion d\u2019informations jug\u00e9es nuisibles \u00e0 la \u00ab s\u00e9curit\u00e9 nationale \u00bb.<\/p>\n\n\n\n<p>Plut\u00f4t que de freiner l&#039;innovation, P\u00e9kin cherche \u00e0 utiliser l&#039;IA comme un outil de pouvoir \u00e9conomique et social. C&#039;est pourquoi sa l\u00e9gislation allie la promotion des startups locales \u00e0 un contr\u00f4le strict des contenus num\u00e9riques et des donn\u00e9es personnelles.<\/p>\n\n\n\n<h2 class=\"wp-block-heading\">Am\u00e9rique latine : premi\u00e8res \u00e9tapes et d\u00e9fis \u00e0 relever<\/h2>\n\n\n\n<p>La r\u00e9gion en est encore \u00e0 ses d\u00e9buts. Le Br\u00e9sil discute d&#039;un <strong>Cadre juridique de l&#039;intelligence artificielle<\/strong>, partiellement inspir\u00e9 du mod\u00e8le europ\u00e9en.<\/p>\n\n\n\n<p>Le Mexique, pour sa part, a cr\u00e9\u00e9 des groupes d\u2019experts pour \u00e9valuer les risques \u00e9thiques et juridiques, m\u00eame s\u2019il n\u2019a pas encore adopt\u00e9 de loi compl\u00e8te.<\/p>\n\n\n\n<p>Les d\u00e9fis sont multiples : raret\u00e9 des ressources, manque d\u2019infrastructures et n\u00e9cessit\u00e9 de prot\u00e9ger les populations vuln\u00e9rables.<\/p>\n\n\n\n<p>Il existe n\u00e9anmoins un int\u00e9r\u00eat croissant pour l\u2019alignement des politiques publiques sur les normes internationales afin d\u2019\u00e9viter de prendre du retard en mati\u00e8re d\u2019innovation.<\/p>\n\n\n\n<h2 class=\"wp-block-heading\">Tableau comparatif : R\u00e9glementations de l&#039;IA dans le monde<\/h2>\n\n\n\n<figure class=\"wp-block-table\"><table><thead><tr><th>R\u00e9gion \/ Pays<\/th><th>Approche r\u00e9glementaire<\/th><th>Ann\u00e9e cl\u00e9<\/th><th>Caract\u00e9ristiques principales<\/th><\/tr><\/thead><tbody><tr><td>Union europ\u00e9enne<\/td><td>R\u00e8glement contraignant<\/td><td>2024-2025<\/td><td>Classification des risques, transparence, sanctions s\u00e9v\u00e8res<\/td><\/tr><tr><td>USA<\/td><td>Directives et r\u00e9glementations de l&#039;\u00c9tat<\/td><td>2022-2025<\/td><td>Fragment\u00e9, fond\u00e9 sur les droits, pas de loi unique<\/td><\/tr><tr><td>Chine<\/td><td>R\u00e9glementation \u00e9tatique stricte<\/td><td>2021-2025<\/td><td>Contr\u00f4le du contenu, des donn\u00e9es et des algorithmes<\/td><\/tr><tr><td>l&#039;Am\u00e9rique latine<\/td><td>Initiatives initiales<\/td><td>2023-2025<\/td><td>Inspir\u00e9 par l&#039;UE, toujours en discussion<\/td><\/tr><\/tbody><\/table><figcaption class=\"wp-element-caption\">Intelligence artificielle et politique : comment les gouvernements r\u00e9gulent l&#039;IA dans le monde<\/figcaption><\/figure>\n\n\n\n<h2 class=\"wp-block-heading\">Un fait qui marque la discussion<\/h2>\n\n\n\n<p>Selon le rapport <strong>\u00ab\u00a0Indice IA 2024\u00a0\u00bb de l&#039;Universit\u00e9 de Stanford<\/strong>, plus de <strong>70% des pays membres de l&#039;ONU<\/strong> avaient d\u00e9j\u00e0 lanc\u00e9 des processus l\u00e9gislatifs ou des lignes directrices r\u00e9glementaires sur l\u2019IA avant 2025.<\/p>\n\n\n\n<p>Ces donn\u00e9es r\u00e9v\u00e8lent que la conversation ne porte plus sur l\u2019avenir : il s\u2019agit d\u2019un besoin imm\u00e9diat pour les gouvernements \u00e0 tous les niveaux.<\/p>\n\n\n<div class=\"wp-block-image\">\n<figure class=\"aligncenter size-full\"><img loading=\"lazy\" decoding=\"async\" width=\"550\" height=\"350\" src=\"https:\/\/universofamilia.com\/wp-content\/uploads\/sites\/148\/2025\/10\/DESTAQUE-SITE-MUNDOSAPPS-16-1.jpg\" alt=\"\" class=\"wp-image-9761\" srcset=\"https:\/\/universofamilia.com\/wp-content\/uploads\/sites\/148\/2025\/10\/DESTAQUE-SITE-MUNDOSAPPS-16-1.jpg 550w, https:\/\/universofamilia.com\/wp-content\/uploads\/sites\/148\/2025\/10\/DESTAQUE-SITE-MUNDOSAPPS-16-1-300x191.jpg 300w, https:\/\/universofamilia.com\/wp-content\/uploads\/sites\/148\/2025\/10\/DESTAQUE-SITE-MUNDOSAPPS-16-1-18x12.jpg 18w\" sizes=\"(max-width: 550px) 100vw, 550px\" \/><figcaption class=\"wp-element-caption\">Canva<\/figcaption><\/figure><\/div>\n\n\n<p>En savoir plus:&nbsp;<a href=\"https:\/\/universofamilia.com\/fr\/los-paises-mas-avanzados-en-regulacion-de-ia-en-2025\/\">Les pays les plus avanc\u00e9s en mati\u00e8re de r\u00e9glementation de l&#039;IA en 2025<\/a><\/p>\n\n\n\n<h2 class=\"wp-block-heading\">Risques et opportunit\u00e9s \u00e0 l&#039;horizon<\/h2>\n\n\n\n<p>R\u00e9glementer l&#039;IA ne signifie pas seulement la limiter\u00a0; cela cr\u00e9e aussi des opportunit\u00e9s. Avec des r\u00e8gles claires, les entreprises peuvent innover avec plus de confiance. Les citoyens se sentent \u00e9galement mieux prot\u00e9g\u00e9s contre les abus.<\/p>\n\n\n\n<p>Un exemple r\u00e9cent concerne le secteur financier : les banques europ\u00e9ennes ont commenc\u00e9 \u00e0 utiliser l\u2019IA dans les \u00e9valuations de cr\u00e9dit sous surveillance r\u00e9glementaire.<\/p>\n\n\n\n<p>Cette mesure a r\u00e9duit les plaintes pour discrimination et am\u00e9lior\u00e9 la confiance des consommateurs.<\/p>\n\n\n\n<p>Mais les risques persistent. Parmi eux\u00a0:<\/p>\n\n\n\n<ul>\n<li>Biais algorithmiques qui perp\u00e9tuent les in\u00e9galit\u00e9s.<\/li>\n\n\n\n<li>Utilisation abusive des donn\u00e9es personnelles.<\/li>\n\n\n\n<li>Manipulation de l\u2019opinion publique par la d\u00e9sinformation.<\/li>\n<\/ul>\n\n\n\n<h2 class=\"wp-block-heading\">Une analogie pour comprendre le d\u00e9fi<\/h2>\n\n\n\n<p>La situation actuelle est similaire \u00e0 celle des d\u00e9buts de l&#039;\u00e9nergie nucl\u00e9aire. Cette technologie pr\u00e9sente un potentiel \u00e9norme, mais sans r\u00e9glementation ad\u00e9quate, elle pourrait repr\u00e9senter un risque mondial. <\/p>\n\n\n\n<p>\u00c0 l&#039;\u00e9poque, les trait\u00e9s internationaux et les r\u00e9glementations nationales permettaient d&#039;\u00e9viter les catastrophes majeures. Aujourd&#039;hui, l&#039;IA est confront\u00e9e \u00e0 un dilemme similaire\u00a0: exploiter son pouvoir de transformation sans compromettre les droits fondamentaux.<\/p>\n\n\n\n<h2 class=\"wp-block-heading\">Vers une gouvernance mondiale de l&#039;IA<\/h2>\n\n\n\n<p>Dans les forums multilat\u00e9raux tels que le <strong>ONU<\/strong> et le <strong>OCDE<\/strong>La cr\u00e9ation de normes communes est d\u00e9j\u00e0 en discussion. Cependant, les int\u00e9r\u00eats g\u00e9opolitiques rendent difficile l&#039;obtention d&#039;un consensus.<\/p>\n\n\n\n<p>Alors que l\u2019Europe donne la priorit\u00e9 aux droits de l\u2019homme, la Chine d\u00e9fend sa souverainet\u00e9 technologique et les \u00c9tats-Unis cherchent \u00e0 prot\u00e9ger leur leadership en mati\u00e8re d\u2019entreprise.<\/p>\n\n\n\n<p>La gouvernance mondiale de l&#039;IA sera l&#039;un des th\u00e8mes centraux de la prochaine d\u00e9cennie. Il ne s&#039;agit pas seulement de r\u00e8gles locales, mais aussi d&#039;\u00e9viter la fragmentation qui entrave le commerce num\u00e9rique et la coop\u00e9ration scientifique.<\/p>\n\n\n\n<h2 class=\"wp-block-heading\">Conclusion<\/h2>\n\n\n\n<p>Le lien entre <strong><a href=\"https:\/\/universofamilia.com\/fr\/los-paises-mas-avanzados-en-regulacion-de-ia-en-2025\/\">Intelligence artificielle<\/a> e-politique : comment les gouvernements r\u00e9gulent l&#039;IA dans le monde<\/strong> refl\u00e8te un changement profond dans la mani\u00e8re dont les \u00c9tats abordent l\u2019innovation technologique.<\/p>\n\n\n\n<p>D\u2019ici 2025, l\u2019impact social, \u00e9conomique et \u00e9thique de ces outils ne pourra plus \u00eatre ignor\u00e9.<\/p>\n\n\n\n<p>La cl\u00e9 sera de trouver un terrain d\u2019entente : une r\u00e9glementation qui prot\u00e8ge sans \u00e9touffer, des r\u00e8gles claires qui favorisent la confiance et un d\u00e9bat mondial incluant \u00e0 la fois les gouvernements et la soci\u00e9t\u00e9 civile.<\/p>\n\n\n\n<p>Car si une chose est s\u00fbre, c\u2019est que l\u2019IA continuera de transformer la vie quotidienne \u00e0 un rythme qui exige des r\u00e9ponses rapides et responsables.<\/p>\n\n\n\n<p>En savoir plus:&nbsp;<a href=\"https:\/\/universofamilia.com\/fr\/lll-me-siento-sola-y-quiero-platicar-contigo-por-estos-apps-de-citas\/\">Je me sens seul et je veux discuter avec toi via ces applications de rencontres.<\/a><\/p>\n\n\n\n<h2 class=\"wp-block-heading\">Foire aux questions (FAQ)<\/h2>\n\n\n\n<p><strong>1. Pourquoi est-il important de r\u00e9glementer l\u2019intelligence artificielle ?<\/strong><br>Car sans r\u00e8gles claires, l\u2019IA peut conduire \u00e0 des discriminations, \u00e0 des violations de la vie priv\u00e9e ou \u00e0 des manipulations d\u2019informations.<\/p>\n\n\n\n<p><strong>2. Quelle est la diff\u00e9rence entre les r\u00e9glementations europ\u00e9ennes et am\u00e9ricaines ?<\/strong><br>L\u2019Europe dispose de r\u00e9glementations contraignantes assorties de sanctions, tandis que les \u00c9tats-Unis sont domin\u00e9s par des directives non obligatoires et des r\u00e9glementations locales.<\/p>\n\n\n\n<p><strong>3. La Chine limite-t-elle l\u2019utilisation de l\u2019IA g\u00e9n\u00e9rative ?<\/strong><br>Oui. Le gouvernement chinois r\u00e9glemente strictement les contenus cr\u00e9\u00e9s par l&#039;IA et les associe \u00e0 la s\u00e9curit\u00e9 nationale.<\/p>\n\n\n\n<p><strong>4. Quels pays d\u2019Am\u00e9rique latine ont fait le plus de progr\u00e8s ?<\/strong><br>Le Br\u00e9sil et le Mexique ouvrent la voie avec des projets de loi et des groupes de travail sp\u00e9cialis\u00e9s.<\/p>\n\n\n\n<p><strong>5. Comment la r\u00e9glementation affecte-t-elle le secteur priv\u00e9 ?<\/strong><br>Les entreprises doivent devenir plus transparentes, mais en m\u00eame temps gagner la confiance des consommateurs et acc\u00e9der aux march\u00e9s mondiaux.<\/p>\n\n\n\n<p><strong>6. Existe-t-il des initiatives r\u00e9glementaires mondiales ?<\/strong><br>Oui, bien qu\u2019il n\u2019existe pas encore d\u2019accord contraignant, l\u2019ONU et l\u2019OCDE travaillent sur des normes internationales.<\/p>\n\n\n\n<p><strong>7. La r\u00e9glementation peut-elle entraver l\u2019innovation ?<\/strong><br>Cela d\u00e9pend de l&#039;approche. Une r\u00e9glementation \u00e9quilibr\u00e9e encourage l&#039;innovation responsable, tandis qu&#039;un contr\u00f4le excessif <\/p>\n\n\n\n<p><\/p>","protected":false},"excerpt":{"rendered":"<p>Inteligencia artificial y pol\u00edtica: es un tema que dej\u00f3 de ser exclusivo de conferencias acad\u00e9micas o debates t\u00e9cnicos; hoy atraviesa leyes, decisiones p\u00fablicas y hasta la geopol\u00edtica global. En 2025, los gobiernos enfrentan el reto de equilibrar la innovaci\u00f3n con la protecci\u00f3n de derechos ciudadanos, y cada regi\u00f3n adopta estrategias distintas. En este art\u00edculo encontrar\u00e1s [&hellip;]<\/p>","protected":false},"author":219,"featured_media":9753,"comment_status":"closed","ping_status":"open","sticky":false,"template":"","format":"standard","meta":{"footnotes":""},"categories":[4],"tags":[],"yoast_head":"<!-- This site is optimized with the Yoast SEO plugin v23.3 - https:\/\/yoast.com\/wordpress\/plugins\/seo\/ -->\n<title>Inteligencia artificial y pol\u00edtica - Universo Fam\u00edlia<\/title>\n<meta name=\"description\" content=\"Inteligencia artificial y pol\u00edtica: c\u00f3mo los gobiernos regulan la IA en todo el mundo es un tema que dej\u00f3 de ser exclusivo de conferencias...\" \/>\n<meta name=\"robots\" content=\"index, follow, max-snippet:-1, max-image-preview:large, max-video-preview:-1\" \/>\n<link rel=\"canonical\" href=\"https:\/\/universofamilia.com\/fr\/inteligencia-artificial-y-politica\/\" \/>\n<meta property=\"og:locale\" content=\"fr_FR\" \/>\n<meta property=\"og:type\" content=\"article\" \/>\n<meta property=\"og:title\" content=\"Inteligencia artificial y pol\u00edtica - Universo Fam\u00edlia\" \/>\n<meta property=\"og:description\" content=\"Inteligencia artificial y pol\u00edtica: c\u00f3mo los gobiernos regulan la IA en todo el mundo es un tema que dej\u00f3 de ser exclusivo de conferencias...\" \/>\n<meta property=\"og:url\" content=\"https:\/\/universofamilia.com\/fr\/inteligencia-artificial-y-politica\/\" \/>\n<meta property=\"og:site_name\" content=\"Universo Fam\u00edlia\" \/>\n<meta property=\"article:published_time\" content=\"2025-10-01T04:42:22+00:00\" \/>\n<meta property=\"article:modified_time\" content=\"2025-10-11T20:08:04+00:00\" \/>\n<meta property=\"og:image\" content=\"https:\/\/universofamilia.com\/wp-content\/uploads\/sites\/148\/2025\/09\/DESTAQUE-UNIVERSO-550-x-350-3.jpg\" \/>\n\t<meta property=\"og:image:width\" content=\"550\" \/>\n\t<meta property=\"og:image:height\" content=\"350\" \/>\n\t<meta property=\"og:image:type\" content=\"image\/jpeg\" \/>\n<meta name=\"author\" content=\"Matheus Sangaletti\" \/>\n<meta name=\"twitter:card\" content=\"summary_large_image\" \/>\n<meta name=\"twitter:label1\" content=\"Written by\" \/>\n\t<meta name=\"twitter:data1\" content=\"Matheus Sangaletti\" \/>\n\t<meta name=\"twitter:label2\" content=\"Est. reading time\" \/>\n\t<meta name=\"twitter:data2\" content=\"8 minutes\" \/>\n<script type=\"application\/ld+json\" class=\"yoast-schema-graph\">{\"@context\":\"https:\/\/schema.org\",\"@graph\":[{\"@type\":\"WebPage\",\"@id\":\"https:\/\/universofamilia.com\/nl\/inteligencia-artificial-y-politica\/\",\"url\":\"https:\/\/universofamilia.com\/nl\/inteligencia-artificial-y-politica\/\",\"name\":\"Inteligencia artificial y pol\u00edtica - Universo Fam\u00edlia\",\"isPartOf\":{\"@id\":\"https:\/\/universofamilia.com\/el\/#website\"},\"primaryImageOfPage\":{\"@id\":\"https:\/\/universofamilia.com\/nl\/inteligencia-artificial-y-politica\/#primaryimage\"},\"image\":{\"@id\":\"https:\/\/universofamilia.com\/nl\/inteligencia-artificial-y-politica\/#primaryimage\"},\"thumbnailUrl\":\"https:\/\/universofamilia.com\/wp-content\/uploads\/sites\/148\/2025\/09\/DESTAQUE-UNIVERSO-550-x-350-3.jpg\",\"datePublished\":\"2025-10-01T04:42:22+00:00\",\"dateModified\":\"2025-10-11T20:08:04+00:00\",\"author\":{\"@id\":\"https:\/\/universofamilia.com\/el\/#\/schema\/person\/92fcd07e9b1f4323bf74f3170fc0f78a\"},\"description\":\"Inteligencia artificial y pol\u00edtica: c\u00f3mo los gobiernos regulan la IA en todo el mundo es un tema que dej\u00f3 de ser exclusivo de conferencias...\",\"breadcrumb\":{\"@id\":\"https:\/\/universofamilia.com\/nl\/inteligencia-artificial-y-politica\/#breadcrumb\"},\"inLanguage\":\"fr-FR\",\"potentialAction\":[{\"@type\":\"ReadAction\",\"target\":[\"https:\/\/universofamilia.com\/nl\/inteligencia-artificial-y-politica\/\"]}]},{\"@type\":\"ImageObject\",\"inLanguage\":\"fr-FR\",\"@id\":\"https:\/\/universofamilia.com\/nl\/inteligencia-artificial-y-politica\/#primaryimage\",\"url\":\"https:\/\/universofamilia.com\/wp-content\/uploads\/sites\/148\/2025\/09\/DESTAQUE-UNIVERSO-550-x-350-3.jpg\",\"contentUrl\":\"https:\/\/universofamilia.com\/wp-content\/uploads\/sites\/148\/2025\/09\/DESTAQUE-UNIVERSO-550-x-350-3.jpg\",\"width\":550,\"height\":350},{\"@type\":\"BreadcrumbList\",\"@id\":\"https:\/\/universofamilia.com\/nl\/inteligencia-artificial-y-politica\/#breadcrumb\",\"itemListElement\":[{\"@type\":\"ListItem\",\"position\":1,\"name\":\"Home\",\"item\":\"https:\/\/universofamilia.com\/el\/\"},{\"@type\":\"ListItem\",\"position\":2,\"name\":\"Inteligencia artificial y pol\u00edtica\"}]},{\"@type\":\"WebSite\",\"@id\":\"https:\/\/universofamilia.com\/el\/#website\",\"url\":\"https:\/\/universofamilia.com\/el\/\",\"name\":\"Universo Fam\u00edlia\",\"description\":\"\",\"potentialAction\":[{\"@type\":\"SearchAction\",\"target\":{\"@type\":\"EntryPoint\",\"urlTemplate\":\"https:\/\/universofamilia.com\/el\/?s={search_term_string}\"},\"query-input\":\"required name=search_term_string\"}],\"inLanguage\":\"fr-FR\"},{\"@type\":\"Person\",\"@id\":\"https:\/\/universofamilia.com\/el\/#\/schema\/person\/92fcd07e9b1f4323bf74f3170fc0f78a\",\"name\":\"Matheus Sangaletti\",\"image\":{\"@type\":\"ImageObject\",\"inLanguage\":\"fr-FR\",\"@id\":\"https:\/\/universofamilia.com\/el\/#\/schema\/person\/image\/\",\"url\":\"https:\/\/secure.gravatar.com\/avatar\/280ea957a14a48e6a1ad2133d2cc27c9?s=96&d=mm&r=g\",\"contentUrl\":\"https:\/\/secure.gravatar.com\/avatar\/280ea957a14a48e6a1ad2133d2cc27c9?s=96&d=mm&r=g\",\"caption\":\"Matheus Sangaletti\"},\"url\":\"https:\/\/universofamilia.com\/fr\/author\/matheuss\/\"}]}<\/script>\n<!-- \/ Yoast SEO plugin. -->","yoast_head_json":{"title":"Inteligencia artificial y pol\u00edtica - Universo Fam\u00edlia","description":"Inteligencia artificial y pol\u00edtica: c\u00f3mo los gobiernos regulan la IA en todo el mundo es un tema que dej\u00f3 de ser exclusivo de conferencias...","robots":{"index":"index","follow":"follow","max-snippet":"max-snippet:-1","max-image-preview":"max-image-preview:large","max-video-preview":"max-video-preview:-1"},"canonical":"https:\/\/universofamilia.com\/fr\/inteligencia-artificial-y-politica\/","og_locale":"fr_FR","og_type":"article","og_title":"Inteligencia artificial y pol\u00edtica - Universo Fam\u00edlia","og_description":"Inteligencia artificial y pol\u00edtica: c\u00f3mo los gobiernos regulan la IA en todo el mundo es un tema que dej\u00f3 de ser exclusivo de conferencias...","og_url":"https:\/\/universofamilia.com\/fr\/inteligencia-artificial-y-politica\/","og_site_name":"Universo Fam\u00edlia","article_published_time":"2025-10-01T04:42:22+00:00","article_modified_time":"2025-10-11T20:08:04+00:00","og_image":[{"width":550,"height":350,"url":"https:\/\/universofamilia.com\/wp-content\/uploads\/sites\/148\/2025\/09\/DESTAQUE-UNIVERSO-550-x-350-3.jpg","type":"image\/jpeg"}],"author":"Matheus Sangaletti","twitter_card":"summary_large_image","twitter_misc":{"Written by":"Matheus Sangaletti","Est. reading time":"8 minutes"},"schema":{"@context":"https:\/\/schema.org","@graph":[{"@type":"WebPage","@id":"https:\/\/universofamilia.com\/nl\/inteligencia-artificial-y-politica\/","url":"https:\/\/universofamilia.com\/nl\/inteligencia-artificial-y-politica\/","name":"Inteligencia artificial y pol\u00edtica - Universo Fam\u00edlia","isPartOf":{"@id":"https:\/\/universofamilia.com\/el\/#website"},"primaryImageOfPage":{"@id":"https:\/\/universofamilia.com\/nl\/inteligencia-artificial-y-politica\/#primaryimage"},"image":{"@id":"https:\/\/universofamilia.com\/nl\/inteligencia-artificial-y-politica\/#primaryimage"},"thumbnailUrl":"https:\/\/universofamilia.com\/wp-content\/uploads\/sites\/148\/2025\/09\/DESTAQUE-UNIVERSO-550-x-350-3.jpg","datePublished":"2025-10-01T04:42:22+00:00","dateModified":"2025-10-11T20:08:04+00:00","author":{"@id":"https:\/\/universofamilia.com\/el\/#\/schema\/person\/92fcd07e9b1f4323bf74f3170fc0f78a"},"description":"Inteligencia artificial y pol\u00edtica: c\u00f3mo los gobiernos regulan la IA en todo el mundo es un tema que dej\u00f3 de ser exclusivo de conferencias...","breadcrumb":{"@id":"https:\/\/universofamilia.com\/nl\/inteligencia-artificial-y-politica\/#breadcrumb"},"inLanguage":"fr-FR","potentialAction":[{"@type":"ReadAction","target":["https:\/\/universofamilia.com\/nl\/inteligencia-artificial-y-politica\/"]}]},{"@type":"ImageObject","inLanguage":"fr-FR","@id":"https:\/\/universofamilia.com\/nl\/inteligencia-artificial-y-politica\/#primaryimage","url":"https:\/\/universofamilia.com\/wp-content\/uploads\/sites\/148\/2025\/09\/DESTAQUE-UNIVERSO-550-x-350-3.jpg","contentUrl":"https:\/\/universofamilia.com\/wp-content\/uploads\/sites\/148\/2025\/09\/DESTAQUE-UNIVERSO-550-x-350-3.jpg","width":550,"height":350},{"@type":"BreadcrumbList","@id":"https:\/\/universofamilia.com\/nl\/inteligencia-artificial-y-politica\/#breadcrumb","itemListElement":[{"@type":"ListItem","position":1,"name":"Home","item":"https:\/\/universofamilia.com\/el\/"},{"@type":"ListItem","position":2,"name":"Inteligencia artificial y pol\u00edtica"}]},{"@type":"WebSite","@id":"https:\/\/universofamilia.com\/el\/#website","url":"https:\/\/universofamilia.com\/el\/","name":"Universo Fam\u00edlia","description":"","potentialAction":[{"@type":"SearchAction","target":{"@type":"EntryPoint","urlTemplate":"https:\/\/universofamilia.com\/el\/?s={search_term_string}"},"query-input":"required name=search_term_string"}],"inLanguage":"fr-FR"},{"@type":"Person","@id":"https:\/\/universofamilia.com\/el\/#\/schema\/person\/92fcd07e9b1f4323bf74f3170fc0f78a","name":"Matheus Sangaletti","image":{"@type":"ImageObject","inLanguage":"fr-FR","@id":"https:\/\/universofamilia.com\/el\/#\/schema\/person\/image\/","url":"https:\/\/secure.gravatar.com\/avatar\/280ea957a14a48e6a1ad2133d2cc27c9?s=96&d=mm&r=g","contentUrl":"https:\/\/secure.gravatar.com\/avatar\/280ea957a14a48e6a1ad2133d2cc27c9?s=96&d=mm&r=g","caption":"Matheus Sangaletti"},"url":"https:\/\/universofamilia.com\/fr\/author\/matheuss\/"}]}},"_links":{"self":[{"href":"https:\/\/universofamilia.com\/fr\/wp-json\/wp\/v2\/posts\/9758"}],"collection":[{"href":"https:\/\/universofamilia.com\/fr\/wp-json\/wp\/v2\/posts"}],"about":[{"href":"https:\/\/universofamilia.com\/fr\/wp-json\/wp\/v2\/types\/post"}],"author":[{"embeddable":true,"href":"https:\/\/universofamilia.com\/fr\/wp-json\/wp\/v2\/users\/219"}],"replies":[{"embeddable":true,"href":"https:\/\/universofamilia.com\/fr\/wp-json\/wp\/v2\/comments?post=9758"}],"version-history":[{"count":6,"href":"https:\/\/universofamilia.com\/fr\/wp-json\/wp\/v2\/posts\/9758\/revisions"}],"predecessor-version":[{"id":9947,"href":"https:\/\/universofamilia.com\/fr\/wp-json\/wp\/v2\/posts\/9758\/revisions\/9947"}],"wp:featuredmedia":[{"embeddable":true,"href":"https:\/\/universofamilia.com\/fr\/wp-json\/wp\/v2\/media\/9753"}],"wp:attachment":[{"href":"https:\/\/universofamilia.com\/fr\/wp-json\/wp\/v2\/media?parent=9758"}],"wp:term":[{"taxonomy":"category","embeddable":true,"href":"https:\/\/universofamilia.com\/fr\/wp-json\/wp\/v2\/categories?post=9758"},{"taxonomy":"post_tag","embeddable":true,"href":"https:\/\/universofamilia.com\/fr\/wp-json\/wp\/v2\/tags?post=9758"}],"curies":[{"name":"wp","href":"https:\/\/api.w.org\/{rel}","templated":true}]}}