{"id":9970,"date":"2025-10-10T17:48:08","date_gmt":"2025-10-10T20:48:08","guid":{"rendered":"https:\/\/universofamilia.com\/?p=9970"},"modified":"2025-10-15T16:09:34","modified_gmt":"2025-10-15T19:09:34","slug":"el-teletrabajo-en-2025-las-nuevas-tendencias-del-home-office","status":"publish","type":"post","link":"https:\/\/universofamilia.com\/fr\/el-teletrabajo-en-2025-las-nuevas-tendencias-del-home-office\/","title":{"rendered":"T\u00e9l\u00e9travail en 2025 : les nouvelles tendances du t\u00e9l\u00e9travail"},"content":{"rendered":"<p class=\"has-text-align-center\"><strong>T\u00e9l\u00e9travail en 2025 : les nouvelles tendances du t\u00e9l\u00e9travail<\/strong> Elle fait d\u00e9j\u00e0 partie de la structure de travail de nombreuses entreprises ; il ne s\u2019agit pas d\u2019une mode passag\u00e8re mais d\u2019une transformation profonde.<\/p>\n\n\n\n<figure class=\"wp-block-gallery aligncenter has-nested-images columns-default is-cropped wp-block-gallery-1 is-layout-flex wp-block-gallery-is-layout-flex\">\n<figure class=\"wp-block-image size-full\"><img loading=\"lazy\" decoding=\"async\" width=\"450\" height=\"250\" data-id=\"9992\" src=\"https:\/\/universofamilia.com\/wp-content\/uploads\/sites\/148\/2025\/10\/Destaque-Universo-3-1.jpg\" alt=\"\" class=\"wp-image-9992\" srcset=\"https:\/\/universofamilia.com\/wp-content\/uploads\/sites\/148\/2025\/10\/Destaque-Universo-3-1.jpg 450w, https:\/\/universofamilia.com\/wp-content\/uploads\/sites\/148\/2025\/10\/Destaque-Universo-3-1-300x167.jpg 300w, https:\/\/universofamilia.com\/wp-content\/uploads\/sites\/148\/2025\/10\/Destaque-Universo-3-1-18x10.jpg 18w\" sizes=\"(max-width: 450px) 100vw, 450px\" \/><\/figure>\n<\/figure>\n\n\n\n<p>Dans cet article, vous apprendrez :<\/p>\n\n\n\n<ul>\n<li>Changements r\u00e9cents et tendances \u00e9mergentes dans le t\u00e9l\u00e9travail cette ann\u00e9e.<\/li>\n\n\n\n<li>Comment ces tendances affectent \u00e0 la fois les employ\u00e9s et les employeurs.<\/li>\n\n\n\n<li>Strat\u00e9gies concr\u00e8tes pour s&#039;adapter et obtenir un avantage.<\/li>\n<\/ul>\n\n\n\n<p>Savez-vous quelles seront les caract\u00e9ristiques d\u00e9terminantes du travail \u00e0 distance cette ann\u00e9e ?<\/p>\n\n\n\n<h4 class=\"wp-block-heading\"><strong>L&#039;\u00e9tat actuel du travail \u00e0 distance au Mexique et dans le monde<\/strong><\/h4>\n\n\n\n<p>Au Mexique, selon un rapport de <em>Tendances commerciales au Mexique pour 2025<\/em>, plus de <strong>65 entreprises %<\/strong> adopt\u00e9 une modalit\u00e9 \u00e0 distance pendant la pand\u00e9mie.<\/p>\n\n\n\n<p>D\u2019ici 2025, ce pourcentage devrait augmenter \u00e0 <strong>plus de 75 %<\/strong>, en particulier dans des secteurs tels que la technologie, les services financiers et l\u2019\u00e9ducation. <\/p>\n\n\n\n<p>\u00c0 l\u2019\u00e9chelle mondiale, les \u00e9tudes indiquent qu\u2019environ <strong>28 % de l&#039;effectif<\/strong> travailler \u00e0 distance, soit en mode hybride, soit enti\u00e8rement depuis chez soi.<\/p>\n\n\n\n<p>Ces donn\u00e9es montrent que le travail \u00e0 distance n\u2019est plus l\u2019exception mais fait partie de la nouvelle norme.<\/p>\n\n\n\n<h4 class=\"wp-block-heading\"> <strong>Les principales tendances qui fa\u00e7onneront le bureau \u00e0 domicile en 2025<\/strong><\/h4>\n\n\n\n<p>Voici les tendances qui d\u00e9finissent le travail \u00e0 distance cette ann\u00e9e et probablement au-del\u00e0.<\/p>\n\n\n\n<h5 class=\"wp-block-heading\"><strong>1. Mod\u00e8les hybrides sophistiqu\u00e9s<\/strong><\/h5>\n\n\n\n<p>De nombreuses organisations pr\u00e9f\u00e8rent d\u00e9sormais des mod\u00e8les hybrides, combinant le travail \u00e0 domicile et le travail en personne. <\/p>\n\n\n\n<p>Il ne s\u2019agit pas seulement de \u00ab venir dans quelques jours \u00bb, mais de structurer les horaires, d\u2019espaces collaboratifs et de politiques de bureau physiques et virtuelles claires.<\/p>\n\n\n\n<h5 class=\"wp-block-heading\"><strong>2. Bureaux d\u00e9centralis\u00e9s et espaces de coworking locaux<\/strong><\/h5>\n\n\n\n<p>Les entreprises facilitent la t\u00e2che de leurs employ\u00e9s qui souhaitent travailler depuis des espaces proches de leur domicile traditionnel, gr\u00e2ce \u00e0 des espaces de coworking dans les quartiers ou des bureaux satellites.<\/p>\n\n\n\n<p>Le temps de trajet est r\u00e9duit, la motivation est augment\u00e9e et la qualit\u00e9 de vie est am\u00e9lior\u00e9e.<\/p>\n\n\n\n<h5 class=\"wp-block-heading\"><strong>3. La technologie comme base fondamentale<\/strong><\/h5>\n\n\n\n<p>Des outils de collaboration en temps r\u00e9el, des visioconf\u00e9rences de haute qualit\u00e9, de la r\u00e9alit\u00e9 augment\u00e9e et virtuelle pour les r\u00e9unions et des plateformes int\u00e9grant la gestion des t\u00e2ches, le bien-\u00eatre et la productivit\u00e9.<\/p>\n\n\n\n<p>La vitesse d\u2019Internet est importante, tout comme la s\u00e9curit\u00e9 de la connexion.<\/p>\n\n\n\n<h5 class=\"wp-block-heading\"><strong>4. Une r\u00e9elle flexibilit\u00e9 des horaires<\/strong><\/h5>\n\n\n\n<p>Il ne suffit pas de permettre aux gens de travailler \u00e0 domicile : des horaires flexibles sont attendus, avec la possibilit\u00e9 de s&#039;adapter aux horaires personnels, \u00e0 condition d&#039;atteindre les objectifs.<\/p>\n\n\n\n<p>Cela comprend l\u2019am\u00e9nagement d\u2019horaires d\u00e9cal\u00e9s pour \u00e9viter les heures de pointe, la prise en charge de la sant\u00e9 mentale et la promotion d\u2019un \u00e9quilibre entre vie professionnelle et vie priv\u00e9e.<\/p>\n\n\n\n<h5 class=\"wp-block-heading\"><strong>5. Prioriser le bien-\u00eatre, la sant\u00e9 mentale et l&#039;ergonomie<\/strong><\/h5>\n\n\n\n<p>L\u2019isolement ou le fait de travailler de longues heures sans s\u00e9paration physique entre le domicile et le travail a des effets.<\/p>\n\n\n\n<p>Les entreprises investissent dans des programmes de soutien \u00e9motionnel, dans l\u2019ergonomie du domicile (chaises, bureaux, \u00e9clairage), dans des pauses actives et dans la promotion de routines saines.<\/p>\n\n\n\n<h5 class=\"wp-block-heading\"><strong>6. Inclusion et \u00e9quit\u00e9 \u00e0 distance<\/strong><\/h5>\n\n\n\n<p>Assurez-vous que tous les employ\u00e9s ont acc\u00e8s aux ressources : une connectivit\u00e9 fiable, du mat\u00e9riel ad\u00e9quat et un environnement de travail s\u00fbr.<\/p>\n\n\n\n<p>Assurez-vous \u00e9galement que ceux qui travaillent \u00e0 distance ne manquent pas d\u2019opportunit\u00e9s d\u2019avancement ou ne deviennent pas invisibles aux yeux de la direction.<\/p>\n\n\n\n<h4 class=\"wp-block-heading\"><strong> Avantages et risques du travail \u00e0 distance avanc\u00e9<\/strong><\/h4>\n\n\n\n<p>Analyser les avantages et les inconv\u00e9nients de mani\u00e8re r\u00e9aliste vous permettra de prendre de meilleures d\u00e9cisions.<\/p>\n\n\n\n<h5 class=\"wp-block-heading\"><strong>Avantages<\/strong><\/h5>\n\n\n\n<ul>\n<li>Productivit\u00e9 accrue : de nombreux employ\u00e9s d\u00e9clarent des performances \u00e9gales ou sup\u00e9rieures lorsqu\u2019ils travaillent \u00e0 distance ou dans un environnement hybride, car il y a moins d\u2019interruptions physiques.<\/li>\n\n\n\n<li>\u00c9conomies de co\u00fbts : pour les entreprises, moins d\u2019espace, moins d\u2019\u00e9nergie et moins de co\u00fbts fixes ; pour les employ\u00e9s, moins de transport et moins de nourriture d\u00e9pens\u00e9e hors de chez eux.<\/li>\n\n\n\n<li>Attirer les talents : la flexibilit\u00e9 est un facteur d\u00e9cisif pour les collaborateurs potentiels.<\/li>\n<\/ul>\n\n\n\n<h5 class=\"wp-block-heading\"><strong>Risques<\/strong><\/h5>\n\n\n\n<ul>\n<li>Fatigue num\u00e9rique et fronti\u00e8res floues entre vie personnelle et vie professionnelle : travailler sans \u00ab fermer la porte \u00bb du bureau physique peut conduire \u00e0 l\u2019\u00e9puisement professionnel.<\/li>\n\n\n\n<li>In\u00e9galit\u00e9 technologique : tout le monde n\u2019a pas acc\u00e8s \u00e0 Internet haut d\u00e9bit, \u00e0 un espace ad\u00e9quat ou \u00e0 des \u00e9quipements modernes.<\/li>\n\n\n\n<li>Perte de la culture d\u2019entreprise et de la communication informelle : les conversations spontan\u00e9es qui surgissent au bureau sont perdues ; cela peut affecter la cr\u00e9ativit\u00e9 et la coh\u00e9sion.<\/li>\n<\/ul>\n\n\n\n<h4 class=\"wp-block-heading\"> <strong>Strat\u00e9gies d&#039;adaptation au t\u00e9l\u00e9travail en 2025\u00a0: les nouvelles tendances du t\u00e9l\u00e9travail<\/strong><\/h4>\n\n\n\n<p>Pour vous assurer que votre entreprise ou vous-m\u00eame en tant que professionnel ne soyez pas \u00e0 la tra\u00eene, voici des strat\u00e9gies pratiques.<\/p>\n\n\n\n<h5 class=\"wp-block-heading\"><strong>A. \u00c9tablissement de politiques claires<\/strong><\/h5>\n\n\n\n<p>D\u00e9finir les attentes : quand la pr\u00e9sence en personne est obligatoire, les crit\u00e8res d\u2019utilisation des espaces de coworking et les horaires flexibles.<\/p>\n\n\n\n<p>Faites savoir \u00e0 tout le monde quand, comment et ce qui est attendu.<\/p>\n\n\n\n<h5 class=\"wp-block-heading\"><strong>B. Investissement dans des infrastructures ad\u00e9quates<\/strong><\/h5>\n\n\n\n<p>Assurez-vous que vos employ\u00e9s distants disposent d\u2019un bon acc\u00e8s Internet, d\u2019un mat\u00e9riel fiable et d\u2019espaces bien entretenus.<\/p>\n\n\n\n<p>Envisagez des subventions pour le mobilier ergonomique, les \u00e9crans et les chaises si vous utilisez un bureau \u00e0 domicile.<\/p>\n\n\n\n<h5 class=\"wp-block-heading\"><strong>C. Communication fr\u00e9quente et culture \u00e0 distance<\/strong><\/h5>\n\n\n\n<p>R\u00e9unions r\u00e9guli\u00e8res, mais aussi espaces virtuels informels de d\u00e9tente et de convivialit\u00e9. Retour d&#039;information continu\u00a0: ce qui fonctionne, ce qui ne fonctionne pas et ajustements \u00e0 apporter.<\/p>\n\n\n\n<h5 class=\"wp-block-heading\"><strong>D. Formation et sant\u00e9 mentale<\/strong><\/h5>\n\n\n\n<p>Formations sur la gestion du temps \u00e0 distance, les outils num\u00e9riques et les soins personnels. Programmes de soutien psychologique si n\u00e9cessaire.<\/p>\n\n\n\n<p>Reconnaissez que travailler \u00e0 distance ne signifie pas \u00eatre toujours \u00ab connect\u00e9 \u00bb.<\/p>\n\n\n\n<p>En savoir plus:&nbsp;<a href=\"https:\/\/universofamilia.com\/fr\/los-paises-mas-avanzados-en-regulacion-de-ia-en-2025\/\">Les pays les plus avanc\u00e9s en mati\u00e8re de r\u00e9glementation de l&#039;IA en 2025<\/a><\/p>\n\n\n\n<h4 class=\"wp-block-heading\"><strong>Exemples originaux<\/strong><\/h4>\n\n\n\n<p><strong>Exemple 1 :<\/strong> Une soci\u00e9t\u00e9 de d\u00e9veloppement de logiciels de Guadalajara a mis en place un mod\u00e8le hybride pour 2025 : des lundis, mardis et jeudis \u00e0 distance ; une assembl\u00e9e g\u00e9n\u00e9rale en personne le mercredi ; et du coworking facultatif le vendredi.<\/p>\n\n\n\n<p>Il a offert une subvention mensuelle \u00e0 chaque d\u00e9veloppeur pour acheter un bureau ergonomique \u00e0 domicile et a constat\u00e9 une r\u00e9duction des erreurs de code de 15 % par rapport au mod\u00e8le \u00e0 distance de 100 % de l&#039;ann\u00e9e pr\u00e9c\u00e9dente.<\/p>\n\n\n\n<p><strong>Exemple 2 :<\/strong> Une organisation \u00e9ducative de Mexico a lanc\u00e9 des cours virtuels et un travail administratif \u00e0 distance, mais a maintenu des cours trimestriels en personne.<\/p>\n\n\n\n<p>De plus, elle a \u00e9tabli des horaires d\u00e9cal\u00e9s pour son personnel et mis en place une plateforme interne permettant de r\u00e9server des espaces de coworking locaux.<\/p>\n\n\n\n<p>R\u00e9sultat : augmentation de la satisfaction du personnel (selon une enqu\u00eate interne) et r\u00e9duction des co\u00fbts de transport pour plus de 50 enseignants %.<\/p>\n\n\n\n<h4 class=\"wp-block-heading\"><strong>Statistiques pertinentes<\/strong><\/h4>\n\n\n\n<p>Des \u00e9tudes mondiales montrent que le travail \u00e0 distance s&#039;est r\u00e9cemment stabilis\u00e9 : en moyenne <strong>1,23 jours par semaine<\/strong> travaill\u00e9 \u00e0 domicile pour ceux qui ont fait des \u00e9tudes sup\u00e9rieures, ce qui repr\u00e9sente environ <strong>25 % des jours ouvrables<\/strong> dans ces cas. <\/p>\n\n\n\n<h3 class=\"wp-block-heading\"><strong>Br\u00e8ve comparaison : travail \u00e0 distance vs bureau traditionnel<\/strong><\/h3>\n\n\n\n<figure class=\"wp-block-table\"><table><thead><tr><th>Aspect<\/th><th>Bureau traditionnel<\/th><th>Travail \u00e0 distance\/hybride avanc\u00e9<\/th><\/tr><\/thead><tbody><tr><td>Horaires flexibles<\/td><td>Limit\u00e9, rigide<\/td><td>\u00c9lev\u00e9, adaptable selon les objectifs personnels<\/td><\/tr><tr><td>Co\u00fbts physiques<\/td><td>Arr\u00eats pour le transport et l&#039;entretien des bureaux<\/td><td>Mineurs pour les salari\u00e9s et les entreprises<\/td><\/tr><tr><td>Interaction sociale<\/td><td>\u00c9lev\u00e9, spontan\u00e9<\/td><td>D\u00e9clin possible, n\u00e9cessite des strat\u00e9gies actives<\/td><\/tr><tr><td>Exigences technologiques<\/td><td>De base au bureau<\/td><td>Un bon Internet et des outils num\u00e9riques sont essentiels.<\/td><\/tr><tr><td>\u00c9quilibre entre vie professionnelle et vie priv\u00e9e<\/td><td>Plus d\u00e9limit\u00e9<\/td><td>Cela d\u00e9pend beaucoup de la discipline et de l&#039;organisation<\/td><\/tr><\/tbody><\/table><figcaption class=\"wp-element-caption\">T\u00e9l\u00e9travail en 2025 : les nouvelles tendances du t\u00e9l\u00e9travail<\/figcaption><\/figure>\n\n\n\n<figure class=\"wp-block-gallery aligncenter has-nested-images columns-default is-cropped wp-block-gallery-2 is-layout-flex wp-block-gallery-is-layout-flex\">\n<figure class=\"wp-block-image size-full\"><img loading=\"lazy\" decoding=\"async\" width=\"550\" height=\"350\" data-id=\"9973\" src=\"https:\/\/universofamilia.com\/wp-content\/uploads\/sites\/148\/2025\/10\/DESTAQUE-UNIVERSO-550-x-350-14.jpg\" alt=\"\" class=\"wp-image-9973\" srcset=\"https:\/\/universofamilia.com\/wp-content\/uploads\/sites\/148\/2025\/10\/DESTAQUE-UNIVERSO-550-x-350-14.jpg 550w, https:\/\/universofamilia.com\/wp-content\/uploads\/sites\/148\/2025\/10\/DESTAQUE-UNIVERSO-550-x-350-14-300x191.jpg 300w, https:\/\/universofamilia.com\/wp-content\/uploads\/sites\/148\/2025\/10\/DESTAQUE-UNIVERSO-550-x-350-14-18x12.jpg 18w\" sizes=\"(max-width: 550px) 100vw, 550px\" \/><figcaption class=\"wp-element-caption\">CANVA<\/figcaption><\/figure>\n<\/figure>\n\n\n\n<h3 class=\"wp-block-heading\"><strong>Conclusion<\/strong><\/h3>\n\n\n\n<p><strong>T\u00e9l\u00e9travail en 2025 : les nouvelles tendances du t\u00e9l\u00e9travail<\/strong> Il ne s\u2019agit pas seulement d\u2019un label moderne, mais de l\u2019\u00e9volution naturelle du travail \u00e0 l\u2019\u00e8re num\u00e9rique.<\/p>\n\n\n\n<p>Les entreprises qui investissent dans une r\u00e9elle flexibilit\u00e9, des infrastructures ad\u00e9quates et des soins humains sont mieux plac\u00e9es pour retenir les talents et rester comp\u00e9titives.<\/p>\n\n\n\n<p>Il ne s&#039;agit pas de revenir au pass\u00e9 avec des bureaux surpeupl\u00e9s, ni d&#039;imposer un t\u00e9l\u00e9travail non structur\u00e9. \u00c9quilibre, clart\u00e9 et adaptation seront vos meilleurs alli\u00e9s.<\/p>\n\n\n\n<p>En savoir plus:<a href=\"https:\/\/universofamilia.com\/fr\/inteligencia-artificial-en-el-dia-a-dia\/\">&nbsp;L&#039;intelligence artificielle au quotidien<\/a><\/p>\n\n\n\n<h3 class=\"wp-block-heading\"><strong>Questions fr\u00e9quemment pos\u00e9es<\/strong><\/h3>\n\n\n\n<p><strong>1. Combien de jours par semaine sont consid\u00e9r\u00e9s comme optimaux pour travailler \u00e0 domicile ?<\/strong><br>Cela d\u00e9pend du type de t\u00e2che, de la culture de l\u2019entreprise et des pr\u00e9f\u00e9rences personnelles.<\/p>\n\n\n\n<p>De nombreux mod\u00e8les indiquent que 2 \u00e0 3 jours \u00e0 distance par semaine sont id\u00e9aux pour les r\u00f4les mixtes, tout en maintenant l&#039;interaction en personne pour l&#039;alignement, la culture et la cr\u00e9ativit\u00e9.<\/p>\n\n\n\n<p><strong>2. Comment puis-je \u00e9viter que le travail \u00e0 distance n\u2019affecte ma visibilit\u00e9 et mes possibilit\u00e9s d\u2019avancement ?<\/strong><br>Maintenez une pr\u00e9sence virtuelle : participez \u00e0 des r\u00e9unions, proposez des projets, communiquez vos r\u00e9alisations.<\/p>\n\n\n\n<p>Il est essentiel que la direction reconnaisse le travail \u00e0 distance comme l\u00e9gitime et qu\u2019il existe des mesures de performance bas\u00e9es sur les r\u00e9sultats.<\/p>\n\n\n\n<p><strong>3. Quels outils sont essentiels au travail \u00e0 distance moderne ?<\/strong><br><\/p>\n\n\n\n<p>Une connexion stable et <a href=\"https:\/\/universofamilia.com\/fr\/como-montar-un-home-office-productivo-gastando-poco\/\">Internet<\/a> Rapide ; plateformes de collaboration comme Slack, Microsoft Teams ou similaires ; logiciels de gestion des t\u00e2ches (Trello, Asana, Notion) ; outils de visioconf\u00e9rence ; sauvegarde des donn\u00e9es ; et solutions de s\u00e9curit\u00e9 informatique.<\/p>\n\n\n\n<p><strong>4. Comment assurer le bien-\u00eatre mental et physique en t\u00e9l\u00e9travail ?<\/strong><br>\u00c9tablissez des horaires avec des pauses planifi\u00e9es, un espace de travail d\u00e9di\u00e9 qui favorise la concentration, le soulagement des yeux et l\u2019exercice r\u00e9gulier.<\/p>\n\n\n\n<p>S\u00e9parer les espaces de travail des espaces de repos est tout aussi important que de disposer de bons outils num\u00e9riques.<\/p>","protected":false},"excerpt":{"rendered":"<p>Le t\u00e9l\u00e9travail en 2025\u00a0: les nouvelles tendances du travail \u00e0 domicile font d\u00e9j\u00e0 partie int\u00e9grante de l\u2019organisation de nombreuses entreprises\u00a0; il ne s\u2019agit pas d\u2019une mode passag\u00e8re, mais d\u2019une transformation profonde. Dans cet article, vous d\u00e9couvrirez\u00a0: Connaissez-vous les caract\u00e9ristiques qui d\u00e9finiront le t\u00e9l\u00e9travail cette ann\u00e9e\u00a0? L\u2019\u00e9tat actuel du t\u00e9l\u00e9travail au Mexique [\u2026]<\/p>","protected":false},"author":219,"featured_media":9992,"comment_status":"closed","ping_status":"open","sticky":false,"template":"","format":"standard","meta":{"footnotes":""},"categories":[5],"tags":[],"yoast_head":"<!-- This site is optimized with the Yoast SEO plugin v23.3 - https:\/\/yoast.com\/wordpress\/plugins\/seo\/ -->\n<title>El teletrabajo en 2025: las nuevas tendencias del home office - Universo Fam\u00edlia<\/title>\n<meta name=\"description\" content=\"El teletrabajo en 2025: las nuevas tendencias del home office ya forma parte de la estructura laboral de muchas empresas; no es una moda...\" \/>\n<meta name=\"robots\" content=\"index, follow, max-snippet:-1, max-image-preview:large, max-video-preview:-1\" \/>\n<link rel=\"canonical\" href=\"http:\/\/universofamilia.com\/fr\/el-teletrabajo-en-2025-las-nuevas-tendencias-del-home-office\/\" \/>\n<meta property=\"og:locale\" content=\"fr_FR\" \/>\n<meta property=\"og:type\" content=\"article\" \/>\n<meta property=\"og:title\" content=\"El teletrabajo en 2025: las nuevas tendencias del home office - Universo Fam\u00edlia\" \/>\n<meta property=\"og:description\" content=\"El teletrabajo en 2025: las nuevas tendencias del home office ya forma parte de la estructura laboral de muchas empresas; no es una moda...\" \/>\n<meta property=\"og:url\" content=\"http:\/\/universofamilia.com\/fr\/el-teletrabajo-en-2025-las-nuevas-tendencias-del-home-office\/\" \/>\n<meta property=\"og:site_name\" content=\"Universo Fam\u00edlia\" \/>\n<meta property=\"article:published_time\" content=\"2025-10-10T20:48:08+00:00\" \/>\n<meta property=\"article:modified_time\" content=\"2025-10-15T19:09:34+00:00\" \/>\n<meta property=\"og:image\" content=\"http:\/\/universofamilia.com\/wp-content\/uploads\/sites\/148\/2025\/10\/Destaque-Universo-3-1.jpg\" \/>\n\t<meta property=\"og:image:width\" content=\"450\" \/>\n\t<meta property=\"og:image:height\" content=\"250\" \/>\n\t<meta property=\"og:image:type\" content=\"image\/jpeg\" \/>\n<meta name=\"author\" content=\"Matheus Sangaletti\" \/>\n<meta name=\"twitter:card\" content=\"summary_large_image\" \/>\n<meta name=\"twitter:label1\" content=\"Written by\" \/>\n\t<meta name=\"twitter:data1\" content=\"Matheus Sangaletti\" \/>\n\t<meta name=\"twitter:label2\" content=\"Est. reading time\" \/>\n\t<meta name=\"twitter:data2\" content=\"8 minutes\" \/>\n<script type=\"application\/ld+json\" class=\"yoast-schema-graph\">{\"@context\":\"https:\/\/schema.org\",\"@graph\":[{\"@type\":\"WebPage\",\"@id\":\"http:\/\/universofamilia.com\/sr\/el-teletrabajo-en-2025-las-nuevas-tendencias-del-home-office\/\",\"url\":\"http:\/\/universofamilia.com\/sr\/el-teletrabajo-en-2025-las-nuevas-tendencias-del-home-office\/\",\"name\":\"El teletrabajo en 2025: las nuevas tendencias del home office - Universo Fam\u00edlia\",\"isPartOf\":{\"@id\":\"http:\/\/universofamilia.com\/zh_hk\/#website\"},\"primaryImageOfPage\":{\"@id\":\"http:\/\/universofamilia.com\/sr\/el-teletrabajo-en-2025-las-nuevas-tendencias-del-home-office\/#primaryimage\"},\"image\":{\"@id\":\"http:\/\/universofamilia.com\/sr\/el-teletrabajo-en-2025-las-nuevas-tendencias-del-home-office\/#primaryimage\"},\"thumbnailUrl\":\"https:\/\/universofamilia.com\/wp-content\/uploads\/sites\/148\/2025\/10\/Destaque-Universo-3-1.jpg\",\"datePublished\":\"2025-10-10T20:48:08+00:00\",\"dateModified\":\"2025-10-15T19:09:34+00:00\",\"author\":{\"@id\":\"http:\/\/universofamilia.com\/zh_hk\/#\/schema\/person\/92fcd07e9b1f4323bf74f3170fc0f78a\"},\"description\":\"El teletrabajo en 2025: las nuevas tendencias del home office ya forma parte de la estructura laboral de muchas empresas; no es una moda...\",\"breadcrumb\":{\"@id\":\"http:\/\/universofamilia.com\/sr\/el-teletrabajo-en-2025-las-nuevas-tendencias-del-home-office\/#breadcrumb\"},\"inLanguage\":\"fr-FR\",\"potentialAction\":[{\"@type\":\"ReadAction\",\"target\":[\"http:\/\/universofamilia.com\/sr\/el-teletrabajo-en-2025-las-nuevas-tendencias-del-home-office\/\"]}]},{\"@type\":\"ImageObject\",\"inLanguage\":\"fr-FR\",\"@id\":\"http:\/\/universofamilia.com\/sr\/el-teletrabajo-en-2025-las-nuevas-tendencias-del-home-office\/#primaryimage\",\"url\":\"https:\/\/universofamilia.com\/wp-content\/uploads\/sites\/148\/2025\/10\/Destaque-Universo-3-1.jpg\",\"contentUrl\":\"https:\/\/universofamilia.com\/wp-content\/uploads\/sites\/148\/2025\/10\/Destaque-Universo-3-1.jpg\",\"width\":450,\"height\":250,\"caption\":\"Trabalho remoto em 2025: as novas tend\u00eancias do home office\"},{\"@type\":\"BreadcrumbList\",\"@id\":\"http:\/\/universofamilia.com\/sr\/el-teletrabajo-en-2025-las-nuevas-tendencias-del-home-office\/#breadcrumb\",\"itemListElement\":[{\"@type\":\"ListItem\",\"position\":1,\"name\":\"Home\",\"item\":\"http:\/\/universofamilia.com\/zh_hk\/\"},{\"@type\":\"ListItem\",\"position\":2,\"name\":\"El teletrabajo en 2025: las nuevas tendencias del home office\"}]},{\"@type\":\"WebSite\",\"@id\":\"http:\/\/universofamilia.com\/zh_hk\/#website\",\"url\":\"http:\/\/universofamilia.com\/zh_hk\/\",\"name\":\"Universo Fam\u00edlia\",\"description\":\"\",\"potentialAction\":[{\"@type\":\"SearchAction\",\"target\":{\"@type\":\"EntryPoint\",\"urlTemplate\":\"http:\/\/universofamilia.com\/zh_hk\/?s={search_term_string}\"},\"query-input\":\"required name=search_term_string\"}],\"inLanguage\":\"fr-FR\"},{\"@type\":\"Person\",\"@id\":\"http:\/\/universofamilia.com\/zh_hk\/#\/schema\/person\/92fcd07e9b1f4323bf74f3170fc0f78a\",\"name\":\"Matheus Sangaletti\",\"image\":{\"@type\":\"ImageObject\",\"inLanguage\":\"fr-FR\",\"@id\":\"http:\/\/universofamilia.com\/zh_hk\/#\/schema\/person\/image\/\",\"url\":\"https:\/\/secure.gravatar.com\/avatar\/280ea957a14a48e6a1ad2133d2cc27c9?s=96&d=mm&r=g\",\"contentUrl\":\"https:\/\/secure.gravatar.com\/avatar\/280ea957a14a48e6a1ad2133d2cc27c9?s=96&d=mm&r=g\",\"caption\":\"Matheus Sangaletti\"},\"url\":\"https:\/\/universofamilia.com\/fr\/author\/matheuss\/\"}]}<\/script>\n<!-- \/ Yoast SEO plugin. -->","yoast_head_json":{"title":"El teletrabajo en 2025: las nuevas tendencias del home office - Universo Fam\u00edlia","description":"El teletrabajo en 2025: las nuevas tendencias del home office ya forma parte de la estructura laboral de muchas empresas; no es una moda...","robots":{"index":"index","follow":"follow","max-snippet":"max-snippet:-1","max-image-preview":"max-image-preview:large","max-video-preview":"max-video-preview:-1"},"canonical":"http:\/\/universofamilia.com\/fr\/el-teletrabajo-en-2025-las-nuevas-tendencias-del-home-office\/","og_locale":"fr_FR","og_type":"article","og_title":"El teletrabajo en 2025: las nuevas tendencias del home office - Universo Fam\u00edlia","og_description":"El teletrabajo en 2025: las nuevas tendencias del home office ya forma parte de la estructura laboral de muchas empresas; no es una moda...","og_url":"http:\/\/universofamilia.com\/fr\/el-teletrabajo-en-2025-las-nuevas-tendencias-del-home-office\/","og_site_name":"Universo Fam\u00edlia","article_published_time":"2025-10-10T20:48:08+00:00","article_modified_time":"2025-10-15T19:09:34+00:00","og_image":[{"width":450,"height":250,"url":"http:\/\/universofamilia.com\/wp-content\/uploads\/sites\/148\/2025\/10\/Destaque-Universo-3-1.jpg","type":"image\/jpeg"}],"author":"Matheus Sangaletti","twitter_card":"summary_large_image","twitter_misc":{"Written by":"Matheus Sangaletti","Est. reading time":"8 minutes"},"schema":{"@context":"https:\/\/schema.org","@graph":[{"@type":"WebPage","@id":"http:\/\/universofamilia.com\/sr\/el-teletrabajo-en-2025-las-nuevas-tendencias-del-home-office\/","url":"http:\/\/universofamilia.com\/sr\/el-teletrabajo-en-2025-las-nuevas-tendencias-del-home-office\/","name":"El teletrabajo en 2025: las nuevas tendencias del home office - Universo Fam\u00edlia","isPartOf":{"@id":"http:\/\/universofamilia.com\/zh_hk\/#website"},"primaryImageOfPage":{"@id":"http:\/\/universofamilia.com\/sr\/el-teletrabajo-en-2025-las-nuevas-tendencias-del-home-office\/#primaryimage"},"image":{"@id":"http:\/\/universofamilia.com\/sr\/el-teletrabajo-en-2025-las-nuevas-tendencias-del-home-office\/#primaryimage"},"thumbnailUrl":"https:\/\/universofamilia.com\/wp-content\/uploads\/sites\/148\/2025\/10\/Destaque-Universo-3-1.jpg","datePublished":"2025-10-10T20:48:08+00:00","dateModified":"2025-10-15T19:09:34+00:00","author":{"@id":"http:\/\/universofamilia.com\/zh_hk\/#\/schema\/person\/92fcd07e9b1f4323bf74f3170fc0f78a"},"description":"El teletrabajo en 2025: las nuevas tendencias del home office ya forma parte de la estructura laboral de muchas empresas; no es una moda...","breadcrumb":{"@id":"http:\/\/universofamilia.com\/sr\/el-teletrabajo-en-2025-las-nuevas-tendencias-del-home-office\/#breadcrumb"},"inLanguage":"fr-FR","potentialAction":[{"@type":"ReadAction","target":["http:\/\/universofamilia.com\/sr\/el-teletrabajo-en-2025-las-nuevas-tendencias-del-home-office\/"]}]},{"@type":"ImageObject","inLanguage":"fr-FR","@id":"http:\/\/universofamilia.com\/sr\/el-teletrabajo-en-2025-las-nuevas-tendencias-del-home-office\/#primaryimage","url":"https:\/\/universofamilia.com\/wp-content\/uploads\/sites\/148\/2025\/10\/Destaque-Universo-3-1.jpg","contentUrl":"https:\/\/universofamilia.com\/wp-content\/uploads\/sites\/148\/2025\/10\/Destaque-Universo-3-1.jpg","width":450,"height":250,"caption":"Trabalho remoto em 2025: as novas tend\u00eancias do home office"},{"@type":"BreadcrumbList","@id":"http:\/\/universofamilia.com\/sr\/el-teletrabajo-en-2025-las-nuevas-tendencias-del-home-office\/#breadcrumb","itemListElement":[{"@type":"ListItem","position":1,"name":"Home","item":"http:\/\/universofamilia.com\/zh_hk\/"},{"@type":"ListItem","position":2,"name":"El teletrabajo en 2025: las nuevas tendencias del home office"}]},{"@type":"WebSite","@id":"http:\/\/universofamilia.com\/zh_hk\/#website","url":"http:\/\/universofamilia.com\/zh_hk\/","name":"Universo Fam\u00edlia","description":"","potentialAction":[{"@type":"SearchAction","target":{"@type":"EntryPoint","urlTemplate":"http:\/\/universofamilia.com\/zh_hk\/?s={search_term_string}"},"query-input":"required name=search_term_string"}],"inLanguage":"fr-FR"},{"@type":"Person","@id":"http:\/\/universofamilia.com\/zh_hk\/#\/schema\/person\/92fcd07e9b1f4323bf74f3170fc0f78a","name":"Matheus Sangaletti","image":{"@type":"ImageObject","inLanguage":"fr-FR","@id":"http:\/\/universofamilia.com\/zh_hk\/#\/schema\/person\/image\/","url":"https:\/\/secure.gravatar.com\/avatar\/280ea957a14a48e6a1ad2133d2cc27c9?s=96&d=mm&r=g","contentUrl":"https:\/\/secure.gravatar.com\/avatar\/280ea957a14a48e6a1ad2133d2cc27c9?s=96&d=mm&r=g","caption":"Matheus Sangaletti"},"url":"https:\/\/universofamilia.com\/fr\/author\/matheuss\/"}]}},"_links":{"self":[{"href":"https:\/\/universofamilia.com\/fr\/wp-json\/wp\/v2\/posts\/9970"}],"collection":[{"href":"https:\/\/universofamilia.com\/fr\/wp-json\/wp\/v2\/posts"}],"about":[{"href":"https:\/\/universofamilia.com\/fr\/wp-json\/wp\/v2\/types\/post"}],"author":[{"embeddable":true,"href":"https:\/\/universofamilia.com\/fr\/wp-json\/wp\/v2\/users\/219"}],"replies":[{"embeddable":true,"href":"https:\/\/universofamilia.com\/fr\/wp-json\/wp\/v2\/comments?post=9970"}],"version-history":[{"count":4,"href":"https:\/\/universofamilia.com\/fr\/wp-json\/wp\/v2\/posts\/9970\/revisions"}],"predecessor-version":[{"id":10159,"href":"https:\/\/universofamilia.com\/fr\/wp-json\/wp\/v2\/posts\/9970\/revisions\/10159"}],"wp:featuredmedia":[{"embeddable":true,"href":"https:\/\/universofamilia.com\/fr\/wp-json\/wp\/v2\/media\/9992"}],"wp:attachment":[{"href":"https:\/\/universofamilia.com\/fr\/wp-json\/wp\/v2\/media?parent=9970"}],"wp:term":[{"taxonomy":"category","embeddable":true,"href":"https:\/\/universofamilia.com\/fr\/wp-json\/wp\/v2\/categories?post=9970"},{"taxonomy":"post_tag","embeddable":true,"href":"https:\/\/universofamilia.com\/fr\/wp-json\/wp\/v2\/tags?post=9970"}],"curies":[{"name":"wp","href":"https:\/\/api.w.org\/{rel}","templated":true}]}}