{"id":10073,"date":"2025-10-13T12:50:28","date_gmt":"2025-10-13T15:50:28","guid":{"rendered":"https:\/\/universofamilia.com\/?p=10073"},"modified":"2025-10-16T15:40:53","modified_gmt":"2025-10-16T18:40:53","slug":"ambiental","status":"publish","type":"post","link":"https:\/\/universofamilia.com\/hr\/ambiental\/","title":{"rendered":"10 odr\u017eivih akcija za smanjenje ekolo\u0161ke krize"},"content":{"rendered":"<p class=\"has-text-align-center\">The <strong>10 odr\u017eivih akcija za smanjenje u\u010dinaka ekolo\u0161ke krize<\/strong> postali su hitni prioritet za \u010dovje\u010danstvo.<\/p>\n\n\n\n<figure class=\"wp-block-gallery aligncenter has-nested-images columns-default is-cropped wp-block-gallery-1 is-layout-flex wp-block-gallery-is-layout-flex\">\n<figure class=\"wp-block-image size-full\"><img loading=\"lazy\" decoding=\"async\" width=\"450\" height=\"250\" data-id=\"10075\" src=\"https:\/\/universofamilia.com\/wp-content\/uploads\/sites\/148\/2025\/10\/Destaque-Novo-Universo-2-1.jpg\" alt=\"\" class=\"wp-image-10075\" srcset=\"https:\/\/universofamilia.com\/wp-content\/uploads\/sites\/148\/2025\/10\/Destaque-Novo-Universo-2-1.jpg 450w, https:\/\/universofamilia.com\/wp-content\/uploads\/sites\/148\/2025\/10\/Destaque-Novo-Universo-2-1-300x167.jpg 300w, https:\/\/universofamilia.com\/wp-content\/uploads\/sites\/148\/2025\/10\/Destaque-Novo-Universo-2-1-18x10.jpg 18w\" sizes=\"(max-width: 450px) 100vw, 450px\" \/><figcaption class=\"wp-element-caption\">CANVA<\/figcaption><\/figure>\n<\/figure>\n\n\n\n<p>Degradacija okoli\u0161a, gubitak bioraznolikosti i klimatske promjene vi\u0161e nisu problemi budu\u0107nosti; njihovi u\u010dinci utje\u010du na svakodnevni \u017eivot milijuna ljudi u Meksiku i diljem svijeta.<\/p>\n\n\n\n<p>Od dugotrajnih su\u0161a do ekstremnih toplinskih valova, znakovi ekolo\u0161ke krize postaju vidljivi u na\u0161im gradovima i selima.<\/p>\n\n\n\n<p>Usvajanje odr\u017eivih navika ne samo da \u0161titi planet, ve\u0107 i pobolj\u0161ava kvalitetu \u017eivota, ja\u010da lokalna gospodarstva i smanjuje zdravstvene rizike.<\/p>\n\n\n\n<p>Ovaj \u010dlanak nudi prakti\u010dan i dobro utemeljen pristup, pokazuju\u0107i kako individualne i kolektivne odluke mogu napraviti razliku.<\/p>\n\n\n\n<p><strong>Sa\u017eetak:<\/strong><\/p>\n\n\n\n<ol>\n<li>Hitnost odr\u017eivosti u 2025. godini<\/li>\n\n\n\n<li>10 klju\u010dnih odr\u017eivih akcija i kako ih primijeniti<\/li>\n\n\n\n<li>Trenutni i stvarni primjeri implementacije<\/li>\n\n\n\n<li>Ekonomske, dru\u0161tvene i ekolo\u0161ke koristi odr\u017eivosti<\/li>\n\n\n\n<li>Kako u\u010dinkovito integrirati ove akcije u svakodnevni \u017eivot<\/li>\n\n\n\n<li>Zaklju\u010dak i \u010desto postavljana pitanja<\/li>\n<\/ol>\n\n\n\n<h3 class=\"wp-block-heading\"><strong>Hitnost odr\u017eivosti u 2025. godini<\/strong><\/h3>\n\n\n\n<p>Stopa degradacije okoli\u0161a dosegla je alarmantne razine. Prema <em>Izvje\u0161\u0107e o globalnom stanju okoli\u0161a za 2024. godinu<\/em> UN-a, <strong>Vi\u0161e od 75% kopnenih ekosustava zna\u010dajno je izmijenjeno<\/strong>, a oceani do\u017eivljavaju povijesno visoke razine one\u010di\u0161\u0107enja plastikom i CO\u2082-om.<\/p>\n\n\n\n<p>Nadalje, predvi\u0111a se da \u0107e globalne temperature porasti u prosjeku za 1,5 \u00b0C do kraja 2030. bez hitne akcije.<\/p>\n\n\n\n<p>Da bismo to bolje razumjeli, zamislite planet kao \u017eivi organizam: svaka ljudska akcija mo\u017ee biti lijek ili otrov.<\/p>\n\n\n\n<p>Prekomjerne emisije, kr\u010denje \u0161uma i nekontrolirana potro\u0161nja slabe njihove vitalne sustave, utje\u010du\u0107i na zdravlje, sigurnost hrane i ekonomsku stabilnost.<\/p>\n\n\n\n<p>Odr\u017eivost nije samo ideal; to je strategija pre\u017eivljavanja.<\/p>\n\n\n\n<p>U Meksiku su posljedice opipljive:<\/p>\n\n\n\n<ul>\n<li>Mexico City i Monterrey suo\u010davaju se s toplinskim valovima s temperaturama ve\u0107im od 40\u00b0C, koji poga\u0111aju milijune stanovnika.<\/li>\n\n\n\n<li>U Oaxaci i Chiapasu, poljoprivreda se suo\u010dava s gubicima do 20% uroda zbog dugotrajnih su\u0161a i promjena u obrascima oborina.<\/li>\n\n\n\n<li>Zaga\u0111enje zraka u industrijskim gradovima uzrokuje respiratorne bolesti koje posebno poga\u0111aju djecu i starije odrasle osobe.<\/li>\n<\/ul>\n\n\n\n<p>Suo\u010deni s ovom stvarno\u0161\u0107u, <strong>10 odr\u017eivih akcija za smanjenje u\u010dinaka ekolo\u0161ke krize<\/strong> Oni nisu opcionalni; oni su neophodni za za\u0161titu \u017eivota i ekosustava.<\/p>\n\n\n\n<h3 class=\"wp-block-heading\"><strong>10 odr\u017eivih akcija za smanjenje u\u010dinaka ekolo\u0161ke krize<\/strong><\/h3>\n\n\n\n<p>U nastavku su navedene konkretne strategije s a\u017euriranim informacijama, primjerima iz stvarnog \u017eivota i prakti\u010dnim preporukama za njihovu integraciju u svakodnevni \u017eivot.<\/p>\n\n\n\n<h4 class=\"wp-block-heading\"><strong>Smanjite potro\u0161nju energije<\/strong><\/h4>\n\n\n\n<p>Prekomjerna potro\u0161nja energije zna\u010dajno doprinosi emisijama CO\u2082.<\/p>\n\n\n\n<p>Male akcije, poput zamjene \u017earulja sa \u017earnom niti LED \u017earuljama, isklju\u010divanja ure\u0111aja iz struje kada se ne koriste i odabir energetski u\u010dinkovitih ure\u0111aja mogu zna\u010dajno smanjiti uglji\u010dni otisak doma.<\/p>\n\n\n\n<p>U Mexico Cityju, programi energetske u\u010dinkovitosti omogu\u0107ili su vi\u0161e od <strong>500.000 ku\u0107anstava<\/strong> smanjiti potro\u0161nju elektri\u010dne energije u prosjeku za 15 % godi\u0161nje, ostvaruju\u0107i ekonomske u\u0161tede i smanjuju\u0107i one\u010di\u0161\u0107enje.<\/p>\n\n\n\n<h4 class=\"wp-block-heading\"><strong>Odr\u017eiva mobilnost<\/strong><\/h4>\n\n\n\n<p>Odabir javnog prijevoza, bicikala ili elektri\u010dnih vozila ne samo da smanjuje emisije one\u010di\u0161\u0107uju\u0107ih tvari ve\u0107 i pobolj\u0161ava kvalitetu \u017eivota u gradu.<\/p>\n\n\n\n<p>Gradovi poput Guadalajare i Monterreya uveli su biciklisti\u010dke staze i elektri\u010dne prijevozne sustave od kojih dnevno koristi ima vi\u0161e od 1,5 milijuna ljudi.<\/p>\n\n\n\n<p>Osim toga, odr\u017eiva mobilnost smanjuje promet, smanjuje nesre\u0107e i poti\u010de zdrave navike.<\/p>\n\n\n\n<p>Mo\u017eete li zamisliti dan u \u017eivotu u kojem hodanje ili vo\u017enja biciklom postanu norma, a ne iznimka?<\/p>\n\n\n\n<h4 class=\"wp-block-heading\"><strong>Svjesno jedenje<\/strong><\/h4>\n\n\n\n<p>Proizvodnja hrane, posebno mesa i mlije\u010dnih proizvoda, odgovorna je za otprilike 25 % globalnih emisija stakleni\u010dkih plinova.<\/p>\n\n\n\n<p>Smanjenje potro\u0161nje mesa, odabir lokalnih i sezonskih proizvoda te davanje prioriteta povrtnim kulturama poma\u017ee smanjiti pritisak na ekosustave i ja\u010da gospodarstva zajednica.<\/p>\n\n\n\n<p>U Michoac\u00e1nu su lokalni poljoprivrednici usvojili raznolike usjeve i organske tehnike, pove\u0107avaju\u0107i proizvodnju povr\u0107a za 30% i smanjuju\u0107i upotrebu kemijskih pesticida.<\/p>\n\n\n\n<h4 class=\"wp-block-heading\"><strong>Odgovorno upravljanje vodama<\/strong><\/h4>\n\n\n\n<p>Voda je ograni\u010den resurs, a njezino u\u010dinkovito upravljanje je klju\u010dno. Ugradnja ure\u0111aja za u\u0161tedu vode, sakupljanje ki\u0161nice i popravak curenja osnovne su, ali u\u010dinkovite mjere.<\/p>\n\n\n\n<p>U Oaxaci su ruralne zajednice uspjele oporaviti lokalne vodonosnike putem sustava za sakupljanje ki\u0161nice i edukacije zajednice, pobolj\u0161avaju\u0107i dostupnost pitke vode i osiguravaju\u0107i kontinuitet poljoprivrede.<\/p>\n\n\n\n<h4 class=\"wp-block-heading\"><strong>Smanjenje otpada i recikliranje<\/strong><\/h4>\n\n\n\n<p>Odvajanje sme\u0107a, kompostiranje organskog otpada i ponovna upotreba materijala sprje\u010davaju da tone otpada zavr\u0161e na odlagali\u0161tima i u oceanima.<\/p>\n\n\n\n<p>Prema <em>Tajni\u0161tvo za okoli\u0161 i prirodne resurse (SEMARNAT)<\/em>, Meksiko proizvodi vi\u0161e od <strong>45 milijuna tona krutog otpada godi\u0161nje<\/strong>, od \u010dega se reciklira samo 12%. Provedba politika odvajanja i kompostiranja mo\u017ee preokrenuti ovaj trend.<\/p>\n\n\n\n<h4 class=\"wp-block-heading\"><strong>Obnovljivi izvori energije<\/strong><\/h4>\n\n\n\n<p>Energetska tranzicija klju\u010dna je za smanjenje ovisnosti o fosilnim gorivima.<\/p>\n\n\n\n<p>Ugradnja solarnih panela, malih vjetroturbina i u\u010dinkovitih sustava grijanja zna\u010dajno doprinosi smanjenju emisija.<\/p>\n\n\n\n<p>Meksiko je 2024. godine u Sonori otvorio jedan od najve\u0107ih solarnih parkova u Latinskoj Americi, sposoban opskrbiti vi\u0161e od milijun domova i izbje\u0107i emisiju vi\u0161e od <strong>400.000 tona CO\u2082<\/strong> godi\u0161nji.<\/p>\n\n\n\n<h4 class=\"wp-block-heading\"><strong>Po\u0161umljavanje i briga o zelenim povr\u0161inama<\/strong><\/h4>\n\n\n\n<p>\u0160ume i zelene povr\u0161ine reguliraju klimu, hvataju CO\u2082 i \u0161tite bioraznolikost.<\/p>\n\n\n\n<p>Sadnja drve\u0107a i o\u010duvanje postoje\u0107ih \u0161uma izravna je akcija protiv degradacije okoli\u0161a.<\/p>\n\n\n\n<p>Projekt u Chiapasu zasadio je vi\u0161e od milijun stabala u deforestiranim podru\u010djima od 2022. godine, obnavljaju\u0107i stani\u0161ta za autohtone vrste i pobolj\u0161avaju\u0107i kvalitetu zraka u obli\u017enjim zajednicama.<\/p>\n\n\n\n<h4 class=\"wp-block-heading\"><strong>Odgovorna konzumacija<\/strong><\/h4>\n\n\n\n<p>Odabir dugotrajnih proizvoda, izbjegavanje prekomjerne ambala\u017ee i davanje prednosti odr\u017eivim brendovima \u0161alje poruku tr\u017ei\u0161tu: odr\u017eivost je profitabilna i tra\u017eena me\u0111u potro\u0161a\u010dima.<\/p>\n\n\n\n<p>Svjesna kupnja tako\u0111er smanjuje otpad i poti\u010de kru\u017eno gospodarstvo.<\/p>\n\n\n\n<h4 class=\"wp-block-heading\"><strong>Ekolo\u0161ki odgoj<\/strong><\/h4>\n\n\n\n<p>\u0160irenje znanja o utjecaju na okoli\u0161, od \u0161kola do zajednica, podi\u017ee svijest i motivira kolektivno djelovanje.<\/p>\n\n\n\n<p>Radionice, edukativne kampanje i dru\u0161tveni mediji klju\u010dni su alati za umno\u017eavanje u\u010dinka pojedina\u010dnih akcija.<\/p>\n\n\n\n<h4 class=\"wp-block-heading\"><strong>Gra\u0111ansko i politi\u010dko sudjelovanje<\/strong><\/h4>\n\n\n\n<p>Glasanje za zelene politike, podr\u017eavanje lokalnih inicijativa i pozivanje poduze\u0107a i vlada na odgovornost osigurava da strate\u0161ke odluke daju prioritet odr\u017eivosti.<\/p>\n\n\n\n<p>Dru\u0161tveni pritisak mo\u017ee ubrzati usvajanje \u010diste energije, zakona o recikliranju i programa za\u0161tite okoli\u0161a.<\/p>\n\n\n\n<h3 class=\"wp-block-heading\"><strong>Trenutni i stvarni primjeri implementacije<\/strong><\/h3>\n\n\n\n<p><strong>Primjer 1:<\/strong> U Quer\u00e9taru je poljoprivredna zadruga 2024. godine implementirala tehnike regenerativne poljoprivrede.<\/p>\n\n\n\n<p>To je pove\u0107alo prinose kukuruza i graha za 20%, pobolj\u0161alo lokalnu bioraznolikost i smanjilo eroziju tla, pokazuju\u0107i da odr\u017eivost mo\u017ee biti i profitabilna i u\u010dinkovita.<\/p>\n\n\n\n<p><strong>Primjer 2:<\/strong> U Guadalajari je uvo\u0111enje elektri\u010dnog prijevoza i biciklisti\u010dkih staza pove\u0107alo odr\u017eivu mobilnost za 35% u manje od tri godine, smanjuju\u0107i zaga\u0111enje u gradovima i pobolj\u0161avaju\u0107i zdravlje gra\u0111ana.<\/p>\n\n\n\n<p>Ovi primjeri potvr\u0111uju da je <strong>10 odr\u017eivih akcija za smanjenje u\u010dinaka ekolo\u0161ke krize<\/strong> To nisu utopije; to su odr\u017eive strategije s provjerljivim rezultatima.<\/p>\n\n\n\n<h3 class=\"wp-block-heading\"><strong>Ekonomske, dru\u0161tvene i ekolo\u0161ke koristi odr\u017eivosti<\/strong><\/h3>\n\n\n\n<p>Primjena odr\u017eivih praksi donosi vi\u0161estruke koristi:<\/p>\n\n\n\n<ul>\n<li><strong>Ekonomi\u010dno:<\/strong> u\u0161teda energije i vode, stvaranje zelenih radnih mjesta i ja\u010danje lokalnih gospodarstava.<\/li>\n\n\n\n<li><strong>Dru\u0161tvene mre\u017ee:<\/strong> otpornije zajednice, manja izlo\u017eenost bolestima iz okoli\u0161a i ve\u0107a dru\u0161tvena kohezija.<\/li>\n\n\n\n<li><strong>Okoli\u0161:<\/strong> smanjenje emisija, o\u010duvanje bioraznolikosti i ubla\u017eavanje klimatskih promjena.<\/li>\n<\/ul>\n\n\n\n<figure class=\"wp-block-table\"><table><thead><tr><th>Odr\u017eivo djelovanje<\/th><th>Glavna korist<\/th><th>Primjer u Meksiku<\/th><\/tr><\/thead><tbody><tr><td>Smanjenje energije<\/td><td>Manji uglji\u010dni otisak<\/td><td>LED \u017earulje u gradskim ku\u0107ama<\/td><\/tr><tr><td>Odr\u017eiva mobilnost<\/td><td>\u010ci\u0161\u0107i zrak<\/td><td>Biciklisti\u010dke staze i elektri\u010dni prijevoz<\/td><\/tr><tr><td>Svjesno jedenje<\/td><td>Manje poljoprivrednih emisija<\/td><td>Lokalna poljoprivreda i potro\u0161nja mahunarki<\/td><\/tr><tr><td>Upravljanje vodama<\/td><td>Dostupnost vode<\/td><td>Skupljanje ki\u0161nice u Oaxaci<\/td><\/tr><tr><td>Po\u0161umljavanje<\/td><td>O\u010duvanje bioraznolikosti<\/td><td>Sadnja drve\u0107a u Chiapasu<\/td><\/tr><\/tbody><\/table><figcaption class=\"wp-element-caption\">10 odr\u017eivih akcija za smanjenje u\u010dinaka ekolo\u0161ke krize<\/figcaption><\/figure>\n\n\n\n<figure class=\"wp-block-gallery aligncenter has-nested-images columns-default is-cropped wp-block-gallery-2 is-layout-flex wp-block-gallery-is-layout-flex\">\n<figure class=\"wp-block-image size-full\"><img loading=\"lazy\" decoding=\"async\" width=\"450\" height=\"250\" data-id=\"10076\" src=\"https:\/\/universofamilia.com\/wp-content\/uploads\/sites\/148\/2025\/10\/Destaque-Novo-Universo-4.jpg\" alt=\"\" class=\"wp-image-10076\" srcset=\"https:\/\/universofamilia.com\/wp-content\/uploads\/sites\/148\/2025\/10\/Destaque-Novo-Universo-4.jpg 450w, https:\/\/universofamilia.com\/wp-content\/uploads\/sites\/148\/2025\/10\/Destaque-Novo-Universo-4-300x167.jpg 300w, https:\/\/universofamilia.com\/wp-content\/uploads\/sites\/148\/2025\/10\/Destaque-Novo-Universo-4-18x10.jpg 18w\" sizes=\"(max-width: 450px) 100vw, 450px\" \/><figcaption class=\"wp-element-caption\">CANVA<\/figcaption><\/figure>\n<\/figure>\n\n\n\n<p>Pro\u010ditajte vi\u0161e:&nbsp;<a href=\"https:\/\/universofamilia.com\/hr\/crisis-climatica-global\/\">Globalna klimatska kriza: posljedice ve\u0107 poga\u0111aju milijune<\/a><\/p>\n\n\n\n<h3 class=\"wp-block-heading\"><strong>Kako integrirati ove akcije u svakodnevni \u017eivot<\/strong><\/h3>\n\n\n\n<p>Integriranje ovih akcija zahtijeva predanost i dosljednost. Mo\u017eete:<\/p>\n\n\n\n<ul>\n<li>Preispitajte navike potro\u0161nje energije i smanjite otpad.<\/li>\n\n\n\n<li>Odlu\u010dite se za odr\u017eivi prijevoz i hodajte kad god je to mogu\u0107e.<\/li>\n\n\n\n<li>Kupujte lokalne i sezonske proizvode, smanjuju\u0107i emisije i podr\u017eavaju\u0107i proizvo\u0111a\u010de.<\/li>\n\n\n\n<li>Sudjelujte u programima recikliranja i po\u0161umljavanja u zajednici.<\/li>\n\n\n\n<li>Educirajte obitelj i prijatelje, umno\u017eavaju\u0107i utjecaj svojih postupaka.<\/li>\n<\/ul>\n\n\n\n<p>Zapitajte se: <strong>\u0160to bi se dogodilo kada bi milijuni ljudi istovremeno usvojili ove mjere?<\/strong> Odgovor pokazuje mo\u0107 kolektivnog djelovanja protiv klimatskih promjena.<\/p>\n\n\n\n<h3 class=\"wp-block-heading\"><strong>Zaklju\u010dak<\/strong><\/h3>\n\n\n\n<p>Implementirajte <strong>10 odr\u017eivih akcija za smanjenje u\u010dinaka ekolo\u0161ke krize<\/strong> To nije samo ekolo\u0161ka du\u017enost, ve\u0107 i ulaganje u na\u0161u budu\u0107nost.<\/p>\n\n\n\n<p>Znanstveni dokazi, lokalni primjeri i hitnost klimatskih promjena pokazuju da je svaka pojedina\u010dna akcija va\u017ena.<\/p>\n\n\n\n<p><a href=\"https:\/\/universofamilia.com\/hr\/inteligencia-artificial-y-politica\/\">Usvojiti<\/a> Odr\u017eive prakse ja\u010daju otpornost zajednice, \u0161tite ekosustave i osiguravaju zdraviju budu\u0107nost.<\/p>\n\n\n\n<p>Izazov je globalan, ali rje\u0161enje tako\u0111er mo\u017ee biti: znanje, suradnja i svjesno djelovanje alati su za izgradnju odr\u017eivog, pravednog i otpornog svijeta.<\/p>\n\n\n\n<p>Pro\u010ditajte vi\u0161e:&nbsp;<a href=\"https:\/\/universofamilia.com\/hr\/los-paises-mas-avanzados-en-regulacion-de-ia-en-2025\/\">Najnaprednije zemlje u regulaciji umjetne inteligencije u 2025. godini<\/a><\/p>\n\n\n\n<h3 class=\"wp-block-heading\"><strong>\u010cesto postavljana pitanja<\/strong><\/h3>\n\n\n\n<p><strong>1. Za\u0161to je va\u017eno djelovati sada?<\/strong><br>Degradacija okoli\u0161a i klimatske promjene brzo napreduju, utje\u010du\u0107i na zdravlje, gospodarstvo i sigurnost hrane. Svaka neposredna akcija ima kumulativni pozitivan u\u010dinak.<\/p>\n\n\n\n<p><strong>2. Koja akcija ima najve\u0107i utjecaj?<\/strong><br>Ovisi o kontekstu, ali odr\u017eiva mobilnost, obnovljivi izvori energije i gospodarenje otpadom \u010desto generiraju brze i mjerljive koristi.<\/p>\n\n\n\n<p><strong>3. Kako uklju\u010diti zajednicu?<\/strong><br>Organizirajte radionice, sudjelujte u lokalnim projektima i dijelite informacije o odr\u017eivosti na dru\u0161tvenim mre\u017eama i u \u0161kolama.<\/p>\n\n\n\n<p><strong>4. Je li skupo biti odr\u017eiv?<\/strong><br>Neke akcije zahtijevaju po\u010detno ulaganje, ali generiraju srednjoro\u010dne i dugoro\u010dne u\u0161tede te ekolo\u0161ke i dru\u0161tvene koristi.<\/p>\n\n\n\n<p><strong>5. \u0160to u\u010diniti ako vlada ne promi\u010de zelene politike?<\/strong><br>Individualno i kolektivno djelovanje ostaje u\u010dinkovito. <\/p>\n\n\n\n<p>Podr\u017eavanje inicijativa u zajednici i odgovornog poslovanja mo\u017ee nadoknaditi nedostatak neposrednih javnih politika.<\/p>","protected":false},"excerpt":{"rendered":"<p>Las 10 acciones sustentables para reducir los efectos de la crisis ambiental se han convertido en una prioridad urgente para la humanidad. La degradaci\u00f3n ambiental, la p\u00e9rdida de biodiversidad y el cambio clim\u00e1tico ya no son problemas futuros; sus efectos impactan la vida cotidiana de millones de personas en M\u00e9xico y el mundo. Desde sequ\u00edas [&hellip;]<\/p>","protected":false},"author":219,"featured_media":10074,"comment_status":"closed","ping_status":"open","sticky":false,"template":"","format":"standard","meta":{"footnotes":""},"categories":[4],"tags":[],"yoast_head":"<!-- This site is optimized with the Yoast SEO plugin v23.3 - https:\/\/yoast.com\/wordpress\/plugins\/seo\/ -->\n<title>10 acciones sustentables para reducir la crisis ambiental - Universo Fam\u00edlia<\/title>\n<meta name=\"description\" content=\"Las 10 acciones sustentables para reducir los efectos de la crisis ambiental se han convertido en una prioridad urgente para la humanidad.\" \/>\n<meta name=\"robots\" content=\"index, follow, max-snippet:-1, max-image-preview:large, max-video-preview:-1\" \/>\n<link rel=\"canonical\" href=\"https:\/\/universofamilia.com\/hr\/ambiental\/\" \/>\n<meta property=\"og:locale\" content=\"hr_HR\" \/>\n<meta property=\"og:type\" content=\"article\" \/>\n<meta property=\"og:title\" content=\"10 acciones sustentables para reducir la crisis ambiental - Universo Fam\u00edlia\" \/>\n<meta property=\"og:description\" content=\"Las 10 acciones sustentables para reducir los efectos de la crisis ambiental se han convertido en una prioridad urgente para la humanidad.\" \/>\n<meta property=\"og:url\" content=\"https:\/\/universofamilia.com\/hr\/ambiental\/\" \/>\n<meta property=\"og:site_name\" content=\"Universo Fam\u00edlia\" \/>\n<meta property=\"article:published_time\" content=\"2025-10-13T15:50:28+00:00\" \/>\n<meta property=\"article:modified_time\" content=\"2025-10-16T18:40:53+00:00\" \/>\n<meta property=\"og:image\" content=\"https:\/\/universofamilia.com\/wp-content\/uploads\/sites\/148\/2025\/10\/Destaque-Novo-Universo-2.jpg\" \/>\n\t<meta property=\"og:image:width\" content=\"450\" \/>\n\t<meta property=\"og:image:height\" content=\"250\" \/>\n\t<meta property=\"og:image:type\" content=\"image\/jpeg\" \/>\n<meta name=\"author\" content=\"Matheus Sangaletti\" \/>\n<meta name=\"twitter:card\" content=\"summary_large_image\" \/>\n<meta name=\"twitter:label1\" content=\"Written by\" \/>\n\t<meta name=\"twitter:data1\" content=\"Matheus Sangaletti\" \/>\n\t<meta name=\"twitter:label2\" content=\"Est. reading time\" \/>\n\t<meta name=\"twitter:data2\" content=\"10 minuta\" \/>\n<script type=\"application\/ld+json\" class=\"yoast-schema-graph\">{\"@context\":\"https:\/\/schema.org\",\"@graph\":[{\"@type\":\"WebPage\",\"@id\":\"https:\/\/universofamilia.com\/ko\/ambiental\/\",\"url\":\"https:\/\/universofamilia.com\/ko\/ambiental\/\",\"name\":\"10 acciones sustentables para reducir la crisis ambiental - Universo Fam\u00edlia\",\"isPartOf\":{\"@id\":\"https:\/\/universofamilia.com\/el\/#website\"},\"primaryImageOfPage\":{\"@id\":\"https:\/\/universofamilia.com\/ko\/ambiental\/#primaryimage\"},\"image\":{\"@id\":\"https:\/\/universofamilia.com\/ko\/ambiental\/#primaryimage\"},\"thumbnailUrl\":\"https:\/\/universofamilia.com\/wp-content\/uploads\/sites\/148\/2025\/10\/Destaque-Novo-Universo-2.jpg\",\"datePublished\":\"2025-10-13T15:50:28+00:00\",\"dateModified\":\"2025-10-16T18:40:53+00:00\",\"author\":{\"@id\":\"https:\/\/universofamilia.com\/el\/#\/schema\/person\/92fcd07e9b1f4323bf74f3170fc0f78a\"},\"description\":\"Las 10 acciones sustentables para reducir los efectos de la crisis ambiental se han convertido en una prioridad urgente para la humanidad.\",\"breadcrumb\":{\"@id\":\"https:\/\/universofamilia.com\/ko\/ambiental\/#breadcrumb\"},\"inLanguage\":\"hr\",\"potentialAction\":[{\"@type\":\"ReadAction\",\"target\":[\"https:\/\/universofamilia.com\/ko\/ambiental\/\"]}]},{\"@type\":\"ImageObject\",\"inLanguage\":\"hr\",\"@id\":\"https:\/\/universofamilia.com\/ko\/ambiental\/#primaryimage\",\"url\":\"https:\/\/universofamilia.com\/wp-content\/uploads\/sites\/148\/2025\/10\/Destaque-Novo-Universo-2.jpg\",\"contentUrl\":\"https:\/\/universofamilia.com\/wp-content\/uploads\/sites\/148\/2025\/10\/Destaque-Novo-Universo-2.jpg\",\"width\":450,\"height\":250},{\"@type\":\"BreadcrumbList\",\"@id\":\"https:\/\/universofamilia.com\/ko\/ambiental\/#breadcrumb\",\"itemListElement\":[{\"@type\":\"ListItem\",\"position\":1,\"name\":\"Home\",\"item\":\"https:\/\/universofamilia.com\/el\/\"},{\"@type\":\"ListItem\",\"position\":2,\"name\":\"10 acciones sustentables para reducir la crisis ambiental\"}]},{\"@type\":\"WebSite\",\"@id\":\"https:\/\/universofamilia.com\/el\/#website\",\"url\":\"https:\/\/universofamilia.com\/el\/\",\"name\":\"Universo Fam\u00edlia\",\"description\":\"\",\"potentialAction\":[{\"@type\":\"SearchAction\",\"target\":{\"@type\":\"EntryPoint\",\"urlTemplate\":\"https:\/\/universofamilia.com\/el\/?s={search_term_string}\"},\"query-input\":\"required name=search_term_string\"}],\"inLanguage\":\"hr\"},{\"@type\":\"Person\",\"@id\":\"https:\/\/universofamilia.com\/el\/#\/schema\/person\/92fcd07e9b1f4323bf74f3170fc0f78a\",\"name\":\"Matheus Sangaletti\",\"image\":{\"@type\":\"ImageObject\",\"inLanguage\":\"hr\",\"@id\":\"https:\/\/universofamilia.com\/el\/#\/schema\/person\/image\/\",\"url\":\"https:\/\/secure.gravatar.com\/avatar\/280ea957a14a48e6a1ad2133d2cc27c9?s=96&d=mm&r=g\",\"contentUrl\":\"https:\/\/secure.gravatar.com\/avatar\/280ea957a14a48e6a1ad2133d2cc27c9?s=96&d=mm&r=g\",\"caption\":\"Matheus Sangaletti\"},\"url\":\"https:\/\/universofamilia.com\/hr\/author\/matheuss\/\"}]}<\/script>\n<!-- \/ Yoast SEO plugin. -->","yoast_head_json":{"title":"10 acciones sustentables para reducir la crisis ambiental - Universo Fam\u00edlia","description":"Las 10 acciones sustentables para reducir los efectos de la crisis ambiental se han convertido en una prioridad urgente para la humanidad.","robots":{"index":"index","follow":"follow","max-snippet":"max-snippet:-1","max-image-preview":"max-image-preview:large","max-video-preview":"max-video-preview:-1"},"canonical":"https:\/\/universofamilia.com\/hr\/ambiental\/","og_locale":"hr_HR","og_type":"article","og_title":"10 acciones sustentables para reducir la crisis ambiental - Universo Fam\u00edlia","og_description":"Las 10 acciones sustentables para reducir los efectos de la crisis ambiental se han convertido en una prioridad urgente para la humanidad.","og_url":"https:\/\/universofamilia.com\/hr\/ambiental\/","og_site_name":"Universo Fam\u00edlia","article_published_time":"2025-10-13T15:50:28+00:00","article_modified_time":"2025-10-16T18:40:53+00:00","og_image":[{"width":450,"height":250,"url":"https:\/\/universofamilia.com\/wp-content\/uploads\/sites\/148\/2025\/10\/Destaque-Novo-Universo-2.jpg","type":"image\/jpeg"}],"author":"Matheus Sangaletti","twitter_card":"summary_large_image","twitter_misc":{"Written by":"Matheus Sangaletti","Est. reading time":"10 minuta"},"schema":{"@context":"https:\/\/schema.org","@graph":[{"@type":"WebPage","@id":"https:\/\/universofamilia.com\/ko\/ambiental\/","url":"https:\/\/universofamilia.com\/ko\/ambiental\/","name":"10 acciones sustentables para reducir la crisis ambiental - Universo Fam\u00edlia","isPartOf":{"@id":"https:\/\/universofamilia.com\/el\/#website"},"primaryImageOfPage":{"@id":"https:\/\/universofamilia.com\/ko\/ambiental\/#primaryimage"},"image":{"@id":"https:\/\/universofamilia.com\/ko\/ambiental\/#primaryimage"},"thumbnailUrl":"https:\/\/universofamilia.com\/wp-content\/uploads\/sites\/148\/2025\/10\/Destaque-Novo-Universo-2.jpg","datePublished":"2025-10-13T15:50:28+00:00","dateModified":"2025-10-16T18:40:53+00:00","author":{"@id":"https:\/\/universofamilia.com\/el\/#\/schema\/person\/92fcd07e9b1f4323bf74f3170fc0f78a"},"description":"Las 10 acciones sustentables para reducir los efectos de la crisis ambiental se han convertido en una prioridad urgente para la humanidad.","breadcrumb":{"@id":"https:\/\/universofamilia.com\/ko\/ambiental\/#breadcrumb"},"inLanguage":"hr","potentialAction":[{"@type":"ReadAction","target":["https:\/\/universofamilia.com\/ko\/ambiental\/"]}]},{"@type":"ImageObject","inLanguage":"hr","@id":"https:\/\/universofamilia.com\/ko\/ambiental\/#primaryimage","url":"https:\/\/universofamilia.com\/wp-content\/uploads\/sites\/148\/2025\/10\/Destaque-Novo-Universo-2.jpg","contentUrl":"https:\/\/universofamilia.com\/wp-content\/uploads\/sites\/148\/2025\/10\/Destaque-Novo-Universo-2.jpg","width":450,"height":250},{"@type":"BreadcrumbList","@id":"https:\/\/universofamilia.com\/ko\/ambiental\/#breadcrumb","itemListElement":[{"@type":"ListItem","position":1,"name":"Home","item":"https:\/\/universofamilia.com\/el\/"},{"@type":"ListItem","position":2,"name":"10 acciones sustentables para reducir la crisis ambiental"}]},{"@type":"WebSite","@id":"https:\/\/universofamilia.com\/el\/#website","url":"https:\/\/universofamilia.com\/el\/","name":"Universo Fam\u00edlia","description":"","potentialAction":[{"@type":"SearchAction","target":{"@type":"EntryPoint","urlTemplate":"https:\/\/universofamilia.com\/el\/?s={search_term_string}"},"query-input":"required name=search_term_string"}],"inLanguage":"hr"},{"@type":"Person","@id":"https:\/\/universofamilia.com\/el\/#\/schema\/person\/92fcd07e9b1f4323bf74f3170fc0f78a","name":"Matheus Sangaletti","image":{"@type":"ImageObject","inLanguage":"hr","@id":"https:\/\/universofamilia.com\/el\/#\/schema\/person\/image\/","url":"https:\/\/secure.gravatar.com\/avatar\/280ea957a14a48e6a1ad2133d2cc27c9?s=96&d=mm&r=g","contentUrl":"https:\/\/secure.gravatar.com\/avatar\/280ea957a14a48e6a1ad2133d2cc27c9?s=96&d=mm&r=g","caption":"Matheus Sangaletti"},"url":"https:\/\/universofamilia.com\/hr\/author\/matheuss\/"}]}},"_links":{"self":[{"href":"https:\/\/universofamilia.com\/hr\/wp-json\/wp\/v2\/posts\/10073"}],"collection":[{"href":"https:\/\/universofamilia.com\/hr\/wp-json\/wp\/v2\/posts"}],"about":[{"href":"https:\/\/universofamilia.com\/hr\/wp-json\/wp\/v2\/types\/post"}],"author":[{"embeddable":true,"href":"https:\/\/universofamilia.com\/hr\/wp-json\/wp\/v2\/users\/219"}],"replies":[{"embeddable":true,"href":"https:\/\/universofamilia.com\/hr\/wp-json\/wp\/v2\/comments?post=10073"}],"version-history":[{"count":2,"href":"https:\/\/universofamilia.com\/hr\/wp-json\/wp\/v2\/posts\/10073\/revisions"}],"predecessor-version":[{"id":10170,"href":"https:\/\/universofamilia.com\/hr\/wp-json\/wp\/v2\/posts\/10073\/revisions\/10170"}],"wp:featuredmedia":[{"embeddable":true,"href":"https:\/\/universofamilia.com\/hr\/wp-json\/wp\/v2\/media\/10074"}],"wp:attachment":[{"href":"https:\/\/universofamilia.com\/hr\/wp-json\/wp\/v2\/media?parent=10073"}],"wp:term":[{"taxonomy":"category","embeddable":true,"href":"https:\/\/universofamilia.com\/hr\/wp-json\/wp\/v2\/categories?post=10073"},{"taxonomy":"post_tag","embeddable":true,"href":"https:\/\/universofamilia.com\/hr\/wp-json\/wp\/v2\/tags?post=10073"}],"curies":[{"name":"wp","href":"https:\/\/api.w.org\/{rel}","templated":true}]}}