{"id":10184,"date":"2025-10-17T16:36:08","date_gmt":"2025-10-17T19:36:08","guid":{"rendered":"https:\/\/universofamilia.com\/?p=10184"},"modified":"2025-10-17T16:46:53","modified_gmt":"2025-10-17T19:46:53","slug":"realidad-aumentada-y-metaverso","status":"publish","type":"post","link":"https:\/\/universofamilia.com\/hr\/realidad-aumentada-y-metaverso\/","title":{"rendered":"Autonomni automobili, pro\u0161irena stvarnost i metaverzum"},"content":{"rendered":"<p class=\"has-text-align-center\">The <strong>Autonomni automobili, pro\u0161irena stvarnost i metaverzum: \u0161to o\u010dekivati<\/strong> U 2025. godini to vi\u0161e nisu futuristi\u010dki koncepti, ve\u0107 stupovi tehnolo\u0161ke transformacije koja redefinira mobilnost.<\/p>\n\n\n\n<figure class=\"wp-block-gallery aligncenter has-nested-images columns-default is-cropped wp-block-gallery-1 is-layout-flex wp-block-gallery-is-layout-flex\">\n<figure class=\"wp-block-image size-full\"><img loading=\"lazy\" decoding=\"async\" width=\"450\" height=\"250\" data-id=\"10186\" src=\"https:\/\/universofamilia.com\/wp-content\/uploads\/sites\/148\/2025\/10\/Destaque-Novo-Universo-17-1.jpg\" alt=\"\" class=\"wp-image-10186\" srcset=\"https:\/\/universofamilia.com\/wp-content\/uploads\/sites\/148\/2025\/10\/Destaque-Novo-Universo-17-1.jpg 450w, https:\/\/universofamilia.com\/wp-content\/uploads\/sites\/148\/2025\/10\/Destaque-Novo-Universo-17-1-300x167.jpg 300w, https:\/\/universofamilia.com\/wp-content\/uploads\/sites\/148\/2025\/10\/Destaque-Novo-Universo-17-1-18x10.jpg 18w\" sizes=\"(max-width: 450px) 100vw, 450px\" \/><figcaption class=\"wp-element-caption\">CANVA<\/figcaption><\/figure>\n<\/figure>\n\n\n\n<p class=\"has-text-align-center\">Ova godina ozna\u010dava to\u010dku konvergencije tri inovacije koje su se nekada \u010dinile dalekima, ali sada rade zajedno kako bi stvorile sigurnija, impresivnija i personaliziranija okru\u017eenja.<\/p>\n\n\n\n<p>Ovaj \u010dlanak \u0107e istra\u017eiti kako ovi napredci oblikuju sada\u0161njost i neposrednu budu\u0107nost, njihovu primjenu u stvarnom svijetu, eti\u010dke i dru\u0161tvene izazove koje predstavljaju i \u0161to mo\u017eete o\u010dekivati u nadolaze\u0107im godinama.<\/p>\n\n\n\n<p><strong>Sa\u017eetak \u010dlanka:<\/strong><\/p>\n\n\n\n<ol>\n<li>Nezaustavljiv napredak autonomnih automobila.<\/li>\n\n\n\n<li>Pro\u0161irena stvarnost: od ekrana do fizi\u010dkog okru\u017eenja.<\/li>\n\n\n\n<li>Metaverzum i \u0161irenje digitalnih iskustava.<\/li>\n\n\n\n<li>Me\u0111usobna povezanost mobilnosti, uronjenosti i virtualnosti.<\/li>\n\n\n\n<li>Eti\u010dki izazovi, odr\u017eivost i privatnost.<\/li>\n\n\n\n<li>Zaklju\u010dak i \u010desto postavljana pitanja.<\/li>\n<\/ol>\n\n\n\n<h3 class=\"wp-block-heading\">Nezaustavljiv napredak autonomnih automobila<\/h3>\n\n\n\n<p>The <strong>Autonomni automobili, pro\u0161irena stvarnost i metaverzum: \u0161to o\u010dekivati<\/strong> Predstavljaju tri paralelne revolucije, ali razvoj vozila bez voza\u010da postao je najopipljivija os.<\/p>\n\n\n\n<p>Do 2025. godine tvrtke poput Tesle, Wayma, Baidua i Cruisea ostvarile su zna\u010dajan napredak prema autonomiji 4. razine, omogu\u0107uju\u0107i automobilima navigaciju bez ljudske intervencije u kontroliranim urbanim okru\u017eenjima.<\/p>\n\n\n\n<p>Prema nedavnom izvje\u0161\u0107u od strane <em>Istra\u017eivanje savezni\u010dkog tr\u017ei\u0161ta<\/em>, globalno tr\u017ei\u0161te autonomnih vozila dosegnut \u0107e vrijednost od <strong>2,3 bilijuna USD do 2030.<\/strong>, potaknuto rastu\u0107im ulaganjima u senzore, softver za strojno u\u010denje i 5G mre\u017ee<\/p>\n\n\n\n<p> U Meksiku ve\u0107 postoje pilot programi u Monterreyu i Guadalajari, gdje flote autonomnih taksija prometuju u odre\u0111enim podru\u010djima, nude\u0107i u\u010dinkovitije transfere i smanjuju\u0107i nesre\u0107e uzrokovane ljudskom pogre\u0161kom.<\/p>\n\n\n\n<p>Me\u0111utim, rasprava nadilazi in\u017eenjerstvo: uklju\u010duje povjerenje. Jeste li spremni prepustiti potpunu kontrolu nad svojim vozilom algoritmu?<\/p>\n\n\n\n<p>Prijelaz na autonomnu vo\u017enju zahtijeva novi odnos izme\u0111u \u010dovjeka i stroja, u kojem su transparentnost i sigurnost klju\u010dne.<\/p>\n\n\n\n<h3 class=\"wp-block-heading\">Pro\u0161irena stvarnost: od ekrana do fizi\u010dkog okru\u017eenja<\/h3>\n\n\n\n<p>Druga velika transformacija unutar <strong>Autonomni automobili, pro\u0161irena stvarnost i metaverzum: \u0161to o\u010dekivati<\/strong> je porast pro\u0161irene stvarnosti (AR).<\/p>\n\n\n\n<p>Ova tehnologija poja\u010dava stvarno okru\u017eenje superponiranjem digitalnih informacija, stvaraju\u0107i interaktivna iskustva koja su prije postojala samo u znanstvenoj fantastici.<\/p>\n\n\n\n<p>Do 2025. godine, pro\u0161irena stvarnost (AR) bit \u0107e integrirana u vjetrobranska stakla vozila, projiciraju\u0107i podatke poput ograni\u010denja brzine, sigurnih udaljenosti i optimalnih ruta izravno u vidno polje voza\u010da ili suvoza\u010da.<\/p>\n\n\n\n<p>Marke poput BMW-a i Mercedes-Benza ve\u0107 opremaju neke modele naprednim head-up zaslonima koji koriste umjetnu inteligenciju za predvi\u0111anje rizika i pru\u017eanje proaktivnog vodstva.<\/p>\n\n\n\n<p><\/p>\n\n\n\n<p>Izvan automobilskog sektora, pro\u0161irena stvarnost postala je sredi\u0161nja komponenta obrazovanja i trgovine.<\/p>\n\n\n\n<p>Trenutni primjer: u Meksiku neka sveu\u010dili\u0161ta primjenjuju pro\u0161irenu stvarnost (AR) u virtualnim laboratorijima kako bi studenti in\u017eenjerstva mogli komunicirati s 3D modelima elektri\u010dnih sustava bez potrebe za fizi\u010dkim materijalima.<\/p>\n\n\n\n<p>U biti, pro\u0161irena stvarnost mijenja na\u010din na koji percipiramo svijet, bri\u0161u\u0107i granice izme\u0111u digitalnog i opipljivog.<\/p>\n\n\n\n<p>Poput inteligentne le\u0107e koja gleda u stvarnost, pro\u0161iruje ljudsku sposobnost da vidi, u\u010di i djeluje.<\/p>\n\n\n\n<h3 class=\"wp-block-heading\">Metaverzum i \u0161irenje digitalnih iskustava<\/h3>\n\n\n\n<p>Metaverzum je sazrio. Ono \u0161to je nekada bio dru\u0161tveni ili zabavni eksperiment sada je ekonomska i obrazovna platforma s vi\u0161estrukim primjenama u stvarnom svijetu.<\/p>\n\n\n\n<p>U 2025. godini koristit \u0107e se prvenstveno za obuku, radne sastanke, zdravstvenu skrb na daljinu i razvoj zajedni\u010dkih projekata.<\/p>\n\n\n\n<p>U kontekstu <strong>Autonomni automobili, pro\u0161irena stvarnost i metaverzum: \u0161to o\u010dekivati<\/strong>Ovaj me\u0111usobno povezani virtualni svemir postaje prostor za rad na daljinu, stvaranje i u\u010denje.<\/p>\n\n\n\n<p>Tvrtke poput Mete, Microsofta i NVIDIA-e transformirale su po\u010detni koncept u ne\u0161to pragmati\u010dnije:<\/p>\n\n\n\n<p>Ekosustavi u kojima ljudi mogu sura\u0111ivati u stvarnom vremenu iz razli\u010ditih dijelova svijeta, koriste\u0107i hiperrealisti\u010dne avatare i alate za 3D simulaciju.<\/p>\n\n\n\n<p>U Meksiku, sektori poput arhitekture i medicine ve\u0107 koriste ova okru\u017eenja za obuku svojih stru\u010dnjaka.<\/p>\n\n\n\n<p>Na primjer, skupina kirurga iz <em>Nacionalni institut za medicinske znanosti i prehranu Salvador Zubiran<\/em> koristi virtualna okru\u017eenja za planiranje slo\u017eenih postupaka prije njihovog izvo\u0111enja u stvarnim operacijskim salama.<\/p>\n\n\n\n<p>Metaverzum se tako\u0111er povezuje s mobilno\u0161\u0107u: automobili koji sami voze mogli bi postati mobilna pro\u0161irenja tih prostora, gdje putnici mogu raditi, u\u010diti ili se zabavljati tijekom putovanja bez brige o prometu.<\/p>\n\n\n\n<h3 class=\"wp-block-heading\">Me\u0111usobna povezanost mobilnosti, uronjenosti i virtualnosti<\/h3>\n\n\n\n<p>Zaista fascinantna stvar u vezi s <strong>Autonomni automobili, pro\u0161irena stvarnost i metaverzum: \u0161to o\u010dekivati<\/strong> Ne radi se o svakoj tehnologiji zasebno, ve\u0107 o njihovoj integraciji.<\/p>\n\n\n\n<p>Do 2025. godine, sinergija me\u0111u njima dovodi do potpuno novih digitalnih ekosustava.<\/p>\n\n\n\n<p>Zamislite ovo: ulazite u autonomno vozilo opremljeno pro\u0161irenom stvarno\u0161\u0107u.<\/p>\n\n\n\n<p>Dok se automobil vozi, vjetrobransko staklo projicira informacije o mjestima kroz koja prolazite - povijest, preporuke, vrijeme i promet - dok sudjelujete u virtualnom sastanku u metasvemiru.<\/p>\n\n\n\n<p>Nisi odvojen od stvarnosti, ve\u0107 se pro\u0161iruje\u0161 unutar nje.<\/p>\n\n\n\n<p>To je prava revolucija: ne \u017eivjeti u paralelnim svjetovima, ve\u0107 u jednom hibridnom okru\u017eenju gdje fizi\u010dko i digitalno koegzistiraju.<\/p>\n\n\n\n<p>Takva integracija redefinira koncept \u201eprisutnosti\u201c i transformira rutinu u inteligentno i personalizirano iskustvo.<\/p>\n\n\n\n<p>Konkretan primjer je projekt <em>Centar za pametnu mobilnost<\/em> razvijen u Ju\u017enoj Koreji, koji kombinira autonomni prijevoz, pro\u0161irenu stvarnost i 6G povezivost kako bi stvorio dinami\u010dne rute prilago\u0111ene korisniku.<\/p>\n\n\n\n<p>Ovaj model poslu\u017eit \u0107e kao referenca za latinoameri\u010dke gradove koji \u017eele prije\u0107i na u\u010dinkovitiju i povezaniju urbanu mobilnost.<\/p>\n\n\n\n<h3 class=\"wp-block-heading\">Eti\u010dki izazovi, odr\u017eivost i privatnost<\/h3>\n\n\n\n<p>Svaka tehnolo\u0161ka revolucija sa sobom nosi eti\u010dke dileme.<\/p>\n\n\n\n<p>U slu\u010daju <strong>Autonomni automobili, pro\u0161irena stvarnost i metaverzum: \u0161to o\u010dekivati<\/strong>, pitanja o privatnosti, odr\u017eivosti i kori\u0161tenju podataka postaju hitna.<\/p>\n\n\n\n<p>Obrada osobnih podataka u imerzivnim okru\u017eenjima zahtijeva stroge propise.<\/p>\n\n\n\n<p>U 2025. godini, <em>Europska unija<\/em> i nekoliko latinoameri\u010dkih zemalja, uklju\u010duju\u0107i Meksiko, usvojilo je stro\u017ee pravne okvire za za\u0161titu digitalnog identiteta i ograni\u010davanje biometrijskog pra\u0107enja.<\/p>\n\n\n\n<p>Drugi izazov je odr\u017eivost. Podatkovni centri koji podr\u017eavaju metaverzum i umjetnu inteligenciju tro\u0161e velike koli\u010dine energije.<\/p>\n\n\n\n<p>Prema <em>Me\u0111unarodna agencija za energiju (IEA)<\/em>, digitalne operacije predstavljaju otprilike <strong>4% globalne potro\u0161nje elektri\u010dne energije<\/strong>.<\/p>\n\n\n\n<p>Tvrtke reagiraju strategijama obnovljivih izvora energije i algoritamskom optimizacijom kako bi smanjile svoj uglji\u010dni otisak.<\/p>\n\n\n\n<p>Etika autonomne vo\u017enje tako\u0111er je predmet rasprave: kako bi vozilo trebalo reagirati u slu\u010daju neizbje\u017ene nesre\u0107e?<\/p>\n\n\n\n<p>Ove vrste dilema, poznate kao \u201ealgoritamske moralne odluke\u201c, zahtijevaju dru\u0161tveni konsenzus i transparentnost u programiranju sustava umjetne inteligencije.<\/p>\n\n\n\n<p>Jednostavno re\u010deno, tehnologija ne mo\u017ee napredovati bez moralnog kompasa. Odgovorna inovacija jedini je na\u010din da se osigura da napredak koristi ljudima, a ne da ih istiskuje.<\/p>\n\n\n\n<h3 class=\"wp-block-heading\">Tablica: Sinergija novih tehnologija u 2025. godini<\/h3>\n\n\n\n<figure class=\"wp-block-table\"><table><thead><tr><th>Tehnologija<\/th><th>Glavna primjena<\/th><th>Utjecaj na svakodnevni \u017eivot<\/th><th>Globalna razina usvajanja (2025.)<\/th><\/tr><\/thead><tbody><tr><td>Autonomni automobili<\/td><td>Sigurna i u\u010dinkovita mobilnost<\/td><td>Smanjenje nesre\u0107a i prometa<\/td><td>40%<\/td><\/tr><tr><td>Pro\u0161irena stvarnost<\/td><td>Obrazovanje i prijevoz<\/td><td>Imerzivno u\u010denje i vizualna pomo\u0107<\/td><td>45%<\/td><\/tr><tr><td>Metaverzum<\/td><td>Suradnja i zabava<\/td><td>Rad na daljinu i virtualna dru\u0161tvena iskustva<\/td><td>35%<\/td><\/tr><\/tbody><\/table><figcaption class=\"wp-element-caption\">Autonomni automobili, pro\u0161irena stvarnost i metaverzum: \u0161to o\u010dekivati<\/figcaption><\/figure>\n\n\n\n<figure class=\"wp-block-gallery aligncenter has-nested-images columns-default is-cropped wp-block-gallery-2 is-layout-flex wp-block-gallery-is-layout-flex\">\n<figure class=\"wp-block-image size-full\"><img loading=\"lazy\" decoding=\"async\" width=\"450\" height=\"250\" data-id=\"10187\" src=\"https:\/\/universofamilia.com\/wp-content\/uploads\/sites\/148\/2025\/10\/Destaque-Novo-Universo-16.jpg\" alt=\"\" class=\"wp-image-10187\" srcset=\"https:\/\/universofamilia.com\/wp-content\/uploads\/sites\/148\/2025\/10\/Destaque-Novo-Universo-16.jpg 450w, https:\/\/universofamilia.com\/wp-content\/uploads\/sites\/148\/2025\/10\/Destaque-Novo-Universo-16-300x167.jpg 300w, https:\/\/universofamilia.com\/wp-content\/uploads\/sites\/148\/2025\/10\/Destaque-Novo-Universo-16-18x10.jpg 18w\" sizes=\"(max-width: 450px) 100vw, 450px\" \/><figcaption class=\"wp-element-caption\">CANVA<\/figcaption><\/figure>\n<\/figure>\n\n\n\n<p>Pro\u010ditajte vi\u0161e:<a href=\"https:\/\/universofamilia.com\/hr\/inteligencia-artificial-en-el-dia-a-dia\/\">&nbsp;Umjetna inteligencija u svakodnevnom \u017eivotu<\/a><\/p>\n\n\n\n<h3 class=\"wp-block-heading\">Zaklju\u010dak: Prema sveobuhvatnom tehnolo\u0161kom ekosustavu<\/h3>\n\n\n\n<p>The <strong>Autonomni automobili, pro\u0161irena stvarnost i metaverzum: \u0161to o\u010dekivati<\/strong> Oni simboliziraju to\u010dku u kojoj tehnologija prestaje biti alat i postaje integralno okru\u017eenje.<\/p>\n\n\n\n<p>Ove inovacije ne samo da mijenjaju predmete koje koristimo, ve\u0107 i na\u010din na koji razumijemo ljudsku interakciju, u\u010denje i mobilnost.<\/p>\n\n\n\n<p>Budu\u0107nost ne\u0107e biti potpuno digitalna niti potpuno fizi\u010dka, ve\u0107 ravnote\u017ea izme\u0111u ta dva svijeta.<\/p>\n\n\n\n<p>Pravi cilj je stvoriti iskustva koja daju prioritet dobrobiti, pristupa\u010dnosti i odr\u017eivosti.<\/p>\n\n\n\n<p>Tehnologija, kada se pravilno usmjerava, mo\u017ee biti vozilo, i doslovno i metafori\u010dki, koje pokre\u0107e \u010dovje\u010danstvo prema inteligentnijem, povezanijem i empati\u010dnijem \u017eivotu.<\/p>\n\n\n\n<p>Pro\u010ditajte vi\u0161e:<a href=\"https:\/\/universofamilia.com\/hr\/inteligencia-artificial-en-el-dia-a-dia\/\">&nbsp;<\/a><a href=\"https:\/\/universofamilia.com\/hr\/tendencias-tecnologicas-de-2025-que-afectaran-tu-dia-a-dia\/\">Tehnolo\u0161ki trendovi u 2025. koji \u0107e utjecati na va\u0161 svakodnevni \u017eivot<\/a><\/p>\n\n\n\n<h3 class=\"wp-block-heading\">\u010cesto postavljana pitanja<\/h3>\n\n\n\n<p><strong>1. Kada se o\u010dekuje da \u0107e autonomna vozila postati uobi\u010dajena u Meksiku?<\/strong><br>O\u010dekuje se da \u0107e se ispitivanja potpuno autonomne vo\u017enje pro\u0161iriti izme\u0111u 2026. i 2028. godine, ovisno o lokalnim propisima i 5G infrastrukturi.<\/p>\n\n\n\n<p><strong>2. Kakvu \u0107e ulogu pro\u0161irena stvarnost igrati u obrazovanju?<\/strong><br>Bit \u0107e klju\u010dni alat za prakti\u010dno u\u010denje, posebno u tehni\u010dkim karijerama, omogu\u0107uju\u0107i simulacije u stvarnom vremenu i vizualizaciju procesa.<\/p>\n\n\n\n<p>U Meksiku neka sveu\u010dili\u0161ta primjenjuju pro\u0161irenu stvarnost (AR) u virtualnim laboratorijima kako bi studenti in\u017eenjerstva mogli komunicirati s 3D modelima elektri\u010dnih sustava bez potrebe za fizi\u010dkim materijalima.<\/p>\n\n\n\n<p><strong>3. Je li metaverzum samo za videoigre?<\/strong><br>Ne. U 2025. godini prvenstveno se koristi za obuku, radne sastanke, zdravstvenu skrb na daljinu i razvoj kolaborativnih projekata.<\/p>\n\n\n\n<p><strong>4. Koji su glavni rizici ovih tehnologija?<\/strong><br><a href=\"https:\/\/universofamilia.com\/hr\/autenticacion-sin-contrasena-el-futuro-de-la-seguridad-digital\/\">Privatnost<\/a>, digitalna ovisnost i nejednakost <a href=\"https:\/\/universofamilia.com\/hr\/inteligencia-artificial-en-el-dia-a-dia\/\">pristup<\/a>Stoga \u0107e politike digitalnog obrazovanja i uklju\u010divosti biti klju\u010dne za osiguranje eti\u010dke i pravedne upotrebe.<\/p>\n\n\n\n<p><\/p>","protected":false},"excerpt":{"rendered":"<p>Autonomni automobili, pro\u0161irena stvarnost i metaverzum: \u0161to o\u010dekivati u 2025. vi\u0161e nisu futuristi\u010dki koncepti, ve\u0107 stupovi tehnolo\u0161ke transformacije koja redefinira mobilnost. Ova godina ozna\u010dava to\u010dku konvergencije izme\u0111u tri inovacije koje su se nekada \u010dinile dalekima, ali sada rade zajedno kako bi stvorile sigurnija, impresivnija i personaliziranija okru\u017eenja. Ovaj \u010dlanak istra\u017euje [\u2026]<\/p>","protected":false},"author":219,"featured_media":10185,"comment_status":"closed","ping_status":"open","sticky":false,"template":"","format":"standard","meta":{"footnotes":""},"categories":[3],"tags":[],"yoast_head":"<!-- This site is optimized with the Yoast SEO plugin v23.3 - https:\/\/yoast.com\/wordpress\/plugins\/seo\/ -->\n<title>Autom\u00f3viles aut\u00f3nomos, realidad aumentada y metaverso - Universo Fam\u00edlia<\/title>\n<meta name=\"description\" content=\"Las autom\u00f3viles aut\u00f3nomos, realidad aumentada y metaverso:qu\u00e9 esperar en 2025 ya no son conceptos futuristas, sino pilares de una transform..\" \/>\n<meta name=\"robots\" content=\"index, follow, max-snippet:-1, max-image-preview:large, max-video-preview:-1\" \/>\n<link rel=\"canonical\" href=\"https:\/\/universofamilia.com\/hr\/realidad-aumentada-y-metaverso\/\" \/>\n<meta property=\"og:locale\" content=\"hr_HR\" \/>\n<meta property=\"og:type\" content=\"article\" \/>\n<meta property=\"og:title\" content=\"Autom\u00f3viles aut\u00f3nomos, realidad aumentada y metaverso - Universo Fam\u00edlia\" \/>\n<meta property=\"og:description\" content=\"Las autom\u00f3viles aut\u00f3nomos, realidad aumentada y metaverso:qu\u00e9 esperar en 2025 ya no son conceptos futuristas, sino pilares de una transform..\" \/>\n<meta property=\"og:url\" content=\"https:\/\/universofamilia.com\/hr\/realidad-aumentada-y-metaverso\/\" \/>\n<meta property=\"og:site_name\" content=\"Universo Fam\u00edlia\" \/>\n<meta property=\"article:published_time\" content=\"2025-10-17T19:36:08+00:00\" \/>\n<meta property=\"article:modified_time\" content=\"2025-10-17T19:46:53+00:00\" \/>\n<meta property=\"og:image\" content=\"https:\/\/universofamilia.com\/wp-content\/uploads\/sites\/148\/2025\/10\/Destaque-Novo-Universo-17.jpg\" \/>\n\t<meta property=\"og:image:width\" content=\"450\" \/>\n\t<meta property=\"og:image:height\" content=\"250\" \/>\n\t<meta property=\"og:image:type\" content=\"image\/jpeg\" \/>\n<meta name=\"author\" content=\"Matheus Sangaletti\" \/>\n<meta name=\"twitter:card\" content=\"summary_large_image\" \/>\n<meta name=\"twitter:label1\" content=\"Written by\" \/>\n\t<meta name=\"twitter:data1\" content=\"Matheus Sangaletti\" \/>\n\t<meta name=\"twitter:label2\" content=\"Est. reading time\" \/>\n\t<meta name=\"twitter:data2\" content=\"9 minuta\" \/>\n<script type=\"application\/ld+json\" class=\"yoast-schema-graph\">{\"@context\":\"https:\/\/schema.org\",\"@graph\":[{\"@type\":\"WebPage\",\"@id\":\"https:\/\/universofamilia.com\/pt\/realidad-aumentada-y-metaverso\/\",\"url\":\"https:\/\/universofamilia.com\/pt\/realidad-aumentada-y-metaverso\/\",\"name\":\"Autom\u00f3viles aut\u00f3nomos, realidad aumentada y metaverso - Universo Fam\u00edlia\",\"isPartOf\":{\"@id\":\"http:\/\/universofamilia.com\/zh_hk\/#website\"},\"primaryImageOfPage\":{\"@id\":\"https:\/\/universofamilia.com\/pt\/realidad-aumentada-y-metaverso\/#primaryimage\"},\"image\":{\"@id\":\"https:\/\/universofamilia.com\/pt\/realidad-aumentada-y-metaverso\/#primaryimage\"},\"thumbnailUrl\":\"https:\/\/universofamilia.com\/wp-content\/uploads\/sites\/148\/2025\/10\/Destaque-Novo-Universo-17.jpg\",\"datePublished\":\"2025-10-17T19:36:08+00:00\",\"dateModified\":\"2025-10-17T19:46:53+00:00\",\"author\":{\"@id\":\"http:\/\/universofamilia.com\/zh_hk\/#\/schema\/person\/92fcd07e9b1f4323bf74f3170fc0f78a\"},\"description\":\"Las autom\u00f3viles aut\u00f3nomos, realidad aumentada y metaverso:qu\u00e9 esperar en 2025 ya no son conceptos futuristas, sino pilares de una transform..\",\"breadcrumb\":{\"@id\":\"https:\/\/universofamilia.com\/pt\/realidad-aumentada-y-metaverso\/#breadcrumb\"},\"inLanguage\":\"hr\",\"potentialAction\":[{\"@type\":\"ReadAction\",\"target\":[\"https:\/\/universofamilia.com\/pt\/realidad-aumentada-y-metaverso\/\"]}]},{\"@type\":\"ImageObject\",\"inLanguage\":\"hr\",\"@id\":\"https:\/\/universofamilia.com\/pt\/realidad-aumentada-y-metaverso\/#primaryimage\",\"url\":\"https:\/\/universofamilia.com\/wp-content\/uploads\/sites\/148\/2025\/10\/Destaque-Novo-Universo-17.jpg\",\"contentUrl\":\"https:\/\/universofamilia.com\/wp-content\/uploads\/sites\/148\/2025\/10\/Destaque-Novo-Universo-17.jpg\",\"width\":450,\"height\":250},{\"@type\":\"BreadcrumbList\",\"@id\":\"https:\/\/universofamilia.com\/pt\/realidad-aumentada-y-metaverso\/#breadcrumb\",\"itemListElement\":[{\"@type\":\"ListItem\",\"position\":1,\"name\":\"Home\",\"item\":\"http:\/\/universofamilia.com\/zh_hk\/\"},{\"@type\":\"ListItem\",\"position\":2,\"name\":\"Autom\u00f3viles aut\u00f3nomos, realidad aumentada y metaverso\"}]},{\"@type\":\"WebSite\",\"@id\":\"http:\/\/universofamilia.com\/zh_hk\/#website\",\"url\":\"http:\/\/universofamilia.com\/zh_hk\/\",\"name\":\"Universo Fam\u00edlia\",\"description\":\"\",\"potentialAction\":[{\"@type\":\"SearchAction\",\"target\":{\"@type\":\"EntryPoint\",\"urlTemplate\":\"http:\/\/universofamilia.com\/zh_hk\/?s={search_term_string}\"},\"query-input\":\"required name=search_term_string\"}],\"inLanguage\":\"hr\"},{\"@type\":\"Person\",\"@id\":\"http:\/\/universofamilia.com\/zh_hk\/#\/schema\/person\/92fcd07e9b1f4323bf74f3170fc0f78a\",\"name\":\"Matheus Sangaletti\",\"image\":{\"@type\":\"ImageObject\",\"inLanguage\":\"hr\",\"@id\":\"http:\/\/universofamilia.com\/zh_hk\/#\/schema\/person\/image\/\",\"url\":\"https:\/\/secure.gravatar.com\/avatar\/280ea957a14a48e6a1ad2133d2cc27c9?s=96&d=mm&r=g\",\"contentUrl\":\"https:\/\/secure.gravatar.com\/avatar\/280ea957a14a48e6a1ad2133d2cc27c9?s=96&d=mm&r=g\",\"caption\":\"Matheus Sangaletti\"},\"url\":\"https:\/\/universofamilia.com\/hr\/author\/matheuss\/\"}]}<\/script>\n<!-- \/ Yoast SEO plugin. -->","yoast_head_json":{"title":"Autom\u00f3viles aut\u00f3nomos, realidad aumentada y metaverso - Universo Fam\u00edlia","description":"Las autom\u00f3viles aut\u00f3nomos, realidad aumentada y metaverso:qu\u00e9 esperar en 2025 ya no son conceptos futuristas, sino pilares de una transform..","robots":{"index":"index","follow":"follow","max-snippet":"max-snippet:-1","max-image-preview":"max-image-preview:large","max-video-preview":"max-video-preview:-1"},"canonical":"https:\/\/universofamilia.com\/hr\/realidad-aumentada-y-metaverso\/","og_locale":"hr_HR","og_type":"article","og_title":"Autom\u00f3viles aut\u00f3nomos, realidad aumentada y metaverso - Universo Fam\u00edlia","og_description":"Las autom\u00f3viles aut\u00f3nomos, realidad aumentada y metaverso:qu\u00e9 esperar en 2025 ya no son conceptos futuristas, sino pilares de una transform..","og_url":"https:\/\/universofamilia.com\/hr\/realidad-aumentada-y-metaverso\/","og_site_name":"Universo Fam\u00edlia","article_published_time":"2025-10-17T19:36:08+00:00","article_modified_time":"2025-10-17T19:46:53+00:00","og_image":[{"width":450,"height":250,"url":"https:\/\/universofamilia.com\/wp-content\/uploads\/sites\/148\/2025\/10\/Destaque-Novo-Universo-17.jpg","type":"image\/jpeg"}],"author":"Matheus Sangaletti","twitter_card":"summary_large_image","twitter_misc":{"Written by":"Matheus Sangaletti","Est. reading time":"9 minuta"},"schema":{"@context":"https:\/\/schema.org","@graph":[{"@type":"WebPage","@id":"https:\/\/universofamilia.com\/pt\/realidad-aumentada-y-metaverso\/","url":"https:\/\/universofamilia.com\/pt\/realidad-aumentada-y-metaverso\/","name":"Autom\u00f3viles aut\u00f3nomos, realidad aumentada y metaverso - Universo Fam\u00edlia","isPartOf":{"@id":"http:\/\/universofamilia.com\/zh_hk\/#website"},"primaryImageOfPage":{"@id":"https:\/\/universofamilia.com\/pt\/realidad-aumentada-y-metaverso\/#primaryimage"},"image":{"@id":"https:\/\/universofamilia.com\/pt\/realidad-aumentada-y-metaverso\/#primaryimage"},"thumbnailUrl":"https:\/\/universofamilia.com\/wp-content\/uploads\/sites\/148\/2025\/10\/Destaque-Novo-Universo-17.jpg","datePublished":"2025-10-17T19:36:08+00:00","dateModified":"2025-10-17T19:46:53+00:00","author":{"@id":"http:\/\/universofamilia.com\/zh_hk\/#\/schema\/person\/92fcd07e9b1f4323bf74f3170fc0f78a"},"description":"Las autom\u00f3viles aut\u00f3nomos, realidad aumentada y metaverso:qu\u00e9 esperar en 2025 ya no son conceptos futuristas, sino pilares de una transform..","breadcrumb":{"@id":"https:\/\/universofamilia.com\/pt\/realidad-aumentada-y-metaverso\/#breadcrumb"},"inLanguage":"hr","potentialAction":[{"@type":"ReadAction","target":["https:\/\/universofamilia.com\/pt\/realidad-aumentada-y-metaverso\/"]}]},{"@type":"ImageObject","inLanguage":"hr","@id":"https:\/\/universofamilia.com\/pt\/realidad-aumentada-y-metaverso\/#primaryimage","url":"https:\/\/universofamilia.com\/wp-content\/uploads\/sites\/148\/2025\/10\/Destaque-Novo-Universo-17.jpg","contentUrl":"https:\/\/universofamilia.com\/wp-content\/uploads\/sites\/148\/2025\/10\/Destaque-Novo-Universo-17.jpg","width":450,"height":250},{"@type":"BreadcrumbList","@id":"https:\/\/universofamilia.com\/pt\/realidad-aumentada-y-metaverso\/#breadcrumb","itemListElement":[{"@type":"ListItem","position":1,"name":"Home","item":"http:\/\/universofamilia.com\/zh_hk\/"},{"@type":"ListItem","position":2,"name":"Autom\u00f3viles aut\u00f3nomos, realidad aumentada y metaverso"}]},{"@type":"WebSite","@id":"http:\/\/universofamilia.com\/zh_hk\/#website","url":"http:\/\/universofamilia.com\/zh_hk\/","name":"Universo Fam\u00edlia","description":"","potentialAction":[{"@type":"SearchAction","target":{"@type":"EntryPoint","urlTemplate":"http:\/\/universofamilia.com\/zh_hk\/?s={search_term_string}"},"query-input":"required name=search_term_string"}],"inLanguage":"hr"},{"@type":"Person","@id":"http:\/\/universofamilia.com\/zh_hk\/#\/schema\/person\/92fcd07e9b1f4323bf74f3170fc0f78a","name":"Matheus Sangaletti","image":{"@type":"ImageObject","inLanguage":"hr","@id":"http:\/\/universofamilia.com\/zh_hk\/#\/schema\/person\/image\/","url":"https:\/\/secure.gravatar.com\/avatar\/280ea957a14a48e6a1ad2133d2cc27c9?s=96&d=mm&r=g","contentUrl":"https:\/\/secure.gravatar.com\/avatar\/280ea957a14a48e6a1ad2133d2cc27c9?s=96&d=mm&r=g","caption":"Matheus Sangaletti"},"url":"https:\/\/universofamilia.com\/hr\/author\/matheuss\/"}]}},"_links":{"self":[{"href":"https:\/\/universofamilia.com\/hr\/wp-json\/wp\/v2\/posts\/10184"}],"collection":[{"href":"https:\/\/universofamilia.com\/hr\/wp-json\/wp\/v2\/posts"}],"about":[{"href":"https:\/\/universofamilia.com\/hr\/wp-json\/wp\/v2\/types\/post"}],"author":[{"embeddable":true,"href":"https:\/\/universofamilia.com\/hr\/wp-json\/wp\/v2\/users\/219"}],"replies":[{"embeddable":true,"href":"https:\/\/universofamilia.com\/hr\/wp-json\/wp\/v2\/comments?post=10184"}],"version-history":[{"count":3,"href":"https:\/\/universofamilia.com\/hr\/wp-json\/wp\/v2\/posts\/10184\/revisions"}],"predecessor-version":[{"id":10192,"href":"https:\/\/universofamilia.com\/hr\/wp-json\/wp\/v2\/posts\/10184\/revisions\/10192"}],"wp:featuredmedia":[{"embeddable":true,"href":"https:\/\/universofamilia.com\/hr\/wp-json\/wp\/v2\/media\/10185"}],"wp:attachment":[{"href":"https:\/\/universofamilia.com\/hr\/wp-json\/wp\/v2\/media?parent=10184"}],"wp:term":[{"taxonomy":"category","embeddable":true,"href":"https:\/\/universofamilia.com\/hr\/wp-json\/wp\/v2\/categories?post=10184"},{"taxonomy":"post_tag","embeddable":true,"href":"https:\/\/universofamilia.com\/hr\/wp-json\/wp\/v2\/tags?post=10184"}],"curies":[{"name":"wp","href":"https:\/\/api.w.org\/{rel}","templated":true}]}}