{"id":10218,"date":"2025-10-27T13:27:29","date_gmt":"2025-10-27T16:27:29","guid":{"rendered":"https:\/\/universofamilia.com\/?p=10218"},"modified":"2025-10-27T13:27:40","modified_gmt":"2025-10-27T16:27:40","slug":"proteccion-familiar-en-tiempos-de-incertidumbre-economica","status":"publish","type":"post","link":"https:\/\/universofamilia.com\/hr\/proteccion-familiar-en-tiempos-de-incertidumbre-economica\/","title":{"rendered":"Za\u0161tita obitelji u vremenima ekonomske nesigurnosti"},"content":{"rendered":"<p class=\"has-text-align-center\">Pitanje je 2025. godine <strong>\u201eZa\u0161tita obitelji u vremenima ekonomske nesigurnosti\u201c<\/strong> postaje relevantniji nego ikad.<\/p>\n\n\n\n<figure class=\"wp-block-gallery aligncenter has-nested-images columns-default is-cropped wp-block-gallery-1 is-layout-flex wp-block-gallery-is-layout-flex\">\n<figure class=\"wp-block-image size-full\"><img loading=\"lazy\" decoding=\"async\" width=\"450\" height=\"250\" data-id=\"10220\" src=\"https:\/\/universofamilia.com\/wp-content\/uploads\/sites\/148\/2025\/10\/Destaque-Novo-Universo-25-1.jpg\" alt=\"\" class=\"wp-image-10220\" srcset=\"https:\/\/universofamilia.com\/wp-content\/uploads\/sites\/148\/2025\/10\/Destaque-Novo-Universo-25-1.jpg 450w, https:\/\/universofamilia.com\/wp-content\/uploads\/sites\/148\/2025\/10\/Destaque-Novo-Universo-25-1-300x167.jpg 300w, https:\/\/universofamilia.com\/wp-content\/uploads\/sites\/148\/2025\/10\/Destaque-Novo-Universo-25-1-18x10.jpg 18w\" sizes=\"(max-width: 450px) 100vw, 450px\" \/><figcaption class=\"wp-element-caption\">CANVA<\/figcaption><\/figure>\n<\/figure>\n\n\n\n<p class=\"has-text-align-center\">Globalna inflacija, nestabilna tr\u017ei\u0161ta rada i politi\u010dka nestabilnost u raznim regijama stvorili su okru\u017eenje u kojem financijsko planiranje obitelji vi\u0161e nije opcionalno, ve\u0107 kriti\u010dna potreba.<\/p>\n\n\n\n<p class=\"has-text-align-center\">Prema Svjetskoj banci, inflacija u Latinskoj Americi procjenjuje se na prosje\u010dnih 5,8% ove godine, \u0161to izravno utje\u010de na kupovnu mo\u0107 obitelji.<\/p>\n\n\n\n<p>Ovaj \u010dlanak nudi dubinsku analizu i prakti\u010dne strategije koje \u0107e pomo\u0107i meksi\u010dkim i latinoameri\u010dkim obiteljima da za\u0161tite svoje financije, donose pametne odluke i oja\u010daju svoju ekonomsku otpornost suo\u010dene s neizvjesno\u0161\u0107u.<\/p>\n\n\n\n<p>Istra\u017eit \u0107emo kako organizirati obiteljski prora\u010dun, promovirati financijsku edukaciju, diverzificirati prihode, iskoristiti osiguranje i jo\u0161 mnogo toga.<\/p>\n\n\n\n<h2 class=\"wp-block-heading\">Sa\u017eetak<\/h2>\n\n\n\n<p>Kako bismo vas vodili kroz \u010ditanje, ovaj \u010dlanak se usredoto\u010duje na osam klju\u010dnih podru\u010dja:<\/p>\n\n\n\n<ol>\n<li>Uspostavljanje solidnog fonda za hitne slu\u010dajeve.<\/li>\n\n\n\n<li>Priprema detaljnog obiteljskog prora\u010duna.<\/li>\n\n\n\n<li>Financijsko obrazovanje kao alat za otpornost.<\/li>\n\n\n\n<li>Diverzifikacija izvora prihoda.<\/li>\n\n\n\n<li>Ugovaranje odgovaraju\u0107eg osiguranja.<\/li>\n\n\n\n<li>Mentalitet \u0161tednje i odgovorne navike.<\/li>\n\n\n\n<li>Profesionalni financijski savjeti.<\/li>\n\n\n\n<li>Fleksibilnost i prilagodba ekonomskim promjenama.<\/li>\n<\/ol>\n\n\n\n<p>Kroz cijeli tekst uklju\u010dit \u0107emo prakti\u010dne primjere, analogije i savjete koji \u0107e vam pomo\u0107i da bolje razumijete kako obitelji mogu poduzeti mjere za za\u0161titu svoje ekonomske dobrobiti.<\/p>\n\n\n\n<h2 class=\"wp-block-heading\">Osnovati fond za hitne slu\u010dajeve obiteljske za\u0161tite u vremenima ekonomske nesigurnosti<\/h2>\n\n\n\n<p>Prvi korak u za\u0161titi od ekonomske neizvjesnosti je stvaranje fonda za hitne slu\u010dajeve.<\/p>\n\n\n\n<p><\/p>\n\n\n\n<p>Ovaj fond trebao bi pokriti tri do \u0161est mjeseci osnovnih tro\u0161kova, uklju\u010duju\u0107i hranu, stanovanje, re\u017eije i prijevoz.<\/p>\n\n\n\n<p>Ovaj financijski jastuk omogu\u0107uje obiteljima da se nose s neo\u010dekivanim doga\u0111ajima bez pribjegavanja skupom zadu\u017eivanju.<\/p>\n\n\n\n<p><strong>Pravi primjer:<\/strong> Obitelj srednjih prihoda u Mexico Cityju izdvajala je 10% svoje mjese\u010dne pla\u0107e u fond za hitne slu\u010dajeve tijekom dvije godine.<\/p>\n\n\n\n<p>Kada je inflacija pogodila cijene hrane i usluga 2025. godine, uspjeli su odr\u017eati kvalitetu \u017eivota bez ugro\u017eavanja svojih financijskih obveza.<\/p>\n\n\n\n<p>\u0160tednja ne zahtijeva velike svote novca; va\u017ena je dosljednost i disciplina.<\/p>\n\n\n\n<p>Automatizacija prijenosa na zaseban \u0161tedni ra\u010dun mo\u017ee biti u\u010dinkovita metoda za odr\u017eavanje dosljednosti.<\/p>\n\n\n\n<h2 class=\"wp-block-heading\">Pripremite obiteljski prora\u010dun<\/h2>\n\n\n\n<p>Obiteljski prora\u010dun je plan koji vam omogu\u0107uje u\u010dinkovito upravljanje prihodima i rashodima va\u0161eg ku\u0107anstva.<\/p>\n\n\n\n<p>Da biste to ispravno u\u010dinili, prvo morate navesti sve izvore prihoda, a zatim identificirati sve fiksne i varijabilne tro\u0161kove.<\/p>\n\n\n\n<p><strong>Primjer:<\/strong> Mar\u00eda, majka troje djece iz Monterreya, koristi mjese\u010dnu tablicu u kojoj kategorizira svoje tro\u0161kove na hranu, prijevoz, obrazovanje, zabavu i \u0161tednju.<\/p>\n\n\n\n<p>To vam omogu\u0107uje otkrivanje curenja novca i preusmjeravanje resursa na ono \u0161to je zaista va\u017eno, poput \u0161tednje i ulaganja u obrazovanje va\u0161e djece.<\/p>\n\n\n\n<p>Jasan prora\u010dun poma\u017ee vam u dono\u0161enju informiranih odluka i izbjegavanju impulzivnog tro\u0161enja.<\/p>\n\n\n\n<p>Osim toga, uklju\u010divanje svih \u010dlanova obitelji poti\u010de financijsku edukaciju i zajedni\u010dku odgovornost.<\/p>\n\n\n\n<h2 class=\"wp-block-heading\">Promicanje financijskog obrazovanja kod ku\u0107e<\/h2>\n\n\n\n<p>Financijsko obrazovanje je klju\u010dno kako bi \u010dlanovi obitelji razumjeli kako funkcioniraju koncepti poput \u0161tednje, ulaganja, inflacije i duga.<\/p>\n\n\n\n<p>Pou\u010davanje od rane dobi poma\u017ee djeci i adolescentima da razviju odgovorne navike koje \u0107e pozitivno utjecati na njihovu ekonomsku budu\u0107nost.<\/p>\n\n\n\n<p><strong>Relevantni podaci:<\/strong> Prema ECLAC-u, ku\u0107anstva s financijskim obrazovanjem pokazuju 25% ve\u0107u vjerojatnost odr\u017eavanja stalne \u0161tednje i dono\u0161enja informiranih investicijskih odluka (<a>cepal.org<\/a>).<\/p>\n\n\n\n<p>Jednostavne aktivnosti poput uklju\u010divanja djece u prora\u010dun, podu\u010davanja uspore\u0111ivanju cijena ili dodjeljivanja d\u017eeparca za upravljanje osobnim tro\u0161kovima mogu biti vrlo u\u010dinkovite.<\/p>\n\n\n\n<h2 class=\"wp-block-heading\">Diverzificirajte izvore prihoda<\/h2>\n\n\n\n<p>Oslanjanje na jedan izvor prihoda predstavlja zna\u010dajan rizik u vremenima neizvjesnosti.<\/p>\n\n\n\n<p>Istra\u017eivanje novih izvora prihoda, poput rada na slobodnoj nozi, poduzetni\u0161tva ili malih ulaganja, mo\u017ee pru\u017eiti stabilnost i smanjiti ranjivost na gubitak posla.<\/p>\n\n\n\n<p><strong>Primjer:<\/strong> Luis, in\u017eenjer u Guadalajari, po\u010deo je nuditi online te\u010dajeve programiranja uz svoj glavni posao.<\/p>\n\n\n\n<p>Tijekom nestabilnog tr\u017ei\u0161ta rada 2025. godine, dodatni prihodi omogu\u0107ili su joj da odr\u017eava osnovne tro\u0161kove i nastavi \u0161tedjeti.<\/p>\n\n\n\n<p>Diverzifikacija ne samo da \u0161titi obitelji od kriza, ve\u0107 i otvara mogu\u0107nosti za razvoj vje\u0161tina i istra\u017eivanje novih izvora gospodarskog rasta.<\/p>\n\n\n\n<h2 class=\"wp-block-heading\">Imati odgovaraju\u0107e osiguranje<\/h2>\n\n\n\n<p>Osiguranje je klju\u010dni alat za za\u0161titu va\u0161e obitelji od neo\u010dekivanih doga\u0111aja. Preporu\u010deno pokri\u0107e uklju\u010duje zdravstveno, \u017eivotno, ku\u0107no i automobilsko osiguranje.<\/p>\n\n\n\n<p>U slu\u010daju nu\u017ede, ove police osiguranja sprje\u010davaju obitelji da moraju unov\u010diti u\u0161te\u0111evinu ili se zadu\u017eiti.<\/p>\n\n\n\n<p><strong>Relevantne statistike:<\/strong> Studija Meksi\u010dkog udru\u017eenja osiguravaju\u0107ih institucija (AMIS) pokazuje da samo 40% meksi\u010dkih obitelji ima odgovaraju\u0107e zdravstveno osiguranje, \u0161to ih \u010dini ranjivima na nepredvi\u0111ene tro\u0161kove (<a>amis.com.mx<\/a>).<\/p>\n\n\n\n<p>Odabir pravog osiguranja uklju\u010duje analizu specifi\u010dnih potreba svake obitelji i procjenu omjera tro\u0161kova i koristi svake police.<\/p>\n\n\n\n<h2 class=\"wp-block-heading\">Odr\u017eavajte na\u010din razmi\u0161ljanja o \u0161tednji<\/h2>\n\n\n\n<p>Usvajanje stalnog na\u010dina razmi\u0161ljanja o \u0161tednji klju\u010dno je, \u010dak i u malim iznosima.<\/p>\n\n\n\n<p>Automatizacija uplata na \u0161tedne ra\u010dune, postavljanje jasnih ciljeva i periodi\u010dno preispitivanje tro\u0161kova omogu\u0107uje vam odr\u017eavanje stvarne kontrole nad va\u0161im financijama.<\/p>\n\n\n\n<p>Korisna analogija: obiteljska u\u0161te\u0111evina je poput vrta. Ako se dosljedno sadi i redovito odr\u017eava, rasti \u0107e i donositi plodove u pravo vrijeme.<\/p>\n\n\n\n<p>S druge strane, zanemarivanje toga mo\u017ee ostaviti obitelj bez resursa u kriti\u010dnim trenucima.<\/p>\n\n\n\n<figure class=\"wp-block-gallery aligncenter has-nested-images columns-default is-cropped wp-block-gallery-2 is-layout-flex wp-block-gallery-is-layout-flex\">\n<figure class=\"wp-block-image size-full\"><img loading=\"lazy\" decoding=\"async\" width=\"450\" height=\"250\" data-id=\"10221\" src=\"https:\/\/universofamilia.com\/wp-content\/uploads\/sites\/148\/2025\/10\/Destaque-Novo-Universo-26.jpg\" alt=\"\" class=\"wp-image-10221\" srcset=\"https:\/\/universofamilia.com\/wp-content\/uploads\/sites\/148\/2025\/10\/Destaque-Novo-Universo-26.jpg 450w, https:\/\/universofamilia.com\/wp-content\/uploads\/sites\/148\/2025\/10\/Destaque-Novo-Universo-26-300x167.jpg 300w, https:\/\/universofamilia.com\/wp-content\/uploads\/sites\/148\/2025\/10\/Destaque-Novo-Universo-26-18x10.jpg 18w\" sizes=\"(max-width: 450px) 100vw, 450px\" \/><figcaption class=\"wp-element-caption\">CANVA<\/figcaption><\/figure>\n<\/figure>\n\n\n\n<p>Pro\u010ditajte vi\u0161e:&nbsp;<a href=\"https:\/\/universofamilia.com\/hr\/economia-mundial-en-2025-recesion-o-recuperacion\/\">Svjetsko gospodarstvo u 2025.: Recesija ili oporavak?<\/a><\/p>\n\n\n\n<h2 class=\"wp-block-heading\">Potra\u017eite profesionalni financijski savjet<\/h2>\n\n\n\n<p>Stru\u010dni savjeti omogu\u0107uju vam optimizaciju upravljanja resursima, planiranje ulaganja i dono\u0161enje informiranih strate\u0161kih odluka.<\/p>\n\n\n\n<p>Financijski savjetnici mogu pomo\u0107i u stvaranju planova \u0161tednje, osiguranju ulaganja i poreznih strategija koje maksimiziraju dobrobit obitelji.<\/p>\n\n\n\n<p>Ne radi se samo o velikim bogatstvima; svaka obitelj mo\u017ee imati koristi od financijskog planera koji prilago\u0111ava strategije specifi\u010dnom prora\u010dunu i potrebama ku\u0107anstva.<\/p>\n\n\n\n<h2 class=\"wp-block-heading\">Budite fleksibilni i prilagodite se promjenama<\/h2>\n\n\n\n<p>Ekonomska otpornost ovisi o sposobnosti prilagodbe novim okolnostima.<\/p>\n\n\n\n<p>Prilago\u0111avanje prora\u010duna, istra\u017eivanje mogu\u0107nosti prihoda i promjena potro\u0161a\u010dkih navika su radnje koje obiteljima omogu\u0107uju da se s ve\u0107im samopouzdanjem suo\u010de s neizvjesno\u0161\u0107u.<\/p>\n\n\n\n<p>U 2025. godini globalno gospodarstvo prolazi kroz brze i stalne promjene. Fleksibilnost vam omogu\u0107uje da predvidite probleme i iskoristite prilike koje bi drugi mogli previdjeti.<\/p>\n\n\n\n<h2 class=\"wp-block-heading\">Dodatne strategije za za\u0161titu obitelji<\/h2>\n\n\n\n<ol>\n<li><strong>Pametna kupovina:<\/strong> Usporedite cijene, iskoristite popuste i dajte prioritet stvarnim potrebama.<\/li>\n\n\n\n<li><strong>Obrazovno planiranje:<\/strong> Procijenite obrazovne alternative koje optimiziraju omjer tro\u0161kova i koristi bez ugro\u017eavanja kvalitete.<\/li>\n\n\n\n<li><strong>Odgovorno kori\u0161tenje kredita:<\/strong> Izbjegavajte nepotrebno zadu\u017eivanje i dajte prioritet otplati dugova s visokim kamatama.<\/li>\n\n\n\n<li><strong>Ulaganje u vje\u0161tine:<\/strong> Osposobite se za nove poslove ili pothvate koji generiraju dodatni prihod.<\/li>\n<\/ol>\n\n\n\n<h2 class=\"wp-block-heading\">Zaklju\u010dak<\/h2>\n\n\n\n<p>Za\u0161tita va\u0161e obitelji u vremenima ekonomske nesigurnosti zahtijeva sveobuhvatan pristup.<\/p>\n\n\n\n<p>Osnivanje fonda za hitne slu\u010dajeve, prora\u010dun, financijsko obrazovanje, diverzifikacija prihoda, odgovaraju\u0107e osiguranje, dosljedna \u0161tednja, tra\u017eenje stru\u010dnog savjeta i prilago\u0111avanje promjenama klju\u010dne su strategije.<\/p>\n\n\n\n<p>Pitanje <strong>\u201eZa\u0161tita obitelji u vremenima ekonomske nesigurnosti\u201c<\/strong> To nije samo retorika; to je vodi\u010d za djelovanje.<\/p>\n\n\n\n<p>Obitelji koje primjenjuju ove strategije imaju ve\u0107u vjerojatnost da \u0107e odr\u017eati stabilnost, samouvjereno se suo\u010diti s krizama i izgraditi solidnu financijsku budu\u0107nost.<\/p>\n\n\n\n<p>Pro\u010ditajte vi\u0161e:&nbsp;<a href=\"https:\/\/universofamilia.com\/hr\/crisis-climatica-global\/\">Globalna klimatska kriza: posljedice ve\u0107 poga\u0111aju milijune<\/a><\/p>\n\n\n\n<h3 class=\"wp-block-heading\">\u010cesto postavljana pitanja<\/h3>\n\n\n\n<p><strong>1. Koliko bih trebao\/la u\u0161tedjeti za fond za hitne slu\u010dajeve?<\/strong><br>Izme\u0111u tri i \u0161est mjeseci osnovnih tro\u0161kova.<\/p>\n\n\n\n<p><strong>2. Kako mogu uklju\u010diti svoju djecu u financijsku edukaciju?<\/strong><br>Dajte im d\u017eeparac, nau\u010dite ih kako uspore\u0111ivati cijene i \u0161tedite za osobne ciljeve.<\/p>\n\n\n\n<p><strong>3. Koje je osiguranje neophodno?<\/strong><br>Zdravstvene, \u017eivotne, stambene i automobilske usluge temeljene na specifi\u010dnim potrebama obitelji.<\/p>\n\n\n\n<p><strong>4. Kako diverzificirati prihode bez zanemarivanja glavnog posla?<\/strong><br>Istra\u017eite freelance posao, male startupove ili investicije niskog rizika koje ne zahtijevaju svo va\u0161e vrijeme.<\/p>\n\n\n\n<p><strong>5. Kada potra\u017eiti stru\u010dni savjet?<\/strong><br>Kad god \u017eelite optimizirati resurse, planirati ulaganja ili za\u0161tititi obiteljsku imovinu.<\/p>","protected":false},"excerpt":{"rendered":"<p>En 2025, la pregunta \u201cProtecci\u00f3n familiar en tiempos de incertidumbre econ\u00f3mica\u201d se vuelve m\u00e1s relevante que nunca. La inflaci\u00f3n global, la volatilidad de los mercados laborales y la inestabilidad pol\u00edtica en diversas regiones han generado un entorno en el que la planificaci\u00f3n financiera familiar ya no es opcional, sino una necesidad cr\u00edtica. Seg\u00fan el Banco [&hellip;]<\/p>","protected":false},"author":219,"featured_media":10219,"comment_status":"closed","ping_status":"open","sticky":false,"template":"","format":"standard","meta":{"footnotes":""},"categories":[4],"tags":[],"yoast_head":"<!-- This site is optimized with the Yoast SEO plugin v23.3 - https:\/\/yoast.com\/wordpress\/plugins\/seo\/ -->\n<title>Protecci\u00f3n familiar en tiempos de incertidumbre econ\u00f3mica - Universo Fam\u00edlia<\/title>\n<meta name=\"description\" content=\"En 2025, la pregunta \u201cProtecci\u00f3n familiar en tiempos de incertidumbre econ\u00f3mica\u201d se vuelve m\u00e1s relevante que nunca.\" \/>\n<meta name=\"robots\" content=\"index, follow, max-snippet:-1, max-image-preview:large, max-video-preview:-1\" \/>\n<link rel=\"canonical\" href=\"https:\/\/universofamilia.com\/hr\/proteccion-familiar-en-tiempos-de-incertidumbre-economica\/\" \/>\n<meta property=\"og:locale\" content=\"hr_HR\" \/>\n<meta property=\"og:type\" content=\"article\" \/>\n<meta property=\"og:title\" content=\"Protecci\u00f3n familiar en tiempos de incertidumbre econ\u00f3mica - Universo Fam\u00edlia\" \/>\n<meta property=\"og:description\" content=\"En 2025, la pregunta \u201cProtecci\u00f3n familiar en tiempos de incertidumbre econ\u00f3mica\u201d se vuelve m\u00e1s relevante que nunca.\" \/>\n<meta property=\"og:url\" content=\"https:\/\/universofamilia.com\/hr\/proteccion-familiar-en-tiempos-de-incertidumbre-economica\/\" \/>\n<meta property=\"og:site_name\" content=\"Universo Fam\u00edlia\" \/>\n<meta property=\"article:published_time\" content=\"2025-10-27T16:27:29+00:00\" \/>\n<meta property=\"article:modified_time\" content=\"2025-10-27T16:27:40+00:00\" \/>\n<meta property=\"og:image\" content=\"https:\/\/universofamilia.com\/wp-content\/uploads\/sites\/148\/2025\/10\/Destaque-Novo-Universo-25.jpg\" \/>\n\t<meta property=\"og:image:width\" content=\"450\" \/>\n\t<meta property=\"og:image:height\" content=\"250\" \/>\n\t<meta property=\"og:image:type\" content=\"image\/jpeg\" \/>\n<meta name=\"author\" content=\"Matheus Sangaletti\" \/>\n<meta name=\"twitter:card\" content=\"summary_large_image\" \/>\n<meta name=\"twitter:label1\" content=\"Written by\" \/>\n\t<meta name=\"twitter:data1\" content=\"Matheus Sangaletti\" \/>\n\t<meta name=\"twitter:label2\" content=\"Est. reading time\" \/>\n\t<meta name=\"twitter:data2\" content=\"8 minuta\" \/>\n<script type=\"application\/ld+json\" class=\"yoast-schema-graph\">{\"@context\":\"https:\/\/schema.org\",\"@graph\":[{\"@type\":\"WebPage\",\"@id\":\"https:\/\/universofamilia.com\/el\/proteccion-familiar-en-tiempos-de-incertidumbre-economica\/\",\"url\":\"https:\/\/universofamilia.com\/el\/proteccion-familiar-en-tiempos-de-incertidumbre-economica\/\",\"name\":\"Protecci\u00f3n familiar en tiempos de incertidumbre econ\u00f3mica - Universo Fam\u00edlia\",\"isPartOf\":{\"@id\":\"https:\/\/universofamilia.com\/el\/#website\"},\"primaryImageOfPage\":{\"@id\":\"https:\/\/universofamilia.com\/el\/proteccion-familiar-en-tiempos-de-incertidumbre-economica\/#primaryimage\"},\"image\":{\"@id\":\"https:\/\/universofamilia.com\/el\/proteccion-familiar-en-tiempos-de-incertidumbre-economica\/#primaryimage\"},\"thumbnailUrl\":\"https:\/\/universofamilia.com\/wp-content\/uploads\/sites\/148\/2025\/10\/Destaque-Novo-Universo-25.jpg\",\"datePublished\":\"2025-10-27T16:27:29+00:00\",\"dateModified\":\"2025-10-27T16:27:40+00:00\",\"author\":{\"@id\":\"https:\/\/universofamilia.com\/el\/#\/schema\/person\/92fcd07e9b1f4323bf74f3170fc0f78a\"},\"description\":\"En 2025, la pregunta \u201cProtecci\u00f3n familiar en tiempos de incertidumbre econ\u00f3mica\u201d se vuelve m\u00e1s relevante que nunca.\",\"breadcrumb\":{\"@id\":\"https:\/\/universofamilia.com\/el\/proteccion-familiar-en-tiempos-de-incertidumbre-economica\/#breadcrumb\"},\"inLanguage\":\"hr\",\"potentialAction\":[{\"@type\":\"ReadAction\",\"target\":[\"https:\/\/universofamilia.com\/el\/proteccion-familiar-en-tiempos-de-incertidumbre-economica\/\"]}]},{\"@type\":\"ImageObject\",\"inLanguage\":\"hr\",\"@id\":\"https:\/\/universofamilia.com\/el\/proteccion-familiar-en-tiempos-de-incertidumbre-economica\/#primaryimage\",\"url\":\"https:\/\/universofamilia.com\/wp-content\/uploads\/sites\/148\/2025\/10\/Destaque-Novo-Universo-25.jpg\",\"contentUrl\":\"https:\/\/universofamilia.com\/wp-content\/uploads\/sites\/148\/2025\/10\/Destaque-Novo-Universo-25.jpg\",\"width\":450,\"height\":250},{\"@type\":\"BreadcrumbList\",\"@id\":\"https:\/\/universofamilia.com\/el\/proteccion-familiar-en-tiempos-de-incertidumbre-economica\/#breadcrumb\",\"itemListElement\":[{\"@type\":\"ListItem\",\"position\":1,\"name\":\"Home\",\"item\":\"https:\/\/universofamilia.com\/el\/\"},{\"@type\":\"ListItem\",\"position\":2,\"name\":\"Protecci\u00f3n familiar en tiempos de incertidumbre econ\u00f3mica\"}]},{\"@type\":\"WebSite\",\"@id\":\"https:\/\/universofamilia.com\/el\/#website\",\"url\":\"https:\/\/universofamilia.com\/el\/\",\"name\":\"Universo Fam\u00edlia\",\"description\":\"\",\"potentialAction\":[{\"@type\":\"SearchAction\",\"target\":{\"@type\":\"EntryPoint\",\"urlTemplate\":\"https:\/\/universofamilia.com\/el\/?s={search_term_string}\"},\"query-input\":\"required name=search_term_string\"}],\"inLanguage\":\"hr\"},{\"@type\":\"Person\",\"@id\":\"https:\/\/universofamilia.com\/el\/#\/schema\/person\/92fcd07e9b1f4323bf74f3170fc0f78a\",\"name\":\"Matheus Sangaletti\",\"image\":{\"@type\":\"ImageObject\",\"inLanguage\":\"hr\",\"@id\":\"https:\/\/universofamilia.com\/el\/#\/schema\/person\/image\/\",\"url\":\"https:\/\/secure.gravatar.com\/avatar\/280ea957a14a48e6a1ad2133d2cc27c9?s=96&d=mm&r=g\",\"contentUrl\":\"https:\/\/secure.gravatar.com\/avatar\/280ea957a14a48e6a1ad2133d2cc27c9?s=96&d=mm&r=g\",\"caption\":\"Matheus Sangaletti\"},\"url\":\"https:\/\/universofamilia.com\/hr\/author\/matheuss\/\"}]}<\/script>\n<!-- \/ Yoast SEO plugin. -->","yoast_head_json":{"title":"Protecci\u00f3n familiar en tiempos de incertidumbre econ\u00f3mica - Universo Fam\u00edlia","description":"En 2025, la pregunta \u201cProtecci\u00f3n familiar en tiempos de incertidumbre econ\u00f3mica\u201d se vuelve m\u00e1s relevante que nunca.","robots":{"index":"index","follow":"follow","max-snippet":"max-snippet:-1","max-image-preview":"max-image-preview:large","max-video-preview":"max-video-preview:-1"},"canonical":"https:\/\/universofamilia.com\/hr\/proteccion-familiar-en-tiempos-de-incertidumbre-economica\/","og_locale":"hr_HR","og_type":"article","og_title":"Protecci\u00f3n familiar en tiempos de incertidumbre econ\u00f3mica - Universo Fam\u00edlia","og_description":"En 2025, la pregunta \u201cProtecci\u00f3n familiar en tiempos de incertidumbre econ\u00f3mica\u201d se vuelve m\u00e1s relevante que nunca.","og_url":"https:\/\/universofamilia.com\/hr\/proteccion-familiar-en-tiempos-de-incertidumbre-economica\/","og_site_name":"Universo Fam\u00edlia","article_published_time":"2025-10-27T16:27:29+00:00","article_modified_time":"2025-10-27T16:27:40+00:00","og_image":[{"width":450,"height":250,"url":"https:\/\/universofamilia.com\/wp-content\/uploads\/sites\/148\/2025\/10\/Destaque-Novo-Universo-25.jpg","type":"image\/jpeg"}],"author":"Matheus Sangaletti","twitter_card":"summary_large_image","twitter_misc":{"Written by":"Matheus Sangaletti","Est. reading time":"8 minuta"},"schema":{"@context":"https:\/\/schema.org","@graph":[{"@type":"WebPage","@id":"https:\/\/universofamilia.com\/el\/proteccion-familiar-en-tiempos-de-incertidumbre-economica\/","url":"https:\/\/universofamilia.com\/el\/proteccion-familiar-en-tiempos-de-incertidumbre-economica\/","name":"Protecci\u00f3n familiar en tiempos de incertidumbre econ\u00f3mica - Universo Fam\u00edlia","isPartOf":{"@id":"https:\/\/universofamilia.com\/el\/#website"},"primaryImageOfPage":{"@id":"https:\/\/universofamilia.com\/el\/proteccion-familiar-en-tiempos-de-incertidumbre-economica\/#primaryimage"},"image":{"@id":"https:\/\/universofamilia.com\/el\/proteccion-familiar-en-tiempos-de-incertidumbre-economica\/#primaryimage"},"thumbnailUrl":"https:\/\/universofamilia.com\/wp-content\/uploads\/sites\/148\/2025\/10\/Destaque-Novo-Universo-25.jpg","datePublished":"2025-10-27T16:27:29+00:00","dateModified":"2025-10-27T16:27:40+00:00","author":{"@id":"https:\/\/universofamilia.com\/el\/#\/schema\/person\/92fcd07e9b1f4323bf74f3170fc0f78a"},"description":"En 2025, la pregunta \u201cProtecci\u00f3n familiar en tiempos de incertidumbre econ\u00f3mica\u201d se vuelve m\u00e1s relevante que nunca.","breadcrumb":{"@id":"https:\/\/universofamilia.com\/el\/proteccion-familiar-en-tiempos-de-incertidumbre-economica\/#breadcrumb"},"inLanguage":"hr","potentialAction":[{"@type":"ReadAction","target":["https:\/\/universofamilia.com\/el\/proteccion-familiar-en-tiempos-de-incertidumbre-economica\/"]}]},{"@type":"ImageObject","inLanguage":"hr","@id":"https:\/\/universofamilia.com\/el\/proteccion-familiar-en-tiempos-de-incertidumbre-economica\/#primaryimage","url":"https:\/\/universofamilia.com\/wp-content\/uploads\/sites\/148\/2025\/10\/Destaque-Novo-Universo-25.jpg","contentUrl":"https:\/\/universofamilia.com\/wp-content\/uploads\/sites\/148\/2025\/10\/Destaque-Novo-Universo-25.jpg","width":450,"height":250},{"@type":"BreadcrumbList","@id":"https:\/\/universofamilia.com\/el\/proteccion-familiar-en-tiempos-de-incertidumbre-economica\/#breadcrumb","itemListElement":[{"@type":"ListItem","position":1,"name":"Home","item":"https:\/\/universofamilia.com\/el\/"},{"@type":"ListItem","position":2,"name":"Protecci\u00f3n familiar en tiempos de incertidumbre econ\u00f3mica"}]},{"@type":"WebSite","@id":"https:\/\/universofamilia.com\/el\/#website","url":"https:\/\/universofamilia.com\/el\/","name":"Universo Fam\u00edlia","description":"","potentialAction":[{"@type":"SearchAction","target":{"@type":"EntryPoint","urlTemplate":"https:\/\/universofamilia.com\/el\/?s={search_term_string}"},"query-input":"required name=search_term_string"}],"inLanguage":"hr"},{"@type":"Person","@id":"https:\/\/universofamilia.com\/el\/#\/schema\/person\/92fcd07e9b1f4323bf74f3170fc0f78a","name":"Matheus Sangaletti","image":{"@type":"ImageObject","inLanguage":"hr","@id":"https:\/\/universofamilia.com\/el\/#\/schema\/person\/image\/","url":"https:\/\/secure.gravatar.com\/avatar\/280ea957a14a48e6a1ad2133d2cc27c9?s=96&d=mm&r=g","contentUrl":"https:\/\/secure.gravatar.com\/avatar\/280ea957a14a48e6a1ad2133d2cc27c9?s=96&d=mm&r=g","caption":"Matheus Sangaletti"},"url":"https:\/\/universofamilia.com\/hr\/author\/matheuss\/"}]}},"_links":{"self":[{"href":"https:\/\/universofamilia.com\/hr\/wp-json\/wp\/v2\/posts\/10218"}],"collection":[{"href":"https:\/\/universofamilia.com\/hr\/wp-json\/wp\/v2\/posts"}],"about":[{"href":"https:\/\/universofamilia.com\/hr\/wp-json\/wp\/v2\/types\/post"}],"author":[{"embeddable":true,"href":"https:\/\/universofamilia.com\/hr\/wp-json\/wp\/v2\/users\/219"}],"replies":[{"embeddable":true,"href":"https:\/\/universofamilia.com\/hr\/wp-json\/wp\/v2\/comments?post=10218"}],"version-history":[{"count":3,"href":"https:\/\/universofamilia.com\/hr\/wp-json\/wp\/v2\/posts\/10218\/revisions"}],"predecessor-version":[{"id":10224,"href":"https:\/\/universofamilia.com\/hr\/wp-json\/wp\/v2\/posts\/10218\/revisions\/10224"}],"wp:featuredmedia":[{"embeddable":true,"href":"https:\/\/universofamilia.com\/hr\/wp-json\/wp\/v2\/media\/10219"}],"wp:attachment":[{"href":"https:\/\/universofamilia.com\/hr\/wp-json\/wp\/v2\/media?parent=10218"}],"wp:term":[{"taxonomy":"category","embeddable":true,"href":"https:\/\/universofamilia.com\/hr\/wp-json\/wp\/v2\/categories?post=10218"},{"taxonomy":"post_tag","embeddable":true,"href":"https:\/\/universofamilia.com\/hr\/wp-json\/wp\/v2\/tags?post=10218"}],"curies":[{"name":"wp","href":"https:\/\/api.w.org\/{rel}","templated":true}]}}