{"id":10328,"date":"2025-11-13T10:26:37","date_gmt":"2025-11-13T13:26:37","guid":{"rendered":"https:\/\/universofamilia.com\/?p=10328"},"modified":"2025-11-13T10:26:40","modified_gmt":"2025-11-13T13:26:40","slug":"privacidad-en-linea","status":"publish","type":"post","link":"https:\/\/universofamilia.com\/hr\/privacidad-en-linea\/","title":{"rendered":"Kako za\u0161tititi svoje osobne podatke u digitalnom dobu"},"content":{"rendered":"<p class=\"has-text-align-center\">U svijetu gdje se gotovo sve doga\u0111a putem ekrana, <strong>Privatnost na internetu: kako za\u0161tititi svoje osobne podatke u digitalnom dobu<\/strong> postala je sredi\u0161nja briga.<\/p>\n\n\n\n<figure class=\"wp-block-gallery aligncenter has-nested-images columns-default is-cropped wp-block-gallery-1 is-layout-flex wp-block-gallery-is-layout-flex\">\n<figure class=\"wp-block-image size-full\"><img loading=\"lazy\" decoding=\"async\" width=\"450\" height=\"250\" data-id=\"10330\" src=\"https:\/\/universofamilia.com\/wp-content\/uploads\/sites\/148\/2025\/11\/Destaque-Novo-Universo-2.jpg\" alt=\"\" class=\"wp-image-10330\" srcset=\"https:\/\/universofamilia.com\/wp-content\/uploads\/sites\/148\/2025\/11\/Destaque-Novo-Universo-2.jpg 450w, https:\/\/universofamilia.com\/wp-content\/uploads\/sites\/148\/2025\/11\/Destaque-Novo-Universo-2-300x167.jpg 300w, https:\/\/universofamilia.com\/wp-content\/uploads\/sites\/148\/2025\/11\/Destaque-Novo-Universo-2-18x10.jpg 18w\" sizes=\"(max-width: 450px) 100vw, 450px\" \/><figcaption class=\"wp-element-caption\">CANVA<\/figcaption><\/figure>\n<\/figure>\n\n\n\n<p class=\"has-text-align-center\">U ovom \u010dlanku saznat \u0107ete o glavnim rizicima za va\u0161e podatke, najboljim alatima za njihovu za\u0161titu, stvarnim statistikama, dva jasna primjera i prakti\u010dnim savjetima s odgovorima na va\u0161a naj\u010de\u0161\u0107a pitanja.<\/p>\n\n\n\n<p class=\"has-text-align-center\"><br>Jeste li se ikada zapitali koliko osobnih podataka nesvjesno otkrivate?<\/p>\n\n\n\n<h2 class=\"wp-block-heading\"><strong>Nova digitalna ranjivost: za\u0161to privatnost vi\u0161e nije opcionalna<\/strong><\/h2>\n\n\n\n<p>Prije deset godina ve\u0107ina korisnika smatrala je privatnost sporednim pitanjem; danas, 2025. godine, ona je pravo i hitna potreba.<\/p>\n\n\n\n<p>Svaki klik, pretraga ili kupnja ostavlja digitalni otisak koji se mo\u017ee pratiti, pohraniti i prodati.<\/p>\n\n\n\n<p>Velike tehnolo\u0161ke platforme grade detaljne profile o navikama milijuna ljudi kako bi personalizirale oglase ili pobolj\u0161ale algoritme, ali ta praksa tako\u0111er otvara vrata zlouporabama i curenju informacija.<\/p>\n\n\n\n<p>Simboli\u010dan slu\u010daj bio je onaj me\u0111unarodnog lanca trgovina koji je 2024. godine pretrpio masovni proboj u svoju bazu podataka.<\/p>\n\n\n\n<p>Napada\u010di su dobili pristup vi\u0161e od <strong>50 milijuna korisni\u010dkih zapisa<\/strong>uklju\u010duju\u0107i adrese i preferencije kupnje.<\/p>\n\n\n\n<p>Tvrtki je trebalo nekoliko tjedana da obavijesti korisnike, a tisu\u0107e njih postale su \u017ertve prijevare.<\/p>\n\n\n\n<p>Ovaj primjer pokazuje da nitko nije potpuno siguran: digitalna privatnost vi\u0161e nije opcionalna, ve\u0107 je pitanje tehnolo\u0161kog opstanka.<\/p>\n\n\n\n<h2 class=\"wp-block-heading\"><strong>Naj\u010de\u0161\u0107i rizici za va\u0161e osobne podatke<\/strong><\/h2>\n\n\n\n<p>Ve\u0107ina prijetnji privatnosti ne dolazi od sofisticiranih hakera, ve\u0107 od malih, svakodnevnih propusta. Me\u0111u naj\u010de\u0161\u0107im rizicima su:<\/p>\n\n\n\n<p><strong>Kra\u0111a identiteta<\/strong>la\u017ene e-poruke ili poruke koje se la\u017eno predstavljaju kao slu\u017ebene slu\u017ebe.<\/p>\n\n\n\n<p><strong>Invazivne aplikacije<\/strong>besplatni programi koji zahtijevaju previ\u0161e dozvola.<\/p>\n\n\n\n<p><strong>Pra\u0107enje kola\u010di\u0107a<\/strong>Svaka stranica koju posjetite prikuplja podatke o pregledavanju.<\/p>\n\n\n\n<p><strong>Javni Wi-Fi<\/strong>otvorene mre\u017ee gdje je lako presresti informacije.<\/p>\n\n\n\n<p><strong>Slabe ili ponovljene lozinke<\/strong>: naj\u010de\u0161\u0107a ulazna to\u010dka za napade.<\/p>\n\n\n\n<p>Prema <strong>Izvje\u0161\u0107e o uvidima u kiberneti\u010dku sigurnost tvrtke Norton za 2024. godinu<\/strong>, on <strong>77% od meksi\u010dkih korisnika<\/strong> Jeste li do\u017eivjeli bilo kakav poku\u0161aj prijevare ili kr\u0161enja privatnosti na internetu?<\/p>\n\n\n\n<p>Brojka odra\u017eava alarmantnu stvarnost: za\u0161tita osobnih podataka vi\u0161e nije preventivna opcija, ve\u0107 nu\u017ena rutina.<\/p>\n\n\n\n<figure class=\"wp-block-table\"><table><thead><tr><th><strong>Vrsta prijetnje<\/strong><\/th><th><strong>Postotak incidencije u Meksiku (2024.)<\/strong><\/th><\/tr><\/thead><tbody><tr><td>Phishing i la\u017ene e-poruke<\/td><td>42%<\/td><\/tr><tr><td>Kra\u0111a lozinke<\/td><td>27%<\/td><\/tr><tr><td>Curenje podataka<\/td><td>19%<\/td><\/tr><tr><td>Zlonamjerni softver u mobilnim aplikacijama<\/td><td>8%<\/td><\/tr><tr><td>Pra\u0107enje i prodaja podataka<\/td><td>4%<\/td><\/tr><\/tbody><\/table><figcaption class=\"wp-element-caption\">Privatnost na internetu: kako za\u0161tititi svoje osobne podatke u digitalnom dobu<\/figcaption><\/figure>\n\n\n\n<p>Ovi podaci pokazuju da prijetnje nisu samo raznolike, ve\u0107 i sve sofisticiranije i ciljane.<\/p>\n\n\n\n<p>Ljudi \u010desto \u0161tite svoje domove bravama, ali svoja &quot;digitalna vrata&quot; ostavljaju otvorena bez razmi\u0161ljanja.<\/p>\n\n\n\n<figure class=\"wp-block-gallery aligncenter has-nested-images columns-default is-cropped wp-block-gallery-2 is-layout-flex wp-block-gallery-is-layout-flex\">\n<figure class=\"wp-block-image size-full\"><img loading=\"lazy\" decoding=\"async\" width=\"450\" height=\"250\" data-id=\"10331\" src=\"https:\/\/universofamilia.com\/wp-content\/uploads\/sites\/148\/2025\/11\/Destaque-Novo-Universo-1-1.jpg\" alt=\"\" class=\"wp-image-10331\" srcset=\"https:\/\/universofamilia.com\/wp-content\/uploads\/sites\/148\/2025\/11\/Destaque-Novo-Universo-1-1.jpg 450w, https:\/\/universofamilia.com\/wp-content\/uploads\/sites\/148\/2025\/11\/Destaque-Novo-Universo-1-1-300x167.jpg 300w, https:\/\/universofamilia.com\/wp-content\/uploads\/sites\/148\/2025\/11\/Destaque-Novo-Universo-1-1-18x10.jpg 18w\" sizes=\"(max-width: 450px) 100vw, 450px\" \/><figcaption class=\"wp-element-caption\">CANVA<\/figcaption><\/figure>\n<\/figure>\n\n\n\n<p>Pro\u010ditajte vi\u0161e:<a href=\"https:\/\/universofamilia.com\/hr\/inteligencia-artificial-en-el-dia-a-dia\/\">\u00a0Umjetna inteligencija u svakodnevnom \u017eivotu<\/a><\/p>\n\n\n\n<h2 class=\"wp-block-heading\"><strong>Kako korak po korak za\u0161tititi svoju online privatnost<\/strong><\/h2>\n\n\n\n<p>Dobra je vijest da postoje u\u010dinkovite strategije za ja\u010danje va\u0161e privatnosti.<\/p>\n\n\n\n<p>Ne radi se o \u017eivotu u strahu, ve\u0107 o snala\u017eenju u situaciji svjesnosti. Evo nekoliko konkretnih koraka koje mo\u017eete poduzeti ve\u0107 danas:<\/p>\n\n\n\n<p><strong>Koristite jedinstvene i sigurne lozinke<\/strong>Upravitelji lozinki, kao \u0161to su 1Password ili Bitwarden, poma\u017eu vam da bez napora odr\u017eavate kontrolu.<\/p>\n\n\n\n<p><strong>Omogu\u0107i dvofaktorsku provjeru (2FA)<\/strong>Ovaj dodatni sloj mo\u017ee zaustaviti napada\u010da \u010dak i ako dobije va\u0161 klju\u010d.<\/p>\n\n\n\n<p><strong>Koristite pouzdan VPN<\/strong> Kada se spajate na javne mre\u017ee, \u0161ifrirajte svoju vezu i sprije\u010dite pra\u0107enje.<\/p>\n\n\n\n<p><strong>Provjerite dopu\u0161tenja aplikacije<\/strong>Mnogi tra\u017ee pristup kontaktima ili lokaciji bez stvarne potrebe.<\/p>\n\n\n\n<p><strong>A\u017eurirajte svoje ure\u0111aje<\/strong>A\u017euriranja ispravljaju kriti\u010dne ranjivosti.<\/p>\n\n\n\n<p><strong>\u0160ifrirajte svoje osjetljive datoteke<\/strong> i izbjegavajte njihovo pohranjivanje na servisima bez sna\u017ene autentifikacije.<\/p>\n\n\n\n<p>Inspirativan primjer je primjer male dizajnerske tvrtke u Guadalajari koja je, nakon poku\u0161aja hakiranja, implementirala politike kiberneti\u010dke higijene:<\/p>\n\n\n\n<p>Jake lozinke, \u0161ifrirane sigurnosne kopije i ograni\u010dene sesije. Za \u0161est mjeseci, incidenti su svedeni na nulu.<\/p>\n\n\n\n<p>Za\u0161tita privatnosti uvelike je sli\u010dna brizi za fizi\u010dku sigurnost va\u0161eg doma: mo\u017eete imati \u010deli\u010dna vrata, ali ako ostavite prozore otvorene, rizik ostaje.<\/p>\n\n\n\n<p>The <strong>Privatnost na internetu: kako za\u0161tititi svoje osobne podatke u digitalnom dobu<\/strong> To zahtijeva stalnu pa\u017enju i pametne navike.<\/p>\n\n\n\n<h2 class=\"wp-block-heading\"><strong>Zajedni\u010dka odgovornost: korisnici, tvrtke i vlade<\/strong><\/h2>\n\n\n\n<p>Za\u0161tita podataka nije isklju\u010divo odgovornost korisnika. Tvrtke koje obra\u0111uju osobne podatke moraju se pridr\u017eavati strogih sigurnosnih i transparentnih standarda.<\/p>\n\n\n\n<p>U Meksiku, <strong>Savezni zakon o za\u0161titi osobnih podataka privatnih stranaka (LFPDPPP)<\/strong> Zahtijeva izvje\u0161tavanje o tome kako se podaci prikupljaju i koriste te jam\u010denje njihove za\u0161tite.<\/p>\n\n\n\n<p>Osim toga, meksi\u010dke vlasti poja\u010dale su revizije i sankcije za curenje podataka, slijede\u0107i primjer europske Op\u0107e uredbe o za\u0161titi podataka (GDPR).<\/p>\n\n\n\n<p>Me\u0111utim, zakoni su u\u010dinkoviti samo ako se tvrtke i gra\u0111ani pona\u0161aju odgovorno.<\/p>\n\n\n\n<p>Kao korisnici, mo\u017eemo zahtijevati ve\u0107u jasno\u0107u u vezi s pravilima o privatnosti, pro\u010ditati uvjete prije prihva\u0107anja i podr\u017eati inicijative koje promi\u010du digitalno obrazovanje.<\/p>\n\n\n\n<p>Privatnost se ne mo\u017ee braniti u ti\u0161ini: ona zahtijeva kolektivnu svijest i kulturu za\u0161tite.<\/p>\n\n\n\n<h2 class=\"wp-block-heading\"><strong>Budu\u0107nost privatnosti: umjetna inteligencija i novi izazovi<\/strong><\/h2>\n\n\n\n<p>Pojava generativne umjetne inteligencije i prediktivnih algoritama transformirala je raspravu o privatnosti.<\/p>\n\n\n\n<p>Danas sustavi mogu rekonstruirati identitet osobe iz vrlo malo podataka, \u010dak i bez njezinog izri\u010ditog pristanka.<\/p>\n\n\n\n<p>The <strong>deepfakes<\/strong>Biometrijski tragovi i glasovne povijesti izazivaju nevi\u0111ene eti\u010dke dileme.<\/p>\n\n\n\n<p>S druge strane, vlade i tvrtke nastoje uravnote\u017eiti inovacije i sigurnost.<\/p>\n\n\n\n<p>U 2025. godini nekoliko latinoameri\u010dkih zemalja, uklju\u010duju\u0107i Meksiko, raspravlja o propisima o odgovornoj upotrebi umjetne inteligencije i ograni\u010denjima obrade osjetljivih podataka.<\/p>\n\n\n\n<p>Privatnost budu\u0107nosti ovisit \u0107e jednako o tehnologiji kao i o digitalnom obrazovanju: znat \u0107ete \u0161to dijelite, s kim i u koju svrhu.<\/p>\n\n\n\n<p>Informiran korisnik postaje svoj vlastiti najbolji vatrozid. Razumijevanje na\u010dina rada mre\u017ee, njezinih algoritama i pravila kori\u0161tenja jednako je va\u017eno kao i posjedovanje antivirusnog softvera ili VPN-a.<\/p>\n\n\n\n<p>The <strong>Privatnost na internetu: kako za\u0161tititi svoje osobne podatke u digitalnom dobu<\/strong> Ne rje\u0161ava se prijavom, ve\u0107 svjesnim stavom.<\/p>\n\n\n\n<h2 class=\"wp-block-heading\"><strong>Zaklju\u010dak<\/strong><\/h2>\n\n\n\n<p>Privatnost vi\u0161e nije luksuz, ve\u0107 moderni oblik slobode.<\/p>\n\n\n\n<p>U okru\u017eenju u kojem su podaci najvrjednija valuta, njihova za\u0161tita zna\u010di briga o va\u0161em identitetu, va\u0161em ugledu i va\u0161em miru.<\/p>\n\n\n\n<p><br>Usvajanje dobrih digitalnih praksi, zahtijevanje transparentnosti od platformi i odr\u017eavanje informiranosti temelji su povezanog, ali sigurnog \u017eivota.<\/p>\n\n\n\n<p>Za\u0161tita va\u0161e privatnosti je, u biti, za\u0161tita vas samih.<\/p>\n\n\n\n<p>Pro\u010ditajte vi\u0161e: <a href=\"https:\/\/universofamilia.com\/hr\/guia-practica-para-un-hogar-inteligente-y-conectado\/\">Prakti\u010dni vodi\u010d za pametan i povezan dom<\/a><\/p>\n\n\n\n<h2 class=\"wp-block-heading\"><strong>\u010cesto postavljana pitanja o privatnosti na internetu<\/strong><\/h2>\n\n\n\n<p><strong>1. Je li stvarno potrebno koristiti VPN ako samo pregledavam dru\u0161tvene mre\u017ee?<\/strong><\/p>\n\n\n\n<p><br>Da. VPN \u0161titi va\u0161u IP adresu i sprje\u010dava tre\u0107e strane da prate va\u0161u aktivnost, \u010dak i ako koristite samo popularne platforme.<\/p>\n\n\n\n<p><strong>2. Koliko su sigurne lozinke koje preglednik sprema?<\/strong><\/p>\n\n\n\n<p><br>Prakti\u010dni su, ali nisu najsigurniji. Preglednici mogu biti ranjivi; specijalizirani upravitelji lozinki nude bolju enkripciju i kontrolu.<\/p>\n\n\n\n<p><strong>3. \u0160to u\u010diniti ako smatram da su moji podaci procurili?<\/strong><\/p>\n\n\n\n<p><br>Odmah promijenite lozinke, aktivirajte 2FA i provjerite pojavljuju li se va\u0161e e-poruke u kompromitiranim bazama podataka kao &quot;Jesam li bio napadnut&quot;.<\/p>\n\n\n\n<p>Zatim obavijestite svoje kontakte kako biste sprije\u010dili prijevaru.<\/p>\n\n\n\n<h3 class=\"wp-block-heading\"><strong>Zavr\u0161na refleksija<\/strong><\/h3>\n\n\n\n<p>Va\u0161a digitalna privatnost je poput va\u0161e sjene: uvijek je s vama, \u010dak i ako ponekad zaboravite da je tu.<\/p>\n\n\n\n<p><br>Na tebi je da ga za\u0161titi\u0161, vidljivim samo onima kojima je stvarno potrebno da ga vide.<\/p>","protected":false},"excerpt":{"rendered":"<p>U svijetu u kojem se gotovo sve doga\u0111a putem ekrana, online privatnost - kako za\u0161tititi svoje osobne podatke u digitalnom dobu - postala je sredi\u0161nja briga. U ovom \u010dlanku saznat \u0107ete o glavnim rizicima za va\u0161e podatke, najboljim alatima za njihovu za\u0161titu, stvarnim statistikama, dva jasna primjera i savjetima [\u2026]<\/p>","protected":false},"author":219,"featured_media":10329,"comment_status":"closed","ping_status":"open","sticky":false,"template":"","format":"standard","meta":{"footnotes":""},"categories":[3],"tags":[],"yoast_head":"<!-- This site is optimized with the Yoast SEO plugin v23.3 - https:\/\/yoast.com\/wordpress\/plugins\/seo\/ -->\n<title>C\u00f3mo proteger tus datos personales en la era digital - Universo Fam\u00edlia<\/title>\n<meta name=\"description\" content=\"En un mundo donde casi todo ocurre a trav\u00e9s de una pantalla, la privacidad en l\u00ednea: c\u00f3mo proteger tus datos personales en la era digital...\" \/>\n<meta name=\"robots\" content=\"index, follow, max-snippet:-1, max-image-preview:large, max-video-preview:-1\" \/>\n<link rel=\"canonical\" href=\"http:\/\/universofamilia.com\/hr\/privacidad-en-linea\/\" \/>\n<meta property=\"og:locale\" content=\"hr_HR\" \/>\n<meta property=\"og:type\" content=\"article\" \/>\n<meta property=\"og:title\" content=\"C\u00f3mo proteger tus datos personales en la era digital - Universo Fam\u00edlia\" \/>\n<meta property=\"og:description\" content=\"En un mundo donde casi todo ocurre a trav\u00e9s de una pantalla, la privacidad en l\u00ednea: c\u00f3mo proteger tus datos personales en la era digital...\" \/>\n<meta property=\"og:url\" content=\"http:\/\/universofamilia.com\/hr\/privacidad-en-linea\/\" \/>\n<meta property=\"og:site_name\" content=\"Universo Fam\u00edlia\" \/>\n<meta property=\"article:published_time\" content=\"2025-11-13T13:26:37+00:00\" \/>\n<meta property=\"article:modified_time\" content=\"2025-11-13T13:26:40+00:00\" \/>\n<meta property=\"og:image\" content=\"http:\/\/universofamilia.com\/wp-content\/uploads\/sites\/148\/2025\/11\/Destaque-Novo-Universo-1.jpg\" \/>\n\t<meta property=\"og:image:width\" content=\"450\" \/>\n\t<meta property=\"og:image:height\" content=\"250\" \/>\n\t<meta property=\"og:image:type\" content=\"image\/jpeg\" \/>\n<meta name=\"author\" content=\"Matheus Sangaletti\" \/>\n<meta name=\"twitter:card\" content=\"summary_large_image\" \/>\n<meta name=\"twitter:label1\" content=\"Written by\" \/>\n\t<meta name=\"twitter:data1\" content=\"Matheus Sangaletti\" \/>\n\t<meta name=\"twitter:label2\" content=\"Est. reading time\" \/>\n\t<meta name=\"twitter:data2\" content=\"8 minuta\" \/>\n<script type=\"application\/ld+json\" class=\"yoast-schema-graph\">{\"@context\":\"https:\/\/schema.org\",\"@graph\":[{\"@type\":\"WebPage\",\"@id\":\"http:\/\/universofamilia.com\/pl\/privacidad-en-linea\/\",\"url\":\"http:\/\/universofamilia.com\/pl\/privacidad-en-linea\/\",\"name\":\"C\u00f3mo proteger tus datos personales en la era digital - Universo Fam\u00edlia\",\"isPartOf\":{\"@id\":\"http:\/\/universofamilia.com\/zh_hk\/#website\"},\"primaryImageOfPage\":{\"@id\":\"http:\/\/universofamilia.com\/pl\/privacidad-en-linea\/#primaryimage\"},\"image\":{\"@id\":\"http:\/\/universofamilia.com\/pl\/privacidad-en-linea\/#primaryimage\"},\"thumbnailUrl\":\"https:\/\/universofamilia.com\/wp-content\/uploads\/sites\/148\/2025\/11\/Destaque-Novo-Universo-1.jpg\",\"datePublished\":\"2025-11-13T13:26:37+00:00\",\"dateModified\":\"2025-11-13T13:26:40+00:00\",\"author\":{\"@id\":\"http:\/\/universofamilia.com\/zh_hk\/#\/schema\/person\/92fcd07e9b1f4323bf74f3170fc0f78a\"},\"description\":\"En un mundo donde casi todo ocurre a trav\u00e9s de una pantalla, la privacidad en l\u00ednea: c\u00f3mo proteger tus datos personales en la era digital...\",\"breadcrumb\":{\"@id\":\"http:\/\/universofamilia.com\/pl\/privacidad-en-linea\/#breadcrumb\"},\"inLanguage\":\"hr\",\"potentialAction\":[{\"@type\":\"ReadAction\",\"target\":[\"http:\/\/universofamilia.com\/pl\/privacidad-en-linea\/\"]}]},{\"@type\":\"ImageObject\",\"inLanguage\":\"hr\",\"@id\":\"http:\/\/universofamilia.com\/pl\/privacidad-en-linea\/#primaryimage\",\"url\":\"https:\/\/universofamilia.com\/wp-content\/uploads\/sites\/148\/2025\/11\/Destaque-Novo-Universo-1.jpg\",\"contentUrl\":\"https:\/\/universofamilia.com\/wp-content\/uploads\/sites\/148\/2025\/11\/Destaque-Novo-Universo-1.jpg\",\"width\":450,\"height\":250},{\"@type\":\"BreadcrumbList\",\"@id\":\"http:\/\/universofamilia.com\/pl\/privacidad-en-linea\/#breadcrumb\",\"itemListElement\":[{\"@type\":\"ListItem\",\"position\":1,\"name\":\"Home\",\"item\":\"http:\/\/universofamilia.com\/zh_hk\/\"},{\"@type\":\"ListItem\",\"position\":2,\"name\":\"C\u00f3mo proteger tus datos personales en la era digital\"}]},{\"@type\":\"WebSite\",\"@id\":\"http:\/\/universofamilia.com\/zh_hk\/#website\",\"url\":\"http:\/\/universofamilia.com\/zh_hk\/\",\"name\":\"Universo Fam\u00edlia\",\"description\":\"\",\"potentialAction\":[{\"@type\":\"SearchAction\",\"target\":{\"@type\":\"EntryPoint\",\"urlTemplate\":\"http:\/\/universofamilia.com\/zh_hk\/?s={search_term_string}\"},\"query-input\":\"required name=search_term_string\"}],\"inLanguage\":\"hr\"},{\"@type\":\"Person\",\"@id\":\"http:\/\/universofamilia.com\/zh_hk\/#\/schema\/person\/92fcd07e9b1f4323bf74f3170fc0f78a\",\"name\":\"Matheus Sangaletti\",\"image\":{\"@type\":\"ImageObject\",\"inLanguage\":\"hr\",\"@id\":\"http:\/\/universofamilia.com\/zh_hk\/#\/schema\/person\/image\/\",\"url\":\"https:\/\/secure.gravatar.com\/avatar\/280ea957a14a48e6a1ad2133d2cc27c9?s=96&d=mm&r=g\",\"contentUrl\":\"https:\/\/secure.gravatar.com\/avatar\/280ea957a14a48e6a1ad2133d2cc27c9?s=96&d=mm&r=g\",\"caption\":\"Matheus Sangaletti\"},\"url\":\"https:\/\/universofamilia.com\/hr\/author\/matheuss\/\"}]}<\/script>\n<!-- \/ Yoast SEO plugin. -->","yoast_head_json":{"title":"C\u00f3mo proteger tus datos personales en la era digital - Universo Fam\u00edlia","description":"En un mundo donde casi todo ocurre a trav\u00e9s de una pantalla, la privacidad en l\u00ednea: c\u00f3mo proteger tus datos personales en la era digital...","robots":{"index":"index","follow":"follow","max-snippet":"max-snippet:-1","max-image-preview":"max-image-preview:large","max-video-preview":"max-video-preview:-1"},"canonical":"http:\/\/universofamilia.com\/hr\/privacidad-en-linea\/","og_locale":"hr_HR","og_type":"article","og_title":"C\u00f3mo proteger tus datos personales en la era digital - Universo Fam\u00edlia","og_description":"En un mundo donde casi todo ocurre a trav\u00e9s de una pantalla, la privacidad en l\u00ednea: c\u00f3mo proteger tus datos personales en la era digital...","og_url":"http:\/\/universofamilia.com\/hr\/privacidad-en-linea\/","og_site_name":"Universo Fam\u00edlia","article_published_time":"2025-11-13T13:26:37+00:00","article_modified_time":"2025-11-13T13:26:40+00:00","og_image":[{"width":450,"height":250,"url":"http:\/\/universofamilia.com\/wp-content\/uploads\/sites\/148\/2025\/11\/Destaque-Novo-Universo-1.jpg","type":"image\/jpeg"}],"author":"Matheus Sangaletti","twitter_card":"summary_large_image","twitter_misc":{"Written by":"Matheus Sangaletti","Est. reading time":"8 minuta"},"schema":{"@context":"https:\/\/schema.org","@graph":[{"@type":"WebPage","@id":"http:\/\/universofamilia.com\/pl\/privacidad-en-linea\/","url":"http:\/\/universofamilia.com\/pl\/privacidad-en-linea\/","name":"C\u00f3mo proteger tus datos personales en la era digital - Universo Fam\u00edlia","isPartOf":{"@id":"http:\/\/universofamilia.com\/zh_hk\/#website"},"primaryImageOfPage":{"@id":"http:\/\/universofamilia.com\/pl\/privacidad-en-linea\/#primaryimage"},"image":{"@id":"http:\/\/universofamilia.com\/pl\/privacidad-en-linea\/#primaryimage"},"thumbnailUrl":"https:\/\/universofamilia.com\/wp-content\/uploads\/sites\/148\/2025\/11\/Destaque-Novo-Universo-1.jpg","datePublished":"2025-11-13T13:26:37+00:00","dateModified":"2025-11-13T13:26:40+00:00","author":{"@id":"http:\/\/universofamilia.com\/zh_hk\/#\/schema\/person\/92fcd07e9b1f4323bf74f3170fc0f78a"},"description":"En un mundo donde casi todo ocurre a trav\u00e9s de una pantalla, la privacidad en l\u00ednea: c\u00f3mo proteger tus datos personales en la era digital...","breadcrumb":{"@id":"http:\/\/universofamilia.com\/pl\/privacidad-en-linea\/#breadcrumb"},"inLanguage":"hr","potentialAction":[{"@type":"ReadAction","target":["http:\/\/universofamilia.com\/pl\/privacidad-en-linea\/"]}]},{"@type":"ImageObject","inLanguage":"hr","@id":"http:\/\/universofamilia.com\/pl\/privacidad-en-linea\/#primaryimage","url":"https:\/\/universofamilia.com\/wp-content\/uploads\/sites\/148\/2025\/11\/Destaque-Novo-Universo-1.jpg","contentUrl":"https:\/\/universofamilia.com\/wp-content\/uploads\/sites\/148\/2025\/11\/Destaque-Novo-Universo-1.jpg","width":450,"height":250},{"@type":"BreadcrumbList","@id":"http:\/\/universofamilia.com\/pl\/privacidad-en-linea\/#breadcrumb","itemListElement":[{"@type":"ListItem","position":1,"name":"Home","item":"http:\/\/universofamilia.com\/zh_hk\/"},{"@type":"ListItem","position":2,"name":"C\u00f3mo proteger tus datos personales en la era digital"}]},{"@type":"WebSite","@id":"http:\/\/universofamilia.com\/zh_hk\/#website","url":"http:\/\/universofamilia.com\/zh_hk\/","name":"Universo Fam\u00edlia","description":"","potentialAction":[{"@type":"SearchAction","target":{"@type":"EntryPoint","urlTemplate":"http:\/\/universofamilia.com\/zh_hk\/?s={search_term_string}"},"query-input":"required name=search_term_string"}],"inLanguage":"hr"},{"@type":"Person","@id":"http:\/\/universofamilia.com\/zh_hk\/#\/schema\/person\/92fcd07e9b1f4323bf74f3170fc0f78a","name":"Matheus Sangaletti","image":{"@type":"ImageObject","inLanguage":"hr","@id":"http:\/\/universofamilia.com\/zh_hk\/#\/schema\/person\/image\/","url":"https:\/\/secure.gravatar.com\/avatar\/280ea957a14a48e6a1ad2133d2cc27c9?s=96&d=mm&r=g","contentUrl":"https:\/\/secure.gravatar.com\/avatar\/280ea957a14a48e6a1ad2133d2cc27c9?s=96&d=mm&r=g","caption":"Matheus Sangaletti"},"url":"https:\/\/universofamilia.com\/hr\/author\/matheuss\/"}]}},"_links":{"self":[{"href":"https:\/\/universofamilia.com\/hr\/wp-json\/wp\/v2\/posts\/10328"}],"collection":[{"href":"https:\/\/universofamilia.com\/hr\/wp-json\/wp\/v2\/posts"}],"about":[{"href":"https:\/\/universofamilia.com\/hr\/wp-json\/wp\/v2\/types\/post"}],"author":[{"embeddable":true,"href":"https:\/\/universofamilia.com\/hr\/wp-json\/wp\/v2\/users\/219"}],"replies":[{"embeddable":true,"href":"https:\/\/universofamilia.com\/hr\/wp-json\/wp\/v2\/comments?post=10328"}],"version-history":[{"count":1,"href":"https:\/\/universofamilia.com\/hr\/wp-json\/wp\/v2\/posts\/10328\/revisions"}],"predecessor-version":[{"id":10332,"href":"https:\/\/universofamilia.com\/hr\/wp-json\/wp\/v2\/posts\/10328\/revisions\/10332"}],"wp:featuredmedia":[{"embeddable":true,"href":"https:\/\/universofamilia.com\/hr\/wp-json\/wp\/v2\/media\/10329"}],"wp:attachment":[{"href":"https:\/\/universofamilia.com\/hr\/wp-json\/wp\/v2\/media?parent=10328"}],"wp:term":[{"taxonomy":"category","embeddable":true,"href":"https:\/\/universofamilia.com\/hr\/wp-json\/wp\/v2\/categories?post=10328"},{"taxonomy":"post_tag","embeddable":true,"href":"https:\/\/universofamilia.com\/hr\/wp-json\/wp\/v2\/tags?post=10328"}],"curies":[{"name":"wp","href":"https:\/\/api.w.org\/{rel}","templated":true}]}}