{"id":10390,"date":"2025-11-21T16:03:00","date_gmt":"2025-11-21T19:03:00","guid":{"rendered":"https:\/\/universofamilia.com\/?p=10390"},"modified":"2025-11-21T16:03:03","modified_gmt":"2025-11-21T19:03:03","slug":"paises-lideres-en-energia-solar-y-eolica","status":"publish","type":"post","link":"https:\/\/universofamilia.com\/hr\/paises-lideres-en-energia-solar-y-eolica\/","title":{"rendered":"Vode\u0107e zemlje u solarnoj i vjetroelektrani"},"content":{"rendered":"<p class=\"has-text-align-center\">U svijetu koji nastoji ubrzati prijelaz na \u010diste i odr\u017eive izvore energije, <strong>vode\u0107e zemlje u solarnoj i vjetroelektrani<\/strong> Oni postaju inspirativni uzori.<\/p>\n\n\n\n<figure class=\"wp-block-gallery aligncenter has-nested-images columns-default is-cropped wp-block-gallery-1 is-layout-flex wp-block-gallery-is-layout-flex\">\n<figure class=\"wp-block-image size-full\"><img loading=\"lazy\" decoding=\"async\" width=\"450\" height=\"250\" data-id=\"10392\" src=\"https:\/\/universofamilia.com\/wp-content\/uploads\/sites\/148\/2025\/11\/Destaque-Novo-Universo-2-4.jpg\" alt=\"\" class=\"wp-image-10392\" srcset=\"https:\/\/universofamilia.com\/wp-content\/uploads\/sites\/148\/2025\/11\/Destaque-Novo-Universo-2-4.jpg 450w, https:\/\/universofamilia.com\/wp-content\/uploads\/sites\/148\/2025\/11\/Destaque-Novo-Universo-2-4-300x167.jpg 300w, https:\/\/universofamilia.com\/wp-content\/uploads\/sites\/148\/2025\/11\/Destaque-Novo-Universo-2-4-18x10.jpg 18w\" sizes=\"(max-width: 450px) 100vw, 450px\" \/><figcaption class=\"wp-element-caption\">Canva<\/figcaption><\/figure>\n<\/figure>\n\n\n\n<p class=\"has-text-align-center\">Ovaj \u010dlanak istra\u017euje koje su to nacije, kako su do\u0161le do te pozicije, koje strategije koriste i za\u0161to je njihov napredak klju\u010dan za energetsku budu\u0107nost.<\/p>\n\n\n\n<p>Evo kratkog sa\u017eetka:<\/p>\n\n\n\n<p><strong>Sa\u017eetak:<\/strong><\/p>\n\n\n\n<p>Globalni pregled solarne i energije vjetra<\/p>\n\n\n\n<p>Vode\u0107e zemlje<\/p>\n\n\n\n<p>Uobi\u010dajeni faktori uspjeha i strategije<\/p>\n\n\n\n<p>Izazovi s kojima se suo\u010davaju<\/p>\n\n\n\n<p>\u0160to mo\u017eemo nau\u010diti od njih?<\/p>\n\n\n\n<p>\u010cesto postavljana pitanja<\/p>\n\n\n\n<h2 class=\"wp-block-heading\">Globalni pregled: revolucija obnovljivih izvora energije<\/h2>\n\n\n\n<p>Potra\u017enja za \u010distom elektri\u010dnom energijom nikada nije bila ve\u0107a.<\/p>\n\n\n\n<p>U 2024. godini svijet je dodao <strong>550 GW<\/strong> novih solarnih fotonaponskih kapaciteta, \u0161to je pove\u0107alo globalni instalirani kapacitet na oko <strong>2,2 TW<\/strong>, prema podacima Me\u0111unarodne agencije za energiju.<\/p>\n\n\n\n<p><br>Nadalje, energija vjetra do\u017eivjela je rekordnu godinu 2023. godine, s <strong>116 GW<\/strong> dodatne instalirane, prema izvje\u0161\u0107u Globalnog vije\u0107a za energiju vjetra.<\/p>\n\n\n\n<p>Ove brojke isti\u010du jasan trend: rast obnovljivih izvora energije, posebno solarne i energije vjetra, dose\u017ee nevi\u0111ene razmjere.<\/p>\n\n\n\n<h2 class=\"wp-block-heading\">Tko su <strong>vode\u0107e zemlje u solarnoj i vjetroelektrani<\/strong>?<\/h2>\n\n\n\n<p>Ovdje isti\u010demo neke od glavnih nacija:<\/p>\n\n\n\n<h3 class=\"wp-block-heading\">1. <strong>Kina<\/strong><\/h3>\n\n\n\n<p>Kina o\u010dito prednja\u010di u oba izvora.<\/p>\n\n\n\n<p>\u0160to se ti\u010de solarne energije, njen instalirani kapacitet je dosegao <strong>887,930 MW<\/strong> do kraja 2024.<\/p>\n\n\n\n<p>U energiji vjetra, dodaje <strong>521,746 MW<\/strong> instaliranih turbina, \u0161to je svrstava na mjesto nacije s najve\u0107om instaliranom snagom na svijetu.<\/p>\n\n\n\n<p>Nadalje, prema Global Energy Monitoru, gotovo <strong>74 % svih solarnih i vjetroelektrana u izgradnji diljem svijeta<\/strong> Oni su u Kini.<\/p>\n\n\n\n<p>Veli\u010dina njihove predanosti usporediva je s izgradnjom stotina nuklearnih elektrana iz godine u godinu.<\/p>\n\n\n\n<p>Ova usporedba zvu\u010di kao analogija:<\/p>\n\n\n\n<p>Kao da azijski div podi\u017ee &quot;energetsku vojsku&quot; sastavljenu od panela i turbina, zamjenjuju\u0107i stare vojnike fosilnih goriva obnovljivim snagama.<\/p>\n\n\n\n<h3 class=\"wp-block-heading\">2. <strong>SAD<\/strong><\/h3>\n\n\n\n<p>Ima oko <strong>177.470 MW<\/strong> instaliranih solarnih kapaciteta.<\/p>\n\n\n\n<p>U energiji vjetra, to se zbraja donekle <strong>153,152 MW<\/strong> prema podacima iz 2024.<\/p>\n\n\n\n<p>Iako je rast energije vjetra u posljednje vrijeme bio umjereniji, ona ostaje klju\u010dna sila u tranziciji.<\/p>\n\n\n\n<h3 class=\"wp-block-heading\">3. <strong>Indija<\/strong><\/h3>\n\n\n\n<p>Instalirano <strong>97,384 MW<\/strong> solarni kapacitet prema najnovijim podacima.<\/p>\n\n\n\n<p>U energiji vjetra tako\u0111er je porasla: prema izvje\u0161\u0107ima Visual Capitalista i energetici, jedna je od pet zemalja s najve\u0107im ukupnim kapacitetom.<\/p>\n\n\n\n<p>Zapravo, Indija je 2024. godine nadma\u0161ila Njema\u010dku kao kombinirani proizvo\u0111a\u010d solarne i vjetroelektrane, prema Emberu.<\/p>\n\n\n\n<h3 class=\"wp-block-heading\">4. <strong>Njema\u010dka<\/strong><\/h3>\n\n\n\n<p>Ima <strong>89,943 MW<\/strong> solarnih panela instaliranih krajem 2024.<\/p>\n\n\n\n<p>U energiji vjetra, Njema\u010dka je tako\u0111er me\u0111u vode\u0107ima, s vi\u0161e od <strong>70.000 MW<\/strong>. <\/p>\n\n\n\n<p>Njegovo europsko vodstvo posljedica je povoljnih politika, sustava podr\u0161ke i visoke dru\u0161tvene predanosti energetskoj tranziciji.<\/p>\n\n\n\n<h3 class=\"wp-block-heading\">5. <strong>Brazil<\/strong><\/h3>\n\n\n\n<p>Izvje\u0161\u0107a pokazuju da je Brazil zna\u010dajno porastao u podru\u010dju solarne energije <strong>53,113 MW<\/strong> instalirano.<\/p>\n\n\n\n<p>U energiji vjetra tako\u0111er sna\u017eno napreduje, posebno u svojoj sjeveroisto\u010dnoj regiji, gdje su uvjeti vjetra vrlo povoljni.<\/p>\n\n\n\n<h3 class=\"wp-block-heading\">Usporedna tablica instaliranih kapaciteta (solarna i vjetroelektrana, pribli\u017eno 2024.)<\/h3>\n\n\n\n<figure class=\"wp-block-table\"><table><thead><tr><th>Zemlja<\/th><th>Solarni kapacitet (MW)<\/th><th>Kapacitet vjetroelektrana (MW)<\/th><\/tr><\/thead><tbody><tr><td>Kina<\/td><td>887 930<\/td><td>521 746<\/td><\/tr><tr><td>SAD<\/td><td>177 470<\/td><td>153 152<\/td><\/tr><tr><td>Indija<\/td><td>97 384<\/td><td>~45 000 <em>prema povijesnom rastu<\/em><\/td><\/tr><tr><td>Njema\u010dka<\/td><td>89 943<\/td><td>72 823<\/td><\/tr><tr><td>Brazil<\/td><td>53 113<\/td><td>32 959<\/td><\/tr><\/tbody><\/table><figcaption class=\"wp-element-caption\">Vode\u0107e zemlje u solarnoj i vjetroelektrani<\/figcaption><\/figure>\n\n\n\n<figure class=\"wp-block-gallery aligncenter has-nested-images columns-default is-cropped wp-block-gallery-2 is-layout-flex wp-block-gallery-is-layout-flex\">\n<figure class=\"wp-block-image size-full\"><img loading=\"lazy\" decoding=\"async\" width=\"450\" height=\"250\" data-id=\"10393\" src=\"https:\/\/universofamilia.com\/wp-content\/uploads\/sites\/148\/2025\/11\/Destaque-Novo-Universo-3-2.jpg\" alt=\"\" class=\"wp-image-10393\" srcset=\"https:\/\/universofamilia.com\/wp-content\/uploads\/sites\/148\/2025\/11\/Destaque-Novo-Universo-3-2.jpg 450w, https:\/\/universofamilia.com\/wp-content\/uploads\/sites\/148\/2025\/11\/Destaque-Novo-Universo-3-2-300x167.jpg 300w, https:\/\/universofamilia.com\/wp-content\/uploads\/sites\/148\/2025\/11\/Destaque-Novo-Universo-3-2-18x10.jpg 18w\" sizes=\"(max-width: 450px) 100vw, 450px\" \/><figcaption class=\"wp-element-caption\">Canva<\/figcaption><\/figure>\n<\/figure>\n\n\n\n<p>Pro\u010ditajte vi\u0161e:\u00a0<a href=\"https:\/\/universofamilia.com\/hr\/descubrimientos-cientificos-que-cambiaran-el-futuro\/\">Znanstvena otkri\u0107a koja \u0107e promijeniti budu\u0107nost<\/a><\/p>\n\n\n\n<h2 class=\"wp-block-heading\">\u0160to ih \u010dini tako uspje\u0161nima? Faktori uspjeha<\/h2>\n\n\n\n<p>Prilikom analize ovih <strong>vode\u0107e zemlje u solarnoj i vjetroelektrani<\/strong>Postoji nekoliko zajedni\u010dkih \u010dimbenika koji obja\u0161njavaju njihov uspjeh:<\/p>\n\n\n\n<p><strong>Ambiciozna ulaganja<\/strong><\/p>\n\n\n\n<p>Kina, na primjer, ne samo da gradi u velikim razmjerima, ve\u0107 to \u010dini vrlo brzo, prema\u0161uju\u0107i ciljeve postavljene za 2030. ve\u0107 2024. godine. <\/p>\n\n\n\n<p><strong>Potporne politike i jasni propisi<\/strong><\/p>\n\n\n\n<p>Njema\u010dka i Sjedinjene Dr\u017eave uspostavile su poticaje, aukcije obnovljivih izvora energije i pravne okvire koji poti\u010du sudjelovanje privatnog sektora.<\/p>\n\n\n\n<p><strong>Tehnolo\u0161ka infrastruktura<\/strong><\/p>\n\n\n\n<p>Razvoj tvornica za solarne panele i vjetroturbine, zajedno s u\u010dinkovitim prijenosnim mre\u017eama, omogu\u0107uje brzo raspore\u0111ivanje kapaciteta:<\/p>\n\n\n\n<p>Kina \u010dak proizvodi i veliki dio opreme instalirane globalno.<\/p>\n\n\n\n<p><strong>Dru\u0161tvena i ekolo\u0161ka predanost<\/strong><\/p>\n\n\n\n<p>U mnogim slu\u010dajevima, dru\u0161tva i vlade razumiju da tranzicija nije samo stvar energije, ve\u0107 i poluga prosperiteta, energetske neovisnosti i otpornosti na klimatske promjene.<\/p>\n\n\n\n<h2 class=\"wp-block-heading\">Izazovi na horizontu<\/h2>\n\n\n\n<p>Unato\u010d svom vode\u0107em polo\u017eaju, ove zemlje se suo\u010davaju i sa slo\u017eenim izazovima:<\/p>\n\n\n\n<p><strong>Integracija u elektri\u010dnu mre\u017eu<\/strong>Raspore\u0111ivanje gigavata je jedno; osigurati da se ta energija distribuira i u\u010dinkovito skladi\u0161ti je ne\u0161to sasvim drugo.<\/p>\n\n\n\n<p><strong>Klimatska varijabilnost<\/strong>I sunce i vjetar fluktuiraju, \u0161to zahtijeva rje\u0161enja poput masovnog skladi\u0161tenja ili integracije s drugim \u010distim izvorima.<\/p>\n\n\n\n<p><strong>Dru\u0161tveno prihva\u0107anje<\/strong>Nije uvijek lako graditi velike projekte obnovljivih izvora energije; mo\u017ee postojati lokalni otpor zbog kori\u0161tenja zemlji\u0161ta, krajolika i utjecaja na okoli\u0161.<\/p>\n\n\n\n<p><strong>Dugoro\u010dno financiranje<\/strong>Izgradnja je skupa, ali odr\u017eavanje poslovanja, odr\u017eavanje i modernizacija tako\u0111er zahtijevaju stalna ulaganja.<\/p>\n\n\n\n<h2 class=\"wp-block-heading\">Koje lekcije mo\u017eemo nau\u010diti od drugih zemalja ili tvrtki?<\/h2>\n\n\n\n<p><strong>Dugoro\u010dna vizija:<\/strong> Vo\u0111e se projiciraju desetlje\u0107ima u budu\u0107nost; njihova predanost nije privremena.<\/p>\n\n\n\n<p><strong>Diverzifikacija obnovljivih izvora:<\/strong> Kombiniranjem solarne i vjetroelektrane posti\u017ee se uravnote\u017eena proizvodnja energije.<\/p>\n\n\n\n<p><strong>Ulaganje u ljude i tehnologiju:<\/strong> Ne radi se samo o panelima ili turbinama, ve\u0107 o stru\u010dnjacima, istra\u017eivanju, infrastrukturi i lancu vrijednosti.<\/p>\n\n\n\n<p><strong>Me\u0111unarodna suradnja:<\/strong> Suradnja s drugim zemljama radi dijeljenja tehnologije, financiranja i znanja ubrzava zajedni\u010dki napredak.<\/p>\n\n\n\n<p>Na primjer, mala zemlja s puno sunca, ali bez razvijenih tehnolo\u0161kih kapaciteta, mogla bi se udru\u017eiti s liderom poput Kine ili Njema\u010dke kako bi ubrzala vlastito uvo\u0111enje obnovljivih izvora energije (prvi originalni primjer).<\/p>\n\n\n\n<p>Drugi primjer: industrijski grad mogao bi kombinirati solarne parkove na krovovima s urbanim vjetroelektranama, opona\u0161aju\u0107i mje\u0161oviti model najnaprednijih zemalja (drugi originalni primjer).<\/p>\n\n\n\n<h2 class=\"wp-block-heading\">Analogija za razumijevanje njegovog utjecaja<\/h2>\n\n\n\n<p>Zamislite veliki simfonijski orkestar. Svaki instrument zvu\u010di sna\u017eno sam po sebi, ali kada svi sviraju zajedno pod vodstvom vizionarskog dirigenta, glazba se uzdi\u017ee.<\/p>\n\n\n\n<p>Sli\u010dno tome, <strong>vode\u0107e zemlje u solarnoj i vjetroelektrani<\/strong> Sla\u017eu energi\u010dnu simfoniju:<\/p>\n\n\n\n<p>Solarni paneli, vjetroturbine, pametne mre\u017ee i skladi\u0161tenje energije, sve koordinirano kako bi se stvorila \u010dista harmonija koja je potrebna na\u0161em planetu.<\/p>\n\n\n\n<h2 class=\"wp-block-heading\">Retori\u010dko pitanje za razmi\u0161ljanje<\/h2>\n\n\n\n<p>Nije li inspirativno vidjeti kako neke nacije pretvaraju vjetar i sunce, dva besplatna elementa prirode, u stvarnu energiju za svoje gra\u0111ane i svoj razvoj, bez ovisnosti o fosilnim gorivima?<\/p>\n\n\n\n<h2 class=\"wp-block-heading\">Zaklju\u010dak<\/h2>\n\n\n\n<p>The <strong>vode\u0107e zemlje u solarnoj i vjetroelektrani<\/strong> Kina, Sjedinjene Ameri\u010dke Dr\u017eave, Indija, Njema\u010dka i Brazil odre\u0111uju tempo globalne energetske tranzicije.<\/p>\n\n\n\n<p>Zahvaljuju\u0107i ogromnim ulaganjima, jasnim politikama, naprednoj tehnologiji i dru\u0161tvenoj predanosti, dosegnuli su razine kapaciteta kakve nikada prije nisu vi\u0111ene.<\/p>\n\n\n\n<p>Me\u0111utim, njegovo vodstvo nije bez izazova: integriranje sve te energije, osiguranje njezine stabilnosti i odr\u017eavanje koraka zahtijeva stalne inovacije.<\/p>\n\n\n\n<p>Njihovo iskustvo nudi vrijedne lekcije: dugoro\u010dnu viziju, diverzifikaciju, ulaganje u talente i infrastrukturu te me\u0111unarodnu suradnju.<\/p>\n\n\n\n<p>Kad bi vi\u0161e nacija usvojilo ove strategije, svijet bi se mogao br\u017ee kretati prema istinski \u010distoj i sigurnoj budu\u0107nosti.<\/p>\n\n\n\n<p>Pro\u010ditajte vi\u0161e:\u00a0<a href=\"https:\/\/universofamilia.com\/hr\/energias-renovables-en-el-mundo-avances-y-desafios-para-2030\/\">Obnovljivi izvori energije u svijetu: napredak i izazovi za 2030. godinu<\/a><\/p>\n\n\n\n<h2 class=\"wp-block-heading\">\u010cesto postavljana pitanja (FAQ)<\/h2>\n\n\n\n<p><strong>Za\u0161to je Kina toliko ispred u kapacitetima solarne i vjetroelektrane?<\/strong><\/p>\n\n\n\n<p>Kina kombinira ogromna ulaganja, povoljne politike, industrijske kapacitete za proizvodnju panela i turbina te dostupno zemlji\u0161te za velike projekte.<\/p>\n\n\n\n<p><strong>Zna\u010di li rast obnovljivih izvora energije da \u0107e potpuno napustiti fosilna goriva?<\/strong><\/p>\n\n\n\n<p>Ne nu\u017eno odmah. Mnoge zemlje napreduju paralelno: nastavljaju koristiti fosilna goriva dok istovremeno pro\u0161iruju svoje obnovljive izvore energije. Prijelaz je postupan.<\/p>\n\n\n\n<p><strong>Kakva je uloga drugih, manjih zemalja?<\/strong><\/p>\n\n\n\n<p>\u010cak i ako ne vode na globalnoj razini, mnogi mogu usvojiti najbolje prakse vo\u0111a:<\/p>\n\n\n\n<p>Aukcije obnovljivih izvora energije, partnerstva s tehnolo\u0161kim tvrtkama, integracija u pametne mre\u017ee i olak\u0161avanje sudjelovanja gra\u0111ana u projektima solarne energije u zajednici.<\/p>\n\n\n\n<p><strong>Kako se financiraju ovi megaprojekti?<\/strong><\/p>\n\n\n\n<p>Kombiniraju se javna sredstva, privatna ulaganja, me\u0111unarodno financiranje, zelene obveznice i javno-privatna partnerstva.<\/p>\n\n\n\n<p><strong>\u0160to tvrtka ili grad mogu u\u010diniti kako bi se pridru\u017eili ovoj revoluciji?<\/strong><\/p>\n\n\n\n<p>Mo\u017eete zapo\u010deti s energetskim pregledima, planovima za ugradnju solarnih panela, suradnjom s investitorima u obnovljive izvore energije, kori\u0161tenjem zelenih financijskih instrumenata i promicanjem povoljnih lokalnih politika.<\/p>","protected":false},"excerpt":{"rendered":"<p>En un mundo que busca acelerar la transici\u00f3n hacia fuentes limpias y sostenibles, los pa\u00edses l\u00edderes en energ\u00eda solar y e\u00f3lica se convierten en modelos inspiradores. Este art\u00edculo explora cu\u00e1les son esas naciones, c\u00f3mo han llegado a su posici\u00f3n, qu\u00e9 estrategias utilizan y por qu\u00e9 su avance es fundamental para el futuro energ\u00e9tico. A continuaci\u00f3n, [&hellip;]<\/p>","protected":false},"author":219,"featured_media":10391,"comment_status":"closed","ping_status":"open","sticky":false,"template":"","format":"standard","meta":{"footnotes":""},"categories":[4],"tags":[],"yoast_head":"<!-- This site is optimized with the Yoast SEO plugin v23.3 - https:\/\/yoast.com\/wordpress\/plugins\/seo\/ -->\n<title>Pa\u00edses l\u00edderes en energ\u00eda solar y e\u00f3lica - Universo Fam\u00edlia<\/title>\n<meta name=\"description\" content=\"En un mundo que busca acelerar la transici\u00f3n hacia fuentes limpias y sostenibles, los pa\u00edses l\u00edderes en energ\u00eda solar y e\u00f3lica se convierten.\" \/>\n<meta name=\"robots\" content=\"index, follow, max-snippet:-1, max-image-preview:large, max-video-preview:-1\" \/>\n<link rel=\"canonical\" href=\"http:\/\/universofamilia.com\/hr\/paises-lideres-en-energia-solar-y-eolica\/\" \/>\n<meta property=\"og:locale\" content=\"hr_HR\" \/>\n<meta property=\"og:type\" content=\"article\" \/>\n<meta property=\"og:title\" content=\"Pa\u00edses l\u00edderes en energ\u00eda solar y e\u00f3lica - Universo Fam\u00edlia\" \/>\n<meta property=\"og:description\" content=\"En un mundo que busca acelerar la transici\u00f3n hacia fuentes limpias y sostenibles, los pa\u00edses l\u00edderes en energ\u00eda solar y e\u00f3lica se convierten.\" \/>\n<meta property=\"og:url\" content=\"http:\/\/universofamilia.com\/hr\/paises-lideres-en-energia-solar-y-eolica\/\" \/>\n<meta property=\"og:site_name\" content=\"Universo Fam\u00edlia\" \/>\n<meta property=\"article:published_time\" content=\"2025-11-21T19:03:00+00:00\" \/>\n<meta property=\"article:modified_time\" content=\"2025-11-21T19:03:03+00:00\" \/>\n<meta property=\"og:image\" content=\"http:\/\/universofamilia.com\/wp-content\/uploads\/sites\/148\/2025\/11\/Destaque-Novo-Universo-2-3.jpg\" \/>\n\t<meta property=\"og:image:width\" content=\"450\" \/>\n\t<meta property=\"og:image:height\" content=\"250\" \/>\n\t<meta property=\"og:image:type\" content=\"image\/jpeg\" \/>\n<meta name=\"author\" content=\"Matheus Sangaletti\" \/>\n<meta name=\"twitter:card\" content=\"summary_large_image\" \/>\n<meta name=\"twitter:label1\" content=\"Written by\" \/>\n\t<meta name=\"twitter:data1\" content=\"Matheus Sangaletti\" \/>\n\t<meta name=\"twitter:label2\" content=\"Est. reading time\" \/>\n\t<meta name=\"twitter:data2\" content=\"8 minuta\" \/>\n<script type=\"application\/ld+json\" class=\"yoast-schema-graph\">{\"@context\":\"https:\/\/schema.org\",\"@graph\":[{\"@type\":\"WebPage\",\"@id\":\"http:\/\/universofamilia.com\/ar\/paises-lideres-en-energia-solar-y-eolica\/\",\"url\":\"http:\/\/universofamilia.com\/ar\/paises-lideres-en-energia-solar-y-eolica\/\",\"name\":\"Pa\u00edses l\u00edderes en energ\u00eda solar y e\u00f3lica - Universo Fam\u00edlia\",\"isPartOf\":{\"@id\":\"https:\/\/universofamilia.com\/el\/#website\"},\"primaryImageOfPage\":{\"@id\":\"http:\/\/universofamilia.com\/ar\/paises-lideres-en-energia-solar-y-eolica\/#primaryimage\"},\"image\":{\"@id\":\"http:\/\/universofamilia.com\/ar\/paises-lideres-en-energia-solar-y-eolica\/#primaryimage\"},\"thumbnailUrl\":\"https:\/\/universofamilia.com\/wp-content\/uploads\/sites\/148\/2025\/11\/Destaque-Novo-Universo-2-3.jpg\",\"datePublished\":\"2025-11-21T19:03:00+00:00\",\"dateModified\":\"2025-11-21T19:03:03+00:00\",\"author\":{\"@id\":\"https:\/\/universofamilia.com\/el\/#\/schema\/person\/92fcd07e9b1f4323bf74f3170fc0f78a\"},\"description\":\"En un mundo que busca acelerar la transici\u00f3n hacia fuentes limpias y sostenibles, los pa\u00edses l\u00edderes en energ\u00eda solar y e\u00f3lica se convierten.\",\"breadcrumb\":{\"@id\":\"http:\/\/universofamilia.com\/ar\/paises-lideres-en-energia-solar-y-eolica\/#breadcrumb\"},\"inLanguage\":\"hr\",\"potentialAction\":[{\"@type\":\"ReadAction\",\"target\":[\"http:\/\/universofamilia.com\/ar\/paises-lideres-en-energia-solar-y-eolica\/\"]}]},{\"@type\":\"ImageObject\",\"inLanguage\":\"hr\",\"@id\":\"http:\/\/universofamilia.com\/ar\/paises-lideres-en-energia-solar-y-eolica\/#primaryimage\",\"url\":\"https:\/\/universofamilia.com\/wp-content\/uploads\/sites\/148\/2025\/11\/Destaque-Novo-Universo-2-3.jpg\",\"contentUrl\":\"https:\/\/universofamilia.com\/wp-content\/uploads\/sites\/148\/2025\/11\/Destaque-Novo-Universo-2-3.jpg\",\"width\":450,\"height\":250},{\"@type\":\"BreadcrumbList\",\"@id\":\"http:\/\/universofamilia.com\/ar\/paises-lideres-en-energia-solar-y-eolica\/#breadcrumb\",\"itemListElement\":[{\"@type\":\"ListItem\",\"position\":1,\"name\":\"Home\",\"item\":\"https:\/\/universofamilia.com\/el\/\"},{\"@type\":\"ListItem\",\"position\":2,\"name\":\"Pa\u00edses l\u00edderes en energ\u00eda solar y e\u00f3lica\"}]},{\"@type\":\"WebSite\",\"@id\":\"https:\/\/universofamilia.com\/el\/#website\",\"url\":\"https:\/\/universofamilia.com\/el\/\",\"name\":\"Universo Fam\u00edlia\",\"description\":\"\",\"potentialAction\":[{\"@type\":\"SearchAction\",\"target\":{\"@type\":\"EntryPoint\",\"urlTemplate\":\"https:\/\/universofamilia.com\/el\/?s={search_term_string}\"},\"query-input\":\"required name=search_term_string\"}],\"inLanguage\":\"hr\"},{\"@type\":\"Person\",\"@id\":\"https:\/\/universofamilia.com\/el\/#\/schema\/person\/92fcd07e9b1f4323bf74f3170fc0f78a\",\"name\":\"Matheus Sangaletti\",\"image\":{\"@type\":\"ImageObject\",\"inLanguage\":\"hr\",\"@id\":\"https:\/\/universofamilia.com\/el\/#\/schema\/person\/image\/\",\"url\":\"https:\/\/secure.gravatar.com\/avatar\/280ea957a14a48e6a1ad2133d2cc27c9?s=96&d=mm&r=g\",\"contentUrl\":\"https:\/\/secure.gravatar.com\/avatar\/280ea957a14a48e6a1ad2133d2cc27c9?s=96&d=mm&r=g\",\"caption\":\"Matheus Sangaletti\"},\"url\":\"https:\/\/universofamilia.com\/hr\/author\/matheuss\/\"}]}<\/script>\n<!-- \/ Yoast SEO plugin. -->","yoast_head_json":{"title":"Pa\u00edses l\u00edderes en energ\u00eda solar y e\u00f3lica - Universo Fam\u00edlia","description":"En un mundo que busca acelerar la transici\u00f3n hacia fuentes limpias y sostenibles, los pa\u00edses l\u00edderes en energ\u00eda solar y e\u00f3lica se convierten.","robots":{"index":"index","follow":"follow","max-snippet":"max-snippet:-1","max-image-preview":"max-image-preview:large","max-video-preview":"max-video-preview:-1"},"canonical":"http:\/\/universofamilia.com\/hr\/paises-lideres-en-energia-solar-y-eolica\/","og_locale":"hr_HR","og_type":"article","og_title":"Pa\u00edses l\u00edderes en energ\u00eda solar y e\u00f3lica - Universo Fam\u00edlia","og_description":"En un mundo que busca acelerar la transici\u00f3n hacia fuentes limpias y sostenibles, los pa\u00edses l\u00edderes en energ\u00eda solar y e\u00f3lica se convierten.","og_url":"http:\/\/universofamilia.com\/hr\/paises-lideres-en-energia-solar-y-eolica\/","og_site_name":"Universo Fam\u00edlia","article_published_time":"2025-11-21T19:03:00+00:00","article_modified_time":"2025-11-21T19:03:03+00:00","og_image":[{"width":450,"height":250,"url":"http:\/\/universofamilia.com\/wp-content\/uploads\/sites\/148\/2025\/11\/Destaque-Novo-Universo-2-3.jpg","type":"image\/jpeg"}],"author":"Matheus Sangaletti","twitter_card":"summary_large_image","twitter_misc":{"Written by":"Matheus Sangaletti","Est. reading time":"8 minuta"},"schema":{"@context":"https:\/\/schema.org","@graph":[{"@type":"WebPage","@id":"http:\/\/universofamilia.com\/ar\/paises-lideres-en-energia-solar-y-eolica\/","url":"http:\/\/universofamilia.com\/ar\/paises-lideres-en-energia-solar-y-eolica\/","name":"Pa\u00edses l\u00edderes en energ\u00eda solar y e\u00f3lica - Universo Fam\u00edlia","isPartOf":{"@id":"https:\/\/universofamilia.com\/el\/#website"},"primaryImageOfPage":{"@id":"http:\/\/universofamilia.com\/ar\/paises-lideres-en-energia-solar-y-eolica\/#primaryimage"},"image":{"@id":"http:\/\/universofamilia.com\/ar\/paises-lideres-en-energia-solar-y-eolica\/#primaryimage"},"thumbnailUrl":"https:\/\/universofamilia.com\/wp-content\/uploads\/sites\/148\/2025\/11\/Destaque-Novo-Universo-2-3.jpg","datePublished":"2025-11-21T19:03:00+00:00","dateModified":"2025-11-21T19:03:03+00:00","author":{"@id":"https:\/\/universofamilia.com\/el\/#\/schema\/person\/92fcd07e9b1f4323bf74f3170fc0f78a"},"description":"En un mundo que busca acelerar la transici\u00f3n hacia fuentes limpias y sostenibles, los pa\u00edses l\u00edderes en energ\u00eda solar y e\u00f3lica se convierten.","breadcrumb":{"@id":"http:\/\/universofamilia.com\/ar\/paises-lideres-en-energia-solar-y-eolica\/#breadcrumb"},"inLanguage":"hr","potentialAction":[{"@type":"ReadAction","target":["http:\/\/universofamilia.com\/ar\/paises-lideres-en-energia-solar-y-eolica\/"]}]},{"@type":"ImageObject","inLanguage":"hr","@id":"http:\/\/universofamilia.com\/ar\/paises-lideres-en-energia-solar-y-eolica\/#primaryimage","url":"https:\/\/universofamilia.com\/wp-content\/uploads\/sites\/148\/2025\/11\/Destaque-Novo-Universo-2-3.jpg","contentUrl":"https:\/\/universofamilia.com\/wp-content\/uploads\/sites\/148\/2025\/11\/Destaque-Novo-Universo-2-3.jpg","width":450,"height":250},{"@type":"BreadcrumbList","@id":"http:\/\/universofamilia.com\/ar\/paises-lideres-en-energia-solar-y-eolica\/#breadcrumb","itemListElement":[{"@type":"ListItem","position":1,"name":"Home","item":"https:\/\/universofamilia.com\/el\/"},{"@type":"ListItem","position":2,"name":"Pa\u00edses l\u00edderes en energ\u00eda solar y e\u00f3lica"}]},{"@type":"WebSite","@id":"https:\/\/universofamilia.com\/el\/#website","url":"https:\/\/universofamilia.com\/el\/","name":"Universo Fam\u00edlia","description":"","potentialAction":[{"@type":"SearchAction","target":{"@type":"EntryPoint","urlTemplate":"https:\/\/universofamilia.com\/el\/?s={search_term_string}"},"query-input":"required name=search_term_string"}],"inLanguage":"hr"},{"@type":"Person","@id":"https:\/\/universofamilia.com\/el\/#\/schema\/person\/92fcd07e9b1f4323bf74f3170fc0f78a","name":"Matheus Sangaletti","image":{"@type":"ImageObject","inLanguage":"hr","@id":"https:\/\/universofamilia.com\/el\/#\/schema\/person\/image\/","url":"https:\/\/secure.gravatar.com\/avatar\/280ea957a14a48e6a1ad2133d2cc27c9?s=96&d=mm&r=g","contentUrl":"https:\/\/secure.gravatar.com\/avatar\/280ea957a14a48e6a1ad2133d2cc27c9?s=96&d=mm&r=g","caption":"Matheus Sangaletti"},"url":"https:\/\/universofamilia.com\/hr\/author\/matheuss\/"}]}},"_links":{"self":[{"href":"https:\/\/universofamilia.com\/hr\/wp-json\/wp\/v2\/posts\/10390"}],"collection":[{"href":"https:\/\/universofamilia.com\/hr\/wp-json\/wp\/v2\/posts"}],"about":[{"href":"https:\/\/universofamilia.com\/hr\/wp-json\/wp\/v2\/types\/post"}],"author":[{"embeddable":true,"href":"https:\/\/universofamilia.com\/hr\/wp-json\/wp\/v2\/users\/219"}],"replies":[{"embeddable":true,"href":"https:\/\/universofamilia.com\/hr\/wp-json\/wp\/v2\/comments?post=10390"}],"version-history":[{"count":1,"href":"https:\/\/universofamilia.com\/hr\/wp-json\/wp\/v2\/posts\/10390\/revisions"}],"predecessor-version":[{"id":10394,"href":"https:\/\/universofamilia.com\/hr\/wp-json\/wp\/v2\/posts\/10390\/revisions\/10394"}],"wp:featuredmedia":[{"embeddable":true,"href":"https:\/\/universofamilia.com\/hr\/wp-json\/wp\/v2\/media\/10391"}],"wp:attachment":[{"href":"https:\/\/universofamilia.com\/hr\/wp-json\/wp\/v2\/media?parent=10390"}],"wp:term":[{"taxonomy":"category","embeddable":true,"href":"https:\/\/universofamilia.com\/hr\/wp-json\/wp\/v2\/categories?post=10390"},{"taxonomy":"post_tag","embeddable":true,"href":"https:\/\/universofamilia.com\/hr\/wp-json\/wp\/v2\/tags?post=10390"}],"curies":[{"name":"wp","href":"https:\/\/api.w.org\/{rel}","templated":true}]}}