{"id":10395,"date":"2025-11-21T22:52:32","date_gmt":"2025-11-22T01:52:32","guid":{"rendered":"https:\/\/universofamilia.com\/?p=10395"},"modified":"2025-11-21T22:52:36","modified_gmt":"2025-11-22T01:52:36","slug":"como-resguardar-tu-informacion-personal-en-la-era-digital","status":"publish","type":"post","link":"https:\/\/universofamilia.com\/hr\/como-resguardar-tu-informacion-personal-en-la-era-digital\/","title":{"rendered":"Kako za\u0161tititi svoje osobne podatke u digitalnom dobu"},"content":{"rendered":"<p class=\"has-text-align-center\">Fraza <strong>&quot;<em>Kako za\u0161tititi svoje osobne podatke u digitalnom dobu<\/em>&quot;<\/strong> To je postala svakodnevna briga u 2025. godini, posebno zbog pove\u0107anja curenja podataka i intenzivnog kori\u0161tenja podataka od strane aplikacija, platformi i usluga.<\/p>\n\n\n\n<figure class=\"wp-block-gallery has-nested-images columns-default is-cropped wp-block-gallery-1 is-layout-flex wp-block-gallery-is-layout-flex\">\n<figure class=\"wp-block-image size-full\"><img loading=\"lazy\" decoding=\"async\" width=\"450\" height=\"250\" data-id=\"10399\" src=\"https:\/\/universofamilia.com\/wp-content\/uploads\/sites\/148\/2025\/11\/Destaque-Novo-Universo-9.jpg\" alt=\"\" class=\"wp-image-10399\" srcset=\"https:\/\/universofamilia.com\/wp-content\/uploads\/sites\/148\/2025\/11\/Destaque-Novo-Universo-9.jpg 450w, https:\/\/universofamilia.com\/wp-content\/uploads\/sites\/148\/2025\/11\/Destaque-Novo-Universo-9-300x167.jpg 300w, https:\/\/universofamilia.com\/wp-content\/uploads\/sites\/148\/2025\/11\/Destaque-Novo-Universo-9-18x10.jpg 18w\" sizes=\"(max-width: 450px) 100vw, 450px\" \/><figcaption class=\"wp-element-caption\">Canva<\/figcaption><\/figure>\n<\/figure>\n\n\n\n<p class=\"has-text-align-center\">Prije nego \u0161to se udubimo u temu, korisno je pregledati kratki sa\u017eetak:<\/p>\n\n\n\n<p class=\"has-text-align-center\">Za\u0161to su osobni podaci postali toliko vrijedni, koje prakse nude ve\u0107u za\u0161titu, nedavne slu\u017ebene statistike, dva primjera iz stvarnog svijeta, jasna analogija, tablica s bitnim mjerama i brzi odgovori na \u010desto postavljana pitanja.<\/p>\n\n\n\n<p class=\"has-text-align-center\">Ne mislite li da je vrijeme da za\u0161titite svoj digitalni \u017eivot prije nego \u0161to vas pogre\u0161ka u procjeni dovede u opasnost?<\/p>\n\n\n\n<h2 class=\"wp-block-heading\"><strong>Nova vrijednost va\u0161eg digitalnog identiteta<\/strong><\/h2>\n\n\n\n<p>S obzirom na to da se sve vi\u0161e postupaka, kupnji i razgovora seli na mre\u017eu, privatnost je prestala biti tehni\u010dki detalj i postala svakodnevna odgovornost.<\/p>\n\n\n\n<p>Ameri\u010dka Federalna trgovinska komisija (FTC) zabilje\u017eila je vi\u0161e od <strong>1,1 milijun prijava kra\u0111e identiteta<\/strong>Ova brojka tako\u0111er ima utjecaj na Meksiko, zbog stalne razmjene prekograni\u010dnih platformi, na\u010dina pla\u0107anja i usluga.<\/p>\n\n\n\n<p>S obzirom na taj scenarij, razumijevanje <strong>Kako za\u0161tititi svoje osobne podatke u digitalnom dobu<\/strong> To postaje osnovna vje\u0161tina za svaku povezanu osobu.<\/p>\n\n\n\n<p>Za\u0161tita podataka uklju\u010duje vi\u0161e od pukog kori\u0161tenja jakih lozinki; uklju\u010duje svakodnevne odluke koje smanjuju va\u0161u izlo\u017eenost.<\/p>\n\n\n\n<p>Ba\u0161 kao \u0161to ne biste ostavili ku\u0107u otklju\u010danu kada izlazite, digitalna sigurnost djeluje poput instaliranja dobre brave, odabira tko ima kopiju i provjere je li netko poku\u0161ao u\u0107i bez dopu\u0161tenja.<\/p>\n\n\n\n<p>Ova analogija poma\u017ee shvatiti da privatnost zahtijeva prosudbu, dosljednost i pa\u017enju.<\/p>\n\n\n\n<h2 class=\"wp-block-heading\"><strong>Osobni podaci kao valuta<\/strong><\/h2>\n\n\n\n<p>Do 2025. godine ve\u0107ina digitalnih usluga funkcionirat \u0107e na modelu temeljenom na podacima.<\/p>\n\n\n\n<p>Va\u0161e kupovne navike, lokacija, preferencije, tempo pregledavanja i interakcije slu\u017ee kao ulazni podaci za personalizaciju sadr\u017eaja, pobolj\u0161anje sustava umjetne inteligencije ili definiranje poslovnih strategija.<\/p>\n\n\n\n<p>Ovdje se ne radi o demoniziranju ove mjenja\u010dnice; mnoge platforme odr\u017eavaju jasne politike i pridr\u017eavaju se propisa.<\/p>\n\n\n\n<p>Sredi\u0161nja to\u010dka le\u017ei u razumijevanju \u0161to dijelite, s kim i u koju svrhu.<\/p>\n\n\n\n<p>Ponekad ljudi prihva\u0107aju dopu\u0161tenja u aplikacijama samo kako bi brzo napredovali, ne primje\u0107uju\u0107i da dopu\u0161tanje pristupa fotografijama, mikrofonu ili kontaktima mo\u017ee otvoriti nepotrebna vrata tre\u0107im stranama.<\/p>\n\n\n\n<h2 class=\"wp-block-heading\"><strong>Najbolje prakse za ja\u010danje va\u0161e digitalne privatnosti<\/strong><\/h2>\n\n\n\n<h3 class=\"wp-block-heading\"><strong>1. Periodi\u010dni pregledi va\u0161ih ra\u010duna<\/strong><\/h3>\n\n\n\n<p>Provjera koji su ure\u0111aji povezani, koja ste dopu\u0161tenja dali i koje su informacije pohranjene poma\u017ee u otkrivanju neobi\u010dnog pristupa.<\/p>\n\n\n\n<p>Mnogi korisnici napu\u0161taju aktivne sesije na starim mobitelima ili dijeljenim ure\u0111ajima, \u0161to pove\u0107ava rizike, a da to i ne primje\u0107uju.<\/p>\n\n\n\n<h3 class=\"wp-block-heading\"><strong>2. Vi\u0161efaktorska autentifikacija<\/strong><\/h3>\n\n\n\n<p>Aktiviranje privremenih kodova, sigurnosnih klju\u010deva ili aplikacija za autentifikaciju stvara sna\u017enu barijeru protiv neovla\u0161tenog pristupa.<\/p>\n\n\n\n<p>To je jedna od najpouzdanijih mjera za <strong>Kako za\u0161tititi svoje osobne podatke u digitalnom dobu<\/strong>\u010dak i bez naprednog znanja.<\/p>\n\n\n\n<h3 class=\"wp-block-heading\"><strong>3. Inteligentno upravljanje lozinkama<\/strong><\/h3>\n\n\n\n<p>Odabir dugih, lako pamtljivih fraza ili kori\u0161tenje upravitelja lozinki ote\u017eava napade grubom silom.<\/p>\n\n\n\n<p>Zaboravite na kori\u0161tenje ro\u0111endana ili uobi\u010dajenih imena; to je stvar pro\u0161losti.<\/p>\n\n\n\n<h3 class=\"wp-block-heading\"><strong>4. Kontinuirana digitalna higijena<\/strong><\/h3>\n\n\n\n<p>Uklanjanjem aplikacija koje vi\u0161e ne koristite, otkazivanjem neaktivnih usluga i brisanjem spremljenih informacija u pregledniku smanjuje se koli\u010dina dostupnih podataka.<\/p>\n\n\n\n<p>\u0160to manje tragova ostavljate, to je manja izlo\u017eenost.<\/p>\n\n\n\n<h3 class=\"wp-block-heading\"><strong>5. Sigurne sigurnosne kopije<\/strong><\/h3>\n\n\n\n<p>Pohranjivanje va\u017enih dokumenata na pouzdanim servisima s enkripcijom i dvofaktorskom autentifikacijom sprje\u010dava neo\u010dekivane gubitke.<\/p>\n\n\n\n<p>Oslanjanje isklju\u010divo na lokalnu pohranu je rizi\u010dno u svijetu u kojem se kvarovi hardvera i napadi ransomwarea i dalje pove\u0107avaju.<\/p>\n\n\n\n<h2 class=\"wp-block-heading\"><strong>Primjeri iz stvarnog \u017eivota koji pokazuju za\u0161to je prevencija va\u017ena<\/strong><\/h2>\n\n\n\n<p><strong>Primjer 1:<\/strong><br>Poslovna \u017eena u Mexico Cityju otkrila je \u010dudne bankovne tro\u0161kove nakon \u0161to se spojila na javni Wi-Fi u kafi\u0107u.<\/p>\n\n\n\n<p>Nije bio sofisticiran napad: kiberneti\u010dki kriminalac presreo je samo ne\u0161ifrirani promet. Va\u0161a je banka potvrdila da je nesigurna mre\u017ea bila ulazna to\u010dka.<\/p>\n\n\n\n<p><strong>Primjer 2:<\/strong><br>Poduzetnik je podijelio strate\u0161ke dokumente putem otvorene poveznice u oblaku. Bez njegovog znanja, poveznica je indeksirana od strane tra\u017eilica.<\/p>\n\n\n\n<p>Tjednima kasnije, osjetljive informacije kru\u017eile su dru\u0161tvenim mre\u017eama. Problem nije bio hakiranje, ve\u0107 pogre\u0161na konfiguracija dozvola.<\/p>\n\n\n\n<p>Oba slu\u010daja nagla\u0161avaju va\u017enost u\u010denja <strong>Kako za\u0161tititi svoje osobne podatke u digitalnom dobu<\/strong> prije nego \u0161to snosi ve\u0107e posljedice.<\/p>\n\n\n\n<h2 class=\"wp-block-heading\"><strong>Tehnologija poma\u017ee, ali va\u0161e odluke su va\u017enije.<\/strong><\/h2>\n\n\n\n<p>Pouzdani VPN-ovi, sigurni preglednici, a\u017eurirani sustavi i pro\u0161irenja privatnosti ja\u010daju va\u0161u za\u0161titu.<\/p>\n\n\n\n<p>Unato\u010d tome, najbolja obrana ostaje osobna prosudba: izbjegavajte otvaranje sumnjivih poveznica, odbijte nepotrebne dozvole i provjerite web adrese prije unosa podataka.<\/p>\n\n\n\n<p>Platforme stalno mijenjaju svoje politike; informiranost sprje\u010dava da va\u0161i podaci budu izlo\u017eeni zbog zadanih postavki koje mo\u017eda nikada niste pregledali.<\/p>\n\n\n\n<h2 class=\"wp-block-heading\">Klju\u010dna tablica za ja\u010danje va\u0161e osobne strategije<\/h2>\n\n\n\n<figure class=\"wp-block-table\"><table><thead><tr><th>Preporu\u010dena praksa<\/th><th>Glavna korist<\/th><\/tr><\/thead><tbody><tr><td>Vi\u0161efaktorska autentifikacija<\/td><td>Smanjuje neovla\u0161teni pristup<\/td><\/tr><tr><td>Pregledavanje dopu\u0161tenja aplikacije<\/td><td>Ograni\u010dite nepotrebna curenja<\/td><\/tr><tr><td>Jake lozinke ili upravitelj lozinki<\/td><td>Komplicira automatizirane napade<\/td><\/tr><tr><td>Sigurne veze (pouzdan Wi-Fi + HTTPS)<\/td><td>Minimizira prometnu \u0161pijuna\u017eu<\/td><\/tr><tr><td>\u0160ifrirane sigurnosne kopije<\/td><td>Sprje\u010dava gubitak ili kra\u0111u podataka<\/td><\/tr><\/tbody><\/table><figcaption class=\"wp-element-caption\">Kako za\u0161tititi svoje osobne podatke u digitalnom dobu<\/figcaption><\/figure>\n\n\n\n<figure class=\"wp-block-gallery has-nested-images columns-default is-cropped wp-block-gallery-2 is-layout-flex wp-block-gallery-is-layout-flex\">\n<figure class=\"wp-block-image size-full\"><img loading=\"lazy\" decoding=\"async\" width=\"450\" height=\"250\" data-id=\"10400\" src=\"https:\/\/universofamilia.com\/wp-content\/uploads\/sites\/148\/2025\/11\/Destaque-Novo-Universo-1-5.jpg\" alt=\"\" class=\"wp-image-10400\" srcset=\"https:\/\/universofamilia.com\/wp-content\/uploads\/sites\/148\/2025\/11\/Destaque-Novo-Universo-1-5.jpg 450w, https:\/\/universofamilia.com\/wp-content\/uploads\/sites\/148\/2025\/11\/Destaque-Novo-Universo-1-5-300x167.jpg 300w, https:\/\/universofamilia.com\/wp-content\/uploads\/sites\/148\/2025\/11\/Destaque-Novo-Universo-1-5-18x10.jpg 18w\" sizes=\"(max-width: 450px) 100vw, 450px\" \/><figcaption class=\"wp-element-caption\">Canva<\/figcaption><\/figure>\n<\/figure>\n\n\n\n<p>Pro\u010ditajte vi\u0161e:<a href=\"https:\/\/universofamilia.com\/hr\/inteligencia-artificial-en-el-dia-a-dia\/\">&nbsp;Umjetna inteligencija u svakodnevnom \u017eivotu<\/a><\/p>\n\n\n\n<h2 class=\"wp-block-heading\"><strong>Va\u017enost kontinuiranog digitalnog obrazovanja<\/strong><\/h2>\n\n\n\n<p>Digitalna pismenost sada je jednako va\u017ena kao i u\u010denje vo\u017enje. Prijetnje se razvijaju, alati se mijenjaju, a propisi napreduju.<\/p>\n\n\n\n<p>Pra\u0107enje pouzdanih izvora, poha\u0111anje kratkih te\u010dajeva ili konzultacije s INAI-jem (Nacionalnim institutom za transparentnost, pristup informacijama i za\u0161titu osobnih podataka) ja\u010daju va\u0161u prosudbu.<\/p>\n\n\n\n<p>Osim toga, dijeljenje dobrih praksi s \u010dlanovima obitelji, posebno mladima i starijim osobama, smanjuje vjerojatnost da postanete \u017ertvom prijevara, la\u017enog predstavljanja ili emocionalne manipulacije.<\/p>\n\n\n\n<h2 class=\"wp-block-heading\"><strong>Zaklju\u010dak: Za\u0161tita va\u0161ih podataka \u0161titi va\u0161 mir<\/strong><\/h2>\n\n\n\n<p>Privatnost nije luksuz, to je pravo. Odvajanje nekoliko minuta tjedno za pregled va\u0161eg digitalnog okru\u017eenja mo\u017ee vas spasiti od financijskih gubitaka, stresa i nepotrebnih sigurnosnih propusta.<\/p>\n\n\n\n<p>Kombinacija dosljednih navika, pouzdane tehnologije i aktivne pa\u017enje predstavlja najsigurniji put.<\/p>\n\n\n\n<p>U okru\u017eenju u kojem se gotovo sve doga\u0111a putem va\u0161eg mobitela, ra\u010dunala ili oblaka, za\u0161tita va\u0161ih podataka omogu\u0107uje vam navigaciju s ve\u0107om slobodom i manje neizvjesnosti.<\/p>\n\n\n\n<p>Pro\u010ditajte vi\u0161e: <a href=\"https:\/\/universofamilia.com\/hr\/privacidad-en-linea\/\">Kako za\u0161tititi svoje osobne podatke u digitalnom dobu<\/a><\/p>\n\n\n\n<h1 class=\"wp-block-heading\"><strong>\u010cesto postavljana pitanja (FAQ)<\/strong><\/h1>\n\n\n\n<p><strong>1. Koliko \u010desto trebam mijenjati lozinke?<\/strong><\/p>\n\n\n\n<p>Izme\u0111u 3 i 6 mjeseci, ovisno o vrsti ra\u010duna. Za bankarstvo i e-po\u0161tu, kra\u0107i intervali bolje funkcioniraju.<\/p>\n\n\n\n<p><strong>2. \u0160titi li VPN zaista moje podatke?<\/strong><\/p>\n\n\n\n<p>Da, sve dok je rije\u010d o pouzdanom VPN-u s jasnim pravilima o zabrani zapisivanja podataka. Posebno je koristan na javnim mre\u017eama.<\/p>\n\n\n\n<p><strong>3. Je li sigurno pohranjivati dokumente u oblaku?<\/strong><\/p>\n\n\n\n<p>Da, sve dok usluga implementira dobru enkripciju, dvofaktorsku autentifikaciju i ispravno konfigurirana privatna dopu\u0161tenja.<\/p>\n\n\n\n<p><strong>4. \u0160to trebam provjeriti prije instaliranja aplikacije?<\/strong><\/p>\n\n\n\n<p>Zatra\u017eena dopu\u0161tenja, ugled programera, ocjene i pravila o privatnosti. Svako dopu\u0161tenje koje nema smisla je crvena zastavica.<\/p>\n\n\n\n<p><strong>5. Kako mogu saznati jesu li moji podaci procurili?<\/strong><\/p>\n\n\n\n<p>Alati poput \u201eHave I Been Pwned\u201c omogu\u0107uju vam da provjerite je li se va\u0161a e-po\u0161ta pojavila u poznatim napadima, a nekoliko banaka upozorava na sumnjive aktivnosti.<\/p>","protected":false},"excerpt":{"rendered":"<p>Izraz \u201eKako za\u0161tititi svoje osobne podatke u digitalnom dobu\u201c postao je svakodnevna briga u 2025. godini, posebno zbog porasta kr\u0161enja podataka i intenzivnog kori\u0161tenja podataka od strane aplikacija, platformi i usluga. Prije nego \u0161to se udubimo u temu, vrijedi pregledati kratki sa\u017eetak: Za\u0161to osobni podaci [\u2026]<\/p>","protected":false},"author":219,"featured_media":10396,"comment_status":"closed","ping_status":"open","sticky":false,"template":"","format":"standard","meta":{"footnotes":""},"categories":[3],"tags":[],"yoast_head":"<!-- This site is optimized with the Yoast SEO plugin v23.3 - https:\/\/yoast.com\/wordpress\/plugins\/seo\/ -->\n<title>C\u00f3mo resguardar tu informaci\u00f3n personal en la era digital - Universo Fam\u00edlia<\/title>\n<meta name=\"description\" content=\"La frase \u201cC\u00f3mo resguardar tu informaci\u00f3n personal en la era digital\u201d se ha vuelto una preocupaci\u00f3n diaria en 2025, especialmente por el...\" \/>\n<meta name=\"robots\" content=\"index, follow, max-snippet:-1, max-image-preview:large, max-video-preview:-1\" \/>\n<link rel=\"canonical\" href=\"https:\/\/universofamilia.com\/hr\/como-resguardar-tu-informacion-personal-en-la-era-digital\/\" \/>\n<meta property=\"og:locale\" content=\"hr_HR\" \/>\n<meta property=\"og:type\" content=\"article\" \/>\n<meta property=\"og:title\" content=\"C\u00f3mo resguardar tu informaci\u00f3n personal en la era digital - Universo Fam\u00edlia\" \/>\n<meta property=\"og:description\" content=\"La frase \u201cC\u00f3mo resguardar tu informaci\u00f3n personal en la era digital\u201d se ha vuelto una preocupaci\u00f3n diaria en 2025, especialmente por el...\" \/>\n<meta property=\"og:url\" content=\"https:\/\/universofamilia.com\/hr\/como-resguardar-tu-informacion-personal-en-la-era-digital\/\" \/>\n<meta property=\"og:site_name\" content=\"Universo Fam\u00edlia\" \/>\n<meta property=\"article:published_time\" content=\"2025-11-22T01:52:32+00:00\" \/>\n<meta property=\"article:modified_time\" content=\"2025-11-22T01:52:36+00:00\" \/>\n<meta property=\"og:image\" content=\"https:\/\/universofamilia.com\/wp-content\/uploads\/sites\/148\/2025\/11\/Destaque-Novo-Universo-7.jpg\" \/>\n\t<meta property=\"og:image:width\" content=\"450\" \/>\n\t<meta property=\"og:image:height\" content=\"250\" \/>\n\t<meta property=\"og:image:type\" content=\"image\/jpeg\" \/>\n<meta name=\"author\" content=\"Matheus Sangaletti\" \/>\n<meta name=\"twitter:card\" content=\"summary_large_image\" \/>\n<meta name=\"twitter:label1\" content=\"Written by\" \/>\n\t<meta name=\"twitter:data1\" content=\"Matheus Sangaletti\" \/>\n\t<meta name=\"twitter:label2\" content=\"Est. reading time\" \/>\n\t<meta name=\"twitter:data2\" content=\"7 minuta\" \/>\n<script type=\"application\/ld+json\" class=\"yoast-schema-graph\">{\"@context\":\"https:\/\/schema.org\",\"@graph\":[{\"@type\":\"WebPage\",\"@id\":\"https:\/\/universofamilia.com\/en\/como-resguardar-tu-informacion-personal-en-la-era-digital\/\",\"url\":\"https:\/\/universofamilia.com\/en\/como-resguardar-tu-informacion-personal-en-la-era-digital\/\",\"name\":\"C\u00f3mo resguardar tu informaci\u00f3n personal en la era digital - Universo Fam\u00edlia\",\"isPartOf\":{\"@id\":\"http:\/\/universofamilia.com\/zh_hk\/#website\"},\"primaryImageOfPage\":{\"@id\":\"https:\/\/universofamilia.com\/en\/como-resguardar-tu-informacion-personal-en-la-era-digital\/#primaryimage\"},\"image\":{\"@id\":\"https:\/\/universofamilia.com\/en\/como-resguardar-tu-informacion-personal-en-la-era-digital\/#primaryimage\"},\"thumbnailUrl\":\"https:\/\/universofamilia.com\/wp-content\/uploads\/sites\/148\/2025\/11\/Destaque-Novo-Universo-7.jpg\",\"datePublished\":\"2025-11-22T01:52:32+00:00\",\"dateModified\":\"2025-11-22T01:52:36+00:00\",\"author\":{\"@id\":\"http:\/\/universofamilia.com\/zh_hk\/#\/schema\/person\/92fcd07e9b1f4323bf74f3170fc0f78a\"},\"description\":\"La frase \u201cC\u00f3mo resguardar tu informaci\u00f3n personal en la era digital\u201d se ha vuelto una preocupaci\u00f3n diaria en 2025, especialmente por el...\",\"breadcrumb\":{\"@id\":\"https:\/\/universofamilia.com\/en\/como-resguardar-tu-informacion-personal-en-la-era-digital\/#breadcrumb\"},\"inLanguage\":\"hr\",\"potentialAction\":[{\"@type\":\"ReadAction\",\"target\":[\"https:\/\/universofamilia.com\/en\/como-resguardar-tu-informacion-personal-en-la-era-digital\/\"]}]},{\"@type\":\"ImageObject\",\"inLanguage\":\"hr\",\"@id\":\"https:\/\/universofamilia.com\/en\/como-resguardar-tu-informacion-personal-en-la-era-digital\/#primaryimage\",\"url\":\"https:\/\/universofamilia.com\/wp-content\/uploads\/sites\/148\/2025\/11\/Destaque-Novo-Universo-7.jpg\",\"contentUrl\":\"https:\/\/universofamilia.com\/wp-content\/uploads\/sites\/148\/2025\/11\/Destaque-Novo-Universo-7.jpg\",\"width\":450,\"height\":250},{\"@type\":\"BreadcrumbList\",\"@id\":\"https:\/\/universofamilia.com\/en\/como-resguardar-tu-informacion-personal-en-la-era-digital\/#breadcrumb\",\"itemListElement\":[{\"@type\":\"ListItem\",\"position\":1,\"name\":\"Home\",\"item\":\"http:\/\/universofamilia.com\/zh_hk\/\"},{\"@type\":\"ListItem\",\"position\":2,\"name\":\"C\u00f3mo resguardar tu informaci\u00f3n personal en la era digital\"}]},{\"@type\":\"WebSite\",\"@id\":\"http:\/\/universofamilia.com\/zh_hk\/#website\",\"url\":\"http:\/\/universofamilia.com\/zh_hk\/\",\"name\":\"Universo Fam\u00edlia\",\"description\":\"\",\"potentialAction\":[{\"@type\":\"SearchAction\",\"target\":{\"@type\":\"EntryPoint\",\"urlTemplate\":\"http:\/\/universofamilia.com\/zh_hk\/?s={search_term_string}\"},\"query-input\":\"required name=search_term_string\"}],\"inLanguage\":\"hr\"},{\"@type\":\"Person\",\"@id\":\"http:\/\/universofamilia.com\/zh_hk\/#\/schema\/person\/92fcd07e9b1f4323bf74f3170fc0f78a\",\"name\":\"Matheus Sangaletti\",\"image\":{\"@type\":\"ImageObject\",\"inLanguage\":\"hr\",\"@id\":\"http:\/\/universofamilia.com\/zh_hk\/#\/schema\/person\/image\/\",\"url\":\"https:\/\/secure.gravatar.com\/avatar\/280ea957a14a48e6a1ad2133d2cc27c9?s=96&d=mm&r=g\",\"contentUrl\":\"https:\/\/secure.gravatar.com\/avatar\/280ea957a14a48e6a1ad2133d2cc27c9?s=96&d=mm&r=g\",\"caption\":\"Matheus Sangaletti\"},\"url\":\"https:\/\/universofamilia.com\/hr\/author\/matheuss\/\"}]}<\/script>\n<!-- \/ Yoast SEO plugin. -->","yoast_head_json":{"title":"C\u00f3mo resguardar tu informaci\u00f3n personal en la era digital - Universo Fam\u00edlia","description":"La frase \u201cC\u00f3mo resguardar tu informaci\u00f3n personal en la era digital\u201d se ha vuelto una preocupaci\u00f3n diaria en 2025, especialmente por el...","robots":{"index":"index","follow":"follow","max-snippet":"max-snippet:-1","max-image-preview":"max-image-preview:large","max-video-preview":"max-video-preview:-1"},"canonical":"https:\/\/universofamilia.com\/hr\/como-resguardar-tu-informacion-personal-en-la-era-digital\/","og_locale":"hr_HR","og_type":"article","og_title":"C\u00f3mo resguardar tu informaci\u00f3n personal en la era digital - Universo Fam\u00edlia","og_description":"La frase \u201cC\u00f3mo resguardar tu informaci\u00f3n personal en la era digital\u201d se ha vuelto una preocupaci\u00f3n diaria en 2025, especialmente por el...","og_url":"https:\/\/universofamilia.com\/hr\/como-resguardar-tu-informacion-personal-en-la-era-digital\/","og_site_name":"Universo Fam\u00edlia","article_published_time":"2025-11-22T01:52:32+00:00","article_modified_time":"2025-11-22T01:52:36+00:00","og_image":[{"width":450,"height":250,"url":"https:\/\/universofamilia.com\/wp-content\/uploads\/sites\/148\/2025\/11\/Destaque-Novo-Universo-7.jpg","type":"image\/jpeg"}],"author":"Matheus Sangaletti","twitter_card":"summary_large_image","twitter_misc":{"Written by":"Matheus Sangaletti","Est. reading time":"7 minuta"},"schema":{"@context":"https:\/\/schema.org","@graph":[{"@type":"WebPage","@id":"https:\/\/universofamilia.com\/en\/como-resguardar-tu-informacion-personal-en-la-era-digital\/","url":"https:\/\/universofamilia.com\/en\/como-resguardar-tu-informacion-personal-en-la-era-digital\/","name":"C\u00f3mo resguardar tu informaci\u00f3n personal en la era digital - Universo Fam\u00edlia","isPartOf":{"@id":"http:\/\/universofamilia.com\/zh_hk\/#website"},"primaryImageOfPage":{"@id":"https:\/\/universofamilia.com\/en\/como-resguardar-tu-informacion-personal-en-la-era-digital\/#primaryimage"},"image":{"@id":"https:\/\/universofamilia.com\/en\/como-resguardar-tu-informacion-personal-en-la-era-digital\/#primaryimage"},"thumbnailUrl":"https:\/\/universofamilia.com\/wp-content\/uploads\/sites\/148\/2025\/11\/Destaque-Novo-Universo-7.jpg","datePublished":"2025-11-22T01:52:32+00:00","dateModified":"2025-11-22T01:52:36+00:00","author":{"@id":"http:\/\/universofamilia.com\/zh_hk\/#\/schema\/person\/92fcd07e9b1f4323bf74f3170fc0f78a"},"description":"La frase \u201cC\u00f3mo resguardar tu informaci\u00f3n personal en la era digital\u201d se ha vuelto una preocupaci\u00f3n diaria en 2025, especialmente por el...","breadcrumb":{"@id":"https:\/\/universofamilia.com\/en\/como-resguardar-tu-informacion-personal-en-la-era-digital\/#breadcrumb"},"inLanguage":"hr","potentialAction":[{"@type":"ReadAction","target":["https:\/\/universofamilia.com\/en\/como-resguardar-tu-informacion-personal-en-la-era-digital\/"]}]},{"@type":"ImageObject","inLanguage":"hr","@id":"https:\/\/universofamilia.com\/en\/como-resguardar-tu-informacion-personal-en-la-era-digital\/#primaryimage","url":"https:\/\/universofamilia.com\/wp-content\/uploads\/sites\/148\/2025\/11\/Destaque-Novo-Universo-7.jpg","contentUrl":"https:\/\/universofamilia.com\/wp-content\/uploads\/sites\/148\/2025\/11\/Destaque-Novo-Universo-7.jpg","width":450,"height":250},{"@type":"BreadcrumbList","@id":"https:\/\/universofamilia.com\/en\/como-resguardar-tu-informacion-personal-en-la-era-digital\/#breadcrumb","itemListElement":[{"@type":"ListItem","position":1,"name":"Home","item":"http:\/\/universofamilia.com\/zh_hk\/"},{"@type":"ListItem","position":2,"name":"C\u00f3mo resguardar tu informaci\u00f3n personal en la era digital"}]},{"@type":"WebSite","@id":"http:\/\/universofamilia.com\/zh_hk\/#website","url":"http:\/\/universofamilia.com\/zh_hk\/","name":"Universo Fam\u00edlia","description":"","potentialAction":[{"@type":"SearchAction","target":{"@type":"EntryPoint","urlTemplate":"http:\/\/universofamilia.com\/zh_hk\/?s={search_term_string}"},"query-input":"required name=search_term_string"}],"inLanguage":"hr"},{"@type":"Person","@id":"http:\/\/universofamilia.com\/zh_hk\/#\/schema\/person\/92fcd07e9b1f4323bf74f3170fc0f78a","name":"Matheus Sangaletti","image":{"@type":"ImageObject","inLanguage":"hr","@id":"http:\/\/universofamilia.com\/zh_hk\/#\/schema\/person\/image\/","url":"https:\/\/secure.gravatar.com\/avatar\/280ea957a14a48e6a1ad2133d2cc27c9?s=96&d=mm&r=g","contentUrl":"https:\/\/secure.gravatar.com\/avatar\/280ea957a14a48e6a1ad2133d2cc27c9?s=96&d=mm&r=g","caption":"Matheus Sangaletti"},"url":"https:\/\/universofamilia.com\/hr\/author\/matheuss\/"}]}},"_links":{"self":[{"href":"https:\/\/universofamilia.com\/hr\/wp-json\/wp\/v2\/posts\/10395"}],"collection":[{"href":"https:\/\/universofamilia.com\/hr\/wp-json\/wp\/v2\/posts"}],"about":[{"href":"https:\/\/universofamilia.com\/hr\/wp-json\/wp\/v2\/types\/post"}],"author":[{"embeddable":true,"href":"https:\/\/universofamilia.com\/hr\/wp-json\/wp\/v2\/users\/219"}],"replies":[{"embeddable":true,"href":"https:\/\/universofamilia.com\/hr\/wp-json\/wp\/v2\/comments?post=10395"}],"version-history":[{"count":1,"href":"https:\/\/universofamilia.com\/hr\/wp-json\/wp\/v2\/posts\/10395\/revisions"}],"predecessor-version":[{"id":10401,"href":"https:\/\/universofamilia.com\/hr\/wp-json\/wp\/v2\/posts\/10395\/revisions\/10401"}],"wp:featuredmedia":[{"embeddable":true,"href":"https:\/\/universofamilia.com\/hr\/wp-json\/wp\/v2\/media\/10396"}],"wp:attachment":[{"href":"https:\/\/universofamilia.com\/hr\/wp-json\/wp\/v2\/media?parent=10395"}],"wp:term":[{"taxonomy":"category","embeddable":true,"href":"https:\/\/universofamilia.com\/hr\/wp-json\/wp\/v2\/categories?post=10395"},{"taxonomy":"post_tag","embeddable":true,"href":"https:\/\/universofamilia.com\/hr\/wp-json\/wp\/v2\/tags?post=10395"}],"curies":[{"name":"wp","href":"https:\/\/api.w.org\/{rel}","templated":true}]}}