{"id":10479,"date":"2025-12-29T09:09:19","date_gmt":"2025-12-29T12:09:19","guid":{"rendered":"https:\/\/universofamilia.com\/?p=10479"},"modified":"2025-12-29T09:11:25","modified_gmt":"2025-12-29T12:11:25","slug":"la-salud-mental-en-la-mira","status":"publish","type":"post","link":"https:\/\/universofamilia.com\/hr\/la-salud-mental-en-la-mira\/","title":{"rendered":"Mentalno zdravlje u sredi\u0161tu pozornosti: novi globalni izazov 21. stolje\u0107a"},"content":{"rendered":"<p class=\"has-text-align-center\"><strong>Mentalno zdravlje u sredi\u0161tu pozornosti: novi globalni izazov 21. stolje\u0107a.<\/strong> To vi\u0161e nije slogan za uzbunu niti problem koji se odnosi isklju\u010divo na medicinsko podru\u010dje.<\/p>\n\n\n\n<figure class=\"wp-block-gallery has-nested-images columns-default is-cropped wp-block-gallery-1 is-layout-flex wp-block-gallery-is-layout-flex\">\n<figure class=\"wp-block-image size-full\"><img loading=\"lazy\" decoding=\"async\" width=\"450\" height=\"250\" data-id=\"10481\" src=\"https:\/\/universofamilia.com\/wp-content\/uploads\/sites\/148\/2025\/12\/Destaque-Novo-Universo-20-1.jpg\" alt=\"\" class=\"wp-image-10481\" srcset=\"https:\/\/universofamilia.com\/wp-content\/uploads\/sites\/148\/2025\/12\/Destaque-Novo-Universo-20-1.jpg 450w, https:\/\/universofamilia.com\/wp-content\/uploads\/sites\/148\/2025\/12\/Destaque-Novo-Universo-20-1-300x167.jpg 300w, https:\/\/universofamilia.com\/wp-content\/uploads\/sites\/148\/2025\/12\/Destaque-Novo-Universo-20-1-18x10.jpg 18w\" sizes=\"(max-width: 450px) 100vw, 450px\" \/><figcaption class=\"wp-element-caption\">Mentalno zdravlje u sredi\u0161tu pozornosti: novi globalni izazov 21. stolje\u0107a.<\/figcaption><\/figure>\n<\/figure>\n\n\n\n<p class=\"has-text-align-center\">Postao je dru\u0161tveni, ekonomski i politi\u010dki prioritet koji nadilazi dobi, profesije i kulture.<\/p>\n\n\n\n<p class=\"has-text-align-center\">U 2025. godini, razgovor o emocionalnoj dobrobiti zna\u010di razgovor o produktivnosti, odnosima, obrazovanju, tehnologiji i kvaliteti \u017eivota.<\/p>\n\n\n\n<p>Prije nego \u0161to dublje krenemo u istra\u017eivanje, vrijedi ukratko pregledati: za\u0161to je mentalno zdravlje danas u sredi\u0161tu globalne rasprave, koji \u010dimbenici obja\u0161njavaju njegovo pogor\u0161anje i kako utje\u010de na gospodarstvo i svakodnevni \u017eivot.<\/p>\n\n\n\n<p>Klju\u010dna statistika koju podupiru me\u0111unarodne organizacije, dva primjera iz stvarnog svijeta, ilustrativna analogija, tablica s trenutnim izazovima i odjeljak s \u010desto postavljanim pitanjima.<\/p>\n\n\n\n<h2 class=\"wp-block-heading\"><strong>Za\u0161to je mentalno zdravlje dospjelo u sredi\u0161te globalnih razgovora<\/strong><\/h2>\n\n\n\n<p>Desetlje\u0107ima je psiholo\u0161ko blagostanje bilo potisnuto u drugi plan. Me\u0111utim, brze promjene 21. stolje\u0107a prisilile su nas da se suo\u010dimo s problemom koji je tiho rastao.<\/p>\n\n\n\n<p>Intenzivni radni ritmovi, hiperkonektivnost, ekonomska nesigurnost i duboke dru\u0161tvene transformacije stvorili su slo\u017eeno plodno tlo.<\/p>\n\n\n\n<p>U ovom kontekstu, <strong>Mentalno zdravlje u sredi\u0161tu pozornosti: novi globalni izazov 21. stolje\u0107a.<\/strong> Prestala je biti akademska fraza i postala svakodnevna stvarnost.<\/p>\n\n\n\n<p>Danas vlade, poduze\u0107a i obrazovni sustavi prepoznaju da ignoriranje ovog aspekta ima opipljive i skupe posljedice.<\/p>\n\n\n\n<h2 class=\"wp-block-heading\"><strong>Problem koji ne poznaje granice ni godine<\/strong><\/h2>\n\n\n\n<p>Mentalno zdravlje ne utje\u010de samo na odre\u0111ene zemlje ili dru\u0161tvene skupine.<\/p>\n\n\n\n<p>Ovo je ra\u0161irena pojava. Mladi ljudi, odrasli i starije osobe suo\u010davaju se sa sve ve\u0107om razinom stresa, tjeskobe i emocionalne iscrpljenosti.<\/p>\n\n\n\n<p>Prema podacima iz <strong>Svjetska zdravstvena organizacija (WHO)<\/strong>otprilike <strong>1 od 8 osoba diljem svijeta \u017eivi s nekim oblikom mentalnog poreme\u0107aja<\/strong>Ova brojka odra\u017eava razmjere izazova i njegov izravan utjecaj na zdravstvene sustave i globalno gospodarstvo.<\/p>\n\n\n\n<p>Ovi podaci, a\u017eurirani u nedavnim izvje\u0161\u0107ima agencije, potvr\u0111uju da se ne radi o izoliranim slu\u010dajevima, ve\u0107 o strukturnom problemu.<\/p>\n\n\n\n<h2 class=\"wp-block-heading\"><strong>Tihi utjecaj na gospodarstvo i rad<\/strong><\/h2>\n\n\n\n<p>Osim individualne patnje, naru\u0161eno mentalno zdravlje utje\u010de na produktivnost, pove\u0107ava izostajanje s posla i pove\u0107ava tro\u0161kove zdravstvene za\u0161tite.<\/p>\n\n\n\n<p>Tvrtke su po\u010dele shva\u0107ati da briga o emocionalnoj dobrobiti nije dodatna pogodnost, ve\u0107 strate\u0161ka investicija.<\/p>\n\n\n\n<p>Do 2025. godine mnoge \u0107e organizacije integrirati programe psiholo\u0161ke podr\u0161ke, fleksibilno radno vrijeme i politike digitalnog isklju\u010divanja.<\/p>\n\n\n\n<p>Oni to ne \u010dine samo iz dru\u0161tvene odgovornosti, ve\u0107 i zato \u0161to rezultati pokazuju jasna pobolj\u0161anja u u\u010dinku i predanosti.<\/p>\n\n\n\n<h2 class=\"wp-block-heading\"><strong>Tehnologija: i saveznik i rizik<\/strong><\/h2>\n\n\n\n<p>Tehnologija igra ambivalentnu ulogu. S jedne strane, olak\u0161ava pristup informacijama, online terapijama i zajednicama podr\u0161ke.<\/p>\n\n\n\n<p>S druge strane, poja\u010dava dru\u0161tvenu usporedbu, pretjeranu izlo\u017eenost i te\u0161ko\u0107e isklju\u010divanja.<\/p>\n\n\n\n<p>Izazov je mudro koristiti digitalne alate.<\/p>\n\n\n\n<p>Klju\u010d nije demonizirati tehnologiju, ve\u0107 uspostaviti zdrave granice koje nam omogu\u0107uju da iskoristimo njezine prednosti bez \u017ertvovanja emocionalne ravnote\u017ee.<\/p>\n\n\n\n<h2 class=\"wp-block-heading\"><strong>Emocionalni odgoj: povijesni dug<\/strong><\/h2>\n\n\n\n<p>Godinama su obrazovni sustavi davali prioritet akademskom sadr\u017eaju, zanemaruju\u0107i osnovne emocionalne vje\u0161tine. Danas taj propust uzima svoj danak.<\/p>\n\n\n\n<p>Emocionalna pismenost se pojavljuje kao hitna potreba.<\/p>\n\n\n\n<p>Uklju\u010divanje upravljanja stresom, empatije i samosvijesti od rane dobi ne samo da sprje\u010dava budu\u0107e poreme\u0107aje, ve\u0107 i stvara otpornije i svjesnije gra\u0111ane.<\/p>\n\n\n\n<h3 class=\"wp-block-heading\"><strong>Primjer 1<\/strong><\/h3>\n\n\n\n<p>Javna \u0161kola u Latinskoj Americi integrirala je tjedne radionice emocionalnog obrazovanja.<\/p>\n\n\n\n<p>Za manje od godinu dana, sukobi me\u0111u u\u010denicima su se smanjili, a ukupni akademski uspjeh se pobolj\u0161ao, prema internim izvje\u0161\u0107ima obrazovnog centra.<\/p>\n\n\n\n<h2 class=\"wp-block-heading\"><strong>Stigma: najuporniji neprijatelj<\/strong><\/h2>\n\n\n\n<p>Iako se diskurs promijenio, stigma ostaje. Mnogi ljudi izbjegavaju tra\u017eiti pomo\u0107 iz straha od dru\u0161tvene ili profesionalne osude.<\/p>\n\n\n\n<p>Ova \u0161utnja pogor\u0161ava simptome i odga\u0111a u\u010dinkovito lije\u010denje.<\/p>\n\n\n\n<p>Klju\u010dno je u\u010diniti mentalno zdravlje vidljivim kao sastavni dio cjelokupnog zdravlja. Normalizacija razgovora \u0161tedi vrijeme, resurse, a u nekim slu\u010dajevima i \u017eivote.<\/p>\n\n\n\n<h2 class=\"wp-block-heading\"><strong>Analogija koja poma\u017ee razumjeti hitnost<\/strong><\/h2>\n\n\n\n<p>Briga o va\u0161em mentalnom zdravlju sli\u010dna je <strong>odr\u017eavati operativni sustav ure\u0111aja<\/strong>.<\/p>\n\n\n\n<p>Mo\u017eete imati najbolji hardver, ali ako softver zaka\u017ee, cijeli sustav postaje spor, nestabilan i ranjiv. Ignoriranje znakova upozorenja samo pogor\u0161ava ukupne performanse.<\/p>\n\n\n\n<h2 class=\"wp-block-heading\"><strong>Javne politike i kolektivna odgovornost<\/strong><\/h2>\n\n\n\n<p>Vlade se suo\u010davaju s izazovom osmi\u0161ljavanja sveobuhvatnih, dostupnih i odr\u017eivih politika.<\/p>\n\n\n\n<p>Samo pove\u0107anje prora\u010duna nije dovoljno; potrebna je koordinacija izme\u0111u zdravstva, obrazovanja, rada i socijalnog razvoja.<\/p>\n\n\n\n<p>Istovremeno, odgovornost ne pada isklju\u010divo na institucije.<\/p>\n\n\n\n<p>Zajednice, obitelji i radno okru\u017eenje igraju temeljnu ulogu u prevenciji i podr\u0161ci.<\/p>\n\n\n\n<h2 class=\"wp-block-heading\"><strong>Tablica: Glavni trenutni izazovi u mentalnom zdravlju<\/strong><\/h2>\n\n\n\n<figure class=\"wp-block-table\"><table><thead><tr><th>Globalni izazov<\/th><th>Glavni utjecaj<\/th><\/tr><\/thead><tbody><tr><td>Kroni\u010dni stres na poslu<\/td><td>Izgaranje i niska produktivnost<\/td><\/tr><tr><td>Dru\u0161tvena stigmatizacija<\/td><td>Nedostatak rane dijagnoze<\/td><\/tr><tr><td>Ograni\u010den pristup skrbi<\/td><td>Nedostaci u javnom zdravstvu<\/td><\/tr><tr><td>Prekomjerna upotreba tehnologije<\/td><td>Anksioznost i emocionalna odvojenost<\/td><\/tr><tr><td>Nedostatak emocionalnog obrazovanja<\/td><td>Ni\u017ea socijalna otpornost<\/td><\/tr><\/tbody><\/table><figcaption class=\"wp-element-caption\">Mentalno zdravlje u sredi\u0161tu pozornosti: novi globalni izazov 21. stolje\u0107a.<\/figcaption><\/figure>\n\n\n\n<figure class=\"wp-block-gallery has-nested-images columns-default is-cropped wp-block-gallery-2 is-layout-flex wp-block-gallery-is-layout-flex\">\n<figure class=\"wp-block-image size-full\"><img loading=\"lazy\" decoding=\"async\" width=\"450\" height=\"250\" data-id=\"10482\" src=\"https:\/\/universofamilia.com\/wp-content\/uploads\/sites\/148\/2025\/12\/Destaque-Novo-Universo-21.jpg\" alt=\"\" class=\"wp-image-10482\" srcset=\"https:\/\/universofamilia.com\/wp-content\/uploads\/sites\/148\/2025\/12\/Destaque-Novo-Universo-21.jpg 450w, https:\/\/universofamilia.com\/wp-content\/uploads\/sites\/148\/2025\/12\/Destaque-Novo-Universo-21-300x167.jpg 300w, https:\/\/universofamilia.com\/wp-content\/uploads\/sites\/148\/2025\/12\/Destaque-Novo-Universo-21-18x10.jpg 18w\" sizes=\"(max-width: 450px) 100vw, 450px\" \/><figcaption class=\"wp-element-caption\">Mentalno zdravlje u sredi\u0161tu pozornosti: novi globalni izazov 21. stolje\u0107a.<\/figcaption><\/figure>\n<\/figure>\n\n\n\n<p>Pro\u010ditajte vi\u0161e:\u00a0<a href=\"https:\/\/universofamilia.com\/hr\/descubrimientos-cientificos-que-cambiaran-el-futuro\/\">Znanstvena otkri\u0107a koja \u0107e promijeniti budu\u0107nost<\/a><\/p>\n\n\n\n<h2 class=\"wp-block-heading\"><strong>Va\u017enost govora, slu\u0161anja i djelovanja<\/strong><\/h2>\n\n\n\n<p>Stvaranje prostora za iskren dijalog \u010dini pravu razliku. Slu\u0161anje bez osu\u0111ivanja i uva\u017eavanje emocija ja\u010da veze i smanjuje izolaciju.<\/p>\n\n\n\n<p>Nadalje, promi\u010de kulturu u kojoj se tra\u017eenje pomo\u0107i ne do\u017eivljava kao slabost, ve\u0107 kao osobna odgovornost.<\/p>\n\n\n\n<h3 class=\"wp-block-heading\"><strong>Primjer 2<\/strong><\/h3>\n\n\n\n<p>Servisna tvrtka uvela je dobrovoljne sesije psiholo\u0161ke podr\u0161ke.<\/p>\n\n\n\n<p>Nakon \u0161est mjeseci, timovi su izvijestili o ve\u0107oj koheziji i smanjenju percipiranog stresa, \u0161to se odrazilo u procjenama interne klime na radnom mjestu.<\/p>\n\n\n\n<h2 class=\"wp-block-heading\"><strong>Za\u0161to ovaj izazov definira 21. stolje\u0107e?<\/strong><\/h2>\n\n\n\n<p>Jer \u010dovje\u010danstvo nikada prije nije imalo toliko informacija i, istovremeno, toliko istovremenih faktora pritiska.<\/p>\n\n\n\n<p>Globalizacija, klimatska kriza, tehnolo\u0161ke promjene i geopoliti\u010dke napetosti izravno utje\u010du na emocionalnu stabilnost.<\/p>\n\n\n\n<p>Ima li smisla govoriti o napretku ako se zanemaruje psiholo\u0161ka dobrobit ljudi?<\/p>\n\n\n\n<h2 class=\"wp-block-heading\"><strong>Gledaju\u0107i u budu\u0107nost s odgovorno\u0161\u0107u<\/strong><\/h2>\n\n\n\n<p>U 2025. godini, <strong>Mentalno zdravlje u sredi\u0161tu pozornosti: novi globalni izazov 21. stolje\u0107a.<\/strong> To zahtijeva konkretna djela, a ne samo govore.<\/p>\n\n\n\n<p>Ulaganje u prevenciju, obrazovanje i pristup lije\u010denju jednako je va\u017eno kao i bilo koja fizi\u010dka infrastruktura.<\/p>\n\n\n\n<p>Budu\u0107nost \u0107e ovisiti o kolektivnoj sposobnosti prepoznavanja da mentalno zdravlje nije luksuz, ve\u0107 stup odr\u017eivog razvoja.<\/p>\n\n\n\n<h2 class=\"wp-block-heading\"><strong>Zaklju\u010dak<\/strong><\/h2>\n\n\n\n<p>Mentalno zdravlje definira kako radimo, u\u010dimo, odnosimo se s drugima i planiramo budu\u0107nost. Njegovo ignoriranje zna\u010di sno\u0161enje sve ve\u0107ih ljudskih i ekonomskih tro\u0161kova.<\/p>\n\n\n\n<p>Nasuprot tome, suo\u010davanje s tim problemom s ozbiljno\u0161\u0107u, empatijom i strategijom otvara vrata uravnote\u017eenijim i otpornijim dru\u0161tvima.<\/p>\n\n\n\n<p>Izazov je postavljen. Pitanje vi\u0161e nije trebamo li djelovati, ve\u0107 kako i s kojom hitno\u0161\u0107u.<\/p>\n\n\n\n<p>Pro\u010ditajte vi\u0161e:\u00a0<a href=\"https:\/\/universofamilia.com\/hr\/el-crecimiento-del-comercio-electronico-mundial-en-2025\/\">Rast globalne e-trgovine u 2025. godini<\/a><\/p>\n\n\n\n<h2 class=\"wp-block-heading\"><strong>\u010cesto postavljana pitanja<\/strong><\/h2>\n\n\n\n<p><strong>Je li mentalno zdravlje samo individualni problem?<\/strong><br>Ne. To uklju\u010duje dru\u0161tvene, ekonomske i kulturne \u010dimbenike koji zahtijevaju kolektivne odgovore.<\/p>\n\n\n\n<p><strong>Je li tra\u017eenje psiholo\u0161ke pomo\u0107i jo\u0161 uvijek neodobravano?<\/strong><br>Stigma se smanjila, ali jo\u0161 uvijek postoji u nekim krugovima. Otvoreno govorenje poma\u017ee u promjeni te percepcije.<\/p>\n\n\n\n<p><strong>Pogor\u0161ava li tehnologija mentalno zdravlje?<\/strong><br>Ovisi o upotrebi. Mo\u017ee biti alat za podr\u0161ku ili faktor rizika ako nije reguliran.<\/p>\n\n\n\n<p><strong>Trebaju li se tvrtke uklju\u010diti u ovaj problem?<\/strong><br>Da. Emocionalno blagostanje izravno utje\u010de na organizacijsku uspje\u0161nost i odr\u017eivost.<\/p>\n\n\n\n<p><strong>Djeluje li prevencija doista?<\/strong><br>Razni programi pokazuju da emocionalno obrazovanje i rano otkrivanje smanjuju dugoro\u010dne probleme.<\/p>\n\n\n\n<p>Ozbiljno i humano bavljenje mentalnim zdravljem ne samo da pobolj\u0161ava \u017eivote pojedinaca; ono redefinira tijek 21. stolje\u0107a.<\/p>","protected":false},"excerpt":{"rendered":"<p>La salud mental en la mira: el nuevo desaf\u00edo global del siglo XXI. ya no es una consigna alarmista ni un tema exclusivo del \u00e1mbito m\u00e9dico. Se convirti\u00f3 en una prioridad social, econ\u00f3mica y pol\u00edtica que atraviesa edades, profesiones y culturas. En 2025, hablar de bienestar emocional implica hablar de productividad, v\u00ednculos, educaci\u00f3n, tecnolog\u00eda y [&hellip;]<\/p>","protected":false},"author":219,"featured_media":10480,"comment_status":"closed","ping_status":"open","sticky":false,"template":"","format":"standard","meta":{"footnotes":""},"categories":[4],"tags":[],"yoast_head":"<!-- This site is optimized with the Yoast SEO plugin v23.3 - https:\/\/yoast.com\/wordpress\/plugins\/seo\/ -->\n<title>La salud mental en la mira: el nuevo desaf\u00edo global del siglo XXI - Universo Fam\u00edlia<\/title>\n<meta name=\"description\" content=\"La salud mental en la mira: el nuevo desaf\u00edo global del siglo XXI. ya no es una consigna alarmista ni un tema exclusivo del \u00e1mbito m\u00e9dico.\" \/>\n<meta name=\"robots\" content=\"index, follow, max-snippet:-1, max-image-preview:large, max-video-preview:-1\" \/>\n<link rel=\"canonical\" href=\"https:\/\/universofamilia.com\/hr\/la-salud-mental-en-la-mira\/\" \/>\n<meta property=\"og:locale\" content=\"hr_HR\" \/>\n<meta property=\"og:type\" content=\"article\" \/>\n<meta property=\"og:title\" content=\"La salud mental en la mira: el nuevo desaf\u00edo global del siglo XXI - Universo Fam\u00edlia\" \/>\n<meta property=\"og:description\" content=\"La salud mental en la mira: el nuevo desaf\u00edo global del siglo XXI. ya no es una consigna alarmista ni un tema exclusivo del \u00e1mbito m\u00e9dico.\" \/>\n<meta property=\"og:url\" content=\"https:\/\/universofamilia.com\/hr\/la-salud-mental-en-la-mira\/\" \/>\n<meta property=\"og:site_name\" content=\"Universo Fam\u00edlia\" \/>\n<meta property=\"article:published_time\" content=\"2025-12-29T12:09:19+00:00\" \/>\n<meta property=\"article:modified_time\" content=\"2025-12-29T12:11:25+00:00\" \/>\n<meta property=\"og:image\" content=\"https:\/\/universofamilia.com\/wp-content\/uploads\/sites\/148\/2025\/12\/Destaque-Novo-Universo-20.jpg\" \/>\n\t<meta property=\"og:image:width\" content=\"450\" \/>\n\t<meta property=\"og:image:height\" content=\"250\" \/>\n\t<meta property=\"og:image:type\" content=\"image\/jpeg\" \/>\n<meta name=\"author\" content=\"Matheus Sangaletti\" \/>\n<meta name=\"twitter:card\" content=\"summary_large_image\" \/>\n<meta name=\"twitter:label1\" content=\"Written by\" \/>\n\t<meta name=\"twitter:data1\" content=\"Matheus Sangaletti\" \/>\n\t<meta name=\"twitter:label2\" content=\"Est. reading time\" \/>\n\t<meta name=\"twitter:data2\" content=\"1 minuta\" \/>\n<script type=\"application\/ld+json\" class=\"yoast-schema-graph\">{\"@context\":\"https:\/\/schema.org\",\"@graph\":[{\"@type\":\"WebPage\",\"@id\":\"https:\/\/universofamilia.com\/zh_hk\/la-salud-mental-en-la-mira\/\",\"url\":\"https:\/\/universofamilia.com\/zh_hk\/la-salud-mental-en-la-mira\/\",\"name\":\"La salud mental en la mira: el nuevo desaf\u00edo global del siglo XXI - Universo Fam\u00edlia\",\"isPartOf\":{\"@id\":\"http:\/\/universofamilia.com\/zh_hk\/#website\"},\"primaryImageOfPage\":{\"@id\":\"https:\/\/universofamilia.com\/zh_hk\/la-salud-mental-en-la-mira\/#primaryimage\"},\"image\":{\"@id\":\"https:\/\/universofamilia.com\/zh_hk\/la-salud-mental-en-la-mira\/#primaryimage\"},\"thumbnailUrl\":\"https:\/\/universofamilia.com\/wp-content\/uploads\/sites\/148\/2025\/12\/Destaque-Novo-Universo-20.jpg\",\"datePublished\":\"2025-12-29T12:09:19+00:00\",\"dateModified\":\"2025-12-29T12:11:25+00:00\",\"author\":{\"@id\":\"http:\/\/universofamilia.com\/zh_hk\/#\/schema\/person\/92fcd07e9b1f4323bf74f3170fc0f78a\"},\"description\":\"La salud mental en la mira: el nuevo desaf\u00edo global del siglo XXI. ya no es una consigna alarmista ni un tema exclusivo del \u00e1mbito m\u00e9dico.\",\"breadcrumb\":{\"@id\":\"https:\/\/universofamilia.com\/zh_hk\/la-salud-mental-en-la-mira\/#breadcrumb\"},\"inLanguage\":\"hr\",\"potentialAction\":[{\"@type\":\"ReadAction\",\"target\":[\"https:\/\/universofamilia.com\/zh_hk\/la-salud-mental-en-la-mira\/\"]}]},{\"@type\":\"ImageObject\",\"inLanguage\":\"hr\",\"@id\":\"https:\/\/universofamilia.com\/zh_hk\/la-salud-mental-en-la-mira\/#primaryimage\",\"url\":\"https:\/\/universofamilia.com\/wp-content\/uploads\/sites\/148\/2025\/12\/Destaque-Novo-Universo-20.jpg\",\"contentUrl\":\"https:\/\/universofamilia.com\/wp-content\/uploads\/sites\/148\/2025\/12\/Destaque-Novo-Universo-20.jpg\",\"width\":450,\"height\":250,\"caption\":\"La salud mental en la mira: el nuevo desaf\u00edo global del siglo XXI.\"},{\"@type\":\"BreadcrumbList\",\"@id\":\"https:\/\/universofamilia.com\/zh_hk\/la-salud-mental-en-la-mira\/#breadcrumb\",\"itemListElement\":[{\"@type\":\"ListItem\",\"position\":1,\"name\":\"Home\",\"item\":\"http:\/\/universofamilia.com\/zh_hk\/\"},{\"@type\":\"ListItem\",\"position\":2,\"name\":\"La salud mental en la mira: el nuevo desaf\u00edo global del siglo XXI\"}]},{\"@type\":\"WebSite\",\"@id\":\"http:\/\/universofamilia.com\/zh_hk\/#website\",\"url\":\"http:\/\/universofamilia.com\/zh_hk\/\",\"name\":\"Universo Fam\u00edlia\",\"description\":\"\",\"potentialAction\":[{\"@type\":\"SearchAction\",\"target\":{\"@type\":\"EntryPoint\",\"urlTemplate\":\"http:\/\/universofamilia.com\/zh_hk\/?s={search_term_string}\"},\"query-input\":\"required name=search_term_string\"}],\"inLanguage\":\"hr\"},{\"@type\":\"Person\",\"@id\":\"http:\/\/universofamilia.com\/zh_hk\/#\/schema\/person\/92fcd07e9b1f4323bf74f3170fc0f78a\",\"name\":\"Matheus Sangaletti\",\"image\":{\"@type\":\"ImageObject\",\"inLanguage\":\"hr\",\"@id\":\"http:\/\/universofamilia.com\/zh_hk\/#\/schema\/person\/image\/\",\"url\":\"https:\/\/secure.gravatar.com\/avatar\/280ea957a14a48e6a1ad2133d2cc27c9?s=96&d=mm&r=g\",\"contentUrl\":\"https:\/\/secure.gravatar.com\/avatar\/280ea957a14a48e6a1ad2133d2cc27c9?s=96&d=mm&r=g\",\"caption\":\"Matheus Sangaletti\"},\"url\":\"https:\/\/universofamilia.com\/hr\/author\/matheuss\/\"}]}<\/script>\n<!-- \/ Yoast SEO plugin. -->","yoast_head_json":{"title":"La salud mental en la mira: el nuevo desaf\u00edo global del siglo XXI - Universo Fam\u00edlia","description":"La salud mental en la mira: el nuevo desaf\u00edo global del siglo XXI. ya no es una consigna alarmista ni un tema exclusivo del \u00e1mbito m\u00e9dico.","robots":{"index":"index","follow":"follow","max-snippet":"max-snippet:-1","max-image-preview":"max-image-preview:large","max-video-preview":"max-video-preview:-1"},"canonical":"https:\/\/universofamilia.com\/hr\/la-salud-mental-en-la-mira\/","og_locale":"hr_HR","og_type":"article","og_title":"La salud mental en la mira: el nuevo desaf\u00edo global del siglo XXI - Universo Fam\u00edlia","og_description":"La salud mental en la mira: el nuevo desaf\u00edo global del siglo XXI. ya no es una consigna alarmista ni un tema exclusivo del \u00e1mbito m\u00e9dico.","og_url":"https:\/\/universofamilia.com\/hr\/la-salud-mental-en-la-mira\/","og_site_name":"Universo Fam\u00edlia","article_published_time":"2025-12-29T12:09:19+00:00","article_modified_time":"2025-12-29T12:11:25+00:00","og_image":[{"width":450,"height":250,"url":"https:\/\/universofamilia.com\/wp-content\/uploads\/sites\/148\/2025\/12\/Destaque-Novo-Universo-20.jpg","type":"image\/jpeg"}],"author":"Matheus Sangaletti","twitter_card":"summary_large_image","twitter_misc":{"Written by":"Matheus Sangaletti","Est. reading time":"1 minuta"},"schema":{"@context":"https:\/\/schema.org","@graph":[{"@type":"WebPage","@id":"https:\/\/universofamilia.com\/zh_hk\/la-salud-mental-en-la-mira\/","url":"https:\/\/universofamilia.com\/zh_hk\/la-salud-mental-en-la-mira\/","name":"La salud mental en la mira: el nuevo desaf\u00edo global del siglo XXI - Universo Fam\u00edlia","isPartOf":{"@id":"http:\/\/universofamilia.com\/zh_hk\/#website"},"primaryImageOfPage":{"@id":"https:\/\/universofamilia.com\/zh_hk\/la-salud-mental-en-la-mira\/#primaryimage"},"image":{"@id":"https:\/\/universofamilia.com\/zh_hk\/la-salud-mental-en-la-mira\/#primaryimage"},"thumbnailUrl":"https:\/\/universofamilia.com\/wp-content\/uploads\/sites\/148\/2025\/12\/Destaque-Novo-Universo-20.jpg","datePublished":"2025-12-29T12:09:19+00:00","dateModified":"2025-12-29T12:11:25+00:00","author":{"@id":"http:\/\/universofamilia.com\/zh_hk\/#\/schema\/person\/92fcd07e9b1f4323bf74f3170fc0f78a"},"description":"La salud mental en la mira: el nuevo desaf\u00edo global del siglo XXI. ya no es una consigna alarmista ni un tema exclusivo del \u00e1mbito m\u00e9dico.","breadcrumb":{"@id":"https:\/\/universofamilia.com\/zh_hk\/la-salud-mental-en-la-mira\/#breadcrumb"},"inLanguage":"hr","potentialAction":[{"@type":"ReadAction","target":["https:\/\/universofamilia.com\/zh_hk\/la-salud-mental-en-la-mira\/"]}]},{"@type":"ImageObject","inLanguage":"hr","@id":"https:\/\/universofamilia.com\/zh_hk\/la-salud-mental-en-la-mira\/#primaryimage","url":"https:\/\/universofamilia.com\/wp-content\/uploads\/sites\/148\/2025\/12\/Destaque-Novo-Universo-20.jpg","contentUrl":"https:\/\/universofamilia.com\/wp-content\/uploads\/sites\/148\/2025\/12\/Destaque-Novo-Universo-20.jpg","width":450,"height":250,"caption":"La salud mental en la mira: el nuevo desaf\u00edo global del siglo XXI."},{"@type":"BreadcrumbList","@id":"https:\/\/universofamilia.com\/zh_hk\/la-salud-mental-en-la-mira\/#breadcrumb","itemListElement":[{"@type":"ListItem","position":1,"name":"Home","item":"http:\/\/universofamilia.com\/zh_hk\/"},{"@type":"ListItem","position":2,"name":"La salud mental en la mira: el nuevo desaf\u00edo global del siglo XXI"}]},{"@type":"WebSite","@id":"http:\/\/universofamilia.com\/zh_hk\/#website","url":"http:\/\/universofamilia.com\/zh_hk\/","name":"Universo Fam\u00edlia","description":"","potentialAction":[{"@type":"SearchAction","target":{"@type":"EntryPoint","urlTemplate":"http:\/\/universofamilia.com\/zh_hk\/?s={search_term_string}"},"query-input":"required name=search_term_string"}],"inLanguage":"hr"},{"@type":"Person","@id":"http:\/\/universofamilia.com\/zh_hk\/#\/schema\/person\/92fcd07e9b1f4323bf74f3170fc0f78a","name":"Matheus Sangaletti","image":{"@type":"ImageObject","inLanguage":"hr","@id":"http:\/\/universofamilia.com\/zh_hk\/#\/schema\/person\/image\/","url":"https:\/\/secure.gravatar.com\/avatar\/280ea957a14a48e6a1ad2133d2cc27c9?s=96&d=mm&r=g","contentUrl":"https:\/\/secure.gravatar.com\/avatar\/280ea957a14a48e6a1ad2133d2cc27c9?s=96&d=mm&r=g","caption":"Matheus Sangaletti"},"url":"https:\/\/universofamilia.com\/hr\/author\/matheuss\/"}]}},"_links":{"self":[{"href":"https:\/\/universofamilia.com\/hr\/wp-json\/wp\/v2\/posts\/10479"}],"collection":[{"href":"https:\/\/universofamilia.com\/hr\/wp-json\/wp\/v2\/posts"}],"about":[{"href":"https:\/\/universofamilia.com\/hr\/wp-json\/wp\/v2\/types\/post"}],"author":[{"embeddable":true,"href":"https:\/\/universofamilia.com\/hr\/wp-json\/wp\/v2\/users\/219"}],"replies":[{"embeddable":true,"href":"https:\/\/universofamilia.com\/hr\/wp-json\/wp\/v2\/comments?post=10479"}],"version-history":[{"count":2,"href":"https:\/\/universofamilia.com\/hr\/wp-json\/wp\/v2\/posts\/10479\/revisions"}],"predecessor-version":[{"id":10484,"href":"https:\/\/universofamilia.com\/hr\/wp-json\/wp\/v2\/posts\/10479\/revisions\/10484"}],"wp:featuredmedia":[{"embeddable":true,"href":"https:\/\/universofamilia.com\/hr\/wp-json\/wp\/v2\/media\/10480"}],"wp:attachment":[{"href":"https:\/\/universofamilia.com\/hr\/wp-json\/wp\/v2\/media?parent=10479"}],"wp:term":[{"taxonomy":"category","embeddable":true,"href":"https:\/\/universofamilia.com\/hr\/wp-json\/wp\/v2\/categories?post=10479"},{"taxonomy":"post_tag","embeddable":true,"href":"https:\/\/universofamilia.com\/hr\/wp-json\/wp\/v2\/tags?post=10479"}],"curies":[{"name":"wp","href":"https:\/\/api.w.org\/{rel}","templated":true}]}}