{"id":2109,"date":"2023-05-31T16:30:11","date_gmt":"2023-05-31T19:30:11","guid":{"rendered":"https:\/\/universofamilia.com\/?p=2109"},"modified":"2023-05-31T16:30:11","modified_gmt":"2023-05-31T19:30:11","slug":"por-que-os-bebes-se-assustam-tanto","status":"publish","type":"post","link":"https:\/\/universofamilia.com\/hr\/por-que-os-bebes-se-assustam-tanto\/","title":{"rendered":"Za\u0161to se bebe toliko boje?"},"content":{"rendered":"<p>Za\u0161to se bebe toliko boje, shvatite ovaj emocionalni i bihevioralni fenomen.<\/p>\n\n\n\n<p>Bebe su poznate po svojoj znati\u017eeljnoj i ranjivoj prirodi. U prvim mjesecima \u017eivota uobi\u010dajeno je primijetiti da se djeca lako prepla\u0161e naizgled bezopasnih podra\u017eaja.<\/p>\n\n\n\n<p>Ova reakcija mo\u017ee zaintrigirati mnoge zemlje i njegovatelje, postavljaju\u0107i pitanje: za\u0161to se bebe toliko boje?<\/p>\n\n\n\n<p>U ovom \u0107emo \u010dlanku istra\u017eiti ovaj emocionalni i bihevioralni fenomen kod beba, nude\u0107i uvid u uzroke njihovog pona\u0161anja i daju\u0107i savjete kako bismo pomogli zemljama da se nose s tim situacijama.<\/p>\n\n\n\n<h3 class=\"wp-block-heading\">Vidi tako\u0111er:<\/h3>\n\n\n\n<p><a href=\"https:\/\/universofamilia.com\/hr\/como-aliviar-as-colicas-do-bebe\/\" target=\"_blank\" rel=\"noreferrer noopener\">Kako ubla\u017eiti kolike kod beba<\/a><\/p>\n\n\n\n<p><a href=\"https:\/\/universofamilia.com\/hr\/o-que-e-ser-mae\/\" target=\"_blank\" rel=\"noreferrer noopener\">\u0160to zna\u010di biti majka?<\/a><\/p>\n\n\n\n<p><a href=\"https:\/\/www.luzbaby.com.br\/\" target=\"_blank\" rel=\"noreferrer noopener\">Luz Baby je jedna od najboljih trgovina proizvodima za dojen\u010dad. Kliknite ovdje.<\/a><\/p>\n\n\n<div class=\"wp-block-image\">\n<figure class=\"aligncenter size-full\"><img loading=\"lazy\" decoding=\"async\" width=\"550\" height=\"350\" src=\"http:\/\/universofamilia.com\/wp-content\/uploads\/sites\/148\/2023\/05\/POST-SUSTO-BEBe-universo-familia-.png\" alt=\"\" class=\"wp-image-2110\" srcset=\"https:\/\/universofamilia.com\/wp-content\/uploads\/sites\/148\/2023\/05\/POST-SUSTO-BEBe-universo-familia-.png 550w, https:\/\/universofamilia.com\/wp-content\/uploads\/sites\/148\/2023\/05\/POST-SUSTO-BEBe-universo-familia--300x191.png 300w\" sizes=\"(max-width: 550px) 100vw, 550px\" \/><\/figure><\/div>\n\n\n<h4 class=\"wp-block-heading\">Senzorni razvoj u prvim mjesecima<\/h4>\n\n\n\n<p>Bebe prolaze kroz brzi senzorni razvoj u prvim mjesecima \u017eivota. Njihova osjetila sluha, vida i tetova\u017ee neprestano se razvijaju, \u0161to zna\u010di da upijaju potpuno novi svijet.<\/p>\n\n\n\n<p>Kao rezultat toga, \u010dak i blagi i uobi\u010dajeni podra\u017eaji mogu se percipirati kao prijete\u0107i za bebu koja se jo\u0161 uvijek navikava na svoju okolinu.<\/p>\n\n\n\n<h4 class=\"wp-block-heading\">Nehoti\u010dni trzaj<\/h4>\n\n\n\n<p>Osim senzornog razvoja, bebe imaju i refleks koji se naziva &quot;refleks prepla\u0161enosti&quot; ili &quot;Moroov refleks&quot;. Ovaj odraz je nevoljna reakcija na iznenadni podra\u017eaj, poput glasne buke ili nagle promjene u okolini.<\/p>\n\n\n\n<p>Kad bebu ne\u0161to takvo iznenadi, mo\u017ee ispru\u017eiti ruke, otvoriti ruke i izviti ruke. Taj se odraz mo\u017ee pogre\u0161no protuma\u010diti kao strah ili strah, ali u istini je to automatski odgovor nezrelog \u017eiv\u010danog sustava bebe.<\/p>\n\n\n\n<h4 class=\"wp-block-heading\">Percepcija amea\u00e7a<\/h4>\n\n\n\n<p>Bebe neprestano u\u010de o svijetu oko sebe, a svjesnost je va\u017ean dio tog procesa.<\/p>\n\n\n\n<p>Budu\u0107i da nemaju sposobnost razlu\u010divanja \u0161to je stvarno opasno, a \u0161to nije, prirodno je da intenzivno reagiraju na svaki nepoznat ili neo\u010dekivani podra\u017eaj.<\/p>\n\n\n\n<p>Ova reakcija je oblik samoodr\u017eanja i mo\u017ee se smatrati evolucijskim odgovorom koji poma\u017ee u osiguravanju pre\u017eivljavanja.<\/p>\n\n\n\n<h4 class=\"wp-block-heading\">Utjecaj okoline<\/h4>\n\n\n\n<p>Okru\u017eenje u kojem beba raste tako\u0111er igra zna\u010dajnu ulogu u njezinoj sklonosti ka prestra\u0161enosti. Kaoti\u010dno okru\u017eenje, s vrlo glasnim zvukovima i stalnim podra\u017eajima, mo\u017ee uzrokovati da beba bude u stanju stalne budnosti i lak\u0161e se prestra\u0161i.<\/p>\n\n\n\n<p>S druge strane, mirno i sigurno okru\u017eenje, s dosljednim rutinama i osje\u0107ajem poznatosti, mo\u017ee pomo\u0107i bebi da se osje\u0107a smirenije i manje sklono prestra\u0161enim reakcijama.<\/p>\n\n\n\n<h4 class=\"wp-block-heading\">Savjeti za suo\u010davanje sa strahovima<\/h4>\n\n\n\n<p>Kako biste se lak\u0161e nosili s \u010destim strahovima koje bebe mogu iskusiti, evo nekoliko korisnih savjeta:<\/p>\n\n\n\n<p><strong>Ostani miran\/mirna<\/strong>: Kada se beba upla\u0161i, va\u017eno je da va\u0161a okolina ostane mirna. Bebe mogu osjetiti i apsorbirati tjeskobu dvaju skrbnika ili to mo\u017ee pove\u0107ati njihovu vlastitu uznemirenost.<\/p>\n\n\n\n<p>Odr\u017eavanjem mira, zemlja prenosi osje\u0107aj sigurnosti i spokoja na bebu.<\/p>\n\n\n\n<p><strong>Fizi\u010dka udobnost<\/strong>Zagrljaji, nje\u017eni dodiri i fizi\u010dki kontakt mogu biti utje\u0161ni za bebu nakon straha. To poma\u017ee u uspostavljanju osje\u0107aja sigurnosti i za\u0161tite, smiruju\u0107i i smanjuju\u0107i va\u0161u emocionalnu nelagodu.<\/p>\n\n\n\n<p><strong>Izrazite sigurnu atmosferu<\/strong>: Pobrinite se da je okru\u017eenje u kojem beba provodi ve\u0107inu vremena sigurno i bez pretjeranih podra\u017eaja. Smanjite buku, izbjegavajte jaka svjetla i stvorite mirnu i umiruju\u0107u atmosferu.<\/p>\n\n\n\n<p>To \u0107e pomo\u0107i bebi da se osje\u0107a sigurnije i manje sklona strahovima.<\/p>\n\n\n\n<p><strong>Postupno uvodite nove podra\u017eaje<\/strong>Kako se va\u0161a beba razvija, va\u017eno je postupno je izlagati novim podra\u017eajima i situacijama. Uvodite zvukove, svjetla i teksture na nje\u017ean i kontroliran na\u010din, dopu\u0161taju\u0107i bebi da se polako navikne na njih.<\/p>\n\n\n\n<p>To \u0107e pomo\u0107i u smanjenju utjecaja novih podra\u017eaja i potaknuti smireniju prilagodbu.<\/p>\n\n\n\n<p><strong>Uspostavite rutine i predvidljivost<\/strong>Bebe se osje\u0107aju sigurnije kada imaju dosljednu i predvidljivu rutinu. To im daje osje\u0107aj kontrole i stabilnosti u va\u0161em okru\u017eenju.<\/p>\n\n\n\n<p>Odr\u017eavajte redovito vrijeme za hranjenje, spavanje i aktivnosti kako bi beba znala \u0161to mo\u017ee o\u010dekivati, \u010dime se smanjuje vjerojatnost straha.<\/p>\n\n\n\n<h4 class=\"wp-block-heading\">Zaklju\u010dak<\/h4>\n\n\n\n<p>\u010cesti strahovi koje bebe do\u017eivljavaju normalan su dio njihovog razvoja. Va\u0161a osjetila u razvoju, nevoljni refleksi i percepcija ljubavi doprinose ovoj reakciji.<\/p>\n\n\n\n<p>Va\u017eno je zapamtiti da bebe ovise o dvjema dr\u017eavama i skrbnicima kako bi se osje\u0107ale sigurno i za\u0161ti\u0107eno.<\/p>\n\n\n\n<p>Razumijevanjem razloga za\u0161to su bebe upla\u0161ene i primjenom tehnika za rje\u0161avanje tih situacija, mo\u017eemo pomo\u0107i svojoj djeci da se osje\u0107aju smirenije i sigurnije u svom okru\u017eenju.<\/p>\n\n\n\n<p>Odr\u017eavanjem smirenosti, pru\u017eanjem fizi\u010dke udobnosti, stvaranjem sigurnog okru\u017eenja, postupnim uvo\u0111enjem novih podra\u017eaja i uspostavljanjem planiranih rutina, mogu\u0107e je pomo\u0107i bebama da se bolje nose sa svojim strahovima i potaknuti zdrav i emocionalno uravnote\u017een razvoj.<\/p>\n\n\n\n<p>Znajte da je svaka beba jedinstvena i da mo\u017ee druga\u010dije reagirati na podra\u017eaje. Promatranje i razumijevanje individualnih potreba va\u0161e bebe klju\u010dno je za pru\u017eanje potrebne podr\u0161ke tijekom ovih stra\u0161nih trenutaka.<\/p>\n\n\n\n<h4 class=\"wp-block-heading\">Izvori za istra\u017eivanje<\/h4>\n\n\n\n<p>Evo nekoliko predlo\u017eenih fontova koje mo\u017eete koristiti za svoje istra\u017eivanje:<\/p>\n\n\n\n<p><strong>Znanstveni \u010dlanci<\/strong>Pristupite akademskim bazama podataka, kao \u0161to su PubMed i Google Scholar, kako biste prona\u0161li znanstvene studije vezane uz emocionalni i senzorni razvoj beba.<\/p>\n\n\n\n<p><strong>Specijalizirane knjige<\/strong>Potra\u017eite knjige koje su napisali stru\u010dnjaci za dje\u010dji razvoj, psihologiju ili pedijatriju. Neki primjeri relevantnih naslova uklju\u010duju \u201eZnanost roditeljstva\u201c Margot Sunderland i \u201e\u010cudesni tjedni\u201c Hetty van de Rijt i Fransa Plooija.<\/p>\n\n\n\n<p><strong>Organizacije za preimenovanje<\/strong>Posjetite web-stranice rekonstituiranih organizacija u podru\u010dju dje\u010djeg zdravlja, kao \u0161to su Ameri\u010dka akademija za pedijatriju (AAP) i Svjetska zdravstvena organizacija (WHO). Ove institucije obi\u010dno objavljuju a\u017eurirane smjernice i informacije o razvoju i njezi beba.<\/p>\n\n\n\n<p>Blogovi i pouzdane stranice: Postoje mnogi blogovi i stranice posve\u0107eni pru\u017eanju pouzdanih informacija o razvoju djeteta. Neki primjeri uklju\u010duju Verywell Family, HealthyChildren.org i BabyCenter.<\/p>\n\n\n\n<p>Potvrda - uvijek provjerite vjerodostojnost izvora koje koristite, tra\u017ee\u0107i informacije od kvalificiranih stru\u010dnjaka sa znanstvenom podlogom. Tako\u0111er, prilikom citiranja ili kori\u0161tenja informacija iz drugih izvora, va\u017eno je navesti odgovaraju\u0107e reference kako biste izbjegli plagijat i odali priznanje izvornim autorima.<\/p>","protected":false},"excerpt":{"rendered":"<p>Za\u0161to se bebe toliko boje, shvatite ovaj emocionalni i bihevioralni fenomen.<br \/>\nBebe su poznate po svojoj znati\u017eeljnoj i ranjivoj prirodi. U prvim mjesecima \u017eivota uobi\u010dajeno je primijetiti da se djeca lako prepla\u0161e naizgled bezopasnih podra\u017eaja.<br \/>\nOva reakcija mo\u017ee zaintrigirati mnoge zemlje i njegovatelje, postavljaju\u0107i pitanje: za\u0161to se bebe toliko boje?<br \/>\nU ovom \u0107emo \u010dlanku istra\u017eiti ovaj emocionalni i bihevioralni fenomen kod beba, nude\u0107i uvid u uzroke njihovog pona\u0161anja i daju\u0107i savjete kako bismo pomogli zemljama da se nose s tim situacijama.<\/p>","protected":false},"author":0,"featured_media":2111,"comment_status":"closed","ping_status":"open","sticky":false,"template":"","format":"standard","meta":{"footnotes":""},"categories":[5],"tags":[417,509,1397],"yoast_head":"<!-- This site is optimized with the Yoast SEO plugin v23.3 - https:\/\/yoast.com\/wordpress\/plugins\/seo\/ -->\n<title>Por que os beb\u00eas se assustam tanto - Universo Fam\u00edlia<\/title>\n<meta name=\"description\" content=\"Por que os beb\u00eas se assustam tanto, entenda esse fen\u00f4meno emocional e comportamental.\" \/>\n<meta name=\"robots\" content=\"index, follow, max-snippet:-1, max-image-preview:large, max-video-preview:-1\" \/>\n<link rel=\"canonical\" href=\"https:\/\/universofamilia.com\/hr\/por-que-os-bebes-se-assustam-tanto\/\" \/>\n<meta property=\"og:locale\" content=\"hr_HR\" \/>\n<meta property=\"og:type\" content=\"article\" \/>\n<meta property=\"og:title\" content=\"Por que os beb\u00eas se assustam tanto - Universo Fam\u00edlia\" \/>\n<meta property=\"og:description\" content=\"Por que os beb\u00eas se assustam tanto, entenda esse fen\u00f4meno emocional e comportamental.\" \/>\n<meta property=\"og:url\" content=\"https:\/\/universofamilia.com\/hr\/por-que-os-bebes-se-assustam-tanto\/\" \/>\n<meta property=\"og:site_name\" content=\"Universo Fam\u00edlia\" \/>\n<meta property=\"article:published_time\" content=\"2023-05-31T19:30:11+00:00\" \/>\n<meta property=\"og:image\" content=\"https:\/\/universofamilia.com\/wp-content\/uploads\/sites\/148\/2023\/05\/FOTO-DESTAQUE-SUSTO-BEBE-universo-familia-448x350-.png\" \/>\n\t<meta property=\"og:image:width\" content=\"448\" \/>\n\t<meta property=\"og:image:height\" content=\"350\" \/>\n\t<meta property=\"og:image:type\" content=\"image\/png\" \/>\n<meta name=\"twitter:card\" content=\"summary_large_image\" \/>\n<meta name=\"twitter:label1\" content=\"Est. reading time\" \/>\n\t<meta name=\"twitter:data1\" content=\"6 minuta\" \/>\n<script type=\"application\/ld+json\" class=\"yoast-schema-graph\">{\"@context\":\"https:\/\/schema.org\",\"@graph\":[{\"@type\":\"WebPage\",\"@id\":\"https:\/\/universofamilia.com\/ja\/por-que-os-bebes-se-assustam-tanto\/\",\"url\":\"https:\/\/universofamilia.com\/ja\/por-que-os-bebes-se-assustam-tanto\/\",\"name\":\"Por que os beb\u00eas se assustam tanto - Universo Fam\u00edlia\",\"isPartOf\":{\"@id\":\"https:\/\/universofamilia.com\/el\/#website\"},\"primaryImageOfPage\":{\"@id\":\"https:\/\/universofamilia.com\/ja\/por-que-os-bebes-se-assustam-tanto\/#primaryimage\"},\"image\":{\"@id\":\"https:\/\/universofamilia.com\/ja\/por-que-os-bebes-se-assustam-tanto\/#primaryimage\"},\"thumbnailUrl\":\"https:\/\/universofamilia.com\/wp-content\/uploads\/sites\/148\/2023\/05\/FOTO-DESTAQUE-SUSTO-BEBE-universo-familia-448x350-.png\",\"datePublished\":\"2023-05-31T19:30:11+00:00\",\"dateModified\":\"2023-05-31T19:30:11+00:00\",\"author\":{\"@id\":\"\"},\"description\":\"Por que os beb\u00eas se assustam tanto, entenda esse fen\u00f4meno emocional e comportamental.\",\"breadcrumb\":{\"@id\":\"https:\/\/universofamilia.com\/ja\/por-que-os-bebes-se-assustam-tanto\/#breadcrumb\"},\"inLanguage\":\"hr\",\"potentialAction\":[{\"@type\":\"ReadAction\",\"target\":[\"https:\/\/universofamilia.com\/ja\/por-que-os-bebes-se-assustam-tanto\/\"]}]},{\"@type\":\"ImageObject\",\"inLanguage\":\"hr\",\"@id\":\"https:\/\/universofamilia.com\/ja\/por-que-os-bebes-se-assustam-tanto\/#primaryimage\",\"url\":\"https:\/\/universofamilia.com\/wp-content\/uploads\/sites\/148\/2023\/05\/FOTO-DESTAQUE-SUSTO-BEBE-universo-familia-448x350-.png\",\"contentUrl\":\"https:\/\/universofamilia.com\/wp-content\/uploads\/sites\/148\/2023\/05\/FOTO-DESTAQUE-SUSTO-BEBE-universo-familia-448x350-.png\",\"width\":448,\"height\":350},{\"@type\":\"BreadcrumbList\",\"@id\":\"https:\/\/universofamilia.com\/ja\/por-que-os-bebes-se-assustam-tanto\/#breadcrumb\",\"itemListElement\":[{\"@type\":\"ListItem\",\"position\":1,\"name\":\"Home\",\"item\":\"https:\/\/universofamilia.com\/el\/\"},{\"@type\":\"ListItem\",\"position\":2,\"name\":\"Por que os beb\u00eas se assustam tanto\"}]},{\"@type\":\"WebSite\",\"@id\":\"https:\/\/universofamilia.com\/el\/#website\",\"url\":\"https:\/\/universofamilia.com\/el\/\",\"name\":\"Universo Fam\u00edlia\",\"description\":\"\",\"potentialAction\":[{\"@type\":\"SearchAction\",\"target\":{\"@type\":\"EntryPoint\",\"urlTemplate\":\"https:\/\/universofamilia.com\/el\/?s={search_term_string}\"},\"query-input\":\"required name=search_term_string\"}],\"inLanguage\":\"hr\"}]}<\/script>\n<!-- \/ Yoast SEO plugin. -->","yoast_head_json":{"title":"Por que os beb\u00eas se assustam tanto - Universo Fam\u00edlia","description":"Por que os beb\u00eas se assustam tanto, entenda esse fen\u00f4meno emocional e comportamental.","robots":{"index":"index","follow":"follow","max-snippet":"max-snippet:-1","max-image-preview":"max-image-preview:large","max-video-preview":"max-video-preview:-1"},"canonical":"https:\/\/universofamilia.com\/hr\/por-que-os-bebes-se-assustam-tanto\/","og_locale":"hr_HR","og_type":"article","og_title":"Por que os beb\u00eas se assustam tanto - Universo Fam\u00edlia","og_description":"Por que os beb\u00eas se assustam tanto, entenda esse fen\u00f4meno emocional e comportamental.","og_url":"https:\/\/universofamilia.com\/hr\/por-que-os-bebes-se-assustam-tanto\/","og_site_name":"Universo Fam\u00edlia","article_published_time":"2023-05-31T19:30:11+00:00","og_image":[{"width":448,"height":350,"url":"https:\/\/universofamilia.com\/wp-content\/uploads\/sites\/148\/2023\/05\/FOTO-DESTAQUE-SUSTO-BEBE-universo-familia-448x350-.png","type":"image\/png"}],"twitter_card":"summary_large_image","twitter_misc":{"Est. reading time":"6 minuta"},"schema":{"@context":"https:\/\/schema.org","@graph":[{"@type":"WebPage","@id":"https:\/\/universofamilia.com\/ja\/por-que-os-bebes-se-assustam-tanto\/","url":"https:\/\/universofamilia.com\/ja\/por-que-os-bebes-se-assustam-tanto\/","name":"Por que os beb\u00eas se assustam tanto - Universo Fam\u00edlia","isPartOf":{"@id":"https:\/\/universofamilia.com\/el\/#website"},"primaryImageOfPage":{"@id":"https:\/\/universofamilia.com\/ja\/por-que-os-bebes-se-assustam-tanto\/#primaryimage"},"image":{"@id":"https:\/\/universofamilia.com\/ja\/por-que-os-bebes-se-assustam-tanto\/#primaryimage"},"thumbnailUrl":"https:\/\/universofamilia.com\/wp-content\/uploads\/sites\/148\/2023\/05\/FOTO-DESTAQUE-SUSTO-BEBE-universo-familia-448x350-.png","datePublished":"2023-05-31T19:30:11+00:00","dateModified":"2023-05-31T19:30:11+00:00","author":{"@id":""},"description":"Por que os beb\u00eas se assustam tanto, entenda esse fen\u00f4meno emocional e comportamental.","breadcrumb":{"@id":"https:\/\/universofamilia.com\/ja\/por-que-os-bebes-se-assustam-tanto\/#breadcrumb"},"inLanguage":"hr","potentialAction":[{"@type":"ReadAction","target":["https:\/\/universofamilia.com\/ja\/por-que-os-bebes-se-assustam-tanto\/"]}]},{"@type":"ImageObject","inLanguage":"hr","@id":"https:\/\/universofamilia.com\/ja\/por-que-os-bebes-se-assustam-tanto\/#primaryimage","url":"https:\/\/universofamilia.com\/wp-content\/uploads\/sites\/148\/2023\/05\/FOTO-DESTAQUE-SUSTO-BEBE-universo-familia-448x350-.png","contentUrl":"https:\/\/universofamilia.com\/wp-content\/uploads\/sites\/148\/2023\/05\/FOTO-DESTAQUE-SUSTO-BEBE-universo-familia-448x350-.png","width":448,"height":350},{"@type":"BreadcrumbList","@id":"https:\/\/universofamilia.com\/ja\/por-que-os-bebes-se-assustam-tanto\/#breadcrumb","itemListElement":[{"@type":"ListItem","position":1,"name":"Home","item":"https:\/\/universofamilia.com\/el\/"},{"@type":"ListItem","position":2,"name":"Por que os beb\u00eas se assustam tanto"}]},{"@type":"WebSite","@id":"https:\/\/universofamilia.com\/el\/#website","url":"https:\/\/universofamilia.com\/el\/","name":"Universo Fam\u00edlia","description":"","potentialAction":[{"@type":"SearchAction","target":{"@type":"EntryPoint","urlTemplate":"https:\/\/universofamilia.com\/el\/?s={search_term_string}"},"query-input":"required name=search_term_string"}],"inLanguage":"hr"}]}},"_links":{"self":[{"href":"https:\/\/universofamilia.com\/hr\/wp-json\/wp\/v2\/posts\/2109"}],"collection":[{"href":"https:\/\/universofamilia.com\/hr\/wp-json\/wp\/v2\/posts"}],"about":[{"href":"https:\/\/universofamilia.com\/hr\/wp-json\/wp\/v2\/types\/post"}],"replies":[{"embeddable":true,"href":"https:\/\/universofamilia.com\/hr\/wp-json\/wp\/v2\/comments?post=2109"}],"version-history":[{"count":0,"href":"https:\/\/universofamilia.com\/hr\/wp-json\/wp\/v2\/posts\/2109\/revisions"}],"wp:featuredmedia":[{"embeddable":true,"href":"https:\/\/universofamilia.com\/hr\/wp-json\/wp\/v2\/media\/2111"}],"wp:attachment":[{"href":"https:\/\/universofamilia.com\/hr\/wp-json\/wp\/v2\/media?parent=2109"}],"wp:term":[{"taxonomy":"category","embeddable":true,"href":"https:\/\/universofamilia.com\/hr\/wp-json\/wp\/v2\/categories?post=2109"},{"taxonomy":"post_tag","embeddable":true,"href":"https:\/\/universofamilia.com\/hr\/wp-json\/wp\/v2\/tags?post=2109"}],"curies":[{"name":"wp","href":"https:\/\/api.w.org\/{rel}","templated":true}]}}