{"id":2207,"date":"2023-06-02T23:02:38","date_gmt":"2023-06-03T02:02:38","guid":{"rendered":"https:\/\/universofamilia.com\/?p=2207"},"modified":"2023-06-02T23:02:38","modified_gmt":"2023-06-03T02:02:38","slug":"dificuldade-de-audicao-em-criancas","status":"publish","type":"post","link":"https:\/\/universofamilia.com\/hr\/dificuldade-de-audicao-em-criancas\/","title":{"rendered":"Pote\u0161ko\u0107e sa sluhom kod djece: simptomi, njega i dijagnoza"},"content":{"rendered":"<p>Pote\u0161ko\u0107e sa sluhom kod djece: simptomi, njega i dijagnoza. Sluh igra klju\u010dnu ulogu u razvoju u\u010denja u djetinjstvu.<\/p>\n\n\n\n<p>Na\u017ealost, neka djeca imaju pote\u0161ko\u0107a sa sluhom, \u0161to mo\u017ee negativno utjecati na njihovu kvalitetu \u017eivota i akademski uspjeh.<\/p>\n\n\n\n<p>U ovom \u010dlanku raspravljat \u0107emo o simptomima pote\u0161ko\u0107a sa sluhom kod djece, potrebnoj njezi i na\u010dinu postavljanja odgovaraju\u0107e dijagnoze.<\/p>\n\n\n\n<h3 class=\"wp-block-heading\">Vidi tako\u0111er:<\/h3>\n\n\n\n<p><a href=\"https:\/\/universofamilia.com\/hr\/como-aliviar-as-colicas-do-bebe\/\" target=\"_blank\" rel=\"noreferrer noopener\">Kako ubla\u017eiti kolike kod beba<\/a><\/p>\n\n\n\n<p><a href=\"https:\/\/universofamilia.com\/hr\/por-que-os-bebes-se-assustam-tanto\/\" target=\"_blank\" rel=\"noreferrer noopener\">Za\u0161to se bebe toliko boje?<\/a><\/p>\n\n\n\n<p><a href=\"https:\/\/www.luzbaby.com.br\/\" target=\"_blank\" rel=\"noreferrer noopener\">Luz Baby je jedna od najboljih trgovina proizvodima za dojen\u010dad. Kliknite ovdje.<\/a><\/p>\n\n\n\n<h4 class=\"wp-block-heading\">Simptomi pote\u0161ko\u0107a sa sluhom kod djece<\/h4>\n\n\n<div class=\"wp-block-image\">\n<figure class=\"aligncenter size-full\"><img loading=\"lazy\" decoding=\"async\" width=\"550\" height=\"350\" src=\"http:\/\/universofamilia.com\/wp-content\/uploads\/sites\/148\/2023\/06\/POST-DIFICULDADE-DE-OUVIR-universo-familia-2.png\" alt=\"\" class=\"wp-image-2208\" srcset=\"https:\/\/universofamilia.com\/wp-content\/uploads\/sites\/148\/2023\/06\/POST-DIFICULDADE-DE-OUVIR-universo-familia-2.png 550w, https:\/\/universofamilia.com\/wp-content\/uploads\/sites\/148\/2023\/06\/POST-DIFICULDADE-DE-OUVIR-universo-familia-2-300x191.png 300w\" sizes=\"(max-width: 550px) 100vw, 550px\" \/><\/figure><\/div>\n\n\n<p>Prepoznavanje pote\u0161ko\u0107a sa sluhom kod djece mo\u017ee biti izazov, jer simptomi mogu varirati ovisno o te\u017eini problema. Evo nekih uobi\u010dajenih simptoma koje treba uzeti u obzir:<\/p>\n\n\n\n<p><strong>Odgo\u0111eni govor<\/strong>Djeca s te\u0161ko\u0107ama sluha \u010desto do\u017eivljavaju zna\u010dajna ka\u0161njenja u usvajanju jezika i nerazvoj jezika.<\/p>\n\n\n\n<p><strong>Te\u0161ko\u0107e u slije\u0111enju uputa<\/strong>Ako dijete ne reagira adekvatno na jednostavne verbalne naredbe ili ima pote\u0161ko\u0107a s razumijevanjem i pra\u0107enjem uputa, to mo\u017ee ukazivati na problem sa sluhom.<\/p>\n\n\n\n<p><strong>Pretjerano glasan zvuk televizora ili radija<\/strong>Ako dijete uvijek preferira poja\u010dati glasno\u0107u televizora ili radija na neugodno visoku razinu, to bi mogao biti znak da te\u0161ko \u010duje.<\/p>\n\n\n\n<p><strong>Problemi s koncentracijom<\/strong>Djeca s o\u0161te\u0107enjem sluha mogu imati pote\u0161ko\u0107a s koncentracijom u u\u010dionici ili u bu\u010dnom okru\u017eenju zbog senzornog preoptere\u0107enja.<\/p>\n\n\n\n<p><strong>Ka\u0161njenja u neuspjehu i nerazvoj jezika<\/strong>Osim zaka\u0161njelog govora, djeca mogu imati pote\u0161ko\u0107a s pravilnim izgovaranjem rije\u010di ili s pravilnim razumijevanjem i kori\u0161tenjem jezika.<\/p>\n\n\n<div class=\"wp-block-image\">\n<figure class=\"aligncenter size-full\"><img loading=\"lazy\" decoding=\"async\" width=\"550\" height=\"350\" src=\"http:\/\/universofamilia.com\/wp-content\/uploads\/sites\/148\/2023\/06\/POST-DIFICULDADE-DE-OUVIR-universo-familia-1.png\" alt=\"\" class=\"wp-image-2209\" srcset=\"https:\/\/universofamilia.com\/wp-content\/uploads\/sites\/148\/2023\/06\/POST-DIFICULDADE-DE-OUVIR-universo-familia-1.png 550w, https:\/\/universofamilia.com\/wp-content\/uploads\/sites\/148\/2023\/06\/POST-DIFICULDADE-DE-OUVIR-universo-familia-1-300x191.png 300w\" sizes=\"(max-width: 550px) 100vw, 550px\" \/><\/figure><\/div>\n\n\n<h4 class=\"wp-block-heading\">Briga za djecu s o\u0161te\u0107enjem sluha<\/h4>\n\n\n\n<p>Ako sumnjate da va\u0161e dijete ima pote\u0161ko\u0107a sa sluhom, va\u017eno je potra\u017eiti odgovaraju\u0107u skrb ili \u0161to je vi\u0161e mogu\u0107e. Ukratko, evo nekoliko va\u017enih mjera koje treba poduzeti:<\/p>\n\n\n\n<p><strong>Posavjetujte se sa stru\u010dnjakom<\/strong>Zaka\u017eite konzultacije s otorinolaringologom ili logopedom specijaliziranim za dje\u010dji sluh. Oni mogu provoditi testove i preglede kako bi potvrdili sluh djece i utvrdili stupanj te\u0161ko\u0107e.<\/p>\n\n\n\n<p><strong>Povoljno okru\u017eenje<\/strong>Stvorite povoljno okru\u017eenje kod ku\u0107e i u \u0161koli za djecu s o\u0161te\u0107enjem sluha. Smanjite buku u pozadini, okrenite se prema naprijed dok govorite i koristite govor tijela kako biste si olak\u0161ali komunikaciju.<\/p>\n\n\n\n<p><strong>Obrazovna podr\u0161ka<\/strong>Djeca s te\u0161ko\u0107ama sluha mogu imati koristi od specijaliziranih obrazovnih intervencija, kao \u0161to su u\u010dionice podr\u0161ke ili logopedska terapija. Stoga ove intervencije mogu pomo\u0107i u razvoju komunikacijskih vje\u0161tina i smanjiti utjecaj nenau\u010denih te\u0161ko\u0107a sluha.<\/p>\n\n\n\n<p><strong>Emocionalna podr\u0161ka<\/strong>Lidar s o\u0161te\u0107enjima sluha mo\u017ee biti izazovan i za djecu i za obitelji. Ukratko, bitno je pru\u017eiti odgovaraju\u0107u emocionalnu podr\u0161ku. Kona\u010dno, pobrinite se da se djeca osje\u0107aju shva\u0107eno, ohrabreno i cijenjeno.<\/p>\n\n\n\n<p>Tako\u0111er, otvorena komunikacija o te\u0161ko\u0107ama sluha i tra\u017eenje resursa podr\u0161ke, poput grupa za podr\u0161ku ili obiteljske terapije, mo\u017ee biti vrlo korisna.<\/p>\n\n\n\n<p><strong>Pomo\u0107ne tehnologije<\/strong>U mnogim slu\u010dajevima, kori\u0161tenje pomo\u0107nih tehnologija, poput slu\u0161nih aparata ili kohlearnih implantata, mo\u017ee zna\u010dajno pobolj\u0161ati sluh djece. Zatim se posavjetujte sa specijaliziranim stru\u010dnjakom kako biste utvrdili koja je opcija najprikladnija za slu\u010daj va\u0161eg djeteta.<\/p>\n\n\n\n<h4 class=\"wp-block-heading\">Dijagnoza pote\u0161ko\u0107a sa sluhom kod djece<\/h4>\n\n\n<div class=\"wp-block-image\">\n<figure class=\"aligncenter size-full\"><img loading=\"lazy\" decoding=\"async\" width=\"550\" height=\"350\" src=\"http:\/\/universofamilia.com\/wp-content\/uploads\/sites\/148\/2023\/06\/POST-DIFICULDADE-DE-OUVIR-universo-familia-.png\" alt=\"\" class=\"wp-image-2210\" srcset=\"https:\/\/universofamilia.com\/wp-content\/uploads\/sites\/148\/2023\/06\/POST-DIFICULDADE-DE-OUVIR-universo-familia-.png 550w, https:\/\/universofamilia.com\/wp-content\/uploads\/sites\/148\/2023\/06\/POST-DIFICULDADE-DE-OUVIR-universo-familia--300x191.png 300w\" sizes=\"(max-width: 550px) 100vw, 550px\" \/><\/figure><\/div>\n\n\n<p>Za to\u010dnu dijagnozu pote\u0161ko\u0107a sa sluhom kod djece potrebno je provesti razli\u010dite testove i preglede. Evo nekih od naj\u010de\u0161\u0107ih dijagnosti\u010dkih tehnika:<\/p>\n\n\n\n<p><strong>Trija\u017eni testovi sluha<\/strong>Ovi brzi, neinvazivni testovi koriste se samo za identifikaciju mogu\u0107ih problema sa sluhom kod novoro\u0111en\u010dadi i male djece. Op\u0107enito uklju\u010duju prezentaciju zvukova i promatranje slu\u0161nih reakcija.<\/p>\n\n\n\n<p><strong>Audiometrija<\/strong>Audiometrija je test koji mjeri sluh i sposobnost razlikovanja razli\u010ditih zvukova. Provodi ga audiolog i mo\u017ee se prilagoditi djetetovoj osobnosti i sposobnostima.<\/p>\n\n\n\n<p><strong>Slu\u0161ni evocirani potencijali<\/strong>Ovi testovi bilje\u017ee elektri\u010dnu aktivnost mozga kao odgovor na zvu\u010dne podra\u017eaje. Poma\u017eu u procjeni integriteta slu\u0161nog sustava i identificiranju mogu\u0107ih disfunkcija.<\/p>\n\n\n\n<p><strong>Jezi\u010dna i razvojna podr\u0161ka<\/strong>Uz dva slu\u0161na testa, va\u017eno je provesti sveobuhvatnu procjenu jezi\u010dnog razvoja i komunikacijskih vje\u0161tina djeteta. To mo\u017ee uklju\u010divati standardizirane procjene, klini\u010dka promatranja i upitnike za pojedinu zemlju.<\/p>\n\n\n\n<h4 class=\"wp-block-heading\">Zaklju\u010dak<\/h4>\n\n\n\n<p>Pote\u0161ko\u0107e sa sluhom kod djece mogu imati zna\u010dajan utjecaj na njihov cjelokupni razvoj i akademski uspjeh. Bitno je obratiti pozornost na znakove pote\u0161ko\u0107a sa sluhom i potra\u017eiti odgovaraju\u0107u skrb ili \u0161to je vi\u0161e mogu\u0107e.<\/p>\n\n\n\n<p>Ukratko, savjetovanje sa specijaliziranim stru\u010dnjacima, stvaranje povoljnog okru\u017eenja, pru\u017eanje obrazovne i emocionalne podr\u0161ke, uz kori\u0161tenje pomo\u0107nih tehnologija, va\u017ene su mjere koje poma\u017eu djeci da prevladaju izazove povezane s te\u0161ko\u0107ama sluha.<\/p>\n\n\n\n<p>Pois, to\u010dna dijagnoza i rana intervencija mogu napraviti razliku u jezi\u010dnom razvoju, a ne da bude generalizirano kod djece, omogu\u0107uju\u0107i im da ostvare svoj puni potencijal.<\/p>\n\n\n<div class=\"wp-block-image\">\n<figure class=\"aligncenter size-full\"><img loading=\"lazy\" decoding=\"async\" width=\"550\" height=\"350\" src=\"http:\/\/universofamilia.com\/wp-content\/uploads\/sites\/148\/2023\/06\/POST-DIFICULDADE-DE-OUVIR-universo-familia-3.png\" alt=\"\" class=\"wp-image-2215\" srcset=\"https:\/\/universofamilia.com\/wp-content\/uploads\/sites\/148\/2023\/06\/POST-DIFICULDADE-DE-OUVIR-universo-familia-3.png 550w, https:\/\/universofamilia.com\/wp-content\/uploads\/sites\/148\/2023\/06\/POST-DIFICULDADE-DE-OUVIR-universo-familia-3-300x191.png 300w\" sizes=\"(max-width: 550px) 100vw, 550px\" \/><\/figure><\/div>\n\n\n<blockquote class=\"wp-block-quote\">\n<h5 class=\"wp-block-heading\"><em>Napomene: Materijali i informacije na stranici Universo Fam\u00edlia nisu namijenjeni za medicinsku dijagnozu, niti se smiju koristiti kao takvi. <strong>Uvijek se trebate posavjetovati s lije\u010dnikom ili kvalificiranim zdravstvenim djelatnikom o svojim stvarnim potrebama.<\/strong>.<\/em><\/h5>\n<\/blockquote>\n\n\n\n<h4 class=\"wp-block-heading\">Izvori za istra\u017eivanje<\/h4>\n\n\n\n<p>Prilikom pisanja teksta s informacijama o te\u0161ko\u0107ama slu\u0161anja djece, va\u017eno ga je temeljiti na pouzdanim i a\u017eurnim izvorima. Evo nekoliko predlo\u017eenih izvora koje mo\u017eete koristiti za daljnje istra\u017eivanje teme:<\/p>\n\n\n\n<p>Ameri\u010dko udru\u017eenje za govor, jezik i sluh (ASHA) \u2013 ASHA je profesionalna organizacija koja pru\u017ea resurse i informacije o govoru, jeziku i sluhu. Stranica (https:\/\/www.asha.org\/) sadr\u017ei \u010dlanke, vodi\u010de i istra\u017eivanja vezana uz te\u0161ko\u0107e sluha kod djece.<\/p>\n\n\n\n<p>Centri za kontrolu i prevenciju bolesti (CDC) \u2013 CDC je zdravstvena agencija Sjedinjenih Ameri\u010dkih Dr\u017eava koja pru\u017ea otvorene informacije o \u0161irokom rasponu zdravstvenih stanja. Web-stranica CDC-a (https:\/\/www.cdc.gov\/) mo\u017ee biti pouzdan izvor za dobivanje statisti\u010dkih podataka, smjernica za trija\u017eu sluha i informacija o utjecajima pote\u0161ko\u0107a sa sluhom kod djece.<\/p>\n\n\n\n<p>Ameri\u010dka akademija za pedijatriju (AAP) \u2013 AAP je organizacija posve\u0107ena zdravlju djece i pru\u017ea klini\u010dke smjernice lije\u010dnicima i obiteljima. Web-stranica AAP-a (https:\/\/www.aap.org\/) sadr\u017ei informacije o procjeni, dijagnozi i lije\u010denju pote\u0161ko\u0107a sa sluhom kod djece.<\/p>\n\n\n\n<p>Nacionalni institut za gluho\u0107u i druge komunikacijske poreme\u0107aje (NIDCD) \u2013 NIDCD je istra\u017eiva\u010dki institut vlade Sjedinjenih Ameri\u010dkih Dr\u017eava koji se fokusira na pitanja vezana uz poreme\u0107aje sluha, komunikacije i jezika. Osim toga, web-stranica NIDCD-a (https:\/\/www.nidcd.nih.gov\/) nudi resurse i a\u017eurirane informacije o te\u0161ko\u0107ama sluha kod djece.<\/p>\n\n\n\n<p>Svjetska zdravstvena organizacija (WHO) \u2013 WHO je specijalizirana agencija Ujedinjenih naroda koja radi na promicanju globalnog zdravlja. Web-stranica WHO-a (https:\/\/www.who.int\/) mo\u017ee pru\u017eiti informacije o prevalenciji, utjecaju i strategijama intervencije vezanim uz te\u0161ko\u0107e sluha kod djece na globalnoj razini.<\/p>\n\n\n\n<p>Stoga je uvijek potrebno provjeriti vjerodostojnost izvora, tra\u017ee\u0107i informacije od organizacija i institucija osnovanih u podru\u010dju istra\u017eivanja zdravlja i sluha.<\/p>","protected":false},"excerpt":{"rendered":"<p>Pote\u0161ko\u0107e sa sluhom kod djece: simptomi, njega i dijagnoza. Sluh igra klju\u010dnu ulogu u razvoju u\u010denja u djetinjstvu.<\/p>\n<p>Na\u017ealost, neka djeca imaju pote\u0161ko\u0107a sa sluhom, \u0161to mo\u017ee negativno utjecati na njihovu kvalitetu \u017eivota i akademski uspjeh.<\/p>\n<p>U ovom \u010dlanku raspravljat \u0107emo o simptomima pote\u0161ko\u0107a sa sluhom kod djece, potrebnoj njezi i na\u010dinu postavljanja odgovaraju\u0107e dijagnoze.<\/p>","protected":false},"author":0,"featured_media":2216,"comment_status":"open","ping_status":"open","sticky":false,"template":"","format":"standard","meta":{"footnotes":""},"categories":[5],"tags":[580,775,1437],"yoast_head":"<!-- This site is optimized with the Yoast SEO plugin v23.3 - https:\/\/yoast.com\/wordpress\/plugins\/seo\/ -->\n<title>Dificuldade de Audi\u00e7\u00e3o em Crian\u00e7as: Sintomas, Cuidados e Diagn\u00f3stico - Universo Fam\u00edlia<\/title>\n<meta name=\"description\" content=\"Dificuldade de Audi\u00e7\u00e3o em Crian\u00e7as,\" \/>\n<meta name=\"robots\" content=\"index, follow, max-snippet:-1, max-image-preview:large, max-video-preview:-1\" \/>\n<link rel=\"canonical\" href=\"https:\/\/universofamilia.com\/hr\/dificuldade-de-audicao-em-criancas\/\" \/>\n<meta property=\"og:locale\" content=\"hr_HR\" \/>\n<meta property=\"og:type\" content=\"article\" \/>\n<meta property=\"og:title\" content=\"Dificuldade de Audi\u00e7\u00e3o em Crian\u00e7as: Sintomas, Cuidados e Diagn\u00f3stico - Universo Fam\u00edlia\" \/>\n<meta property=\"og:description\" content=\"Dificuldade de Audi\u00e7\u00e3o em Crian\u00e7as,\" \/>\n<meta property=\"og:url\" content=\"https:\/\/universofamilia.com\/hr\/dificuldade-de-audicao-em-criancas\/\" \/>\n<meta property=\"og:site_name\" content=\"Universo Fam\u00edlia\" \/>\n<meta property=\"article:published_time\" content=\"2023-06-03T02:02:38+00:00\" \/>\n<meta property=\"og:image\" content=\"https:\/\/universofamilia.com\/wp-content\/uploads\/sites\/148\/2023\/06\/FOTO-DESTAQUE-DIFICULDADE-DE-OUVIR-universo-familia-448x350-1-1.png\" \/>\n\t<meta property=\"og:image:width\" content=\"448\" \/>\n\t<meta property=\"og:image:height\" content=\"350\" \/>\n\t<meta property=\"og:image:type\" content=\"image\/png\" \/>\n<meta name=\"twitter:card\" content=\"summary_large_image\" \/>\n<meta name=\"twitter:label1\" content=\"Est. reading time\" \/>\n\t<meta name=\"twitter:data1\" content=\"7 minuta\" \/>\n<script type=\"application\/ld+json\" class=\"yoast-schema-graph\">{\"@context\":\"https:\/\/schema.org\",\"@graph\":[{\"@type\":\"WebPage\",\"@id\":\"https:\/\/universofamilia.com\/bg\/dificuldade-de-audicao-em-criancas\/\",\"url\":\"https:\/\/universofamilia.com\/bg\/dificuldade-de-audicao-em-criancas\/\",\"name\":\"Dificuldade de Audi\u00e7\u00e3o em Crian\u00e7as: Sintomas, Cuidados e Diagn\u00f3stico - Universo Fam\u00edlia\",\"isPartOf\":{\"@id\":\"https:\/\/universofamilia.com\/el\/#website\"},\"primaryImageOfPage\":{\"@id\":\"https:\/\/universofamilia.com\/bg\/dificuldade-de-audicao-em-criancas\/#primaryimage\"},\"image\":{\"@id\":\"https:\/\/universofamilia.com\/bg\/dificuldade-de-audicao-em-criancas\/#primaryimage\"},\"thumbnailUrl\":\"https:\/\/universofamilia.com\/wp-content\/uploads\/sites\/148\/2023\/06\/FOTO-DESTAQUE-DIFICULDADE-DE-OUVIR-universo-familia-448x350-1-1.png\",\"datePublished\":\"2023-06-03T02:02:38+00:00\",\"dateModified\":\"2023-06-03T02:02:38+00:00\",\"author\":{\"@id\":\"\"},\"description\":\"Dificuldade de Audi\u00e7\u00e3o em Crian\u00e7as,\",\"breadcrumb\":{\"@id\":\"https:\/\/universofamilia.com\/bg\/dificuldade-de-audicao-em-criancas\/#breadcrumb\"},\"inLanguage\":\"hr\",\"potentialAction\":[{\"@type\":\"ReadAction\",\"target\":[\"https:\/\/universofamilia.com\/bg\/dificuldade-de-audicao-em-criancas\/\"]}]},{\"@type\":\"ImageObject\",\"inLanguage\":\"hr\",\"@id\":\"https:\/\/universofamilia.com\/bg\/dificuldade-de-audicao-em-criancas\/#primaryimage\",\"url\":\"https:\/\/universofamilia.com\/wp-content\/uploads\/sites\/148\/2023\/06\/FOTO-DESTAQUE-DIFICULDADE-DE-OUVIR-universo-familia-448x350-1-1.png\",\"contentUrl\":\"https:\/\/universofamilia.com\/wp-content\/uploads\/sites\/148\/2023\/06\/FOTO-DESTAQUE-DIFICULDADE-DE-OUVIR-universo-familia-448x350-1-1.png\",\"width\":448,\"height\":350},{\"@type\":\"BreadcrumbList\",\"@id\":\"https:\/\/universofamilia.com\/bg\/dificuldade-de-audicao-em-criancas\/#breadcrumb\",\"itemListElement\":[{\"@type\":\"ListItem\",\"position\":1,\"name\":\"Home\",\"item\":\"https:\/\/universofamilia.com\/el\/\"},{\"@type\":\"ListItem\",\"position\":2,\"name\":\"Dificuldade de Audi\u00e7\u00e3o em Crian\u00e7as: Sintomas, Cuidados e Diagn\u00f3stico\"}]},{\"@type\":\"WebSite\",\"@id\":\"https:\/\/universofamilia.com\/el\/#website\",\"url\":\"https:\/\/universofamilia.com\/el\/\",\"name\":\"Universo Fam\u00edlia\",\"description\":\"\",\"potentialAction\":[{\"@type\":\"SearchAction\",\"target\":{\"@type\":\"EntryPoint\",\"urlTemplate\":\"https:\/\/universofamilia.com\/el\/?s={search_term_string}\"},\"query-input\":\"required name=search_term_string\"}],\"inLanguage\":\"hr\"}]}<\/script>\n<!-- \/ Yoast SEO plugin. -->","yoast_head_json":{"title":"Dificuldade de Audi\u00e7\u00e3o em Crian\u00e7as: Sintomas, Cuidados e Diagn\u00f3stico - Universo Fam\u00edlia","description":"Dificuldade de Audi\u00e7\u00e3o em Crian\u00e7as,","robots":{"index":"index","follow":"follow","max-snippet":"max-snippet:-1","max-image-preview":"max-image-preview:large","max-video-preview":"max-video-preview:-1"},"canonical":"https:\/\/universofamilia.com\/hr\/dificuldade-de-audicao-em-criancas\/","og_locale":"hr_HR","og_type":"article","og_title":"Dificuldade de Audi\u00e7\u00e3o em Crian\u00e7as: Sintomas, Cuidados e Diagn\u00f3stico - Universo Fam\u00edlia","og_description":"Dificuldade de Audi\u00e7\u00e3o em Crian\u00e7as,","og_url":"https:\/\/universofamilia.com\/hr\/dificuldade-de-audicao-em-criancas\/","og_site_name":"Universo Fam\u00edlia","article_published_time":"2023-06-03T02:02:38+00:00","og_image":[{"width":448,"height":350,"url":"https:\/\/universofamilia.com\/wp-content\/uploads\/sites\/148\/2023\/06\/FOTO-DESTAQUE-DIFICULDADE-DE-OUVIR-universo-familia-448x350-1-1.png","type":"image\/png"}],"twitter_card":"summary_large_image","twitter_misc":{"Est. reading time":"7 minuta"},"schema":{"@context":"https:\/\/schema.org","@graph":[{"@type":"WebPage","@id":"https:\/\/universofamilia.com\/bg\/dificuldade-de-audicao-em-criancas\/","url":"https:\/\/universofamilia.com\/bg\/dificuldade-de-audicao-em-criancas\/","name":"Dificuldade de Audi\u00e7\u00e3o em Crian\u00e7as: Sintomas, Cuidados e Diagn\u00f3stico - Universo Fam\u00edlia","isPartOf":{"@id":"https:\/\/universofamilia.com\/el\/#website"},"primaryImageOfPage":{"@id":"https:\/\/universofamilia.com\/bg\/dificuldade-de-audicao-em-criancas\/#primaryimage"},"image":{"@id":"https:\/\/universofamilia.com\/bg\/dificuldade-de-audicao-em-criancas\/#primaryimage"},"thumbnailUrl":"https:\/\/universofamilia.com\/wp-content\/uploads\/sites\/148\/2023\/06\/FOTO-DESTAQUE-DIFICULDADE-DE-OUVIR-universo-familia-448x350-1-1.png","datePublished":"2023-06-03T02:02:38+00:00","dateModified":"2023-06-03T02:02:38+00:00","author":{"@id":""},"description":"Dificuldade de Audi\u00e7\u00e3o em Crian\u00e7as,","breadcrumb":{"@id":"https:\/\/universofamilia.com\/bg\/dificuldade-de-audicao-em-criancas\/#breadcrumb"},"inLanguage":"hr","potentialAction":[{"@type":"ReadAction","target":["https:\/\/universofamilia.com\/bg\/dificuldade-de-audicao-em-criancas\/"]}]},{"@type":"ImageObject","inLanguage":"hr","@id":"https:\/\/universofamilia.com\/bg\/dificuldade-de-audicao-em-criancas\/#primaryimage","url":"https:\/\/universofamilia.com\/wp-content\/uploads\/sites\/148\/2023\/06\/FOTO-DESTAQUE-DIFICULDADE-DE-OUVIR-universo-familia-448x350-1-1.png","contentUrl":"https:\/\/universofamilia.com\/wp-content\/uploads\/sites\/148\/2023\/06\/FOTO-DESTAQUE-DIFICULDADE-DE-OUVIR-universo-familia-448x350-1-1.png","width":448,"height":350},{"@type":"BreadcrumbList","@id":"https:\/\/universofamilia.com\/bg\/dificuldade-de-audicao-em-criancas\/#breadcrumb","itemListElement":[{"@type":"ListItem","position":1,"name":"Home","item":"https:\/\/universofamilia.com\/el\/"},{"@type":"ListItem","position":2,"name":"Dificuldade de Audi\u00e7\u00e3o em Crian\u00e7as: Sintomas, Cuidados e Diagn\u00f3stico"}]},{"@type":"WebSite","@id":"https:\/\/universofamilia.com\/el\/#website","url":"https:\/\/universofamilia.com\/el\/","name":"Universo Fam\u00edlia","description":"","potentialAction":[{"@type":"SearchAction","target":{"@type":"EntryPoint","urlTemplate":"https:\/\/universofamilia.com\/el\/?s={search_term_string}"},"query-input":"required name=search_term_string"}],"inLanguage":"hr"}]}},"_links":{"self":[{"href":"https:\/\/universofamilia.com\/hr\/wp-json\/wp\/v2\/posts\/2207"}],"collection":[{"href":"https:\/\/universofamilia.com\/hr\/wp-json\/wp\/v2\/posts"}],"about":[{"href":"https:\/\/universofamilia.com\/hr\/wp-json\/wp\/v2\/types\/post"}],"replies":[{"embeddable":true,"href":"https:\/\/universofamilia.com\/hr\/wp-json\/wp\/v2\/comments?post=2207"}],"version-history":[{"count":0,"href":"https:\/\/universofamilia.com\/hr\/wp-json\/wp\/v2\/posts\/2207\/revisions"}],"wp:featuredmedia":[{"embeddable":true,"href":"https:\/\/universofamilia.com\/hr\/wp-json\/wp\/v2\/media\/2216"}],"wp:attachment":[{"href":"https:\/\/universofamilia.com\/hr\/wp-json\/wp\/v2\/media?parent=2207"}],"wp:term":[{"taxonomy":"category","embeddable":true,"href":"https:\/\/universofamilia.com\/hr\/wp-json\/wp\/v2\/categories?post=2207"},{"taxonomy":"post_tag","embeddable":true,"href":"https:\/\/universofamilia.com\/hr\/wp-json\/wp\/v2\/tags?post=2207"}],"curies":[{"name":"wp","href":"https:\/\/api.w.org\/{rel}","templated":true}]}}