{"id":2227,"date":"2023-06-05T10:43:39","date_gmt":"2023-06-05T13:43:39","guid":{"rendered":"https:\/\/universofamilia.com\/?p=2227"},"modified":"2023-06-05T10:43:39","modified_gmt":"2023-06-05T13:43:39","slug":"o-que-influencia-o-sono-do-bebe","status":"publish","type":"post","link":"https:\/\/universofamilia.com\/hr\/o-que-influencia-o-sono-do-bebe\/","title":{"rendered":"O Que Influence no Sono do B\u00ea | Ber\u00e7o, zajedni\u010dki krevet ili Montessoriana?"},"content":{"rendered":"<p>Kakav utjecaj na sina bebe: Ber\u00e7o, zajedni\u010dki krevet ili Montessoriana?<\/p>\n\n\n\n<p>Ili su tu dvije bebe, to je pitanje od iznimne va\u017enosti za va\u0161u zemlju. Dobar no\u0107ni san je klju\u010dan za zdrav razvoj i dobrobit dvoje djece.<\/p>\n\n\n\n<p>Me\u0111u raznim mogu\u0107nostima spavanja, isti\u010du se tri: ber\u00e7o, zajedni\u010dki krevet i Montessoriana.<\/p>\n\n\n\n<p>U ovom \u010dlanku istra\u017eit \u0107emo svaku od ovih opcija i analizirati kako one mogu utjecati na zvuk va\u0161e bebe.<\/p>\n\n\n\n<h3 class=\"wp-block-heading\">Pro\u010ditajte i:<\/h3>\n\n\n\n<p><a href=\"https:\/\/universofamilia.com\/hr\/meu-bebe-dorme-mal\/\" target=\"_blank\" rel=\"noreferrer noopener\">Moja beba lo\u0161e spava, pogledajte 5 uobi\u010dajenih pogre\u0161aka koje biste trebali izbjegavati.<\/a><\/p>\n\n\n\n<p><a href=\"https:\/\/universofamilia.com\/hr\/dicas-de-seguranca-para-o-sono-do-bebe-escolha-do-local-posicao-colchao-e-muito-mais\/\" target=\"_blank\" rel=\"noreferrer noopener sponsored nofollow\">Sigurnosne upute za bebinog sina: sigurno mjesto, polo\u017eaj, madrac i jo\u0161 mnogo toga.<\/a><\/p>\n\n\n\n<p><a href=\"https:\/\/www.luzbaby.com.br\/\" target=\"_blank\" rel=\"noreferrer noopener\">Luz Baby je jedna od najboljih trgovina proizvodima za dojen\u010dad. Kliknite ovdje.<\/a><\/p>\n\n\n\n<h3 class=\"wp-block-heading\"><strong>Ber\u00e7o: klasik za tihi zvuk<\/strong><\/h3>\n\n\n\n<p>Ovo je tradicionalni dje\u010dji krevet. Nudi siguran i ome\u0111en prostor, pru\u017eaju\u0107i ugodno okru\u017eenje.<\/p>\n\n\n<div class=\"wp-block-image\">\n<figure class=\"aligncenter size-full\"><img loading=\"lazy\" decoding=\"async\" width=\"800\" height=\"560\" src=\"http:\/\/universofamilia.com\/wp-content\/uploads\/sites\/148\/2023\/06\/POST-BEBE-INFLUENCIA-DO-SONO-UNIVERSO-FAMILIA-1.png\" alt=\"\" class=\"wp-image-2231\" srcset=\"https:\/\/universofamilia.com\/wp-content\/uploads\/sites\/148\/2023\/06\/POST-BEBE-INFLUENCIA-DO-SONO-UNIVERSO-FAMILIA-1.png 800w, https:\/\/universofamilia.com\/wp-content\/uploads\/sites\/148\/2023\/06\/POST-BEBE-INFLUENCIA-DO-SONO-UNIVERSO-FAMILIA-1-300x210.png 300w, https:\/\/universofamilia.com\/wp-content\/uploads\/sites\/148\/2023\/06\/POST-BEBE-INFLUENCIA-DO-SONO-UNIVERSO-FAMILIA-1-768x538.png 768w\" sizes=\"(max-width: 800px) 100vw, 800px\" \/><\/figure><\/div>\n\n\n<p>Kori\u0161tenjem kreveta, zemlja ima priliku odgojiti dosljednu no\u0107nu rutinu, poma\u017eu\u0107i bebi da prostor pove\u017ee s djetetom.<\/p>\n\n\n\n<p>Va\u017eno je ulo\u017eiti u kvalitetan madrac i posteljinu prikladnu za bebine potrebe.<\/p>\n\n\n\n<h3 class=\"wp-block-heading\"><strong>Zajedni\u010dki krevet: blizina i udobnost<\/strong><\/h3>\n\n\n\n<p>Zajedni\u010dki krevet sastoji se od dijeljenja kreveta poput bebe tijekom spavanja. Ova opcija nudi blizinu i udobnost, omogu\u0107uju\u0107i zemlji da se brzo pobrine za bebine potrebe.<\/p>\n\n\n<div class=\"wp-block-image\">\n<figure class=\"aligncenter size-full\"><img loading=\"lazy\" decoding=\"async\" width=\"800\" height=\"560\" src=\"http:\/\/universofamilia.com\/wp-content\/uploads\/sites\/148\/2023\/06\/POST-BEBE-INFLUENCIA-DO-SONO-UNIVERSO-FAMILIA-2.png\" alt=\"\" class=\"wp-image-2232\" srcset=\"https:\/\/universofamilia.com\/wp-content\/uploads\/sites\/148\/2023\/06\/POST-BEBE-INFLUENCIA-DO-SONO-UNIVERSO-FAMILIA-2.png 800w, https:\/\/universofamilia.com\/wp-content\/uploads\/sites\/148\/2023\/06\/POST-BEBE-INFLUENCIA-DO-SONO-UNIVERSO-FAMILIA-2-300x210.png 300w, https:\/\/universofamilia.com\/wp-content\/uploads\/sites\/148\/2023\/06\/POST-BEBE-INFLUENCIA-DO-SONO-UNIVERSO-FAMILIA-2-768x538.png 768w\" sizes=\"(max-width: 800px) 100vw, 800px\" \/><\/figure><\/div>\n\n\n<p>Stalna prisutnost dviju zemalja mo\u017ee pomo\u0107i smirivanju bebe tijekom no\u0107i i olak\u0161ati dojenje.<\/p>\n\n\n\n<p>Me\u0111utim, va\u017eno je poduzeti sigurnosne mjere opreza, poput kori\u0161tenja velikog ili dovoljno velikog kreveta i osiguravanja da beba ima siguran i odgovaraju\u0107i prostor za spavanje.<\/p>\n\n\n\n<h3 class=\"wp-block-heading\"><strong>Montessori krevet: neovisnost od ceda<\/strong><\/h3>\n\n\n\n<p>Montessorianski krevet slijedi Montessori filozofiju koja cijeni neovisnost i autonomiju djece. Razli\u010diti tip kreveta omogu\u0107uje bebi slobodan pristup prostoru za spavanje s visine, bez razina ili ograda.<\/p>\n\n\n<div class=\"wp-block-image\">\n<figure class=\"aligncenter size-full\"><img loading=\"lazy\" decoding=\"async\" width=\"800\" height=\"560\" src=\"http:\/\/universofamilia.com\/wp-content\/uploads\/sites\/148\/2023\/06\/POST-BEBE-INFLUENCIA-DO-SONO-UNIVERSO-FAMILIA.png\" alt=\"\" class=\"wp-image-2233\" srcset=\"https:\/\/universofamilia.com\/wp-content\/uploads\/sites\/148\/2023\/06\/POST-BEBE-INFLUENCIA-DO-SONO-UNIVERSO-FAMILIA.png 800w, https:\/\/universofamilia.com\/wp-content\/uploads\/sites\/148\/2023\/06\/POST-BEBE-INFLUENCIA-DO-SONO-UNIVERSO-FAMILIA-300x210.png 300w, https:\/\/universofamilia.com\/wp-content\/uploads\/sites\/148\/2023\/06\/POST-BEBE-INFLUENCIA-DO-SONO-UNIVERSO-FAMILIA-768x538.png 768w\" sizes=\"(max-width: 800px) 100vw, 800px\" \/><\/figure><\/div>\n\n\n<p>Isso mu omogu\u0107uje razvoj motori\u010dkih sposobnosti i u\u010denje slobodnog kretanja. Me\u0111utim, bitno je osigurati da je okru\u017eenje sigurno za bebu, ukloniti opasne predmete i izbje\u0107i sudare.<\/p>\n\n\n\n<h3 class=\"wp-block-heading\"><strong>\u010cimbenici koje treba uzeti u obzir za svjesni izbor<\/strong><\/h3>\n\n\n\n<p>Prilikom odabira opcije va\u017eno je uzeti u obzir nekoliko klju\u010dnih \u010dimbenika:<\/p>\n\n\n\n<p><strong>Sigurnost<\/strong>Bez obzira na odabranu opciju, sigurnost bebe uvijek mora biti prioritet. Pazite da u okolini nema opasnosti, poput labavih predmeta, te\u0161kih deka ili bilo \u010dega \u0161to bi moglo ugu\u0161iti va\u0161u bebu.<\/p>\n\n\n\n<p><strong>Bebine preferencije i potrebe<\/strong>Svaka je beba jedinstvena i moraju se uzeti u obzir njezine preferencije i potrebe. Neke se bebe osje\u0107aju ugodnije u krevetu, dok druge preferiraju biti blizu zajedni\u010dkog kreveta. Promatranje i razumijevanje znakova i signala bebe mo\u017ee pomo\u0107i u dono\u0161enju odluka.<\/p>\n\n\n\n<p><strong>Rutina i dosljednost<\/strong>Kao i kod odabrane opcije, uspostavljanje dosljedne no\u0107ne rutine mo\u017ee biti korisno za bebu.<\/p>\n\n\n\n<p>To uklju\u010duje pridr\u017eavanje redovitog rasporeda spavanja, stvaranje mirnog i podr\u017eavaju\u0107eg okru\u017eenja te primjenu praksi koje poma\u017eu va\u0161oj bebi da se opusti prije spavanja, poput jutarnje kupke ili nje\u017ene masa\u017ee.<\/p>\n\n\n\n<h3 class=\"wp-block-heading\"><strong>Zaklju\u010dak<\/strong><\/h3>\n\n\n\n<p>Izbor izme\u0111u ber\u00e7o kreveta, zajedni\u010dkog kreveta i Montessoriana kreveta za bebinog sina osobna je odluka koja se mora donijeti uzimaju\u0107i u obzir sigurnost, preferencije i individualne potrebe bebe, uz uspostavljanje dosljedne no\u0107ne rutine.<\/p>\n\n\n\n<p>Ber\u00e7o nudi ograni\u010den i udoban prostor, dok zajedni\u010dki krevet pru\u017ea blizinu i udobnost seoskog kraja. Montessoriana krevet J\u00e1 poti\u010de neovisnost i autonomiju od ceda.<\/p>\n\n\n\n<p>Bez obzira na odabrane opcije, va\u017eno je stvoriti sigurno i povoljno okru\u017eenje za bebin zvuk, izbjegavaju\u0107i rizike i slijede\u0107i sigurnosne preporuke.<\/p>\n\n\n\n<p>Krajnji cilj je osigurati da va\u0161a beba ima miran no\u0107ni san, poti\u010du\u0107i zdrav razvoj i dobro op\u0107e zdravlje.<\/p>\n\n\n\n<h3 class=\"wp-block-heading\">Izvor za istra\u017eivanje<\/h3>\n\n\n\n<p>U nastavku su navedeni neki pouzdani resursi gdje mo\u017eete prona\u0107i dodatne informacije o bebinom zvuku i mogu\u0107nostima za posteljinu, zajedni\u010dke krevete i Montessori krevete:<\/p>\n\n\n\n<p>Knjige specijalizirane za dje\u010dji zvuk, kao \u0161to su \u201eSolu\u00e7\u00f5es para Noites Sem Choro\u201c autorice Elizabeth Pantley, \u201eThe No-Cry Sleep Solution\u201c autorice Elizabeth Pantley i \u201eThe Montessori Toddler\u201c autorice Simone Davies.<\/p>\n\n\n\n<p>Stranice pouzdanih organizacija, kao \u0161to su Ameri\u010dka akademija za pedijatriju (AAP), BabyCenter, Mayo Clinic i Nacionalna zaklada za spavanje.<\/p>\n\n\n\n<p>Posavjetujte se s pedijatrima ili stru\u010dnjacima za razvoj djeteta kako biste dobili personalizirane smjernice temeljene na znanstvenim dokazima.<\/p>\n\n\n\n<p>Imaju\u0107i na umu da je uvijek va\u017eno provjeriti vjerodostojnost konzultiranih izvora i tra\u017eiti a\u017eurirane informacije, jer se preporuke mogu s vremenom mijenjati na temelju novih istra\u017eivanja i otkri\u0107a.<\/p>","protected":false},"excerpt":{"rendered":"<p>Kakav utjecaj na sina bebe: Ber\u00e7o, zajedni\u010dki krevet ili Montessoriana?<br \/>\nIli su tu dvije bebe, to je pitanje od iznimne va\u017enosti za va\u0161u zemlju. Dobar no\u0107ni san je klju\u010dan za zdrav razvoj i dobrobit dvoje djece.<br \/>\nMe\u0111u raznim mogu\u0107nostima spavanja, isti\u010du se tri: ber\u00e7o, zajedni\u010dki krevet i Montessoriana.<br \/>\nU ovom \u010dlanku istra\u017eit \u0107emo svaku od ovih opcija i analizirati kako one mogu utjecati na zvuk va\u0161e bebe.<\/p>","protected":false},"author":0,"featured_media":2234,"comment_status":"closed","ping_status":"open","sticky":false,"template":"","format":"standard","meta":{"footnotes":""},"categories":[5],"tags":[938,1062,1437],"yoast_head":"<!-- This site is optimized with the Yoast SEO plugin v23.3 - https:\/\/yoast.com\/wordpress\/plugins\/seo\/ -->\n<title>O Que Influencia no Sono do Beb\u00ea | Ber\u00e7o, Cama Compartilhada ou Montessoriana? - Universo Fam\u00edlia<\/title>\n<meta name=\"description\" content=\"O Que Influencia no Sono do Beb\u00ea: Ber\u00e7o, Cama Compartilhada ou Montessoriana?\" \/>\n<meta name=\"robots\" content=\"index, follow, max-snippet:-1, max-image-preview:large, max-video-preview:-1\" \/>\n<link rel=\"canonical\" href=\"http:\/\/universofamilia.com\/hr\/o-que-influencia-o-sono-do-bebe\/\" \/>\n<meta property=\"og:locale\" content=\"hr_HR\" \/>\n<meta property=\"og:type\" content=\"article\" \/>\n<meta property=\"og:title\" content=\"O Que Influencia no Sono do Beb\u00ea | Ber\u00e7o, Cama Compartilhada ou Montessoriana? - Universo Fam\u00edlia\" \/>\n<meta property=\"og:description\" content=\"O Que Influencia no Sono do Beb\u00ea: Ber\u00e7o, Cama Compartilhada ou Montessoriana?\" \/>\n<meta property=\"og:url\" content=\"http:\/\/universofamilia.com\/hr\/o-que-influencia-o-sono-do-bebe\/\" \/>\n<meta property=\"og:site_name\" content=\"Universo Fam\u00edlia\" \/>\n<meta property=\"article:published_time\" content=\"2023-06-05T13:43:39+00:00\" \/>\n<meta property=\"og:image\" content=\"http:\/\/universofamilia.com\/wp-content\/uploads\/sites\/148\/2023\/06\/FOTO-DESTAQUE-DIFICULDADE-DE-OUVIRDIFICULDADE-DE-DORMIR-universo-familia-448x350-1.png\" \/>\n\t<meta property=\"og:image:width\" content=\"448\" \/>\n\t<meta property=\"og:image:height\" content=\"350\" \/>\n\t<meta property=\"og:image:type\" content=\"image\/png\" \/>\n<meta name=\"twitter:card\" content=\"summary_large_image\" \/>\n<meta name=\"twitter:label1\" content=\"Est. reading time\" \/>\n\t<meta name=\"twitter:data1\" content=\"5 minuta\" \/>\n<script type=\"application\/ld+json\" class=\"yoast-schema-graph\">{\"@context\":\"https:\/\/schema.org\",\"@graph\":[{\"@type\":\"WebPage\",\"@id\":\"http:\/\/universofamilia.com\/ja\/o-que-influencia-o-sono-do-bebe\/\",\"url\":\"http:\/\/universofamilia.com\/ja\/o-que-influencia-o-sono-do-bebe\/\",\"name\":\"O Que Influencia no Sono do Beb\u00ea | Ber\u00e7o, Cama Compartilhada ou Montessoriana? - Universo Fam\u00edlia\",\"isPartOf\":{\"@id\":\"https:\/\/universofamilia.com\/el\/#website\"},\"primaryImageOfPage\":{\"@id\":\"http:\/\/universofamilia.com\/ja\/o-que-influencia-o-sono-do-bebe\/#primaryimage\"},\"image\":{\"@id\":\"http:\/\/universofamilia.com\/ja\/o-que-influencia-o-sono-do-bebe\/#primaryimage\"},\"thumbnailUrl\":\"https:\/\/universofamilia.com\/wp-content\/uploads\/sites\/148\/2023\/06\/FOTO-DESTAQUE-DIFICULDADE-DE-OUVIRDIFICULDADE-DE-DORMIR-universo-familia-448x350-1.png\",\"datePublished\":\"2023-06-05T13:43:39+00:00\",\"dateModified\":\"2023-06-05T13:43:39+00:00\",\"author\":{\"@id\":\"\"},\"description\":\"O Que Influencia no Sono do Beb\u00ea: Ber\u00e7o, Cama Compartilhada ou Montessoriana?\",\"breadcrumb\":{\"@id\":\"http:\/\/universofamilia.com\/ja\/o-que-influencia-o-sono-do-bebe\/#breadcrumb\"},\"inLanguage\":\"hr\",\"potentialAction\":[{\"@type\":\"ReadAction\",\"target\":[\"http:\/\/universofamilia.com\/ja\/o-que-influencia-o-sono-do-bebe\/\"]}]},{\"@type\":\"ImageObject\",\"inLanguage\":\"hr\",\"@id\":\"http:\/\/universofamilia.com\/ja\/o-que-influencia-o-sono-do-bebe\/#primaryimage\",\"url\":\"https:\/\/universofamilia.com\/wp-content\/uploads\/sites\/148\/2023\/06\/FOTO-DESTAQUE-DIFICULDADE-DE-OUVIRDIFICULDADE-DE-DORMIR-universo-familia-448x350-1.png\",\"contentUrl\":\"https:\/\/universofamilia.com\/wp-content\/uploads\/sites\/148\/2023\/06\/FOTO-DESTAQUE-DIFICULDADE-DE-OUVIRDIFICULDADE-DE-DORMIR-universo-familia-448x350-1.png\",\"width\":448,\"height\":350},{\"@type\":\"BreadcrumbList\",\"@id\":\"http:\/\/universofamilia.com\/ja\/o-que-influencia-o-sono-do-bebe\/#breadcrumb\",\"itemListElement\":[{\"@type\":\"ListItem\",\"position\":1,\"name\":\"Home\",\"item\":\"https:\/\/universofamilia.com\/el\/\"},{\"@type\":\"ListItem\",\"position\":2,\"name\":\"O Que Influencia no Sono do Beb\u00ea | Ber\u00e7o, Cama Compartilhada ou Montessoriana?\"}]},{\"@type\":\"WebSite\",\"@id\":\"https:\/\/universofamilia.com\/el\/#website\",\"url\":\"https:\/\/universofamilia.com\/el\/\",\"name\":\"Universo Fam\u00edlia\",\"description\":\"\",\"potentialAction\":[{\"@type\":\"SearchAction\",\"target\":{\"@type\":\"EntryPoint\",\"urlTemplate\":\"https:\/\/universofamilia.com\/el\/?s={search_term_string}\"},\"query-input\":\"required name=search_term_string\"}],\"inLanguage\":\"hr\"}]}<\/script>\n<!-- \/ Yoast SEO plugin. -->","yoast_head_json":{"title":"O Que Influencia no Sono do Beb\u00ea | Ber\u00e7o, Cama Compartilhada ou Montessoriana? - Universo Fam\u00edlia","description":"O Que Influencia no Sono do Beb\u00ea: Ber\u00e7o, Cama Compartilhada ou Montessoriana?","robots":{"index":"index","follow":"follow","max-snippet":"max-snippet:-1","max-image-preview":"max-image-preview:large","max-video-preview":"max-video-preview:-1"},"canonical":"http:\/\/universofamilia.com\/hr\/o-que-influencia-o-sono-do-bebe\/","og_locale":"hr_HR","og_type":"article","og_title":"O Que Influencia no Sono do Beb\u00ea | Ber\u00e7o, Cama Compartilhada ou Montessoriana? - Universo Fam\u00edlia","og_description":"O Que Influencia no Sono do Beb\u00ea: Ber\u00e7o, Cama Compartilhada ou Montessoriana?","og_url":"http:\/\/universofamilia.com\/hr\/o-que-influencia-o-sono-do-bebe\/","og_site_name":"Universo Fam\u00edlia","article_published_time":"2023-06-05T13:43:39+00:00","og_image":[{"width":448,"height":350,"url":"http:\/\/universofamilia.com\/wp-content\/uploads\/sites\/148\/2023\/06\/FOTO-DESTAQUE-DIFICULDADE-DE-OUVIRDIFICULDADE-DE-DORMIR-universo-familia-448x350-1.png","type":"image\/png"}],"twitter_card":"summary_large_image","twitter_misc":{"Est. reading time":"5 minuta"},"schema":{"@context":"https:\/\/schema.org","@graph":[{"@type":"WebPage","@id":"http:\/\/universofamilia.com\/ja\/o-que-influencia-o-sono-do-bebe\/","url":"http:\/\/universofamilia.com\/ja\/o-que-influencia-o-sono-do-bebe\/","name":"O Que Influencia no Sono do Beb\u00ea | Ber\u00e7o, Cama Compartilhada ou Montessoriana? - Universo Fam\u00edlia","isPartOf":{"@id":"https:\/\/universofamilia.com\/el\/#website"},"primaryImageOfPage":{"@id":"http:\/\/universofamilia.com\/ja\/o-que-influencia-o-sono-do-bebe\/#primaryimage"},"image":{"@id":"http:\/\/universofamilia.com\/ja\/o-que-influencia-o-sono-do-bebe\/#primaryimage"},"thumbnailUrl":"https:\/\/universofamilia.com\/wp-content\/uploads\/sites\/148\/2023\/06\/FOTO-DESTAQUE-DIFICULDADE-DE-OUVIRDIFICULDADE-DE-DORMIR-universo-familia-448x350-1.png","datePublished":"2023-06-05T13:43:39+00:00","dateModified":"2023-06-05T13:43:39+00:00","author":{"@id":""},"description":"O Que Influencia no Sono do Beb\u00ea: Ber\u00e7o, Cama Compartilhada ou Montessoriana?","breadcrumb":{"@id":"http:\/\/universofamilia.com\/ja\/o-que-influencia-o-sono-do-bebe\/#breadcrumb"},"inLanguage":"hr","potentialAction":[{"@type":"ReadAction","target":["http:\/\/universofamilia.com\/ja\/o-que-influencia-o-sono-do-bebe\/"]}]},{"@type":"ImageObject","inLanguage":"hr","@id":"http:\/\/universofamilia.com\/ja\/o-que-influencia-o-sono-do-bebe\/#primaryimage","url":"https:\/\/universofamilia.com\/wp-content\/uploads\/sites\/148\/2023\/06\/FOTO-DESTAQUE-DIFICULDADE-DE-OUVIRDIFICULDADE-DE-DORMIR-universo-familia-448x350-1.png","contentUrl":"https:\/\/universofamilia.com\/wp-content\/uploads\/sites\/148\/2023\/06\/FOTO-DESTAQUE-DIFICULDADE-DE-OUVIRDIFICULDADE-DE-DORMIR-universo-familia-448x350-1.png","width":448,"height":350},{"@type":"BreadcrumbList","@id":"http:\/\/universofamilia.com\/ja\/o-que-influencia-o-sono-do-bebe\/#breadcrumb","itemListElement":[{"@type":"ListItem","position":1,"name":"Home","item":"https:\/\/universofamilia.com\/el\/"},{"@type":"ListItem","position":2,"name":"O Que Influencia no Sono do Beb\u00ea | Ber\u00e7o, Cama Compartilhada ou Montessoriana?"}]},{"@type":"WebSite","@id":"https:\/\/universofamilia.com\/el\/#website","url":"https:\/\/universofamilia.com\/el\/","name":"Universo Fam\u00edlia","description":"","potentialAction":[{"@type":"SearchAction","target":{"@type":"EntryPoint","urlTemplate":"https:\/\/universofamilia.com\/el\/?s={search_term_string}"},"query-input":"required name=search_term_string"}],"inLanguage":"hr"}]}},"_links":{"self":[{"href":"https:\/\/universofamilia.com\/hr\/wp-json\/wp\/v2\/posts\/2227"}],"collection":[{"href":"https:\/\/universofamilia.com\/hr\/wp-json\/wp\/v2\/posts"}],"about":[{"href":"https:\/\/universofamilia.com\/hr\/wp-json\/wp\/v2\/types\/post"}],"replies":[{"embeddable":true,"href":"https:\/\/universofamilia.com\/hr\/wp-json\/wp\/v2\/comments?post=2227"}],"version-history":[{"count":0,"href":"https:\/\/universofamilia.com\/hr\/wp-json\/wp\/v2\/posts\/2227\/revisions"}],"wp:featuredmedia":[{"embeddable":true,"href":"https:\/\/universofamilia.com\/hr\/wp-json\/wp\/v2\/media\/2234"}],"wp:attachment":[{"href":"https:\/\/universofamilia.com\/hr\/wp-json\/wp\/v2\/media?parent=2227"}],"wp:term":[{"taxonomy":"category","embeddable":true,"href":"https:\/\/universofamilia.com\/hr\/wp-json\/wp\/v2\/categories?post=2227"},{"taxonomy":"post_tag","embeddable":true,"href":"https:\/\/universofamilia.com\/hr\/wp-json\/wp\/v2\/tags?post=2227"}],"curies":[{"name":"wp","href":"https:\/\/api.w.org\/{rel}","templated":true}]}}