{"id":2242,"date":"2023-06-05T19:19:36","date_gmt":"2023-06-05T22:19:36","guid":{"rendered":"https:\/\/universofamilia.com\/?p=2242"},"modified":"2023-06-05T19:19:36","modified_gmt":"2023-06-05T22:19:36","slug":"quais-os-ciclos-do-sono-do-bebe","status":"publish","type":"post","link":"https:\/\/universofamilia.com\/hr\/quais-os-ciclos-do-sono-do-bebe\/","title":{"rendered":"Zvu\u010dni ciklusi bebe Quais"},"content":{"rendered":"<h3 class=\"wp-block-heading\">Kada koristite cikluse spavanja za bebe, razumite i pomozite svom mali\u0161anu da bolje spava.<\/h3>\n\n\n\n<p>Ciklusi spavanja bebe klju\u010dni su za va\u0161 zdrav razvoj, a tako\u0111er i za osiguranje da va\u0161a zemlja ima trenutke odmora.<\/p>\n\n\n\n<p>Razumijevanje kako ovi ciklusi funkcioniraju i usvajanje odgovaraju\u0107ih tehnika koje \u0107e pomo\u0107i va\u0161oj bebi da bolje spava mo\u017ee biti izazov, ali uz strpljenje i znanje mogu\u0107e je uspostaviti zdravu rutinu spavanja za cijelu obitelj.<\/p>\n\n\n\n<p>U ovom \u0107emo \u010dlanku istra\u017eiti razli\u010dite faze odre\u0111ivanja zvuka kod beba i pru\u017eiti vrijedne savjete kako bismo olak\u0161ali taj proces.<\/p>\n\n\n\n<h3 class=\"wp-block-heading\">Pro\u010ditajte i:<\/h3>\n\n\n\n<p><a href=\"https:\/\/universofamilia.com\/hr\/meu-bebe-dorme-mal\/\" target=\"_blank\" rel=\"noreferrer noopener\">Moja beba lo\u0161e spava, pogledajte 5 uobi\u010dajenih pogre\u0161aka koje biste trebali izbjegavati.<\/a><\/p>\n\n\n\n<p><a href=\"https:\/\/universofamilia.com\/hr\/o-que-influencia-o-sono-do-bebe\/\" target=\"_blank\" rel=\"noreferrer noopener\">O Que Influence no Sono do B\u00ea | Ber\u00e7o, zajedni\u010dki krevet ili Montessoriana?<\/a><\/p>\n\n\n\n<p><a href=\"https:\/\/universofamilia.com\/hr\/dicas-de-seguranca-para-o-sono-do-bebe-escolha-do-local-posicao-colchao-e-muito-mais\/\" target=\"_blank\" rel=\"noreferrer noopener\">Sigurnosne upute za sina: sigurno mjesto, polo\u017eaj, madrac i jo\u0161 mnogo toga<\/a><\/p>\n\n\n\n<h3 class=\"wp-block-heading\">Ciklus mog djeteta<\/h3>\n\n\n\n<p>Ciklus spavanja kod bebe sastoji se od dvije glavne faze: REM sna (Rapid Eye Movement - brzo kretanje o\u010diju) i ne-REM sna.<\/p>\n\n\n<div class=\"wp-block-image\">\n<figure class=\"aligncenter size-full\"><img loading=\"lazy\" decoding=\"async\" width=\"800\" height=\"560\" src=\"http:\/\/universofamilia.com\/wp-content\/uploads\/sites\/148\/2023\/06\/POST-BEBE-SEGURANCA-DO-BEBE-O-UNIVERSO-FAMILIA-2.png\" alt=\"\" class=\"wp-image-2244\" srcset=\"https:\/\/universofamilia.com\/wp-content\/uploads\/sites\/148\/2023\/06\/POST-BEBE-SEGURANCA-DO-BEBE-O-UNIVERSO-FAMILIA-2.png 800w, https:\/\/universofamilia.com\/wp-content\/uploads\/sites\/148\/2023\/06\/POST-BEBE-SEGURANCA-DO-BEBE-O-UNIVERSO-FAMILIA-2-300x210.png 300w, https:\/\/universofamilia.com\/wp-content\/uploads\/sites\/148\/2023\/06\/POST-BEBE-SEGURANCA-DO-BEBE-O-UNIVERSO-FAMILIA-2-768x538.png 768w\" sizes=\"(max-width: 800px) 100vw, 800px\" \/><\/figure><\/div>\n\n\n<p>Tijekom REM sna, mo\u017edana aktivnost je intenzivnija, dok u ne-REM snu imate dublji i mirniji san.<\/p>\n\n\n\n<h3 class=\"wp-block-heading\">REM san<\/h3>\n\n\n\n<p>REM faza je klju\u010dna za razvoj mozga bebe. Tijekom ove faze dolazi do intenzivne mo\u017edane aktivnosti, sli\u010dne onoj kod dvoje odraslih.<\/p>\n\n\n\n<p>Ovo je stanje o kojem sanjamo. Tijekom REM sna, bebine se o\u010di brzo pomi\u010du s jedne na drugu stranu.<\/p>\n\n\n\n<h3 class=\"wp-block-heading\">Nemam REM zvuka<\/h3>\n\n\n\n<p>Ne-REM san karakterizira sporija mo\u017edana aktivnost i \u0161iri mo\u017edani valovi.<\/p>\n\n\n\n<p>Postoje tri razli\u010dite faze ne-REM sna, od lak\u0161e do dublje. To nije dublje stanje ili ga je mo\u017eda te\u017ee zapamtiti.<\/p>\n\n\n\n<h3 class=\"wp-block-heading\">Trajanje zvu\u010dnih ciklusa<\/h3>\n\n\n\n<p>Ciklusi spavanja bebe su kra\u0107i od ciklusa spavanja dvoje odraslih. Dok odrasla osoba mo\u017ee pro\u0107i kroz cijeli ciklus spavanja za oko 90 minuta, bebe mogu pro\u0107i kroz cikluse od 50 do 60 minuta.<\/p>\n\n\n\n<p>Ova razlika obja\u0161njava za\u0161to se bebe \u010de\u0161\u0107e sla\u017eu tijekom no\u0107i.<\/p>\n\n\n\n<h3 class=\"wp-block-heading\">Zaklju\u010dak<\/h3>\n\n\n\n<p>Razumijevanje bebinih zvu\u010dnih ciklusa i usvajanje odgovaraju\u0107ih tehnika mo\u017ee uvelike utjecati na kvalitetu zvuka i za bebu i za okolinu.<\/p>\n\n\n\n<p>Uspostavite dosljednu rutinu, stvorite okru\u017eenje pogodno za sono, izbjegavajte pretjeranu stimulaciju prije spavanja, budite pa\u017eljivi na sono sinais, ponudite odgovaraju\u0107u prehranu te pru\u017eite udobnost i sigurnost strategijama koje mogu pomo\u0107i u pobolj\u0161anju djetetovog sono.<\/p>\n\n\n\n<p>Imaju\u0107i na umu da je svaka beba jedinstvena, mo\u017eda \u0107e biti potrebno prilagoditi tehnike prema individualnim potrebama. Budite strpljivi i nemojte se obeshrabriti ako se zvuk va\u0161e bebe odmah ne stabilizira.<\/p>\n\n\n\n<p>S vremenom je mogu\u0107e uspostaviti zdravu rutinu za cijelu obitelj.<\/p>\n\n\n\n<p>Trebam dodatke i odje\u0107u, znam | <a href=\"https:\/\/www.luzbaby.com.br\/\" target=\"_blank\" rel=\"noreferrer noopener\">Luz Baby je jedna od najboljih trgovina proizvodima za dojen\u010dad. Kliknite ovdje.<\/a><\/p>\n\n\n\n<h3 class=\"wp-block-heading\">Izvor za istra\u017eivanje<\/h3>\n\n\n\n<p>Prilikom pisanja \u010dlanka uvijek je va\u017eno citirati pouzdane izvore za sastavljanje sadr\u017eaja. Evo nekoliko resursa koje mo\u017eete koristiti kako biste saznali vi\u0161e o ciklusima spavanja va\u0161e bebe:<\/p>\n\n\n\n<p>Ameri\u010dka akademija za pedijatriju (AAP): Stranica AAP-a nudi sveobuhvatne informacije o zdravlju djece, uklju\u010duju\u0107i \u010dlanke i smjernice temeljene na dokazima. Stranici mo\u017eete pristupiti na: https:\/\/www.aap.org\/<\/p>\n\n\n\n<p>Funda\u00e7\u00e3o Nacional do Sono (Nacionalna zaklada za spavanje): Nacionalna zaklada za spavanje je neprofitna organizacija posve\u0107ena promicanju zdravlja spavanja. Ova stranica sadr\u017ei korisne informacije o dje\u010djim zvukovima. Pristupite joj: https:\/\/www.sleepfoundation.org\/<\/p>\n\n\n\n<p>Klinika Mayo: Klinika Mayo je poznata medicinska ustanova koja pru\u017ea pouzdane informacije o \u0161irokom rasponu zdravstvenih tema. Informacije o ciklusima ultrazvuka za bebe mo\u017eete prona\u0107i na: https:\/\/www.mayoclinic.org\/<\/p>\n\n\n\n<p>Centri za kontrolu i prevenciju bolesti (CDC): CDC je savezna agencija u Sjedinjenim Dr\u017eavama koja pru\u017ea pouzdane informacije o zdravlju i dobrobiti. Ova stranica sadr\u017ei korisne resurse o dje\u010djim zvukovima. Pristupite im: https:\/\/www.cdc.gov\/<\/p>\n\n\n\n<p>Specijalizirane knjige: Postoje mnoge knjige koje su napisali stru\u010dnjaci za sonografiju dojen\u010dadi koje pru\u017eaju detaljne informacije o ciklusima sonografije dojen\u010dadi. Neki popularni primjeri uklju\u010duju \u201eRije\u0161ite probleme sa spavanjem svog djeteta\u201c Richarda Ferbera i \u201eZdrave navike spavanja, sretno dijete\u201c Marca Weissblutha.<\/p>\n\n\n\n<p>Prilikom kori\u0161tenja ovih izvora, obavezno ispravno citirajte informacije i po\u0161tujte autorska prava. Pretra\u017eivanje vi\u0161e izvora kojima vjerujete i kriti\u010dka analiza informacija temeljne su za jam\u010denje to\u010dnosti i vjerodostojnosti va\u0161eg \u010dlanka.<\/p>","protected":false},"excerpt":{"rendered":"<p>Kada koristite cikluse spavanja za bebe, razumite i pomozite svom mali\u0161anu da bolje spava.<\/p>\n<p>Ciklusi spavanja bebe klju\u010dni su za va\u0161 zdrav razvoj, a tako\u0111er i za osiguranje da va\u0161a zemlja ima trenutke odmora.<\/p>\n<p>Razumijevanje kako ovi ciklusi funkcioniraju i usvajanje odgovaraju\u0107ih tehnika koje \u0107e pomo\u0107i va\u0161oj bebi da bolje spava mo\u017ee biti izazov, ali uz strpljenje i znanje mogu\u0107e je uspostaviti zdravu rutinu spavanja za cijelu obitelj.<\/p>\n<p>U ovom \u0107emo \u010dlanku istra\u017eiti razli\u010dite faze odre\u0111ivanja zvuka kod beba i pru\u017eiti vrijedne savjete kako bismo olak\u0161ali taj proces.<\/p>","protected":false},"author":0,"featured_media":2245,"comment_status":"closed","ping_status":"open","sticky":false,"template":"","format":"standard","meta":{"footnotes":""},"categories":[5],"tags":[560,1437,1448],"yoast_head":"<!-- This site is optimized with the Yoast SEO plugin v23.3 - https:\/\/yoast.com\/wordpress\/plugins\/seo\/ -->\n<title>Quais os Ciclos do Sono do Beb\u00ea - Universo Fam\u00edlia<\/title>\n<meta name=\"description\" content=\"Quais os Ciclos do Sono do Beb\u00ea, entenda e Ajude seu Pequeno a Dormir Melhor.\" \/>\n<meta name=\"robots\" content=\"index, follow, max-snippet:-1, max-image-preview:large, max-video-preview:-1\" \/>\n<link rel=\"canonical\" href=\"https:\/\/universofamilia.com\/hr\/quais-os-ciclos-do-sono-do-bebe\/\" \/>\n<meta property=\"og:locale\" content=\"hr_HR\" \/>\n<meta property=\"og:type\" content=\"article\" \/>\n<meta property=\"og:title\" content=\"Quais os Ciclos do Sono do Beb\u00ea - Universo Fam\u00edlia\" \/>\n<meta property=\"og:description\" content=\"Quais os Ciclos do Sono do Beb\u00ea, entenda e Ajude seu Pequeno a Dormir Melhor.\" \/>\n<meta property=\"og:url\" content=\"https:\/\/universofamilia.com\/hr\/quais-os-ciclos-do-sono-do-bebe\/\" \/>\n<meta property=\"og:site_name\" content=\"Universo Fam\u00edlia\" \/>\n<meta property=\"article:published_time\" content=\"2023-06-05T22:19:36+00:00\" \/>\n<meta property=\"og:image\" content=\"https:\/\/universofamilia.com\/wp-content\/uploads\/sites\/148\/2023\/06\/FOTO-DESTAQUE-ciclos-de-sono-do-bebe-universo-familia-448x350-.png\" \/>\n\t<meta property=\"og:image:width\" content=\"448\" \/>\n\t<meta property=\"og:image:height\" content=\"350\" \/>\n\t<meta property=\"og:image:type\" content=\"image\/png\" \/>\n<meta name=\"twitter:card\" content=\"summary_large_image\" \/>\n<meta name=\"twitter:label1\" content=\"Est. reading time\" \/>\n\t<meta name=\"twitter:data1\" content=\"5 minuta\" \/>\n<script type=\"application\/ld+json\" class=\"yoast-schema-graph\">{\"@context\":\"https:\/\/schema.org\",\"@graph\":[{\"@type\":\"WebPage\",\"@id\":\"https:\/\/universofamilia.com\/zh_hk\/quais-os-ciclos-do-sono-do-bebe\/\",\"url\":\"https:\/\/universofamilia.com\/zh_hk\/quais-os-ciclos-do-sono-do-bebe\/\",\"name\":\"Quais os Ciclos do Sono do Beb\u00ea - Universo Fam\u00edlia\",\"isPartOf\":{\"@id\":\"https:\/\/universofamilia.com\/el\/#website\"},\"primaryImageOfPage\":{\"@id\":\"https:\/\/universofamilia.com\/zh_hk\/quais-os-ciclos-do-sono-do-bebe\/#primaryimage\"},\"image\":{\"@id\":\"https:\/\/universofamilia.com\/zh_hk\/quais-os-ciclos-do-sono-do-bebe\/#primaryimage\"},\"thumbnailUrl\":\"https:\/\/universofamilia.com\/wp-content\/uploads\/sites\/148\/2023\/06\/FOTO-DESTAQUE-ciclos-de-sono-do-bebe-universo-familia-448x350-.png\",\"datePublished\":\"2023-06-05T22:19:36+00:00\",\"dateModified\":\"2023-06-05T22:19:36+00:00\",\"author\":{\"@id\":\"\"},\"description\":\"Quais os Ciclos do Sono do Beb\u00ea, entenda e Ajude seu Pequeno a Dormir Melhor.\",\"breadcrumb\":{\"@id\":\"https:\/\/universofamilia.com\/zh_hk\/quais-os-ciclos-do-sono-do-bebe\/#breadcrumb\"},\"inLanguage\":\"hr\",\"potentialAction\":[{\"@type\":\"ReadAction\",\"target\":[\"https:\/\/universofamilia.com\/zh_hk\/quais-os-ciclos-do-sono-do-bebe\/\"]}]},{\"@type\":\"ImageObject\",\"inLanguage\":\"hr\",\"@id\":\"https:\/\/universofamilia.com\/zh_hk\/quais-os-ciclos-do-sono-do-bebe\/#primaryimage\",\"url\":\"https:\/\/universofamilia.com\/wp-content\/uploads\/sites\/148\/2023\/06\/FOTO-DESTAQUE-ciclos-de-sono-do-bebe-universo-familia-448x350-.png\",\"contentUrl\":\"https:\/\/universofamilia.com\/wp-content\/uploads\/sites\/148\/2023\/06\/FOTO-DESTAQUE-ciclos-de-sono-do-bebe-universo-familia-448x350-.png\",\"width\":448,\"height\":350},{\"@type\":\"BreadcrumbList\",\"@id\":\"https:\/\/universofamilia.com\/zh_hk\/quais-os-ciclos-do-sono-do-bebe\/#breadcrumb\",\"itemListElement\":[{\"@type\":\"ListItem\",\"position\":1,\"name\":\"Home\",\"item\":\"https:\/\/universofamilia.com\/el\/\"},{\"@type\":\"ListItem\",\"position\":2,\"name\":\"Quais os Ciclos do Sono do Beb\u00ea\"}]},{\"@type\":\"WebSite\",\"@id\":\"https:\/\/universofamilia.com\/el\/#website\",\"url\":\"https:\/\/universofamilia.com\/el\/\",\"name\":\"Universo Fam\u00edlia\",\"description\":\"\",\"potentialAction\":[{\"@type\":\"SearchAction\",\"target\":{\"@type\":\"EntryPoint\",\"urlTemplate\":\"https:\/\/universofamilia.com\/el\/?s={search_term_string}\"},\"query-input\":\"required name=search_term_string\"}],\"inLanguage\":\"hr\"}]}<\/script>\n<!-- \/ Yoast SEO plugin. -->","yoast_head_json":{"title":"Quais os Ciclos do Sono do Beb\u00ea - Universo Fam\u00edlia","description":"Quais os Ciclos do Sono do Beb\u00ea, entenda e Ajude seu Pequeno a Dormir Melhor.","robots":{"index":"index","follow":"follow","max-snippet":"max-snippet:-1","max-image-preview":"max-image-preview:large","max-video-preview":"max-video-preview:-1"},"canonical":"https:\/\/universofamilia.com\/hr\/quais-os-ciclos-do-sono-do-bebe\/","og_locale":"hr_HR","og_type":"article","og_title":"Quais os Ciclos do Sono do Beb\u00ea - Universo Fam\u00edlia","og_description":"Quais os Ciclos do Sono do Beb\u00ea, entenda e Ajude seu Pequeno a Dormir Melhor.","og_url":"https:\/\/universofamilia.com\/hr\/quais-os-ciclos-do-sono-do-bebe\/","og_site_name":"Universo Fam\u00edlia","article_published_time":"2023-06-05T22:19:36+00:00","og_image":[{"width":448,"height":350,"url":"https:\/\/universofamilia.com\/wp-content\/uploads\/sites\/148\/2023\/06\/FOTO-DESTAQUE-ciclos-de-sono-do-bebe-universo-familia-448x350-.png","type":"image\/png"}],"twitter_card":"summary_large_image","twitter_misc":{"Est. reading time":"5 minuta"},"schema":{"@context":"https:\/\/schema.org","@graph":[{"@type":"WebPage","@id":"https:\/\/universofamilia.com\/zh_hk\/quais-os-ciclos-do-sono-do-bebe\/","url":"https:\/\/universofamilia.com\/zh_hk\/quais-os-ciclos-do-sono-do-bebe\/","name":"Quais os Ciclos do Sono do Beb\u00ea - Universo Fam\u00edlia","isPartOf":{"@id":"https:\/\/universofamilia.com\/el\/#website"},"primaryImageOfPage":{"@id":"https:\/\/universofamilia.com\/zh_hk\/quais-os-ciclos-do-sono-do-bebe\/#primaryimage"},"image":{"@id":"https:\/\/universofamilia.com\/zh_hk\/quais-os-ciclos-do-sono-do-bebe\/#primaryimage"},"thumbnailUrl":"https:\/\/universofamilia.com\/wp-content\/uploads\/sites\/148\/2023\/06\/FOTO-DESTAQUE-ciclos-de-sono-do-bebe-universo-familia-448x350-.png","datePublished":"2023-06-05T22:19:36+00:00","dateModified":"2023-06-05T22:19:36+00:00","author":{"@id":""},"description":"Quais os Ciclos do Sono do Beb\u00ea, entenda e Ajude seu Pequeno a Dormir Melhor.","breadcrumb":{"@id":"https:\/\/universofamilia.com\/zh_hk\/quais-os-ciclos-do-sono-do-bebe\/#breadcrumb"},"inLanguage":"hr","potentialAction":[{"@type":"ReadAction","target":["https:\/\/universofamilia.com\/zh_hk\/quais-os-ciclos-do-sono-do-bebe\/"]}]},{"@type":"ImageObject","inLanguage":"hr","@id":"https:\/\/universofamilia.com\/zh_hk\/quais-os-ciclos-do-sono-do-bebe\/#primaryimage","url":"https:\/\/universofamilia.com\/wp-content\/uploads\/sites\/148\/2023\/06\/FOTO-DESTAQUE-ciclos-de-sono-do-bebe-universo-familia-448x350-.png","contentUrl":"https:\/\/universofamilia.com\/wp-content\/uploads\/sites\/148\/2023\/06\/FOTO-DESTAQUE-ciclos-de-sono-do-bebe-universo-familia-448x350-.png","width":448,"height":350},{"@type":"BreadcrumbList","@id":"https:\/\/universofamilia.com\/zh_hk\/quais-os-ciclos-do-sono-do-bebe\/#breadcrumb","itemListElement":[{"@type":"ListItem","position":1,"name":"Home","item":"https:\/\/universofamilia.com\/el\/"},{"@type":"ListItem","position":2,"name":"Quais os Ciclos do Sono do Beb\u00ea"}]},{"@type":"WebSite","@id":"https:\/\/universofamilia.com\/el\/#website","url":"https:\/\/universofamilia.com\/el\/","name":"Universo Fam\u00edlia","description":"","potentialAction":[{"@type":"SearchAction","target":{"@type":"EntryPoint","urlTemplate":"https:\/\/universofamilia.com\/el\/?s={search_term_string}"},"query-input":"required name=search_term_string"}],"inLanguage":"hr"}]}},"_links":{"self":[{"href":"https:\/\/universofamilia.com\/hr\/wp-json\/wp\/v2\/posts\/2242"}],"collection":[{"href":"https:\/\/universofamilia.com\/hr\/wp-json\/wp\/v2\/posts"}],"about":[{"href":"https:\/\/universofamilia.com\/hr\/wp-json\/wp\/v2\/types\/post"}],"replies":[{"embeddable":true,"href":"https:\/\/universofamilia.com\/hr\/wp-json\/wp\/v2\/comments?post=2242"}],"version-history":[{"count":0,"href":"https:\/\/universofamilia.com\/hr\/wp-json\/wp\/v2\/posts\/2242\/revisions"}],"wp:featuredmedia":[{"embeddable":true,"href":"https:\/\/universofamilia.com\/hr\/wp-json\/wp\/v2\/media\/2245"}],"wp:attachment":[{"href":"https:\/\/universofamilia.com\/hr\/wp-json\/wp\/v2\/media?parent=2242"}],"wp:term":[{"taxonomy":"category","embeddable":true,"href":"https:\/\/universofamilia.com\/hr\/wp-json\/wp\/v2\/categories?post=2242"},{"taxonomy":"post_tag","embeddable":true,"href":"https:\/\/universofamilia.com\/hr\/wp-json\/wp\/v2\/tags?post=2242"}],"curies":[{"name":"wp","href":"https:\/\/api.w.org\/{rel}","templated":true}]}}