{"id":2752,"date":"2023-06-18T20:42:37","date_gmt":"2023-06-18T23:42:37","guid":{"rendered":"https:\/\/universofamilia.com\/?p=2752"},"modified":"2025-02-07T01:22:33","modified_gmt":"2025-02-07T01:22:33","slug":"posso-utilizar-ventilador-no-quarto-do-bebe","status":"publish","type":"post","link":"https:\/\/universofamilia.com\/hr\/posso-utilizar-ventilador-no-quarto-do-bebe\/","title":{"rendered":"Mogu li koristiti ventilator u dje\u010djoj sobi?"},"content":{"rendered":"<p>Mogu li koristiti ventilator u dje\u010djoj sobi? Kada je u pitanju stvaranje ugodnog okru\u017eenja za va\u0161u bebu, mnogi se pitaju je li sigurno i korisno koristiti ventilator u maloj sobi.<\/p>\n\n\n\n<p>Nadalje, pozabavit \u0107emo se ovim pitanjem s informacijama o prednostima i njezi vezanoj uz kori\u0161tenje ventilatora u dje\u010djoj sobi, kao i istaknuti prednosti i nedostatke izme\u0111u dje\u010djeg ventilatora i obi\u010dnog ventilatora.<\/p>\n\n\n\n<p>Nastavite \u010ditati za korisne smjernice i kako biste osigurali udobnost svoje bebe tijekom sljede\u0107ih nekoliko dana.<\/p>\n\n\n\n<p>Pro\u010ditajte i Kako uzgojiti Brinquedotecu kod ku\u0107e<\/p>\n\n\n<div class=\"wp-block-image\">\n<figure class=\"aligncenter size-full\"><img loading=\"lazy\" decoding=\"async\" width=\"550\" height=\"350\" src=\"http:\/\/universofamilia.com\/wp-content\/uploads\/sites\/148\/2023\/06\/POST-ventilador-de-teto-universo-familia-.png\" alt=\"\" class=\"wp-image-2755\" srcset=\"https:\/\/universofamilia.com\/wp-content\/uploads\/sites\/148\/2023\/06\/POST-ventilador-de-teto-universo-familia-.png 550w, https:\/\/universofamilia.com\/wp-content\/uploads\/sites\/148\/2023\/06\/POST-ventilador-de-teto-universo-familia--300x191.png 300w\" sizes=\"(max-width: 550px) 100vw, 550px\" \/><figcaption class=\"wp-element-caption\"><em>Fotografija: (reprodukcija\/internet)<\/em><\/figcaption><\/figure><\/div>\n\n\n<h3 class=\"wp-block-heading\"><strong>Prednosti i njega kori\u0161tenja ventilatora u dje\u010djoj sobi<\/strong><\/h3>\n\n\n\n<p>Kori\u0161tenje ventilatora u dje\u010djoj sobi mo\u017ee imati nekoliko prednosti, posebno tijekom hladnijih godi\u0161njih doba. U nastavku predstavljamo neke prednosti kori\u0161tenja ventilatora:<\/p>\n\n\n\n<p><strong>Regulacija temperature<\/strong>Prikladan ventilator mo\u017ee pomo\u0107i u odr\u017eavanju hladne i ugodne okoline za bebu, izbjegavaju\u0107i nelagodu uzrokovanu pretjeranom toplinom.<\/p>\n\n\n\n<p><strong>Cirkulacija zraka<\/strong>Ventilator poti\u010de cirkulaciju u bebinoj sobi, smanjuju\u0107i osje\u0107aj umora i smanjuju\u0107i koncentraciju plinova i mirisa.<\/p>\n\n\n\n<p><strong>Bijeli \u0161um<\/strong>: Meko svjetlo ventilatora mo\u017ee stvoriti umiruju\u0107i bijeli \u0161um koji poma\u017ee bebi da se opusti i lak\u0161e zaspi.<\/p>\n\n\n\n<p>Kori\u0161tenje ventilatora ima svoje prednosti, ali je bitno poduzeti neke mjere opreza kako biste osigurali sigurnost zdravlja svoje bebe:<\/p>\n\n\n\n<p><strong>Sigurna udaljenost<\/strong>Pazite da ventilator bude postavljen na sigurno mjesto i izvan dohvata bebe. Tako\u0111er, izbjegavajte postavljanje blizu vrata ili predmeta koje djeca mogu dohvatiti.<\/p>\n\n\n\n<p><strong>Redovito \u010di\u0161\u0107enje<\/strong>: Ventilator odr\u017eavajte \u010distim i bez pra\u0161ine kako biste sprije\u010dili \u0161irenje alergena u okolini.<\/p>\n\n\n\n<p><strong>Odgovaraju\u0107a ventilacija<\/strong>: Ako se odlu\u010dite za kori\u0161tenje ventilatora, va\u017eno je osigurati dobru ventilaciju u prostoriji, otvaraju\u0107i vrata i dovratnike kako bi u\u0161ao svje\u017ei zrak.<\/p>\n\n\n\n<h4 class=\"wp-block-heading\"><strong>Teto ventilator u odnosu na obi\u010dni ventilator<\/strong><\/h4>\n\n\n\n<p>Sada, usporedimo prednosti i nedostatke stropnog ventilatora i obi\u010dnog ventilatora.<\/p>\n\n\n\n<h4 class=\"wp-block-heading\"><strong>Stropni ventilator<\/strong><\/h4>\n\n\n<div class=\"wp-block-image\">\n<figure class=\"aligncenter size-full\"><img loading=\"lazy\" decoding=\"async\" width=\"550\" height=\"350\" src=\"http:\/\/universofamilia.com\/wp-content\/uploads\/sites\/148\/2023\/06\/POST-ventilador-de-teto-universo-familia-1-1.png\" alt=\"\" class=\"wp-image-2754\" srcset=\"https:\/\/universofamilia.com\/wp-content\/uploads\/sites\/148\/2023\/06\/POST-ventilador-de-teto-universo-familia-1-1.png 550w, https:\/\/universofamilia.com\/wp-content\/uploads\/sites\/148\/2023\/06\/POST-ventilador-de-teto-universo-familia-1-1-300x191.png 300w\" sizes=\"(max-width: 550px) 100vw, 550px\" \/><figcaption class=\"wp-element-caption\"><em>Fotografija: (reprodukcija\/internet)<\/em><\/figcaption><\/figure><\/div>\n\n\n<h5 class=\"wp-block-heading\"><strong>Prednosti<\/strong><\/h5>\n\n\n\n<p><strong>Svemirska ekonomija<\/strong>Stropni ventilator je pri\u010dvr\u0161\u0107en na strop, zauzimaju\u0107i manje prostora u dje\u010djoj sobi.<\/p>\n\n\n\n<p><strong>Jednolika raspodjela<\/strong>Stra\u017enji ventilator radi ravnomjernije u okru\u017eenju, pru\u017eaju\u0107i ugodan osje\u0107aj.<\/p>\n\n\n\n<p><strong>Sigurnost<\/strong>Budu\u0107i da nije visok, stropni ventilator je izvan dohvata bebe, \u0161to smanjuje rizik od nezgoda.<\/p>\n\n\n\n<h5 class=\"wp-block-heading\"><strong>Nedostaci<\/strong><\/h5>\n\n\n\n<p><strong>Te\u0161ko je kontrolirati smjer vjetra<\/strong>: Kod nekih modela mo\u017ee biti te\u0161ko podesiti smjer protoka zraka ili to mo\u017ee uzrokovati nelagodu bebi.<\/p>\n\n\n\n<p><strong>Te\u0161ko\u0107e u \u010di\u0161\u0107enju<\/strong>Zbog polo\u017eaja na glavi, \u010di\u0161\u0107enje ventilatora glave mo\u017ee biti te\u017ee.<\/p>\n\n\n\n<h4 class=\"wp-block-heading\"><strong>Obi\u010dni ventilator<\/strong><\/h4>\n\n\n<div class=\"wp-block-image\">\n<figure class=\"aligncenter size-full\"><img loading=\"lazy\" decoding=\"async\" width=\"550\" height=\"350\" src=\"http:\/\/universofamilia.com\/wp-content\/uploads\/sites\/148\/2023\/06\/POST-ventilador-de-teto-universo-familia-2.png\" alt=\"\" class=\"wp-image-2756\" srcset=\"https:\/\/universofamilia.com\/wp-content\/uploads\/sites\/148\/2023\/06\/POST-ventilador-de-teto-universo-familia-2.png 550w, https:\/\/universofamilia.com\/wp-content\/uploads\/sites\/148\/2023\/06\/POST-ventilador-de-teto-universo-familia-2-300x191.png 300w\" sizes=\"(max-width: 550px) 100vw, 550px\" \/><figcaption class=\"wp-element-caption\"><em>Fotografija: (reprodukcija\/internet)<\/em><\/figcaption><\/figure><\/div>\n\n\n<h5 class=\"wp-block-heading\"><strong>Prednosti<\/strong><\/h5>\n\n\n\n<p><strong>Prenosivost<\/strong>: Uobi\u010dajeni ventilator mo\u017eete jednostavno premjestiti iz jedne prostorije u drugu, \u0161to vam omogu\u0107uje usmjeravanje protoka zraka prema potrebi.<\/p>\n\n\n\n<p><strong>Podesiva kontrola<\/strong>Ve\u0107ina dvaju uobi\u010dajenih modela ventilatora nudi mogu\u0107nosti pode\u0161avanja brzine i smjera vjetra, pru\u017eaju\u0107i ve\u0107u udobnost bebi.<\/p>\n\n\n\n<p><strong>Jednostavno \u010di\u0161\u0107enje<\/strong>Uobi\u010dajene ventilatore je lak\u0161e \u010distiti zbog njihove pristupa\u010dne strukture.<\/p>\n\n\n\n<h5 class=\"wp-block-heading\"><strong>Nedostaci<\/strong><\/h5>\n\n\n\n<p><strong>Zauzimanje prostora<\/strong>Obi\u010dni ventilatori zauzimaju dodatni prostor u prostoriji, \u0161to mo\u017ee biti nezgodno u manjim prostorima.<\/p>\n\n\n\n<p><strong>Ve\u0107i rizik od nesre\u0107a<\/strong>Zbog svoje pokretljivosti, potrebno je paziti da beba nema izravan pristup ventilatoru koji radi.<\/p>\n\n\n\n<p>Pro\u010ditajte i 10 prakti\u010dnih savjeta za ure\u0111enje dje\u010dje sobe<\/p>\n\n\n\n<h3 class=\"wp-block-heading\"><strong>Zaklju\u010dak<\/strong><\/h3>\n\n\n<div class=\"wp-block-image\">\n<figure class=\"aligncenter size-full\"><img loading=\"lazy\" decoding=\"async\" width=\"550\" height=\"350\" src=\"http:\/\/universofamilia.com\/wp-content\/uploads\/sites\/148\/2023\/06\/POST-ventilador-de-teto-universo-familia-3.png\" alt=\"\" class=\"wp-image-2757\" srcset=\"https:\/\/universofamilia.com\/wp-content\/uploads\/sites\/148\/2023\/06\/POST-ventilador-de-teto-universo-familia-3.png 550w, https:\/\/universofamilia.com\/wp-content\/uploads\/sites\/148\/2023\/06\/POST-ventilador-de-teto-universo-familia-3-300x191.png 300w\" sizes=\"(max-width: 550px) 100vw, 550px\" \/><figcaption class=\"wp-element-caption\"><em>Fotografija: (reprodukcija\/internet)<\/em><\/figcaption><\/figure><\/div>\n\n\n<p>Prilikom razmatranja kori\u0161tenja ventilatora u dje\u010djoj sobi, va\u017eno je procijeniti prednosti i potrebnu njegu.<\/p>\n\n\n\n<p>Regulacija temperature, cirkulacija zraka i bijeli \u0161um koji pru\u017ea ventilator mogu pru\u017eiti udobnost bebi.<\/p>\n\n\n\n<p>Me\u0111utim, bitno je poduzeti mjere opreza kako bi se osigurala sigurnost, poput postavljanja ventilatora izvan dohvata djeteta i redovitog \u010di\u0161\u0107enja.<\/p>\n\n\n\n<p>Tako\u0111er, pri odabiru izme\u0111u stropnog ventilatora i obi\u010dnog ventilatora, razmotrite prednosti i nedostatke svake opcije.<\/p>\n\n\n\n<p>Osim toga, uz odgovaraju\u0107e mjere opreza i sigurnosti, kori\u0161tenje ventilatora u dje\u010djoj sobi mo\u017ee doprinijeti ugodnom i udobnom okru\u017eenju.<\/p>\n\n\n\n<h3 class=\"wp-block-heading\"><strong>Za vi\u0161e informacija o kori\u0161tenju ventilatora u dje\u010djoj sobi mo\u017eete se obratiti sljede\u0107im pouzdanim izvorima.<\/strong><\/h3>\n\n\n\n<p>Sociedade Brasileira de Pediatria (SBP) \u2013 SBP je priznata medicinska ustanova koja nudi smjernice i preporuke za njegu beba.<\/p>\n\n\n\n<p>Slu\u017ebena stranica SBP-a sadr\u017ei relevantne informacije o sigurnosti i zdravlju djece.<\/p>\n\n\n\n<p>Ameri\u010dka akademija za pedijatriju (AAP) \u2013 AAP je renomirana pedijatrijska organizacija sa sjedi\u0161tem u Sjedinjenim Dr\u017eavama.<\/p>\n\n\n\n<p>Stranica AAP-a pru\u017ea vrijedne resurse za zemlje i zdravstvene djelatnike, uklju\u010duju\u0107i smjernice o zdravlju i sigurnosti djece.<\/p>\n\n\n\n<p>Uvijek biste trebali razmisliti o konzultaciji s pedijatrom ili lije\u010dnikom specijaliziranim za specifi\u010dne slu\u010dajeve. Tako\u0111er se toplo preporu\u010duje da potra\u017eite savjet od pedijatra ili specijaliziranog lije\u010dnika kako biste dobili personalizirane i odgovaraju\u0107e informacije za situaciju va\u0161e bebe.<\/p>\n\n\n\n<p>Mo\u0107 pru\u017eanja personaliziranog vodstva na temelju zdravlja i individualnih potreba va\u0161e bebe.<\/p>\n\n\n\n<p>Morate imati na umu da je bitno provjeriti a\u017euriranost informacija u tim izvorima, nakon \u0161to se upute i preporuke mogu a\u017eurirati s vremenom.<\/p>\n\n\n\n<p>Tako\u0111er, znajte da<a href=\"https:\/\/www.luzbaby.com.br\/\" target=\"_blank\" rel=\"noreferrer noopener\"> Luz Baby je jedna od najboljih trgovina proizvodima za dojen\u010dad i uvodom u hranu. Kliknite ovdje.<\/a><\/p>","protected":false},"excerpt":{"rendered":"<p>Posso utilizar ventilador no quarto do beb\u00ea? Quando se trata de criar um ambiente confort\u00e1vel para o beb\u00ea, muitas m\u00e3es se perguntam se \u00e9 seguro e ben\u00e9fico utilizar um ventilador no quarto do pequeno. Al\u00e9m disso, abordaremos essa quest\u00e3o com informa\u00e7\u00f5es sobre os benef\u00edcios e cuidados relacionados ao uso de ventiladores no quarto do beb\u00ea, [&hellip;]<\/p>","protected":false},"author":139,"featured_media":2759,"comment_status":"closed","ping_status":"open","sticky":false,"template":"","format":"standard","meta":{"footnotes":""},"categories":[4],"tags":[1310,1540,1541],"yoast_head":"<!-- This site is optimized with the Yoast SEO plugin v23.3 - https:\/\/yoast.com\/wordpress\/plugins\/seo\/ -->\n<title>Posso utilizar ventilador no quarto do beb\u00ea? - Universo Fam\u00edlia<\/title>\n<meta name=\"description\" content=\"Posso utilizar ventilador no quarto do beb\u00ea? Quando se trata de criar um ambiente confort\u00e1vel para o beb\u00ea,\" \/>\n<meta name=\"robots\" content=\"index, follow, max-snippet:-1, max-image-preview:large, max-video-preview:-1\" \/>\n<link rel=\"canonical\" href=\"http:\/\/universofamilia.com\/hr\/posso-utilizar-ventilador-no-quarto-do-bebe\/\" \/>\n<meta property=\"og:locale\" content=\"hr_HR\" \/>\n<meta property=\"og:type\" content=\"article\" \/>\n<meta property=\"og:title\" content=\"Posso utilizar ventilador no quarto do beb\u00ea? - Universo Fam\u00edlia\" \/>\n<meta property=\"og:description\" content=\"Posso utilizar ventilador no quarto do beb\u00ea? Quando se trata de criar um ambiente confort\u00e1vel para o beb\u00ea,\" \/>\n<meta property=\"og:url\" content=\"http:\/\/universofamilia.com\/hr\/posso-utilizar-ventilador-no-quarto-do-bebe\/\" \/>\n<meta property=\"og:site_name\" content=\"Universo Fam\u00edlia\" \/>\n<meta property=\"article:published_time\" content=\"2023-06-18T23:42:37+00:00\" \/>\n<meta property=\"article:modified_time\" content=\"2025-02-07T01:22:33+00:00\" \/>\n<meta property=\"og:image\" content=\"http:\/\/universofamilia.com\/wp-content\/uploads\/sites\/148\/2023\/06\/FOTO-DESTAQUE-ventilador-de-teto-universo-familia-.png\" \/>\n\t<meta property=\"og:image:width\" content=\"448\" \/>\n\t<meta property=\"og:image:height\" content=\"350\" \/>\n\t<meta property=\"og:image:type\" content=\"image\/png\" \/>\n<meta name=\"author\" content=\"Pedro Henrique\" \/>\n<meta name=\"twitter:card\" content=\"summary_large_image\" \/>\n<meta name=\"twitter:label1\" content=\"Written by\" \/>\n\t<meta name=\"twitter:data1\" content=\"Pedro Henrique\" \/>\n\t<meta name=\"twitter:label2\" content=\"Est. reading time\" \/>\n\t<meta name=\"twitter:data2\" content=\"6 minuta\" \/>\n<script type=\"application\/ld+json\" class=\"yoast-schema-graph\">{\"@context\":\"https:\/\/schema.org\",\"@graph\":[{\"@type\":\"WebPage\",\"@id\":\"http:\/\/universofamilia.com\/en\/posso-utilizar-ventilador-no-quarto-do-bebe\/\",\"url\":\"http:\/\/universofamilia.com\/en\/posso-utilizar-ventilador-no-quarto-do-bebe\/\",\"name\":\"Posso utilizar ventilador no quarto do beb\u00ea? - Universo Fam\u00edlia\",\"isPartOf\":{\"@id\":\"http:\/\/universofamilia.com\/zh_hk\/#website\"},\"primaryImageOfPage\":{\"@id\":\"http:\/\/universofamilia.com\/en\/posso-utilizar-ventilador-no-quarto-do-bebe\/#primaryimage\"},\"image\":{\"@id\":\"http:\/\/universofamilia.com\/en\/posso-utilizar-ventilador-no-quarto-do-bebe\/#primaryimage\"},\"thumbnailUrl\":\"https:\/\/universofamilia.com\/wp-content\/uploads\/sites\/148\/2023\/06\/FOTO-DESTAQUE-ventilador-de-teto-universo-familia-.png\",\"datePublished\":\"2023-06-18T23:42:37+00:00\",\"dateModified\":\"2025-02-07T01:22:33+00:00\",\"author\":{\"@id\":\"http:\/\/universofamilia.com\/zh_hk\/#\/schema\/person\/f07ce98187dd84d31154262e79b3b7ca\"},\"description\":\"Posso utilizar ventilador no quarto do beb\u00ea? Quando se trata de criar um ambiente confort\u00e1vel para o beb\u00ea,\",\"breadcrumb\":{\"@id\":\"http:\/\/universofamilia.com\/en\/posso-utilizar-ventilador-no-quarto-do-bebe\/#breadcrumb\"},\"inLanguage\":\"hr\",\"potentialAction\":[{\"@type\":\"ReadAction\",\"target\":[\"http:\/\/universofamilia.com\/en\/posso-utilizar-ventilador-no-quarto-do-bebe\/\"]}]},{\"@type\":\"ImageObject\",\"inLanguage\":\"hr\",\"@id\":\"http:\/\/universofamilia.com\/en\/posso-utilizar-ventilador-no-quarto-do-bebe\/#primaryimage\",\"url\":\"https:\/\/universofamilia.com\/wp-content\/uploads\/sites\/148\/2023\/06\/FOTO-DESTAQUE-ventilador-de-teto-universo-familia-.png\",\"contentUrl\":\"https:\/\/universofamilia.com\/wp-content\/uploads\/sites\/148\/2023\/06\/FOTO-DESTAQUE-ventilador-de-teto-universo-familia-.png\",\"width\":448,\"height\":350},{\"@type\":\"BreadcrumbList\",\"@id\":\"http:\/\/universofamilia.com\/en\/posso-utilizar-ventilador-no-quarto-do-bebe\/#breadcrumb\",\"itemListElement\":[{\"@type\":\"ListItem\",\"position\":1,\"name\":\"Home\",\"item\":\"http:\/\/universofamilia.com\/zh_hk\/\"},{\"@type\":\"ListItem\",\"position\":2,\"name\":\"Posso utilizar ventilador no quarto do beb\u00ea?\"}]},{\"@type\":\"WebSite\",\"@id\":\"http:\/\/universofamilia.com\/zh_hk\/#website\",\"url\":\"http:\/\/universofamilia.com\/zh_hk\/\",\"name\":\"Universo Fam\u00edlia\",\"description\":\"\",\"potentialAction\":[{\"@type\":\"SearchAction\",\"target\":{\"@type\":\"EntryPoint\",\"urlTemplate\":\"http:\/\/universofamilia.com\/zh_hk\/?s={search_term_string}\"},\"query-input\":\"required name=search_term_string\"}],\"inLanguage\":\"hr\"},{\"@type\":\"Person\",\"@id\":\"http:\/\/universofamilia.com\/zh_hk\/#\/schema\/person\/f07ce98187dd84d31154262e79b3b7ca\",\"name\":\"Pedro Henrique\",\"image\":{\"@type\":\"ImageObject\",\"inLanguage\":\"hr\",\"@id\":\"http:\/\/universofamilia.com\/zh_hk\/#\/schema\/person\/image\/\",\"url\":\"https:\/\/secure.gravatar.com\/avatar\/9edfeb808cb4e1599f64d6e45b130154?s=96&d=mm&r=g\",\"contentUrl\":\"https:\/\/secure.gravatar.com\/avatar\/9edfeb808cb4e1599f64d6e45b130154?s=96&d=mm&r=g\",\"caption\":\"Pedro Henrique\"},\"url\":\"https:\/\/universofamilia.com\/hr\/author\/editor01\/\"}]}<\/script>\n<!-- \/ Yoast SEO plugin. -->","yoast_head_json":{"title":"Posso utilizar ventilador no quarto do beb\u00ea? - Universo Fam\u00edlia","description":"Posso utilizar ventilador no quarto do beb\u00ea? Quando se trata de criar um ambiente confort\u00e1vel para o beb\u00ea,","robots":{"index":"index","follow":"follow","max-snippet":"max-snippet:-1","max-image-preview":"max-image-preview:large","max-video-preview":"max-video-preview:-1"},"canonical":"http:\/\/universofamilia.com\/hr\/posso-utilizar-ventilador-no-quarto-do-bebe\/","og_locale":"hr_HR","og_type":"article","og_title":"Posso utilizar ventilador no quarto do beb\u00ea? - Universo Fam\u00edlia","og_description":"Posso utilizar ventilador no quarto do beb\u00ea? Quando se trata de criar um ambiente confort\u00e1vel para o beb\u00ea,","og_url":"http:\/\/universofamilia.com\/hr\/posso-utilizar-ventilador-no-quarto-do-bebe\/","og_site_name":"Universo Fam\u00edlia","article_published_time":"2023-06-18T23:42:37+00:00","article_modified_time":"2025-02-07T01:22:33+00:00","og_image":[{"width":448,"height":350,"url":"http:\/\/universofamilia.com\/wp-content\/uploads\/sites\/148\/2023\/06\/FOTO-DESTAQUE-ventilador-de-teto-universo-familia-.png","type":"image\/png"}],"author":"Pedro Henrique","twitter_card":"summary_large_image","twitter_misc":{"Written by":"Pedro Henrique","Est. reading time":"6 minuta"},"schema":{"@context":"https:\/\/schema.org","@graph":[{"@type":"WebPage","@id":"http:\/\/universofamilia.com\/en\/posso-utilizar-ventilador-no-quarto-do-bebe\/","url":"http:\/\/universofamilia.com\/en\/posso-utilizar-ventilador-no-quarto-do-bebe\/","name":"Posso utilizar ventilador no quarto do beb\u00ea? - Universo Fam\u00edlia","isPartOf":{"@id":"http:\/\/universofamilia.com\/zh_hk\/#website"},"primaryImageOfPage":{"@id":"http:\/\/universofamilia.com\/en\/posso-utilizar-ventilador-no-quarto-do-bebe\/#primaryimage"},"image":{"@id":"http:\/\/universofamilia.com\/en\/posso-utilizar-ventilador-no-quarto-do-bebe\/#primaryimage"},"thumbnailUrl":"https:\/\/universofamilia.com\/wp-content\/uploads\/sites\/148\/2023\/06\/FOTO-DESTAQUE-ventilador-de-teto-universo-familia-.png","datePublished":"2023-06-18T23:42:37+00:00","dateModified":"2025-02-07T01:22:33+00:00","author":{"@id":"http:\/\/universofamilia.com\/zh_hk\/#\/schema\/person\/f07ce98187dd84d31154262e79b3b7ca"},"description":"Posso utilizar ventilador no quarto do beb\u00ea? Quando se trata de criar um ambiente confort\u00e1vel para o beb\u00ea,","breadcrumb":{"@id":"http:\/\/universofamilia.com\/en\/posso-utilizar-ventilador-no-quarto-do-bebe\/#breadcrumb"},"inLanguage":"hr","potentialAction":[{"@type":"ReadAction","target":["http:\/\/universofamilia.com\/en\/posso-utilizar-ventilador-no-quarto-do-bebe\/"]}]},{"@type":"ImageObject","inLanguage":"hr","@id":"http:\/\/universofamilia.com\/en\/posso-utilizar-ventilador-no-quarto-do-bebe\/#primaryimage","url":"https:\/\/universofamilia.com\/wp-content\/uploads\/sites\/148\/2023\/06\/FOTO-DESTAQUE-ventilador-de-teto-universo-familia-.png","contentUrl":"https:\/\/universofamilia.com\/wp-content\/uploads\/sites\/148\/2023\/06\/FOTO-DESTAQUE-ventilador-de-teto-universo-familia-.png","width":448,"height":350},{"@type":"BreadcrumbList","@id":"http:\/\/universofamilia.com\/en\/posso-utilizar-ventilador-no-quarto-do-bebe\/#breadcrumb","itemListElement":[{"@type":"ListItem","position":1,"name":"Home","item":"http:\/\/universofamilia.com\/zh_hk\/"},{"@type":"ListItem","position":2,"name":"Posso utilizar ventilador no quarto do beb\u00ea?"}]},{"@type":"WebSite","@id":"http:\/\/universofamilia.com\/zh_hk\/#website","url":"http:\/\/universofamilia.com\/zh_hk\/","name":"Universo Fam\u00edlia","description":"","potentialAction":[{"@type":"SearchAction","target":{"@type":"EntryPoint","urlTemplate":"http:\/\/universofamilia.com\/zh_hk\/?s={search_term_string}"},"query-input":"required name=search_term_string"}],"inLanguage":"hr"},{"@type":"Person","@id":"http:\/\/universofamilia.com\/zh_hk\/#\/schema\/person\/f07ce98187dd84d31154262e79b3b7ca","name":"Pedro Henrique","image":{"@type":"ImageObject","inLanguage":"hr","@id":"http:\/\/universofamilia.com\/zh_hk\/#\/schema\/person\/image\/","url":"https:\/\/secure.gravatar.com\/avatar\/9edfeb808cb4e1599f64d6e45b130154?s=96&d=mm&r=g","contentUrl":"https:\/\/secure.gravatar.com\/avatar\/9edfeb808cb4e1599f64d6e45b130154?s=96&d=mm&r=g","caption":"Pedro Henrique"},"url":"https:\/\/universofamilia.com\/hr\/author\/editor01\/"}]}},"_links":{"self":[{"href":"https:\/\/universofamilia.com\/hr\/wp-json\/wp\/v2\/posts\/2752"}],"collection":[{"href":"https:\/\/universofamilia.com\/hr\/wp-json\/wp\/v2\/posts"}],"about":[{"href":"https:\/\/universofamilia.com\/hr\/wp-json\/wp\/v2\/types\/post"}],"author":[{"embeddable":true,"href":"https:\/\/universofamilia.com\/hr\/wp-json\/wp\/v2\/users\/139"}],"replies":[{"embeddable":true,"href":"https:\/\/universofamilia.com\/hr\/wp-json\/wp\/v2\/comments?post=2752"}],"version-history":[{"count":1,"href":"https:\/\/universofamilia.com\/hr\/wp-json\/wp\/v2\/posts\/2752\/revisions"}],"predecessor-version":[{"id":8591,"href":"https:\/\/universofamilia.com\/hr\/wp-json\/wp\/v2\/posts\/2752\/revisions\/8591"}],"wp:featuredmedia":[{"embeddable":true,"href":"https:\/\/universofamilia.com\/hr\/wp-json\/wp\/v2\/media\/2759"}],"wp:attachment":[{"href":"https:\/\/universofamilia.com\/hr\/wp-json\/wp\/v2\/media?parent=2752"}],"wp:term":[{"taxonomy":"category","embeddable":true,"href":"https:\/\/universofamilia.com\/hr\/wp-json\/wp\/v2\/categories?post=2752"},{"taxonomy":"post_tag","embeddable":true,"href":"https:\/\/universofamilia.com\/hr\/wp-json\/wp\/v2\/tags?post=2752"}],"curies":[{"name":"wp","href":"https:\/\/api.w.org\/{rel}","templated":true}]}}