{"id":2760,"date":"2023-06-18T21:39:10","date_gmt":"2023-06-19T00:39:10","guid":{"rendered":"https:\/\/universofamilia.com\/?p=2760"},"modified":"2025-10-05T22:57:48","modified_gmt":"2025-10-06T01:57:48","slug":"posso-utilizar-ar-condicionado-no-quarto-do-bebe","status":"publish","type":"post","link":"https:\/\/universofamilia.com\/hr\/posso-utilizar-ar-condicionado-no-quarto-do-bebe\/","title":{"rendered":"Mogu li koristiti regenerator u dje\u010djoj sobi?"},"content":{"rendered":"<p>Imati dijete kod ku\u0107e nevjerojatno je iskustvo, ali tako\u0111er izaziva razne zabrinutosti za va\u0161u zemlju.<\/p>\n\n\n\n<p>Mogu li koristiti klima ure\u0111aj u dje\u010djoj sobi? Ljudi se \u010desto boje koristiti klimatizirani klima ure\u0111aj u sigurnoj dje\u010djoj sobi.<\/p>\n\n\n\n<p>Istra\u017eimo prednosti i njegu povezanu s ovim zadatkom, kao i visinu i mjesto prikladno za ugradnju ure\u0111aja.<\/p>\n\n\n<div class=\"wp-block-image\">\n<figure class=\"aligncenter size-full\"><img loading=\"lazy\" decoding=\"async\" width=\"550\" height=\"350\" src=\"http:\/\/universofamilia.com\/wp-content\/uploads\/sites\/148\/2023\/06\/POST-ar-condicionado-universo-familia-2.png\" alt=\"\" class=\"wp-image-2762\" srcset=\"https:\/\/universofamilia.com\/wp-content\/uploads\/sites\/148\/2023\/06\/POST-ar-condicionado-universo-familia-2.png 550w, https:\/\/universofamilia.com\/wp-content\/uploads\/sites\/148\/2023\/06\/POST-ar-condicionado-universo-familia-2-300x191.png 300w\" sizes=\"(max-width: 550px) 100vw, 550px\" \/><figcaption class=\"wp-element-caption\"><em>Fotografija: (reprodukcija\/internet)<\/em><\/figcaption><\/figure><\/div>\n\n\n<h3 class=\"wp-block-heading\"><strong>Prednosti kori\u0161tenja klimatiziranog zraka u dje\u010djoj sobi<\/strong><\/h3>\n\n\n\n<p><strong>Kontrola temperature<\/strong>Klima ure\u0111aj nudi prednost reguliranja temperature u sobi, osiguravaju\u0107i da je dje\u010dja soba uvijek ugodna, posebno tijekom hladnijih godi\u0161njih doba.<\/p>\n\n\n\n<p>Odr\u017eavanje odgovaraju\u0107e temperature mo\u017ee pomo\u0107i u stvaranju mirnog i ugodnog zvuka za va\u0161u bebu.<\/p>\n\n\n\n<p><strong>Smanjenje vla\u017enosti<\/strong>Osim \u0161to kontrolira temperaturu ili klimatizaciju, tako\u0111er poma\u017ee u smanjenju vla\u017enosti zraka u okolini.<\/p>\n\n\n\n<p>To je posebno va\u017eno kako bi se sprije\u010dilo nakupljanje mofosa i grinja, koji mogu biti \u0161tetni za zdravlje di\u0161nog sustava bebe.<\/p>\n\n\n\n<p><strong>Filtracija zraka<\/strong>Mnogi modeli klimatiziranih zraka imaju filtere koji poma\u017eu u pro\u010di\u0161\u0107avanju zraka, uklanjaju\u0107i one\u010di\u0161\u0107enja, pelud i druge alergene koji mogu uzrokovati respiratorne tegobe.<\/p>\n\n\n\n<p>Tako\u0111er, posebno je koristan za bebe koje imaju respiratornu osjetljivost ili alergije.<\/p>\n\n\n\n<p>Leia tako\u0111er <a href=\"https:\/\/universofamilia.com\/hr\/posso-utilizar-ventilador-no-quarto-do-bebe\/\" target=\"_blank\" rel=\"noreferrer noopener\">Mogu li koristiti ventilator u dje\u010djoj sobi?<\/a><\/p>\n\n\n\n<h3 class=\"wp-block-heading\"><strong>Oprez prilikom kori\u0161tenja klimatiziranog zraka u dje\u010djoj sobi<\/strong><\/h3>\n\n\n\n<p><strong>Redovno \u010di\u0161\u0107enje dva filtera<\/strong>: Za jam\u010denje kvalitete zraka, bitno je redovito \u010distiti dva filtera klimatiziranog zraka.<\/p>\n\n\n\n<p>Ova akcija poma\u017ee u sprje\u010davanju nakupljanja one\u010di\u0161\u0107enja i alergena, osiguravaju\u0107i zdravo okru\u017eenje za va\u0161u bebu.<\/p>\n\n\n\n<p><strong>Odgovaraju\u0107a temperatura<\/strong>Va\u017eno je regulirati ili odr\u017eavati temperaturu na odgovaraju\u0107oj temperaturi za bebu.<\/p>\n\n\n\n<p>Preporu\u010duje se odr\u017eavanje temperature izme\u0111u 23\u00b0C i 25\u00b0C, \u0161to osigurava toplinsku udobnost \u010dak i ako je okolina vrlo hladna.<\/p>\n\n\n\n<p><strong>Izbjegavajte izravne struje zraka<\/strong>Postavite ure\u0111aj tako da protok zraka ne dose\u017ee izravno podru\u010dje gdje beba spava.<\/p>\n\n\n\n<p>Tako\u0111er mo\u017ee uzrokovati respiratorne tegobe ili \u010dak prehladu.<\/p>\n\n\n\n<h3 class=\"wp-block-heading\"><strong>Visina i polo\u017eaj stanja u dje\u010djoj sobi<\/strong><\/h3>\n\n\n\n<p>Kada je u pitanju postavljanje ili klimatizacija dje\u010dje sobe, va\u017eno je uzeti u obzir visinu i odgovaraju\u0107u lokaciju. Evo nekoliko savjeta kojih se treba pridr\u017eavati:<\/p>\n\n\n\n<p><strong>Idealna visina<\/strong>Postavite ili pripremite na sigurnoj visini, izvan dohvata djeteta. Preporu\u010dena visina je oko 1,8 metara od stropa.<\/p>\n\n\n\n<p>To sprje\u010dava bebu da ima pristup ure\u0111aju i sprje\u010dava mogu\u0107e nezgode.<\/p>\n\n\n<div class=\"wp-block-image\">\n<figure class=\"aligncenter size-full\"><img loading=\"lazy\" decoding=\"async\" width=\"550\" height=\"350\" src=\"http:\/\/universofamilia.com\/wp-content\/uploads\/sites\/148\/2023\/06\/POST-ar-condicionado-universo-familia-.png\" alt=\"\" class=\"wp-image-2763\" srcset=\"https:\/\/universofamilia.com\/wp-content\/uploads\/sites\/148\/2023\/06\/POST-ar-condicionado-universo-familia-.png 550w, https:\/\/universofamilia.com\/wp-content\/uploads\/sites\/148\/2023\/06\/POST-ar-condicionado-universo-familia--300x191.png 300w\" sizes=\"(max-width: 550px) 100vw, 550px\" \/><figcaption class=\"wp-element-caption\"><em>Fotografija: (reprodukcija\/internet)<\/em><\/figcaption><\/figure><\/div>\n\n\n<p><strong>Udaljenost od ber\u00e7a<\/strong>Pazite da je ure\u0111aj postavljen na sigurnoj udaljenosti od baze.<\/p>\n\n\n\n<p>Izbjegavajte postavljanje previ\u0161e ili preblizu zraka ili izravnog protoka zraka koji bi mogao uzrokovati nelagodu va\u0161oj bebi tijekom spavanja.<\/p>\n\n\n\n<p><strong>Izbjegavajte prepreke<\/strong>Pazite da nema predmeta koji bi ometali protok uvjetovane topline.<\/p>\n\n\n\n<p>Tako\u0111er, dr\u017eite prostor oko ure\u0111aja slobodnim kako biste osigurali odgovaraju\u0107u cirkulaciju zraka u okolini.<\/p>\n\n\n\n<h3 class=\"wp-block-heading\"><strong>Prijedlog za ugradnju klima ure\u0111aja u dje\u010dju sobu<\/strong><\/h3>\n\n\n\n<p>Ispravna ugradnja ure\u0111aja u dje\u010djoj sobi klju\u010dna je za jam\u010denje u\u010dinkovitosti ure\u0111aja i sigurnosti djece.<\/p>\n\n\n\n<p>Evo nekoliko smjernica o tome kako izvr\u0161iti instalaciju i koja je visina prikladna za pozicioniranje ili klimatizaciju:<\/p>\n\n\n\n<p><strong>Unajmite profesionalca<\/strong>Preporu\u010duje se da instalaciju ure\u0111aja obavi kvalificirani stru\u010dnjak.<\/p>\n\n\n\n<p>Tako\u0111er, ovaj stru\u010dnjak posjeduje potrebno tehni\u010dko znanje za provo\u0111enje sigurne i odgovaraju\u0107e instalacije, minimiziraju\u0107i rizike i jam\u010de\u0107i pravilan rad ure\u0111aja.<\/p>\n\n\n\n<p><strong>Odaberite zid ili prozor<\/strong>Prije postavljanja ili klimatizacije va\u017eno je odlu\u010diti ho\u0107ete li ure\u0111aj pri\u010dvrstiti na zid ili na vrata.<\/p>\n\n\n\n<p>Ovaj izbor ovisit \u0107e o karakteristikama okoline i strukturi dje\u010dje sobe.<\/p>\n\n\n\n<p><strong>Preporu\u010dena visina<\/strong>Idealna visina za postavljanje ili klimatizaciju dje\u010dje sobe je otprilike 1,8 metara dje\u010dje sobe. Stoga ova visina omogu\u0107uje u\u010dinkovitu distribuciju zraka u okru\u017eenju, odr\u017eavaju\u0107i toplinsku udobnost bebe.<\/p>\n\n\n<div class=\"wp-block-image\">\n<figure class=\"aligncenter size-full\"><img loading=\"lazy\" decoding=\"async\" width=\"550\" height=\"350\" src=\"http:\/\/universofamilia.com\/wp-content\/uploads\/sites\/148\/2023\/06\/POST-ar-condicionado-universo-familia-1-1.png\" alt=\"\" class=\"wp-image-2765\" srcset=\"https:\/\/universofamilia.com\/wp-content\/uploads\/sites\/148\/2023\/06\/POST-ar-condicionado-universo-familia-1-1.png 550w, https:\/\/universofamilia.com\/wp-content\/uploads\/sites\/148\/2023\/06\/POST-ar-condicionado-universo-familia-1-1-300x191.png 300w\" sizes=\"(max-width: 550px) 100vw, 550px\" \/><figcaption class=\"wp-element-caption\"><em>Fotografija: (reprodukcija\/internet)<\/em><\/figcaption><\/figure><\/div>\n\n\n<p><strong>Izbjegavajte prepreke<\/strong>Provjerite da nema pokretnih predmeta ili predmeta koji zaklanjaju podru\u010dje oko ure\u0111aja. Te prepreke mogu ometati cirkulaciju zraka i utjecati na u\u010dinkovitost ure\u0111aja.<\/p>\n\n\n\n<p><strong>Smjer strujanja zraka<\/strong>Postavite ure\u0111aj tako da protok zraka nije usmjeren izravno na pod ili na podru\u010dje gdje beba spava. Isso sprje\u010dava respiratorne tegobe uzrokovane izravnim strujanjem zraka.<\/p>\n\n\n\n<p><strong>Sigurna udaljenost<\/strong>Odr\u017eavajte sigurnu udaljenost izme\u0111u klimatiziranog ure\u0111aja i ber\u00e7a, izbjegavaju\u0107i njihovo preblizu jedno drugome.<\/p>\n\n\n\n<p>Dakle, ova mjera jam\u010di da izbjegavamo izlaganje bebe izravnom protoku hladnog zraka, \u0161to poma\u017ee u sprje\u010davanju prehlade ili nelagode.<\/p>\n\n\n\n<p>Obavezno se pridr\u017eavajte uputa proizvo\u0111a\u010da za ugradnju klima ure\u0111aja i, u slu\u010daju sumnje, posavjetujte se sa specijaliziranim stru\u010dnjakom.<\/p>\n\n\n\n<p>Tako\u0111er, osiguravanjem pravilne ugradnje i pozicioniranja ili pode\u0161avanja na ispravnoj visini, osigurat \u0107ete sigurno, ugodno i temperaturno kontrolirano okru\u017eenje za dobrobit va\u0161e bebe.<\/p>\n\n\n\n<h3 class=\"wp-block-heading\"><strong>Zaklju\u010dak<\/strong><\/h3>\n\n\n\n<p>Kori\u0161tenje klimatiziranog zraka u bebinoj sobi mo\u017ee imati zna\u010dajne koristi, sve dok se pravilno brinete o njemu.<\/p>\n\n\n\n<p>Kontrolirajte temperaturu, smanjite vla\u017enost i filtrirajte va\u017ene korake kako biste osigurali sigurno okru\u017eenje za svoju bebu.<\/p>\n\n\n\n<p>Potrebno je redovito \u010distiti oba filtera, prilagoditi temperaturu prema potrebama bebe i odgovaraju\u0107i polo\u017eaj ili stanje, izvan dohvata djeteta.<\/p>\n\n\n\n<p>Dakle, slijede\u0107i ove smjernice, mo\u0107i \u0107ete u\u017eivati u ugodnom i udobnom okru\u017eenju za svoju bebu, poti\u010du\u0107i njezinu dobrobit i dobru kvalitetu zvuka.<\/p>\n\n\n\n<p>Trebam dodatke i odje\u0107u, znam |&nbsp;<a href=\"https:\/\/www.luzbaby.com.br\/\" target=\"_blank\" rel=\"noreferrer noopener\">Luz Baby je jedna od najboljih trgovina proizvodima za dojen\u010dad. Kliknite ovdje<\/a><\/p>\n\n\n\n<h3 class=\"wp-block-heading\"><strong>Vi\u0161e informacija<\/strong><\/h3>\n\n\n\n<p>Za detaljnije i sveobuhvatnije informacije o kori\u0161tenju klima ure\u0111aja u dje\u010djoj sobi preporu\u010duje se konzultiranje dodatnih izvora i razmatranje mi\u0161ljenja stru\u010dnjaka.<\/p>\n\n\n\n<p><strong>Evo nekoliko referenci kojima vjerujete i koje mo\u017eete konzultirati:<\/strong><\/p>\n\n\n\n<p><strong>Brazilsko dru\u0161tvo za pedijatriju (SBP):<\/strong> SBP je renomirana institucija koja nudi smjernice i informacije o brizi za djecu. Slu\u017ebena stranica (https:\/\/www.sbp.com.br\/) mo\u017ee pru\u017eiti smjernice o kori\u0161tenju klima ure\u0111aja u dje\u010djoj sobi.<\/p>\n\n\n\n<p><strong>Brazilsko udru\u017eenje za hla\u0111enje, klimatizaciju, ventilaciju i akvakulturu (ABRAVA):<\/strong> ABRAVA je udru\u017eenje koje okuplja stru\u010dnjake i tvrtke u sektoru klimatizacije. Ova stranica (https:\/\/abrava.com.br\/) mo\u017ee ponuditi tehni\u010dke informacije o pravilnoj ugradnji ure\u0111aja.<\/p>\n\n\n\n<p><strong>Posavjetujte se s pedijatrima i stru\u010dnjacima za klima ure\u0111aje<\/strong>: Prilikom rasprave o kori\u0161tenju klima ure\u0111aja u dje\u010djoj sobi, uvijek je valjano potra\u017eiti mi\u0161ljenje zdravstvenih djelatnika i stru\u010dnjaka za klima ure\u0111aje.<\/p>\n\n\n\n<p>Zaka\u017eite konzultacije s pedijatrom va\u0161e bebe kako biste dobili specifi\u010dne smjernice na temelju zdravstvene povijesti va\u0161eg djeteta.<\/p>\n\n\n\n<p>Tako\u0111er, mo\u017eete se obratiti stru\u010dnjaku za klima-ure\u0111aje kako biste dobili personalizirane preporuke prema karakteristikama okoline.<\/p>\n\n\n\n<p>Imajte na umu da se orijentacije mogu razlikovati ovisno o individualnim potrebama bebe i specifi\u010dnim uvjetima okoline.<\/p>\n\n\n\n<p>Stoga je va\u017eno da tra\u017eite a\u017eurirane i personalizirane informacije od pouzdanih i kvalificiranih stru\u010dnih izvora.<\/p>","protected":false},"excerpt":{"rendered":"<p>Ter um beb\u00ea em casa \u00e9 uma experi\u00eancia incr\u00edvel, mas tamb\u00e9m traz diversas preocupa\u00e7\u00f5es para os pais. Posso Utilizar Ar Condicionado no Quarto do Beb\u00ea ? As pessoas frequentemente t\u00eam a d\u00favida se utilizar um ar condicionado no quarto do beb\u00ea \u00e9 seguro Vamos explorar os benef\u00edcios e cuidados relacionados a essa quest\u00e3o, al\u00e9m de [&hellip;]<\/p>","protected":false},"author":219,"featured_media":2766,"comment_status":"closed","ping_status":"open","sticky":false,"template":"","format":"standard","meta":{"footnotes":""},"categories":[4],"tags":[486,487,1310],"yoast_head":"<!-- This site is optimized with the Yoast SEO plugin v23.3 - https:\/\/yoast.com\/wordpress\/plugins\/seo\/ -->\n<title>Posso Utilizar Ar Condicionado no Quarto do Beb\u00ea? - Universo Fam\u00edlia<\/title>\n<meta name=\"description\" content=\"Posso Utilizar Ar Condicionado no Quarto do Beb\u00ea? Ter um beb\u00ea em casa \u00e9 uma experi\u00eancia incr\u00edvel, mas tamb\u00e9m traz diversas preocupa\u00e7\u00f5es para\" \/>\n<meta name=\"robots\" content=\"index, follow, max-snippet:-1, max-image-preview:large, max-video-preview:-1\" \/>\n<link rel=\"canonical\" href=\"https:\/\/universofamilia.com\/hr\/posso-utilizar-ar-condicionado-no-quarto-do-bebe\/\" \/>\n<meta property=\"og:locale\" content=\"hr_HR\" \/>\n<meta property=\"og:type\" content=\"article\" \/>\n<meta property=\"og:title\" content=\"Posso Utilizar Ar Condicionado no Quarto do Beb\u00ea? - Universo Fam\u00edlia\" \/>\n<meta property=\"og:description\" content=\"Posso Utilizar Ar Condicionado no Quarto do Beb\u00ea? Ter um beb\u00ea em casa \u00e9 uma experi\u00eancia incr\u00edvel, mas tamb\u00e9m traz diversas preocupa\u00e7\u00f5es para\" \/>\n<meta property=\"og:url\" content=\"https:\/\/universofamilia.com\/hr\/posso-utilizar-ar-condicionado-no-quarto-do-bebe\/\" \/>\n<meta property=\"og:site_name\" content=\"Universo Fam\u00edlia\" \/>\n<meta property=\"article:published_time\" content=\"2023-06-19T00:39:10+00:00\" \/>\n<meta property=\"article:modified_time\" content=\"2025-10-06T01:57:48+00:00\" \/>\n<meta property=\"og:image\" content=\"https:\/\/universofamilia.com\/wp-content\/uploads\/sites\/148\/2023\/06\/FOTO-DESTAQUE-ar-condicionado-universo-familia-.png\" \/>\n\t<meta property=\"og:image:width\" content=\"448\" \/>\n\t<meta property=\"og:image:height\" content=\"350\" \/>\n\t<meta property=\"og:image:type\" content=\"image\/png\" \/>\n<meta name=\"author\" content=\"Matheus Sangaletti\" \/>\n<meta name=\"twitter:card\" content=\"summary_large_image\" \/>\n<meta name=\"twitter:label1\" content=\"Written by\" \/>\n\t<meta name=\"twitter:data1\" content=\"Matheus Sangaletti\" \/>\n\t<meta name=\"twitter:label2\" content=\"Est. reading time\" \/>\n\t<meta name=\"twitter:data2\" content=\"8 minuta\" \/>\n<script type=\"application\/ld+json\" class=\"yoast-schema-graph\">{\"@context\":\"https:\/\/schema.org\",\"@graph\":[{\"@type\":\"WebPage\",\"@id\":\"https:\/\/universofamilia.com\/da\/posso-utilizar-ar-condicionado-no-quarto-do-bebe\/\",\"url\":\"https:\/\/universofamilia.com\/da\/posso-utilizar-ar-condicionado-no-quarto-do-bebe\/\",\"name\":\"Posso Utilizar Ar Condicionado no Quarto do Beb\u00ea? - Universo Fam\u00edlia\",\"isPartOf\":{\"@id\":\"https:\/\/universofamilia.com\/el\/#website\"},\"primaryImageOfPage\":{\"@id\":\"https:\/\/universofamilia.com\/da\/posso-utilizar-ar-condicionado-no-quarto-do-bebe\/#primaryimage\"},\"image\":{\"@id\":\"https:\/\/universofamilia.com\/da\/posso-utilizar-ar-condicionado-no-quarto-do-bebe\/#primaryimage\"},\"thumbnailUrl\":\"https:\/\/universofamilia.com\/wp-content\/uploads\/sites\/148\/2023\/06\/FOTO-DESTAQUE-ar-condicionado-universo-familia-.png\",\"datePublished\":\"2023-06-19T00:39:10+00:00\",\"dateModified\":\"2025-10-06T01:57:48+00:00\",\"author\":{\"@id\":\"https:\/\/universofamilia.com\/el\/#\/schema\/person\/92fcd07e9b1f4323bf74f3170fc0f78a\"},\"description\":\"Posso Utilizar Ar Condicionado no Quarto do Beb\u00ea? Ter um beb\u00ea em casa \u00e9 uma experi\u00eancia incr\u00edvel, mas tamb\u00e9m traz diversas preocupa\u00e7\u00f5es para\",\"breadcrumb\":{\"@id\":\"https:\/\/universofamilia.com\/da\/posso-utilizar-ar-condicionado-no-quarto-do-bebe\/#breadcrumb\"},\"inLanguage\":\"hr\",\"potentialAction\":[{\"@type\":\"ReadAction\",\"target\":[\"https:\/\/universofamilia.com\/da\/posso-utilizar-ar-condicionado-no-quarto-do-bebe\/\"]}]},{\"@type\":\"ImageObject\",\"inLanguage\":\"hr\",\"@id\":\"https:\/\/universofamilia.com\/da\/posso-utilizar-ar-condicionado-no-quarto-do-bebe\/#primaryimage\",\"url\":\"https:\/\/universofamilia.com\/wp-content\/uploads\/sites\/148\/2023\/06\/FOTO-DESTAQUE-ar-condicionado-universo-familia-.png\",\"contentUrl\":\"https:\/\/universofamilia.com\/wp-content\/uploads\/sites\/148\/2023\/06\/FOTO-DESTAQUE-ar-condicionado-universo-familia-.png\",\"width\":448,\"height\":350},{\"@type\":\"BreadcrumbList\",\"@id\":\"https:\/\/universofamilia.com\/da\/posso-utilizar-ar-condicionado-no-quarto-do-bebe\/#breadcrumb\",\"itemListElement\":[{\"@type\":\"ListItem\",\"position\":1,\"name\":\"Home\",\"item\":\"https:\/\/universofamilia.com\/el\/\"},{\"@type\":\"ListItem\",\"position\":2,\"name\":\"Posso Utilizar Ar Condicionado no Quarto do Beb\u00ea?\"}]},{\"@type\":\"WebSite\",\"@id\":\"https:\/\/universofamilia.com\/el\/#website\",\"url\":\"https:\/\/universofamilia.com\/el\/\",\"name\":\"Universo Fam\u00edlia\",\"description\":\"\",\"potentialAction\":[{\"@type\":\"SearchAction\",\"target\":{\"@type\":\"EntryPoint\",\"urlTemplate\":\"https:\/\/universofamilia.com\/el\/?s={search_term_string}\"},\"query-input\":\"required name=search_term_string\"}],\"inLanguage\":\"hr\"},{\"@type\":\"Person\",\"@id\":\"https:\/\/universofamilia.com\/el\/#\/schema\/person\/92fcd07e9b1f4323bf74f3170fc0f78a\",\"name\":\"Matheus Sangaletti\",\"image\":{\"@type\":\"ImageObject\",\"inLanguage\":\"hr\",\"@id\":\"https:\/\/universofamilia.com\/el\/#\/schema\/person\/image\/\",\"url\":\"https:\/\/secure.gravatar.com\/avatar\/280ea957a14a48e6a1ad2133d2cc27c9?s=96&d=mm&r=g\",\"contentUrl\":\"https:\/\/secure.gravatar.com\/avatar\/280ea957a14a48e6a1ad2133d2cc27c9?s=96&d=mm&r=g\",\"caption\":\"Matheus Sangaletti\"},\"url\":\"https:\/\/universofamilia.com\/hr\/author\/matheuss\/\"}]}<\/script>\n<!-- \/ Yoast SEO plugin. -->","yoast_head_json":{"title":"Posso Utilizar Ar Condicionado no Quarto do Beb\u00ea? - Universo Fam\u00edlia","description":"Posso Utilizar Ar Condicionado no Quarto do Beb\u00ea? Ter um beb\u00ea em casa \u00e9 uma experi\u00eancia incr\u00edvel, mas tamb\u00e9m traz diversas preocupa\u00e7\u00f5es para","robots":{"index":"index","follow":"follow","max-snippet":"max-snippet:-1","max-image-preview":"max-image-preview:large","max-video-preview":"max-video-preview:-1"},"canonical":"https:\/\/universofamilia.com\/hr\/posso-utilizar-ar-condicionado-no-quarto-do-bebe\/","og_locale":"hr_HR","og_type":"article","og_title":"Posso Utilizar Ar Condicionado no Quarto do Beb\u00ea? - Universo Fam\u00edlia","og_description":"Posso Utilizar Ar Condicionado no Quarto do Beb\u00ea? Ter um beb\u00ea em casa \u00e9 uma experi\u00eancia incr\u00edvel, mas tamb\u00e9m traz diversas preocupa\u00e7\u00f5es para","og_url":"https:\/\/universofamilia.com\/hr\/posso-utilizar-ar-condicionado-no-quarto-do-bebe\/","og_site_name":"Universo Fam\u00edlia","article_published_time":"2023-06-19T00:39:10+00:00","article_modified_time":"2025-10-06T01:57:48+00:00","og_image":[{"width":448,"height":350,"url":"https:\/\/universofamilia.com\/wp-content\/uploads\/sites\/148\/2023\/06\/FOTO-DESTAQUE-ar-condicionado-universo-familia-.png","type":"image\/png"}],"author":"Matheus Sangaletti","twitter_card":"summary_large_image","twitter_misc":{"Written by":"Matheus Sangaletti","Est. reading time":"8 minuta"},"schema":{"@context":"https:\/\/schema.org","@graph":[{"@type":"WebPage","@id":"https:\/\/universofamilia.com\/da\/posso-utilizar-ar-condicionado-no-quarto-do-bebe\/","url":"https:\/\/universofamilia.com\/da\/posso-utilizar-ar-condicionado-no-quarto-do-bebe\/","name":"Posso Utilizar Ar Condicionado no Quarto do Beb\u00ea? - Universo Fam\u00edlia","isPartOf":{"@id":"https:\/\/universofamilia.com\/el\/#website"},"primaryImageOfPage":{"@id":"https:\/\/universofamilia.com\/da\/posso-utilizar-ar-condicionado-no-quarto-do-bebe\/#primaryimage"},"image":{"@id":"https:\/\/universofamilia.com\/da\/posso-utilizar-ar-condicionado-no-quarto-do-bebe\/#primaryimage"},"thumbnailUrl":"https:\/\/universofamilia.com\/wp-content\/uploads\/sites\/148\/2023\/06\/FOTO-DESTAQUE-ar-condicionado-universo-familia-.png","datePublished":"2023-06-19T00:39:10+00:00","dateModified":"2025-10-06T01:57:48+00:00","author":{"@id":"https:\/\/universofamilia.com\/el\/#\/schema\/person\/92fcd07e9b1f4323bf74f3170fc0f78a"},"description":"Posso Utilizar Ar Condicionado no Quarto do Beb\u00ea? Ter um beb\u00ea em casa \u00e9 uma experi\u00eancia incr\u00edvel, mas tamb\u00e9m traz diversas preocupa\u00e7\u00f5es para","breadcrumb":{"@id":"https:\/\/universofamilia.com\/da\/posso-utilizar-ar-condicionado-no-quarto-do-bebe\/#breadcrumb"},"inLanguage":"hr","potentialAction":[{"@type":"ReadAction","target":["https:\/\/universofamilia.com\/da\/posso-utilizar-ar-condicionado-no-quarto-do-bebe\/"]}]},{"@type":"ImageObject","inLanguage":"hr","@id":"https:\/\/universofamilia.com\/da\/posso-utilizar-ar-condicionado-no-quarto-do-bebe\/#primaryimage","url":"https:\/\/universofamilia.com\/wp-content\/uploads\/sites\/148\/2023\/06\/FOTO-DESTAQUE-ar-condicionado-universo-familia-.png","contentUrl":"https:\/\/universofamilia.com\/wp-content\/uploads\/sites\/148\/2023\/06\/FOTO-DESTAQUE-ar-condicionado-universo-familia-.png","width":448,"height":350},{"@type":"BreadcrumbList","@id":"https:\/\/universofamilia.com\/da\/posso-utilizar-ar-condicionado-no-quarto-do-bebe\/#breadcrumb","itemListElement":[{"@type":"ListItem","position":1,"name":"Home","item":"https:\/\/universofamilia.com\/el\/"},{"@type":"ListItem","position":2,"name":"Posso Utilizar Ar Condicionado no Quarto do Beb\u00ea?"}]},{"@type":"WebSite","@id":"https:\/\/universofamilia.com\/el\/#website","url":"https:\/\/universofamilia.com\/el\/","name":"Universo Fam\u00edlia","description":"","potentialAction":[{"@type":"SearchAction","target":{"@type":"EntryPoint","urlTemplate":"https:\/\/universofamilia.com\/el\/?s={search_term_string}"},"query-input":"required name=search_term_string"}],"inLanguage":"hr"},{"@type":"Person","@id":"https:\/\/universofamilia.com\/el\/#\/schema\/person\/92fcd07e9b1f4323bf74f3170fc0f78a","name":"Matheus Sangaletti","image":{"@type":"ImageObject","inLanguage":"hr","@id":"https:\/\/universofamilia.com\/el\/#\/schema\/person\/image\/","url":"https:\/\/secure.gravatar.com\/avatar\/280ea957a14a48e6a1ad2133d2cc27c9?s=96&d=mm&r=g","contentUrl":"https:\/\/secure.gravatar.com\/avatar\/280ea957a14a48e6a1ad2133d2cc27c9?s=96&d=mm&r=g","caption":"Matheus Sangaletti"},"url":"https:\/\/universofamilia.com\/hr\/author\/matheuss\/"}]}},"_links":{"self":[{"href":"https:\/\/universofamilia.com\/hr\/wp-json\/wp\/v2\/posts\/2760"}],"collection":[{"href":"https:\/\/universofamilia.com\/hr\/wp-json\/wp\/v2\/posts"}],"about":[{"href":"https:\/\/universofamilia.com\/hr\/wp-json\/wp\/v2\/types\/post"}],"author":[{"embeddable":true,"href":"https:\/\/universofamilia.com\/hr\/wp-json\/wp\/v2\/users\/219"}],"replies":[{"embeddable":true,"href":"https:\/\/universofamilia.com\/hr\/wp-json\/wp\/v2\/comments?post=2760"}],"version-history":[{"count":1,"href":"https:\/\/universofamilia.com\/hr\/wp-json\/wp\/v2\/posts\/2760\/revisions"}],"predecessor-version":[{"id":9885,"href":"https:\/\/universofamilia.com\/hr\/wp-json\/wp\/v2\/posts\/2760\/revisions\/9885"}],"wp:featuredmedia":[{"embeddable":true,"href":"https:\/\/universofamilia.com\/hr\/wp-json\/wp\/v2\/media\/2766"}],"wp:attachment":[{"href":"https:\/\/universofamilia.com\/hr\/wp-json\/wp\/v2\/media?parent=2760"}],"wp:term":[{"taxonomy":"category","embeddable":true,"href":"https:\/\/universofamilia.com\/hr\/wp-json\/wp\/v2\/categories?post=2760"},{"taxonomy":"post_tag","embeddable":true,"href":"https:\/\/universofamilia.com\/hr\/wp-json\/wp\/v2\/tags?post=2760"}],"curies":[{"name":"wp","href":"https:\/\/api.w.org\/{rel}","templated":true}]}}