{"id":3622,"date":"2023-08-23T08:00:00","date_gmt":"2023-08-23T11:00:00","guid":{"rendered":"https:\/\/universofamilia.com\/?p=3622"},"modified":"2025-01-22T01:29:10","modified_gmt":"2025-01-22T01:29:10","slug":"cantando-para-nossos-bebes","status":"publish","type":"post","link":"https:\/\/universofamilia.com\/hr\/cantando-para-nossos-bebes\/","title":{"rendered":"Pjevanje za na\u0161e bebe: 5 glazbenih djela s o\u010daravaju\u0107im tekstovima i zanimljivim podrijetlom"},"content":{"rendered":"<p>Pjevamo za na\u0161e bebe, 5 pjesama sa \u0161armantnim tekstovima i o\u010daravaju\u0107im podrijetlom. Mo\u0107 glazbe je neprocjenjiva, posebno kada je u pitanju smirivanje i povezivanje s na\u0161im mali\u0161anima.<\/p>\n\n\n\n<p>Pjevanje za bebe nije samo na\u010din stvaranja emocionalnih veza, ve\u0107 i poticanje kognitivnog i emocionalnog razvoja.<\/p>\n\n\n\n<p>Na zabavan na\u010din, pokazat \u0107emo vam pet popularnih pjesama za pjevanje bebama, uklju\u010duju\u0107i njihove o\u010daravaju\u0107e tekstove i fascinantne pri\u010de o njihovom podrijetlu.<\/p>\n\n\n<div class=\"wp-block-image\">\n<figure class=\"aligncenter size-full\"><img loading=\"lazy\" decoding=\"async\" width=\"550\" height=\"350\" src=\"http:\/\/universofamilia.com\/wp-content\/uploads\/sites\/148\/2023\/08\/POST-Cantando-para-as-criancas-universo-familia-.png\" alt=\"\" class=\"wp-image-3623\" srcset=\"https:\/\/universofamilia.com\/wp-content\/uploads\/sites\/148\/2023\/08\/POST-Cantando-para-as-criancas-universo-familia-.png 550w, https:\/\/universofamilia.com\/wp-content\/uploads\/sites\/148\/2023\/08\/POST-Cantando-para-as-criancas-universo-familia--300x191.png 300w\" sizes=\"(max-width: 550px) 100vw, 550px\" \/><figcaption class=\"wp-element-caption\"><em>Fotografija: (reprodukcija\/internet)<\/em><\/figcaption><\/figure><\/div>\n\n\n<h3 class=\"wp-block-heading\">1. \u201cBoa Noite, Amiguinho\u201d \u2013 nje\u017ena melodija za spavanje<\/h3>\n\n\n\n<h4 class=\"wp-block-heading\">Podrijetlo i zna\u010denje<\/h4>\n\n\n\n<p>Glazba \u201eBoa Noite, Amiguinho\u201c je tradicionalna ninarska pjesma koja je o\u010daravaju\u0107a. S nje\u017enom melodijom i ljubavnim tekstom, ovu pjesmu su djeca pjevala kako bi smirila svoje bebe prije spavanja.<\/p>\n\n\n\n<p>Jednostavnost rije\u010di i nje\u017enost melodije \u010dine ga omiljenom \u0161kolom za preno\u0161enje ljubavi i spokoja mali\u0161anima.<\/p>\n\n\n\n<h4 class=\"wp-block-heading\">Pismo:<\/h4>\n\n\n\n<div class=\"wp-block-columns is-layout-flex wp-container-core-columns-layout-1 wp-block-columns-is-layout-flex\">\n<div class=\"wp-block-column is-layout-flow wp-block-column-is-layout-flow\" style=\"flex-basis:100%\">\n<div class=\"wp-block-group is-layout-constrained wp-block-group-is-layout-constrained\"><div class=\"wp-block-group__inner-container\">\n<p>&quot;Dobra no\u0107, prijatelju&quot;<\/p>\n\n\n\n<p>Vrijeme je za spavanje<\/p>\n\n\n\n<p>A lua j\u00e1 chegou<\/p>\n\n\n\n<p>E kao zvijezde \u017eele nastaviti<\/p>\n\n\n\n<p>Dobra no\u0107, prijatelju<\/p>\n\n\n\n<p>O c\u00e9u j\u00e1 vai se luminosa<\/p>\n\n\n\n<p>S prekrasnim sinovima<\/p>\n\n\n\n<p>&quot;Kako te \u017eeli\u0161 ubaciti?&quot;<\/p>\n<\/div><\/div>\n<\/div>\n<\/div>\n\n\n\n<h3 class=\"wp-block-heading\">2. \u201eO Barquinho\u201c \u2013 Plovidba mirnim i spokojnim vodama<\/h3>\n\n\n\n<h4 class=\"wp-block-heading\">Podrijetlo i zna\u010denje<\/h4>\n\n\n\n<p>Melodija \u201eO Barquinho\u201c vodi nas u miran dan kroz more ma\u0161te. S podrijetlom iz narodnih pjesama, ova glazba simbolizira mir i spokoj koji brod koji plovi mirnim vodama mo\u017ee prona\u0107i.<\/p>\n\n\n\n<p>Njegova nje\u017ena melodija i nje\u017eni tekstovi postaju popularna pjesma za smirivanje beba i poticanje spokojnih snova.<\/p>\n\n\n\n<h4 class=\"wp-block-heading\">Pismo:<\/h4>\n\n\n\n<div class=\"wp-block-columns is-layout-flex wp-container-core-columns-layout-2 wp-block-columns-is-layout-flex\">\n<div class=\"wp-block-column is-layout-flow wp-block-column-is-layout-flow\" style=\"flex-basis:100%\">\n<div class=\"wp-block-group is-layout-constrained wp-block-group-is-layout-constrained\"><div class=\"wp-block-group__inner-container\">\n<p>\u201cO barquinho vai, a tardinha cai<\/p>\n\n\n\n<p>O sol j\u00e1 vai embora, o dia findou<\/p>\n\n\n\n<p>O barquinho vai, a tardinha cai<\/p>\n\n\n\n<p>&quot;O sol j\u00e1 vai embora, o dia findou&quot;<\/p>\n<\/div><\/div>\n<\/div>\n<\/div>\n\n\n\n<h3 class=\"wp-block-heading\">3. \u201cDorme, nen\u00e9m\u201d \u2013 A Convite para o Soninho Tranquilo<\/h3>\n\n\n\n<h4 class=\"wp-block-heading\">Podrijetlo i zna\u010denje<\/h4>\n\n\n\n<p>\u201eDorme, nen\u00e9m\u201c je pjesma koja odi\u0161e smireno\u0161\u0107u i utjehom. S podrijetlom iz kulturnih tradicija, ova melodija je nje\u017ena poslastica za va\u0161u bebu kako bi mirno zaspala.<\/p>\n\n\n\n<p>Nje\u017ene rije\u010di i obuhvatna melodija \u010dine ovu glazbu popularnom \u0161kolom diljem svijeta, prenose\u0107i ljubav i naklonost.<\/p>\n\n\n\n<h4 class=\"wp-block-heading\">Pismo:<\/h4>\n\n\n\n<div class=\"wp-block-group is-layout-constrained wp-block-group-is-layout-constrained\"><div class=\"wp-block-group__inner-container\">\n<p>&quot;Spavaj, nen\u00e9m, udarit \u0107emo cucu&quot;<\/p>\n\n\n\n<p>Papai je bio za ro\u00e7a, mama je bila za posao<\/p>\n\n\n\n<p>Idi spavati, du\u0161o, idem udariti Cucu<\/p>\n\n\n\n<p>Papai je bio za ro\u00e7a, mama je bila za posao<\/p>\n<\/div><\/div>\n\n\n\n<h3 class=\"wp-block-heading\">4. \u201cBorboletinha\u201d \u2013 Pjesma o\u010daranosti i Brincadeira<\/h3>\n\n\n\n<h4 class=\"wp-block-heading\">Podrijetlo i zna\u010denje<\/h4>\n\n\n\n<p>\u201eBorboletinha\u201c je dje\u010dja pjesma koja kombinira glazbu i skakanje. S veselom melodijom i tekstom koji poti\u010de ma\u0161tu, ova je glazba popularna pjesma za pjevanje bebama.<\/p>\n\n\n\n<p>Referenca na mjehuri\u0107 koji ide od cvijeta do cvijeta metafora je za istra\u017eivanje i znati\u017eelju djece u razvoju.<\/p>\n\n\n\n<h4 class=\"wp-block-heading\">Pismo:<\/h4>\n\n\n\n<div class=\"wp-block-group is-layout-constrained wp-block-group-is-layout-constrained\"><div class=\"wp-block-group__inner-container\">\n<p>\u201eBorboletinha je u kuhinji<\/p>\n\n\n\n<p>Pravljenje \u010dokolade s kumom<\/p>\n\n\n\n<p>Radi\u0161 to, radi\u0161 to, radi\u0161 to, radi\u0161 to<\/p>\n\n\n\n<p>&quot;A canela \u00e9 quente, ho\u0107e li izgorjeti?&quot;<\/p>\n<\/div><\/div>\n\n\n\n<h3 class=\"wp-block-heading\">5. \u201eAcalanto\u201c \u2013 Okru\u017euju\u0107a melodija za snove<\/h3>\n\n\n\n<h4 class=\"wp-block-heading\">Podrijetlo i zna\u010denje<\/h4>\n\n\n\n<p>\u201eAcalanto\u201c je dje\u010dja pjesma koja nadilazi kulturne granice. S o\u010daravaju\u0107om melodijom i tekstom koji prenosi spokoj, ova pjesma je izraz ljubavi i privr\u017eenosti skrbnika za bebe.<\/p>\n\n\n\n<p>Rije\u010d \u201eacalanto\u201c odnosi se na proces zagrijavanja i pakiranja, \u0161to ovu glazbu \u010dini prirodnim izborom za trenutke mira.<\/p>\n\n\n\n<h4 class=\"wp-block-heading\">Pismo:<\/h4>\n\n\n\n<div class=\"wp-block-group is-layout-constrained wp-block-group-is-layout-constrained\"><div class=\"wp-block-group__inner-container\">\n<p>\u201cSpavaj, meu menino, meu acalanto<\/p>\n\n\n\n<p>\u0160to \u0107u ve\u010deras jesti<\/p>\n\n\n\n<p>O sol vai se deitar<\/p>\n\n\n\n<p>Spavaj, de\u010dko moj, akalanto moj<\/p>\n\n\n\n<p>\u0160to \u0107u ve\u010deras jesti<\/p>\n\n\n\n<p>&quot;O sol vai se deitar&quot;<\/p>\n<\/div><\/div>\n\n\n\n<h3 class=\"wp-block-heading\">Zaklju\u010dak: Serenada ljubavi za mali\u0161ane<\/h3>\n\n\n\n<p>Pjevanje za bebe je tradicija puna zna\u010denja i ljubavi. Glazba u vrti\u0107u ne samo da pru\u017ea utjehu, ve\u0107 i uspostavlja posebnu vezu izme\u0111u skrbnika i beba.<\/p>\n\n\n\n<p>Pjevaju\u0107i ove pjesme s fascinantnim pri\u010dama, dijelimo dragocjeni dar \u2013 glazbu koja hrani srca i umove na\u0161ih mali\u0161ana.<\/p>\n\n\n\n<h3 class=\"wp-block-heading\">\u010cesto postavljana pitanja<\/h3>\n\n\n\n<h4 class=\"wp-block-heading\">1. Za\u0161to je pjevanje za bebe va\u017eno?<\/h4>\n\n\n\n<p>Pjevanje bebama poma\u017ee u stvaranju emocionalnih veza, smiruje djecu i poti\u010de kognitivni razvoj.<\/p>\n\n\n\n<h4 class=\"wp-block-heading\">2. Je li ova glazba specifi\u010dna za neku kulturu?<\/h4>\n\n\n\n<p>Neka glazba ima specifi\u010dno podrijetlo, dok se druga pjeva u raznim kulturama diljem svijeta.<\/p>\n\n\n\n<h4 class=\"wp-block-heading\">3. Kako odabrati pravu glazbu za pjevanje svojoj bebi?<\/h4>\n\n\n\n<p>Odaberite glazbu s mekim melodijama i nje\u017enim tekstovima. Promatranje bebine reakcije mo\u017ee pomo\u0107i u prepoznavanju koje glazbe preferira.<\/p>\n\n\n\n<h4 class=\"wp-block-heading\">4. Ima li glazba za bebe pozitivne u\u010dinke?<\/h4>\n\n\n\n<p>Sim, glazba za bebe mo\u017ee pomo\u0107i smiriti bebu i stvoriti opu\u0161taju\u0107u rutinu prije spavanja.<\/p>\n\n\n\n<h4 class=\"wp-block-heading\">5. Osim ove glazbe, postoje li i druge popularne opcije za pjevanje bebama?<\/h4>\n\n\n\n<p>Sim, postoji raznolikost glazbenih vrsta u raznim kulturama, svaka sa svojim pri\u010dama i zna\u010denjima.<\/p>\n\n\n\n<p>Al\u00e9m disso, trebam dodatke i odje\u0107u, conhe\u00e7a |&nbsp;<a href=\"https:\/\/www.luzbaby.com.br\/\" target=\"_blank\" rel=\"noreferrer noopener\">Luz Baby je jedna od najboljih trgovina proizvodima za dojen\u010dad. Kliknite ovdje<\/a><\/p>","protected":false},"excerpt":{"rendered":"<p>Cantando para nossos beb\u00eas, 5 m\u00fasicas com letras encantadoras e origens cativantes. O poder da m\u00fasica \u00e9 ineg\u00e1vel, especialmente quando se trata de acalmar e conectar com os nossos pequenos. Cantar para os beb\u00eas n\u00e3o \u00e9 apenas uma maneira de criar la\u00e7os emocionais, mas tamb\u00e9m de estimular o desenvolvimento cognitivo e emocional. De forma divertida, [&hellip;]<\/p>","protected":false},"author":139,"featured_media":3625,"comment_status":"closed","ping_status":"open","sticky":false,"template":"","format":"standard","meta":{"footnotes":""},"categories":[3],"tags":[],"yoast_head":"<!-- This site is optimized with the Yoast SEO plugin v23.3 - https:\/\/yoast.com\/wordpress\/plugins\/seo\/ -->\n<title>Cantando para Nossos Beb\u00eas: 5 M\u00fasicas com Letras Encantadoras e Origens Cativantes - Universo Fam\u00edlia<\/title>\n<meta name=\"description\" content=\"Cantando para nossos beb\u00eas, 5 m\u00fasicas com letras encantadoras e origens cativantes. O poder da m\u00fasica \u00e9 ineg\u00e1vel, especialmente quando se trata de acalmar\" \/>\n<meta name=\"robots\" content=\"index, follow, max-snippet:-1, max-image-preview:large, max-video-preview:-1\" \/>\n<link rel=\"canonical\" href=\"https:\/\/universofamilia.com\/hr\/cantando-para-nossos-bebes\/\" \/>\n<meta property=\"og:locale\" content=\"hr_HR\" \/>\n<meta property=\"og:type\" content=\"article\" \/>\n<meta property=\"og:title\" content=\"Cantando para Nossos Beb\u00eas: 5 M\u00fasicas com Letras Encantadoras e Origens Cativantes - Universo Fam\u00edlia\" \/>\n<meta property=\"og:description\" content=\"Cantando para nossos beb\u00eas, 5 m\u00fasicas com letras encantadoras e origens cativantes. O poder da m\u00fasica \u00e9 ineg\u00e1vel, especialmente quando se trata de acalmar\" \/>\n<meta property=\"og:url\" content=\"https:\/\/universofamilia.com\/hr\/cantando-para-nossos-bebes\/\" \/>\n<meta property=\"og:site_name\" content=\"Universo Fam\u00edlia\" \/>\n<meta property=\"article:published_time\" content=\"2023-08-23T11:00:00+00:00\" \/>\n<meta property=\"article:modified_time\" content=\"2025-01-22T01:29:10+00:00\" \/>\n<meta property=\"og:image\" content=\"https:\/\/universofamilia.com\/wp-content\/uploads\/sites\/148\/2023\/08\/DESTAQUE-cantando-para-as-criancas-universo-familia-.png\" \/>\n\t<meta property=\"og:image:width\" content=\"448\" \/>\n\t<meta property=\"og:image:height\" content=\"350\" \/>\n\t<meta property=\"og:image:type\" content=\"image\/png\" \/>\n<meta name=\"author\" content=\"Pedro Henrique\" \/>\n<meta name=\"twitter:card\" content=\"summary_large_image\" \/>\n<meta name=\"twitter:label1\" content=\"Written by\" \/>\n\t<meta name=\"twitter:data1\" content=\"Pedro Henrique\" \/>\n\t<meta name=\"twitter:label2\" content=\"Est. reading time\" \/>\n\t<meta name=\"twitter:data2\" content=\"5 minuta\" \/>\n<script type=\"application\/ld+json\" class=\"yoast-schema-graph\">{\"@context\":\"https:\/\/schema.org\",\"@graph\":[{\"@type\":\"WebPage\",\"@id\":\"https:\/\/universofamilia.com\/de\/cantando-para-nossos-bebes\/\",\"url\":\"https:\/\/universofamilia.com\/de\/cantando-para-nossos-bebes\/\",\"name\":\"Cantando para Nossos Beb\u00eas: 5 M\u00fasicas com Letras Encantadoras e Origens Cativantes - Universo Fam\u00edlia\",\"isPartOf\":{\"@id\":\"https:\/\/universofamilia.com\/el\/#website\"},\"primaryImageOfPage\":{\"@id\":\"https:\/\/universofamilia.com\/de\/cantando-para-nossos-bebes\/#primaryimage\"},\"image\":{\"@id\":\"https:\/\/universofamilia.com\/de\/cantando-para-nossos-bebes\/#primaryimage\"},\"thumbnailUrl\":\"https:\/\/universofamilia.com\/wp-content\/uploads\/sites\/148\/2023\/08\/DESTAQUE-cantando-para-as-criancas-universo-familia-.png\",\"datePublished\":\"2023-08-23T11:00:00+00:00\",\"dateModified\":\"2025-01-22T01:29:10+00:00\",\"author\":{\"@id\":\"https:\/\/universofamilia.com\/el\/#\/schema\/person\/f07ce98187dd84d31154262e79b3b7ca\"},\"description\":\"Cantando para nossos beb\u00eas, 5 m\u00fasicas com letras encantadoras e origens cativantes. O poder da m\u00fasica \u00e9 ineg\u00e1vel, especialmente quando se trata de acalmar\",\"breadcrumb\":{\"@id\":\"https:\/\/universofamilia.com\/de\/cantando-para-nossos-bebes\/#breadcrumb\"},\"inLanguage\":\"hr\",\"potentialAction\":[{\"@type\":\"ReadAction\",\"target\":[\"https:\/\/universofamilia.com\/de\/cantando-para-nossos-bebes\/\"]}]},{\"@type\":\"ImageObject\",\"inLanguage\":\"hr\",\"@id\":\"https:\/\/universofamilia.com\/de\/cantando-para-nossos-bebes\/#primaryimage\",\"url\":\"https:\/\/universofamilia.com\/wp-content\/uploads\/sites\/148\/2023\/08\/DESTAQUE-cantando-para-as-criancas-universo-familia-.png\",\"contentUrl\":\"https:\/\/universofamilia.com\/wp-content\/uploads\/sites\/148\/2023\/08\/DESTAQUE-cantando-para-as-criancas-universo-familia-.png\",\"width\":448,\"height\":350},{\"@type\":\"BreadcrumbList\",\"@id\":\"https:\/\/universofamilia.com\/de\/cantando-para-nossos-bebes\/#breadcrumb\",\"itemListElement\":[{\"@type\":\"ListItem\",\"position\":1,\"name\":\"Home\",\"item\":\"https:\/\/universofamilia.com\/el\/\"},{\"@type\":\"ListItem\",\"position\":2,\"name\":\"Cantando para Nossos Beb\u00eas: 5 M\u00fasicas com Letras Encantadoras e Origens Cativantes\"}]},{\"@type\":\"WebSite\",\"@id\":\"https:\/\/universofamilia.com\/el\/#website\",\"url\":\"https:\/\/universofamilia.com\/el\/\",\"name\":\"Universo Fam\u00edlia\",\"description\":\"\",\"potentialAction\":[{\"@type\":\"SearchAction\",\"target\":{\"@type\":\"EntryPoint\",\"urlTemplate\":\"https:\/\/universofamilia.com\/el\/?s={search_term_string}\"},\"query-input\":\"required name=search_term_string\"}],\"inLanguage\":\"hr\"},{\"@type\":\"Person\",\"@id\":\"https:\/\/universofamilia.com\/el\/#\/schema\/person\/f07ce98187dd84d31154262e79b3b7ca\",\"name\":\"Pedro Henrique\",\"image\":{\"@type\":\"ImageObject\",\"inLanguage\":\"hr\",\"@id\":\"https:\/\/universofamilia.com\/el\/#\/schema\/person\/image\/\",\"url\":\"https:\/\/secure.gravatar.com\/avatar\/9edfeb808cb4e1599f64d6e45b130154?s=96&d=mm&r=g\",\"contentUrl\":\"https:\/\/secure.gravatar.com\/avatar\/9edfeb808cb4e1599f64d6e45b130154?s=96&d=mm&r=g\",\"caption\":\"Pedro Henrique\"},\"url\":\"https:\/\/universofamilia.com\/hr\/author\/editor01\/\"}]}<\/script>\n<!-- \/ Yoast SEO plugin. -->","yoast_head_json":{"title":"Cantando para Nossos Beb\u00eas: 5 M\u00fasicas com Letras Encantadoras e Origens Cativantes - Universo Fam\u00edlia","description":"Cantando para nossos beb\u00eas, 5 m\u00fasicas com letras encantadoras e origens cativantes. O poder da m\u00fasica \u00e9 ineg\u00e1vel, especialmente quando se trata de acalmar","robots":{"index":"index","follow":"follow","max-snippet":"max-snippet:-1","max-image-preview":"max-image-preview:large","max-video-preview":"max-video-preview:-1"},"canonical":"https:\/\/universofamilia.com\/hr\/cantando-para-nossos-bebes\/","og_locale":"hr_HR","og_type":"article","og_title":"Cantando para Nossos Beb\u00eas: 5 M\u00fasicas com Letras Encantadoras e Origens Cativantes - Universo Fam\u00edlia","og_description":"Cantando para nossos beb\u00eas, 5 m\u00fasicas com letras encantadoras e origens cativantes. O poder da m\u00fasica \u00e9 ineg\u00e1vel, especialmente quando se trata de acalmar","og_url":"https:\/\/universofamilia.com\/hr\/cantando-para-nossos-bebes\/","og_site_name":"Universo Fam\u00edlia","article_published_time":"2023-08-23T11:00:00+00:00","article_modified_time":"2025-01-22T01:29:10+00:00","og_image":[{"width":448,"height":350,"url":"https:\/\/universofamilia.com\/wp-content\/uploads\/sites\/148\/2023\/08\/DESTAQUE-cantando-para-as-criancas-universo-familia-.png","type":"image\/png"}],"author":"Pedro Henrique","twitter_card":"summary_large_image","twitter_misc":{"Written by":"Pedro Henrique","Est. reading time":"5 minuta"},"schema":{"@context":"https:\/\/schema.org","@graph":[{"@type":"WebPage","@id":"https:\/\/universofamilia.com\/de\/cantando-para-nossos-bebes\/","url":"https:\/\/universofamilia.com\/de\/cantando-para-nossos-bebes\/","name":"Cantando para Nossos Beb\u00eas: 5 M\u00fasicas com Letras Encantadoras e Origens Cativantes - Universo Fam\u00edlia","isPartOf":{"@id":"https:\/\/universofamilia.com\/el\/#website"},"primaryImageOfPage":{"@id":"https:\/\/universofamilia.com\/de\/cantando-para-nossos-bebes\/#primaryimage"},"image":{"@id":"https:\/\/universofamilia.com\/de\/cantando-para-nossos-bebes\/#primaryimage"},"thumbnailUrl":"https:\/\/universofamilia.com\/wp-content\/uploads\/sites\/148\/2023\/08\/DESTAQUE-cantando-para-as-criancas-universo-familia-.png","datePublished":"2023-08-23T11:00:00+00:00","dateModified":"2025-01-22T01:29:10+00:00","author":{"@id":"https:\/\/universofamilia.com\/el\/#\/schema\/person\/f07ce98187dd84d31154262e79b3b7ca"},"description":"Cantando para nossos beb\u00eas, 5 m\u00fasicas com letras encantadoras e origens cativantes. O poder da m\u00fasica \u00e9 ineg\u00e1vel, especialmente quando se trata de acalmar","breadcrumb":{"@id":"https:\/\/universofamilia.com\/de\/cantando-para-nossos-bebes\/#breadcrumb"},"inLanguage":"hr","potentialAction":[{"@type":"ReadAction","target":["https:\/\/universofamilia.com\/de\/cantando-para-nossos-bebes\/"]}]},{"@type":"ImageObject","inLanguage":"hr","@id":"https:\/\/universofamilia.com\/de\/cantando-para-nossos-bebes\/#primaryimage","url":"https:\/\/universofamilia.com\/wp-content\/uploads\/sites\/148\/2023\/08\/DESTAQUE-cantando-para-as-criancas-universo-familia-.png","contentUrl":"https:\/\/universofamilia.com\/wp-content\/uploads\/sites\/148\/2023\/08\/DESTAQUE-cantando-para-as-criancas-universo-familia-.png","width":448,"height":350},{"@type":"BreadcrumbList","@id":"https:\/\/universofamilia.com\/de\/cantando-para-nossos-bebes\/#breadcrumb","itemListElement":[{"@type":"ListItem","position":1,"name":"Home","item":"https:\/\/universofamilia.com\/el\/"},{"@type":"ListItem","position":2,"name":"Cantando para Nossos Beb\u00eas: 5 M\u00fasicas com Letras Encantadoras e Origens Cativantes"}]},{"@type":"WebSite","@id":"https:\/\/universofamilia.com\/el\/#website","url":"https:\/\/universofamilia.com\/el\/","name":"Universo Fam\u00edlia","description":"","potentialAction":[{"@type":"SearchAction","target":{"@type":"EntryPoint","urlTemplate":"https:\/\/universofamilia.com\/el\/?s={search_term_string}"},"query-input":"required name=search_term_string"}],"inLanguage":"hr"},{"@type":"Person","@id":"https:\/\/universofamilia.com\/el\/#\/schema\/person\/f07ce98187dd84d31154262e79b3b7ca","name":"Pedro Henrique","image":{"@type":"ImageObject","inLanguage":"hr","@id":"https:\/\/universofamilia.com\/el\/#\/schema\/person\/image\/","url":"https:\/\/secure.gravatar.com\/avatar\/9edfeb808cb4e1599f64d6e45b130154?s=96&d=mm&r=g","contentUrl":"https:\/\/secure.gravatar.com\/avatar\/9edfeb808cb4e1599f64d6e45b130154?s=96&d=mm&r=g","caption":"Pedro Henrique"},"url":"https:\/\/universofamilia.com\/hr\/author\/editor01\/"}]}},"_links":{"self":[{"href":"https:\/\/universofamilia.com\/hr\/wp-json\/wp\/v2\/posts\/3622"}],"collection":[{"href":"https:\/\/universofamilia.com\/hr\/wp-json\/wp\/v2\/posts"}],"about":[{"href":"https:\/\/universofamilia.com\/hr\/wp-json\/wp\/v2\/types\/post"}],"author":[{"embeddable":true,"href":"https:\/\/universofamilia.com\/hr\/wp-json\/wp\/v2\/users\/139"}],"replies":[{"embeddable":true,"href":"https:\/\/universofamilia.com\/hr\/wp-json\/wp\/v2\/comments?post=3622"}],"version-history":[{"count":1,"href":"https:\/\/universofamilia.com\/hr\/wp-json\/wp\/v2\/posts\/3622\/revisions"}],"predecessor-version":[{"id":8285,"href":"https:\/\/universofamilia.com\/hr\/wp-json\/wp\/v2\/posts\/3622\/revisions\/8285"}],"wp:featuredmedia":[{"embeddable":true,"href":"https:\/\/universofamilia.com\/hr\/wp-json\/wp\/v2\/media\/3625"}],"wp:attachment":[{"href":"https:\/\/universofamilia.com\/hr\/wp-json\/wp\/v2\/media?parent=3622"}],"wp:term":[{"taxonomy":"category","embeddable":true,"href":"https:\/\/universofamilia.com\/hr\/wp-json\/wp\/v2\/categories?post=3622"},{"taxonomy":"post_tag","embeddable":true,"href":"https:\/\/universofamilia.com\/hr\/wp-json\/wp\/v2\/tags?post=3622"}],"curies":[{"name":"wp","href":"https:\/\/api.w.org\/{rel}","templated":true}]}}